{"id":27456,"date":"2024-06-05T13:21:30","date_gmt":"2024-06-05T11:21:30","guid":{"rendered":"https:\/\/www.organisator.ch\/?p=27456"},"modified":"2024-06-10T16:45:50","modified_gmt":"2024-06-10T14:45:50","slug":"nur-35-prozent-der-gen-z-finden-passende-tools-am-digitalen-arbeitsplatz-vor","status":"publish","type":"post","link":"https:\/\/www.organisator.ch\/fr\/human-resources\/2024-06-05\/nur-35-prozent-der-gen-z-finden-passende-tools-am-digitalen-arbeitsplatz-vor\/","title":{"rendered":"Seuls 35% des Gen Z trouvent des outils adapt\u00e9s sur leur lieu de travail num\u00e9rique"},"content":{"rendered":"<figure id=\"attachment_27457\" aria-describedby=\"caption-attachment-27457\" style=\"width: 680px\" class=\"wp-caption alignnone\"><img loading=\"lazy\" decoding=\"async\" class=\"size-full wp-image-27457\" src=\"https:\/\/www.organisator.ch\/wp-content\/uploads\/2024\/06\/Hirschtech_Bild1_ps.jpg\" alt=\"\" width=\"680\" height=\"454\" srcset=\"https:\/\/www.organisator.ch\/wp-content\/uploads\/2024\/06\/Hirschtech_Bild1_ps.jpg 680w, https:\/\/www.organisator.ch\/wp-content\/uploads\/2024\/06\/Hirschtech_Bild1_ps-18x12.jpg 18w, https:\/\/www.organisator.ch\/wp-content\/uploads\/2024\/06\/Hirschtech_Bild1_ps-375x250.jpg 375w, https:\/\/www.organisator.ch\/wp-content\/uploads\/2024\/06\/Hirschtech_Bild1_ps-524x350.jpg 524w\" sizes=\"auto, (max-width: 680px) 100vw, 680px\" \/><figcaption id=\"caption-attachment-27457\" class=\"wp-caption-text\">Une \u00e9tude le montre : S'ils pouvaient organiser eux-m\u00eames leur environnement de travail, pr\u00e8s des trois quarts (71 %) des 18-29 ans estiment que le plus important serait qu'il offre des horaires et des mod\u00e8les de travail flexibles. (Image : www.depositphotos.com)<\/figcaption><\/figure>\n<p>Pour les employeurs, cela signifie qu'ils doivent agir s'ils veulent \u00eatre et rester attractifs pour les jeunes talents. C'est ce que r\u00e9v\u00e8le une r\u00e9cente enqu\u00eate men\u00e9e par YouGov aupr\u00e8s de 501 travailleurs \u00e2g\u00e9s de 18 \u00e0 29 ans, \u00e0 la demande de Hirschtech et Haiilo.<\/p>\n<h3><strong>Des horaires et des mod\u00e8les de travail flexibles sont les plus importants pour la Gen Z<\/strong><\/h3>\n<p>En outre, il appara\u00eet clairement que si les jeunes de 18 \u00e0 29 ans pouvaient organiser eux-m\u00eames leur environnement de travail, pr\u00e8s des trois quarts d'entre eux (71 %) estiment que le plus important serait qu'il offre des horaires et des mod\u00e8les de travail flexibles. Pour pr\u00e8s de la moiti\u00e9 d'entre eux (48 %), des t\u00e2ches vari\u00e9es et utiles sont particuli\u00e8rement importantes, suivies d'une stricte s\u00e9paration de la vie priv\u00e9e et de la vie professionnelle (32 %). Cela laisse supposer que la majorit\u00e9 des jeunes actifs aspirent avant tout \u00e0 la flexibilit\u00e9 dans leur travail quotidien. Les entreprises dans lesquelles le travail \u00e0 distance est g\u00e9n\u00e9ralement possible devraient donc \u00e9tablir des mod\u00e8les de travail hybrides \u00e0 long terme et les d\u00e9velopper continuellement avec les collaborateurs.<\/p>\n<h3><strong>Une grande partie des jeunes professionnels consid\u00e8rent que la collaboration interg\u00e9n\u00e9rationnelle est bonne<\/strong><\/h3>\n<p>L'\u00e9valuation de la collaboration interg\u00e9n\u00e9rationnelle sur le lieu de travail num\u00e9rique est positive. 84% des 18-29 ans la consid\u00e8rent comme bonne, seuls 9% la jugent mauvaise. La collaboration et l'\u00e9change de connaissances entre les coll\u00e8gues plus \u00e2g\u00e9s et plus jeunes semblent donc d\u00e9j\u00e0 bien fonctionner dans la plupart des cas du point de vue de la Gen Z sur le Digital Workplace.<\/p>\n<h3><strong>Les femmes et les hommes \u00e9valuent diff\u00e9remment leur environnement de travail<\/strong><\/h3>\n<p>Alors que 82% des jeunes femmes accordent une grande importance \u00e0 la flexibilit\u00e9 des horaires et des mod\u00e8les de travail, seuls 62% des hommes y accordent de l'importance. En outre, il appara\u00eet clairement que si plus d'un tiers (36 %) des hommes interrog\u00e9s souhaitent d\u00e9j\u00e0 des environnements de travail num\u00e9riques adapt\u00e9s \u00e0 diff\u00e9rents domaines d'activit\u00e9 et r\u00f4les, ce chiffre n'est que de 20 % pour les femmes. Le d\u00e9sir de flexibilit\u00e9 dans le choix du lieu et du temps de travail semble donc \u00eatre encore plus fort chez les jeunes femmes que chez les jeunes hommes. Cela laisse supposer que pour les femmes de la Gen Z, les mod\u00e8les de travail adapt\u00e9s \u00e0 leur phase de vie respective, qui leur donnent de la libert\u00e9 et qui ont un effet positif sur leur bien-\u00eatre, sont particuli\u00e8rement importants. Les hommes, en revanche, semblent plus souvent exercer des professions num\u00e9riques ou techniques et ont donc davantage besoin d'un environnement de travail num\u00e9rique adapt\u00e9 \u00e0 leurs activit\u00e9s.\u00a0<\/p>\n<p>\"En raison de l'\u00e9volution d\u00e9mographique et de la p\u00e9nurie de main-d'\u0153uvre, il est plus important que jamais pour les entreprises d'attirer les jeunes talents et d'\u00eatre un employeur attrayant \u00e0 long terme. Or, les professionnels de la g\u00e9n\u00e9ration Z sont encore loin de trouver partout l'environnement de travail num\u00e9rique qu'ils souhaitent. Pour les entreprises, il s'agit donc maintenant d'analyser pr\u00e9cis\u00e9ment leurs propres processus de travail et leur culture d'entreprise, de se montrer pr\u00eates au changement et, surtout, de mettre \u00e0 la disposition de leurs collaborateurs un Digital Workplace adapt\u00e9 \u00e0 leurs besoins, qui g\u00e9n\u00e8re des valeurs ajout\u00e9es tout en m\u00e9nageant les ressources et les co\u00fbts\", explique Khaled Thaler, Chief Sales Officer, Hirschtech.<\/p>\n<p>\"Si une entreprise veut aujourd'hui toucher les jeunes collaborateurs et les fid\u00e9liser \u00e0 long terme, elle doit aussi leur offrir un v\u00e9ritable foyer num\u00e9rique. En bref : la g\u00e9n\u00e9ration Z veut une mise en r\u00e9seau, une interaction, un \u00e9change de connaissances et c'est pr\u00e9cis\u00e9ment pour cela que des outils tels qu'un Intranet social sont n\u00e9cessaires. Ainsi, chaque collaborateur - o\u00f9 qu'il se trouve et quel que soit l'appareil qu'il utilise \u00e0 ce moment-l\u00e0 - a acc\u00e8s aux informations suivantes<strong>\u00a0<\/strong>- non seulement les informations qui lui sont personnellement utiles. Chacun peut \u00e9galement s'impliquer activement dans la vie de l'entreprise, par exemple dans des communaut\u00e9s virtuelles. Tout cela favorise la loyaut\u00e9 et l'attachement \u00e0 l'entreprise dans un monde du travail hybride\", explique Malte Witt, vice-pr\u00e9sident des ventes EMEA chez Haiilo.<\/p>\n<p><em>Source : <a href=\"http:\/\/www.hirschtech.eu\">www.hirschtec.eu<\/a><\/em><\/p>","protected":false},"excerpt":{"rendered":"<p>Un environnement de travail moderne et num\u00e9rique joue aujourd'hui un r\u00f4le central dans la d\u00e9cision d'embauche. Pourtant, seul un peu plus d'un tiers des actifs de la g\u00e9n\u00e9ration Z trouvent les outils ad\u00e9quats et suffisamment de possibilit\u00e9s de communication et de collaboration num\u00e9riques, de transfert de savoir-faire et de mise en r\u00e9seau sur leur lieu de travail. 41 % ne sont que partiellement d'accord et 7 % ne le sont pas du tout. <\/p>","protected":false},"author":58,"featured_media":27457,"comment_status":"closed","ping_status":"closed","sticky":false,"template":"","format":"standard","meta":{"_acf_changed":false,"_yoast_wpseo_focuskw":"Gen Z","_yoast_wpseo_metadesc":"Eine moderne, digitale Arbeitsumgebung spielt bei der Jobentscheidung heute eine zentrale Rolle.","articlekey":"","footnotes":""},"categories":[579],"tags":[156,3566,492],"class_list":["post-27456","post","type-post","status-publish","format-standard","has-post-thumbnail","hentry","category-human-resources","tag-digitalisierung","tag-gen-z","tag-unternehmen"],"acf":[],"yoast_head":"<!-- This site is optimized with the Yoast SEO plugin v27.5 - https:\/\/yoast.com\/product\/yoast-seo-wordpress\/ -->\n<title>Nur 35 Prozent der Gen Z finden passende Tools am digitalen Arbeitsplatz vor - Organisator<\/title>\n<meta name=\"description\" content=\"Eine moderne, digitale Arbeitsumgebung spielt bei der Jobentscheidung heute eine zentrale Rolle.\" \/>\n<meta name=\"robots\" content=\"index, follow, max-snippet:-1, max-image-preview:large, max-video-preview:-1\" \/>\n<link rel=\"canonical\" href=\"https:\/\/www.organisator.ch\/fr\/ressources-humaines\/2024-06-05\/nur-35-prozent-der-gen-z-finden-passende-tools-am-digitalen-arbeitsplatz-vor\/\" \/>\n<meta property=\"og:locale\" content=\"fr_FR\" \/>\n<meta property=\"og:type\" content=\"article\" \/>\n<meta property=\"og:title\" content=\"Nur 35 Prozent der Gen Z finden passende Tools am digitalen Arbeitsplatz vor\" \/>\n<meta property=\"og:description\" content=\"Eine moderne, digitale Arbeitsumgebung spielt bei der Jobentscheidung heute eine zentrale Rolle.\" \/>\n<meta property=\"og:url\" content=\"https:\/\/www.organisator.ch\/fr\/ressources-humaines\/2024-06-05\/nur-35-prozent-der-gen-z-finden-passende-tools-am-digitalen-arbeitsplatz-vor\/\" \/>\n<meta property=\"og:site_name\" content=\"Organisator\" \/>\n<meta property=\"article:publisher\" content=\"https:\/\/www.facebook.com\/OrganisatorFachmagazin\" \/>\n<meta property=\"article:published_time\" content=\"2024-06-05T11:21:30+00:00\" \/>\n<meta property=\"article:modified_time\" content=\"2024-06-10T14:45:50+00:00\" \/>\n<meta property=\"og:image\" content=\"https:\/\/www.organisator.ch\/wp-content\/uploads\/2024\/06\/Hirschtech_Bild1_ps.jpg\" \/>\n\t<meta property=\"og:image:width\" content=\"680\" \/>\n\t<meta property=\"og:image:height\" content=\"454\" \/>\n\t<meta property=\"og:image:type\" content=\"image\/jpeg\" \/>\n<meta name=\"author\" content=\"Adelisa Kalajdzini\" \/>\n<meta name=\"twitter:card\" content=\"summary_large_image\" \/>\n<meta name=\"twitter:title\" content=\"Nur 35 Prozent der Gen Z finden passende Tools am digitalen Arbeitsplatz vor\" \/>\n<meta name=\"twitter:description\" content=\"Eine moderne, #digitale #Arbeitsumgebung spielt bei der #Jobentscheidung heute eine zentrale #Rolle.\" \/>\n<meta name=\"twitter:image\" content=\"https:\/\/www.organisator.ch\/wp-content\/uploads\/2024\/06\/Hirschtech_Bild1_ps.jpg\" \/>\n<script type=\"application\/ld+json\" class=\"yoast-schema-graph\">{\"@context\":\"https:\\\/\\\/schema.org\",\"@graph\":[{\"@type\":\"Article\",\"@id\":\"https:\\\/\\\/www.organisator.ch\\\/human-resources\\\/2024-06-05\\\/nur-35-prozent-der-gen-z-finden-passende-tools-am-digitalen-arbeitsplatz-vor\\\/#article\",\"isPartOf\":{\"@id\":\"https:\\\/\\\/www.organisator.ch\\\/human-resources\\\/2024-06-05\\\/nur-35-prozent-der-gen-z-finden-passende-tools-am-digitalen-arbeitsplatz-vor\\\/\"},\"author\":{\"name\":\"Adelisa Kalajdzini\",\"@id\":\"https:\\\/\\\/www.organisator.ch\\\/#\\\/schema\\\/person\\\/2e1314a2172123f874db408d8911d3f3\"},\"headline\":\"Nur 35 Prozent der Gen Z finden passende Tools am digitalen Arbeitsplatz vor\",\"datePublished\":\"2024-06-05T11:21:30+00:00\",\"dateModified\":\"2024-06-10T14:45:50+00:00\",\"mainEntityOfPage\":{\"@id\":\"https:\\\/\\\/www.organisator.ch\\\/human-resources\\\/2024-06-05\\\/nur-35-prozent-der-gen-z-finden-passende-tools-am-digitalen-arbeitsplatz-vor\\\/\"},\"wordCount\":670,\"publisher\":{\"@id\":\"https:\\\/\\\/www.organisator.ch\\\/#organization\"},\"image\":{\"@id\":\"https:\\\/\\\/www.organisator.ch\\\/human-resources\\\/2024-06-05\\\/nur-35-prozent-der-gen-z-finden-passende-tools-am-digitalen-arbeitsplatz-vor\\\/#primaryimage\"},\"thumbnailUrl\":\"https:\\\/\\\/www.organisator.ch\\\/wp-content\\\/uploads\\\/2024\\\/06\\\/Hirschtech_Bild1_ps.jpg\",\"keywords\":[\"Digitalisierung\",\"Gen Z\",\"Unternehmen\"],\"articleSection\":[\"HUMAN RESOURCES\"],\"inLanguage\":\"fr-FR\"},{\"@type\":\"WebPage\",\"@id\":\"https:\\\/\\\/www.organisator.ch\\\/human-resources\\\/2024-06-05\\\/nur-35-prozent-der-gen-z-finden-passende-tools-am-digitalen-arbeitsplatz-vor\\\/\",\"url\":\"https:\\\/\\\/www.organisator.ch\\\/human-resources\\\/2024-06-05\\\/nur-35-prozent-der-gen-z-finden-passende-tools-am-digitalen-arbeitsplatz-vor\\\/\",\"name\":\"Nur 35 Prozent der Gen Z finden passende Tools am digitalen Arbeitsplatz vor - Organisator\",\"isPartOf\":{\"@id\":\"https:\\\/\\\/www.organisator.ch\\\/#website\"},\"primaryImageOfPage\":{\"@id\":\"https:\\\/\\\/www.organisator.ch\\\/human-resources\\\/2024-06-05\\\/nur-35-prozent-der-gen-z-finden-passende-tools-am-digitalen-arbeitsplatz-vor\\\/#primaryimage\"},\"image\":{\"@id\":\"https:\\\/\\\/www.organisator.ch\\\/human-resources\\\/2024-06-05\\\/nur-35-prozent-der-gen-z-finden-passende-tools-am-digitalen-arbeitsplatz-vor\\\/#primaryimage\"},\"thumbnailUrl\":\"https:\\\/\\\/www.organisator.ch\\\/wp-content\\\/uploads\\\/2024\\\/06\\\/Hirschtech_Bild1_ps.jpg\",\"datePublished\":\"2024-06-05T11:21:30+00:00\",\"dateModified\":\"2024-06-10T14:45:50+00:00\",\"description\":\"Eine moderne, digitale Arbeitsumgebung spielt bei der Jobentscheidung heute eine zentrale Rolle.\",\"breadcrumb\":{\"@id\":\"https:\\\/\\\/www.organisator.ch\\\/human-resources\\\/2024-06-05\\\/nur-35-prozent-der-gen-z-finden-passende-tools-am-digitalen-arbeitsplatz-vor\\\/#breadcrumb\"},\"inLanguage\":\"fr-FR\",\"potentialAction\":[{\"@type\":\"ReadAction\",\"target\":[\"https:\\\/\\\/www.organisator.ch\\\/human-resources\\\/2024-06-05\\\/nur-35-prozent-der-gen-z-finden-passende-tools-am-digitalen-arbeitsplatz-vor\\\/\"]}]},{\"@type\":\"ImageObject\",\"inLanguage\":\"fr-FR\",\"@id\":\"https:\\\/\\\/www.organisator.ch\\\/human-resources\\\/2024-06-05\\\/nur-35-prozent-der-gen-z-finden-passende-tools-am-digitalen-arbeitsplatz-vor\\\/#primaryimage\",\"url\":\"https:\\\/\\\/www.organisator.ch\\\/wp-content\\\/uploads\\\/2024\\\/06\\\/Hirschtech_Bild1_ps.jpg\",\"contentUrl\":\"https:\\\/\\\/www.organisator.ch\\\/wp-content\\\/uploads\\\/2024\\\/06\\\/Hirschtech_Bild1_ps.jpg\",\"width\":680,\"height\":454,\"caption\":\"Studie zeigt: D\u00fcrften sie sich ihr Arbeitsumfeld selbst gestalten, dann w\u00e4re f\u00fcr fast drei Viertel (71 Prozent) der 18- bis 29-J\u00e4hrigen am wichtigsten, dass es flexible Arbeitszeiten und -modelle mitbringt. (Bild: www.depositphotos.com)\"},{\"@type\":\"BreadcrumbList\",\"@id\":\"https:\\\/\\\/www.organisator.ch\\\/human-resources\\\/2024-06-05\\\/nur-35-prozent-der-gen-z-finden-passende-tools-am-digitalen-arbeitsplatz-vor\\\/#breadcrumb\",\"itemListElement\":[{\"@type\":\"ListItem\",\"position\":1,\"name\":\"Home\",\"item\":\"https:\\\/\\\/www.organisator.ch\\\/\"},{\"@type\":\"ListItem\",\"position\":2,\"name\":\"Nur 35 Prozent der Gen Z finden passende Tools am digitalen Arbeitsplatz vor\"}]},{\"@type\":\"WebSite\",\"@id\":\"https:\\\/\\\/www.organisator.ch\\\/#website\",\"url\":\"https:\\\/\\\/www.organisator.ch\\\/\",\"name\":\"Organisator\",\"description\":\"Kompetent. Praxisnah. Der ORGANISATOR bereitet in 10 Ausgaben pro Jahr die wesentlichen Themen f\u00fcr F\u00fchrungskr\u00e4fte von KMU auf.\",\"publisher\":{\"@id\":\"https:\\\/\\\/www.organisator.ch\\\/#organization\"},\"potentialAction\":[{\"@type\":\"SearchAction\",\"target\":{\"@type\":\"EntryPoint\",\"urlTemplate\":\"https:\\\/\\\/www.organisator.ch\\\/?s={search_term_string}\"},\"query-input\":{\"@type\":\"PropertyValueSpecification\",\"valueRequired\":true,\"valueName\":\"search_term_string\"}}],\"inLanguage\":\"fr-FR\"},{\"@type\":\"Organization\",\"@id\":\"https:\\\/\\\/www.organisator.ch\\\/#organization\",\"name\":\"Organisator\",\"url\":\"https:\\\/\\\/www.organisator.ch\\\/\",\"logo\":{\"@type\":\"ImageObject\",\"inLanguage\":\"fr-FR\",\"@id\":\"https:\\\/\\\/www.organisator.ch\\\/#\\\/schema\\\/logo\\\/image\\\/\",\"url\":\"https:\\\/\\\/www.organisator.ch\\\/wp-content\\\/uploads\\\/2022\\\/01\\\/Logo_Organisator_Website.png\",\"contentUrl\":\"https:\\\/\\\/www.organisator.ch\\\/wp-content\\\/uploads\\\/2022\\\/01\\\/Logo_Organisator_Website.png\",\"width\":800,\"height\":77,\"caption\":\"Organisator\"},\"image\":{\"@id\":\"https:\\\/\\\/www.organisator.ch\\\/#\\\/schema\\\/logo\\\/image\\\/\"},\"sameAs\":[\"https:\\\/\\\/www.facebook.com\\\/OrganisatorFachmagazin\",\"https:\\\/\\\/www.linkedin.com\\\/showcase\\\/organisator-das-magazin-fr-kmu\",\"https:\\\/\\\/www.xing.com\\\/news\\\/pages\\\/organisator-ch-695\",\"https:\\\/\\\/www.youtube.com\\\/channel\\\/UCGP2Sq0iWaZwT3BdIAQFYpw\"]},{\"@type\":\"Person\",\"@id\":\"https:\\\/\\\/www.organisator.ch\\\/#\\\/schema\\\/person\\\/2e1314a2172123f874db408d8911d3f3\",\"name\":\"Adelisa Kalajdzini\",\"image\":{\"@type\":\"ImageObject\",\"inLanguage\":\"fr-FR\",\"@id\":\"https:\\\/\\\/secure.gravatar.com\\\/avatar\\\/09a397c22ac58cad6f160ee8306348599df9df58a8ede73696226897b9fa4b24?s=96&d=mm&r=g\",\"url\":\"https:\\\/\\\/secure.gravatar.com\\\/avatar\\\/09a397c22ac58cad6f160ee8306348599df9df58a8ede73696226897b9fa4b24?s=96&d=mm&r=g\",\"contentUrl\":\"https:\\\/\\\/secure.gravatar.com\\\/avatar\\\/09a397c22ac58cad6f160ee8306348599df9df58a8ede73696226897b9fa4b24?s=96&d=mm&r=g\",\"caption\":\"Adelisa Kalajdzini\"},\"url\":\"https:\\\/\\\/www.organisator.ch\\\/fr\\\/author\\\/adelisa-kalajdzini\\\/\"}]}<\/script>\n<!-- \/ Yoast SEO plugin. -->","yoast_head_json":{"title":"Seuls 35% des Gen Z trouvent des outils adapt\u00e9s sur leur lieu de travail num\u00e9rique - Organisateur","description":"Un environnement de travail moderne et num\u00e9rique joue aujourd'hui un r\u00f4le central dans la d\u00e9cision d'embauche.","robots":{"index":"index","follow":"follow","max-snippet":"max-snippet:-1","max-image-preview":"max-image-preview:large","max-video-preview":"max-video-preview:-1"},"canonical":"https:\/\/www.organisator.ch\/fr\/ressources-humaines\/2024-06-05\/nur-35-prozent-der-gen-z-finden-passende-tools-am-digitalen-arbeitsplatz-vor\/","og_locale":"fr_FR","og_type":"article","og_title":"Nur 35 Prozent der Gen Z finden passende Tools am digitalen Arbeitsplatz vor","og_description":"Eine moderne, digitale Arbeitsumgebung spielt bei der Jobentscheidung heute eine zentrale Rolle.","og_url":"https:\/\/www.organisator.ch\/fr\/ressources-humaines\/2024-06-05\/nur-35-prozent-der-gen-z-finden-passende-tools-am-digitalen-arbeitsplatz-vor\/","og_site_name":"Organisator","article_publisher":"https:\/\/www.facebook.com\/OrganisatorFachmagazin","article_published_time":"2024-06-05T11:21:30+00:00","article_modified_time":"2024-06-10T14:45:50+00:00","og_image":[{"width":680,"height":454,"url":"https:\/\/www.organisator.ch\/wp-content\/uploads\/2024\/06\/Hirschtech_Bild1_ps.jpg","type":"image\/jpeg"}],"author":"Adelisa Kalajdzini","twitter_card":"summary_large_image","twitter_title":"Nur 35 Prozent der Gen Z finden passende Tools am digitalen Arbeitsplatz vor","twitter_description":"Eine moderne, #digitale #Arbeitsumgebung spielt bei der #Jobentscheidung heute eine zentrale #Rolle.","twitter_image":"https:\/\/www.organisator.ch\/wp-content\/uploads\/2024\/06\/Hirschtech_Bild1_ps.jpg","schema":{"@context":"https:\/\/schema.org","@graph":[{"@type":"Article","@id":"https:\/\/www.organisator.ch\/human-resources\/2024-06-05\/nur-35-prozent-der-gen-z-finden-passende-tools-am-digitalen-arbeitsplatz-vor\/#article","isPartOf":{"@id":"https:\/\/www.organisator.ch\/human-resources\/2024-06-05\/nur-35-prozent-der-gen-z-finden-passende-tools-am-digitalen-arbeitsplatz-vor\/"},"author":{"name":"Adelisa Kalajdzini","@id":"https:\/\/www.organisator.ch\/#\/schema\/person\/2e1314a2172123f874db408d8911d3f3"},"headline":"Nur 35 Prozent der Gen Z finden passende Tools am digitalen Arbeitsplatz vor","datePublished":"2024-06-05T11:21:30+00:00","dateModified":"2024-06-10T14:45:50+00:00","mainEntityOfPage":{"@id":"https:\/\/www.organisator.ch\/human-resources\/2024-06-05\/nur-35-prozent-der-gen-z-finden-passende-tools-am-digitalen-arbeitsplatz-vor\/"},"wordCount":670,"publisher":{"@id":"https:\/\/www.organisator.ch\/#organization"},"image":{"@id":"https:\/\/www.organisator.ch\/human-resources\/2024-06-05\/nur-35-prozent-der-gen-z-finden-passende-tools-am-digitalen-arbeitsplatz-vor\/#primaryimage"},"thumbnailUrl":"https:\/\/www.organisator.ch\/wp-content\/uploads\/2024\/06\/Hirschtech_Bild1_ps.jpg","keywords":["Digitalisierung","Gen Z","Unternehmen"],"articleSection":["HUMAN RESOURCES"],"inLanguage":"fr-FR"},{"@type":"WebPage","@id":"https:\/\/www.organisator.ch\/human-resources\/2024-06-05\/nur-35-prozent-der-gen-z-finden-passende-tools-am-digitalen-arbeitsplatz-vor\/","url":"https:\/\/www.organisator.ch\/human-resources\/2024-06-05\/nur-35-prozent-der-gen-z-finden-passende-tools-am-digitalen-arbeitsplatz-vor\/","name":"Seuls 35% des Gen Z trouvent des outils adapt\u00e9s sur leur lieu de travail num\u00e9rique - Organisateur","isPartOf":{"@id":"https:\/\/www.organisator.ch\/#website"},"primaryImageOfPage":{"@id":"https:\/\/www.organisator.ch\/human-resources\/2024-06-05\/nur-35-prozent-der-gen-z-finden-passende-tools-am-digitalen-arbeitsplatz-vor\/#primaryimage"},"image":{"@id":"https:\/\/www.organisator.ch\/human-resources\/2024-06-05\/nur-35-prozent-der-gen-z-finden-passende-tools-am-digitalen-arbeitsplatz-vor\/#primaryimage"},"thumbnailUrl":"https:\/\/www.organisator.ch\/wp-content\/uploads\/2024\/06\/Hirschtech_Bild1_ps.jpg","datePublished":"2024-06-05T11:21:30+00:00","dateModified":"2024-06-10T14:45:50+00:00","description":"Un environnement de travail moderne et num\u00e9rique joue aujourd'hui un r\u00f4le central dans la d\u00e9cision d'embauche.","breadcrumb":{"@id":"https:\/\/www.organisator.ch\/human-resources\/2024-06-05\/nur-35-prozent-der-gen-z-finden-passende-tools-am-digitalen-arbeitsplatz-vor\/#breadcrumb"},"inLanguage":"fr-FR","potentialAction":[{"@type":"ReadAction","target":["https:\/\/www.organisator.ch\/human-resources\/2024-06-05\/nur-35-prozent-der-gen-z-finden-passende-tools-am-digitalen-arbeitsplatz-vor\/"]}]},{"@type":"ImageObject","inLanguage":"fr-FR","@id":"https:\/\/www.organisator.ch\/human-resources\/2024-06-05\/nur-35-prozent-der-gen-z-finden-passende-tools-am-digitalen-arbeitsplatz-vor\/#primaryimage","url":"https:\/\/www.organisator.ch\/wp-content\/uploads\/2024\/06\/Hirschtech_Bild1_ps.jpg","contentUrl":"https:\/\/www.organisator.ch\/wp-content\/uploads\/2024\/06\/Hirschtech_Bild1_ps.jpg","width":680,"height":454,"caption":"Studie zeigt: D\u00fcrften sie sich ihr Arbeitsumfeld selbst gestalten, dann w\u00e4re f\u00fcr fast drei Viertel (71 Prozent) der 18- bis 29-J\u00e4hrigen am wichtigsten, dass es flexible Arbeitszeiten und -modelle mitbringt. (Bild: www.depositphotos.com)"},{"@type":"BreadcrumbList","@id":"https:\/\/www.organisator.ch\/human-resources\/2024-06-05\/nur-35-prozent-der-gen-z-finden-passende-tools-am-digitalen-arbeitsplatz-vor\/#breadcrumb","itemListElement":[{"@type":"ListItem","position":1,"name":"Home","item":"https:\/\/www.organisator.ch\/"},{"@type":"ListItem","position":2,"name":"Nur 35 Prozent der Gen Z finden passende Tools am digitalen Arbeitsplatz vor"}]},{"@type":"WebSite","@id":"https:\/\/www.organisator.ch\/#website","url":"https:\/\/www.organisator.ch\/","name":"Organisateur","description":"Comp\u00e9tence et comp\u00e9tence. Proches de la pratique. L'ORGANISATEUR pr\u00e9pare 10 num\u00e9ros par an sur les th\u00e8mes essentiels pour les dirigeants de PME.","publisher":{"@id":"https:\/\/www.organisator.ch\/#organization"},"potentialAction":[{"@type":"SearchAction","target":{"@type":"EntryPoint","urlTemplate":"https:\/\/www.organisator.ch\/?s={search_term_string}"},"query-input":{"@type":"PropertyValueSpecification","valueRequired":true,"valueName":"search_term_string"}}],"inLanguage":"fr-FR"},{"@type":"Organization","@id":"https:\/\/www.organisator.ch\/#organization","name":"Organisateur","url":"https:\/\/www.organisator.ch\/","logo":{"@type":"ImageObject","inLanguage":"fr-FR","@id":"https:\/\/www.organisator.ch\/#\/schema\/logo\/image\/","url":"https:\/\/www.organisator.ch\/wp-content\/uploads\/2022\/01\/Logo_Organisator_Website.png","contentUrl":"https:\/\/www.organisator.ch\/wp-content\/uploads\/2022\/01\/Logo_Organisator_Website.png","width":800,"height":77,"caption":"Organisator"},"image":{"@id":"https:\/\/www.organisator.ch\/#\/schema\/logo\/image\/"},"sameAs":["https:\/\/www.facebook.com\/OrganisatorFachmagazin","https:\/\/www.linkedin.com\/showcase\/organisator-das-magazin-fr-kmu","https:\/\/www.xing.com\/news\/pages\/organisator-ch-695","https:\/\/www.youtube.com\/channel\/UCGP2Sq0iWaZwT3BdIAQFYpw"]},{"@type":"Person","@id":"https:\/\/www.organisator.ch\/#\/schema\/person\/2e1314a2172123f874db408d8911d3f3","name":"Adelisa Kalajdzini","image":{"@type":"ImageObject","inLanguage":"fr-FR","@id":"https:\/\/secure.gravatar.com\/avatar\/09a397c22ac58cad6f160ee8306348599df9df58a8ede73696226897b9fa4b24?s=96&d=mm&r=g","url":"https:\/\/secure.gravatar.com\/avatar\/09a397c22ac58cad6f160ee8306348599df9df58a8ede73696226897b9fa4b24?s=96&d=mm&r=g","contentUrl":"https:\/\/secure.gravatar.com\/avatar\/09a397c22ac58cad6f160ee8306348599df9df58a8ede73696226897b9fa4b24?s=96&d=mm&r=g","caption":"Adelisa Kalajdzini"},"url":"https:\/\/www.organisator.ch\/fr\/author\/adelisa-kalajdzini\/"}]}},"_links":{"self":[{"href":"https:\/\/www.organisator.ch\/fr\/wp-json\/wp\/v2\/posts\/27456","targetHints":{"allow":["GET"]}}],"collection":[{"href":"https:\/\/www.organisator.ch\/fr\/wp-json\/wp\/v2\/posts"}],"about":[{"href":"https:\/\/www.organisator.ch\/fr\/wp-json\/wp\/v2\/types\/post"}],"author":[{"embeddable":true,"href":"https:\/\/www.organisator.ch\/fr\/wp-json\/wp\/v2\/users\/58"}],"replies":[{"embeddable":true,"href":"https:\/\/www.organisator.ch\/fr\/wp-json\/wp\/v2\/comments?post=27456"}],"version-history":[{"count":4,"href":"https:\/\/www.organisator.ch\/fr\/wp-json\/wp\/v2\/posts\/27456\/revisions"}],"predecessor-version":[{"id":27536,"href":"https:\/\/www.organisator.ch\/fr\/wp-json\/wp\/v2\/posts\/27456\/revisions\/27536"}],"wp:featuredmedia":[{"embeddable":true,"href":"https:\/\/www.organisator.ch\/fr\/wp-json\/wp\/v2\/media\/27457"}],"wp:attachment":[{"href":"https:\/\/www.organisator.ch\/fr\/wp-json\/wp\/v2\/media?parent=27456"}],"wp:term":[{"taxonomy":"category","embeddable":true,"href":"https:\/\/www.organisator.ch\/fr\/wp-json\/wp\/v2\/categories?post=27456"},{"taxonomy":"post_tag","embeddable":true,"href":"https:\/\/www.organisator.ch\/fr\/wp-json\/wp\/v2\/tags?post=27456"}],"curies":[{"name":"wp","href":"https:\/\/api.w.org\/{rel}","templated":true}]}}