{"id":27481,"date":"2024-06-06T09:31:14","date_gmt":"2024-06-06T07:31:14","guid":{"rendered":"https:\/\/www.werbewoche.ch\/?p=216142"},"modified":"2024-11-11T04:43:02","modified_gmt":"2024-11-11T03:43:02","slug":"heads-markenauftritt-voller-lebensfreude-fuer-tertianum-2","status":"publish","type":"post","link":"https:\/\/www.organisator.ch\/fr\/marketing\/2024-06-06\/heads-markenauftritt-voller-lebensfreude-fuer-tertianum-2\/","title":{"rendered":"Les t\u00eates de r\u00e9seau : Une image de marque pleine de joie de vivre pour Tertianum"},"content":{"rendered":"<p><img class=\"aligncenter wp-image-216148 size-full\" src=\"https:\/\/www.werbewoche.ch\/wp-content\/uploads\/2024\/06\/240531_Heads_Pressemitteilung_Tertianum_Branding_1.jpg\" alt=\"Habitation pour personnes \u00e2g\u00e9es Tertianum \" width=\"1200\" height=\"857\" \/><\/p>\r\n<p>Dans le cadre de ses recherches sur l'habitat des personnes \u00e2g\u00e9es, Heads s'est int\u00e9ress\u00e9 de pr\u00e8s aux besoins et aux souhaits des personnes \u00e2g\u00e9es. L'emm\u00e9nagement dans une maison de retraite ou de soins est souvent li\u00e9 \u00e0 la peur du d\u00e9racinement et de l'ali\u00e9nation. Pourtant, outre la sant\u00e9 et la s\u00e9curit\u00e9, ce sont justement l'\u00e9panouissement personnel, la reconnaissance et l'\u00e9change social qui sont souhait\u00e9s. Le groupe Tertianum peut pr\u00e9cis\u00e9ment r\u00e9pondre dans une large mesure \u00e0 ces besoins et souhaits des personnes \u00e2g\u00e9es et offre \u00e0 ses h\u00f4tes un \"espace pour la joie de vivre\" dans les deux sens du terme : un domicile s\u00fbr pour se sentir bien et un espace d'am\u00e9nagement pour l'\u00e9panouissement personnel, l'autonomie et l'\u00e9change social.<\/p>\r\n<p><a href=\"https:\/\/www.werbewoche.ch\/wp-content\/uploads\/2024\/06\/240531_Heads_Pressemitteilung_Tertianum_Branding_2.jpg\"><img class=\"attachment-full size-full\" src=\"https:\/\/www.werbewoche.ch\/wp-content\/uploads\/2024\/06\/240531_Heads_Pressemitteilung_Tertianum_Branding_2.jpg\" alt=\"\" width=\"1200\" height=\"857\" \/><\/a> <a href=\"https:\/\/www.werbewoche.ch\/wp-content\/uploads\/2024\/06\/240531_Heads_Pressemitteilung_Tertianum_Branding_3.jpg\"><img class=\"attachment-full size-full\" src=\"https:\/\/www.werbewoche.ch\/wp-content\/uploads\/2024\/06\/240531_Heads_Pressemitteilung_Tertianum_Branding_3.jpg\" alt=\"\" width=\"1200\" height=\"857\" \/><\/a><\/p>\r\n<h3><strong>La vue sur la perspective cr\u00e9e la confiance<\/strong><\/h3>\r\n<p>Cette conscience de soi, qui se traduit par la confiance des h\u00f4tes de Tertianum, a conduit au d\u00e9veloppement de l'image de marque, qui positionne Tertianum comme un prestataire haut de gamme attractif et souligne la volont\u00e9 de proposer un large \u00e9ventail d'offres de logement de qualit\u00e9.<\/p>\r\n<p><a href=\"https:\/\/www.werbewoche.ch\/wp-content\/uploads\/2024\/06\/240531_Heads_Pressemitteilung_Tertianum_Branding_4.jpg\"><img class=\"attachment-full size-full\" src=\"https:\/\/www.werbewoche.ch\/wp-content\/uploads\/2024\/06\/240531_Heads_Pressemitteilung_Tertianum_Branding_4.jpg\" alt=\"\" width=\"1200\" height=\"857\" \/><\/a> <a href=\"https:\/\/www.werbewoche.ch\/wp-content\/uploads\/2024\/06\/240531_Heads_Pressemitteilung_Tertianum_Branding_5.jpg\"><img class=\"attachment-full size-full\" src=\"https:\/\/www.werbewoche.ch\/wp-content\/uploads\/2024\/06\/240531_Heads_Pressemitteilung_Tertianum_Branding_5.jpg\" alt=\"\" width=\"1200\" height=\"857\" \/><\/a><\/p>\r\n<h3><strong>Un design qui transmet la joie de vivre<\/strong><\/h3>\r\n<p>Au centre de l'image de marque visuelle et communicative de Tertianum se trouve le logo \u00e9tabli avec le \"A\" marquant, qui fait symboliquement office de toit protecteur. Sous ce toit se trouve l'\u00e9l\u00e9ment central de la marque - l'\u00eatre humain - repr\u00e9sent\u00e9 par un simple point, qui repr\u00e9sente la s\u00e9curit\u00e9 et la s\u00fbret\u00e9 au sein de l'espace s\u00e9curis\u00e9 de Tertianum.<\/p>\r\n<p>Les \"rayons Tertianum\", d\u00e9riv\u00e9s du monogramme \"A\", constituent une nouveaut\u00e9 dans le design et une extension du logo existant. Les rayons doivent symboliser la confiance et la joie de vivre que Tertianum permet. Le doux d\u00e9grad\u00e9 de couleurs des rayons transmet l'\u00e9nergie et le dynamisme d'un environnement qui affirme la vie. Une palette de couleurs \u00e9largie avec des couleurs fra\u00eeches ainsi qu'un nouveau style d'image authentique doivent avoir un effet accueillant et augmenter la valeur de reconnaissance positive de la marque.<\/p>\r\n<p>L'introduction de la nouvelle image de marque se fait progressivement sur tous les canaux de communication, en commen\u00e7ant par le site web de l'entreprise, la pr\u00e9sentation de l'employeur et le rapport annuel, suivis par les m\u00e9dias imprim\u00e9s et num\u00e9riques.<\/p>\r\n<p><a href=\"https:\/\/www.werbewoche.ch\/wp-content\/uploads\/2024\/06\/240531_Heads_Pressemitteilung_Tertianum_Branding_6.jpg\"><img class=\"attachment-full size-full\" src=\"https:\/\/www.werbewoche.ch\/wp-content\/uploads\/2024\/06\/240531_Heads_Pressemitteilung_Tertianum_Branding_6.jpg\" alt=\"\" width=\"1200\" height=\"900\" \/><\/a> <a href=\"https:\/\/www.werbewoche.ch\/wp-content\/uploads\/2024\/06\/240531_Heads_Pressemitteilung_Tertianum_Branding_7.jpg\"><img class=\"attachment-full size-full\" src=\"https:\/\/www.werbewoche.ch\/wp-content\/uploads\/2024\/06\/240531_Heads_Pressemitteilung_Tertianum_Branding_7.jpg\" alt=\"\" width=\"1200\" height=\"857\" \/><\/a><\/p>\r\n<hr \/>\r\n<p><strong>Responsable chez Tertianum :<\/strong> Frank Nehlig (directeur de la communication, du marketing et des affaires publiques), Tania Rodriguez (responsable technique des services de marque et de marketing). <strong>Responsable chez Heads Corporate Branding : <\/strong>Ralph Hermann (responsabilit\u00e9 g\u00e9n\u00e9rale), Simone Raubach (strat\u00e9gie), Sina Frank (conseil), Natascha Almeida, Samira Ciraci (gestion de projet), Marco Simonetti (design), Roman von Arx (graphisme\/production).<\/p>","protected":false},"excerpt":{"rendered":"<p>Le prestataire haut de gamme de l'habitat pour personnes \u00e2g\u00e9es Tertianum g\u00e8re pr\u00e8s de 100 r\u00e9sidences, centres d'h\u00e9bergement et de soins. Heads Corporate Branding a d\u00e9velopp\u00e9 la nouvelle image de marque pour le groupe. Le nouveau slogan de la marque, \"Espace pour la joie de vivre\", d\u00e9coule directement du but de l'entreprise et constitue le c\u0153ur de la marque.<\/p>","protected":false},"author":8,"featured_media":0,"comment_status":"closed","ping_status":"closed","sticky":false,"template":"","format":"standard","meta":{"_acf_changed":false,"_yoast_wpseo_focuskw":"Alterswohnen Tertianum","_yoast_wpseo_metadesc":"Tertianum bietet \u00e4lteren Menschen Raum f\u00fcr Lebensfreude: Gesundheit, Sicherheit, Selbstentfaltung und sozialer Austausch.","articlekey":"","footnotes":""},"categories":[29],"tags":[3523,2617,2851],"class_list":["post-27481","post","type-post","status-publish","format-standard","hentry","category-marketing","tag-heads","tag-marken","tag-rebranding"],"acf":[],"yoast_head":"<!-- This site is optimized with the Yoast SEO plugin v27.5 - https:\/\/yoast.com\/product\/yoast-seo-wordpress\/ -->\n<title>Heads: Markenauftritt voller Lebensfreude f\u00fcr Tertianum - Organisator<\/title>\n<meta name=\"description\" content=\"Tertianum bietet \u00e4lteren Menschen Raum f\u00fcr Lebensfreude: Gesundheit, Sicherheit, Selbstentfaltung und sozialer Austausch.\" \/>\n<meta name=\"robots\" content=\"index, follow, max-snippet:-1, max-image-preview:large, max-video-preview:-1\" \/>\n<link rel=\"canonical\" href=\"https:\/\/www.organisator.ch\/fr\/marketing\/2024-06-06\/heads-markenauftritt-voller-lebensfreude-fuer-tertianum-2\/\" \/>\n<meta property=\"og:locale\" content=\"fr_FR\" \/>\n<meta property=\"og:type\" content=\"article\" \/>\n<meta property=\"og:title\" content=\"Heads: Markenauftritt voller Lebensfreude f\u00fcr Tertianum - Organisator\" \/>\n<meta property=\"og:description\" content=\"Tertianum bietet \u00e4lteren Menschen Raum f\u00fcr Lebensfreude: Gesundheit, Sicherheit, Selbstentfaltung und sozialer Austausch.\" \/>\n<meta property=\"og:url\" content=\"https:\/\/www.organisator.ch\/fr\/marketing\/2024-06-06\/heads-markenauftritt-voller-lebensfreude-fuer-tertianum-2\/\" \/>\n<meta property=\"og:site_name\" content=\"Organisator\" \/>\n<meta property=\"article:publisher\" content=\"https:\/\/www.facebook.com\/OrganisatorFachmagazin\" \/>\n<meta property=\"article:published_time\" content=\"2024-06-06T07:31:14+00:00\" \/>\n<meta property=\"article:modified_time\" content=\"2024-11-11T03:43:02+00:00\" \/>\n<meta property=\"og:image\" content=\"https:\/\/www.werbewoche.ch\/wp-content\/uploads\/2024\/06\/240531_Heads_Pressemitteilung_Tertianum_Branding_1.jpg\" \/>\n<meta name=\"author\" content=\"galledia\" \/>\n<meta name=\"twitter:card\" content=\"summary_large_image\" \/>\n<meta name=\"twitter:creator\" content=\"@admin\" \/>\n<script type=\"application\/ld+json\" class=\"yoast-schema-graph\">{\"@context\":\"https:\\\/\\\/schema.org\",\"@graph\":[{\"@type\":\"Article\",\"@id\":\"https:\\\/\\\/www.organisator.ch\\\/marketing\\\/2024-06-06\\\/heads-markenauftritt-voller-lebensfreude-fuer-tertianum-2\\\/#article\",\"isPartOf\":{\"@id\":\"https:\\\/\\\/www.organisator.ch\\\/marketing\\\/2024-06-06\\\/heads-markenauftritt-voller-lebensfreude-fuer-tertianum-2\\\/\"},\"author\":{\"name\":\"galledia\",\"@id\":\"https:\\\/\\\/www.organisator.ch\\\/#\\\/schema\\\/person\\\/4e51799071cd2dd1232ac003643ef5f0\"},\"headline\":\"Heads: Markenauftritt voller Lebensfreude f\u00fcr Tertianum\",\"datePublished\":\"2024-06-06T07:31:14+00:00\",\"dateModified\":\"2024-11-11T03:43:02+00:00\",\"mainEntityOfPage\":{\"@id\":\"https:\\\/\\\/www.organisator.ch\\\/marketing\\\/2024-06-06\\\/heads-markenauftritt-voller-lebensfreude-fuer-tertianum-2\\\/\"},\"wordCount\":343,\"publisher\":{\"@id\":\"https:\\\/\\\/www.organisator.ch\\\/#organization\"},\"image\":{\"@id\":\"https:\\\/\\\/www.organisator.ch\\\/marketing\\\/2024-06-06\\\/heads-markenauftritt-voller-lebensfreude-fuer-tertianum-2\\\/#primaryimage\"},\"thumbnailUrl\":\"https:\\\/\\\/www.werbewoche.ch\\\/wp-content\\\/uploads\\\/2024\\\/06\\\/240531_Heads_Pressemitteilung_Tertianum_Branding_1.jpg\",\"keywords\":[\"Heads\",\"Marken\",\"Rebranding\"],\"articleSection\":[\"MARKETING\"],\"inLanguage\":\"fr-FR\"},{\"@type\":\"WebPage\",\"@id\":\"https:\\\/\\\/www.organisator.ch\\\/marketing\\\/2024-06-06\\\/heads-markenauftritt-voller-lebensfreude-fuer-tertianum-2\\\/\",\"url\":\"https:\\\/\\\/www.organisator.ch\\\/marketing\\\/2024-06-06\\\/heads-markenauftritt-voller-lebensfreude-fuer-tertianum-2\\\/\",\"name\":\"Heads: Markenauftritt voller Lebensfreude f\u00fcr Tertianum - Organisator\",\"isPartOf\":{\"@id\":\"https:\\\/\\\/www.organisator.ch\\\/#website\"},\"primaryImageOfPage\":{\"@id\":\"https:\\\/\\\/www.organisator.ch\\\/marketing\\\/2024-06-06\\\/heads-markenauftritt-voller-lebensfreude-fuer-tertianum-2\\\/#primaryimage\"},\"image\":{\"@id\":\"https:\\\/\\\/www.organisator.ch\\\/marketing\\\/2024-06-06\\\/heads-markenauftritt-voller-lebensfreude-fuer-tertianum-2\\\/#primaryimage\"},\"thumbnailUrl\":\"https:\\\/\\\/www.werbewoche.ch\\\/wp-content\\\/uploads\\\/2024\\\/06\\\/240531_Heads_Pressemitteilung_Tertianum_Branding_1.jpg\",\"datePublished\":\"2024-06-06T07:31:14+00:00\",\"dateModified\":\"2024-11-11T03:43:02+00:00\",\"description\":\"Tertianum bietet \u00e4lteren Menschen Raum f\u00fcr Lebensfreude: Gesundheit, Sicherheit, Selbstentfaltung und sozialer Austausch.\",\"breadcrumb\":{\"@id\":\"https:\\\/\\\/www.organisator.ch\\\/marketing\\\/2024-06-06\\\/heads-markenauftritt-voller-lebensfreude-fuer-tertianum-2\\\/#breadcrumb\"},\"inLanguage\":\"fr-FR\",\"potentialAction\":[{\"@type\":\"ReadAction\",\"target\":[\"https:\\\/\\\/www.organisator.ch\\\/marketing\\\/2024-06-06\\\/heads-markenauftritt-voller-lebensfreude-fuer-tertianum-2\\\/\"]}]},{\"@type\":\"ImageObject\",\"inLanguage\":\"fr-FR\",\"@id\":\"https:\\\/\\\/www.organisator.ch\\\/marketing\\\/2024-06-06\\\/heads-markenauftritt-voller-lebensfreude-fuer-tertianum-2\\\/#primaryimage\",\"url\":\"https:\\\/\\\/www.werbewoche.ch\\\/wp-content\\\/uploads\\\/2024\\\/06\\\/240531_Heads_Pressemitteilung_Tertianum_Branding_1.jpg\",\"contentUrl\":\"https:\\\/\\\/www.werbewoche.ch\\\/wp-content\\\/uploads\\\/2024\\\/06\\\/240531_Heads_Pressemitteilung_Tertianum_Branding_1.jpg\"},{\"@type\":\"BreadcrumbList\",\"@id\":\"https:\\\/\\\/www.organisator.ch\\\/marketing\\\/2024-06-06\\\/heads-markenauftritt-voller-lebensfreude-fuer-tertianum-2\\\/#breadcrumb\",\"itemListElement\":[{\"@type\":\"ListItem\",\"position\":1,\"name\":\"Home\",\"item\":\"https:\\\/\\\/www.organisator.ch\\\/\"},{\"@type\":\"ListItem\",\"position\":2,\"name\":\"Heads: Markenauftritt voller Lebensfreude f\u00fcr Tertianum\"}]},{\"@type\":\"WebSite\",\"@id\":\"https:\\\/\\\/www.organisator.ch\\\/#website\",\"url\":\"https:\\\/\\\/www.organisator.ch\\\/\",\"name\":\"Organisator\",\"description\":\"Kompetent. Praxisnah. Der ORGANISATOR bereitet in 10 Ausgaben pro Jahr die wesentlichen Themen f\u00fcr F\u00fchrungskr\u00e4fte von KMU auf.\",\"publisher\":{\"@id\":\"https:\\\/\\\/www.organisator.ch\\\/#organization\"},\"potentialAction\":[{\"@type\":\"SearchAction\",\"target\":{\"@type\":\"EntryPoint\",\"urlTemplate\":\"https:\\\/\\\/www.organisator.ch\\\/?s={search_term_string}\"},\"query-input\":{\"@type\":\"PropertyValueSpecification\",\"valueRequired\":true,\"valueName\":\"search_term_string\"}}],\"inLanguage\":\"fr-FR\"},{\"@type\":\"Organization\",\"@id\":\"https:\\\/\\\/www.organisator.ch\\\/#organization\",\"name\":\"Organisator\",\"url\":\"https:\\\/\\\/www.organisator.ch\\\/\",\"logo\":{\"@type\":\"ImageObject\",\"inLanguage\":\"fr-FR\",\"@id\":\"https:\\\/\\\/www.organisator.ch\\\/#\\\/schema\\\/logo\\\/image\\\/\",\"url\":\"https:\\\/\\\/www.organisator.ch\\\/wp-content\\\/uploads\\\/2022\\\/01\\\/Logo_Organisator_Website.png\",\"contentUrl\":\"https:\\\/\\\/www.organisator.ch\\\/wp-content\\\/uploads\\\/2022\\\/01\\\/Logo_Organisator_Website.png\",\"width\":800,\"height\":77,\"caption\":\"Organisator\"},\"image\":{\"@id\":\"https:\\\/\\\/www.organisator.ch\\\/#\\\/schema\\\/logo\\\/image\\\/\"},\"sameAs\":[\"https:\\\/\\\/www.facebook.com\\\/OrganisatorFachmagazin\",\"https:\\\/\\\/www.linkedin.com\\\/showcase\\\/organisator-das-magazin-fr-kmu\",\"https:\\\/\\\/www.xing.com\\\/news\\\/pages\\\/organisator-ch-695\",\"https:\\\/\\\/www.youtube.com\\\/channel\\\/UCGP2Sq0iWaZwT3BdIAQFYpw\"]},{\"@type\":\"Person\",\"@id\":\"https:\\\/\\\/www.organisator.ch\\\/#\\\/schema\\\/person\\\/4e51799071cd2dd1232ac003643ef5f0\",\"name\":\"galledia\",\"image\":{\"@type\":\"ImageObject\",\"inLanguage\":\"fr-FR\",\"@id\":\"https:\\\/\\\/secure.gravatar.com\\\/avatar\\\/78a7f90c01fc2bfc875782a0d4922b37cde2cf184ce347b91316d23cd7f69a36?s=96&d=mm&r=g\",\"url\":\"https:\\\/\\\/secure.gravatar.com\\\/avatar\\\/78a7f90c01fc2bfc875782a0d4922b37cde2cf184ce347b91316d23cd7f69a36?s=96&d=mm&r=g\",\"contentUrl\":\"https:\\\/\\\/secure.gravatar.com\\\/avatar\\\/78a7f90c01fc2bfc875782a0d4922b37cde2cf184ce347b91316d23cd7f69a36?s=96&d=mm&r=g\",\"caption\":\"galledia\"},\"sameAs\":[\"https:\\\/\\\/x.com\\\/admin\"],\"url\":\"https:\\\/\\\/www.organisator.ch\\\/fr\\\/author\\\/galledia\\\/\"}]}<\/script>\n<!-- \/ Yoast SEO plugin. -->","yoast_head_json":{"title":"Les t\u00eates de r\u00e9seau : Une image de marque pleine de joie de vivre pour Tertianum - Organisateur","description":"Tertianum offre aux personnes \u00e2g\u00e9es un espace pour la joie de vivre : sant\u00e9, s\u00e9curit\u00e9, \u00e9panouissement personnel et \u00e9changes sociaux.","robots":{"index":"index","follow":"follow","max-snippet":"max-snippet:-1","max-image-preview":"max-image-preview:large","max-video-preview":"max-video-preview:-1"},"canonical":"https:\/\/www.organisator.ch\/fr\/marketing\/2024-06-06\/heads-markenauftritt-voller-lebensfreude-fuer-tertianum-2\/","og_locale":"fr_FR","og_type":"article","og_title":"Heads: Markenauftritt voller Lebensfreude f\u00fcr Tertianum - Organisator","og_description":"Tertianum bietet \u00e4lteren Menschen Raum f\u00fcr Lebensfreude: Gesundheit, Sicherheit, Selbstentfaltung und sozialer Austausch.","og_url":"https:\/\/www.organisator.ch\/fr\/marketing\/2024-06-06\/heads-markenauftritt-voller-lebensfreude-fuer-tertianum-2\/","og_site_name":"Organisator","article_publisher":"https:\/\/www.facebook.com\/OrganisatorFachmagazin","article_published_time":"2024-06-06T07:31:14+00:00","article_modified_time":"2024-11-11T03:43:02+00:00","og_image":[{"url":"https:\/\/www.werbewoche.ch\/wp-content\/uploads\/2024\/06\/240531_Heads_Pressemitteilung_Tertianum_Branding_1.jpg","type":"","width":"","height":""}],"author":"galledia","twitter_card":"summary_large_image","twitter_creator":"@admin","schema":{"@context":"https:\/\/schema.org","@graph":[{"@type":"Article","@id":"https:\/\/www.organisator.ch\/marketing\/2024-06-06\/heads-markenauftritt-voller-lebensfreude-fuer-tertianum-2\/#article","isPartOf":{"@id":"https:\/\/www.organisator.ch\/marketing\/2024-06-06\/heads-markenauftritt-voller-lebensfreude-fuer-tertianum-2\/"},"author":{"name":"galledia","@id":"https:\/\/www.organisator.ch\/#\/schema\/person\/4e51799071cd2dd1232ac003643ef5f0"},"headline":"Heads: Markenauftritt voller Lebensfreude f\u00fcr Tertianum","datePublished":"2024-06-06T07:31:14+00:00","dateModified":"2024-11-11T03:43:02+00:00","mainEntityOfPage":{"@id":"https:\/\/www.organisator.ch\/marketing\/2024-06-06\/heads-markenauftritt-voller-lebensfreude-fuer-tertianum-2\/"},"wordCount":343,"publisher":{"@id":"https:\/\/www.organisator.ch\/#organization"},"image":{"@id":"https:\/\/www.organisator.ch\/marketing\/2024-06-06\/heads-markenauftritt-voller-lebensfreude-fuer-tertianum-2\/#primaryimage"},"thumbnailUrl":"https:\/\/www.werbewoche.ch\/wp-content\/uploads\/2024\/06\/240531_Heads_Pressemitteilung_Tertianum_Branding_1.jpg","keywords":["Heads","Marken","Rebranding"],"articleSection":["MARKETING"],"inLanguage":"fr-FR"},{"@type":"WebPage","@id":"https:\/\/www.organisator.ch\/marketing\/2024-06-06\/heads-markenauftritt-voller-lebensfreude-fuer-tertianum-2\/","url":"https:\/\/www.organisator.ch\/marketing\/2024-06-06\/heads-markenauftritt-voller-lebensfreude-fuer-tertianum-2\/","name":"Les t\u00eates de r\u00e9seau : Une image de marque pleine de joie de vivre pour Tertianum - Organisateur","isPartOf":{"@id":"https:\/\/www.organisator.ch\/#website"},"primaryImageOfPage":{"@id":"https:\/\/www.organisator.ch\/marketing\/2024-06-06\/heads-markenauftritt-voller-lebensfreude-fuer-tertianum-2\/#primaryimage"},"image":{"@id":"https:\/\/www.organisator.ch\/marketing\/2024-06-06\/heads-markenauftritt-voller-lebensfreude-fuer-tertianum-2\/#primaryimage"},"thumbnailUrl":"https:\/\/www.werbewoche.ch\/wp-content\/uploads\/2024\/06\/240531_Heads_Pressemitteilung_Tertianum_Branding_1.jpg","datePublished":"2024-06-06T07:31:14+00:00","dateModified":"2024-11-11T03:43:02+00:00","description":"Tertianum offre aux personnes \u00e2g\u00e9es un espace pour la joie de vivre : sant\u00e9, s\u00e9curit\u00e9, \u00e9panouissement personnel et \u00e9changes sociaux.","breadcrumb":{"@id":"https:\/\/www.organisator.ch\/marketing\/2024-06-06\/heads-markenauftritt-voller-lebensfreude-fuer-tertianum-2\/#breadcrumb"},"inLanguage":"fr-FR","potentialAction":[{"@type":"ReadAction","target":["https:\/\/www.organisator.ch\/marketing\/2024-06-06\/heads-markenauftritt-voller-lebensfreude-fuer-tertianum-2\/"]}]},{"@type":"ImageObject","inLanguage":"fr-FR","@id":"https:\/\/www.organisator.ch\/marketing\/2024-06-06\/heads-markenauftritt-voller-lebensfreude-fuer-tertianum-2\/#primaryimage","url":"https:\/\/www.werbewoche.ch\/wp-content\/uploads\/2024\/06\/240531_Heads_Pressemitteilung_Tertianum_Branding_1.jpg","contentUrl":"https:\/\/www.werbewoche.ch\/wp-content\/uploads\/2024\/06\/240531_Heads_Pressemitteilung_Tertianum_Branding_1.jpg"},{"@type":"BreadcrumbList","@id":"https:\/\/www.organisator.ch\/marketing\/2024-06-06\/heads-markenauftritt-voller-lebensfreude-fuer-tertianum-2\/#breadcrumb","itemListElement":[{"@type":"ListItem","position":1,"name":"Home","item":"https:\/\/www.organisator.ch\/"},{"@type":"ListItem","position":2,"name":"Heads: Markenauftritt voller Lebensfreude f\u00fcr Tertianum"}]},{"@type":"WebSite","@id":"https:\/\/www.organisator.ch\/#website","url":"https:\/\/www.organisator.ch\/","name":"Organisateur","description":"Comp\u00e9tence et comp\u00e9tence. Proches de la pratique. L'ORGANISATEUR pr\u00e9pare 10 num\u00e9ros par an sur les th\u00e8mes essentiels pour les dirigeants de PME.","publisher":{"@id":"https:\/\/www.organisator.ch\/#organization"},"potentialAction":[{"@type":"SearchAction","target":{"@type":"EntryPoint","urlTemplate":"https:\/\/www.organisator.ch\/?s={search_term_string}"},"query-input":{"@type":"PropertyValueSpecification","valueRequired":true,"valueName":"search_term_string"}}],"inLanguage":"fr-FR"},{"@type":"Organization","@id":"https:\/\/www.organisator.ch\/#organization","name":"Organisateur","url":"https:\/\/www.organisator.ch\/","logo":{"@type":"ImageObject","inLanguage":"fr-FR","@id":"https:\/\/www.organisator.ch\/#\/schema\/logo\/image\/","url":"https:\/\/www.organisator.ch\/wp-content\/uploads\/2022\/01\/Logo_Organisator_Website.png","contentUrl":"https:\/\/www.organisator.ch\/wp-content\/uploads\/2022\/01\/Logo_Organisator_Website.png","width":800,"height":77,"caption":"Organisator"},"image":{"@id":"https:\/\/www.organisator.ch\/#\/schema\/logo\/image\/"},"sameAs":["https:\/\/www.facebook.com\/OrganisatorFachmagazin","https:\/\/www.linkedin.com\/showcase\/organisator-das-magazin-fr-kmu","https:\/\/www.xing.com\/news\/pages\/organisator-ch-695","https:\/\/www.youtube.com\/channel\/UCGP2Sq0iWaZwT3BdIAQFYpw"]},{"@type":"Person","@id":"https:\/\/www.organisator.ch\/#\/schema\/person\/4e51799071cd2dd1232ac003643ef5f0","name":"galledia","image":{"@type":"ImageObject","inLanguage":"fr-FR","@id":"https:\/\/secure.gravatar.com\/avatar\/78a7f90c01fc2bfc875782a0d4922b37cde2cf184ce347b91316d23cd7f69a36?s=96&d=mm&r=g","url":"https:\/\/secure.gravatar.com\/avatar\/78a7f90c01fc2bfc875782a0d4922b37cde2cf184ce347b91316d23cd7f69a36?s=96&d=mm&r=g","contentUrl":"https:\/\/secure.gravatar.com\/avatar\/78a7f90c01fc2bfc875782a0d4922b37cde2cf184ce347b91316d23cd7f69a36?s=96&d=mm&r=g","caption":"galledia"},"sameAs":["https:\/\/x.com\/admin"],"url":"https:\/\/www.organisator.ch\/fr\/author\/galledia\/"}]}},"_links":{"self":[{"href":"https:\/\/www.organisator.ch\/fr\/wp-json\/wp\/v2\/posts\/27481","targetHints":{"allow":["GET"]}}],"collection":[{"href":"https:\/\/www.organisator.ch\/fr\/wp-json\/wp\/v2\/posts"}],"about":[{"href":"https:\/\/www.organisator.ch\/fr\/wp-json\/wp\/v2\/types\/post"}],"author":[{"embeddable":true,"href":"https:\/\/www.organisator.ch\/fr\/wp-json\/wp\/v2\/users\/8"}],"replies":[{"embeddable":true,"href":"https:\/\/www.organisator.ch\/fr\/wp-json\/wp\/v2\/comments?post=27481"}],"version-history":[{"count":7,"href":"https:\/\/www.organisator.ch\/fr\/wp-json\/wp\/v2\/posts\/27481\/revisions"}],"predecessor-version":[{"id":32215,"href":"https:\/\/www.organisator.ch\/fr\/wp-json\/wp\/v2\/posts\/27481\/revisions\/32215"}],"wp:attachment":[{"href":"https:\/\/www.organisator.ch\/fr\/wp-json\/wp\/v2\/media?parent=27481"}],"wp:term":[{"taxonomy":"category","embeddable":true,"href":"https:\/\/www.organisator.ch\/fr\/wp-json\/wp\/v2\/categories?post=27481"},{"taxonomy":"post_tag","embeddable":true,"href":"https:\/\/www.organisator.ch\/fr\/wp-json\/wp\/v2\/tags?post=27481"}],"curies":[{"name":"wp","href":"https:\/\/api.w.org\/{rel}","templated":true}]}}