{"id":27487,"date":"2024-06-06T14:49:45","date_gmt":"2024-06-06T12:49:45","guid":{"rendered":"https:\/\/www.organisator.ch\/?p=27487"},"modified":"2024-06-07T07:16:30","modified_gmt":"2024-06-07T05:16:30","slug":"99-solar-lehrvertraege-abgeschlossen","status":"publish","type":"post","link":"https:\/\/www.organisator.ch\/fr\/sustainability\/2024-06-06\/99-solar-lehrvertraege-abgeschlossen\/","title":{"rendered":"99 contrats d'apprentissage solaire conclus"},"content":{"rendered":"<figure id=\"attachment_27490\" aria-describedby=\"caption-attachment-27490\" style=\"width: 680px\" class=\"wp-caption alignnone\"><img loading=\"lazy\" decoding=\"async\" class=\"wp-image-27490 size-full\" src=\"https:\/\/www.organisator.ch\/wp-content\/uploads\/2024\/06\/Swissolar_Bild1_ps.jpg\" alt=\"\" width=\"680\" height=\"454\" srcset=\"https:\/\/www.organisator.ch\/wp-content\/uploads\/2024\/06\/Swissolar_Bild1_ps.jpg 680w, https:\/\/www.organisator.ch\/wp-content\/uploads\/2024\/06\/Swissolar_Bild1_ps-18x12.jpg 18w, https:\/\/www.organisator.ch\/wp-content\/uploads\/2024\/06\/Swissolar_Bild1_ps-375x250.jpg 375w, https:\/\/www.organisator.ch\/wp-content\/uploads\/2024\/06\/Swissolar_Bild1_ps-524x350.jpg 524w\" sizes=\"auto, (max-width: 680px) 100vw, 680px\" \/><figcaption id=\"caption-attachment-27490\" class=\"wp-caption-text\">L'ann\u00e9e scolaire 2024\/25 marquera le d\u00e9but des nouveaux apprentissages professionnels dans le secteur de l'\u00e9nergie solaire. Les apprentis se r\u00e9jouissent de ce m\u00e9tier d'avenir. (Image : www.swissolar.ch \/ www.solarlehre.ch)<\/figcaption><\/figure>\n<p>En ao\u00fbt, au moins 85 personnes commenceront l'apprentissage de trois ans d'installateur:trice solaire CFC et au moins 10 personnes commenceront l'apprentissage de deux ans d'installateur:trice solaire AFP. Au total, 163 entreprises ont obtenu une autorisation de formation pour l'apprentissage solaire. 26 proc\u00e9dures d'autorisation sont encore en cours. Sur le portail officiel des places d'apprentissage, orientation.ch, 72 places d'apprentissage sont actuellement encore vacantes. Selon les offices cantonaux de formation, la r\u00e9partition par canton au d\u00e9but du mois de juin est la suivante :<\/p>\n<table width=\"90%\">\n<tbody>\n<tr>\n<td width=\"19%\">\n<p><strong>\u00a0Canton<\/strong><\/p>\n<\/td>\n<td width=\"24%\">\n<p><strong>\u00a0Nombre de contrats d'apprentissage<\/strong><\/p>\n<\/td>\n<td width=\"28%\">\n<p><strong>\u00a0Autorisations accord\u00e9es<\/strong><\/p>\n<\/td>\n<td width=\"27%\">\n<p><strong>\u00a0Autorisations en cours<\/strong><\/p>\n<\/td>\n<\/tr>\n<tr>\n<td width=\"19%\">\n<p>\u00a0GT<\/p>\n<\/td>\n<td width=\"24%\">\n<p>\u00a03<\/p>\n<\/td>\n<td width=\"28%\">\n<p>\u00a08<\/p>\n<\/td>\n<td width=\"27%\">\n<p>\u00a01<\/p>\n<\/td>\n<\/tr>\n<tr>\n<td width=\"19%\">\n<p>\u00a0AI<\/p>\n<\/td>\n<td width=\"24%\">\n<p>\u00a00<\/p>\n<\/td>\n<td width=\"28%\">\n<p>\u00a00<\/p>\n<\/td>\n<td width=\"27%\">\n<p>\u00a00<\/p>\n<\/td>\n<\/tr>\n<tr>\n<td width=\"19%\">\n<p>\u00a0AR<\/p>\n<\/td>\n<td width=\"24%\">\n<p>\u00a00<\/p>\n<\/td>\n<td width=\"28%\">\n<p>\u00a00<\/p>\n<\/td>\n<td width=\"27%\">\n<p>\u00a00<\/p>\n<\/td>\n<\/tr>\n<tr>\n<td width=\"19%\">\n<p>\u00a0BE<\/p>\n<\/td>\n<td width=\"24%\">\n<p>21<\/p>\n<\/td>\n<td width=\"28%\">\n<p>\u00a031<\/p>\n<\/td>\n<td width=\"27%\">\n<p>\u00a03<\/p>\n<\/td>\n<\/tr>\n<tr>\n<td width=\"19%\">\n<p>\u00a0BL<\/p>\n<\/td>\n<td width=\"24%\">\n<p>\u00a01<\/p>\n<\/td>\n<td width=\"28%\">\n<p>\u00a04<\/p>\n<\/td>\n<td width=\"27%\">\n<p>\u00a01<\/p>\n<\/td>\n<\/tr>\n<tr>\n<td width=\"19%\">\n<p>\u00a0BS<\/p>\n<\/td>\n<td width=\"24%\">\n<p>\u00a03<\/p>\n<\/td>\n<td width=\"28%\">\n<p>\u00a03<\/p>\n<\/td>\n<td width=\"27%\">\n<p>\u00a00<\/p>\n<\/td>\n<\/tr>\n<tr>\n<td width=\"19%\">\n<p>\u00a0FR<\/p>\n<\/td>\n<td width=\"24%\">\n<p>\u00a015<\/p>\n<\/td>\n<td width=\"28%\">\n<p>\u00a011<\/p>\n<\/td>\n<td width=\"27%\">\n<p>\u00a01<\/p>\n<\/td>\n<\/tr>\n<tr>\n<td width=\"19%\">\n<p>\u00a0GE<\/p>\n<\/td>\n<td width=\"24%\">\n<p>\u00a0*<\/p>\n<\/td>\n<td width=\"28%\">\n<p>\u00a0*<\/p>\n<\/td>\n<td width=\"27%\">\n<p>\u00a0*<\/p>\n<\/td>\n<\/tr>\n<tr>\n<td width=\"19%\">\n<p>\u00a0GL<\/p>\n<\/td>\n<td width=\"24%\">\n<p>\u00a01<\/p>\n<\/td>\n<td width=\"28%\">\n<p>\u00a02<\/p>\n<\/td>\n<td width=\"27%\">\n<p>\u00a00<\/p>\n<\/td>\n<\/tr>\n<tr>\n<td width=\"19%\">\n<p>\u00a0GR<\/p>\n<\/td>\n<td width=\"24%\">\n<p>\u00a01<\/p>\n<\/td>\n<td width=\"28%\">\n<p>\u00a06<\/p>\n<\/td>\n<td width=\"27%\">\n<p>\u00a00<\/p>\n<\/td>\n<\/tr>\n<tr>\n<td width=\"19%\">\n<p>\u00a0JU<\/p>\n<\/td>\n<td width=\"24%\">\n<p>\u00a02<\/p>\n<\/td>\n<td width=\"28%\">\n<p>\u00a03<\/p>\n<\/td>\n<td width=\"27%\">\n<p>\u00a00<\/p>\n<\/td>\n<\/tr>\n<tr>\n<td width=\"19%\">\n<p>\u00a0LU<\/p>\n<\/td>\n<td width=\"24%\">\n<p>\u00a04<\/p>\n<\/td>\n<td width=\"28%\">\n<p>\u00a012<\/p>\n<\/td>\n<td width=\"27%\">\n<p>\u00a02<\/p>\n<\/td>\n<\/tr>\n<tr>\n<td width=\"19%\">\n<p>\u00a0NE<\/p>\n<\/td>\n<td width=\"24%\">\n<p>\u00a01<\/p>\n<\/td>\n<td width=\"28%\">\n<p>\u00a04<\/p>\n<\/td>\n<td width=\"27%\">\n<p>\u00a00<\/p>\n<\/td>\n<\/tr>\n<tr>\n<td width=\"19%\">\n<p>\u00a0NW<\/p>\n<\/td>\n<td width=\"24%\">\n<p>\u00a01<\/p>\n<\/td>\n<td width=\"28%\">\n<p>\u00a01<\/p>\n<\/td>\n<td width=\"27%\">\n<p>\u00a00<\/p>\n<\/td>\n<\/tr>\n<tr>\n<td width=\"19%\">\n<p>\u00a0OW<\/p>\n<\/td>\n<td width=\"24%\">\n<p>\u00a02<\/p>\n<\/td>\n<td width=\"28%\">\n<p>\u00a03<\/p>\n<\/td>\n<td width=\"27%\">\n<p>\u00a00<\/p>\n<\/td>\n<\/tr>\n<tr>\n<td width=\"19%\">\n<p>\u00a0SG<\/p>\n<\/td>\n<td width=\"24%\">\n<p>\u00a07<\/p>\n<\/td>\n<td width=\"28%\">\n<p>\u00a012<\/p>\n<\/td>\n<td width=\"27%\">\n<p>\u00a06<\/p>\n<\/td>\n<\/tr>\n<tr>\n<td width=\"19%\">\n<p>\u00a0SH<\/p>\n<\/td>\n<td width=\"24%\">\n<p>\u00a00<\/p>\n<\/td>\n<td width=\"28%\">\n<p>\u00a00<\/p>\n<\/td>\n<td width=\"27%\">\n<p>\u00a00<\/p>\n<\/td>\n<\/tr>\n<tr>\n<td width=\"19%\">\n<p>\u00a0SO<\/p>\n<\/td>\n<td width=\"24%\">\n<p>\u00a05<\/p>\n<\/td>\n<td width=\"28%\">\n<p>\u00a04<\/p>\n<\/td>\n<td width=\"27%\">\n<p>\u00a01<\/p>\n<\/td>\n<\/tr>\n<tr>\n<td width=\"19%\">\n<p>\u00a0SZ<\/p>\n<\/td>\n<td width=\"24%\">\n<p>\u00a00<\/p>\n<\/td>\n<td width=\"28%\">\n<p>\u00a03<\/p>\n<\/td>\n<td width=\"27%\">\n<p>\u00a01<\/p>\n<\/td>\n<\/tr>\n<tr>\n<td width=\"19%\">\n<p>\u00a0TG<\/p>\n<\/td>\n<td width=\"24%\">\n<p>\u00a03<\/p>\n<\/td>\n<td width=\"28%\">\n<p>\u00a03<\/p>\n<\/td>\n<td width=\"27%\">\n<p>\u00a04<\/p>\n<\/td>\n<\/tr>\n<tr>\n<td width=\"19%\">\n<p>\u00a0TI<\/p>\n<\/td>\n<td width=\"24%\">\n<p>\u00a01<\/p>\n<\/td>\n<td width=\"28%\">\n<p>\u00a06<\/p>\n<\/td>\n<td width=\"27%\">\n<p>\u00a00<\/p>\n<\/td>\n<\/tr>\n<tr>\n<td width=\"19%\">\n<p>\u00a0UR<\/p>\n<\/td>\n<td width=\"24%\">\n<p>\u00a00<\/p>\n<\/td>\n<td width=\"28%\">\n<p>\u00a01<\/p>\n<\/td>\n<td width=\"27%\">\n<p>\u00a00<\/p>\n<\/td>\n<\/tr>\n<tr>\n<td width=\"19%\">\n<p>\u00a0VD<\/p>\n<\/td>\n<td width=\"24%\">\n<p>\u00a06<\/p>\n<\/td>\n<td width=\"28%\">\n<p>\u00a010<\/p>\n<\/td>\n<td width=\"27%\">\n<p>\u00a01<\/p>\n<\/td>\n<\/tr>\n<tr>\n<td width=\"19%\">\n<p>\u00a0VS<\/p>\n<\/td>\n<td width=\"24%\">\n<p>\u00a04<\/p>\n<\/td>\n<td width=\"28%\">\n<p>\u00a017<\/p>\n<\/td>\n<td width=\"27%\">\n<p>\u00a04<\/p>\n<\/td>\n<\/tr>\n<tr>\n<td width=\"19%\">\n<p>\u00a0ZG<\/p>\n<\/td>\n<td width=\"24%\">\n<p>\u00a03<\/p>\n<\/td>\n<td width=\"28%\">\n<p>\u00a04<\/p>\n<\/td>\n<td width=\"27%\">\n<p>\u00a00<\/p>\n<\/td>\n<\/tr>\n<tr>\n<td width=\"19%\">\n<p>\u00a0ZH<\/p>\n<\/td>\n<td width=\"24%\">\n<p>\u00a015<\/p>\n<\/td>\n<td width=\"28%\">\n<p>\u00a015<\/p>\n<\/td>\n<td width=\"27%\">\n<p>\u00a01<\/p>\n<\/td>\n<\/tr>\n<\/tbody>\n<\/table>\n<p><em>*Pas encore de chiffres disponibles<\/em><\/p>\n<p>Les deux nouveaux profils professionnels sont une mesure parmi d'autres pour lutter contre la p\u00e9nurie de main-d'\u0153uvre qualifi\u00e9e dans le secteur solaire en plein essor. Selon le rapport succinct sur les besoins en main-d'\u0153uvre qualifi\u00e9e r\u00e9cemment publi\u00e9 par EBP Suisse et Swissolar, le secteur solaire suisse cr\u00e9e actuellement un emploi pour 11'000 \u00e9quivalents temps plein (ETP). Pour atteindre les objectifs de la strat\u00e9gie \u00e9nerg\u00e9tique 2050, le secteur doit passer \u00e0 20'000 ETP d'ici 2035. \u00c0 moyen terme, le besoin est donc d'environ 850 nouveaux postes \u00e0 temps plein par an. Au d\u00e9but de cette ann\u00e9e scolaire, Swissolar compte sur au moins 120 apprentis et, \u00e0 moyen terme, sur environ 300 dipl\u00f4mes de fin d'apprentissage par an. Pour les sp\u00e9cialistes suppl\u00e9mentaires n\u00e9cessaires, Swissolar d\u00e9veloppe des cours et d'autres offres de formation afin de faciliter l'acc\u00e8s \u00e0 la branche aux personnes qui changent d'orientation professionnelle.<\/p>\n<h3><strong>Beaucoup d'engagement de la part des entreprises<\/strong><\/h3>\n<p>Rita Hidalgo, responsable de la formation chez Swissolar, d\u00e9clare \u00e0 propos des chiffres des offices cantonaux de formation : \"Les professions sont autoris\u00e9es depuis le 1er octobre 2023. Malgr\u00e9 ce court d\u00e9lai, 200 entreprises ont d\u00e9j\u00e0 d\u00e9cid\u00e9 de former des apprentis. C'est impressionnant. En effet, former des apprentis implique, outre les charges administratives li\u00e9es aux autorisations, une organisation exigeante de la formation. Il est tr\u00e8s r\u00e9jouissant de constater que l'apprentissage dans le domaine du solaire conna\u00eet un d\u00e9marrage aussi rapide\".<strong><\/p>\n<p><\/strong>Mich\u00e8le Ofri, responsable du marketing professionnel chez Swissolar, d\u00e9clare : \"Il y a un grand int\u00e9r\u00eat pour ce nouveau m\u00e9tier. Dans les entreprises, on ressent un net soulagement \u00e0 l'id\u00e9e qu'il existe d\u00e9sormais, avec l'apprentissage solaire, une formation sp\u00e9cifique pour les installateurs et installateurs solaires. Les jeunes s'int\u00e9ressent \u00e0 ce m\u00e9tier passionnant parce qu'il leur offre une activit\u00e9 artisanale vari\u00e9e dans des entreprises modernes. Les demandes de stages d'initiation ont parfois d\u00e9pass\u00e9 les capacit\u00e9s des entreprises sollicit\u00e9es\".<\/p>\n<h3><strong>Les apprentis se r\u00e9jouissent de ce m\u00e9tier d'avenir\u00a0<\/strong><\/h3>\n<p>Ben Gonda, par exemple, explique sa motivation : \"L'apprentissage m'int\u00e9resse parce que l'\u00e9nergie solaire est importante pour l'avenir. Je me r\u00e9jouis d'\u00eatre dehors et de travailler sur les toits\". Gonda commencera son apprentissage solaire en ao\u00fbt chez Jenni Energietechnik \u00e0 Oberburg BE. Tobias Blatter, futur apprenti chez Alex Gemperle AG \u00e0 H\u00fcnenberg ZG, se r\u00e9jouit lui aussi de commencer sa formation : \"Je suis un artisan enthousiaste. Pour moi, l'apprentissage solaire est un pas vers mon m\u00e9tier d'avenir\".<\/p>\n<h3><strong>Contenu des deux dipl\u00f4mes d'apprentissage<\/strong><\/h3>\n<p>Le chemin menant au dipl\u00f4me d'\"installateur\/trice solaire avec certificat f\u00e9d\u00e9ral de capacit\u00e9 (CFC)\" passe par un apprentissage de trois ans. Les futurs professionnels du solaire y apprennent tout ce qui fait partie de la construction d'une installation solaire : montage, installation, maintenance et d\u00e9montage. Les installateurs solaires titulaires d'une attestation f\u00e9d\u00e9rale de formation professionnelle (AFP) effectuent un apprentissage de deux ans. Leur domaine d'activit\u00e9 comprend le montage et le d\u00e9montage d'installations. Les titulaires d'un CFC ou d'une maturit\u00e9 peuvent raccourcir leur apprentissage. En ao\u00fbt de cette ann\u00e9e, 19 personnes commencent un apprentissage raccourci.<strong>\u00a0<\/strong><\/p>\n<p><em>Source : <a href=\"http:\/\/www.swissolar.ch\">www.swissolar.ch<\/a> \/ <a href=\"https:\/\/solarlehre.ch\/lehrstellen\/\">www.solarlehre.ch\u00a0<\/a><\/em><\/p>","protected":false},"excerpt":{"rendered":"<p>Pr\u00e8s de cent contrats d'apprentissage ont \u00e9t\u00e9 conclus \u00e0 ce jour pour les deux nouvelles professions d'installateur:-trice solaire CFC et d'installateur:-trice solaire AFP. En Suisse al\u00e9manique, on compte 70 contrats d'apprentissage, en Suisse romande 28, tandis qu'un seul a \u00e9t\u00e9 conclu au Tessin. Au total, 163 entreprises ont obtenu une autorisation de formation pour l'apprentissage solaire.<\/p>","protected":false},"author":58,"featured_media":27490,"comment_status":"closed","ping_status":"closed","sticky":false,"template":"","format":"standard","meta":{"_acf_changed":false,"_yoast_wpseo_focuskw":"Lehrvertr\u00e4ge","_yoast_wpseo_metadesc":"Knapp hundert Lehrvertr\u00e4ge sind f\u00fcr die beiden neuen Lehrberufe Solarinstallateur:in EFZ und Solarmonteur:in EBA bis jetzt abgeschlossen.","articlekey":"","footnotes":""},"categories":[580,30],"tags":[62,2246,2271,492],"class_list":["post-27487","post","type-post","status-publish","format-standard","has-post-thumbnail","hentry","category-sustainability","category-weiterbildung","tag-aus-weiterbildung","tag-sustainability","tag-swissolar","tag-unternehmen"],"acf":[],"yoast_head":"<!-- This site is optimized with the Yoast SEO plugin v27.5 - https:\/\/yoast.com\/product\/yoast-seo-wordpress\/ -->\n<title>99 Solar-Lehrvertr\u00e4ge abgeschlossen - Organisator<\/title>\n<meta name=\"description\" content=\"Knapp hundert Lehrvertr\u00e4ge sind f\u00fcr die beiden neuen Lehrberufe Solarinstallateur:in EFZ und Solarmonteur:in EBA bis jetzt abgeschlossen.\" \/>\n<meta name=\"robots\" content=\"index, follow, max-snippet:-1, max-image-preview:large, max-video-preview:-1\" \/>\n<link rel=\"canonical\" href=\"https:\/\/www.organisator.ch\/fr\/sustainability\/2024-06-06\/99-solar-lehrvertraege-abgeschlossen\/\" \/>\n<meta property=\"og:locale\" content=\"fr_FR\" \/>\n<meta property=\"og:type\" content=\"article\" \/>\n<meta property=\"og:title\" content=\"99 Solar-Lehrvertr\u00e4ge abgeschlossen\" \/>\n<meta property=\"og:description\" content=\"Knapp hundert Lehrvertr\u00e4ge sind f\u00fcr die beiden neuen Lehrberufe Solarinstallateur:in EFZ und Solarmonteur:in EBA bis jetzt abgeschlossen.\" \/>\n<meta property=\"og:url\" content=\"https:\/\/www.organisator.ch\/fr\/sustainability\/2024-06-06\/99-solar-lehrvertraege-abgeschlossen\/\" \/>\n<meta property=\"og:site_name\" content=\"Organisator\" \/>\n<meta property=\"article:publisher\" content=\"https:\/\/www.facebook.com\/OrganisatorFachmagazin\" \/>\n<meta property=\"article:published_time\" content=\"2024-06-06T12:49:45+00:00\" \/>\n<meta property=\"article:modified_time\" content=\"2024-06-07T05:16:30+00:00\" \/>\n<meta property=\"og:image\" content=\"https:\/\/www.organisator.ch\/wp-content\/uploads\/2024\/06\/Swissolar_Bild1_ps.jpg\" \/>\n\t<meta property=\"og:image:width\" content=\"680\" \/>\n\t<meta property=\"og:image:height\" content=\"454\" \/>\n\t<meta property=\"og:image:type\" content=\"image\/jpeg\" \/>\n<meta name=\"author\" content=\"Adelisa Kalajdzini\" \/>\n<meta name=\"twitter:card\" content=\"summary_large_image\" \/>\n<meta name=\"twitter:title\" content=\"99 Solar-Lehrvertr\u00e4ge abgeschlossen\" \/>\n<meta name=\"twitter:description\" content=\"Knapp hundert #Lehrvertr\u00e4ge sind f\u00fcr die beiden neuen #Lehrberufe #Solarinstallateur:in #EFZ und #Solarmonteur:in #EBA bis jetzt abgeschlossen.\" \/>\n<meta name=\"twitter:image\" content=\"https:\/\/www.organisator.ch\/wp-content\/uploads\/2024\/06\/Swissolar_Bild1_ps.jpg\" \/>\n<script type=\"application\/ld+json\" class=\"yoast-schema-graph\">{\"@context\":\"https:\\\/\\\/schema.org\",\"@graph\":[{\"@type\":\"Article\",\"@id\":\"https:\\\/\\\/www.organisator.ch\\\/sustainability\\\/2024-06-06\\\/99-solar-lehrvertraege-abgeschlossen\\\/#article\",\"isPartOf\":{\"@id\":\"https:\\\/\\\/www.organisator.ch\\\/sustainability\\\/2024-06-06\\\/99-solar-lehrvertraege-abgeschlossen\\\/\"},\"author\":{\"name\":\"Adelisa Kalajdzini\",\"@id\":\"https:\\\/\\\/www.organisator.ch\\\/#\\\/schema\\\/person\\\/2e1314a2172123f874db408d8911d3f3\"},\"headline\":\"99 Solar-Lehrvertr\u00e4ge abgeschlossen\",\"datePublished\":\"2024-06-06T12:49:45+00:00\",\"dateModified\":\"2024-06-07T05:16:30+00:00\",\"mainEntityOfPage\":{\"@id\":\"https:\\\/\\\/www.organisator.ch\\\/sustainability\\\/2024-06-06\\\/99-solar-lehrvertraege-abgeschlossen\\\/\"},\"wordCount\":577,\"publisher\":{\"@id\":\"https:\\\/\\\/www.organisator.ch\\\/#organization\"},\"image\":{\"@id\":\"https:\\\/\\\/www.organisator.ch\\\/sustainability\\\/2024-06-06\\\/99-solar-lehrvertraege-abgeschlossen\\\/#primaryimage\"},\"thumbnailUrl\":\"https:\\\/\\\/www.organisator.ch\\\/wp-content\\\/uploads\\\/2024\\\/06\\\/Swissolar_Bild1_ps.jpg\",\"keywords\":[\"Aus-\\\/Weiterbildung\",\"Sustainability\",\"Swissolar\",\"Unternehmen\"],\"articleSection\":[\"SUSTAINABILITY\",\"WEITERBILDUNG\"],\"inLanguage\":\"fr-FR\"},{\"@type\":\"WebPage\",\"@id\":\"https:\\\/\\\/www.organisator.ch\\\/sustainability\\\/2024-06-06\\\/99-solar-lehrvertraege-abgeschlossen\\\/\",\"url\":\"https:\\\/\\\/www.organisator.ch\\\/sustainability\\\/2024-06-06\\\/99-solar-lehrvertraege-abgeschlossen\\\/\",\"name\":\"99 Solar-Lehrvertr\u00e4ge abgeschlossen - Organisator\",\"isPartOf\":{\"@id\":\"https:\\\/\\\/www.organisator.ch\\\/#website\"},\"primaryImageOfPage\":{\"@id\":\"https:\\\/\\\/www.organisator.ch\\\/sustainability\\\/2024-06-06\\\/99-solar-lehrvertraege-abgeschlossen\\\/#primaryimage\"},\"image\":{\"@id\":\"https:\\\/\\\/www.organisator.ch\\\/sustainability\\\/2024-06-06\\\/99-solar-lehrvertraege-abgeschlossen\\\/#primaryimage\"},\"thumbnailUrl\":\"https:\\\/\\\/www.organisator.ch\\\/wp-content\\\/uploads\\\/2024\\\/06\\\/Swissolar_Bild1_ps.jpg\",\"datePublished\":\"2024-06-06T12:49:45+00:00\",\"dateModified\":\"2024-06-07T05:16:30+00:00\",\"description\":\"Knapp hundert Lehrvertr\u00e4ge sind f\u00fcr die beiden neuen Lehrberufe Solarinstallateur:in EFZ und Solarmonteur:in EBA bis jetzt abgeschlossen.\",\"breadcrumb\":{\"@id\":\"https:\\\/\\\/www.organisator.ch\\\/sustainability\\\/2024-06-06\\\/99-solar-lehrvertraege-abgeschlossen\\\/#breadcrumb\"},\"inLanguage\":\"fr-FR\",\"potentialAction\":[{\"@type\":\"ReadAction\",\"target\":[\"https:\\\/\\\/www.organisator.ch\\\/sustainability\\\/2024-06-06\\\/99-solar-lehrvertraege-abgeschlossen\\\/\"]}]},{\"@type\":\"ImageObject\",\"inLanguage\":\"fr-FR\",\"@id\":\"https:\\\/\\\/www.organisator.ch\\\/sustainability\\\/2024-06-06\\\/99-solar-lehrvertraege-abgeschlossen\\\/#primaryimage\",\"url\":\"https:\\\/\\\/www.organisator.ch\\\/wp-content\\\/uploads\\\/2024\\\/06\\\/Swissolar_Bild1_ps.jpg\",\"contentUrl\":\"https:\\\/\\\/www.organisator.ch\\\/wp-content\\\/uploads\\\/2024\\\/06\\\/Swissolar_Bild1_ps.jpg\",\"width\":680,\"height\":454,\"caption\":\"Im Schuljahr 2024\\\/25 starten die neuen Berufslehren in der Solarbranche. Lernende freuen sich auf den Zukunftsberuf. (Bild: www.swissolar.ch)\"},{\"@type\":\"BreadcrumbList\",\"@id\":\"https:\\\/\\\/www.organisator.ch\\\/sustainability\\\/2024-06-06\\\/99-solar-lehrvertraege-abgeschlossen\\\/#breadcrumb\",\"itemListElement\":[{\"@type\":\"ListItem\",\"position\":1,\"name\":\"Home\",\"item\":\"https:\\\/\\\/www.organisator.ch\\\/\"},{\"@type\":\"ListItem\",\"position\":2,\"name\":\"99 Solar-Lehrvertr\u00e4ge abgeschlossen\"}]},{\"@type\":\"WebSite\",\"@id\":\"https:\\\/\\\/www.organisator.ch\\\/#website\",\"url\":\"https:\\\/\\\/www.organisator.ch\\\/\",\"name\":\"Organisator\",\"description\":\"Kompetent. Praxisnah. Der ORGANISATOR bereitet in 10 Ausgaben pro Jahr die wesentlichen Themen f\u00fcr F\u00fchrungskr\u00e4fte von KMU auf.\",\"publisher\":{\"@id\":\"https:\\\/\\\/www.organisator.ch\\\/#organization\"},\"potentialAction\":[{\"@type\":\"SearchAction\",\"target\":{\"@type\":\"EntryPoint\",\"urlTemplate\":\"https:\\\/\\\/www.organisator.ch\\\/?s={search_term_string}\"},\"query-input\":{\"@type\":\"PropertyValueSpecification\",\"valueRequired\":true,\"valueName\":\"search_term_string\"}}],\"inLanguage\":\"fr-FR\"},{\"@type\":\"Organization\",\"@id\":\"https:\\\/\\\/www.organisator.ch\\\/#organization\",\"name\":\"Organisator\",\"url\":\"https:\\\/\\\/www.organisator.ch\\\/\",\"logo\":{\"@type\":\"ImageObject\",\"inLanguage\":\"fr-FR\",\"@id\":\"https:\\\/\\\/www.organisator.ch\\\/#\\\/schema\\\/logo\\\/image\\\/\",\"url\":\"https:\\\/\\\/www.organisator.ch\\\/wp-content\\\/uploads\\\/2022\\\/01\\\/Logo_Organisator_Website.png\",\"contentUrl\":\"https:\\\/\\\/www.organisator.ch\\\/wp-content\\\/uploads\\\/2022\\\/01\\\/Logo_Organisator_Website.png\",\"width\":800,\"height\":77,\"caption\":\"Organisator\"},\"image\":{\"@id\":\"https:\\\/\\\/www.organisator.ch\\\/#\\\/schema\\\/logo\\\/image\\\/\"},\"sameAs\":[\"https:\\\/\\\/www.facebook.com\\\/OrganisatorFachmagazin\",\"https:\\\/\\\/www.linkedin.com\\\/showcase\\\/organisator-das-magazin-fr-kmu\",\"https:\\\/\\\/www.xing.com\\\/news\\\/pages\\\/organisator-ch-695\",\"https:\\\/\\\/www.youtube.com\\\/channel\\\/UCGP2Sq0iWaZwT3BdIAQFYpw\"]},{\"@type\":\"Person\",\"@id\":\"https:\\\/\\\/www.organisator.ch\\\/#\\\/schema\\\/person\\\/2e1314a2172123f874db408d8911d3f3\",\"name\":\"Adelisa Kalajdzini\",\"image\":{\"@type\":\"ImageObject\",\"inLanguage\":\"fr-FR\",\"@id\":\"https:\\\/\\\/secure.gravatar.com\\\/avatar\\\/09a397c22ac58cad6f160ee8306348599df9df58a8ede73696226897b9fa4b24?s=96&d=mm&r=g\",\"url\":\"https:\\\/\\\/secure.gravatar.com\\\/avatar\\\/09a397c22ac58cad6f160ee8306348599df9df58a8ede73696226897b9fa4b24?s=96&d=mm&r=g\",\"contentUrl\":\"https:\\\/\\\/secure.gravatar.com\\\/avatar\\\/09a397c22ac58cad6f160ee8306348599df9df58a8ede73696226897b9fa4b24?s=96&d=mm&r=g\",\"caption\":\"Adelisa Kalajdzini\"},\"url\":\"https:\\\/\\\/www.organisator.ch\\\/fr\\\/author\\\/adelisa-kalajdzini\\\/\"}]}<\/script>\n<!-- \/ Yoast SEO plugin. -->","yoast_head_json":{"title":"99 contrats d'apprentissage solaire conclus - Organisateur","description":"Pr\u00e8s d'une centaine de contrats d'apprentissage ont \u00e9t\u00e9 conclus \u00e0 ce jour pour les deux nouvelles professions d'installateur(trice) solaire CFC et d'installateur(trice) solaire AFP.","robots":{"index":"index","follow":"follow","max-snippet":"max-snippet:-1","max-image-preview":"max-image-preview:large","max-video-preview":"max-video-preview:-1"},"canonical":"https:\/\/www.organisator.ch\/fr\/sustainability\/2024-06-06\/99-solar-lehrvertraege-abgeschlossen\/","og_locale":"fr_FR","og_type":"article","og_title":"99 Solar-Lehrvertr\u00e4ge abgeschlossen","og_description":"Knapp hundert Lehrvertr\u00e4ge sind f\u00fcr die beiden neuen Lehrberufe Solarinstallateur:in EFZ und Solarmonteur:in EBA bis jetzt abgeschlossen.","og_url":"https:\/\/www.organisator.ch\/fr\/sustainability\/2024-06-06\/99-solar-lehrvertraege-abgeschlossen\/","og_site_name":"Organisator","article_publisher":"https:\/\/www.facebook.com\/OrganisatorFachmagazin","article_published_time":"2024-06-06T12:49:45+00:00","article_modified_time":"2024-06-07T05:16:30+00:00","og_image":[{"width":680,"height":454,"url":"https:\/\/www.organisator.ch\/wp-content\/uploads\/2024\/06\/Swissolar_Bild1_ps.jpg","type":"image\/jpeg"}],"author":"Adelisa Kalajdzini","twitter_card":"summary_large_image","twitter_title":"99 Solar-Lehrvertr\u00e4ge abgeschlossen","twitter_description":"Knapp hundert #Lehrvertr\u00e4ge sind f\u00fcr die beiden neuen #Lehrberufe #Solarinstallateur:in #EFZ und #Solarmonteur:in #EBA bis jetzt abgeschlossen.","twitter_image":"https:\/\/www.organisator.ch\/wp-content\/uploads\/2024\/06\/Swissolar_Bild1_ps.jpg","schema":{"@context":"https:\/\/schema.org","@graph":[{"@type":"Article","@id":"https:\/\/www.organisator.ch\/sustainability\/2024-06-06\/99-solar-lehrvertraege-abgeschlossen\/#article","isPartOf":{"@id":"https:\/\/www.organisator.ch\/sustainability\/2024-06-06\/99-solar-lehrvertraege-abgeschlossen\/"},"author":{"name":"Adelisa Kalajdzini","@id":"https:\/\/www.organisator.ch\/#\/schema\/person\/2e1314a2172123f874db408d8911d3f3"},"headline":"99 Solar-Lehrvertr\u00e4ge abgeschlossen","datePublished":"2024-06-06T12:49:45+00:00","dateModified":"2024-06-07T05:16:30+00:00","mainEntityOfPage":{"@id":"https:\/\/www.organisator.ch\/sustainability\/2024-06-06\/99-solar-lehrvertraege-abgeschlossen\/"},"wordCount":577,"publisher":{"@id":"https:\/\/www.organisator.ch\/#organization"},"image":{"@id":"https:\/\/www.organisator.ch\/sustainability\/2024-06-06\/99-solar-lehrvertraege-abgeschlossen\/#primaryimage"},"thumbnailUrl":"https:\/\/www.organisator.ch\/wp-content\/uploads\/2024\/06\/Swissolar_Bild1_ps.jpg","keywords":["Aus-\/Weiterbildung","Sustainability","Swissolar","Unternehmen"],"articleSection":["SUSTAINABILITY","WEITERBILDUNG"],"inLanguage":"fr-FR"},{"@type":"WebPage","@id":"https:\/\/www.organisator.ch\/sustainability\/2024-06-06\/99-solar-lehrvertraege-abgeschlossen\/","url":"https:\/\/www.organisator.ch\/sustainability\/2024-06-06\/99-solar-lehrvertraege-abgeschlossen\/","name":"99 contrats d'apprentissage solaire conclus - Organisateur","isPartOf":{"@id":"https:\/\/www.organisator.ch\/#website"},"primaryImageOfPage":{"@id":"https:\/\/www.organisator.ch\/sustainability\/2024-06-06\/99-solar-lehrvertraege-abgeschlossen\/#primaryimage"},"image":{"@id":"https:\/\/www.organisator.ch\/sustainability\/2024-06-06\/99-solar-lehrvertraege-abgeschlossen\/#primaryimage"},"thumbnailUrl":"https:\/\/www.organisator.ch\/wp-content\/uploads\/2024\/06\/Swissolar_Bild1_ps.jpg","datePublished":"2024-06-06T12:49:45+00:00","dateModified":"2024-06-07T05:16:30+00:00","description":"Pr\u00e8s d'une centaine de contrats d'apprentissage ont \u00e9t\u00e9 conclus \u00e0 ce jour pour les deux nouvelles professions d'installateur(trice) solaire CFC et d'installateur(trice) solaire AFP.","breadcrumb":{"@id":"https:\/\/www.organisator.ch\/sustainability\/2024-06-06\/99-solar-lehrvertraege-abgeschlossen\/#breadcrumb"},"inLanguage":"fr-FR","potentialAction":[{"@type":"ReadAction","target":["https:\/\/www.organisator.ch\/sustainability\/2024-06-06\/99-solar-lehrvertraege-abgeschlossen\/"]}]},{"@type":"ImageObject","inLanguage":"fr-FR","@id":"https:\/\/www.organisator.ch\/sustainability\/2024-06-06\/99-solar-lehrvertraege-abgeschlossen\/#primaryimage","url":"https:\/\/www.organisator.ch\/wp-content\/uploads\/2024\/06\/Swissolar_Bild1_ps.jpg","contentUrl":"https:\/\/www.organisator.ch\/wp-content\/uploads\/2024\/06\/Swissolar_Bild1_ps.jpg","width":680,"height":454,"caption":"Im Schuljahr 2024\/25 starten die neuen Berufslehren in der Solarbranche. Lernende freuen sich auf den Zukunftsberuf. (Bild: www.swissolar.ch)"},{"@type":"BreadcrumbList","@id":"https:\/\/www.organisator.ch\/sustainability\/2024-06-06\/99-solar-lehrvertraege-abgeschlossen\/#breadcrumb","itemListElement":[{"@type":"ListItem","position":1,"name":"Home","item":"https:\/\/www.organisator.ch\/"},{"@type":"ListItem","position":2,"name":"99 Solar-Lehrvertr\u00e4ge abgeschlossen"}]},{"@type":"WebSite","@id":"https:\/\/www.organisator.ch\/#website","url":"https:\/\/www.organisator.ch\/","name":"Organisateur","description":"Comp\u00e9tence et comp\u00e9tence. Proches de la pratique. L'ORGANISATEUR pr\u00e9pare 10 num\u00e9ros par an sur les th\u00e8mes essentiels pour les dirigeants de PME.","publisher":{"@id":"https:\/\/www.organisator.ch\/#organization"},"potentialAction":[{"@type":"SearchAction","target":{"@type":"EntryPoint","urlTemplate":"https:\/\/www.organisator.ch\/?s={search_term_string}"},"query-input":{"@type":"PropertyValueSpecification","valueRequired":true,"valueName":"search_term_string"}}],"inLanguage":"fr-FR"},{"@type":"Organization","@id":"https:\/\/www.organisator.ch\/#organization","name":"Organisateur","url":"https:\/\/www.organisator.ch\/","logo":{"@type":"ImageObject","inLanguage":"fr-FR","@id":"https:\/\/www.organisator.ch\/#\/schema\/logo\/image\/","url":"https:\/\/www.organisator.ch\/wp-content\/uploads\/2022\/01\/Logo_Organisator_Website.png","contentUrl":"https:\/\/www.organisator.ch\/wp-content\/uploads\/2022\/01\/Logo_Organisator_Website.png","width":800,"height":77,"caption":"Organisator"},"image":{"@id":"https:\/\/www.organisator.ch\/#\/schema\/logo\/image\/"},"sameAs":["https:\/\/www.facebook.com\/OrganisatorFachmagazin","https:\/\/www.linkedin.com\/showcase\/organisator-das-magazin-fr-kmu","https:\/\/www.xing.com\/news\/pages\/organisator-ch-695","https:\/\/www.youtube.com\/channel\/UCGP2Sq0iWaZwT3BdIAQFYpw"]},{"@type":"Person","@id":"https:\/\/www.organisator.ch\/#\/schema\/person\/2e1314a2172123f874db408d8911d3f3","name":"Adelisa Kalajdzini","image":{"@type":"ImageObject","inLanguage":"fr-FR","@id":"https:\/\/secure.gravatar.com\/avatar\/09a397c22ac58cad6f160ee8306348599df9df58a8ede73696226897b9fa4b24?s=96&d=mm&r=g","url":"https:\/\/secure.gravatar.com\/avatar\/09a397c22ac58cad6f160ee8306348599df9df58a8ede73696226897b9fa4b24?s=96&d=mm&r=g","contentUrl":"https:\/\/secure.gravatar.com\/avatar\/09a397c22ac58cad6f160ee8306348599df9df58a8ede73696226897b9fa4b24?s=96&d=mm&r=g","caption":"Adelisa Kalajdzini"},"url":"https:\/\/www.organisator.ch\/fr\/author\/adelisa-kalajdzini\/"}]}},"_links":{"self":[{"href":"https:\/\/www.organisator.ch\/fr\/wp-json\/wp\/v2\/posts\/27487","targetHints":{"allow":["GET"]}}],"collection":[{"href":"https:\/\/www.organisator.ch\/fr\/wp-json\/wp\/v2\/posts"}],"about":[{"href":"https:\/\/www.organisator.ch\/fr\/wp-json\/wp\/v2\/types\/post"}],"author":[{"embeddable":true,"href":"https:\/\/www.organisator.ch\/fr\/wp-json\/wp\/v2\/users\/58"}],"replies":[{"embeddable":true,"href":"https:\/\/www.organisator.ch\/fr\/wp-json\/wp\/v2\/comments?post=27487"}],"version-history":[{"count":8,"href":"https:\/\/www.organisator.ch\/fr\/wp-json\/wp\/v2\/posts\/27487\/revisions"}],"predecessor-version":[{"id":27493,"href":"https:\/\/www.organisator.ch\/fr\/wp-json\/wp\/v2\/posts\/27487\/revisions\/27493"}],"wp:featuredmedia":[{"embeddable":true,"href":"https:\/\/www.organisator.ch\/fr\/wp-json\/wp\/v2\/media\/27490"}],"wp:attachment":[{"href":"https:\/\/www.organisator.ch\/fr\/wp-json\/wp\/v2\/media?parent=27487"}],"wp:term":[{"taxonomy":"category","embeddable":true,"href":"https:\/\/www.organisator.ch\/fr\/wp-json\/wp\/v2\/categories?post=27487"},{"taxonomy":"post_tag","embeddable":true,"href":"https:\/\/www.organisator.ch\/fr\/wp-json\/wp\/v2\/tags?post=27487"}],"curies":[{"name":"wp","href":"https:\/\/api.w.org\/{rel}","templated":true}]}}