{"id":27585,"date":"2024-06-12T08:43:41","date_gmt":"2024-06-12T06:43:41","guid":{"rendered":"https:\/\/www.organisator.ch\/?p=27585"},"modified":"2024-06-12T08:43:41","modified_gmt":"2024-06-12T06:43:41","slug":"findependent-startet-am-1-juli-crowdinvestment","status":"publish","type":"post","link":"https:\/\/www.organisator.ch\/fr\/management\/2024-06-12\/findependent-startet-am-1-juli-crowdinvestment\/","title":{"rendered":"findependent lance le crowdinvestment le 1er juillet"},"content":{"rendered":"<figure id=\"attachment_27587\" aria-describedby=\"caption-attachment-27587\" style=\"width: 680px\" class=\"wp-caption alignnone\"><img loading=\"lazy\" decoding=\"async\" class=\"size-full wp-image-27587\" src=\"https:\/\/www.organisator.ch\/wp-content\/uploads\/2024\/06\/findependent-startet-am-1.-Juli-Crowdinvestment_Organisator.png\" alt=\"\" width=\"680\" height=\"453\" srcset=\"https:\/\/www.organisator.ch\/wp-content\/uploads\/2024\/06\/findependent-startet-am-1.-Juli-Crowdinvestment_Organisator.png 680w, https:\/\/www.organisator.ch\/wp-content\/uploads\/2024\/06\/findependent-startet-am-1.-Juli-Crowdinvestment_Organisator-18x12.png 18w, https:\/\/www.organisator.ch\/wp-content\/uploads\/2024\/06\/findependent-startet-am-1.-Juli-Crowdinvestment_Organisator-375x250.png 375w, https:\/\/www.organisator.ch\/wp-content\/uploads\/2024\/06\/findependent-startet-am-1.-Juli-Crowdinvestment_Organisator-525x350.png 525w\" sizes=\"auto, (max-width: 680px) 100vw, 680px\" \/><figcaption id=\"caption-attachment-27587\" class=\"wp-caption-text\">L'\u00e9quipe de la start-up FinTech findependent. (Image : zVg \/ findependent)<\/figcaption><\/figure>\n<p>La croissance de findependent (connue entre autres par la <a href=\"https:\/\/www.organisator.ch\/de\/allgemein\/2021-11-24\/der-duft-des-geldes-in-der-hoehle-der-loewen-schweiz-folge-3-5\/\">\u00c9mission de t\u00e9l\u00e9vision \"Die H\u00f6hle der L\u00f6wen Schweiz\" (La grotte des lions)<\/a>) s'est accentu\u00e9e au cours des six derniers mois et a permis d'augmenter non seulement le nombre de clients \u00e0 plus de 12 000, mais aussi la fortune g\u00e9r\u00e9e \u00e0 plus de 110 millions de CHF. Selon ses propres indications, Findependent a r\u00e9ussi \u00e0 ma\u00eetriser cette croissance avec l'\u00e9quipe existante. Avec sept collaborateurs, la start-up reste tr\u00e8s l\u00e9g\u00e8re.<\/p>\n<p>Les investisseurs existants se montrent convaincus par le d\u00e9veloppement. Ils ont donc mis \u00e0 disposition un financement de croissance suppl\u00e9mentaire d'un total de 1,5 million de CHF au cours des derniers mois. Ainsi, findependent a re\u00e7u 3,5 millions de CHF depuis sa cr\u00e9ation par Matthias Bryner et Kay Foerschle et est rest\u00e9e ind\u00e9pendante d'une banque ou d'autres entreprises pendant tous les tours de financement. \"L'\u00e9quipe qui entoure Matthias continue de me convaincre. Ils travaillent avec passion et avec le c\u0153ur pour rendre les avantages de l'investissement accessibles \u00e0 tous\", explique Roland Brack \u00e0 propos de son engagement. Il est investisseur chez findependent depuis 2021.<\/p>\n<p>Pour la premi\u00e8re fois, le crowdinvesting offre \u00e0 tous la possibilit\u00e9 de participer non seulement \u00e0 des projets de recherche, mais aussi \u00e0 des projets de d\u00e9veloppement. <em>avec<\/em> findependent mais aussi <em>dans <\/em>d'investir dans findependent en tant qu'entreprise. \"Nous souhaitons que nos clients nous accompagnent encore plus \u00e9troitement dans notre voyage et r\u00e9pondons en m\u00eame temps \u00e0 un souhait souvent exprim\u00e9\", explique Matthias Bryner, CEO et fondateur de findependent, \u00e0 propos de cette d\u00e9cision. A partir du 1er juillet 2024, il y aura d'abord une p\u00e9riode de souscription exclusive de trois jours pour les clients existants. Ensuite, entre le 4 et le 14 juillet, le grand public pourra \u00e9galement investir dans findependent. Il est pr\u00e9vu de lever au moins 2 millions de CHF. \"Pour d\u00e9velopper notre produit, continuer \u00e0 d\u00e9velopper l'application et nous positionner de mani\u00e8re ad\u00e9quate pour la croissance future\", explique Bryner \u00e0 propos de l'utilisation des fonds.<\/p>\n<p>Matthias Moser a \u00e9t\u00e9 \u00e9lu au conseil d'administration afin de b\u00e9n\u00e9ficier d'une assise encore plus large dans le contexte de la croissance future. Moser apporte une vaste et longue exp\u00e9rience dans le secteur bancaire, notamment dans la gestion des risques. Il est \u00e2g\u00e9 de 61 ans et vit \u00e0 Frick.<\/p>\n<p><em>Source et informations compl\u00e9mentaires :\u00a0<a href=\"https:\/\/findependent.ch\/\">trouvependent<\/a><\/em><\/p>","protected":false},"excerpt":{"rendered":"<p>La start-up fintech findependent a obtenu 1,5 million de CHF suppl\u00e9mentaires de la part d'investisseurs existants et offre d\u00e9sormais pour la premi\u00e8re fois au public la possibilit\u00e9 de participer directement \u00e0 cette entreprise en pleine croissance. Il est pr\u00e9vu de lever au moins 2 millions de CHF par le biais du crowdinvesting. L'argent sera utilis\u00e9 pour l'extension, la croissance et le d\u00e9veloppement. En outre, le conseil d'administration a \u00e9t\u00e9 renforc\u00e9 par l'arriv\u00e9e de Matthias Moser, sp\u00e9cialiste des banques et des risques. <\/p>","protected":false},"author":4,"featured_media":27587,"comment_status":"closed","ping_status":"closed","sticky":false,"template":"","format":"standard","meta":{"_acf_changed":false,"_yoast_wpseo_focuskw":"Crowdinvestment","_yoast_wpseo_metadesc":"Die \u00d6ffentlichkeit kann sich ab 1. Juli am aufstrebenden Fintech-Startup findependent beteiligen, und zwar mittels Crowdinvestment.","articlekey":"","footnotes":""},"categories":[28],"tags":[4251,204,1443,335,451],"class_list":["post-27585","post","type-post","status-publish","format-standard","has-post-thumbnail","hentry","category-management","tag-crowdinvestment","tag-fintech","tag-investments","tag-management-und-unternehmensfuehrung","tag-startups"],"acf":[],"yoast_head":"<!-- This site is optimized with the Yoast SEO plugin v27.5 - https:\/\/yoast.com\/product\/yoast-seo-wordpress\/ -->\n<title>findependent startet am 1. Juli Crowdinvestment - Organisator<\/title>\n<meta name=\"description\" content=\"Die \u00d6ffentlichkeit kann sich ab 1. Juli am aufstrebenden Fintech-Startup findependent beteiligen, und zwar mittels Crowdinvestment.\" \/>\n<meta name=\"robots\" content=\"index, follow, max-snippet:-1, max-image-preview:large, max-video-preview:-1\" \/>\n<link rel=\"canonical\" href=\"https:\/\/www.organisator.ch\/fr\/gestion-2\/2024-06-12\/findependent-startet-am-1-juli-crowdinvestment\/\" \/>\n<meta property=\"og:locale\" content=\"fr_FR\" \/>\n<meta property=\"og:type\" content=\"article\" \/>\n<meta property=\"og:title\" content=\"findependent startet am 1. Juli Crowdinvestment\" \/>\n<meta property=\"og:description\" content=\"Die \u00d6ffentlichkeit kann sich ab 1. Juli am aufstrebenden Fintech-Startup findependent beteiligen, und zwar mittels Crowdinvestment.\" \/>\n<meta property=\"og:url\" content=\"https:\/\/www.organisator.ch\/fr\/gestion-2\/2024-06-12\/findependent-startet-am-1-juli-crowdinvestment\/\" \/>\n<meta property=\"og:site_name\" content=\"Organisator\" \/>\n<meta property=\"article:publisher\" content=\"https:\/\/www.facebook.com\/OrganisatorFachmagazin\" \/>\n<meta property=\"article:published_time\" content=\"2024-06-12T06:43:41+00:00\" \/>\n<meta property=\"og:image\" content=\"https:\/\/www.organisator.ch\/wp-content\/uploads\/2024\/06\/findependent-startet-am-1.-Juli-Crowdinvestment_Organisator.png\" \/>\n\t<meta property=\"og:image:width\" content=\"680\" \/>\n\t<meta property=\"og:image:height\" content=\"453\" \/>\n\t<meta property=\"og:image:type\" content=\"image\/png\" \/>\n<meta name=\"author\" content=\"thomas.berner\" \/>\n<meta name=\"twitter:card\" content=\"summary_large_image\" \/>\n<meta name=\"twitter:title\" content=\"#findependent startet am 1. Juli #Crowdinvestment\" \/>\n<meta name=\"twitter:description\" content=\"Die #\u00d6ffentlichkeit kann sich ab 1. Juli am aufstrebenden Fintech-Startup #findependent beteiligen, und zwar mittels #Crowdinvestment.\" \/>\n<meta name=\"twitter:image\" content=\"https:\/\/www.organisator.ch\/wp-content\/uploads\/2024\/06\/findependent-startet-am-1.-Juli-Crowdinvestment_Organisator.png\" \/>\n<script type=\"application\/ld+json\" class=\"yoast-schema-graph\">{\"@context\":\"https:\\\/\\\/schema.org\",\"@graph\":[{\"@type\":\"Article\",\"@id\":\"https:\\\/\\\/www.organisator.ch\\\/management\\\/2024-06-12\\\/findependent-startet-am-1-juli-crowdinvestment\\\/#article\",\"isPartOf\":{\"@id\":\"https:\\\/\\\/www.organisator.ch\\\/management\\\/2024-06-12\\\/findependent-startet-am-1-juli-crowdinvestment\\\/\"},\"author\":{\"name\":\"thomas.berner\",\"@id\":\"https:\\\/\\\/www.organisator.ch\\\/#\\\/schema\\\/person\\\/6f650f90b2842cd4c0cc334b4e36f67e\"},\"headline\":\"findependent startet am 1. Juli Crowdinvestment\",\"datePublished\":\"2024-06-12T06:43:41+00:00\",\"mainEntityOfPage\":{\"@id\":\"https:\\\/\\\/www.organisator.ch\\\/management\\\/2024-06-12\\\/findependent-startet-am-1-juli-crowdinvestment\\\/\"},\"wordCount\":356,\"publisher\":{\"@id\":\"https:\\\/\\\/www.organisator.ch\\\/#organization\"},\"image\":{\"@id\":\"https:\\\/\\\/www.organisator.ch\\\/management\\\/2024-06-12\\\/findependent-startet-am-1-juli-crowdinvestment\\\/#primaryimage\"},\"thumbnailUrl\":\"https:\\\/\\\/www.organisator.ch\\\/wp-content\\\/uploads\\\/2024\\\/06\\\/findependent-startet-am-1.-Juli-Crowdinvestment_Organisator.png\",\"keywords\":[\"Crowdinvestment\",\"FinTech\",\"Investments\",\"Management und Unternehmensf\u00fchrung\",\"Startups\"],\"articleSection\":[\"MANAGEMENT\"],\"inLanguage\":\"fr-FR\"},{\"@type\":\"WebPage\",\"@id\":\"https:\\\/\\\/www.organisator.ch\\\/management\\\/2024-06-12\\\/findependent-startet-am-1-juli-crowdinvestment\\\/\",\"url\":\"https:\\\/\\\/www.organisator.ch\\\/management\\\/2024-06-12\\\/findependent-startet-am-1-juli-crowdinvestment\\\/\",\"name\":\"findependent startet am 1. Juli Crowdinvestment - Organisator\",\"isPartOf\":{\"@id\":\"https:\\\/\\\/www.organisator.ch\\\/#website\"},\"primaryImageOfPage\":{\"@id\":\"https:\\\/\\\/www.organisator.ch\\\/management\\\/2024-06-12\\\/findependent-startet-am-1-juli-crowdinvestment\\\/#primaryimage\"},\"image\":{\"@id\":\"https:\\\/\\\/www.organisator.ch\\\/management\\\/2024-06-12\\\/findependent-startet-am-1-juli-crowdinvestment\\\/#primaryimage\"},\"thumbnailUrl\":\"https:\\\/\\\/www.organisator.ch\\\/wp-content\\\/uploads\\\/2024\\\/06\\\/findependent-startet-am-1.-Juli-Crowdinvestment_Organisator.png\",\"datePublished\":\"2024-06-12T06:43:41+00:00\",\"description\":\"Die \u00d6ffentlichkeit kann sich ab 1. Juli am aufstrebenden Fintech-Startup findependent beteiligen, und zwar mittels Crowdinvestment.\",\"breadcrumb\":{\"@id\":\"https:\\\/\\\/www.organisator.ch\\\/management\\\/2024-06-12\\\/findependent-startet-am-1-juli-crowdinvestment\\\/#breadcrumb\"},\"inLanguage\":\"fr-FR\",\"potentialAction\":[{\"@type\":\"ReadAction\",\"target\":[\"https:\\\/\\\/www.organisator.ch\\\/management\\\/2024-06-12\\\/findependent-startet-am-1-juli-crowdinvestment\\\/\"]}]},{\"@type\":\"ImageObject\",\"inLanguage\":\"fr-FR\",\"@id\":\"https:\\\/\\\/www.organisator.ch\\\/management\\\/2024-06-12\\\/findependent-startet-am-1-juli-crowdinvestment\\\/#primaryimage\",\"url\":\"https:\\\/\\\/www.organisator.ch\\\/wp-content\\\/uploads\\\/2024\\\/06\\\/findependent-startet-am-1.-Juli-Crowdinvestment_Organisator.png\",\"contentUrl\":\"https:\\\/\\\/www.organisator.ch\\\/wp-content\\\/uploads\\\/2024\\\/06\\\/findependent-startet-am-1.-Juli-Crowdinvestment_Organisator.png\",\"width\":680,\"height\":453,\"caption\":\"Das Team des FinTech-Startups findependent. (Bild: zVg \\\/ findependent)\"},{\"@type\":\"BreadcrumbList\",\"@id\":\"https:\\\/\\\/www.organisator.ch\\\/management\\\/2024-06-12\\\/findependent-startet-am-1-juli-crowdinvestment\\\/#breadcrumb\",\"itemListElement\":[{\"@type\":\"ListItem\",\"position\":1,\"name\":\"Home\",\"item\":\"https:\\\/\\\/www.organisator.ch\\\/\"},{\"@type\":\"ListItem\",\"position\":2,\"name\":\"findependent startet am 1. Juli Crowdinvestment\"}]},{\"@type\":\"WebSite\",\"@id\":\"https:\\\/\\\/www.organisator.ch\\\/#website\",\"url\":\"https:\\\/\\\/www.organisator.ch\\\/\",\"name\":\"Organisator\",\"description\":\"Kompetent. Praxisnah. Der ORGANISATOR bereitet in 10 Ausgaben pro Jahr die wesentlichen Themen f\u00fcr F\u00fchrungskr\u00e4fte von KMU auf.\",\"publisher\":{\"@id\":\"https:\\\/\\\/www.organisator.ch\\\/#organization\"},\"potentialAction\":[{\"@type\":\"SearchAction\",\"target\":{\"@type\":\"EntryPoint\",\"urlTemplate\":\"https:\\\/\\\/www.organisator.ch\\\/?s={search_term_string}\"},\"query-input\":{\"@type\":\"PropertyValueSpecification\",\"valueRequired\":true,\"valueName\":\"search_term_string\"}}],\"inLanguage\":\"fr-FR\"},{\"@type\":\"Organization\",\"@id\":\"https:\\\/\\\/www.organisator.ch\\\/#organization\",\"name\":\"Organisator\",\"url\":\"https:\\\/\\\/www.organisator.ch\\\/\",\"logo\":{\"@type\":\"ImageObject\",\"inLanguage\":\"fr-FR\",\"@id\":\"https:\\\/\\\/www.organisator.ch\\\/#\\\/schema\\\/logo\\\/image\\\/\",\"url\":\"https:\\\/\\\/www.organisator.ch\\\/wp-content\\\/uploads\\\/2022\\\/01\\\/Logo_Organisator_Website.png\",\"contentUrl\":\"https:\\\/\\\/www.organisator.ch\\\/wp-content\\\/uploads\\\/2022\\\/01\\\/Logo_Organisator_Website.png\",\"width\":800,\"height\":77,\"caption\":\"Organisator\"},\"image\":{\"@id\":\"https:\\\/\\\/www.organisator.ch\\\/#\\\/schema\\\/logo\\\/image\\\/\"},\"sameAs\":[\"https:\\\/\\\/www.facebook.com\\\/OrganisatorFachmagazin\",\"https:\\\/\\\/www.linkedin.com\\\/showcase\\\/organisator-das-magazin-fr-kmu\",\"https:\\\/\\\/www.xing.com\\\/news\\\/pages\\\/organisator-ch-695\",\"https:\\\/\\\/www.youtube.com\\\/channel\\\/UCGP2Sq0iWaZwT3BdIAQFYpw\"]},{\"@type\":\"Person\",\"@id\":\"https:\\\/\\\/www.organisator.ch\\\/#\\\/schema\\\/person\\\/6f650f90b2842cd4c0cc334b4e36f67e\",\"name\":\"thomas.berner\",\"image\":{\"@type\":\"ImageObject\",\"inLanguage\":\"fr-FR\",\"@id\":\"https:\\\/\\\/secure.gravatar.com\\\/avatar\\\/ac5001d2a36cb6c6cd3e50789007ffca834b477b74a2144564522e944eabff61?s=96&d=mm&r=g\",\"url\":\"https:\\\/\\\/secure.gravatar.com\\\/avatar\\\/ac5001d2a36cb6c6cd3e50789007ffca834b477b74a2144564522e944eabff61?s=96&d=mm&r=g\",\"contentUrl\":\"https:\\\/\\\/secure.gravatar.com\\\/avatar\\\/ac5001d2a36cb6c6cd3e50789007ffca834b477b74a2144564522e944eabff61?s=96&d=mm&r=g\",\"caption\":\"thomas.berner\"},\"url\":\"https:\\\/\\\/www.organisator.ch\\\/fr\\\/author\\\/thomas-berner\\\/\"}]}<\/script>\n<!-- \/ Yoast SEO plugin. -->","yoast_head_json":{"title":"findependent lance le crowdinvestment le 1er juillet - Organisateur","description":"A partir du 1er juillet, le public pourra participer \u00e0 la start-up fintech en plein essor findependent, et ce par le biais d'un crowdinvestment.","robots":{"index":"index","follow":"follow","max-snippet":"max-snippet:-1","max-image-preview":"max-image-preview:large","max-video-preview":"max-video-preview:-1"},"canonical":"https:\/\/www.organisator.ch\/fr\/gestion-2\/2024-06-12\/findependent-startet-am-1-juli-crowdinvestment\/","og_locale":"fr_FR","og_type":"article","og_title":"findependent startet am 1. Juli Crowdinvestment","og_description":"Die \u00d6ffentlichkeit kann sich ab 1. Juli am aufstrebenden Fintech-Startup findependent beteiligen, und zwar mittels Crowdinvestment.","og_url":"https:\/\/www.organisator.ch\/fr\/gestion-2\/2024-06-12\/findependent-startet-am-1-juli-crowdinvestment\/","og_site_name":"Organisator","article_publisher":"https:\/\/www.facebook.com\/OrganisatorFachmagazin","article_published_time":"2024-06-12T06:43:41+00:00","og_image":[{"width":680,"height":453,"url":"https:\/\/www.organisator.ch\/wp-content\/uploads\/2024\/06\/findependent-startet-am-1.-Juli-Crowdinvestment_Organisator.png","type":"image\/png"}],"author":"thomas.berner","twitter_card":"summary_large_image","twitter_title":"#findependent startet am 1. Juli #Crowdinvestment","twitter_description":"Die #\u00d6ffentlichkeit kann sich ab 1. Juli am aufstrebenden Fintech-Startup #findependent beteiligen, und zwar mittels #Crowdinvestment.","twitter_image":"https:\/\/www.organisator.ch\/wp-content\/uploads\/2024\/06\/findependent-startet-am-1.-Juli-Crowdinvestment_Organisator.png","schema":{"@context":"https:\/\/schema.org","@graph":[{"@type":"Article","@id":"https:\/\/www.organisator.ch\/management\/2024-06-12\/findependent-startet-am-1-juli-crowdinvestment\/#article","isPartOf":{"@id":"https:\/\/www.organisator.ch\/management\/2024-06-12\/findependent-startet-am-1-juli-crowdinvestment\/"},"author":{"name":"thomas.berner","@id":"https:\/\/www.organisator.ch\/#\/schema\/person\/6f650f90b2842cd4c0cc334b4e36f67e"},"headline":"findependent startet am 1. Juli Crowdinvestment","datePublished":"2024-06-12T06:43:41+00:00","mainEntityOfPage":{"@id":"https:\/\/www.organisator.ch\/management\/2024-06-12\/findependent-startet-am-1-juli-crowdinvestment\/"},"wordCount":356,"publisher":{"@id":"https:\/\/www.organisator.ch\/#organization"},"image":{"@id":"https:\/\/www.organisator.ch\/management\/2024-06-12\/findependent-startet-am-1-juli-crowdinvestment\/#primaryimage"},"thumbnailUrl":"https:\/\/www.organisator.ch\/wp-content\/uploads\/2024\/06\/findependent-startet-am-1.-Juli-Crowdinvestment_Organisator.png","keywords":["Crowdinvestment","FinTech","Investments","Management und Unternehmensf\u00fchrung","Startups"],"articleSection":["MANAGEMENT"],"inLanguage":"fr-FR"},{"@type":"WebPage","@id":"https:\/\/www.organisator.ch\/management\/2024-06-12\/findependent-startet-am-1-juli-crowdinvestment\/","url":"https:\/\/www.organisator.ch\/management\/2024-06-12\/findependent-startet-am-1-juli-crowdinvestment\/","name":"findependent lance le crowdinvestment le 1er juillet - Organisateur","isPartOf":{"@id":"https:\/\/www.organisator.ch\/#website"},"primaryImageOfPage":{"@id":"https:\/\/www.organisator.ch\/management\/2024-06-12\/findependent-startet-am-1-juli-crowdinvestment\/#primaryimage"},"image":{"@id":"https:\/\/www.organisator.ch\/management\/2024-06-12\/findependent-startet-am-1-juli-crowdinvestment\/#primaryimage"},"thumbnailUrl":"https:\/\/www.organisator.ch\/wp-content\/uploads\/2024\/06\/findependent-startet-am-1.-Juli-Crowdinvestment_Organisator.png","datePublished":"2024-06-12T06:43:41+00:00","description":"A partir du 1er juillet, le public pourra participer \u00e0 la start-up fintech en plein essor findependent, et ce par le biais d'un crowdinvestment.","breadcrumb":{"@id":"https:\/\/www.organisator.ch\/management\/2024-06-12\/findependent-startet-am-1-juli-crowdinvestment\/#breadcrumb"},"inLanguage":"fr-FR","potentialAction":[{"@type":"ReadAction","target":["https:\/\/www.organisator.ch\/management\/2024-06-12\/findependent-startet-am-1-juli-crowdinvestment\/"]}]},{"@type":"ImageObject","inLanguage":"fr-FR","@id":"https:\/\/www.organisator.ch\/management\/2024-06-12\/findependent-startet-am-1-juli-crowdinvestment\/#primaryimage","url":"https:\/\/www.organisator.ch\/wp-content\/uploads\/2024\/06\/findependent-startet-am-1.-Juli-Crowdinvestment_Organisator.png","contentUrl":"https:\/\/www.organisator.ch\/wp-content\/uploads\/2024\/06\/findependent-startet-am-1.-Juli-Crowdinvestment_Organisator.png","width":680,"height":453,"caption":"Das Team des FinTech-Startups findependent. (Bild: zVg \/ findependent)"},{"@type":"BreadcrumbList","@id":"https:\/\/www.organisator.ch\/management\/2024-06-12\/findependent-startet-am-1-juli-crowdinvestment\/#breadcrumb","itemListElement":[{"@type":"ListItem","position":1,"name":"Home","item":"https:\/\/www.organisator.ch\/"},{"@type":"ListItem","position":2,"name":"findependent startet am 1. Juli Crowdinvestment"}]},{"@type":"WebSite","@id":"https:\/\/www.organisator.ch\/#website","url":"https:\/\/www.organisator.ch\/","name":"Organisateur","description":"Comp\u00e9tence et comp\u00e9tence. Proches de la pratique. L'ORGANISATEUR pr\u00e9pare 10 num\u00e9ros par an sur les th\u00e8mes essentiels pour les dirigeants de PME.","publisher":{"@id":"https:\/\/www.organisator.ch\/#organization"},"potentialAction":[{"@type":"SearchAction","target":{"@type":"EntryPoint","urlTemplate":"https:\/\/www.organisator.ch\/?s={search_term_string}"},"query-input":{"@type":"PropertyValueSpecification","valueRequired":true,"valueName":"search_term_string"}}],"inLanguage":"fr-FR"},{"@type":"Organization","@id":"https:\/\/www.organisator.ch\/#organization","name":"Organisateur","url":"https:\/\/www.organisator.ch\/","logo":{"@type":"ImageObject","inLanguage":"fr-FR","@id":"https:\/\/www.organisator.ch\/#\/schema\/logo\/image\/","url":"https:\/\/www.organisator.ch\/wp-content\/uploads\/2022\/01\/Logo_Organisator_Website.png","contentUrl":"https:\/\/www.organisator.ch\/wp-content\/uploads\/2022\/01\/Logo_Organisator_Website.png","width":800,"height":77,"caption":"Organisator"},"image":{"@id":"https:\/\/www.organisator.ch\/#\/schema\/logo\/image\/"},"sameAs":["https:\/\/www.facebook.com\/OrganisatorFachmagazin","https:\/\/www.linkedin.com\/showcase\/organisator-das-magazin-fr-kmu","https:\/\/www.xing.com\/news\/pages\/organisator-ch-695","https:\/\/www.youtube.com\/channel\/UCGP2Sq0iWaZwT3BdIAQFYpw"]},{"@type":"Person","@id":"https:\/\/www.organisator.ch\/#\/schema\/person\/6f650f90b2842cd4c0cc334b4e36f67e","name":"thomas.berner","image":{"@type":"ImageObject","inLanguage":"fr-FR","@id":"https:\/\/secure.gravatar.com\/avatar\/ac5001d2a36cb6c6cd3e50789007ffca834b477b74a2144564522e944eabff61?s=96&d=mm&r=g","url":"https:\/\/secure.gravatar.com\/avatar\/ac5001d2a36cb6c6cd3e50789007ffca834b477b74a2144564522e944eabff61?s=96&d=mm&r=g","contentUrl":"https:\/\/secure.gravatar.com\/avatar\/ac5001d2a36cb6c6cd3e50789007ffca834b477b74a2144564522e944eabff61?s=96&d=mm&r=g","caption":"thomas.berner"},"url":"https:\/\/www.organisator.ch\/fr\/author\/thomas-berner\/"}]}},"_links":{"self":[{"href":"https:\/\/www.organisator.ch\/fr\/wp-json\/wp\/v2\/posts\/27585","targetHints":{"allow":["GET"]}}],"collection":[{"href":"https:\/\/www.organisator.ch\/fr\/wp-json\/wp\/v2\/posts"}],"about":[{"href":"https:\/\/www.organisator.ch\/fr\/wp-json\/wp\/v2\/types\/post"}],"author":[{"embeddable":true,"href":"https:\/\/www.organisator.ch\/fr\/wp-json\/wp\/v2\/users\/4"}],"replies":[{"embeddable":true,"href":"https:\/\/www.organisator.ch\/fr\/wp-json\/wp\/v2\/comments?post=27585"}],"version-history":[{"count":4,"href":"https:\/\/www.organisator.ch\/fr\/wp-json\/wp\/v2\/posts\/27585\/revisions"}],"predecessor-version":[{"id":27664,"href":"https:\/\/www.organisator.ch\/fr\/wp-json\/wp\/v2\/posts\/27585\/revisions\/27664"}],"wp:featuredmedia":[{"embeddable":true,"href":"https:\/\/www.organisator.ch\/fr\/wp-json\/wp\/v2\/media\/27587"}],"wp:attachment":[{"href":"https:\/\/www.organisator.ch\/fr\/wp-json\/wp\/v2\/media?parent=27585"}],"wp:term":[{"taxonomy":"category","embeddable":true,"href":"https:\/\/www.organisator.ch\/fr\/wp-json\/wp\/v2\/categories?post=27585"},{"taxonomy":"post_tag","embeddable":true,"href":"https:\/\/www.organisator.ch\/fr\/wp-json\/wp\/v2\/tags?post=27585"}],"curies":[{"name":"wp","href":"https:\/\/api.w.org\/{rel}","templated":true}]}}