{"id":27597,"date":"2024-06-12T13:40:38","date_gmt":"2024-06-12T11:40:38","guid":{"rendered":"https:\/\/www.organisator.ch\/?p=27597"},"modified":"2024-06-12T13:40:38","modified_gmt":"2024-06-12T11:40:38","slug":"nachhaltigkeits-auszeichnung-fuer-mobilezone-schweiz","status":"publish","type":"post","link":"https:\/\/www.organisator.ch\/fr\/sustainability\/2024-06-12\/nachhaltigkeits-auszeichnung-fuer-mobilezone-schweiz\/","title":{"rendered":"Distinction pour la durabilit\u00e9 de mobilezone Suisse"},"content":{"rendered":"<figure id=\"attachment_27606\" aria-describedby=\"caption-attachment-27606\" style=\"width: 680px\" class=\"wp-caption alignnone\"><img loading=\"lazy\" decoding=\"async\" class=\"size-full wp-image-27606\" src=\"https:\/\/www.organisator.ch\/wp-content\/uploads\/2024\/06\/Nachhaltigkeits-Auszeichnung-fuer-mobilezone-Schweiz-1_Organisator.jpg\" alt=\"\" width=\"680\" height=\"336\" srcset=\"https:\/\/www.organisator.ch\/wp-content\/uploads\/2024\/06\/Nachhaltigkeits-Auszeichnung-fuer-mobilezone-Schweiz-1_Organisator.jpg 680w, https:\/\/www.organisator.ch\/wp-content\/uploads\/2024\/06\/Nachhaltigkeits-Auszeichnung-fuer-mobilezone-Schweiz-1_Organisator-18x9.jpg 18w, https:\/\/www.organisator.ch\/wp-content\/uploads\/2024\/06\/Nachhaltigkeits-Auszeichnung-fuer-mobilezone-Schweiz-1_Organisator-375x185.jpg 375w\" sizes=\"auto, (max-width: 680px) 100vw, 680px\" \/><figcaption id=\"caption-attachment-27606\" class=\"wp-caption-text\">Le prestataire de services de t\u00e9l\u00e9communications mobilezone re\u00e7oit deux distinctions pour ses efforts en mati\u00e8re de durabilit\u00e9. (Image : <a href=\"https:\/\/www.mobilezoneholding.ch\/de\/ueber-uns\/nachhaltigkeit.html\">Capture d'\u00e9cran mobilezone<\/a>)<\/figcaption><\/figure>\n<p>Le prestataire de services de t\u00e9l\u00e9communication mobilezone a re\u00e7u deux distinctions de durabilit\u00e9 de la part d'EcoVadis. Celles-ci montreraient que l'initiative de durabilit\u00e9 de l'entreprise porte ses fruits, selon le communiqu\u00e9. Markus Bernhard, CEO du groupe mobilezone, d\u00e9clare : \"Nous nous r\u00e9jouissons de ces distinctions qui r\u00e9compensent l'initiative de mobilezone dans le domaine de la durabilit\u00e9 et qui montrent que nous sommes sur la bonne voie avec notre strat\u00e9gie\".<\/p>\n<p>Selon les indications de mobilezone, la durabilit\u00e9 constitue l'un des cinq piliers de la strat\u00e9gie d'entreprise. La strat\u00e9gie de durabilit\u00e9 de l'entreprise a \u00e9t\u00e9 introduite en 2020 et n'a cess\u00e9 d'\u00eatre d\u00e9velopp\u00e9e depuis. Elle se base sur les th\u00e8mes de la gouvernance et de la conformit\u00e9, des collaborateurs, des clients, du cycle des smartphones et de la gestion de l'environnement. L'importance du secteur Second Life ou Refurbishing de smartphones a continu\u00e9 de cro\u00eetre - mobilezone met donc fortement l'accent sur ce th\u00e8me de la durabilit\u00e9, poursuit l'entreprise. Au cours de l'exercice \u00e9coul\u00e9, le groupe mobilezone a calcul\u00e9 pour la premi\u00e8re fois l'empreinte carbone de l'ensemble du groupe, y compris la consommation de la cha\u00eene d'approvisionnement en amont et en aval, afin de pouvoir d\u00e9finir \u00e0 l'avenir des objectifs de r\u00e9duction pour toute l'entreprise. Dans le domaine de la durabilit\u00e9 sociale, mobilezone s'engage \u00e9galement \u00e0 l'avenir dans la formation des apprentis et dans la promotion de leurs talents et vise \u00e0 maintenir un haut niveau de satisfaction de la client\u00e8le. Et dans le domaine de la gouvernance et de la conformit\u00e9, mobilezone se concentre sur la gestion responsable de l'entreprise, sur le d\u00e9veloppement continu de la transparence du rapport de durabilit\u00e9 ainsi que sur le respect des normes l\u00e9gales et \u00e9thiques.<\/p>\n<p>EcoVadis \u00e9value et certifie des entreprises dans le monde entier dans le domaine de l'\u00e9cologie, des th\u00e8mes sociaux et du d\u00e9veloppement durable sur la base de normes et de directives \u00e9tablies au niveau international.<\/p>\n<p><em>Source et informations compl\u00e9mentaires : <a href=\"http:\/\/www.mobilezoneholding.ch\">mobilezone<\/a><\/em><\/p>","protected":false},"excerpt":{"rendered":"<p>Deux secteurs d'activit\u00e9 de mobilezone Suisse ont \u00e9t\u00e9 r\u00e9compens\u00e9s d'une m\u00e9daille par le fournisseur d'\u00e9valuation de la durabilit\u00e9 EcoVadis : Or pour le secteur Business et Argent pour l'activit\u00e9 Refurbished. <\/p>","protected":false},"author":4,"featured_media":27606,"comment_status":"closed","ping_status":"closed","sticky":false,"template":"","format":"standard","meta":{"_acf_changed":false,"_yoast_wpseo_focuskw":"Nachhaltigkeits-Auszeichnung","_yoast_wpseo_metadesc":"Zwei Gesch\u00e4ftsbereiche von mobilezone Schweiz haben von EcoVadis eine Nachhaltigkeits-Auszeichnung erhalten.","articlekey":"","footnotes":""},"categories":[580],"tags":[358,492,613],"class_list":["post-27597","post","type-post","status-publish","format-standard","has-post-thumbnail","hentry","category-sustainability","tag-nachhaltige-wirtschaft","tag-unternehmen","tag-zertifizierung"],"acf":[],"yoast_head":"<!-- This site is optimized with the Yoast SEO plugin v27.5 - https:\/\/yoast.com\/product\/yoast-seo-wordpress\/ -->\n<title>Nachhaltigkeits-Auszeichnung f\u00fcr mobilezone Schweiz - Organisator<\/title>\n<meta name=\"description\" content=\"Zwei Gesch\u00e4ftsbereiche von mobilezone Schweiz haben von EcoVadis eine Nachhaltigkeits-Auszeichnung erhalten.\" \/>\n<meta name=\"robots\" content=\"index, follow, max-snippet:-1, max-image-preview:large, max-video-preview:-1\" \/>\n<link rel=\"canonical\" href=\"https:\/\/www.organisator.ch\/fr\/sustainability\/2024-06-12\/nachhaltigkeits-auszeichnung-fuer-mobilezone-schweiz\/\" \/>\n<meta property=\"og:locale\" content=\"fr_FR\" \/>\n<meta property=\"og:type\" content=\"article\" \/>\n<meta property=\"og:title\" content=\"Nachhaltigkeits-Auszeichnung f\u00fcr mobilezone Schweiz\" \/>\n<meta property=\"og:description\" content=\"Zwei Gesch\u00e4ftsbereiche von mobilezone Schweiz haben von EcoVadis eine Nachhaltigkeits-Auszeichnung erhalten.\" \/>\n<meta property=\"og:url\" content=\"https:\/\/www.organisator.ch\/fr\/sustainability\/2024-06-12\/nachhaltigkeits-auszeichnung-fuer-mobilezone-schweiz\/\" \/>\n<meta property=\"og:site_name\" content=\"Organisator\" \/>\n<meta property=\"article:publisher\" content=\"https:\/\/www.facebook.com\/OrganisatorFachmagazin\" \/>\n<meta property=\"article:published_time\" content=\"2024-06-12T11:40:38+00:00\" \/>\n<meta property=\"og:image\" content=\"https:\/\/www.organisator.ch\/wp-content\/uploads\/2024\/06\/Nachhaltigkeits-Auszeichnung-fuer-mobilezone-Schweiz-1_Organisator.jpg\" \/>\n\t<meta property=\"og:image:width\" content=\"680\" \/>\n\t<meta property=\"og:image:height\" content=\"336\" \/>\n\t<meta property=\"og:image:type\" content=\"image\/jpeg\" \/>\n<meta name=\"author\" content=\"thomas.berner\" \/>\n<meta name=\"twitter:card\" content=\"summary_large_image\" \/>\n<meta name=\"twitter:title\" content=\"#Nachhaltigkeits-Auszeichnung f\u00fcr #mobilezone Schweiz\" \/>\n<meta name=\"twitter:description\" content=\"Zwei #Gesch\u00e4ftsbereiche von #mobilezone Schweiz haben von #EcoVadis eine #Nachhaltigkeits-Auszeichnung erhalten.\" \/>\n<meta name=\"twitter:image\" content=\"https:\/\/www.organisator.ch\/wp-content\/uploads\/2024\/06\/Nachhaltigkeits-Auszeichnung-fuer-mobilezone-Schweiz-1_Organisator.jpg\" \/>\n<script type=\"application\/ld+json\" class=\"yoast-schema-graph\">{\"@context\":\"https:\\\/\\\/schema.org\",\"@graph\":[{\"@type\":\"Article\",\"@id\":\"https:\\\/\\\/www.organisator.ch\\\/sustainability\\\/2024-06-12\\\/nachhaltigkeits-auszeichnung-fuer-mobilezone-schweiz\\\/#article\",\"isPartOf\":{\"@id\":\"https:\\\/\\\/www.organisator.ch\\\/sustainability\\\/2024-06-12\\\/nachhaltigkeits-auszeichnung-fuer-mobilezone-schweiz\\\/\"},\"author\":{\"name\":\"thomas.berner\",\"@id\":\"https:\\\/\\\/www.organisator.ch\\\/#\\\/schema\\\/person\\\/6f650f90b2842cd4c0cc334b4e36f67e\"},\"headline\":\"Nachhaltigkeits-Auszeichnung f\u00fcr mobilezone Schweiz\",\"datePublished\":\"2024-06-12T11:40:38+00:00\",\"mainEntityOfPage\":{\"@id\":\"https:\\\/\\\/www.organisator.ch\\\/sustainability\\\/2024-06-12\\\/nachhaltigkeits-auszeichnung-fuer-mobilezone-schweiz\\\/\"},\"wordCount\":273,\"publisher\":{\"@id\":\"https:\\\/\\\/www.organisator.ch\\\/#organization\"},\"image\":{\"@id\":\"https:\\\/\\\/www.organisator.ch\\\/sustainability\\\/2024-06-12\\\/nachhaltigkeits-auszeichnung-fuer-mobilezone-schweiz\\\/#primaryimage\"},\"thumbnailUrl\":\"https:\\\/\\\/www.organisator.ch\\\/wp-content\\\/uploads\\\/2024\\\/06\\\/Nachhaltigkeits-Auszeichnung-fuer-mobilezone-Schweiz-1_Organisator.jpg\",\"keywords\":[\"Nachhaltige Wirtschaft\",\"Unternehmen\",\"Zertifizierung\"],\"articleSection\":[\"SUSTAINABILITY\"],\"inLanguage\":\"fr-FR\"},{\"@type\":\"WebPage\",\"@id\":\"https:\\\/\\\/www.organisator.ch\\\/sustainability\\\/2024-06-12\\\/nachhaltigkeits-auszeichnung-fuer-mobilezone-schweiz\\\/\",\"url\":\"https:\\\/\\\/www.organisator.ch\\\/sustainability\\\/2024-06-12\\\/nachhaltigkeits-auszeichnung-fuer-mobilezone-schweiz\\\/\",\"name\":\"Nachhaltigkeits-Auszeichnung f\u00fcr mobilezone Schweiz - Organisator\",\"isPartOf\":{\"@id\":\"https:\\\/\\\/www.organisator.ch\\\/#website\"},\"primaryImageOfPage\":{\"@id\":\"https:\\\/\\\/www.organisator.ch\\\/sustainability\\\/2024-06-12\\\/nachhaltigkeits-auszeichnung-fuer-mobilezone-schweiz\\\/#primaryimage\"},\"image\":{\"@id\":\"https:\\\/\\\/www.organisator.ch\\\/sustainability\\\/2024-06-12\\\/nachhaltigkeits-auszeichnung-fuer-mobilezone-schweiz\\\/#primaryimage\"},\"thumbnailUrl\":\"https:\\\/\\\/www.organisator.ch\\\/wp-content\\\/uploads\\\/2024\\\/06\\\/Nachhaltigkeits-Auszeichnung-fuer-mobilezone-Schweiz-1_Organisator.jpg\",\"datePublished\":\"2024-06-12T11:40:38+00:00\",\"description\":\"Zwei Gesch\u00e4ftsbereiche von mobilezone Schweiz haben von EcoVadis eine Nachhaltigkeits-Auszeichnung erhalten.\",\"breadcrumb\":{\"@id\":\"https:\\\/\\\/www.organisator.ch\\\/sustainability\\\/2024-06-12\\\/nachhaltigkeits-auszeichnung-fuer-mobilezone-schweiz\\\/#breadcrumb\"},\"inLanguage\":\"fr-FR\",\"potentialAction\":[{\"@type\":\"ReadAction\",\"target\":[\"https:\\\/\\\/www.organisator.ch\\\/sustainability\\\/2024-06-12\\\/nachhaltigkeits-auszeichnung-fuer-mobilezone-schweiz\\\/\"]}]},{\"@type\":\"ImageObject\",\"inLanguage\":\"fr-FR\",\"@id\":\"https:\\\/\\\/www.organisator.ch\\\/sustainability\\\/2024-06-12\\\/nachhaltigkeits-auszeichnung-fuer-mobilezone-schweiz\\\/#primaryimage\",\"url\":\"https:\\\/\\\/www.organisator.ch\\\/wp-content\\\/uploads\\\/2024\\\/06\\\/Nachhaltigkeits-Auszeichnung-fuer-mobilezone-Schweiz-1_Organisator.jpg\",\"contentUrl\":\"https:\\\/\\\/www.organisator.ch\\\/wp-content\\\/uploads\\\/2024\\\/06\\\/Nachhaltigkeits-Auszeichnung-fuer-mobilezone-Schweiz-1_Organisator.jpg\",\"width\":680,\"height\":336,\"caption\":\"Der Telekomdienstleister mobilezone erh\u00e4lt f\u00fcr seine Nachhaltigkeitsbem\u00fchungen zwei Auszeichnungen. (Bild: Screenshot mobilezone)\"},{\"@type\":\"BreadcrumbList\",\"@id\":\"https:\\\/\\\/www.organisator.ch\\\/sustainability\\\/2024-06-12\\\/nachhaltigkeits-auszeichnung-fuer-mobilezone-schweiz\\\/#breadcrumb\",\"itemListElement\":[{\"@type\":\"ListItem\",\"position\":1,\"name\":\"Home\",\"item\":\"https:\\\/\\\/www.organisator.ch\\\/\"},{\"@type\":\"ListItem\",\"position\":2,\"name\":\"Nachhaltigkeits-Auszeichnung f\u00fcr mobilezone Schweiz\"}]},{\"@type\":\"WebSite\",\"@id\":\"https:\\\/\\\/www.organisator.ch\\\/#website\",\"url\":\"https:\\\/\\\/www.organisator.ch\\\/\",\"name\":\"Organisator\",\"description\":\"Kompetent. Praxisnah. Der ORGANISATOR bereitet in 10 Ausgaben pro Jahr die wesentlichen Themen f\u00fcr F\u00fchrungskr\u00e4fte von KMU auf.\",\"publisher\":{\"@id\":\"https:\\\/\\\/www.organisator.ch\\\/#organization\"},\"potentialAction\":[{\"@type\":\"SearchAction\",\"target\":{\"@type\":\"EntryPoint\",\"urlTemplate\":\"https:\\\/\\\/www.organisator.ch\\\/?s={search_term_string}\"},\"query-input\":{\"@type\":\"PropertyValueSpecification\",\"valueRequired\":true,\"valueName\":\"search_term_string\"}}],\"inLanguage\":\"fr-FR\"},{\"@type\":\"Organization\",\"@id\":\"https:\\\/\\\/www.organisator.ch\\\/#organization\",\"name\":\"Organisator\",\"url\":\"https:\\\/\\\/www.organisator.ch\\\/\",\"logo\":{\"@type\":\"ImageObject\",\"inLanguage\":\"fr-FR\",\"@id\":\"https:\\\/\\\/www.organisator.ch\\\/#\\\/schema\\\/logo\\\/image\\\/\",\"url\":\"https:\\\/\\\/www.organisator.ch\\\/wp-content\\\/uploads\\\/2022\\\/01\\\/Logo_Organisator_Website.png\",\"contentUrl\":\"https:\\\/\\\/www.organisator.ch\\\/wp-content\\\/uploads\\\/2022\\\/01\\\/Logo_Organisator_Website.png\",\"width\":800,\"height\":77,\"caption\":\"Organisator\"},\"image\":{\"@id\":\"https:\\\/\\\/www.organisator.ch\\\/#\\\/schema\\\/logo\\\/image\\\/\"},\"sameAs\":[\"https:\\\/\\\/www.facebook.com\\\/OrganisatorFachmagazin\",\"https:\\\/\\\/www.linkedin.com\\\/showcase\\\/organisator-das-magazin-fr-kmu\",\"https:\\\/\\\/www.xing.com\\\/news\\\/pages\\\/organisator-ch-695\",\"https:\\\/\\\/www.youtube.com\\\/channel\\\/UCGP2Sq0iWaZwT3BdIAQFYpw\"]},{\"@type\":\"Person\",\"@id\":\"https:\\\/\\\/www.organisator.ch\\\/#\\\/schema\\\/person\\\/6f650f90b2842cd4c0cc334b4e36f67e\",\"name\":\"thomas.berner\",\"image\":{\"@type\":\"ImageObject\",\"inLanguage\":\"fr-FR\",\"@id\":\"https:\\\/\\\/secure.gravatar.com\\\/avatar\\\/ac5001d2a36cb6c6cd3e50789007ffca834b477b74a2144564522e944eabff61?s=96&d=mm&r=g\",\"url\":\"https:\\\/\\\/secure.gravatar.com\\\/avatar\\\/ac5001d2a36cb6c6cd3e50789007ffca834b477b74a2144564522e944eabff61?s=96&d=mm&r=g\",\"contentUrl\":\"https:\\\/\\\/secure.gravatar.com\\\/avatar\\\/ac5001d2a36cb6c6cd3e50789007ffca834b477b74a2144564522e944eabff61?s=96&d=mm&r=g\",\"caption\":\"thomas.berner\"},\"url\":\"https:\\\/\\\/www.organisator.ch\\\/fr\\\/author\\\/thomas-berner\\\/\"}]}<\/script>\n<!-- \/ Yoast SEO plugin. -->","yoast_head_json":{"title":"Prix de la durabilit\u00e9 pour mobilezone Suisse - Organisateur","description":"Deux secteurs d'activit\u00e9 de mobilezone Suisse ont re\u00e7u une distinction de durabilit\u00e9 de la part d'EcoVadis.","robots":{"index":"index","follow":"follow","max-snippet":"max-snippet:-1","max-image-preview":"max-image-preview:large","max-video-preview":"max-video-preview:-1"},"canonical":"https:\/\/www.organisator.ch\/fr\/sustainability\/2024-06-12\/nachhaltigkeits-auszeichnung-fuer-mobilezone-schweiz\/","og_locale":"fr_FR","og_type":"article","og_title":"Nachhaltigkeits-Auszeichnung f\u00fcr mobilezone Schweiz","og_description":"Zwei Gesch\u00e4ftsbereiche von mobilezone Schweiz haben von EcoVadis eine Nachhaltigkeits-Auszeichnung erhalten.","og_url":"https:\/\/www.organisator.ch\/fr\/sustainability\/2024-06-12\/nachhaltigkeits-auszeichnung-fuer-mobilezone-schweiz\/","og_site_name":"Organisator","article_publisher":"https:\/\/www.facebook.com\/OrganisatorFachmagazin","article_published_time":"2024-06-12T11:40:38+00:00","og_image":[{"width":680,"height":336,"url":"https:\/\/www.organisator.ch\/wp-content\/uploads\/2024\/06\/Nachhaltigkeits-Auszeichnung-fuer-mobilezone-Schweiz-1_Organisator.jpg","type":"image\/jpeg"}],"author":"thomas.berner","twitter_card":"summary_large_image","twitter_title":"#Nachhaltigkeits-Auszeichnung f\u00fcr #mobilezone Schweiz","twitter_description":"Zwei #Gesch\u00e4ftsbereiche von #mobilezone Schweiz haben von #EcoVadis eine #Nachhaltigkeits-Auszeichnung erhalten.","twitter_image":"https:\/\/www.organisator.ch\/wp-content\/uploads\/2024\/06\/Nachhaltigkeits-Auszeichnung-fuer-mobilezone-Schweiz-1_Organisator.jpg","schema":{"@context":"https:\/\/schema.org","@graph":[{"@type":"Article","@id":"https:\/\/www.organisator.ch\/sustainability\/2024-06-12\/nachhaltigkeits-auszeichnung-fuer-mobilezone-schweiz\/#article","isPartOf":{"@id":"https:\/\/www.organisator.ch\/sustainability\/2024-06-12\/nachhaltigkeits-auszeichnung-fuer-mobilezone-schweiz\/"},"author":{"name":"thomas.berner","@id":"https:\/\/www.organisator.ch\/#\/schema\/person\/6f650f90b2842cd4c0cc334b4e36f67e"},"headline":"Nachhaltigkeits-Auszeichnung f\u00fcr mobilezone Schweiz","datePublished":"2024-06-12T11:40:38+00:00","mainEntityOfPage":{"@id":"https:\/\/www.organisator.ch\/sustainability\/2024-06-12\/nachhaltigkeits-auszeichnung-fuer-mobilezone-schweiz\/"},"wordCount":273,"publisher":{"@id":"https:\/\/www.organisator.ch\/#organization"},"image":{"@id":"https:\/\/www.organisator.ch\/sustainability\/2024-06-12\/nachhaltigkeits-auszeichnung-fuer-mobilezone-schweiz\/#primaryimage"},"thumbnailUrl":"https:\/\/www.organisator.ch\/wp-content\/uploads\/2024\/06\/Nachhaltigkeits-Auszeichnung-fuer-mobilezone-Schweiz-1_Organisator.jpg","keywords":["Nachhaltige Wirtschaft","Unternehmen","Zertifizierung"],"articleSection":["SUSTAINABILITY"],"inLanguage":"fr-FR"},{"@type":"WebPage","@id":"https:\/\/www.organisator.ch\/sustainability\/2024-06-12\/nachhaltigkeits-auszeichnung-fuer-mobilezone-schweiz\/","url":"https:\/\/www.organisator.ch\/sustainability\/2024-06-12\/nachhaltigkeits-auszeichnung-fuer-mobilezone-schweiz\/","name":"Prix de la durabilit\u00e9 pour mobilezone Suisse - Organisateur","isPartOf":{"@id":"https:\/\/www.organisator.ch\/#website"},"primaryImageOfPage":{"@id":"https:\/\/www.organisator.ch\/sustainability\/2024-06-12\/nachhaltigkeits-auszeichnung-fuer-mobilezone-schweiz\/#primaryimage"},"image":{"@id":"https:\/\/www.organisator.ch\/sustainability\/2024-06-12\/nachhaltigkeits-auszeichnung-fuer-mobilezone-schweiz\/#primaryimage"},"thumbnailUrl":"https:\/\/www.organisator.ch\/wp-content\/uploads\/2024\/06\/Nachhaltigkeits-Auszeichnung-fuer-mobilezone-Schweiz-1_Organisator.jpg","datePublished":"2024-06-12T11:40:38+00:00","description":"Deux secteurs d'activit\u00e9 de mobilezone Suisse ont re\u00e7u une distinction de durabilit\u00e9 de la part d'EcoVadis.","breadcrumb":{"@id":"https:\/\/www.organisator.ch\/sustainability\/2024-06-12\/nachhaltigkeits-auszeichnung-fuer-mobilezone-schweiz\/#breadcrumb"},"inLanguage":"fr-FR","potentialAction":[{"@type":"ReadAction","target":["https:\/\/www.organisator.ch\/sustainability\/2024-06-12\/nachhaltigkeits-auszeichnung-fuer-mobilezone-schweiz\/"]}]},{"@type":"ImageObject","inLanguage":"fr-FR","@id":"https:\/\/www.organisator.ch\/sustainability\/2024-06-12\/nachhaltigkeits-auszeichnung-fuer-mobilezone-schweiz\/#primaryimage","url":"https:\/\/www.organisator.ch\/wp-content\/uploads\/2024\/06\/Nachhaltigkeits-Auszeichnung-fuer-mobilezone-Schweiz-1_Organisator.jpg","contentUrl":"https:\/\/www.organisator.ch\/wp-content\/uploads\/2024\/06\/Nachhaltigkeits-Auszeichnung-fuer-mobilezone-Schweiz-1_Organisator.jpg","width":680,"height":336,"caption":"Der Telekomdienstleister mobilezone erh\u00e4lt f\u00fcr seine Nachhaltigkeitsbem\u00fchungen zwei Auszeichnungen. (Bild: Screenshot mobilezone)"},{"@type":"BreadcrumbList","@id":"https:\/\/www.organisator.ch\/sustainability\/2024-06-12\/nachhaltigkeits-auszeichnung-fuer-mobilezone-schweiz\/#breadcrumb","itemListElement":[{"@type":"ListItem","position":1,"name":"Home","item":"https:\/\/www.organisator.ch\/"},{"@type":"ListItem","position":2,"name":"Nachhaltigkeits-Auszeichnung f\u00fcr mobilezone Schweiz"}]},{"@type":"WebSite","@id":"https:\/\/www.organisator.ch\/#website","url":"https:\/\/www.organisator.ch\/","name":"Organisateur","description":"Comp\u00e9tence et comp\u00e9tence. Proches de la pratique. L'ORGANISATEUR pr\u00e9pare 10 num\u00e9ros par an sur les th\u00e8mes essentiels pour les dirigeants de PME.","publisher":{"@id":"https:\/\/www.organisator.ch\/#organization"},"potentialAction":[{"@type":"SearchAction","target":{"@type":"EntryPoint","urlTemplate":"https:\/\/www.organisator.ch\/?s={search_term_string}"},"query-input":{"@type":"PropertyValueSpecification","valueRequired":true,"valueName":"search_term_string"}}],"inLanguage":"fr-FR"},{"@type":"Organization","@id":"https:\/\/www.organisator.ch\/#organization","name":"Organisateur","url":"https:\/\/www.organisator.ch\/","logo":{"@type":"ImageObject","inLanguage":"fr-FR","@id":"https:\/\/www.organisator.ch\/#\/schema\/logo\/image\/","url":"https:\/\/www.organisator.ch\/wp-content\/uploads\/2022\/01\/Logo_Organisator_Website.png","contentUrl":"https:\/\/www.organisator.ch\/wp-content\/uploads\/2022\/01\/Logo_Organisator_Website.png","width":800,"height":77,"caption":"Organisator"},"image":{"@id":"https:\/\/www.organisator.ch\/#\/schema\/logo\/image\/"},"sameAs":["https:\/\/www.facebook.com\/OrganisatorFachmagazin","https:\/\/www.linkedin.com\/showcase\/organisator-das-magazin-fr-kmu","https:\/\/www.xing.com\/news\/pages\/organisator-ch-695","https:\/\/www.youtube.com\/channel\/UCGP2Sq0iWaZwT3BdIAQFYpw"]},{"@type":"Person","@id":"https:\/\/www.organisator.ch\/#\/schema\/person\/6f650f90b2842cd4c0cc334b4e36f67e","name":"thomas.berner","image":{"@type":"ImageObject","inLanguage":"fr-FR","@id":"https:\/\/secure.gravatar.com\/avatar\/ac5001d2a36cb6c6cd3e50789007ffca834b477b74a2144564522e944eabff61?s=96&d=mm&r=g","url":"https:\/\/secure.gravatar.com\/avatar\/ac5001d2a36cb6c6cd3e50789007ffca834b477b74a2144564522e944eabff61?s=96&d=mm&r=g","contentUrl":"https:\/\/secure.gravatar.com\/avatar\/ac5001d2a36cb6c6cd3e50789007ffca834b477b74a2144564522e944eabff61?s=96&d=mm&r=g","caption":"thomas.berner"},"url":"https:\/\/www.organisator.ch\/fr\/author\/thomas-berner\/"}]}},"_links":{"self":[{"href":"https:\/\/www.organisator.ch\/fr\/wp-json\/wp\/v2\/posts\/27597","targetHints":{"allow":["GET"]}}],"collection":[{"href":"https:\/\/www.organisator.ch\/fr\/wp-json\/wp\/v2\/posts"}],"about":[{"href":"https:\/\/www.organisator.ch\/fr\/wp-json\/wp\/v2\/types\/post"}],"author":[{"embeddable":true,"href":"https:\/\/www.organisator.ch\/fr\/wp-json\/wp\/v2\/users\/4"}],"replies":[{"embeddable":true,"href":"https:\/\/www.organisator.ch\/fr\/wp-json\/wp\/v2\/comments?post=27597"}],"version-history":[{"count":4,"href":"https:\/\/www.organisator.ch\/fr\/wp-json\/wp\/v2\/posts\/27597\/revisions"}],"predecessor-version":[{"id":27663,"href":"https:\/\/www.organisator.ch\/fr\/wp-json\/wp\/v2\/posts\/27597\/revisions\/27663"}],"wp:featuredmedia":[{"embeddable":true,"href":"https:\/\/www.organisator.ch\/fr\/wp-json\/wp\/v2\/media\/27606"}],"wp:attachment":[{"href":"https:\/\/www.organisator.ch\/fr\/wp-json\/wp\/v2\/media?parent=27597"}],"wp:term":[{"taxonomy":"category","embeddable":true,"href":"https:\/\/www.organisator.ch\/fr\/wp-json\/wp\/v2\/categories?post=27597"},{"taxonomy":"post_tag","embeddable":true,"href":"https:\/\/www.organisator.ch\/fr\/wp-json\/wp\/v2\/tags?post=27597"}],"curies":[{"name":"wp","href":"https:\/\/api.w.org\/{rel}","templated":true}]}}