{"id":27626,"date":"2024-06-13T12:08:09","date_gmt":"2024-06-13T10:08:09","guid":{"rendered":"https:\/\/www.organisator.ch\/?p=27626"},"modified":"2024-06-24T09:09:54","modified_gmt":"2024-06-24T07:09:54","slug":"digitalisierung-in-gemeinden-wille-da-aber-geld-fehlt","status":"publish","type":"post","link":"https:\/\/www.organisator.ch\/fr\/management\/2024-06-13\/digitalisierung-in-gemeinden-wille-da-aber-geld-fehlt\/","title":{"rendered":"La num\u00e9risation dans les communes : La volont\u00e9 est l\u00e0, mais l'argent manque"},"content":{"rendered":"<figure id=\"attachment_27627\" aria-describedby=\"caption-attachment-27627\" style=\"width: 680px\" class=\"wp-caption alignnone\"><img loading=\"lazy\" decoding=\"async\" class=\"size-medium wp-image-27627\" src=\"https:\/\/www.organisator.ch\/wp-content\/uploads\/2024\/06\/Digitalisierung-in-Gemeinden-Wille-da-aber-Geld-fehlt_Organisator-680x417.jpg\" alt=\"\" width=\"680\" height=\"417\" srcset=\"https:\/\/www.organisator.ch\/wp-content\/uploads\/2024\/06\/Digitalisierung-in-Gemeinden-Wille-da-aber-Geld-fehlt_Organisator-680x417.jpg 680w, https:\/\/www.organisator.ch\/wp-content\/uploads\/2024\/06\/Digitalisierung-in-Gemeinden-Wille-da-aber-Geld-fehlt_Organisator-1024x629.jpg 1024w, https:\/\/www.organisator.ch\/wp-content\/uploads\/2024\/06\/Digitalisierung-in-Gemeinden-Wille-da-aber-Geld-fehlt_Organisator-768x471.jpg 768w, https:\/\/www.organisator.ch\/wp-content\/uploads\/2024\/06\/Digitalisierung-in-Gemeinden-Wille-da-aber-Geld-fehlt_Organisator-18x12.jpg 18w, https:\/\/www.organisator.ch\/wp-content\/uploads\/2024\/06\/Digitalisierung-in-Gemeinden-Wille-da-aber-Geld-fehlt_Organisator-375x230.jpg 375w, https:\/\/www.organisator.ch\/wp-content\/uploads\/2024\/06\/Digitalisierung-in-Gemeinden-Wille-da-aber-Geld-fehlt_Organisator-570x350.jpg 570w, https:\/\/www.organisator.ch\/wp-content\/uploads\/2024\/06\/Digitalisierung-in-Gemeinden-Wille-da-aber-Geld-fehlt_Organisator-1000x614.jpg 1000w, https:\/\/www.organisator.ch\/wp-content\/uploads\/2024\/06\/Digitalisierung-in-Gemeinden-Wille-da-aber-Geld-fehlt_Organisator.jpg 1098w\" sizes=\"auto, (max-width: 680px) 100vw, 680px\" \/><figcaption id=\"caption-attachment-27627\" class=\"wp-caption-text\">La num\u00e9risation dans les communes - ici, une vue a\u00e9rienne d'un quartier ext\u00e9rieur de Saint-Gall en direction de l'ouest - continue de progresser. Mais les obstacles sont encore nombreux. (Image : luftbild24 \/ Pixabay.com)<\/figcaption><\/figure>\n<p>Pour la quatri\u00e8me fois, l'association \"Myni Gmeind\", en collaboration avec l'Association des communes suisses et la Haute \u00e9cole sp\u00e9cialis\u00e9e du Nord-Ouest de la Suisse, a interrog\u00e9 les communes suisses sur l'avancement de leur transformation num\u00e9rique. Sur un total de 2131 communes suisses, 560 communes (26%) ont r\u00e9pondu enti\u00e8rement au questionnaire et 1121 autres communes (53%) ont r\u00e9pondu partiellement. Ce taux de r\u00e9ponse r\u00e9jouissant constitue une base de donn\u00e9es solide qui permet de tirer des conclusions pertinentes.<\/p>\n<h3>La num\u00e9risation dans les communes, un sujet d'actualit\u00e9<\/h3>\n<p>La num\u00e9risation et la cybers\u00e9curit\u00e9 sont les th\u00e8mes qui pr\u00e9occupent actuellement le plus les communes, \u00e0 c\u00f4t\u00e9 d'autres comme les projets d'infrastructure et les finances. Selon l'enqu\u00eate, quatre communes sur cinq consid\u00e8rent la transformation num\u00e9rique comme un moyen d'am\u00e9liorer leur efficacit\u00e9, et autant y voient \u00e9galement un service pour la population. \"La transformation num\u00e9rique est d\u00e9finitivement arriv\u00e9e dans les conseils communaux et les administrations\", constate Alex Sollberger, pr\u00e9sident de Myni Gmeind. Entre-temps, 41 pour cent de toutes les communes se consid\u00e8rent comme des pr\u00e9curseurs dans le domaine de la num\u00e9risation. C'est nettement plus que l'ann\u00e9e pr\u00e9c\u00e9dente, o\u00f9 seul un tiers des communes avait r\u00e9pondu par l'affirmative \u00e0 cette question.<\/p>\n<p>Les r\u00e9sultats montrent \u00e9galement que ce ne sont pas forc\u00e9ment les comp\u00e9tences ou le savoir-faire num\u00e9riques qui sont d\u00e9cisifs pour le succ\u00e8s de la num\u00e9risation, mais plut\u00f4t l'ouverture d'esprit vis-\u00e0-vis du sujet. Les communes ont \u00e9galement identifi\u00e9 une volont\u00e9 politique claire en mati\u00e8re de transformation num\u00e9rique comme \u00e9tant le facteur de r\u00e9ussite le plus important. 61% des personnes interrog\u00e9es ont indiqu\u00e9 qu'elles ressentaient plut\u00f4t ou m\u00eame fortement cette volont\u00e9 dans leur commune.<\/p>\n<h3>Probl\u00e8me : ressources humaines et financi\u00e8res<\/h3>\n<p>Comme le constate une grande partie des personnes interrog\u00e9es, la pr\u00e9sence de ressources humaines et financi\u00e8res est tout aussi importante que la volont\u00e9 et l'ouverture \u00e0 la num\u00e9risation. Mais il existe ici un \u00e9cart entre le souhait et la r\u00e9alit\u00e9 : seules 42% des communes indiquent que les conditions financi\u00e8res pour la transformation num\u00e9rique sont donn\u00e9es ou plut\u00f4t donn\u00e9es. Seul un tiers des communes participantes \u00e9value m\u00eame positivement la question de la disponibilit\u00e9 des ressources en personnel. Une nette majorit\u00e9 des personnes interrog\u00e9es estiment que leurs ressources en personnel pour la transformation num\u00e9rique sont insuffisantes ou plut\u00f4t insuffisantes. Pour les communes, la solution consiste soit \u00e0 augmenter les ressources en personnel en cr\u00e9ant des pourcentages de postes suppl\u00e9mentaires, soit \u00e0 externaliser temporairement certaines t\u00e2ches \u00e0 des prestataires de services externes. \"Ces deux voies permettraient de g\u00e9n\u00e9rer des ressources humaines suppl\u00e9mentaires pour la transformation num\u00e9rique, mais augmenteraient en m\u00eame temps les d\u00e9fis en termes de ressources financi\u00e8res\", explique Alex Sollberger.<\/p>\n<p>Une chose est s\u00fbre : aujourd'hui, personne ne peut faire l'\u00e9conomie d'une transformation num\u00e9rique. Les attentes de la population vis-\u00e0-vis d'une administration moderne ont augment\u00e9. En Suisse, pays \u00e0 salaires \u00e9lev\u00e9s, il est judicieux d'automatiser autant que possible les processus. La num\u00e9risation permet \u00e9galement d'att\u00e9nuer \u00e0 long terme le manque de personnel qualifi\u00e9. Entre-temps, pr\u00e8s de la moiti\u00e9 des communes (47%) ont d\u00e9j\u00e0 d\u00e9fini un poste ou une personne qui coordonne la transformation num\u00e9rique dans tous les domaines.<\/p>\n<p><em>Source et informations compl\u00e9mentaires : <a href=\"https:\/\/www.chgemeinden.ch\/de\/\">Association des communes suisses<\/a>, <a href=\"https:\/\/www.mynigmeind.ch\/de\/\">Association Myni Gmeind<\/a><\/em><\/p>","protected":false},"excerpt":{"rendered":"<p>Une grande majorit\u00e9 des communes suisses voient dans la num\u00e9risation de leurs instruments de travail internes et de leurs services externes une opportunit\u00e9 de gagner en efficacit\u00e9. Selon une nouvelle enqu\u00eate sur l'\u00e9tat de la num\u00e9risation dans les communes, la moiti\u00e9 d'entre elles ont d\u00e9j\u00e0 d\u00e9sign\u00e9 leur propre service de num\u00e9risation. <\/p>","protected":false},"author":4,"featured_media":27627,"comment_status":"closed","ping_status":"closed","sticky":false,"template":"","format":"standard","meta":{"_acf_changed":false,"_yoast_wpseo_focuskw":"Digitalisierung in Gemeinden","_yoast_wpseo_metadesc":"Laut einer neuen Umfrage zum Stand der Digitalisierung in Gemeinden hat die H\u00e4lfte von ihnen eine eigene Digitalisierungsstelle bezeichnet.","articlekey":"","footnotes":""},"categories":[28],"tags":[156,335,459,503],"class_list":["post-27626","post","type-post","status-publish","format-standard","has-post-thumbnail","hentry","category-management","tag-digitalisierung","tag-management-und-unternehmensfuehrung","tag-studie","tag-verbaende"],"acf":[],"yoast_head":"<!-- This site is optimized with the Yoast SEO plugin v27.5 - https:\/\/yoast.com\/product\/yoast-seo-wordpress\/ -->\n<title>Digitalisierung in Gemeinden: Wille da, aber Geld fehlt - Organisator<\/title>\n<meta name=\"description\" content=\"Laut einer neuen Umfrage zum Stand der Digitalisierung in Gemeinden hat die H\u00e4lfte von ihnen eine eigene Digitalisierungsstelle bezeichnet.\" \/>\n<meta name=\"robots\" content=\"index, follow, max-snippet:-1, max-image-preview:large, max-video-preview:-1\" \/>\n<link rel=\"canonical\" href=\"https:\/\/www.organisator.ch\/fr\/gestion-2\/2024-06-13\/digitalisierung-in-gemeinden-wille-da-aber-geld-fehlt\/\" \/>\n<meta property=\"og:locale\" content=\"fr_FR\" \/>\n<meta property=\"og:type\" content=\"article\" \/>\n<meta property=\"og:title\" content=\"Digitalisierung in Gemeinden: Wille da, aber Geld fehlt\" \/>\n<meta property=\"og:description\" content=\"Laut einer neuen Umfrage zum Stand der Digitalisierung in Gemeinden hat die H\u00e4lfte von ihnen eine eigene Digitalisierungsstelle bezeichnet.\" \/>\n<meta property=\"og:url\" content=\"https:\/\/www.organisator.ch\/fr\/gestion-2\/2024-06-13\/digitalisierung-in-gemeinden-wille-da-aber-geld-fehlt\/\" \/>\n<meta property=\"og:site_name\" content=\"Organisator\" \/>\n<meta property=\"article:publisher\" content=\"https:\/\/www.facebook.com\/OrganisatorFachmagazin\" \/>\n<meta property=\"article:published_time\" content=\"2024-06-13T10:08:09+00:00\" \/>\n<meta property=\"article:modified_time\" content=\"2024-06-24T07:09:54+00:00\" \/>\n<meta property=\"og:image\" content=\"https:\/\/www.organisator.ch\/wp-content\/uploads\/2024\/06\/Digitalisierung-in-Gemeinden-Wille-da-aber-Geld-fehlt_Organisator.jpg\" \/>\n\t<meta property=\"og:image:width\" content=\"1098\" \/>\n\t<meta property=\"og:image:height\" content=\"674\" \/>\n\t<meta property=\"og:image:type\" content=\"image\/jpeg\" \/>\n<meta name=\"author\" content=\"thomas.berner\" \/>\n<meta name=\"twitter:card\" content=\"summary_large_image\" \/>\n<meta name=\"twitter:title\" content=\"#Digitalisierung in #Gemeinden: Wille da, aber Geld fehlt\" \/>\n<meta name=\"twitter:description\" content=\"Laut einer neuen Umfrage zum Stand der #Digitalisierung in Gemeinden hat die H\u00e4lfte von ihnen eine eigene #Digitalisierungsstelle bezeichnet.\" \/>\n<meta name=\"twitter:image\" content=\"https:\/\/www.organisator.ch\/wp-content\/uploads\/2024\/06\/Digitalisierung-in-Gemeinden-Wille-da-aber-Geld-fehlt_Organisator.jpg\" \/>\n<script type=\"application\/ld+json\" class=\"yoast-schema-graph\">{\"@context\":\"https:\\\/\\\/schema.org\",\"@graph\":[{\"@type\":\"Article\",\"@id\":\"https:\\\/\\\/www.organisator.ch\\\/management\\\/2024-06-13\\\/digitalisierung-in-gemeinden-wille-da-aber-geld-fehlt\\\/#article\",\"isPartOf\":{\"@id\":\"https:\\\/\\\/www.organisator.ch\\\/management\\\/2024-06-13\\\/digitalisierung-in-gemeinden-wille-da-aber-geld-fehlt\\\/\"},\"author\":{\"name\":\"thomas.berner\",\"@id\":\"https:\\\/\\\/www.organisator.ch\\\/#\\\/schema\\\/person\\\/6f650f90b2842cd4c0cc334b4e36f67e\"},\"headline\":\"Digitalisierung in Gemeinden: Wille da, aber Geld fehlt\",\"datePublished\":\"2024-06-13T10:08:09+00:00\",\"dateModified\":\"2024-06-24T07:09:54+00:00\",\"mainEntityOfPage\":{\"@id\":\"https:\\\/\\\/www.organisator.ch\\\/management\\\/2024-06-13\\\/digitalisierung-in-gemeinden-wille-da-aber-geld-fehlt\\\/\"},\"wordCount\":511,\"publisher\":{\"@id\":\"https:\\\/\\\/www.organisator.ch\\\/#organization\"},\"image\":{\"@id\":\"https:\\\/\\\/www.organisator.ch\\\/management\\\/2024-06-13\\\/digitalisierung-in-gemeinden-wille-da-aber-geld-fehlt\\\/#primaryimage\"},\"thumbnailUrl\":\"https:\\\/\\\/www.organisator.ch\\\/wp-content\\\/uploads\\\/2024\\\/06\\\/Digitalisierung-in-Gemeinden-Wille-da-aber-Geld-fehlt_Organisator.jpg\",\"keywords\":[\"Digitalisierung\",\"Management und Unternehmensf\u00fchrung\",\"Studie\",\"Verb\u00e4nde\"],\"articleSection\":[\"MANAGEMENT\"],\"inLanguage\":\"fr-FR\"},{\"@type\":\"WebPage\",\"@id\":\"https:\\\/\\\/www.organisator.ch\\\/management\\\/2024-06-13\\\/digitalisierung-in-gemeinden-wille-da-aber-geld-fehlt\\\/\",\"url\":\"https:\\\/\\\/www.organisator.ch\\\/management\\\/2024-06-13\\\/digitalisierung-in-gemeinden-wille-da-aber-geld-fehlt\\\/\",\"name\":\"Digitalisierung in Gemeinden: Wille da, aber Geld fehlt - Organisator\",\"isPartOf\":{\"@id\":\"https:\\\/\\\/www.organisator.ch\\\/#website\"},\"primaryImageOfPage\":{\"@id\":\"https:\\\/\\\/www.organisator.ch\\\/management\\\/2024-06-13\\\/digitalisierung-in-gemeinden-wille-da-aber-geld-fehlt\\\/#primaryimage\"},\"image\":{\"@id\":\"https:\\\/\\\/www.organisator.ch\\\/management\\\/2024-06-13\\\/digitalisierung-in-gemeinden-wille-da-aber-geld-fehlt\\\/#primaryimage\"},\"thumbnailUrl\":\"https:\\\/\\\/www.organisator.ch\\\/wp-content\\\/uploads\\\/2024\\\/06\\\/Digitalisierung-in-Gemeinden-Wille-da-aber-Geld-fehlt_Organisator.jpg\",\"datePublished\":\"2024-06-13T10:08:09+00:00\",\"dateModified\":\"2024-06-24T07:09:54+00:00\",\"description\":\"Laut einer neuen Umfrage zum Stand der Digitalisierung in Gemeinden hat die H\u00e4lfte von ihnen eine eigene Digitalisierungsstelle bezeichnet.\",\"breadcrumb\":{\"@id\":\"https:\\\/\\\/www.organisator.ch\\\/management\\\/2024-06-13\\\/digitalisierung-in-gemeinden-wille-da-aber-geld-fehlt\\\/#breadcrumb\"},\"inLanguage\":\"fr-FR\",\"potentialAction\":[{\"@type\":\"ReadAction\",\"target\":[\"https:\\\/\\\/www.organisator.ch\\\/management\\\/2024-06-13\\\/digitalisierung-in-gemeinden-wille-da-aber-geld-fehlt\\\/\"]}]},{\"@type\":\"ImageObject\",\"inLanguage\":\"fr-FR\",\"@id\":\"https:\\\/\\\/www.organisator.ch\\\/management\\\/2024-06-13\\\/digitalisierung-in-gemeinden-wille-da-aber-geld-fehlt\\\/#primaryimage\",\"url\":\"https:\\\/\\\/www.organisator.ch\\\/wp-content\\\/uploads\\\/2024\\\/06\\\/Digitalisierung-in-Gemeinden-Wille-da-aber-Geld-fehlt_Organisator.jpg\",\"contentUrl\":\"https:\\\/\\\/www.organisator.ch\\\/wp-content\\\/uploads\\\/2024\\\/06\\\/Digitalisierung-in-Gemeinden-Wille-da-aber-Geld-fehlt_Organisator.jpg\",\"width\":1098,\"height\":674,\"caption\":\"Die Digitalisierung in Gemeinden - hier ein Luftbild eines Aussenquartiers von St.Gallen in Richtung Westen - schreitet weiter voran. Es gibt aber noch viele H\u00fcrden. (Bild: luftbild24 \\\/ Pixabay.com)\"},{\"@type\":\"BreadcrumbList\",\"@id\":\"https:\\\/\\\/www.organisator.ch\\\/management\\\/2024-06-13\\\/digitalisierung-in-gemeinden-wille-da-aber-geld-fehlt\\\/#breadcrumb\",\"itemListElement\":[{\"@type\":\"ListItem\",\"position\":1,\"name\":\"Home\",\"item\":\"https:\\\/\\\/www.organisator.ch\\\/\"},{\"@type\":\"ListItem\",\"position\":2,\"name\":\"Digitalisierung in Gemeinden: Wille da, aber Geld fehlt\"}]},{\"@type\":\"WebSite\",\"@id\":\"https:\\\/\\\/www.organisator.ch\\\/#website\",\"url\":\"https:\\\/\\\/www.organisator.ch\\\/\",\"name\":\"Organisator\",\"description\":\"Kompetent. Praxisnah. Der ORGANISATOR bereitet in 10 Ausgaben pro Jahr die wesentlichen Themen f\u00fcr F\u00fchrungskr\u00e4fte von KMU auf.\",\"publisher\":{\"@id\":\"https:\\\/\\\/www.organisator.ch\\\/#organization\"},\"potentialAction\":[{\"@type\":\"SearchAction\",\"target\":{\"@type\":\"EntryPoint\",\"urlTemplate\":\"https:\\\/\\\/www.organisator.ch\\\/?s={search_term_string}\"},\"query-input\":{\"@type\":\"PropertyValueSpecification\",\"valueRequired\":true,\"valueName\":\"search_term_string\"}}],\"inLanguage\":\"fr-FR\"},{\"@type\":\"Organization\",\"@id\":\"https:\\\/\\\/www.organisator.ch\\\/#organization\",\"name\":\"Organisator\",\"url\":\"https:\\\/\\\/www.organisator.ch\\\/\",\"logo\":{\"@type\":\"ImageObject\",\"inLanguage\":\"fr-FR\",\"@id\":\"https:\\\/\\\/www.organisator.ch\\\/#\\\/schema\\\/logo\\\/image\\\/\",\"url\":\"https:\\\/\\\/www.organisator.ch\\\/wp-content\\\/uploads\\\/2022\\\/01\\\/Logo_Organisator_Website.png\",\"contentUrl\":\"https:\\\/\\\/www.organisator.ch\\\/wp-content\\\/uploads\\\/2022\\\/01\\\/Logo_Organisator_Website.png\",\"width\":800,\"height\":77,\"caption\":\"Organisator\"},\"image\":{\"@id\":\"https:\\\/\\\/www.organisator.ch\\\/#\\\/schema\\\/logo\\\/image\\\/\"},\"sameAs\":[\"https:\\\/\\\/www.facebook.com\\\/OrganisatorFachmagazin\",\"https:\\\/\\\/www.linkedin.com\\\/showcase\\\/organisator-das-magazin-fr-kmu\",\"https:\\\/\\\/www.xing.com\\\/news\\\/pages\\\/organisator-ch-695\",\"https:\\\/\\\/www.youtube.com\\\/channel\\\/UCGP2Sq0iWaZwT3BdIAQFYpw\"]},{\"@type\":\"Person\",\"@id\":\"https:\\\/\\\/www.organisator.ch\\\/#\\\/schema\\\/person\\\/6f650f90b2842cd4c0cc334b4e36f67e\",\"name\":\"thomas.berner\",\"image\":{\"@type\":\"ImageObject\",\"inLanguage\":\"fr-FR\",\"@id\":\"https:\\\/\\\/secure.gravatar.com\\\/avatar\\\/ac5001d2a36cb6c6cd3e50789007ffca834b477b74a2144564522e944eabff61?s=96&d=mm&r=g\",\"url\":\"https:\\\/\\\/secure.gravatar.com\\\/avatar\\\/ac5001d2a36cb6c6cd3e50789007ffca834b477b74a2144564522e944eabff61?s=96&d=mm&r=g\",\"contentUrl\":\"https:\\\/\\\/secure.gravatar.com\\\/avatar\\\/ac5001d2a36cb6c6cd3e50789007ffca834b477b74a2144564522e944eabff61?s=96&d=mm&r=g\",\"caption\":\"thomas.berner\"},\"url\":\"https:\\\/\\\/www.organisator.ch\\\/fr\\\/author\\\/thomas-berner\\\/\"}]}<\/script>\n<!-- \/ Yoast SEO plugin. -->","yoast_head_json":{"title":"La num\u00e9risation dans les communes : La volont\u00e9 est l\u00e0, mais l'argent manque - Organisateur","description":"Selon une nouvelle enqu\u00eate sur l'\u00e9tat de la num\u00e9risation dans les communes, la moiti\u00e9 d'entre elles ont d\u00e9sign\u00e9 leur propre service de num\u00e9risation.","robots":{"index":"index","follow":"follow","max-snippet":"max-snippet:-1","max-image-preview":"max-image-preview:large","max-video-preview":"max-video-preview:-1"},"canonical":"https:\/\/www.organisator.ch\/fr\/gestion-2\/2024-06-13\/digitalisierung-in-gemeinden-wille-da-aber-geld-fehlt\/","og_locale":"fr_FR","og_type":"article","og_title":"Digitalisierung in Gemeinden: Wille da, aber Geld fehlt","og_description":"Laut einer neuen Umfrage zum Stand der Digitalisierung in Gemeinden hat die H\u00e4lfte von ihnen eine eigene Digitalisierungsstelle bezeichnet.","og_url":"https:\/\/www.organisator.ch\/fr\/gestion-2\/2024-06-13\/digitalisierung-in-gemeinden-wille-da-aber-geld-fehlt\/","og_site_name":"Organisator","article_publisher":"https:\/\/www.facebook.com\/OrganisatorFachmagazin","article_published_time":"2024-06-13T10:08:09+00:00","article_modified_time":"2024-06-24T07:09:54+00:00","og_image":[{"width":1098,"height":674,"url":"https:\/\/www.organisator.ch\/wp-content\/uploads\/2024\/06\/Digitalisierung-in-Gemeinden-Wille-da-aber-Geld-fehlt_Organisator.jpg","type":"image\/jpeg"}],"author":"thomas.berner","twitter_card":"summary_large_image","twitter_title":"#Digitalisierung in #Gemeinden: Wille da, aber Geld fehlt","twitter_description":"Laut einer neuen Umfrage zum Stand der #Digitalisierung in Gemeinden hat die H\u00e4lfte von ihnen eine eigene #Digitalisierungsstelle bezeichnet.","twitter_image":"https:\/\/www.organisator.ch\/wp-content\/uploads\/2024\/06\/Digitalisierung-in-Gemeinden-Wille-da-aber-Geld-fehlt_Organisator.jpg","schema":{"@context":"https:\/\/schema.org","@graph":[{"@type":"Article","@id":"https:\/\/www.organisator.ch\/management\/2024-06-13\/digitalisierung-in-gemeinden-wille-da-aber-geld-fehlt\/#article","isPartOf":{"@id":"https:\/\/www.organisator.ch\/management\/2024-06-13\/digitalisierung-in-gemeinden-wille-da-aber-geld-fehlt\/"},"author":{"name":"thomas.berner","@id":"https:\/\/www.organisator.ch\/#\/schema\/person\/6f650f90b2842cd4c0cc334b4e36f67e"},"headline":"Digitalisierung in Gemeinden: Wille da, aber Geld fehlt","datePublished":"2024-06-13T10:08:09+00:00","dateModified":"2024-06-24T07:09:54+00:00","mainEntityOfPage":{"@id":"https:\/\/www.organisator.ch\/management\/2024-06-13\/digitalisierung-in-gemeinden-wille-da-aber-geld-fehlt\/"},"wordCount":511,"publisher":{"@id":"https:\/\/www.organisator.ch\/#organization"},"image":{"@id":"https:\/\/www.organisator.ch\/management\/2024-06-13\/digitalisierung-in-gemeinden-wille-da-aber-geld-fehlt\/#primaryimage"},"thumbnailUrl":"https:\/\/www.organisator.ch\/wp-content\/uploads\/2024\/06\/Digitalisierung-in-Gemeinden-Wille-da-aber-Geld-fehlt_Organisator.jpg","keywords":["Digitalisierung","Management und Unternehmensf\u00fchrung","Studie","Verb\u00e4nde"],"articleSection":["MANAGEMENT"],"inLanguage":"fr-FR"},{"@type":"WebPage","@id":"https:\/\/www.organisator.ch\/management\/2024-06-13\/digitalisierung-in-gemeinden-wille-da-aber-geld-fehlt\/","url":"https:\/\/www.organisator.ch\/management\/2024-06-13\/digitalisierung-in-gemeinden-wille-da-aber-geld-fehlt\/","name":"La num\u00e9risation dans les communes : La volont\u00e9 est l\u00e0, mais l'argent manque - Organisateur","isPartOf":{"@id":"https:\/\/www.organisator.ch\/#website"},"primaryImageOfPage":{"@id":"https:\/\/www.organisator.ch\/management\/2024-06-13\/digitalisierung-in-gemeinden-wille-da-aber-geld-fehlt\/#primaryimage"},"image":{"@id":"https:\/\/www.organisator.ch\/management\/2024-06-13\/digitalisierung-in-gemeinden-wille-da-aber-geld-fehlt\/#primaryimage"},"thumbnailUrl":"https:\/\/www.organisator.ch\/wp-content\/uploads\/2024\/06\/Digitalisierung-in-Gemeinden-Wille-da-aber-Geld-fehlt_Organisator.jpg","datePublished":"2024-06-13T10:08:09+00:00","dateModified":"2024-06-24T07:09:54+00:00","description":"Selon une nouvelle enqu\u00eate sur l'\u00e9tat de la num\u00e9risation dans les communes, la moiti\u00e9 d'entre elles ont d\u00e9sign\u00e9 leur propre service de num\u00e9risation.","breadcrumb":{"@id":"https:\/\/www.organisator.ch\/management\/2024-06-13\/digitalisierung-in-gemeinden-wille-da-aber-geld-fehlt\/#breadcrumb"},"inLanguage":"fr-FR","potentialAction":[{"@type":"ReadAction","target":["https:\/\/www.organisator.ch\/management\/2024-06-13\/digitalisierung-in-gemeinden-wille-da-aber-geld-fehlt\/"]}]},{"@type":"ImageObject","inLanguage":"fr-FR","@id":"https:\/\/www.organisator.ch\/management\/2024-06-13\/digitalisierung-in-gemeinden-wille-da-aber-geld-fehlt\/#primaryimage","url":"https:\/\/www.organisator.ch\/wp-content\/uploads\/2024\/06\/Digitalisierung-in-Gemeinden-Wille-da-aber-Geld-fehlt_Organisator.jpg","contentUrl":"https:\/\/www.organisator.ch\/wp-content\/uploads\/2024\/06\/Digitalisierung-in-Gemeinden-Wille-da-aber-Geld-fehlt_Organisator.jpg","width":1098,"height":674,"caption":"Die Digitalisierung in Gemeinden - hier ein Luftbild eines Aussenquartiers von St.Gallen in Richtung Westen - schreitet weiter voran. Es gibt aber noch viele H\u00fcrden. (Bild: luftbild24 \/ Pixabay.com)"},{"@type":"BreadcrumbList","@id":"https:\/\/www.organisator.ch\/management\/2024-06-13\/digitalisierung-in-gemeinden-wille-da-aber-geld-fehlt\/#breadcrumb","itemListElement":[{"@type":"ListItem","position":1,"name":"Home","item":"https:\/\/www.organisator.ch\/"},{"@type":"ListItem","position":2,"name":"Digitalisierung in Gemeinden: Wille da, aber Geld fehlt"}]},{"@type":"WebSite","@id":"https:\/\/www.organisator.ch\/#website","url":"https:\/\/www.organisator.ch\/","name":"Organisateur","description":"Comp\u00e9tence et comp\u00e9tence. Proches de la pratique. L'ORGANISATEUR pr\u00e9pare 10 num\u00e9ros par an sur les th\u00e8mes essentiels pour les dirigeants de PME.","publisher":{"@id":"https:\/\/www.organisator.ch\/#organization"},"potentialAction":[{"@type":"SearchAction","target":{"@type":"EntryPoint","urlTemplate":"https:\/\/www.organisator.ch\/?s={search_term_string}"},"query-input":{"@type":"PropertyValueSpecification","valueRequired":true,"valueName":"search_term_string"}}],"inLanguage":"fr-FR"},{"@type":"Organization","@id":"https:\/\/www.organisator.ch\/#organization","name":"Organisateur","url":"https:\/\/www.organisator.ch\/","logo":{"@type":"ImageObject","inLanguage":"fr-FR","@id":"https:\/\/www.organisator.ch\/#\/schema\/logo\/image\/","url":"https:\/\/www.organisator.ch\/wp-content\/uploads\/2022\/01\/Logo_Organisator_Website.png","contentUrl":"https:\/\/www.organisator.ch\/wp-content\/uploads\/2022\/01\/Logo_Organisator_Website.png","width":800,"height":77,"caption":"Organisator"},"image":{"@id":"https:\/\/www.organisator.ch\/#\/schema\/logo\/image\/"},"sameAs":["https:\/\/www.facebook.com\/OrganisatorFachmagazin","https:\/\/www.linkedin.com\/showcase\/organisator-das-magazin-fr-kmu","https:\/\/www.xing.com\/news\/pages\/organisator-ch-695","https:\/\/www.youtube.com\/channel\/UCGP2Sq0iWaZwT3BdIAQFYpw"]},{"@type":"Person","@id":"https:\/\/www.organisator.ch\/#\/schema\/person\/6f650f90b2842cd4c0cc334b4e36f67e","name":"thomas.berner","image":{"@type":"ImageObject","inLanguage":"fr-FR","@id":"https:\/\/secure.gravatar.com\/avatar\/ac5001d2a36cb6c6cd3e50789007ffca834b477b74a2144564522e944eabff61?s=96&d=mm&r=g","url":"https:\/\/secure.gravatar.com\/avatar\/ac5001d2a36cb6c6cd3e50789007ffca834b477b74a2144564522e944eabff61?s=96&d=mm&r=g","contentUrl":"https:\/\/secure.gravatar.com\/avatar\/ac5001d2a36cb6c6cd3e50789007ffca834b477b74a2144564522e944eabff61?s=96&d=mm&r=g","caption":"thomas.berner"},"url":"https:\/\/www.organisator.ch\/fr\/author\/thomas-berner\/"}]}},"_links":{"self":[{"href":"https:\/\/www.organisator.ch\/fr\/wp-json\/wp\/v2\/posts\/27626","targetHints":{"allow":["GET"]}}],"collection":[{"href":"https:\/\/www.organisator.ch\/fr\/wp-json\/wp\/v2\/posts"}],"about":[{"href":"https:\/\/www.organisator.ch\/fr\/wp-json\/wp\/v2\/types\/post"}],"author":[{"embeddable":true,"href":"https:\/\/www.organisator.ch\/fr\/wp-json\/wp\/v2\/users\/4"}],"replies":[{"embeddable":true,"href":"https:\/\/www.organisator.ch\/fr\/wp-json\/wp\/v2\/comments?post=27626"}],"version-history":[{"count":5,"href":"https:\/\/www.organisator.ch\/fr\/wp-json\/wp\/v2\/posts\/27626\/revisions"}],"predecessor-version":[{"id":27709,"href":"https:\/\/www.organisator.ch\/fr\/wp-json\/wp\/v2\/posts\/27626\/revisions\/27709"}],"wp:featuredmedia":[{"embeddable":true,"href":"https:\/\/www.organisator.ch\/fr\/wp-json\/wp\/v2\/media\/27627"}],"wp:attachment":[{"href":"https:\/\/www.organisator.ch\/fr\/wp-json\/wp\/v2\/media?parent=27626"}],"wp:term":[{"taxonomy":"category","embeddable":true,"href":"https:\/\/www.organisator.ch\/fr\/wp-json\/wp\/v2\/categories?post=27626"},{"taxonomy":"post_tag","embeddable":true,"href":"https:\/\/www.organisator.ch\/fr\/wp-json\/wp\/v2\/tags?post=27626"}],"curies":[{"name":"wp","href":"https:\/\/api.w.org\/{rel}","templated":true}]}}