{"id":27629,"date":"2024-06-13T08:25:31","date_gmt":"2024-06-13T06:25:31","guid":{"rendered":"https:\/\/www.werbewoche.ch\/?p=216509"},"modified":"2024-11-10T12:53:09","modified_gmt":"2024-11-10T11:53:09","slug":"pride-vor-allem-junge-freuen-sich-ueber-engagement-von-marken","status":"publish","type":"post","link":"https:\/\/www.organisator.ch\/fr\/marketing\/2024-06-13\/pride-vor-allem-junge-freuen-sich-ueber-engagement-von-marken\/","title":{"rendered":"Pride : les jeunes surtout se r\u00e9jouissent de l'engagement des marques"},"content":{"rendered":"<figure id=\"attachment_216513\" class=\"wp-caption aligncenter\" style=\"width: 1200px\" aria-describedby=\"caption-attachment-216513\"><img class=\"aligncenter wp-image-216513 size-full\" src=\"https:\/\/www.werbewoche.ch\/wp-content\/uploads\/2024\/06\/CH_202406_Pressegrafiken_Pride_Marken_CH-6.jpg\" alt=\"Assistance aux entreprises pour Pride\" width=\"1200\" height=\"901\" \/>\r\n<figcaption id=\"caption-attachment-216513\" class=\"wp-caption-text\">(Image : Yougov)<\/figcaption>\r\n<\/figure>\r\n<p>Le fait que les entreprises soutiennent ouvertement les Pride Parades est bien per\u00e7u par la population : pr\u00e8s de la moiti\u00e9 de la population (48%) est favorable \u00e0 ce que les entreprises se prononcent publiquement en faveur des Pride Parades. Le taux d'approbation est de 70% parmi les personnes queer interrog\u00e9es et de 45% parmi les personnes non queer interrog\u00e9es.<\/p>\r\n<figure id=\"attachment_216512\" class=\"wp-caption aligncenter\" style=\"width: 1200px\" aria-describedby=\"caption-attachment-216512\"><img class=\"wp-image-216512 size-full\" src=\"https:\/\/www.werbewoche.ch\/wp-content\/uploads\/2024\/06\/CH_202406_Pressegrafiken_Pride_Marken_CH-5.jpg\" alt=\"\" width=\"1200\" height=\"887\" \/>\r\n<figcaption id=\"caption-attachment-216512\" class=\"wp-caption-text\">(Graphiques : Yougov Suisse)<\/figcaption>\r\n<\/figure>\r\n<p>L'engagement des entreprises en faveur des Pride Parades est particuli\u00e8rement bien accueilli dans le groupe d'\u00e2ge des 15-29 ans - 52% d'entre eux y sont favorables. Dans le groupe d'\u00e2ge des 30-44 ans, ils sont encore 50 pour cent, alors que dans le plus vieux groupe d'\u00e2ge \u00e9tudi\u00e9, celui des 60-79 ans, ils ne sont plus que 43 pour cent \u00e0 \u00eatre favorables.<\/p>\r\n<p><img class=\"aligncenter size-full wp-image-216510\" src=\"https:\/\/www.werbewoche.ch\/wp-content\/uploads\/2024\/06\/CH_202406_Pressegrafiken_Pride_Marken_CH-7.jpg\" alt=\"\" width=\"1200\" height=\"710\" \/><\/p>\r\n<h3><strong>Les marques internationales sont les plus adapt\u00e9es \u00e0 la Pride<\/strong><\/h3>\r\n<p>Il n'est donc pas \u00e9tonnant que les marques qui op\u00e8rent en Suisse s'associent r\u00e9guli\u00e8rement au th\u00e8me de la Pride, le plus souvent \u00e0 l'occasion du Pride Month. Selon la population suisse, Coca-Cola (top 3 sur une \u00e9chelle de 1 \u00e0 10 : 33%), Netflix (top 3 : 33%) et Zalando (top 3 : 31%) s'associent particuli\u00e8rement bien aux d\u00e9fil\u00e9s de la Pride. La marque suisse traditionnelle la mieux plac\u00e9e est les CFF (top 3 : 22 %), suivis de Rivella (top 3 : 21 %) et de Twint (top 3 : 20 %). Les banques cantonales (Bottom 3 : 36 %), Raiffeisen (Bottom 3 : 35 %) et Thomy (Bottom 3 : 34 %), entre autres, sont consid\u00e9r\u00e9es comme moins appropri\u00e9es.<\/p>\r\n<p><img class=\"aligncenter size-full wp-image-216511\" src=\"https:\/\/www.werbewoche.ch\/wp-content\/uploads\/2024\/06\/CH_202406_Pressegrafiken_Pride_Marken_CH-8.jpg\" alt=\"\" width=\"1200\" height=\"606\" \/><\/p>\r\n<hr \/>\r\n<p><em>Le sondage repr\u00e9sentatif de la population a \u00e9t\u00e9 r\u00e9alis\u00e9 par Yougov Suisse entre le 24 et le 27 mai 2024. Pour ce faire, 1'260 personnes \u00e2g\u00e9es de 15 \u00e0 79 ans ont \u00e9t\u00e9 interrog\u00e9es via des interviews en ligne au sein du panel suisse de Yougov.<\/em><\/p>","protected":false},"excerpt":{"rendered":"<p>Juin est le mois de la fiert\u00e9, et alors que la communaut\u00e9 queer s'engage actuellement de mani\u00e8re particuli\u00e8rement forte pour l'acceptation de diff\u00e9rentes mani\u00e8res, les entreprises sont de plus en plus nombreuses \u00e0 montrer publiquement leur soutien \u00e0 la communaut\u00e9 queer. Une enqu\u00eate Yougov r\u00e9cente examine comment cela est per\u00e7u par la population suisse.<\/p>","protected":false},"author":8,"featured_media":0,"comment_status":"closed","ping_status":"closed","sticky":false,"template":"","format":"standard","meta":{"_acf_changed":false,"_yoast_wpseo_focuskw":"Unternehmenssupport f\u00fcr Pride","_yoast_wpseo_metadesc":"48% der Bev\u00f6lkerung bef\u00fcrworten Unternehmenssupport f\u00fcr Pride Paraden. Besonders stark bei jungen Erwachsenen.","articlekey":"","footnotes":""},"categories":[29],"tags":[159,2617,4254,459,3319],"class_list":["post-27629","post","type-post","status-publish","format-standard","hentry","category-marketing","tag-diversity","tag-marken","tag-pride","tag-studie","tag-yougov"],"acf":[],"yoast_head":"<!-- This site is optimized with the Yoast SEO plugin v27.5 - https:\/\/yoast.com\/product\/yoast-seo-wordpress\/ -->\n<title>Pride: Vor allem Junge freuen sich \u00fcber Engagement von Marken - Organisator<\/title>\n<meta name=\"description\" content=\"48% der Bev\u00f6lkerung bef\u00fcrworten Unternehmenssupport f\u00fcr Pride Paraden. Besonders stark bei jungen Erwachsenen.\" \/>\n<meta name=\"robots\" content=\"index, follow, max-snippet:-1, max-image-preview:large, max-video-preview:-1\" \/>\n<link rel=\"canonical\" href=\"https:\/\/www.organisator.ch\/fr\/marketing\/2024-06-13\/pride-vor-allem-junge-freuen-sich-ueber-engagement-von-marken\/\" \/>\n<meta property=\"og:locale\" content=\"fr_FR\" \/>\n<meta property=\"og:type\" content=\"article\" \/>\n<meta property=\"og:title\" content=\"Pride: Vor allem Junge freuen sich \u00fcber Engagement von Marken - Organisator\" \/>\n<meta property=\"og:description\" content=\"48% der Bev\u00f6lkerung bef\u00fcrworten Unternehmenssupport f\u00fcr Pride Paraden. Besonders stark bei jungen Erwachsenen.\" \/>\n<meta property=\"og:url\" content=\"https:\/\/www.organisator.ch\/fr\/marketing\/2024-06-13\/pride-vor-allem-junge-freuen-sich-ueber-engagement-von-marken\/\" \/>\n<meta property=\"og:site_name\" content=\"Organisator\" \/>\n<meta property=\"article:publisher\" content=\"https:\/\/www.facebook.com\/OrganisatorFachmagazin\" \/>\n<meta property=\"article:published_time\" content=\"2024-06-13T06:25:31+00:00\" \/>\n<meta property=\"article:modified_time\" content=\"2024-11-10T11:53:09+00:00\" \/>\n<meta property=\"og:image\" content=\"https:\/\/www.werbewoche.ch\/wp-content\/uploads\/2024\/06\/CH_202406_Pressegrafiken_Pride_Marken_CH-6.jpg\" \/>\n<meta name=\"author\" content=\"galledia\" \/>\n<meta name=\"twitter:card\" content=\"summary_large_image\" \/>\n<meta name=\"twitter:creator\" content=\"@admin\" \/>\n<script type=\"application\/ld+json\" class=\"yoast-schema-graph\">{\"@context\":\"https:\\\/\\\/schema.org\",\"@graph\":[{\"@type\":\"Article\",\"@id\":\"https:\\\/\\\/www.organisator.ch\\\/marketing\\\/2024-06-13\\\/pride-vor-allem-junge-freuen-sich-ueber-engagement-von-marken\\\/#article\",\"isPartOf\":{\"@id\":\"https:\\\/\\\/www.organisator.ch\\\/marketing\\\/2024-06-13\\\/pride-vor-allem-junge-freuen-sich-ueber-engagement-von-marken\\\/\"},\"author\":{\"name\":\"galledia\",\"@id\":\"https:\\\/\\\/www.organisator.ch\\\/#\\\/schema\\\/person\\\/4e51799071cd2dd1232ac003643ef5f0\"},\"headline\":\"Pride: Vor allem Junge freuen sich \u00fcber Engagement von Marken\",\"datePublished\":\"2024-06-13T06:25:31+00:00\",\"dateModified\":\"2024-11-10T11:53:09+00:00\",\"mainEntityOfPage\":{\"@id\":\"https:\\\/\\\/www.organisator.ch\\\/marketing\\\/2024-06-13\\\/pride-vor-allem-junge-freuen-sich-ueber-engagement-von-marken\\\/\"},\"wordCount\":254,\"publisher\":{\"@id\":\"https:\\\/\\\/www.organisator.ch\\\/#organization\"},\"image\":{\"@id\":\"https:\\\/\\\/www.organisator.ch\\\/marketing\\\/2024-06-13\\\/pride-vor-allem-junge-freuen-sich-ueber-engagement-von-marken\\\/#primaryimage\"},\"thumbnailUrl\":\"https:\\\/\\\/www.werbewoche.ch\\\/wp-content\\\/uploads\\\/2024\\\/06\\\/CH_202406_Pressegrafiken_Pride_Marken_CH-6.jpg\",\"keywords\":[\"Diversity\",\"Marken\",\"Pride\",\"Studie\",\"Yougov\"],\"articleSection\":[\"MARKETING\"],\"inLanguage\":\"fr-FR\"},{\"@type\":\"WebPage\",\"@id\":\"https:\\\/\\\/www.organisator.ch\\\/marketing\\\/2024-06-13\\\/pride-vor-allem-junge-freuen-sich-ueber-engagement-von-marken\\\/\",\"url\":\"https:\\\/\\\/www.organisator.ch\\\/marketing\\\/2024-06-13\\\/pride-vor-allem-junge-freuen-sich-ueber-engagement-von-marken\\\/\",\"name\":\"Pride: Vor allem Junge freuen sich \u00fcber Engagement von Marken - Organisator\",\"isPartOf\":{\"@id\":\"https:\\\/\\\/www.organisator.ch\\\/#website\"},\"primaryImageOfPage\":{\"@id\":\"https:\\\/\\\/www.organisator.ch\\\/marketing\\\/2024-06-13\\\/pride-vor-allem-junge-freuen-sich-ueber-engagement-von-marken\\\/#primaryimage\"},\"image\":{\"@id\":\"https:\\\/\\\/www.organisator.ch\\\/marketing\\\/2024-06-13\\\/pride-vor-allem-junge-freuen-sich-ueber-engagement-von-marken\\\/#primaryimage\"},\"thumbnailUrl\":\"https:\\\/\\\/www.werbewoche.ch\\\/wp-content\\\/uploads\\\/2024\\\/06\\\/CH_202406_Pressegrafiken_Pride_Marken_CH-6.jpg\",\"datePublished\":\"2024-06-13T06:25:31+00:00\",\"dateModified\":\"2024-11-10T11:53:09+00:00\",\"description\":\"48% der Bev\u00f6lkerung bef\u00fcrworten Unternehmenssupport f\u00fcr Pride Paraden. Besonders stark bei jungen Erwachsenen.\",\"breadcrumb\":{\"@id\":\"https:\\\/\\\/www.organisator.ch\\\/marketing\\\/2024-06-13\\\/pride-vor-allem-junge-freuen-sich-ueber-engagement-von-marken\\\/#breadcrumb\"},\"inLanguage\":\"fr-FR\",\"potentialAction\":[{\"@type\":\"ReadAction\",\"target\":[\"https:\\\/\\\/www.organisator.ch\\\/marketing\\\/2024-06-13\\\/pride-vor-allem-junge-freuen-sich-ueber-engagement-von-marken\\\/\"]}]},{\"@type\":\"ImageObject\",\"inLanguage\":\"fr-FR\",\"@id\":\"https:\\\/\\\/www.organisator.ch\\\/marketing\\\/2024-06-13\\\/pride-vor-allem-junge-freuen-sich-ueber-engagement-von-marken\\\/#primaryimage\",\"url\":\"https:\\\/\\\/www.werbewoche.ch\\\/wp-content\\\/uploads\\\/2024\\\/06\\\/CH_202406_Pressegrafiken_Pride_Marken_CH-6.jpg\",\"contentUrl\":\"https:\\\/\\\/www.werbewoche.ch\\\/wp-content\\\/uploads\\\/2024\\\/06\\\/CH_202406_Pressegrafiken_Pride_Marken_CH-6.jpg\"},{\"@type\":\"BreadcrumbList\",\"@id\":\"https:\\\/\\\/www.organisator.ch\\\/marketing\\\/2024-06-13\\\/pride-vor-allem-junge-freuen-sich-ueber-engagement-von-marken\\\/#breadcrumb\",\"itemListElement\":[{\"@type\":\"ListItem\",\"position\":1,\"name\":\"Home\",\"item\":\"https:\\\/\\\/www.organisator.ch\\\/\"},{\"@type\":\"ListItem\",\"position\":2,\"name\":\"Pride: Vor allem Junge freuen sich \u00fcber Engagement von Marken\"}]},{\"@type\":\"WebSite\",\"@id\":\"https:\\\/\\\/www.organisator.ch\\\/#website\",\"url\":\"https:\\\/\\\/www.organisator.ch\\\/\",\"name\":\"Organisator\",\"description\":\"Kompetent. Praxisnah. Der ORGANISATOR bereitet in 10 Ausgaben pro Jahr die wesentlichen Themen f\u00fcr F\u00fchrungskr\u00e4fte von KMU auf.\",\"publisher\":{\"@id\":\"https:\\\/\\\/www.organisator.ch\\\/#organization\"},\"potentialAction\":[{\"@type\":\"SearchAction\",\"target\":{\"@type\":\"EntryPoint\",\"urlTemplate\":\"https:\\\/\\\/www.organisator.ch\\\/?s={search_term_string}\"},\"query-input\":{\"@type\":\"PropertyValueSpecification\",\"valueRequired\":true,\"valueName\":\"search_term_string\"}}],\"inLanguage\":\"fr-FR\"},{\"@type\":\"Organization\",\"@id\":\"https:\\\/\\\/www.organisator.ch\\\/#organization\",\"name\":\"Organisator\",\"url\":\"https:\\\/\\\/www.organisator.ch\\\/\",\"logo\":{\"@type\":\"ImageObject\",\"inLanguage\":\"fr-FR\",\"@id\":\"https:\\\/\\\/www.organisator.ch\\\/#\\\/schema\\\/logo\\\/image\\\/\",\"url\":\"https:\\\/\\\/www.organisator.ch\\\/wp-content\\\/uploads\\\/2022\\\/01\\\/Logo_Organisator_Website.png\",\"contentUrl\":\"https:\\\/\\\/www.organisator.ch\\\/wp-content\\\/uploads\\\/2022\\\/01\\\/Logo_Organisator_Website.png\",\"width\":800,\"height\":77,\"caption\":\"Organisator\"},\"image\":{\"@id\":\"https:\\\/\\\/www.organisator.ch\\\/#\\\/schema\\\/logo\\\/image\\\/\"},\"sameAs\":[\"https:\\\/\\\/www.facebook.com\\\/OrganisatorFachmagazin\",\"https:\\\/\\\/www.linkedin.com\\\/showcase\\\/organisator-das-magazin-fr-kmu\",\"https:\\\/\\\/www.xing.com\\\/news\\\/pages\\\/organisator-ch-695\",\"https:\\\/\\\/www.youtube.com\\\/channel\\\/UCGP2Sq0iWaZwT3BdIAQFYpw\"]},{\"@type\":\"Person\",\"@id\":\"https:\\\/\\\/www.organisator.ch\\\/#\\\/schema\\\/person\\\/4e51799071cd2dd1232ac003643ef5f0\",\"name\":\"galledia\",\"image\":{\"@type\":\"ImageObject\",\"inLanguage\":\"fr-FR\",\"@id\":\"https:\\\/\\\/secure.gravatar.com\\\/avatar\\\/78a7f90c01fc2bfc875782a0d4922b37cde2cf184ce347b91316d23cd7f69a36?s=96&d=mm&r=g\",\"url\":\"https:\\\/\\\/secure.gravatar.com\\\/avatar\\\/78a7f90c01fc2bfc875782a0d4922b37cde2cf184ce347b91316d23cd7f69a36?s=96&d=mm&r=g\",\"contentUrl\":\"https:\\\/\\\/secure.gravatar.com\\\/avatar\\\/78a7f90c01fc2bfc875782a0d4922b37cde2cf184ce347b91316d23cd7f69a36?s=96&d=mm&r=g\",\"caption\":\"galledia\"},\"sameAs\":[\"https:\\\/\\\/x.com\\\/admin\"],\"url\":\"https:\\\/\\\/www.organisator.ch\\\/fr\\\/author\\\/galledia\\\/\"}]}<\/script>\n<!-- \/ Yoast SEO plugin. -->","yoast_head_json":{"title":"Pride : les jeunes surtout se r\u00e9jouissent de l'engagement des marques - Organisateur","description":"48% de la population est favorable au soutien des entreprises pour les Pride Parades. Particuli\u00e8rement fort chez les jeunes adultes.","robots":{"index":"index","follow":"follow","max-snippet":"max-snippet:-1","max-image-preview":"max-image-preview:large","max-video-preview":"max-video-preview:-1"},"canonical":"https:\/\/www.organisator.ch\/fr\/marketing\/2024-06-13\/pride-vor-allem-junge-freuen-sich-ueber-engagement-von-marken\/","og_locale":"fr_FR","og_type":"article","og_title":"Pride: Vor allem Junge freuen sich \u00fcber Engagement von Marken - Organisator","og_description":"48% der Bev\u00f6lkerung bef\u00fcrworten Unternehmenssupport f\u00fcr Pride Paraden. Besonders stark bei jungen Erwachsenen.","og_url":"https:\/\/www.organisator.ch\/fr\/marketing\/2024-06-13\/pride-vor-allem-junge-freuen-sich-ueber-engagement-von-marken\/","og_site_name":"Organisator","article_publisher":"https:\/\/www.facebook.com\/OrganisatorFachmagazin","article_published_time":"2024-06-13T06:25:31+00:00","article_modified_time":"2024-11-10T11:53:09+00:00","og_image":[{"url":"https:\/\/www.werbewoche.ch\/wp-content\/uploads\/2024\/06\/CH_202406_Pressegrafiken_Pride_Marken_CH-6.jpg","type":"","width":"","height":""}],"author":"galledia","twitter_card":"summary_large_image","twitter_creator":"@admin","schema":{"@context":"https:\/\/schema.org","@graph":[{"@type":"Article","@id":"https:\/\/www.organisator.ch\/marketing\/2024-06-13\/pride-vor-allem-junge-freuen-sich-ueber-engagement-von-marken\/#article","isPartOf":{"@id":"https:\/\/www.organisator.ch\/marketing\/2024-06-13\/pride-vor-allem-junge-freuen-sich-ueber-engagement-von-marken\/"},"author":{"name":"galledia","@id":"https:\/\/www.organisator.ch\/#\/schema\/person\/4e51799071cd2dd1232ac003643ef5f0"},"headline":"Pride: Vor allem Junge freuen sich \u00fcber Engagement von Marken","datePublished":"2024-06-13T06:25:31+00:00","dateModified":"2024-11-10T11:53:09+00:00","mainEntityOfPage":{"@id":"https:\/\/www.organisator.ch\/marketing\/2024-06-13\/pride-vor-allem-junge-freuen-sich-ueber-engagement-von-marken\/"},"wordCount":254,"publisher":{"@id":"https:\/\/www.organisator.ch\/#organization"},"image":{"@id":"https:\/\/www.organisator.ch\/marketing\/2024-06-13\/pride-vor-allem-junge-freuen-sich-ueber-engagement-von-marken\/#primaryimage"},"thumbnailUrl":"https:\/\/www.werbewoche.ch\/wp-content\/uploads\/2024\/06\/CH_202406_Pressegrafiken_Pride_Marken_CH-6.jpg","keywords":["Diversity","Marken","Pride","Studie","Yougov"],"articleSection":["MARKETING"],"inLanguage":"fr-FR"},{"@type":"WebPage","@id":"https:\/\/www.organisator.ch\/marketing\/2024-06-13\/pride-vor-allem-junge-freuen-sich-ueber-engagement-von-marken\/","url":"https:\/\/www.organisator.ch\/marketing\/2024-06-13\/pride-vor-allem-junge-freuen-sich-ueber-engagement-von-marken\/","name":"Pride : les jeunes surtout se r\u00e9jouissent de l'engagement des marques - Organisateur","isPartOf":{"@id":"https:\/\/www.organisator.ch\/#website"},"primaryImageOfPage":{"@id":"https:\/\/www.organisator.ch\/marketing\/2024-06-13\/pride-vor-allem-junge-freuen-sich-ueber-engagement-von-marken\/#primaryimage"},"image":{"@id":"https:\/\/www.organisator.ch\/marketing\/2024-06-13\/pride-vor-allem-junge-freuen-sich-ueber-engagement-von-marken\/#primaryimage"},"thumbnailUrl":"https:\/\/www.werbewoche.ch\/wp-content\/uploads\/2024\/06\/CH_202406_Pressegrafiken_Pride_Marken_CH-6.jpg","datePublished":"2024-06-13T06:25:31+00:00","dateModified":"2024-11-10T11:53:09+00:00","description":"48% de la population est favorable au soutien des entreprises pour les Pride Parades. Particuli\u00e8rement fort chez les jeunes adultes.","breadcrumb":{"@id":"https:\/\/www.organisator.ch\/marketing\/2024-06-13\/pride-vor-allem-junge-freuen-sich-ueber-engagement-von-marken\/#breadcrumb"},"inLanguage":"fr-FR","potentialAction":[{"@type":"ReadAction","target":["https:\/\/www.organisator.ch\/marketing\/2024-06-13\/pride-vor-allem-junge-freuen-sich-ueber-engagement-von-marken\/"]}]},{"@type":"ImageObject","inLanguage":"fr-FR","@id":"https:\/\/www.organisator.ch\/marketing\/2024-06-13\/pride-vor-allem-junge-freuen-sich-ueber-engagement-von-marken\/#primaryimage","url":"https:\/\/www.werbewoche.ch\/wp-content\/uploads\/2024\/06\/CH_202406_Pressegrafiken_Pride_Marken_CH-6.jpg","contentUrl":"https:\/\/www.werbewoche.ch\/wp-content\/uploads\/2024\/06\/CH_202406_Pressegrafiken_Pride_Marken_CH-6.jpg"},{"@type":"BreadcrumbList","@id":"https:\/\/www.organisator.ch\/marketing\/2024-06-13\/pride-vor-allem-junge-freuen-sich-ueber-engagement-von-marken\/#breadcrumb","itemListElement":[{"@type":"ListItem","position":1,"name":"Home","item":"https:\/\/www.organisator.ch\/"},{"@type":"ListItem","position":2,"name":"Pride: Vor allem Junge freuen sich \u00fcber Engagement von Marken"}]},{"@type":"WebSite","@id":"https:\/\/www.organisator.ch\/#website","url":"https:\/\/www.organisator.ch\/","name":"Organisateur","description":"Comp\u00e9tence et comp\u00e9tence. Proches de la pratique. L'ORGANISATEUR pr\u00e9pare 10 num\u00e9ros par an sur les th\u00e8mes essentiels pour les dirigeants de PME.","publisher":{"@id":"https:\/\/www.organisator.ch\/#organization"},"potentialAction":[{"@type":"SearchAction","target":{"@type":"EntryPoint","urlTemplate":"https:\/\/www.organisator.ch\/?s={search_term_string}"},"query-input":{"@type":"PropertyValueSpecification","valueRequired":true,"valueName":"search_term_string"}}],"inLanguage":"fr-FR"},{"@type":"Organization","@id":"https:\/\/www.organisator.ch\/#organization","name":"Organisateur","url":"https:\/\/www.organisator.ch\/","logo":{"@type":"ImageObject","inLanguage":"fr-FR","@id":"https:\/\/www.organisator.ch\/#\/schema\/logo\/image\/","url":"https:\/\/www.organisator.ch\/wp-content\/uploads\/2022\/01\/Logo_Organisator_Website.png","contentUrl":"https:\/\/www.organisator.ch\/wp-content\/uploads\/2022\/01\/Logo_Organisator_Website.png","width":800,"height":77,"caption":"Organisator"},"image":{"@id":"https:\/\/www.organisator.ch\/#\/schema\/logo\/image\/"},"sameAs":["https:\/\/www.facebook.com\/OrganisatorFachmagazin","https:\/\/www.linkedin.com\/showcase\/organisator-das-magazin-fr-kmu","https:\/\/www.xing.com\/news\/pages\/organisator-ch-695","https:\/\/www.youtube.com\/channel\/UCGP2Sq0iWaZwT3BdIAQFYpw"]},{"@type":"Person","@id":"https:\/\/www.organisator.ch\/#\/schema\/person\/4e51799071cd2dd1232ac003643ef5f0","name":"galledia","image":{"@type":"ImageObject","inLanguage":"fr-FR","@id":"https:\/\/secure.gravatar.com\/avatar\/78a7f90c01fc2bfc875782a0d4922b37cde2cf184ce347b91316d23cd7f69a36?s=96&d=mm&r=g","url":"https:\/\/secure.gravatar.com\/avatar\/78a7f90c01fc2bfc875782a0d4922b37cde2cf184ce347b91316d23cd7f69a36?s=96&d=mm&r=g","contentUrl":"https:\/\/secure.gravatar.com\/avatar\/78a7f90c01fc2bfc875782a0d4922b37cde2cf184ce347b91316d23cd7f69a36?s=96&d=mm&r=g","caption":"galledia"},"sameAs":["https:\/\/x.com\/admin"],"url":"https:\/\/www.organisator.ch\/fr\/author\/galledia\/"}]}},"_links":{"self":[{"href":"https:\/\/www.organisator.ch\/fr\/wp-json\/wp\/v2\/posts\/27629","targetHints":{"allow":["GET"]}}],"collection":[{"href":"https:\/\/www.organisator.ch\/fr\/wp-json\/wp\/v2\/posts"}],"about":[{"href":"https:\/\/www.organisator.ch\/fr\/wp-json\/wp\/v2\/types\/post"}],"author":[{"embeddable":true,"href":"https:\/\/www.organisator.ch\/fr\/wp-json\/wp\/v2\/users\/8"}],"replies":[{"embeddable":true,"href":"https:\/\/www.organisator.ch\/fr\/wp-json\/wp\/v2\/comments?post=27629"}],"version-history":[{"count":4,"href":"https:\/\/www.organisator.ch\/fr\/wp-json\/wp\/v2\/posts\/27629\/revisions"}],"predecessor-version":[{"id":32192,"href":"https:\/\/www.organisator.ch\/fr\/wp-json\/wp\/v2\/posts\/27629\/revisions\/32192"}],"wp:attachment":[{"href":"https:\/\/www.organisator.ch\/fr\/wp-json\/wp\/v2\/media?parent=27629"}],"wp:term":[{"taxonomy":"category","embeddable":true,"href":"https:\/\/www.organisator.ch\/fr\/wp-json\/wp\/v2\/categories?post=27629"},{"taxonomy":"post_tag","embeddable":true,"href":"https:\/\/www.organisator.ch\/fr\/wp-json\/wp\/v2\/tags?post=27629"}],"curies":[{"name":"wp","href":"https:\/\/api.w.org\/{rel}","templated":true}]}}