{"id":27637,"date":"2024-06-21T06:38:40","date_gmt":"2024-06-21T04:38:40","guid":{"rendered":"https:\/\/www.organisator.ch\/de\/?p=27637"},"modified":"2024-06-21T08:42:24","modified_gmt":"2024-06-21T06:42:24","slug":"was-gen-z-und-gen-alpha-von-geschaeftsreisen-erwarten","status":"publish","type":"post","link":"https:\/\/www.organisator.ch\/fr\/human-resources\/2024-06-21\/was-gen-z-und-gen-alpha-von-geschaeftsreisen-erwarten\/","title":{"rendered":"Ce que les Gen Z et Gen Alpha attendent des voyages d'affaires"},"content":{"rendered":"<div class=\"swpm-post-not-logged-in-msg\">Vous devez \u00eatre connect\u00e9 pour voir ce contenu. Veuillez <a class=\"swpm-login-link\" href=\"https:\/\/www.organisator.ch\/login\/\">Se connecter<\/a>. Pas un membre ? <a href=\"https:\/\/www.organisator.ch\/shop\/\">Nous Rejoindre<\/a><\/div>","protected":false},"excerpt":{"rendered":"<p>Les jeunes g\u00e9n\u00e9rations apportent de plus en plus de nouveaux points de vue et d'attentes dans le monde du travail de demain. Les entreprises qui s'y pr\u00e9parent \u00e0 temps ont un net avantage sur le march\u00e9 croissant des travailleurs. Cela vaut \u00e9galement pour les voyages d'affaires.<\/p>","protected":false},"author":1,"featured_media":27636,"comment_status":"closed","ping_status":"closed","sticky":false,"template":"","format":"standard","meta":{"_acf_changed":false,"_yoast_wpseo_focuskw":"Gesch\u00e4ftsreisen","_yoast_wpseo_metadesc":"Junge Generationen bringen verst\u00e4rkt neue Sichtweisen und Erwartungshaltungen in die Arbeitswelt der Zukunft ein.","articlekey":"102745","footnotes":""},"categories":[578,579],"tags":[156,4272,3566,239,492],"class_list":["post-27637","post","type-post","status-publish","format-standard","has-post-thumbnail","hentry","category-abo","category-human-resources","tag-digitalisierung","tag-gen-alpha","tag-gen-z","tag-geschaeftsreisen","tag-unternehmen"],"acf":[],"yoast_head":"<!-- This site is optimized with the Yoast SEO plugin v27.5 - https:\/\/yoast.com\/product\/yoast-seo-wordpress\/ -->\n<title>Was Gen Z und Gen Alpha von Gesch\u00e4ftsreisen erwarten - Organisator<\/title>\n<meta name=\"description\" content=\"Junge Generationen bringen verst\u00e4rkt neue Sichtweisen und Erwartungshaltungen in die Arbeitswelt der Zukunft ein.\" \/>\n<meta name=\"robots\" content=\"index, follow, max-snippet:-1, max-image-preview:large, max-video-preview:-1\" \/>\n<link rel=\"canonical\" href=\"https:\/\/www.organisator.ch\/fr\/ressources-humaines\/2024-06-21\/was-gen-z-und-gen-alpha-von-geschaeftsreisen-erwarten\/\" \/>\n<meta property=\"og:locale\" content=\"fr_FR\" \/>\n<meta property=\"og:type\" content=\"article\" \/>\n<meta property=\"og:title\" content=\"Was Gen Z und Gen Alpha von Gesch\u00e4ftsreisen erwarten - Organisator\" \/>\n<meta property=\"og:description\" content=\"Junge Generationen bringen verst\u00e4rkt neue Sichtweisen und Erwartungshaltungen in die Arbeitswelt der Zukunft ein.\" \/>\n<meta property=\"og:url\" content=\"https:\/\/www.organisator.ch\/fr\/ressources-humaines\/2024-06-21\/was-gen-z-und-gen-alpha-von-geschaeftsreisen-erwarten\/\" \/>\n<meta property=\"og:site_name\" content=\"Organisator\" \/>\n<meta property=\"article:publisher\" content=\"https:\/\/www.facebook.com\/OrganisatorFachmagazin\" \/>\n<meta property=\"article:published_time\" content=\"2024-06-21T04:38:40+00:00\" \/>\n<meta property=\"article:modified_time\" content=\"2024-06-21T06:42:24+00:00\" \/>\n<meta property=\"og:image\" content=\"https:\/\/www.organisator.ch\/wp-content\/uploads\/2024\/06\/HRM_SAP-Concur_Bild_organisator_102780-scaled-e1718799197744.jpg\" \/>\n\t<meta property=\"og:image:width\" content=\"1129\" \/>\n\t<meta property=\"og:image:height\" content=\"1066\" \/>\n\t<meta property=\"og:image:type\" content=\"image\/jpeg\" \/>\n<meta name=\"author\" content=\"admin\" \/>\n<meta name=\"twitter:card\" content=\"summary_large_image\" \/>\n<script type=\"application\/ld+json\" class=\"yoast-schema-graph\">{\"@context\":\"https:\\\/\\\/schema.org\",\"@graph\":[{\"@type\":\"Article\",\"@id\":\"https:\\\/\\\/www.organisator.ch\\\/human-resources\\\/2024-06-21\\\/was-gen-z-und-gen-alpha-von-geschaeftsreisen-erwarten\\\/#article\",\"isPartOf\":{\"@id\":\"https:\\\/\\\/www.organisator.ch\\\/human-resources\\\/2024-06-21\\\/was-gen-z-und-gen-alpha-von-geschaeftsreisen-erwarten\\\/\"},\"author\":{\"name\":\"admin\",\"@id\":\"https:\\\/\\\/www.organisator.ch\\\/#\\\/schema\\\/person\\\/aa2bace6c5c5aad60102004a50c4eb1c\"},\"headline\":\"Was Gen Z und Gen Alpha von Gesch\u00e4ftsreisen erwarten\",\"datePublished\":\"2024-06-21T04:38:40+00:00\",\"dateModified\":\"2024-06-21T06:42:24+00:00\",\"mainEntityOfPage\":{\"@id\":\"https:\\\/\\\/www.organisator.ch\\\/human-resources\\\/2024-06-21\\\/was-gen-z-und-gen-alpha-von-geschaeftsreisen-erwarten\\\/\"},\"wordCount\":1214,\"publisher\":{\"@id\":\"https:\\\/\\\/www.organisator.ch\\\/#organization\"},\"image\":{\"@id\":\"https:\\\/\\\/www.organisator.ch\\\/human-resources\\\/2024-06-21\\\/was-gen-z-und-gen-alpha-von-geschaeftsreisen-erwarten\\\/#primaryimage\"},\"thumbnailUrl\":\"https:\\\/\\\/www.organisator.ch\\\/wp-content\\\/uploads\\\/2024\\\/06\\\/HRM_SAP-Concur_Bild_organisator_102780-scaled-e1718799197744.jpg\",\"keywords\":[\"Digitalisierung\",\"Gen Alpha\",\"Gen Z\",\"Gesch\u00e4ftsreisen\",\"Unternehmen\"],\"articleSection\":[\"ABO+\",\"HUMAN RESOURCES\"],\"inLanguage\":\"fr-FR\"},{\"@type\":\"WebPage\",\"@id\":\"https:\\\/\\\/www.organisator.ch\\\/human-resources\\\/2024-06-21\\\/was-gen-z-und-gen-alpha-von-geschaeftsreisen-erwarten\\\/\",\"url\":\"https:\\\/\\\/www.organisator.ch\\\/human-resources\\\/2024-06-21\\\/was-gen-z-und-gen-alpha-von-geschaeftsreisen-erwarten\\\/\",\"name\":\"Was Gen Z und Gen Alpha von Gesch\u00e4ftsreisen erwarten - Organisator\",\"isPartOf\":{\"@id\":\"https:\\\/\\\/www.organisator.ch\\\/#website\"},\"primaryImageOfPage\":{\"@id\":\"https:\\\/\\\/www.organisator.ch\\\/human-resources\\\/2024-06-21\\\/was-gen-z-und-gen-alpha-von-geschaeftsreisen-erwarten\\\/#primaryimage\"},\"image\":{\"@id\":\"https:\\\/\\\/www.organisator.ch\\\/human-resources\\\/2024-06-21\\\/was-gen-z-und-gen-alpha-von-geschaeftsreisen-erwarten\\\/#primaryimage\"},\"thumbnailUrl\":\"https:\\\/\\\/www.organisator.ch\\\/wp-content\\\/uploads\\\/2024\\\/06\\\/HRM_SAP-Concur_Bild_organisator_102780-scaled-e1718799197744.jpg\",\"datePublished\":\"2024-06-21T04:38:40+00:00\",\"dateModified\":\"2024-06-21T06:42:24+00:00\",\"description\":\"Junge Generationen bringen verst\u00e4rkt neue Sichtweisen und Erwartungshaltungen in die Arbeitswelt der Zukunft ein.\",\"breadcrumb\":{\"@id\":\"https:\\\/\\\/www.organisator.ch\\\/human-resources\\\/2024-06-21\\\/was-gen-z-und-gen-alpha-von-geschaeftsreisen-erwarten\\\/#breadcrumb\"},\"inLanguage\":\"fr-FR\",\"potentialAction\":[{\"@type\":\"ReadAction\",\"target\":[\"https:\\\/\\\/www.organisator.ch\\\/human-resources\\\/2024-06-21\\\/was-gen-z-und-gen-alpha-von-geschaeftsreisen-erwarten\\\/\"]}]},{\"@type\":\"ImageObject\",\"inLanguage\":\"fr-FR\",\"@id\":\"https:\\\/\\\/www.organisator.ch\\\/human-resources\\\/2024-06-21\\\/was-gen-z-und-gen-alpha-von-geschaeftsreisen-erwarten\\\/#primaryimage\",\"url\":\"https:\\\/\\\/www.organisator.ch\\\/wp-content\\\/uploads\\\/2024\\\/06\\\/HRM_SAP-Concur_Bild_organisator_102780-scaled-e1718799197744.jpg\",\"contentUrl\":\"https:\\\/\\\/www.organisator.ch\\\/wp-content\\\/uploads\\\/2024\\\/06\\\/HRM_SAP-Concur_Bild_organisator_102780-scaled-e1718799197744.jpg\",\"width\":1129,\"height\":1066,\"caption\":\"Die junge Generation geht gerne auf Gesch\u00e4ftsreise, weil auch sie trotz Digitalisierung den pers\u00f6nlichen Kontakt sch\u00e4tzt. \u00a9 SAP Concur\"},{\"@type\":\"BreadcrumbList\",\"@id\":\"https:\\\/\\\/www.organisator.ch\\\/human-resources\\\/2024-06-21\\\/was-gen-z-und-gen-alpha-von-geschaeftsreisen-erwarten\\\/#breadcrumb\",\"itemListElement\":[{\"@type\":\"ListItem\",\"position\":1,\"name\":\"Home\",\"item\":\"https:\\\/\\\/www.organisator.ch\\\/\"},{\"@type\":\"ListItem\",\"position\":2,\"name\":\"Was Gen Z und Gen Alpha von Gesch\u00e4ftsreisen erwarten\"}]},{\"@type\":\"WebSite\",\"@id\":\"https:\\\/\\\/www.organisator.ch\\\/#website\",\"url\":\"https:\\\/\\\/www.organisator.ch\\\/\",\"name\":\"Organisator\",\"description\":\"Kompetent. Praxisnah. Der ORGANISATOR bereitet in 10 Ausgaben pro Jahr die wesentlichen Themen f\u00fcr F\u00fchrungskr\u00e4fte von KMU auf.\",\"publisher\":{\"@id\":\"https:\\\/\\\/www.organisator.ch\\\/#organization\"},\"potentialAction\":[{\"@type\":\"SearchAction\",\"target\":{\"@type\":\"EntryPoint\",\"urlTemplate\":\"https:\\\/\\\/www.organisator.ch\\\/?s={search_term_string}\"},\"query-input\":{\"@type\":\"PropertyValueSpecification\",\"valueRequired\":true,\"valueName\":\"search_term_string\"}}],\"inLanguage\":\"fr-FR\"},{\"@type\":\"Organization\",\"@id\":\"https:\\\/\\\/www.organisator.ch\\\/#organization\",\"name\":\"Organisator\",\"url\":\"https:\\\/\\\/www.organisator.ch\\\/\",\"logo\":{\"@type\":\"ImageObject\",\"inLanguage\":\"fr-FR\",\"@id\":\"https:\\\/\\\/www.organisator.ch\\\/#\\\/schema\\\/logo\\\/image\\\/\",\"url\":\"https:\\\/\\\/www.organisator.ch\\\/wp-content\\\/uploads\\\/2022\\\/01\\\/Logo_Organisator_Website.png\",\"contentUrl\":\"https:\\\/\\\/www.organisator.ch\\\/wp-content\\\/uploads\\\/2022\\\/01\\\/Logo_Organisator_Website.png\",\"width\":800,\"height\":77,\"caption\":\"Organisator\"},\"image\":{\"@id\":\"https:\\\/\\\/www.organisator.ch\\\/#\\\/schema\\\/logo\\\/image\\\/\"},\"sameAs\":[\"https:\\\/\\\/www.facebook.com\\\/OrganisatorFachmagazin\",\"https:\\\/\\\/www.linkedin.com\\\/showcase\\\/organisator-das-magazin-fr-kmu\",\"https:\\\/\\\/www.xing.com\\\/news\\\/pages\\\/organisator-ch-695\",\"https:\\\/\\\/www.youtube.com\\\/channel\\\/UCGP2Sq0iWaZwT3BdIAQFYpw\"]},{\"@type\":\"Person\",\"@id\":\"https:\\\/\\\/www.organisator.ch\\\/#\\\/schema\\\/person\\\/aa2bace6c5c5aad60102004a50c4eb1c\",\"name\":\"admin\",\"image\":{\"@type\":\"ImageObject\",\"inLanguage\":\"fr-FR\",\"@id\":\"https:\\\/\\\/secure.gravatar.com\\\/avatar\\\/ae2f4d718e6c49043e314ce431e7e645d646302a24a5ef5a8bc8e3f5a032e319?s=96&d=mm&r=g\",\"url\":\"https:\\\/\\\/secure.gravatar.com\\\/avatar\\\/ae2f4d718e6c49043e314ce431e7e645d646302a24a5ef5a8bc8e3f5a032e319?s=96&d=mm&r=g\",\"contentUrl\":\"https:\\\/\\\/secure.gravatar.com\\\/avatar\\\/ae2f4d718e6c49043e314ce431e7e645d646302a24a5ef5a8bc8e3f5a032e319?s=96&d=mm&r=g\",\"caption\":\"admin\"},\"sameAs\":[\"https:\\\/\\\/www.organisator.ch\"],\"url\":\"https:\\\/\\\/www.organisator.ch\\\/fr\\\/author\\\/admin\\\/\"}]}<\/script>\n<!-- \/ Yoast SEO plugin. -->","yoast_head_json":{"title":"Ce que les Gen Z et Gen Alpha attendent des voyages d'affaires - Organisateur","description":"Les jeunes g\u00e9n\u00e9rations apportent de plus en plus de nouveaux points de vue et d'attentes dans le monde du travail de demain.","robots":{"index":"index","follow":"follow","max-snippet":"max-snippet:-1","max-image-preview":"max-image-preview:large","max-video-preview":"max-video-preview:-1"},"canonical":"https:\/\/www.organisator.ch\/fr\/ressources-humaines\/2024-06-21\/was-gen-z-und-gen-alpha-von-geschaeftsreisen-erwarten\/","og_locale":"fr_FR","og_type":"article","og_title":"Was Gen Z und Gen Alpha von Gesch\u00e4ftsreisen erwarten - Organisator","og_description":"Junge Generationen bringen verst\u00e4rkt neue Sichtweisen und Erwartungshaltungen in die Arbeitswelt der Zukunft ein.","og_url":"https:\/\/www.organisator.ch\/fr\/ressources-humaines\/2024-06-21\/was-gen-z-und-gen-alpha-von-geschaeftsreisen-erwarten\/","og_site_name":"Organisator","article_publisher":"https:\/\/www.facebook.com\/OrganisatorFachmagazin","article_published_time":"2024-06-21T04:38:40+00:00","article_modified_time":"2024-06-21T06:42:24+00:00","og_image":[{"width":1129,"height":1066,"url":"https:\/\/www.organisator.ch\/wp-content\/uploads\/2024\/06\/HRM_SAP-Concur_Bild_organisator_102780-scaled-e1718799197744.jpg","type":"image\/jpeg"}],"author":"admin","twitter_card":"summary_large_image","schema":{"@context":"https:\/\/schema.org","@graph":[{"@type":"Article","@id":"https:\/\/www.organisator.ch\/human-resources\/2024-06-21\/was-gen-z-und-gen-alpha-von-geschaeftsreisen-erwarten\/#article","isPartOf":{"@id":"https:\/\/www.organisator.ch\/human-resources\/2024-06-21\/was-gen-z-und-gen-alpha-von-geschaeftsreisen-erwarten\/"},"author":{"name":"admin","@id":"https:\/\/www.organisator.ch\/#\/schema\/person\/aa2bace6c5c5aad60102004a50c4eb1c"},"headline":"Was Gen Z und Gen Alpha von Gesch\u00e4ftsreisen erwarten","datePublished":"2024-06-21T04:38:40+00:00","dateModified":"2024-06-21T06:42:24+00:00","mainEntityOfPage":{"@id":"https:\/\/www.organisator.ch\/human-resources\/2024-06-21\/was-gen-z-und-gen-alpha-von-geschaeftsreisen-erwarten\/"},"wordCount":1214,"publisher":{"@id":"https:\/\/www.organisator.ch\/#organization"},"image":{"@id":"https:\/\/www.organisator.ch\/human-resources\/2024-06-21\/was-gen-z-und-gen-alpha-von-geschaeftsreisen-erwarten\/#primaryimage"},"thumbnailUrl":"https:\/\/www.organisator.ch\/wp-content\/uploads\/2024\/06\/HRM_SAP-Concur_Bild_organisator_102780-scaled-e1718799197744.jpg","keywords":["Digitalisierung","Gen Alpha","Gen Z","Gesch\u00e4ftsreisen","Unternehmen"],"articleSection":["ABO+","HUMAN RESOURCES"],"inLanguage":"fr-FR"},{"@type":"WebPage","@id":"https:\/\/www.organisator.ch\/human-resources\/2024-06-21\/was-gen-z-und-gen-alpha-von-geschaeftsreisen-erwarten\/","url":"https:\/\/www.organisator.ch\/human-resources\/2024-06-21\/was-gen-z-und-gen-alpha-von-geschaeftsreisen-erwarten\/","name":"Ce que les Gen Z et Gen Alpha attendent des voyages d'affaires - Organisateur","isPartOf":{"@id":"https:\/\/www.organisator.ch\/#website"},"primaryImageOfPage":{"@id":"https:\/\/www.organisator.ch\/human-resources\/2024-06-21\/was-gen-z-und-gen-alpha-von-geschaeftsreisen-erwarten\/#primaryimage"},"image":{"@id":"https:\/\/www.organisator.ch\/human-resources\/2024-06-21\/was-gen-z-und-gen-alpha-von-geschaeftsreisen-erwarten\/#primaryimage"},"thumbnailUrl":"https:\/\/www.organisator.ch\/wp-content\/uploads\/2024\/06\/HRM_SAP-Concur_Bild_organisator_102780-scaled-e1718799197744.jpg","datePublished":"2024-06-21T04:38:40+00:00","dateModified":"2024-06-21T06:42:24+00:00","description":"Les jeunes g\u00e9n\u00e9rations apportent de plus en plus de nouveaux points de vue et d'attentes dans le monde du travail de demain.","breadcrumb":{"@id":"https:\/\/www.organisator.ch\/human-resources\/2024-06-21\/was-gen-z-und-gen-alpha-von-geschaeftsreisen-erwarten\/#breadcrumb"},"inLanguage":"fr-FR","potentialAction":[{"@type":"ReadAction","target":["https:\/\/www.organisator.ch\/human-resources\/2024-06-21\/was-gen-z-und-gen-alpha-von-geschaeftsreisen-erwarten\/"]}]},{"@type":"ImageObject","inLanguage":"fr-FR","@id":"https:\/\/www.organisator.ch\/human-resources\/2024-06-21\/was-gen-z-und-gen-alpha-von-geschaeftsreisen-erwarten\/#primaryimage","url":"https:\/\/www.organisator.ch\/wp-content\/uploads\/2024\/06\/HRM_SAP-Concur_Bild_organisator_102780-scaled-e1718799197744.jpg","contentUrl":"https:\/\/www.organisator.ch\/wp-content\/uploads\/2024\/06\/HRM_SAP-Concur_Bild_organisator_102780-scaled-e1718799197744.jpg","width":1129,"height":1066,"caption":"Die junge Generation geht gerne auf Gesch\u00e4ftsreise, weil auch sie trotz Digitalisierung den pers\u00f6nlichen Kontakt sch\u00e4tzt. \u00a9 SAP Concur"},{"@type":"BreadcrumbList","@id":"https:\/\/www.organisator.ch\/human-resources\/2024-06-21\/was-gen-z-und-gen-alpha-von-geschaeftsreisen-erwarten\/#breadcrumb","itemListElement":[{"@type":"ListItem","position":1,"name":"Home","item":"https:\/\/www.organisator.ch\/"},{"@type":"ListItem","position":2,"name":"Was Gen Z und Gen Alpha von Gesch\u00e4ftsreisen erwarten"}]},{"@type":"WebSite","@id":"https:\/\/www.organisator.ch\/#website","url":"https:\/\/www.organisator.ch\/","name":"Organisateur","description":"Comp\u00e9tence et comp\u00e9tence. Proches de la pratique. L'ORGANISATEUR pr\u00e9pare 10 num\u00e9ros par an sur les th\u00e8mes essentiels pour les dirigeants de PME.","publisher":{"@id":"https:\/\/www.organisator.ch\/#organization"},"potentialAction":[{"@type":"SearchAction","target":{"@type":"EntryPoint","urlTemplate":"https:\/\/www.organisator.ch\/?s={search_term_string}"},"query-input":{"@type":"PropertyValueSpecification","valueRequired":true,"valueName":"search_term_string"}}],"inLanguage":"fr-FR"},{"@type":"Organization","@id":"https:\/\/www.organisator.ch\/#organization","name":"Organisateur","url":"https:\/\/www.organisator.ch\/","logo":{"@type":"ImageObject","inLanguage":"fr-FR","@id":"https:\/\/www.organisator.ch\/#\/schema\/logo\/image\/","url":"https:\/\/www.organisator.ch\/wp-content\/uploads\/2022\/01\/Logo_Organisator_Website.png","contentUrl":"https:\/\/www.organisator.ch\/wp-content\/uploads\/2022\/01\/Logo_Organisator_Website.png","width":800,"height":77,"caption":"Organisator"},"image":{"@id":"https:\/\/www.organisator.ch\/#\/schema\/logo\/image\/"},"sameAs":["https:\/\/www.facebook.com\/OrganisatorFachmagazin","https:\/\/www.linkedin.com\/showcase\/organisator-das-magazin-fr-kmu","https:\/\/www.xing.com\/news\/pages\/organisator-ch-695","https:\/\/www.youtube.com\/channel\/UCGP2Sq0iWaZwT3BdIAQFYpw"]},{"@type":"Person","@id":"https:\/\/www.organisator.ch\/#\/schema\/person\/aa2bace6c5c5aad60102004a50c4eb1c","name":"admin","image":{"@type":"ImageObject","inLanguage":"fr-FR","@id":"https:\/\/secure.gravatar.com\/avatar\/ae2f4d718e6c49043e314ce431e7e645d646302a24a5ef5a8bc8e3f5a032e319?s=96&d=mm&r=g","url":"https:\/\/secure.gravatar.com\/avatar\/ae2f4d718e6c49043e314ce431e7e645d646302a24a5ef5a8bc8e3f5a032e319?s=96&d=mm&r=g","contentUrl":"https:\/\/secure.gravatar.com\/avatar\/ae2f4d718e6c49043e314ce431e7e645d646302a24a5ef5a8bc8e3f5a032e319?s=96&d=mm&r=g","caption":"admin"},"sameAs":["https:\/\/www.organisator.ch"],"url":"https:\/\/www.organisator.ch\/fr\/author\/admin\/"}]}},"_links":{"self":[{"href":"https:\/\/www.organisator.ch\/fr\/wp-json\/wp\/v2\/posts\/27637","targetHints":{"allow":["GET"]}}],"collection":[{"href":"https:\/\/www.organisator.ch\/fr\/wp-json\/wp\/v2\/posts"}],"about":[{"href":"https:\/\/www.organisator.ch\/fr\/wp-json\/wp\/v2\/types\/post"}],"author":[{"embeddable":true,"href":"https:\/\/www.organisator.ch\/fr\/wp-json\/wp\/v2\/users\/1"}],"replies":[{"embeddable":true,"href":"https:\/\/www.organisator.ch\/fr\/wp-json\/wp\/v2\/comments?post=27637"}],"version-history":[{"count":3,"href":"https:\/\/www.organisator.ch\/fr\/wp-json\/wp\/v2\/posts\/27637\/revisions"}],"predecessor-version":[{"id":27869,"href":"https:\/\/www.organisator.ch\/fr\/wp-json\/wp\/v2\/posts\/27637\/revisions\/27869"}],"wp:featuredmedia":[{"embeddable":true,"href":"https:\/\/www.organisator.ch\/fr\/wp-json\/wp\/v2\/media\/27636"}],"wp:attachment":[{"href":"https:\/\/www.organisator.ch\/fr\/wp-json\/wp\/v2\/media?parent=27637"}],"wp:term":[{"taxonomy":"category","embeddable":true,"href":"https:\/\/www.organisator.ch\/fr\/wp-json\/wp\/v2\/categories?post=27637"},{"taxonomy":"post_tag","embeddable":true,"href":"https:\/\/www.organisator.ch\/fr\/wp-json\/wp\/v2\/tags?post=27637"}],"curies":[{"name":"wp","href":"https:\/\/api.w.org\/{rel}","templated":true}]}}