{"id":27640,"date":"2024-06-21T06:35:00","date_gmt":"2024-06-21T04:35:00","guid":{"rendered":"https:\/\/www.organisator.ch\/de\/?p=27640"},"modified":"2024-06-19T14:11:16","modified_gmt":"2024-06-19T12:11:16","slug":"eine-art-homeoffice-aber-weit-weg-von-zu-hause","status":"publish","type":"post","link":"https:\/\/www.organisator.ch\/fr\/human-resources\/2024-06-21\/eine-art-homeoffice-aber-weit-weg-von-zu-hause\/","title":{"rendered":"Une sorte de bureau \u00e0 domicile, mais loin de chez soi"},"content":{"rendered":"<div class=\"swpm-post-not-logged-in-msg\">Vous devez \u00eatre connect\u00e9 pour voir ce contenu. Veuillez <a class=\"swpm-login-link\" href=\"https:\/\/www.organisator.ch\/login\/\">Se connecter<\/a>. Pas un membre ? <a href=\"https:\/\/www.organisator.ch\/shop\/\">Nous Rejoindre<\/a><\/div>","protected":false},"excerpt":{"rendered":"<p>L'organisation flexible du travail et le travail ind\u00e9pendant du lieu ont le vent en poupe. Ceux qui travaillent en plus depuis des destinations de vacances font appel \u00e0 Workation. Deux directeurs de PME diff\u00e9rentes ont test\u00e9 Workation avec leurs collaborateurs et nous font part de leurs exp\u00e9riences.<\/p>","protected":false},"author":1,"featured_media":27638,"comment_status":"closed","ping_status":"closed","sticky":false,"template":"","format":"standard","meta":{"_acf_changed":false,"_yoast_wpseo_focuskw":"Homeoffice","_yoast_wpseo_metadesc":"Flexible Arbeitsgestaltung und ortsunabh\u00e4ngiges Arbeiten liegen im Trend. Wer zus\u00e4tzlich von Feriendestinationen aus arbeitet, macht Workation.","articlekey":"96858","footnotes":""},"categories":[578,579],"tags":[251,2003,492,4271],"class_list":["post-27640","post","type-post","status-publish","format-standard","has-post-thumbnail","hentry","category-abo","category-human-resources","tag-homeoffice","tag-reisen","tag-unternehmen","tag-workation"],"acf":[],"yoast_head":"<!-- This site is optimized with the Yoast SEO plugin v27.4 - https:\/\/yoast.com\/product\/yoast-seo-wordpress\/ -->\n<title>Eine Art Homeoffice, aber weit weg von zu Hause - Organisator<\/title>\n<meta name=\"description\" content=\"Flexible Arbeitsgestaltung und ortsunabh\u00e4ngiges Arbeiten liegen im Trend. Wer zus\u00e4tzlich von Feriendestinationen aus arbeitet, macht Workation.\" \/>\n<meta name=\"robots\" content=\"index, follow, max-snippet:-1, max-image-preview:large, max-video-preview:-1\" \/>\n<link rel=\"canonical\" href=\"https:\/\/www.organisator.ch\/fr\/ressources-humaines\/2024-06-21\/eine-art-homeoffice-aber-weit-weg-von-zu-hause\/\" \/>\n<meta property=\"og:locale\" content=\"fr_FR\" \/>\n<meta property=\"og:type\" content=\"article\" \/>\n<meta property=\"og:title\" content=\"Eine Art Homeoffice, aber weit weg von zu Hause - Organisator\" \/>\n<meta property=\"og:description\" content=\"Flexible Arbeitsgestaltung und ortsunabh\u00e4ngiges Arbeiten liegen im Trend. Wer zus\u00e4tzlich von Feriendestinationen aus arbeitet, macht Workation.\" \/>\n<meta property=\"og:url\" content=\"https:\/\/www.organisator.ch\/fr\/ressources-humaines\/2024-06-21\/eine-art-homeoffice-aber-weit-weg-von-zu-hause\/\" \/>\n<meta property=\"og:site_name\" content=\"Organisator\" \/>\n<meta property=\"article:publisher\" content=\"https:\/\/www.facebook.com\/OrganisatorFachmagazin\" \/>\n<meta property=\"article:published_time\" content=\"2024-06-21T04:35:00+00:00\" \/>\n<meta property=\"og:image\" content=\"https:\/\/www.organisator.ch\/wp-content\/uploads\/2024\/06\/HRM_Auftakt_Bild1_organisator_102743-scaled-e1718798586394.jpg\" \/>\n\t<meta property=\"og:image:width\" content=\"1042\" \/>\n\t<meta property=\"og:image:height\" content=\"1078\" \/>\n\t<meta property=\"og:image:type\" content=\"image\/jpeg\" \/>\n<meta name=\"author\" content=\"admin\" \/>\n<meta name=\"twitter:card\" content=\"summary_large_image\" \/>\n<script type=\"application\/ld+json\" class=\"yoast-schema-graph\">{\"@context\":\"https:\\\/\\\/schema.org\",\"@graph\":[{\"@type\":\"Article\",\"@id\":\"https:\\\/\\\/www.organisator.ch\\\/human-resources\\\/2024-06-21\\\/eine-art-homeoffice-aber-weit-weg-von-zu-hause\\\/#article\",\"isPartOf\":{\"@id\":\"https:\\\/\\\/www.organisator.ch\\\/human-resources\\\/2024-06-21\\\/eine-art-homeoffice-aber-weit-weg-von-zu-hause\\\/\"},\"author\":{\"name\":\"admin\",\"@id\":\"https:\\\/\\\/www.organisator.ch\\\/#\\\/schema\\\/person\\\/aa2bace6c5c5aad60102004a50c4eb1c\"},\"headline\":\"Eine Art Homeoffice, aber weit weg von zu Hause\",\"datePublished\":\"2024-06-21T04:35:00+00:00\",\"mainEntityOfPage\":{\"@id\":\"https:\\\/\\\/www.organisator.ch\\\/human-resources\\\/2024-06-21\\\/eine-art-homeoffice-aber-weit-weg-von-zu-hause\\\/\"},\"wordCount\":1647,\"publisher\":{\"@id\":\"https:\\\/\\\/www.organisator.ch\\\/#organization\"},\"image\":{\"@id\":\"https:\\\/\\\/www.organisator.ch\\\/human-resources\\\/2024-06-21\\\/eine-art-homeoffice-aber-weit-weg-von-zu-hause\\\/#primaryimage\"},\"thumbnailUrl\":\"https:\\\/\\\/www.organisator.ch\\\/wp-content\\\/uploads\\\/2024\\\/06\\\/HRM_Auftakt_Bild1_organisator_102743-scaled-e1718798586394.jpg\",\"keywords\":[\"Homeoffice\",\"Reisen\",\"Unternehmen\",\"Workation\"],\"articleSection\":[\"ABO+\",\"HUMAN RESOURCES\"],\"inLanguage\":\"fr-FR\"},{\"@type\":\"WebPage\",\"@id\":\"https:\\\/\\\/www.organisator.ch\\\/human-resources\\\/2024-06-21\\\/eine-art-homeoffice-aber-weit-weg-von-zu-hause\\\/\",\"url\":\"https:\\\/\\\/www.organisator.ch\\\/human-resources\\\/2024-06-21\\\/eine-art-homeoffice-aber-weit-weg-von-zu-hause\\\/\",\"name\":\"Eine Art Homeoffice, aber weit weg von zu Hause - Organisator\",\"isPartOf\":{\"@id\":\"https:\\\/\\\/www.organisator.ch\\\/#website\"},\"primaryImageOfPage\":{\"@id\":\"https:\\\/\\\/www.organisator.ch\\\/human-resources\\\/2024-06-21\\\/eine-art-homeoffice-aber-weit-weg-von-zu-hause\\\/#primaryimage\"},\"image\":{\"@id\":\"https:\\\/\\\/www.organisator.ch\\\/human-resources\\\/2024-06-21\\\/eine-art-homeoffice-aber-weit-weg-von-zu-hause\\\/#primaryimage\"},\"thumbnailUrl\":\"https:\\\/\\\/www.organisator.ch\\\/wp-content\\\/uploads\\\/2024\\\/06\\\/HRM_Auftakt_Bild1_organisator_102743-scaled-e1718798586394.jpg\",\"datePublished\":\"2024-06-21T04:35:00+00:00\",\"description\":\"Flexible Arbeitsgestaltung und ortsunabh\u00e4ngiges Arbeiten liegen im Trend. Wer zus\u00e4tzlich von Feriendestinationen aus arbeitet, macht Workation.\",\"breadcrumb\":{\"@id\":\"https:\\\/\\\/www.organisator.ch\\\/human-resources\\\/2024-06-21\\\/eine-art-homeoffice-aber-weit-weg-von-zu-hause\\\/#breadcrumb\"},\"inLanguage\":\"fr-FR\",\"potentialAction\":[{\"@type\":\"ReadAction\",\"target\":[\"https:\\\/\\\/www.organisator.ch\\\/human-resources\\\/2024-06-21\\\/eine-art-homeoffice-aber-weit-weg-von-zu-hause\\\/\"]}]},{\"@type\":\"ImageObject\",\"inLanguage\":\"fr-FR\",\"@id\":\"https:\\\/\\\/www.organisator.ch\\\/human-resources\\\/2024-06-21\\\/eine-art-homeoffice-aber-weit-weg-von-zu-hause\\\/#primaryimage\",\"url\":\"https:\\\/\\\/www.organisator.ch\\\/wp-content\\\/uploads\\\/2024\\\/06\\\/HRM_Auftakt_Bild1_organisator_102743-scaled-e1718798586394.jpg\",\"contentUrl\":\"https:\\\/\\\/www.organisator.ch\\\/wp-content\\\/uploads\\\/2024\\\/06\\\/HRM_Auftakt_Bild1_organisator_102743-scaled-e1718798586394.jpg\",\"width\":1042,\"height\":1078,\"caption\":\"Foto: Korn\u00e9l M\u00e1hl \\\/ Unsplash.com\"},{\"@type\":\"BreadcrumbList\",\"@id\":\"https:\\\/\\\/www.organisator.ch\\\/human-resources\\\/2024-06-21\\\/eine-art-homeoffice-aber-weit-weg-von-zu-hause\\\/#breadcrumb\",\"itemListElement\":[{\"@type\":\"ListItem\",\"position\":1,\"name\":\"Home\",\"item\":\"https:\\\/\\\/www.organisator.ch\\\/\"},{\"@type\":\"ListItem\",\"position\":2,\"name\":\"Eine Art Homeoffice, aber weit weg von zu Hause\"}]},{\"@type\":\"WebSite\",\"@id\":\"https:\\\/\\\/www.organisator.ch\\\/#website\",\"url\":\"https:\\\/\\\/www.organisator.ch\\\/\",\"name\":\"Organisator\",\"description\":\"Kompetent. Praxisnah. Der ORGANISATOR bereitet in 10 Ausgaben pro Jahr die wesentlichen Themen f\u00fcr F\u00fchrungskr\u00e4fte von KMU auf.\",\"publisher\":{\"@id\":\"https:\\\/\\\/www.organisator.ch\\\/#organization\"},\"potentialAction\":[{\"@type\":\"SearchAction\",\"target\":{\"@type\":\"EntryPoint\",\"urlTemplate\":\"https:\\\/\\\/www.organisator.ch\\\/?s={search_term_string}\"},\"query-input\":{\"@type\":\"PropertyValueSpecification\",\"valueRequired\":true,\"valueName\":\"search_term_string\"}}],\"inLanguage\":\"fr-FR\"},{\"@type\":\"Organization\",\"@id\":\"https:\\\/\\\/www.organisator.ch\\\/#organization\",\"name\":\"Organisator\",\"url\":\"https:\\\/\\\/www.organisator.ch\\\/\",\"logo\":{\"@type\":\"ImageObject\",\"inLanguage\":\"fr-FR\",\"@id\":\"https:\\\/\\\/www.organisator.ch\\\/#\\\/schema\\\/logo\\\/image\\\/\",\"url\":\"https:\\\/\\\/www.organisator.ch\\\/wp-content\\\/uploads\\\/2022\\\/01\\\/Logo_Organisator_Website.png\",\"contentUrl\":\"https:\\\/\\\/www.organisator.ch\\\/wp-content\\\/uploads\\\/2022\\\/01\\\/Logo_Organisator_Website.png\",\"width\":800,\"height\":77,\"caption\":\"Organisator\"},\"image\":{\"@id\":\"https:\\\/\\\/www.organisator.ch\\\/#\\\/schema\\\/logo\\\/image\\\/\"},\"sameAs\":[\"https:\\\/\\\/www.facebook.com\\\/OrganisatorFachmagazin\",\"https:\\\/\\\/www.linkedin.com\\\/showcase\\\/organisator-das-magazin-fr-kmu\",\"https:\\\/\\\/www.xing.com\\\/news\\\/pages\\\/organisator-ch-695\",\"https:\\\/\\\/www.youtube.com\\\/channel\\\/UCGP2Sq0iWaZwT3BdIAQFYpw\"]},{\"@type\":\"Person\",\"@id\":\"https:\\\/\\\/www.organisator.ch\\\/#\\\/schema\\\/person\\\/aa2bace6c5c5aad60102004a50c4eb1c\",\"name\":\"admin\",\"image\":{\"@type\":\"ImageObject\",\"inLanguage\":\"fr-FR\",\"@id\":\"https:\\\/\\\/secure.gravatar.com\\\/avatar\\\/ae2f4d718e6c49043e314ce431e7e645d646302a24a5ef5a8bc8e3f5a032e319?s=96&d=mm&r=g\",\"url\":\"https:\\\/\\\/secure.gravatar.com\\\/avatar\\\/ae2f4d718e6c49043e314ce431e7e645d646302a24a5ef5a8bc8e3f5a032e319?s=96&d=mm&r=g\",\"contentUrl\":\"https:\\\/\\\/secure.gravatar.com\\\/avatar\\\/ae2f4d718e6c49043e314ce431e7e645d646302a24a5ef5a8bc8e3f5a032e319?s=96&d=mm&r=g\",\"caption\":\"admin\"},\"sameAs\":[\"https:\\\/\\\/www.organisator.ch\"],\"url\":\"https:\\\/\\\/www.organisator.ch\\\/fr\\\/author\\\/admin\\\/\"}]}<\/script>\n<!-- \/ Yoast SEO plugin. -->","yoast_head_json":{"title":"Une sorte de bureau \u00e0 domicile, mais loin de chez soi - Organisateur","description":"L'organisation flexible du travail et le travail ind\u00e9pendant du lieu ont le vent en poupe. Ceux qui travaillent en plus depuis des destinations de vacances font de la workation.","robots":{"index":"index","follow":"follow","max-snippet":"max-snippet:-1","max-image-preview":"max-image-preview:large","max-video-preview":"max-video-preview:-1"},"canonical":"https:\/\/www.organisator.ch\/fr\/ressources-humaines\/2024-06-21\/eine-art-homeoffice-aber-weit-weg-von-zu-hause\/","og_locale":"fr_FR","og_type":"article","og_title":"Eine Art Homeoffice, aber weit weg von zu Hause - Organisator","og_description":"Flexible Arbeitsgestaltung und ortsunabh\u00e4ngiges Arbeiten liegen im Trend. Wer zus\u00e4tzlich von Feriendestinationen aus arbeitet, macht Workation.","og_url":"https:\/\/www.organisator.ch\/fr\/ressources-humaines\/2024-06-21\/eine-art-homeoffice-aber-weit-weg-von-zu-hause\/","og_site_name":"Organisator","article_publisher":"https:\/\/www.facebook.com\/OrganisatorFachmagazin","article_published_time":"2024-06-21T04:35:00+00:00","og_image":[{"width":1042,"height":1078,"url":"https:\/\/www.organisator.ch\/wp-content\/uploads\/2024\/06\/HRM_Auftakt_Bild1_organisator_102743-scaled-e1718798586394.jpg","type":"image\/jpeg"}],"author":"admin","twitter_card":"summary_large_image","schema":{"@context":"https:\/\/schema.org","@graph":[{"@type":"Article","@id":"https:\/\/www.organisator.ch\/human-resources\/2024-06-21\/eine-art-homeoffice-aber-weit-weg-von-zu-hause\/#article","isPartOf":{"@id":"https:\/\/www.organisator.ch\/human-resources\/2024-06-21\/eine-art-homeoffice-aber-weit-weg-von-zu-hause\/"},"author":{"name":"admin","@id":"https:\/\/www.organisator.ch\/#\/schema\/person\/aa2bace6c5c5aad60102004a50c4eb1c"},"headline":"Eine Art Homeoffice, aber weit weg von zu Hause","datePublished":"2024-06-21T04:35:00+00:00","mainEntityOfPage":{"@id":"https:\/\/www.organisator.ch\/human-resources\/2024-06-21\/eine-art-homeoffice-aber-weit-weg-von-zu-hause\/"},"wordCount":1647,"publisher":{"@id":"https:\/\/www.organisator.ch\/#organization"},"image":{"@id":"https:\/\/www.organisator.ch\/human-resources\/2024-06-21\/eine-art-homeoffice-aber-weit-weg-von-zu-hause\/#primaryimage"},"thumbnailUrl":"https:\/\/www.organisator.ch\/wp-content\/uploads\/2024\/06\/HRM_Auftakt_Bild1_organisator_102743-scaled-e1718798586394.jpg","keywords":["Homeoffice","Reisen","Unternehmen","Workation"],"articleSection":["ABO+","HUMAN RESOURCES"],"inLanguage":"fr-FR"},{"@type":"WebPage","@id":"https:\/\/www.organisator.ch\/human-resources\/2024-06-21\/eine-art-homeoffice-aber-weit-weg-von-zu-hause\/","url":"https:\/\/www.organisator.ch\/human-resources\/2024-06-21\/eine-art-homeoffice-aber-weit-weg-von-zu-hause\/","name":"Une sorte de bureau \u00e0 domicile, mais loin de chez soi - Organisateur","isPartOf":{"@id":"https:\/\/www.organisator.ch\/#website"},"primaryImageOfPage":{"@id":"https:\/\/www.organisator.ch\/human-resources\/2024-06-21\/eine-art-homeoffice-aber-weit-weg-von-zu-hause\/#primaryimage"},"image":{"@id":"https:\/\/www.organisator.ch\/human-resources\/2024-06-21\/eine-art-homeoffice-aber-weit-weg-von-zu-hause\/#primaryimage"},"thumbnailUrl":"https:\/\/www.organisator.ch\/wp-content\/uploads\/2024\/06\/HRM_Auftakt_Bild1_organisator_102743-scaled-e1718798586394.jpg","datePublished":"2024-06-21T04:35:00+00:00","description":"L'organisation flexible du travail et le travail ind\u00e9pendant du lieu ont le vent en poupe. Ceux qui travaillent en plus depuis des destinations de vacances font de la workation.","breadcrumb":{"@id":"https:\/\/www.organisator.ch\/human-resources\/2024-06-21\/eine-art-homeoffice-aber-weit-weg-von-zu-hause\/#breadcrumb"},"inLanguage":"fr-FR","potentialAction":[{"@type":"ReadAction","target":["https:\/\/www.organisator.ch\/human-resources\/2024-06-21\/eine-art-homeoffice-aber-weit-weg-von-zu-hause\/"]}]},{"@type":"ImageObject","inLanguage":"fr-FR","@id":"https:\/\/www.organisator.ch\/human-resources\/2024-06-21\/eine-art-homeoffice-aber-weit-weg-von-zu-hause\/#primaryimage","url":"https:\/\/www.organisator.ch\/wp-content\/uploads\/2024\/06\/HRM_Auftakt_Bild1_organisator_102743-scaled-e1718798586394.jpg","contentUrl":"https:\/\/www.organisator.ch\/wp-content\/uploads\/2024\/06\/HRM_Auftakt_Bild1_organisator_102743-scaled-e1718798586394.jpg","width":1042,"height":1078,"caption":"Foto: Korn\u00e9l M\u00e1hl \/ Unsplash.com"},{"@type":"BreadcrumbList","@id":"https:\/\/www.organisator.ch\/human-resources\/2024-06-21\/eine-art-homeoffice-aber-weit-weg-von-zu-hause\/#breadcrumb","itemListElement":[{"@type":"ListItem","position":1,"name":"Home","item":"https:\/\/www.organisator.ch\/"},{"@type":"ListItem","position":2,"name":"Eine Art Homeoffice, aber weit weg von zu Hause"}]},{"@type":"WebSite","@id":"https:\/\/www.organisator.ch\/#website","url":"https:\/\/www.organisator.ch\/","name":"Organisateur","description":"Comp\u00e9tence et comp\u00e9tence. Proches de la pratique. L'ORGANISATEUR pr\u00e9pare 10 num\u00e9ros par an sur les th\u00e8mes essentiels pour les dirigeants de PME.","publisher":{"@id":"https:\/\/www.organisator.ch\/#organization"},"potentialAction":[{"@type":"SearchAction","target":{"@type":"EntryPoint","urlTemplate":"https:\/\/www.organisator.ch\/?s={search_term_string}"},"query-input":{"@type":"PropertyValueSpecification","valueRequired":true,"valueName":"search_term_string"}}],"inLanguage":"fr-FR"},{"@type":"Organization","@id":"https:\/\/www.organisator.ch\/#organization","name":"Organisateur","url":"https:\/\/www.organisator.ch\/","logo":{"@type":"ImageObject","inLanguage":"fr-FR","@id":"https:\/\/www.organisator.ch\/#\/schema\/logo\/image\/","url":"https:\/\/www.organisator.ch\/wp-content\/uploads\/2022\/01\/Logo_Organisator_Website.png","contentUrl":"https:\/\/www.organisator.ch\/wp-content\/uploads\/2022\/01\/Logo_Organisator_Website.png","width":800,"height":77,"caption":"Organisator"},"image":{"@id":"https:\/\/www.organisator.ch\/#\/schema\/logo\/image\/"},"sameAs":["https:\/\/www.facebook.com\/OrganisatorFachmagazin","https:\/\/www.linkedin.com\/showcase\/organisator-das-magazin-fr-kmu","https:\/\/www.xing.com\/news\/pages\/organisator-ch-695","https:\/\/www.youtube.com\/channel\/UCGP2Sq0iWaZwT3BdIAQFYpw"]},{"@type":"Person","@id":"https:\/\/www.organisator.ch\/#\/schema\/person\/aa2bace6c5c5aad60102004a50c4eb1c","name":"admin","image":{"@type":"ImageObject","inLanguage":"fr-FR","@id":"https:\/\/secure.gravatar.com\/avatar\/ae2f4d718e6c49043e314ce431e7e645d646302a24a5ef5a8bc8e3f5a032e319?s=96&d=mm&r=g","url":"https:\/\/secure.gravatar.com\/avatar\/ae2f4d718e6c49043e314ce431e7e645d646302a24a5ef5a8bc8e3f5a032e319?s=96&d=mm&r=g","contentUrl":"https:\/\/secure.gravatar.com\/avatar\/ae2f4d718e6c49043e314ce431e7e645d646302a24a5ef5a8bc8e3f5a032e319?s=96&d=mm&r=g","caption":"admin"},"sameAs":["https:\/\/www.organisator.ch"],"url":"https:\/\/www.organisator.ch\/fr\/author\/admin\/"}]}},"_links":{"self":[{"href":"https:\/\/www.organisator.ch\/fr\/wp-json\/wp\/v2\/posts\/27640","targetHints":{"allow":["GET"]}}],"collection":[{"href":"https:\/\/www.organisator.ch\/fr\/wp-json\/wp\/v2\/posts"}],"about":[{"href":"https:\/\/www.organisator.ch\/fr\/wp-json\/wp\/v2\/types\/post"}],"author":[{"embeddable":true,"href":"https:\/\/www.organisator.ch\/fr\/wp-json\/wp\/v2\/users\/1"}],"replies":[{"embeddable":true,"href":"https:\/\/www.organisator.ch\/fr\/wp-json\/wp\/v2\/comments?post=27640"}],"version-history":[{"count":3,"href":"https:\/\/www.organisator.ch\/fr\/wp-json\/wp\/v2\/posts\/27640\/revisions"}],"predecessor-version":[{"id":27868,"href":"https:\/\/www.organisator.ch\/fr\/wp-json\/wp\/v2\/posts\/27640\/revisions\/27868"}],"wp:featuredmedia":[{"embeddable":true,"href":"https:\/\/www.organisator.ch\/fr\/wp-json\/wp\/v2\/media\/27638"}],"wp:attachment":[{"href":"https:\/\/www.organisator.ch\/fr\/wp-json\/wp\/v2\/media?parent=27640"}],"wp:term":[{"taxonomy":"category","embeddable":true,"href":"https:\/\/www.organisator.ch\/fr\/wp-json\/wp\/v2\/categories?post=27640"},{"taxonomy":"post_tag","embeddable":true,"href":"https:\/\/www.organisator.ch\/fr\/wp-json\/wp\/v2\/tags?post=27640"}],"curies":[{"name":"wp","href":"https:\/\/api.w.org\/{rel}","templated":true}]}}