{"id":27668,"date":"2024-06-20T20:46:24","date_gmt":"2024-06-20T18:46:24","guid":{"rendered":"https:\/\/www.organisator.ch\/de\/?p=27668"},"modified":"2024-06-18T16:51:27","modified_gmt":"2024-06-18T14:51:27","slug":"bei-uns-steht-der-mensch-im-mittelpunkt","status":"publish","type":"post","link":"https:\/\/www.organisator.ch\/fr\/management\/2024-06-20\/bei-uns-steht-der-mensch-im-mittelpunkt\/","title":{"rendered":"\"L'\u00eatre humain est au centre de nos pr\u00e9occupations\""},"content":{"rendered":"<div class=\"swpm-post-not-logged-in-msg\">Vous devez \u00eatre connect\u00e9 pour voir ce contenu. Veuillez <a class=\"swpm-login-link\" href=\"https:\/\/www.organisator.ch\/login\/\">Se connecter<\/a>. Pas un membre ? <a href=\"https:\/\/www.organisator.ch\/shop\/\">Nous Rejoindre<\/a><\/div>","protected":false},"excerpt":{"rendered":"<p>Une entreprise de construction dans les Grisons qui compte la durabilit\u00e9 et l'id\u00e9e du cycle parmi son ADN et qui vit cette id\u00e9e dans la pratique est exceptionnelle. Cet engagement et cet esprit d'entreprise ont r\u00e9cemment \u00e9t\u00e9 r\u00e9compens\u00e9s par le Prix SVC Ostschweiz 2024.<\/p>","protected":false},"author":1,"featured_media":27665,"comment_status":"closed","ping_status":"closed","sticky":false,"template":"","format":"standard","meta":{"_acf_changed":false,"_yoast_wpseo_focuskw":"Mensch im Mittelpunkt","_yoast_wpseo_metadesc":"Ein besonderes Bauunternehmen, das die Nachhaltigkeit und den Kreislaufgedanken zu seiner DNA z\u00e4hlt und den Menschen im Mittelpunkt sieht.","articlekey":"96851","footnotes":""},"categories":[578,28],"tags":[2839,335,358,492],"class_list":["post-27668","post","type-post","status-publish","format-standard","has-post-thumbnail","hentry","category-abo","category-management","tag-bauindustrie","tag-management-und-unternehmensfuehrung","tag-nachhaltige-wirtschaft","tag-unternehmen"],"acf":[],"yoast_head":"<!-- This site is optimized with the Yoast SEO plugin v27.5 - https:\/\/yoast.com\/product\/yoast-seo-wordpress\/ -->\n<title>\u00abBei uns steht der Mensch im Mittelpunkt\u00bb - Organisator<\/title>\n<meta name=\"description\" content=\"Ein besonderes Bauunternehmen, das die Nachhaltigkeit und den Kreislaufgedanken zu seiner DNA z\u00e4hlt und den Menschen im Mittelpunkt sieht.\" \/>\n<meta name=\"robots\" content=\"index, follow, max-snippet:-1, max-image-preview:large, max-video-preview:-1\" \/>\n<link rel=\"canonical\" href=\"https:\/\/www.organisator.ch\/fr\/gestion-2\/2024-06-20\/bei-uns-steht-der-mensch-im-mittelpunkt\/\" \/>\n<meta property=\"og:locale\" content=\"fr_FR\" \/>\n<meta property=\"og:type\" content=\"article\" \/>\n<meta property=\"og:title\" content=\"\u00abBei uns steht der Mensch im Mittelpunkt\u00bb - Organisator\" \/>\n<meta property=\"og:description\" content=\"Ein besonderes Bauunternehmen, das die Nachhaltigkeit und den Kreislaufgedanken zu seiner DNA z\u00e4hlt und den Menschen im Mittelpunkt sieht.\" \/>\n<meta property=\"og:url\" content=\"https:\/\/www.organisator.ch\/fr\/gestion-2\/2024-06-20\/bei-uns-steht-der-mensch-im-mittelpunkt\/\" \/>\n<meta property=\"og:site_name\" content=\"Organisator\" \/>\n<meta property=\"article:publisher\" content=\"https:\/\/www.facebook.com\/OrganisatorFachmagazin\" \/>\n<meta property=\"article:published_time\" content=\"2024-06-20T18:46:24+00:00\" \/>\n<meta property=\"og:image\" content=\"https:\/\/www.organisator.ch\/wp-content\/uploads\/2024\/06\/Management_Auftakt_Bild1_organisator_103749-scaled.jpg\" \/>\n\t<meta property=\"og:image:width\" content=\"1043\" \/>\n\t<meta property=\"og:image:height\" content=\"1400\" \/>\n\t<meta property=\"og:image:type\" content=\"image\/jpeg\" \/>\n<meta name=\"author\" content=\"admin\" \/>\n<meta name=\"twitter:card\" content=\"summary_large_image\" \/>\n<script type=\"application\/ld+json\" class=\"yoast-schema-graph\">{\"@context\":\"https:\\\/\\\/schema.org\",\"@graph\":[{\"@type\":\"Article\",\"@id\":\"https:\\\/\\\/www.organisator.ch\\\/management\\\/2024-06-20\\\/bei-uns-steht-der-mensch-im-mittelpunkt\\\/#article\",\"isPartOf\":{\"@id\":\"https:\\\/\\\/www.organisator.ch\\\/management\\\/2024-06-20\\\/bei-uns-steht-der-mensch-im-mittelpunkt\\\/\"},\"author\":{\"name\":\"admin\",\"@id\":\"https:\\\/\\\/www.organisator.ch\\\/#\\\/schema\\\/person\\\/aa2bace6c5c5aad60102004a50c4eb1c\"},\"headline\":\"\u00abBei uns steht der Mensch im Mittelpunkt\u00bb\",\"datePublished\":\"2024-06-20T18:46:24+00:00\",\"mainEntityOfPage\":{\"@id\":\"https:\\\/\\\/www.organisator.ch\\\/management\\\/2024-06-20\\\/bei-uns-steht-der-mensch-im-mittelpunkt\\\/\"},\"wordCount\":1707,\"publisher\":{\"@id\":\"https:\\\/\\\/www.organisator.ch\\\/#organization\"},\"image\":{\"@id\":\"https:\\\/\\\/www.organisator.ch\\\/management\\\/2024-06-20\\\/bei-uns-steht-der-mensch-im-mittelpunkt\\\/#primaryimage\"},\"thumbnailUrl\":\"https:\\\/\\\/www.organisator.ch\\\/wp-content\\\/uploads\\\/2024\\\/06\\\/Management_Auftakt_Bild1_organisator_103749-scaled.jpg\",\"keywords\":[\"Bauindustrie\",\"Management und Unternehmensf\u00fchrung\",\"Nachhaltige Wirtschaft\",\"Unternehmen\"],\"articleSection\":[\"ABO+\",\"MANAGEMENT\"],\"inLanguage\":\"fr-FR\"},{\"@type\":\"WebPage\",\"@id\":\"https:\\\/\\\/www.organisator.ch\\\/management\\\/2024-06-20\\\/bei-uns-steht-der-mensch-im-mittelpunkt\\\/\",\"url\":\"https:\\\/\\\/www.organisator.ch\\\/management\\\/2024-06-20\\\/bei-uns-steht-der-mensch-im-mittelpunkt\\\/\",\"name\":\"\u00abBei uns steht der Mensch im Mittelpunkt\u00bb - Organisator\",\"isPartOf\":{\"@id\":\"https:\\\/\\\/www.organisator.ch\\\/#website\"},\"primaryImageOfPage\":{\"@id\":\"https:\\\/\\\/www.organisator.ch\\\/management\\\/2024-06-20\\\/bei-uns-steht-der-mensch-im-mittelpunkt\\\/#primaryimage\"},\"image\":{\"@id\":\"https:\\\/\\\/www.organisator.ch\\\/management\\\/2024-06-20\\\/bei-uns-steht-der-mensch-im-mittelpunkt\\\/#primaryimage\"},\"thumbnailUrl\":\"https:\\\/\\\/www.organisator.ch\\\/wp-content\\\/uploads\\\/2024\\\/06\\\/Management_Auftakt_Bild1_organisator_103749-scaled.jpg\",\"datePublished\":\"2024-06-20T18:46:24+00:00\",\"description\":\"Ein besonderes Bauunternehmen, das die Nachhaltigkeit und den Kreislaufgedanken zu seiner DNA z\u00e4hlt und den Menschen im Mittelpunkt sieht.\",\"breadcrumb\":{\"@id\":\"https:\\\/\\\/www.organisator.ch\\\/management\\\/2024-06-20\\\/bei-uns-steht-der-mensch-im-mittelpunkt\\\/#breadcrumb\"},\"inLanguage\":\"fr-FR\",\"potentialAction\":[{\"@type\":\"ReadAction\",\"target\":[\"https:\\\/\\\/www.organisator.ch\\\/management\\\/2024-06-20\\\/bei-uns-steht-der-mensch-im-mittelpunkt\\\/\"]}]},{\"@type\":\"ImageObject\",\"inLanguage\":\"fr-FR\",\"@id\":\"https:\\\/\\\/www.organisator.ch\\\/management\\\/2024-06-20\\\/bei-uns-steht-der-mensch-im-mittelpunkt\\\/#primaryimage\",\"url\":\"https:\\\/\\\/www.organisator.ch\\\/wp-content\\\/uploads\\\/2024\\\/06\\\/Management_Auftakt_Bild1_organisator_103749-scaled.jpg\",\"contentUrl\":\"https:\\\/\\\/www.organisator.ch\\\/wp-content\\\/uploads\\\/2024\\\/06\\\/Management_Auftakt_Bild1_organisator_103749-scaled.jpg\",\"width\":1043,\"height\":1400,\"caption\":\"Foto: zVg \\\/ Zindel United\"},{\"@type\":\"BreadcrumbList\",\"@id\":\"https:\\\/\\\/www.organisator.ch\\\/management\\\/2024-06-20\\\/bei-uns-steht-der-mensch-im-mittelpunkt\\\/#breadcrumb\",\"itemListElement\":[{\"@type\":\"ListItem\",\"position\":1,\"name\":\"Home\",\"item\":\"https:\\\/\\\/www.organisator.ch\\\/\"},{\"@type\":\"ListItem\",\"position\":2,\"name\":\"\u00abBei uns steht der Mensch im Mittelpunkt\u00bb\"}]},{\"@type\":\"WebSite\",\"@id\":\"https:\\\/\\\/www.organisator.ch\\\/#website\",\"url\":\"https:\\\/\\\/www.organisator.ch\\\/\",\"name\":\"Organisator\",\"description\":\"Kompetent. Praxisnah. Der ORGANISATOR bereitet in 10 Ausgaben pro Jahr die wesentlichen Themen f\u00fcr F\u00fchrungskr\u00e4fte von KMU auf.\",\"publisher\":{\"@id\":\"https:\\\/\\\/www.organisator.ch\\\/#organization\"},\"potentialAction\":[{\"@type\":\"SearchAction\",\"target\":{\"@type\":\"EntryPoint\",\"urlTemplate\":\"https:\\\/\\\/www.organisator.ch\\\/?s={search_term_string}\"},\"query-input\":{\"@type\":\"PropertyValueSpecification\",\"valueRequired\":true,\"valueName\":\"search_term_string\"}}],\"inLanguage\":\"fr-FR\"},{\"@type\":\"Organization\",\"@id\":\"https:\\\/\\\/www.organisator.ch\\\/#organization\",\"name\":\"Organisator\",\"url\":\"https:\\\/\\\/www.organisator.ch\\\/\",\"logo\":{\"@type\":\"ImageObject\",\"inLanguage\":\"fr-FR\",\"@id\":\"https:\\\/\\\/www.organisator.ch\\\/#\\\/schema\\\/logo\\\/image\\\/\",\"url\":\"https:\\\/\\\/www.organisator.ch\\\/wp-content\\\/uploads\\\/2022\\\/01\\\/Logo_Organisator_Website.png\",\"contentUrl\":\"https:\\\/\\\/www.organisator.ch\\\/wp-content\\\/uploads\\\/2022\\\/01\\\/Logo_Organisator_Website.png\",\"width\":800,\"height\":77,\"caption\":\"Organisator\"},\"image\":{\"@id\":\"https:\\\/\\\/www.organisator.ch\\\/#\\\/schema\\\/logo\\\/image\\\/\"},\"sameAs\":[\"https:\\\/\\\/www.facebook.com\\\/OrganisatorFachmagazin\",\"https:\\\/\\\/www.linkedin.com\\\/showcase\\\/organisator-das-magazin-fr-kmu\",\"https:\\\/\\\/www.xing.com\\\/news\\\/pages\\\/organisator-ch-695\",\"https:\\\/\\\/www.youtube.com\\\/channel\\\/UCGP2Sq0iWaZwT3BdIAQFYpw\"]},{\"@type\":\"Person\",\"@id\":\"https:\\\/\\\/www.organisator.ch\\\/#\\\/schema\\\/person\\\/aa2bace6c5c5aad60102004a50c4eb1c\",\"name\":\"admin\",\"image\":{\"@type\":\"ImageObject\",\"inLanguage\":\"fr-FR\",\"@id\":\"https:\\\/\\\/secure.gravatar.com\\\/avatar\\\/ae2f4d718e6c49043e314ce431e7e645d646302a24a5ef5a8bc8e3f5a032e319?s=96&d=mm&r=g\",\"url\":\"https:\\\/\\\/secure.gravatar.com\\\/avatar\\\/ae2f4d718e6c49043e314ce431e7e645d646302a24a5ef5a8bc8e3f5a032e319?s=96&d=mm&r=g\",\"contentUrl\":\"https:\\\/\\\/secure.gravatar.com\\\/avatar\\\/ae2f4d718e6c49043e314ce431e7e645d646302a24a5ef5a8bc8e3f5a032e319?s=96&d=mm&r=g\",\"caption\":\"admin\"},\"sameAs\":[\"https:\\\/\\\/www.organisator.ch\"],\"url\":\"https:\\\/\\\/www.organisator.ch\\\/fr\\\/author\\\/admin\\\/\"}]}<\/script>\n<!-- \/ Yoast SEO plugin. -->","yoast_head_json":{"title":"\"Chez nous, l'\u00eatre humain est au centre\" - organisateur","description":"Une entreprise de construction particuli\u00e8re, dont l'ADN est la durabilit\u00e9 et la pens\u00e9e circulaire, et qui place l'\u00eatre humain au centre de ses pr\u00e9occupations.","robots":{"index":"index","follow":"follow","max-snippet":"max-snippet:-1","max-image-preview":"max-image-preview:large","max-video-preview":"max-video-preview:-1"},"canonical":"https:\/\/www.organisator.ch\/fr\/gestion-2\/2024-06-20\/bei-uns-steht-der-mensch-im-mittelpunkt\/","og_locale":"fr_FR","og_type":"article","og_title":"\u00abBei uns steht der Mensch im Mittelpunkt\u00bb - Organisator","og_description":"Ein besonderes Bauunternehmen, das die Nachhaltigkeit und den Kreislaufgedanken zu seiner DNA z\u00e4hlt und den Menschen im Mittelpunkt sieht.","og_url":"https:\/\/www.organisator.ch\/fr\/gestion-2\/2024-06-20\/bei-uns-steht-der-mensch-im-mittelpunkt\/","og_site_name":"Organisator","article_publisher":"https:\/\/www.facebook.com\/OrganisatorFachmagazin","article_published_time":"2024-06-20T18:46:24+00:00","og_image":[{"width":1043,"height":1400,"url":"https:\/\/www.organisator.ch\/wp-content\/uploads\/2024\/06\/Management_Auftakt_Bild1_organisator_103749-scaled.jpg","type":"image\/jpeg"}],"author":"admin","twitter_card":"summary_large_image","schema":{"@context":"https:\/\/schema.org","@graph":[{"@type":"Article","@id":"https:\/\/www.organisator.ch\/management\/2024-06-20\/bei-uns-steht-der-mensch-im-mittelpunkt\/#article","isPartOf":{"@id":"https:\/\/www.organisator.ch\/management\/2024-06-20\/bei-uns-steht-der-mensch-im-mittelpunkt\/"},"author":{"name":"admin","@id":"https:\/\/www.organisator.ch\/#\/schema\/person\/aa2bace6c5c5aad60102004a50c4eb1c"},"headline":"\u00abBei uns steht der Mensch im Mittelpunkt\u00bb","datePublished":"2024-06-20T18:46:24+00:00","mainEntityOfPage":{"@id":"https:\/\/www.organisator.ch\/management\/2024-06-20\/bei-uns-steht-der-mensch-im-mittelpunkt\/"},"wordCount":1707,"publisher":{"@id":"https:\/\/www.organisator.ch\/#organization"},"image":{"@id":"https:\/\/www.organisator.ch\/management\/2024-06-20\/bei-uns-steht-der-mensch-im-mittelpunkt\/#primaryimage"},"thumbnailUrl":"https:\/\/www.organisator.ch\/wp-content\/uploads\/2024\/06\/Management_Auftakt_Bild1_organisator_103749-scaled.jpg","keywords":["Bauindustrie","Management und Unternehmensf\u00fchrung","Nachhaltige Wirtschaft","Unternehmen"],"articleSection":["ABO+","MANAGEMENT"],"inLanguage":"fr-FR"},{"@type":"WebPage","@id":"https:\/\/www.organisator.ch\/management\/2024-06-20\/bei-uns-steht-der-mensch-im-mittelpunkt\/","url":"https:\/\/www.organisator.ch\/management\/2024-06-20\/bei-uns-steht-der-mensch-im-mittelpunkt\/","name":"\"Chez nous, l'\u00eatre humain est au centre\" - organisateur","isPartOf":{"@id":"https:\/\/www.organisator.ch\/#website"},"primaryImageOfPage":{"@id":"https:\/\/www.organisator.ch\/management\/2024-06-20\/bei-uns-steht-der-mensch-im-mittelpunkt\/#primaryimage"},"image":{"@id":"https:\/\/www.organisator.ch\/management\/2024-06-20\/bei-uns-steht-der-mensch-im-mittelpunkt\/#primaryimage"},"thumbnailUrl":"https:\/\/www.organisator.ch\/wp-content\/uploads\/2024\/06\/Management_Auftakt_Bild1_organisator_103749-scaled.jpg","datePublished":"2024-06-20T18:46:24+00:00","description":"Une entreprise de construction particuli\u00e8re, dont l'ADN est la durabilit\u00e9 et la pens\u00e9e circulaire, et qui place l'\u00eatre humain au centre de ses pr\u00e9occupations.","breadcrumb":{"@id":"https:\/\/www.organisator.ch\/management\/2024-06-20\/bei-uns-steht-der-mensch-im-mittelpunkt\/#breadcrumb"},"inLanguage":"fr-FR","potentialAction":[{"@type":"ReadAction","target":["https:\/\/www.organisator.ch\/management\/2024-06-20\/bei-uns-steht-der-mensch-im-mittelpunkt\/"]}]},{"@type":"ImageObject","inLanguage":"fr-FR","@id":"https:\/\/www.organisator.ch\/management\/2024-06-20\/bei-uns-steht-der-mensch-im-mittelpunkt\/#primaryimage","url":"https:\/\/www.organisator.ch\/wp-content\/uploads\/2024\/06\/Management_Auftakt_Bild1_organisator_103749-scaled.jpg","contentUrl":"https:\/\/www.organisator.ch\/wp-content\/uploads\/2024\/06\/Management_Auftakt_Bild1_organisator_103749-scaled.jpg","width":1043,"height":1400,"caption":"Foto: zVg \/ Zindel United"},{"@type":"BreadcrumbList","@id":"https:\/\/www.organisator.ch\/management\/2024-06-20\/bei-uns-steht-der-mensch-im-mittelpunkt\/#breadcrumb","itemListElement":[{"@type":"ListItem","position":1,"name":"Home","item":"https:\/\/www.organisator.ch\/"},{"@type":"ListItem","position":2,"name":"\u00abBei uns steht der Mensch im Mittelpunkt\u00bb"}]},{"@type":"WebSite","@id":"https:\/\/www.organisator.ch\/#website","url":"https:\/\/www.organisator.ch\/","name":"Organisateur","description":"Comp\u00e9tence et comp\u00e9tence. Proches de la pratique. L'ORGANISATEUR pr\u00e9pare 10 num\u00e9ros par an sur les th\u00e8mes essentiels pour les dirigeants de PME.","publisher":{"@id":"https:\/\/www.organisator.ch\/#organization"},"potentialAction":[{"@type":"SearchAction","target":{"@type":"EntryPoint","urlTemplate":"https:\/\/www.organisator.ch\/?s={search_term_string}"},"query-input":{"@type":"PropertyValueSpecification","valueRequired":true,"valueName":"search_term_string"}}],"inLanguage":"fr-FR"},{"@type":"Organization","@id":"https:\/\/www.organisator.ch\/#organization","name":"Organisateur","url":"https:\/\/www.organisator.ch\/","logo":{"@type":"ImageObject","inLanguage":"fr-FR","@id":"https:\/\/www.organisator.ch\/#\/schema\/logo\/image\/","url":"https:\/\/www.organisator.ch\/wp-content\/uploads\/2022\/01\/Logo_Organisator_Website.png","contentUrl":"https:\/\/www.organisator.ch\/wp-content\/uploads\/2022\/01\/Logo_Organisator_Website.png","width":800,"height":77,"caption":"Organisator"},"image":{"@id":"https:\/\/www.organisator.ch\/#\/schema\/logo\/image\/"},"sameAs":["https:\/\/www.facebook.com\/OrganisatorFachmagazin","https:\/\/www.linkedin.com\/showcase\/organisator-das-magazin-fr-kmu","https:\/\/www.xing.com\/news\/pages\/organisator-ch-695","https:\/\/www.youtube.com\/channel\/UCGP2Sq0iWaZwT3BdIAQFYpw"]},{"@type":"Person","@id":"https:\/\/www.organisator.ch\/#\/schema\/person\/aa2bace6c5c5aad60102004a50c4eb1c","name":"admin","image":{"@type":"ImageObject","inLanguage":"fr-FR","@id":"https:\/\/secure.gravatar.com\/avatar\/ae2f4d718e6c49043e314ce431e7e645d646302a24a5ef5a8bc8e3f5a032e319?s=96&d=mm&r=g","url":"https:\/\/secure.gravatar.com\/avatar\/ae2f4d718e6c49043e314ce431e7e645d646302a24a5ef5a8bc8e3f5a032e319?s=96&d=mm&r=g","contentUrl":"https:\/\/secure.gravatar.com\/avatar\/ae2f4d718e6c49043e314ce431e7e645d646302a24a5ef5a8bc8e3f5a032e319?s=96&d=mm&r=g","caption":"admin"},"sameAs":["https:\/\/www.organisator.ch"],"url":"https:\/\/www.organisator.ch\/fr\/author\/admin\/"}]}},"_links":{"self":[{"href":"https:\/\/www.organisator.ch\/fr\/wp-json\/wp\/v2\/posts\/27668","targetHints":{"allow":["GET"]}}],"collection":[{"href":"https:\/\/www.organisator.ch\/fr\/wp-json\/wp\/v2\/posts"}],"about":[{"href":"https:\/\/www.organisator.ch\/fr\/wp-json\/wp\/v2\/types\/post"}],"author":[{"embeddable":true,"href":"https:\/\/www.organisator.ch\/fr\/wp-json\/wp\/v2\/users\/1"}],"replies":[{"embeddable":true,"href":"https:\/\/www.organisator.ch\/fr\/wp-json\/wp\/v2\/comments?post=27668"}],"version-history":[{"count":3,"href":"https:\/\/www.organisator.ch\/fr\/wp-json\/wp\/v2\/posts\/27668\/revisions"}],"predecessor-version":[{"id":27812,"href":"https:\/\/www.organisator.ch\/fr\/wp-json\/wp\/v2\/posts\/27668\/revisions\/27812"}],"wp:featuredmedia":[{"embeddable":true,"href":"https:\/\/www.organisator.ch\/fr\/wp-json\/wp\/v2\/media\/27665"}],"wp:attachment":[{"href":"https:\/\/www.organisator.ch\/fr\/wp-json\/wp\/v2\/media?parent=27668"}],"wp:term":[{"taxonomy":"category","embeddable":true,"href":"https:\/\/www.organisator.ch\/fr\/wp-json\/wp\/v2\/categories?post=27668"},{"taxonomy":"post_tag","embeddable":true,"href":"https:\/\/www.organisator.ch\/fr\/wp-json\/wp\/v2\/tags?post=27668"}],"curies":[{"name":"wp","href":"https:\/\/api.w.org\/{rel}","templated":true}]}}