{"id":2767,"date":"2020-01-21T11:22:04","date_gmt":"2020-01-21T10:22:04","guid":{"rendered":"https:\/\/www.umweltperspektiven.ch\/?p=2767"},"modified":"2022-02-09T11:06:15","modified_gmt":"2022-02-09T10:06:15","slug":"nachhaltigem-treibstoff-erstes-flugzeug-mit-bio-kerosin-in-zuerich-gestartet","status":"publish","type":"post","link":"https:\/\/www.organisator.ch\/fr\/sustainability\/2020-01-21\/nachhaltigem-treibstoff-erstes-flugzeug-mit-bio-kerosin-in-zuerich-gestartet\/","title":{"rendered":"Carburant durable : le premier avion au bio-k\u00e9ros\u00e8ne a d\u00e9coll\u00e9 de Zurich"},"content":{"rendered":"<figure id=\"attachment_2768\" aria-describedby=\"caption-attachment-2768\" style=\"width: 680px\" class=\"wp-caption alignnone\"><img loading=\"lazy\" decoding=\"async\" class=\"size-medium wp-image-2768\" src=\"\/\/www.umweltperspektiven.ch\/wp-content\/uploads\/2020\/01\/Bio-Kerosin-Flughafen_Z\u00fcrich-UP_Umwelt-Perspektiven.jpg\" alt=\"\" width=\"680\" height=\"510\" \/><figcaption id=\"caption-attachment-2768\" class=\"wp-caption-text\">Jusqu'\u00e0 pr\u00e9sent, le k\u00e9ros\u00e8ne durable devait \u00eatre import\u00e9 de l'\u00e9tranger. Pour le WEF, c'est la premi\u00e8re fois que le carburant durable est propos\u00e9 \u00e0 Zurich. (Image symbolique : Jet Aviation)<\/figcaption><\/figure>\n<p class=\"bodytext\">Le 20 janvier 2020, un avion d'affaires a \u00e9t\u00e9 ravitaill\u00e9 pour la premi\u00e8re fois \u00e0 l'a\u00e9roport de Zurich avec un m\u00e9lange de carburant durable et de k\u00e9ros\u00e8ne traditionnel. Ce m\u00e9lange permettra de remplir les avions d'affaires au d\u00e9part pour la dur\u00e9e du Forum \u00e9conomique mondial de Davos.<\/p>\n<p><strong>Biocarburant r\u00e9g\u00e9n\u00e9rateur\u00a0<\/strong><\/p>\n<p class=\"bodytext\">Les biocarburants r\u00e9g\u00e9n\u00e9ratifs pour les avions, appel\u00e9s Sustainable Aviation Fuels (SAF), sont fabriqu\u00e9s \u00e0 partir de mati\u00e8res premi\u00e8res renouvelables telles que l'huile de colza, de palme ou de jatropha, ou d'algues. Ils sont pratiquement neutres en termes de CO2 et constituent donc \"une approche prometteuse pour un transport a\u00e9rien plus respectueux du climat\", selon le communiqu\u00e9 de presse de la\u00a0<a href=\"\/\/www.flughafen-zuerich.ch\/unternehmen\/flughafen-zuerich-ag\" target=\"_blank\" rel=\"noopener\">A\u00e9roport de Zurich SA<\/a>.<\/p>\n<p>Selon la\u00a0<a href=\"\/\/www.flughafen-zuerich.ch\/unternehmen\/medien\/news-center\/2020\/jan\/mm-20200120-saf?cat=medienmitteilung#_ga=2.52370989.525475176.1579597623-627038045.1576755169\" target=\"_blank\" rel=\"noopener\">Communiqu\u00e9 de presse<\/a>\u00a0ce type de transport durable a \u00e9t\u00e9 rendu possible par la collaboration avec\u00a0<a href=\"\/\/www.jetaviation.com\/zurich\" target=\"_blank\" rel=\"noopener\">Jet Aviation<\/a>\u00a0et le producteur finlandais de carburant a\u00e9rien renouvelable\u00a0<a href=\"\/\/www.neste.com\/corporate-info\" target=\"_blank\" rel=\"noopener\">Neste<\/a>\u00a0permet d'atteindre cet objectif. Neste MY Renewable Jet Fuel devrait permettre de r\u00e9duire jusqu'\u00e0 80% les \u00e9missions de gaz \u00e0 effet de serre par rapport au k\u00e9ros\u00e8ne fossile.<\/p>\n<p><strong>Obstacles encore donn\u00e9s\u00a0<\/strong><\/p>\n<p class=\"bodytext\">La premi\u00e8re SAF montre qu'il est en principe possible d'\u00e9tablir une cha\u00eene d'approvisionnement qui fonctionne. Toutefois, de la logistique \u00e0 la distribution sur place en passant par l'importation, \"des obstacles consid\u00e9rables doivent \u00eatre surmont\u00e9s avant qu'un avion puisse faire le plein de SAF dans un a\u00e9roport suisse\", explique Emanuel Fleuti, responsable de la protection de l'environnement chez Flughafen Z\u00fcrich AG. Joao Martins, Senior Director et GM de Jet Aviations FBO Operations \u00e0 Zurich, souligne lui aussi que des mois de pr\u00e9paration ont \u00e9t\u00e9 n\u00e9cessaires.<\/p>\n<p class=\"bodytext\">Les SAF sont encore trois \u00e0 quatre fois plus chers que les carburants traditionnels pour avions. \"La premi\u00e8re utilisation de SAF \u00e0 l'a\u00e9roport de Zurich doit donc \u00eatre consid\u00e9r\u00e9e comme une incitation pour les politiques \u00e0 cr\u00e9er des conditions-cadres permettant d'am\u00e9liorer la disponibilit\u00e9 et la commercialisation des SAF\", explique Flughafen Z\u00fcrich AG dans son communiqu\u00e9 de presse.<\/p>","protected":false},"excerpt":{"rendered":"<p>Am Flughafen Z\u00fcrich ist am 20. Januar 2020 erstmals eine Gesch\u00e4ftsmaschine mit einer Mischung aus nachhaltigem Treibstoff und herk\u00f6mmlichem Kerosin betankt worden. Mit diesem Gemisch k\u00f6nnen abfliegende Gesch\u00e4ftsmaschinen f\u00fcr die Dauer des Weltwirtschaftsforums in Davos bef\u00fcllt werden. Regenerativer Biokraftstoff\u00a0 Regenerative Biokraftstoffe f\u00fcr Flugzeuge, sogenannte Sustainable Aviation Fuels (SAF), werden aus nachwachsenden Rohstoffen wie Raps-, Palm- [&hellip;]<\/p>\n","protected":false},"author":5,"featured_media":2768,"comment_status":"closed","ping_status":"closed","sticky":false,"template":"","format":"standard","meta":{"_acf_changed":false,"_yoast_wpseo_focuskw":"Nachhaltigem Treibstoff","_yoast_wpseo_metadesc":"Am Z\u00fcrcher Flughafen ist erstmals eine Maschine mit einem Gemisch aus herk\u00f6mmlichem und nachhaltigem Flugzeugtreibstoff betankt worden.","articlekey":"","footnotes":""},"categories":[580],"tags":[825,213,1774,2538,542],"class_list":["post-2767","post","type-post","status-publish","format-standard","has-post-thumbnail","hentry","category-sustainability","tag-bio-kerosin","tag-flughafen","tag-nachhaltiger-treibstoff","tag-wef","tag-zuerich"],"acf":[],"yoast_head":"<!-- This site is optimized with the Yoast SEO plugin v27.4 - https:\/\/yoast.com\/product\/yoast-seo-wordpress\/ -->\n<title>Nachhaltiger Treibstoff: Erstes Flugzeug mit Bio-Kerosin in Z\u00fcrich gestartet - Organisator<\/title>\n<meta name=\"description\" content=\"Am Z\u00fcrcher Flughafen ist erstmals eine Maschine mit einem Gemisch aus herk\u00f6mmlichem und nachhaltigem Flugzeugtreibstoff betankt worden.\" \/>\n<meta name=\"robots\" content=\"index, follow, max-snippet:-1, max-image-preview:large, max-video-preview:-1\" \/>\n<link rel=\"canonical\" href=\"https:\/\/www.organisator.ch\/fr\/sustainability\/2020-01-21\/nachhaltigem-treibstoff-erstes-flugzeug-mit-bio-kerosin-in-zuerich-gestartet\/\" \/>\n<meta property=\"og:locale\" content=\"fr_FR\" \/>\n<meta property=\"og:type\" content=\"article\" \/>\n<meta property=\"og:title\" content=\"Nachhaltiger Treibstoff: Erstes Flugzeug mit Bio-Kerosin in Z\u00fcrich gestartet - Organisator\" \/>\n<meta property=\"og:description\" content=\"Am Z\u00fcrcher Flughafen ist erstmals eine Maschine mit einem Gemisch aus herk\u00f6mmlichem und nachhaltigem Flugzeugtreibstoff betankt worden.\" \/>\n<meta property=\"og:url\" content=\"https:\/\/www.organisator.ch\/fr\/sustainability\/2020-01-21\/nachhaltigem-treibstoff-erstes-flugzeug-mit-bio-kerosin-in-zuerich-gestartet\/\" \/>\n<meta property=\"og:site_name\" content=\"Organisator\" \/>\n<meta property=\"article:publisher\" content=\"https:\/\/www.facebook.com\/OrganisatorFachmagazin\" \/>\n<meta property=\"article:published_time\" content=\"2020-01-21T10:22:04+00:00\" \/>\n<meta property=\"article:modified_time\" content=\"2022-02-09T10:06:15+00:00\" \/>\n<meta property=\"og:image\" content=\"https:\/\/www.organisator.ch\/wp-content\/uploads\/2020\/01\/Bio-Kerosin-Flughafen_Zuerich-UP_Umwelt-Perspektiven.jpg\" \/>\n\t<meta property=\"og:image:width\" content=\"800\" \/>\n\t<meta property=\"og:image:height\" content=\"600\" \/>\n\t<meta property=\"og:image:type\" content=\"image\/jpeg\" \/>\n<meta name=\"author\" content=\"michael.merz\" \/>\n<meta name=\"twitter:card\" content=\"summary_large_image\" \/>\n<script type=\"application\/ld+json\" class=\"yoast-schema-graph\">{\"@context\":\"https:\\\/\\\/schema.org\",\"@graph\":[{\"@type\":\"Article\",\"@id\":\"https:\\\/\\\/www.organisator.ch\\\/sustainability\\\/2020-01-21\\\/nachhaltigem-treibstoff-erstes-flugzeug-mit-bio-kerosin-in-zuerich-gestartet\\\/#article\",\"isPartOf\":{\"@id\":\"https:\\\/\\\/www.organisator.ch\\\/sustainability\\\/2020-01-21\\\/nachhaltigem-treibstoff-erstes-flugzeug-mit-bio-kerosin-in-zuerich-gestartet\\\/\"},\"author\":{\"name\":\"michael.merz\",\"@id\":\"https:\\\/\\\/www.organisator.ch\\\/#\\\/schema\\\/person\\\/134708ca9321c57b0362cceb7948ffbd\"},\"headline\":\"Nachhaltiger Treibstoff: Erstes Flugzeug mit Bio-Kerosin in Z\u00fcrich gestartet\",\"datePublished\":\"2020-01-21T10:22:04+00:00\",\"dateModified\":\"2022-02-09T10:06:15+00:00\",\"mainEntityOfPage\":{\"@id\":\"https:\\\/\\\/www.organisator.ch\\\/sustainability\\\/2020-01-21\\\/nachhaltigem-treibstoff-erstes-flugzeug-mit-bio-kerosin-in-zuerich-gestartet\\\/\"},\"wordCount\":313,\"publisher\":{\"@id\":\"https:\\\/\\\/www.organisator.ch\\\/#organization\"},\"image\":{\"@id\":\"https:\\\/\\\/www.organisator.ch\\\/sustainability\\\/2020-01-21\\\/nachhaltigem-treibstoff-erstes-flugzeug-mit-bio-kerosin-in-zuerich-gestartet\\\/#primaryimage\"},\"thumbnailUrl\":\"https:\\\/\\\/www.organisator.ch\\\/wp-content\\\/uploads\\\/2020\\\/01\\\/Bio-Kerosin-Flughafen_Zuerich-UP_Umwelt-Perspektiven.jpg\",\"keywords\":[\"Bio-Kerosin\",\"Flughafen\",\"Nachhaltiger Treibstoff\",\"WEF\",\"Z\u00fcrich\"],\"articleSection\":[\"SUSTAINABILITY\"],\"inLanguage\":\"fr-FR\"},{\"@type\":\"WebPage\",\"@id\":\"https:\\\/\\\/www.organisator.ch\\\/sustainability\\\/2020-01-21\\\/nachhaltigem-treibstoff-erstes-flugzeug-mit-bio-kerosin-in-zuerich-gestartet\\\/\",\"url\":\"https:\\\/\\\/www.organisator.ch\\\/sustainability\\\/2020-01-21\\\/nachhaltigem-treibstoff-erstes-flugzeug-mit-bio-kerosin-in-zuerich-gestartet\\\/\",\"name\":\"Nachhaltiger Treibstoff: Erstes Flugzeug mit Bio-Kerosin in Z\u00fcrich gestartet - Organisator\",\"isPartOf\":{\"@id\":\"https:\\\/\\\/www.organisator.ch\\\/#website\"},\"primaryImageOfPage\":{\"@id\":\"https:\\\/\\\/www.organisator.ch\\\/sustainability\\\/2020-01-21\\\/nachhaltigem-treibstoff-erstes-flugzeug-mit-bio-kerosin-in-zuerich-gestartet\\\/#primaryimage\"},\"image\":{\"@id\":\"https:\\\/\\\/www.organisator.ch\\\/sustainability\\\/2020-01-21\\\/nachhaltigem-treibstoff-erstes-flugzeug-mit-bio-kerosin-in-zuerich-gestartet\\\/#primaryimage\"},\"thumbnailUrl\":\"https:\\\/\\\/www.organisator.ch\\\/wp-content\\\/uploads\\\/2020\\\/01\\\/Bio-Kerosin-Flughafen_Zuerich-UP_Umwelt-Perspektiven.jpg\",\"datePublished\":\"2020-01-21T10:22:04+00:00\",\"dateModified\":\"2022-02-09T10:06:15+00:00\",\"description\":\"Am Z\u00fcrcher Flughafen ist erstmals eine Maschine mit einem Gemisch aus herk\u00f6mmlichem und nachhaltigem Flugzeugtreibstoff betankt worden.\",\"breadcrumb\":{\"@id\":\"https:\\\/\\\/www.organisator.ch\\\/sustainability\\\/2020-01-21\\\/nachhaltigem-treibstoff-erstes-flugzeug-mit-bio-kerosin-in-zuerich-gestartet\\\/#breadcrumb\"},\"inLanguage\":\"fr-FR\",\"potentialAction\":[{\"@type\":\"ReadAction\",\"target\":[\"https:\\\/\\\/www.organisator.ch\\\/sustainability\\\/2020-01-21\\\/nachhaltigem-treibstoff-erstes-flugzeug-mit-bio-kerosin-in-zuerich-gestartet\\\/\"]}]},{\"@type\":\"ImageObject\",\"inLanguage\":\"fr-FR\",\"@id\":\"https:\\\/\\\/www.organisator.ch\\\/sustainability\\\/2020-01-21\\\/nachhaltigem-treibstoff-erstes-flugzeug-mit-bio-kerosin-in-zuerich-gestartet\\\/#primaryimage\",\"url\":\"https:\\\/\\\/www.organisator.ch\\\/wp-content\\\/uploads\\\/2020\\\/01\\\/Bio-Kerosin-Flughafen_Zuerich-UP_Umwelt-Perspektiven.jpg\",\"contentUrl\":\"https:\\\/\\\/www.organisator.ch\\\/wp-content\\\/uploads\\\/2020\\\/01\\\/Bio-Kerosin-Flughafen_Zuerich-UP_Umwelt-Perspektiven.jpg\",\"width\":800,\"height\":600,\"caption\":\"Bislang musste nachhaltiges Kerosin aus dem Ausland importiert werden. F\u00fcrs WEF bietet man erstmals den nachhaltigen Treibstoff in Z\u00fcrich an. (Symbolbild: Jet Aviation)\"},{\"@type\":\"BreadcrumbList\",\"@id\":\"https:\\\/\\\/www.organisator.ch\\\/sustainability\\\/2020-01-21\\\/nachhaltigem-treibstoff-erstes-flugzeug-mit-bio-kerosin-in-zuerich-gestartet\\\/#breadcrumb\",\"itemListElement\":[{\"@type\":\"ListItem\",\"position\":1,\"name\":\"Home\",\"item\":\"https:\\\/\\\/www.organisator.ch\\\/\"},{\"@type\":\"ListItem\",\"position\":2,\"name\":\"Nachhaltiger Treibstoff: Erstes Flugzeug mit Bio-Kerosin in Z\u00fcrich gestartet\"}]},{\"@type\":\"WebSite\",\"@id\":\"https:\\\/\\\/www.organisator.ch\\\/#website\",\"url\":\"https:\\\/\\\/www.organisator.ch\\\/\",\"name\":\"Organisator\",\"description\":\"Kompetent. Praxisnah. Der ORGANISATOR bereitet in 10 Ausgaben pro Jahr die wesentlichen Themen f\u00fcr F\u00fchrungskr\u00e4fte von KMU auf.\",\"publisher\":{\"@id\":\"https:\\\/\\\/www.organisator.ch\\\/#organization\"},\"potentialAction\":[{\"@type\":\"SearchAction\",\"target\":{\"@type\":\"EntryPoint\",\"urlTemplate\":\"https:\\\/\\\/www.organisator.ch\\\/?s={search_term_string}\"},\"query-input\":{\"@type\":\"PropertyValueSpecification\",\"valueRequired\":true,\"valueName\":\"search_term_string\"}}],\"inLanguage\":\"fr-FR\"},{\"@type\":\"Organization\",\"@id\":\"https:\\\/\\\/www.organisator.ch\\\/#organization\",\"name\":\"Organisator\",\"url\":\"https:\\\/\\\/www.organisator.ch\\\/\",\"logo\":{\"@type\":\"ImageObject\",\"inLanguage\":\"fr-FR\",\"@id\":\"https:\\\/\\\/www.organisator.ch\\\/#\\\/schema\\\/logo\\\/image\\\/\",\"url\":\"https:\\\/\\\/www.organisator.ch\\\/wp-content\\\/uploads\\\/2022\\\/01\\\/Logo_Organisator_Website.png\",\"contentUrl\":\"https:\\\/\\\/www.organisator.ch\\\/wp-content\\\/uploads\\\/2022\\\/01\\\/Logo_Organisator_Website.png\",\"width\":800,\"height\":77,\"caption\":\"Organisator\"},\"image\":{\"@id\":\"https:\\\/\\\/www.organisator.ch\\\/#\\\/schema\\\/logo\\\/image\\\/\"},\"sameAs\":[\"https:\\\/\\\/www.facebook.com\\\/OrganisatorFachmagazin\",\"https:\\\/\\\/www.linkedin.com\\\/showcase\\\/organisator-das-magazin-fr-kmu\",\"https:\\\/\\\/www.xing.com\\\/news\\\/pages\\\/organisator-ch-695\",\"https:\\\/\\\/www.youtube.com\\\/channel\\\/UCGP2Sq0iWaZwT3BdIAQFYpw\"]},{\"@type\":\"Person\",\"@id\":\"https:\\\/\\\/www.organisator.ch\\\/#\\\/schema\\\/person\\\/134708ca9321c57b0362cceb7948ffbd\",\"name\":\"michael.merz\",\"image\":{\"@type\":\"ImageObject\",\"inLanguage\":\"fr-FR\",\"@id\":\"https:\\\/\\\/secure.gravatar.com\\\/avatar\\\/?s=96&d=mm&r=g\",\"url\":\"https:\\\/\\\/secure.gravatar.com\\\/avatar\\\/?s=96&d=mm&r=g\",\"contentUrl\":\"https:\\\/\\\/secure.gravatar.com\\\/avatar\\\/?s=96&d=mm&r=g\",\"caption\":\"michael.merz\"},\"url\":\"https:\\\/\\\/www.organisator.ch\\\/fr\\\/author\\\/michael-merz\\\/\"}]}<\/script>\n<!-- \/ Yoast SEO plugin. -->","yoast_head_json":{"title":"Carburant durable : le premier avion au bio-k\u00e9ros\u00e8ne a d\u00e9coll\u00e9 de Zurich - Organisateur","description":"Pour la premi\u00e8re fois, un avion a fait le plein \u00e0 l'a\u00e9roport de Zurich avec un m\u00e9lange de carburant d'aviation traditionnel et durable.","robots":{"index":"index","follow":"follow","max-snippet":"max-snippet:-1","max-image-preview":"max-image-preview:large","max-video-preview":"max-video-preview:-1"},"canonical":"https:\/\/www.organisator.ch\/fr\/sustainability\/2020-01-21\/nachhaltigem-treibstoff-erstes-flugzeug-mit-bio-kerosin-in-zuerich-gestartet\/","og_locale":"fr_FR","og_type":"article","og_title":"Nachhaltiger Treibstoff: Erstes Flugzeug mit Bio-Kerosin in Z\u00fcrich gestartet - Organisator","og_description":"Am Z\u00fcrcher Flughafen ist erstmals eine Maschine mit einem Gemisch aus herk\u00f6mmlichem und nachhaltigem Flugzeugtreibstoff betankt worden.","og_url":"https:\/\/www.organisator.ch\/fr\/sustainability\/2020-01-21\/nachhaltigem-treibstoff-erstes-flugzeug-mit-bio-kerosin-in-zuerich-gestartet\/","og_site_name":"Organisator","article_publisher":"https:\/\/www.facebook.com\/OrganisatorFachmagazin","article_published_time":"2020-01-21T10:22:04+00:00","article_modified_time":"2022-02-09T10:06:15+00:00","og_image":[{"width":800,"height":600,"url":"https:\/\/www.organisator.ch\/wp-content\/uploads\/2020\/01\/Bio-Kerosin-Flughafen_Zuerich-UP_Umwelt-Perspektiven.jpg","type":"image\/jpeg"}],"author":"michael.merz","twitter_card":"summary_large_image","schema":{"@context":"https:\/\/schema.org","@graph":[{"@type":"Article","@id":"https:\/\/www.organisator.ch\/sustainability\/2020-01-21\/nachhaltigem-treibstoff-erstes-flugzeug-mit-bio-kerosin-in-zuerich-gestartet\/#article","isPartOf":{"@id":"https:\/\/www.organisator.ch\/sustainability\/2020-01-21\/nachhaltigem-treibstoff-erstes-flugzeug-mit-bio-kerosin-in-zuerich-gestartet\/"},"author":{"name":"michael.merz","@id":"https:\/\/www.organisator.ch\/#\/schema\/person\/134708ca9321c57b0362cceb7948ffbd"},"headline":"Nachhaltiger Treibstoff: Erstes Flugzeug mit Bio-Kerosin in Z\u00fcrich gestartet","datePublished":"2020-01-21T10:22:04+00:00","dateModified":"2022-02-09T10:06:15+00:00","mainEntityOfPage":{"@id":"https:\/\/www.organisator.ch\/sustainability\/2020-01-21\/nachhaltigem-treibstoff-erstes-flugzeug-mit-bio-kerosin-in-zuerich-gestartet\/"},"wordCount":313,"publisher":{"@id":"https:\/\/www.organisator.ch\/#organization"},"image":{"@id":"https:\/\/www.organisator.ch\/sustainability\/2020-01-21\/nachhaltigem-treibstoff-erstes-flugzeug-mit-bio-kerosin-in-zuerich-gestartet\/#primaryimage"},"thumbnailUrl":"https:\/\/www.organisator.ch\/wp-content\/uploads\/2020\/01\/Bio-Kerosin-Flughafen_Zuerich-UP_Umwelt-Perspektiven.jpg","keywords":["Bio-Kerosin","Flughafen","Nachhaltiger Treibstoff","WEF","Z\u00fcrich"],"articleSection":["SUSTAINABILITY"],"inLanguage":"fr-FR"},{"@type":"WebPage","@id":"https:\/\/www.organisator.ch\/sustainability\/2020-01-21\/nachhaltigem-treibstoff-erstes-flugzeug-mit-bio-kerosin-in-zuerich-gestartet\/","url":"https:\/\/www.organisator.ch\/sustainability\/2020-01-21\/nachhaltigem-treibstoff-erstes-flugzeug-mit-bio-kerosin-in-zuerich-gestartet\/","name":"Carburant durable : le premier avion au bio-k\u00e9ros\u00e8ne a d\u00e9coll\u00e9 de Zurich - Organisateur","isPartOf":{"@id":"https:\/\/www.organisator.ch\/#website"},"primaryImageOfPage":{"@id":"https:\/\/www.organisator.ch\/sustainability\/2020-01-21\/nachhaltigem-treibstoff-erstes-flugzeug-mit-bio-kerosin-in-zuerich-gestartet\/#primaryimage"},"image":{"@id":"https:\/\/www.organisator.ch\/sustainability\/2020-01-21\/nachhaltigem-treibstoff-erstes-flugzeug-mit-bio-kerosin-in-zuerich-gestartet\/#primaryimage"},"thumbnailUrl":"https:\/\/www.organisator.ch\/wp-content\/uploads\/2020\/01\/Bio-Kerosin-Flughafen_Zuerich-UP_Umwelt-Perspektiven.jpg","datePublished":"2020-01-21T10:22:04+00:00","dateModified":"2022-02-09T10:06:15+00:00","description":"Pour la premi\u00e8re fois, un avion a fait le plein \u00e0 l'a\u00e9roport de Zurich avec un m\u00e9lange de carburant d'aviation traditionnel et durable.","breadcrumb":{"@id":"https:\/\/www.organisator.ch\/sustainability\/2020-01-21\/nachhaltigem-treibstoff-erstes-flugzeug-mit-bio-kerosin-in-zuerich-gestartet\/#breadcrumb"},"inLanguage":"fr-FR","potentialAction":[{"@type":"ReadAction","target":["https:\/\/www.organisator.ch\/sustainability\/2020-01-21\/nachhaltigem-treibstoff-erstes-flugzeug-mit-bio-kerosin-in-zuerich-gestartet\/"]}]},{"@type":"ImageObject","inLanguage":"fr-FR","@id":"https:\/\/www.organisator.ch\/sustainability\/2020-01-21\/nachhaltigem-treibstoff-erstes-flugzeug-mit-bio-kerosin-in-zuerich-gestartet\/#primaryimage","url":"https:\/\/www.organisator.ch\/wp-content\/uploads\/2020\/01\/Bio-Kerosin-Flughafen_Zuerich-UP_Umwelt-Perspektiven.jpg","contentUrl":"https:\/\/www.organisator.ch\/wp-content\/uploads\/2020\/01\/Bio-Kerosin-Flughafen_Zuerich-UP_Umwelt-Perspektiven.jpg","width":800,"height":600,"caption":"Bislang musste nachhaltiges Kerosin aus dem Ausland importiert werden. F\u00fcrs WEF bietet man erstmals den nachhaltigen Treibstoff in Z\u00fcrich an. (Symbolbild: Jet Aviation)"},{"@type":"BreadcrumbList","@id":"https:\/\/www.organisator.ch\/sustainability\/2020-01-21\/nachhaltigem-treibstoff-erstes-flugzeug-mit-bio-kerosin-in-zuerich-gestartet\/#breadcrumb","itemListElement":[{"@type":"ListItem","position":1,"name":"Home","item":"https:\/\/www.organisator.ch\/"},{"@type":"ListItem","position":2,"name":"Nachhaltiger Treibstoff: Erstes Flugzeug mit Bio-Kerosin in Z\u00fcrich gestartet"}]},{"@type":"WebSite","@id":"https:\/\/www.organisator.ch\/#website","url":"https:\/\/www.organisator.ch\/","name":"Organisateur","description":"Comp\u00e9tence et comp\u00e9tence. Proches de la pratique. L'ORGANISATEUR pr\u00e9pare 10 num\u00e9ros par an sur les th\u00e8mes essentiels pour les dirigeants de PME.","publisher":{"@id":"https:\/\/www.organisator.ch\/#organization"},"potentialAction":[{"@type":"SearchAction","target":{"@type":"EntryPoint","urlTemplate":"https:\/\/www.organisator.ch\/?s={search_term_string}"},"query-input":{"@type":"PropertyValueSpecification","valueRequired":true,"valueName":"search_term_string"}}],"inLanguage":"fr-FR"},{"@type":"Organization","@id":"https:\/\/www.organisator.ch\/#organization","name":"Organisateur","url":"https:\/\/www.organisator.ch\/","logo":{"@type":"ImageObject","inLanguage":"fr-FR","@id":"https:\/\/www.organisator.ch\/#\/schema\/logo\/image\/","url":"https:\/\/www.organisator.ch\/wp-content\/uploads\/2022\/01\/Logo_Organisator_Website.png","contentUrl":"https:\/\/www.organisator.ch\/wp-content\/uploads\/2022\/01\/Logo_Organisator_Website.png","width":800,"height":77,"caption":"Organisator"},"image":{"@id":"https:\/\/www.organisator.ch\/#\/schema\/logo\/image\/"},"sameAs":["https:\/\/www.facebook.com\/OrganisatorFachmagazin","https:\/\/www.linkedin.com\/showcase\/organisator-das-magazin-fr-kmu","https:\/\/www.xing.com\/news\/pages\/organisator-ch-695","https:\/\/www.youtube.com\/channel\/UCGP2Sq0iWaZwT3BdIAQFYpw"]},{"@type":"Person","@id":"https:\/\/www.organisator.ch\/#\/schema\/person\/134708ca9321c57b0362cceb7948ffbd","name":"michael.merz","image":{"@type":"ImageObject","inLanguage":"fr-FR","@id":"https:\/\/secure.gravatar.com\/avatar\/?s=96&d=mm&r=g","url":"https:\/\/secure.gravatar.com\/avatar\/?s=96&d=mm&r=g","contentUrl":"https:\/\/secure.gravatar.com\/avatar\/?s=96&d=mm&r=g","caption":"michael.merz"},"url":"https:\/\/www.organisator.ch\/fr\/author\/michael-merz\/"}]}},"_links":{"self":[{"href":"https:\/\/www.organisator.ch\/fr\/wp-json\/wp\/v2\/posts\/2767","targetHints":{"allow":["GET"]}}],"collection":[{"href":"https:\/\/www.organisator.ch\/fr\/wp-json\/wp\/v2\/posts"}],"about":[{"href":"https:\/\/www.organisator.ch\/fr\/wp-json\/wp\/v2\/types\/post"}],"author":[{"embeddable":true,"href":"https:\/\/www.organisator.ch\/fr\/wp-json\/wp\/v2\/users\/5"}],"replies":[{"embeddable":true,"href":"https:\/\/www.organisator.ch\/fr\/wp-json\/wp\/v2\/comments?post=2767"}],"version-history":[{"count":1,"href":"https:\/\/www.organisator.ch\/fr\/wp-json\/wp\/v2\/posts\/2767\/revisions"}],"predecessor-version":[{"id":10536,"href":"https:\/\/www.organisator.ch\/fr\/wp-json\/wp\/v2\/posts\/2767\/revisions\/10536"}],"wp:featuredmedia":[{"embeddable":true,"href":"https:\/\/www.organisator.ch\/fr\/wp-json\/wp\/v2\/media\/2768"}],"wp:attachment":[{"href":"https:\/\/www.organisator.ch\/fr\/wp-json\/wp\/v2\/media?parent=2767"}],"wp:term":[{"taxonomy":"category","embeddable":true,"href":"https:\/\/www.organisator.ch\/fr\/wp-json\/wp\/v2\/categories?post=2767"},{"taxonomy":"post_tag","embeddable":true,"href":"https:\/\/www.organisator.ch\/fr\/wp-json\/wp\/v2\/tags?post=2767"}],"curies":[{"name":"wp","href":"https:\/\/api.w.org\/{rel}","templated":true}]}}