{"id":27677,"date":"2024-06-20T22:58:52","date_gmt":"2024-06-20T20:58:52","guid":{"rendered":"https:\/\/www.organisator.ch\/de\/?p=27677"},"modified":"2024-06-18T16:27:54","modified_gmt":"2024-06-18T14:27:54","slug":"datenschutzgesetz-in-kmu-wie-umsetzen","status":"publish","type":"post","link":"https:\/\/www.organisator.ch\/fr\/operational-excellence\/2024-06-20\/datenschutzgesetz-in-kmu-wie-umsetzen\/","title":{"rendered":"Loi sur la protection des donn\u00e9es dans les PME : comment l'appliquer ?"},"content":{"rendered":"<div class=\"swpm-post-not-logged-in-msg\">Vous devez \u00eatre connect\u00e9 pour voir ce contenu. Veuillez <a class=\"swpm-login-link\" href=\"https:\/\/www.organisator.ch\/login\/\">Se connecter<\/a>. Pas un membre ? <a href=\"https:\/\/www.organisator.ch\/shop\/\">Nous Rejoindre<\/a><\/div>","protected":false},"excerpt":{"rendered":"<p>La loi r\u00e9vis\u00e9e sur la protection des donn\u00e9es (LPD) est en vigueur en Suisse depuis septembre 2023. Pour les petites et moyennes entreprises (PME), la question se pose de savoir comment elles peuvent se conformer aux exigences l\u00e9gales.<\/p>","protected":false},"author":1,"featured_media":27676,"comment_status":"closed","ping_status":"closed","sticky":false,"template":"","format":"standard","meta":{"_acf_changed":false,"_yoast_wpseo_focuskw":"Datenschutzgesetz","_yoast_wpseo_metadesc":"F\u00fcr kleinere und mittlere Unternehmen (KMU) stellt sich die Frage, wie sie den Anforderungen des neuen Datenschutzgesetzes nachkommen k\u00f6nnen.","articlekey":"96854","footnotes":""},"categories":[578,582],"tags":[146,156,202],"class_list":["post-27677","post","type-post","status-publish","format-standard","has-post-thumbnail","hentry","category-abo","category-operational-excellence","tag-datenschutz","tag-digitalisierung","tag-finanzenrecht"],"acf":[],"yoast_head":"<!-- This site is optimized with the Yoast SEO plugin v27.5 - https:\/\/yoast.com\/product\/yoast-seo-wordpress\/ -->\n<title>Datenschutzgesetz in KMU: Wie umsetzen? - Organisator<\/title>\n<meta name=\"description\" content=\"F\u00fcr kleinere und mittlere Unternehmen (KMU) stellt sich die Frage, wie sie den Anforderungen des neuen Datenschutzgesetzes nachkommen k\u00f6nnen.\" \/>\n<meta name=\"robots\" content=\"index, follow, max-snippet:-1, max-image-preview:large, max-video-preview:-1\" \/>\n<link rel=\"canonical\" href=\"https:\/\/www.organisator.ch\/fr\/excellence-operationnelle\/2024-06-20\/datenschutzgesetz-in-kmu-wie-umsetzen\/\" \/>\n<meta property=\"og:locale\" content=\"fr_FR\" \/>\n<meta property=\"og:type\" content=\"article\" \/>\n<meta property=\"og:title\" content=\"Datenschutzgesetz in KMU: Wie umsetzen? - Organisator\" \/>\n<meta property=\"og:description\" content=\"F\u00fcr kleinere und mittlere Unternehmen (KMU) stellt sich die Frage, wie sie den Anforderungen des neuen Datenschutzgesetzes nachkommen k\u00f6nnen.\" \/>\n<meta property=\"og:url\" content=\"https:\/\/www.organisator.ch\/fr\/excellence-operationnelle\/2024-06-20\/datenschutzgesetz-in-kmu-wie-umsetzen\/\" \/>\n<meta property=\"og:site_name\" content=\"Organisator\" \/>\n<meta property=\"article:publisher\" content=\"https:\/\/www.facebook.com\/OrganisatorFachmagazin\" \/>\n<meta property=\"article:published_time\" content=\"2024-06-20T20:58:52+00:00\" \/>\n<meta property=\"og:image\" content=\"https:\/\/www.organisator.ch\/wp-content\/uploads\/2024\/06\/OpEx_Auftakt_Bild_organisator_103639-scaled.jpg\" \/>\n\t<meta property=\"og:image:width\" content=\"1268\" \/>\n\t<meta property=\"og:image:height\" content=\"1400\" \/>\n\t<meta property=\"og:image:type\" content=\"image\/jpeg\" \/>\n<meta name=\"author\" content=\"admin\" \/>\n<meta name=\"twitter:card\" content=\"summary_large_image\" \/>\n<script type=\"application\/ld+json\" class=\"yoast-schema-graph\">{\"@context\":\"https:\\\/\\\/schema.org\",\"@graph\":[{\"@type\":\"Article\",\"@id\":\"https:\\\/\\\/www.organisator.ch\\\/operational-excellence\\\/2024-06-20\\\/datenschutzgesetz-in-kmu-wie-umsetzen\\\/#article\",\"isPartOf\":{\"@id\":\"https:\\\/\\\/www.organisator.ch\\\/operational-excellence\\\/2024-06-20\\\/datenschutzgesetz-in-kmu-wie-umsetzen\\\/\"},\"author\":{\"name\":\"admin\",\"@id\":\"https:\\\/\\\/www.organisator.ch\\\/#\\\/schema\\\/person\\\/aa2bace6c5c5aad60102004a50c4eb1c\"},\"headline\":\"Datenschutzgesetz in KMU: Wie umsetzen?\",\"datePublished\":\"2024-06-20T20:58:52+00:00\",\"mainEntityOfPage\":{\"@id\":\"https:\\\/\\\/www.organisator.ch\\\/operational-excellence\\\/2024-06-20\\\/datenschutzgesetz-in-kmu-wie-umsetzen\\\/\"},\"wordCount\":851,\"publisher\":{\"@id\":\"https:\\\/\\\/www.organisator.ch\\\/#organization\"},\"image\":{\"@id\":\"https:\\\/\\\/www.organisator.ch\\\/operational-excellence\\\/2024-06-20\\\/datenschutzgesetz-in-kmu-wie-umsetzen\\\/#primaryimage\"},\"thumbnailUrl\":\"https:\\\/\\\/www.organisator.ch\\\/wp-content\\\/uploads\\\/2024\\\/06\\\/OpEx_Auftakt_Bild_organisator_103639-scaled.jpg\",\"keywords\":[\"Datenschutz\",\"Digitalisierung\",\"Finanzen\\\/Recht\"],\"articleSection\":[\"ABO+\",\"OPERATIONAL EXCELLENCE\"],\"inLanguage\":\"fr-FR\"},{\"@type\":\"WebPage\",\"@id\":\"https:\\\/\\\/www.organisator.ch\\\/operational-excellence\\\/2024-06-20\\\/datenschutzgesetz-in-kmu-wie-umsetzen\\\/\",\"url\":\"https:\\\/\\\/www.organisator.ch\\\/operational-excellence\\\/2024-06-20\\\/datenschutzgesetz-in-kmu-wie-umsetzen\\\/\",\"name\":\"Datenschutzgesetz in KMU: Wie umsetzen? - Organisator\",\"isPartOf\":{\"@id\":\"https:\\\/\\\/www.organisator.ch\\\/#website\"},\"primaryImageOfPage\":{\"@id\":\"https:\\\/\\\/www.organisator.ch\\\/operational-excellence\\\/2024-06-20\\\/datenschutzgesetz-in-kmu-wie-umsetzen\\\/#primaryimage\"},\"image\":{\"@id\":\"https:\\\/\\\/www.organisator.ch\\\/operational-excellence\\\/2024-06-20\\\/datenschutzgesetz-in-kmu-wie-umsetzen\\\/#primaryimage\"},\"thumbnailUrl\":\"https:\\\/\\\/www.organisator.ch\\\/wp-content\\\/uploads\\\/2024\\\/06\\\/OpEx_Auftakt_Bild_organisator_103639-scaled.jpg\",\"datePublished\":\"2024-06-20T20:58:52+00:00\",\"description\":\"F\u00fcr kleinere und mittlere Unternehmen (KMU) stellt sich die Frage, wie sie den Anforderungen des neuen Datenschutzgesetzes nachkommen k\u00f6nnen.\",\"breadcrumb\":{\"@id\":\"https:\\\/\\\/www.organisator.ch\\\/operational-excellence\\\/2024-06-20\\\/datenschutzgesetz-in-kmu-wie-umsetzen\\\/#breadcrumb\"},\"inLanguage\":\"fr-FR\",\"potentialAction\":[{\"@type\":\"ReadAction\",\"target\":[\"https:\\\/\\\/www.organisator.ch\\\/operational-excellence\\\/2024-06-20\\\/datenschutzgesetz-in-kmu-wie-umsetzen\\\/\"]}]},{\"@type\":\"ImageObject\",\"inLanguage\":\"fr-FR\",\"@id\":\"https:\\\/\\\/www.organisator.ch\\\/operational-excellence\\\/2024-06-20\\\/datenschutzgesetz-in-kmu-wie-umsetzen\\\/#primaryimage\",\"url\":\"https:\\\/\\\/www.organisator.ch\\\/wp-content\\\/uploads\\\/2024\\\/06\\\/OpEx_Auftakt_Bild_organisator_103639-scaled.jpg\",\"contentUrl\":\"https:\\\/\\\/www.organisator.ch\\\/wp-content\\\/uploads\\\/2024\\\/06\\\/OpEx_Auftakt_Bild_organisator_103639-scaled.jpg\",\"width\":1268,\"height\":1400,\"caption\":\"Foto: perig76 \\\/ Depositphotos.com\"},{\"@type\":\"BreadcrumbList\",\"@id\":\"https:\\\/\\\/www.organisator.ch\\\/operational-excellence\\\/2024-06-20\\\/datenschutzgesetz-in-kmu-wie-umsetzen\\\/#breadcrumb\",\"itemListElement\":[{\"@type\":\"ListItem\",\"position\":1,\"name\":\"Home\",\"item\":\"https:\\\/\\\/www.organisator.ch\\\/\"},{\"@type\":\"ListItem\",\"position\":2,\"name\":\"Datenschutzgesetz in KMU: Wie umsetzen?\"}]},{\"@type\":\"WebSite\",\"@id\":\"https:\\\/\\\/www.organisator.ch\\\/#website\",\"url\":\"https:\\\/\\\/www.organisator.ch\\\/\",\"name\":\"Organisator\",\"description\":\"Kompetent. Praxisnah. Der ORGANISATOR bereitet in 10 Ausgaben pro Jahr die wesentlichen Themen f\u00fcr F\u00fchrungskr\u00e4fte von KMU auf.\",\"publisher\":{\"@id\":\"https:\\\/\\\/www.organisator.ch\\\/#organization\"},\"potentialAction\":[{\"@type\":\"SearchAction\",\"target\":{\"@type\":\"EntryPoint\",\"urlTemplate\":\"https:\\\/\\\/www.organisator.ch\\\/?s={search_term_string}\"},\"query-input\":{\"@type\":\"PropertyValueSpecification\",\"valueRequired\":true,\"valueName\":\"search_term_string\"}}],\"inLanguage\":\"fr-FR\"},{\"@type\":\"Organization\",\"@id\":\"https:\\\/\\\/www.organisator.ch\\\/#organization\",\"name\":\"Organisator\",\"url\":\"https:\\\/\\\/www.organisator.ch\\\/\",\"logo\":{\"@type\":\"ImageObject\",\"inLanguage\":\"fr-FR\",\"@id\":\"https:\\\/\\\/www.organisator.ch\\\/#\\\/schema\\\/logo\\\/image\\\/\",\"url\":\"https:\\\/\\\/www.organisator.ch\\\/wp-content\\\/uploads\\\/2022\\\/01\\\/Logo_Organisator_Website.png\",\"contentUrl\":\"https:\\\/\\\/www.organisator.ch\\\/wp-content\\\/uploads\\\/2022\\\/01\\\/Logo_Organisator_Website.png\",\"width\":800,\"height\":77,\"caption\":\"Organisator\"},\"image\":{\"@id\":\"https:\\\/\\\/www.organisator.ch\\\/#\\\/schema\\\/logo\\\/image\\\/\"},\"sameAs\":[\"https:\\\/\\\/www.facebook.com\\\/OrganisatorFachmagazin\",\"https:\\\/\\\/www.linkedin.com\\\/showcase\\\/organisator-das-magazin-fr-kmu\",\"https:\\\/\\\/www.xing.com\\\/news\\\/pages\\\/organisator-ch-695\",\"https:\\\/\\\/www.youtube.com\\\/channel\\\/UCGP2Sq0iWaZwT3BdIAQFYpw\"]},{\"@type\":\"Person\",\"@id\":\"https:\\\/\\\/www.organisator.ch\\\/#\\\/schema\\\/person\\\/aa2bace6c5c5aad60102004a50c4eb1c\",\"name\":\"admin\",\"image\":{\"@type\":\"ImageObject\",\"inLanguage\":\"fr-FR\",\"@id\":\"https:\\\/\\\/secure.gravatar.com\\\/avatar\\\/ae2f4d718e6c49043e314ce431e7e645d646302a24a5ef5a8bc8e3f5a032e319?s=96&d=mm&r=g\",\"url\":\"https:\\\/\\\/secure.gravatar.com\\\/avatar\\\/ae2f4d718e6c49043e314ce431e7e645d646302a24a5ef5a8bc8e3f5a032e319?s=96&d=mm&r=g\",\"contentUrl\":\"https:\\\/\\\/secure.gravatar.com\\\/avatar\\\/ae2f4d718e6c49043e314ce431e7e645d646302a24a5ef5a8bc8e3f5a032e319?s=96&d=mm&r=g\",\"caption\":\"admin\"},\"sameAs\":[\"https:\\\/\\\/www.organisator.ch\"],\"url\":\"https:\\\/\\\/www.organisator.ch\\\/fr\\\/author\\\/admin\\\/\"}]}<\/script>\n<!-- \/ Yoast SEO plugin. -->","yoast_head_json":{"title":"Loi sur la protection des donn\u00e9es dans les PME : comment l'appliquer ? - Organisateur","description":"Pour les petites et moyennes entreprises (PME), la question se pose de savoir comment se conformer aux exigences de la nouvelle loi sur la protection des donn\u00e9es.","robots":{"index":"index","follow":"follow","max-snippet":"max-snippet:-1","max-image-preview":"max-image-preview:large","max-video-preview":"max-video-preview:-1"},"canonical":"https:\/\/www.organisator.ch\/fr\/excellence-operationnelle\/2024-06-20\/datenschutzgesetz-in-kmu-wie-umsetzen\/","og_locale":"fr_FR","og_type":"article","og_title":"Datenschutzgesetz in KMU: Wie umsetzen? - Organisator","og_description":"F\u00fcr kleinere und mittlere Unternehmen (KMU) stellt sich die Frage, wie sie den Anforderungen des neuen Datenschutzgesetzes nachkommen k\u00f6nnen.","og_url":"https:\/\/www.organisator.ch\/fr\/excellence-operationnelle\/2024-06-20\/datenschutzgesetz-in-kmu-wie-umsetzen\/","og_site_name":"Organisator","article_publisher":"https:\/\/www.facebook.com\/OrganisatorFachmagazin","article_published_time":"2024-06-20T20:58:52+00:00","og_image":[{"width":1268,"height":1400,"url":"https:\/\/www.organisator.ch\/wp-content\/uploads\/2024\/06\/OpEx_Auftakt_Bild_organisator_103639-scaled.jpg","type":"image\/jpeg"}],"author":"admin","twitter_card":"summary_large_image","schema":{"@context":"https:\/\/schema.org","@graph":[{"@type":"Article","@id":"https:\/\/www.organisator.ch\/operational-excellence\/2024-06-20\/datenschutzgesetz-in-kmu-wie-umsetzen\/#article","isPartOf":{"@id":"https:\/\/www.organisator.ch\/operational-excellence\/2024-06-20\/datenschutzgesetz-in-kmu-wie-umsetzen\/"},"author":{"name":"admin","@id":"https:\/\/www.organisator.ch\/#\/schema\/person\/aa2bace6c5c5aad60102004a50c4eb1c"},"headline":"Datenschutzgesetz in KMU: Wie umsetzen?","datePublished":"2024-06-20T20:58:52+00:00","mainEntityOfPage":{"@id":"https:\/\/www.organisator.ch\/operational-excellence\/2024-06-20\/datenschutzgesetz-in-kmu-wie-umsetzen\/"},"wordCount":851,"publisher":{"@id":"https:\/\/www.organisator.ch\/#organization"},"image":{"@id":"https:\/\/www.organisator.ch\/operational-excellence\/2024-06-20\/datenschutzgesetz-in-kmu-wie-umsetzen\/#primaryimage"},"thumbnailUrl":"https:\/\/www.organisator.ch\/wp-content\/uploads\/2024\/06\/OpEx_Auftakt_Bild_organisator_103639-scaled.jpg","keywords":["Datenschutz","Digitalisierung","Finanzen\/Recht"],"articleSection":["ABO+","OPERATIONAL EXCELLENCE"],"inLanguage":"fr-FR"},{"@type":"WebPage","@id":"https:\/\/www.organisator.ch\/operational-excellence\/2024-06-20\/datenschutzgesetz-in-kmu-wie-umsetzen\/","url":"https:\/\/www.organisator.ch\/operational-excellence\/2024-06-20\/datenschutzgesetz-in-kmu-wie-umsetzen\/","name":"Loi sur la protection des donn\u00e9es dans les PME : comment l'appliquer ? - Organisateur","isPartOf":{"@id":"https:\/\/www.organisator.ch\/#website"},"primaryImageOfPage":{"@id":"https:\/\/www.organisator.ch\/operational-excellence\/2024-06-20\/datenschutzgesetz-in-kmu-wie-umsetzen\/#primaryimage"},"image":{"@id":"https:\/\/www.organisator.ch\/operational-excellence\/2024-06-20\/datenschutzgesetz-in-kmu-wie-umsetzen\/#primaryimage"},"thumbnailUrl":"https:\/\/www.organisator.ch\/wp-content\/uploads\/2024\/06\/OpEx_Auftakt_Bild_organisator_103639-scaled.jpg","datePublished":"2024-06-20T20:58:52+00:00","description":"Pour les petites et moyennes entreprises (PME), la question se pose de savoir comment se conformer aux exigences de la nouvelle loi sur la protection des donn\u00e9es.","breadcrumb":{"@id":"https:\/\/www.organisator.ch\/operational-excellence\/2024-06-20\/datenschutzgesetz-in-kmu-wie-umsetzen\/#breadcrumb"},"inLanguage":"fr-FR","potentialAction":[{"@type":"ReadAction","target":["https:\/\/www.organisator.ch\/operational-excellence\/2024-06-20\/datenschutzgesetz-in-kmu-wie-umsetzen\/"]}]},{"@type":"ImageObject","inLanguage":"fr-FR","@id":"https:\/\/www.organisator.ch\/operational-excellence\/2024-06-20\/datenschutzgesetz-in-kmu-wie-umsetzen\/#primaryimage","url":"https:\/\/www.organisator.ch\/wp-content\/uploads\/2024\/06\/OpEx_Auftakt_Bild_organisator_103639-scaled.jpg","contentUrl":"https:\/\/www.organisator.ch\/wp-content\/uploads\/2024\/06\/OpEx_Auftakt_Bild_organisator_103639-scaled.jpg","width":1268,"height":1400,"caption":"Foto: perig76 \/ Depositphotos.com"},{"@type":"BreadcrumbList","@id":"https:\/\/www.organisator.ch\/operational-excellence\/2024-06-20\/datenschutzgesetz-in-kmu-wie-umsetzen\/#breadcrumb","itemListElement":[{"@type":"ListItem","position":1,"name":"Home","item":"https:\/\/www.organisator.ch\/"},{"@type":"ListItem","position":2,"name":"Datenschutzgesetz in KMU: Wie umsetzen?"}]},{"@type":"WebSite","@id":"https:\/\/www.organisator.ch\/#website","url":"https:\/\/www.organisator.ch\/","name":"Organisateur","description":"Comp\u00e9tence et comp\u00e9tence. Proches de la pratique. L'ORGANISATEUR pr\u00e9pare 10 num\u00e9ros par an sur les th\u00e8mes essentiels pour les dirigeants de PME.","publisher":{"@id":"https:\/\/www.organisator.ch\/#organization"},"potentialAction":[{"@type":"SearchAction","target":{"@type":"EntryPoint","urlTemplate":"https:\/\/www.organisator.ch\/?s={search_term_string}"},"query-input":{"@type":"PropertyValueSpecification","valueRequired":true,"valueName":"search_term_string"}}],"inLanguage":"fr-FR"},{"@type":"Organization","@id":"https:\/\/www.organisator.ch\/#organization","name":"Organisateur","url":"https:\/\/www.organisator.ch\/","logo":{"@type":"ImageObject","inLanguage":"fr-FR","@id":"https:\/\/www.organisator.ch\/#\/schema\/logo\/image\/","url":"https:\/\/www.organisator.ch\/wp-content\/uploads\/2022\/01\/Logo_Organisator_Website.png","contentUrl":"https:\/\/www.organisator.ch\/wp-content\/uploads\/2022\/01\/Logo_Organisator_Website.png","width":800,"height":77,"caption":"Organisator"},"image":{"@id":"https:\/\/www.organisator.ch\/#\/schema\/logo\/image\/"},"sameAs":["https:\/\/www.facebook.com\/OrganisatorFachmagazin","https:\/\/www.linkedin.com\/showcase\/organisator-das-magazin-fr-kmu","https:\/\/www.xing.com\/news\/pages\/organisator-ch-695","https:\/\/www.youtube.com\/channel\/UCGP2Sq0iWaZwT3BdIAQFYpw"]},{"@type":"Person","@id":"https:\/\/www.organisator.ch\/#\/schema\/person\/aa2bace6c5c5aad60102004a50c4eb1c","name":"admin","image":{"@type":"ImageObject","inLanguage":"fr-FR","@id":"https:\/\/secure.gravatar.com\/avatar\/ae2f4d718e6c49043e314ce431e7e645d646302a24a5ef5a8bc8e3f5a032e319?s=96&d=mm&r=g","url":"https:\/\/secure.gravatar.com\/avatar\/ae2f4d718e6c49043e314ce431e7e645d646302a24a5ef5a8bc8e3f5a032e319?s=96&d=mm&r=g","contentUrl":"https:\/\/secure.gravatar.com\/avatar\/ae2f4d718e6c49043e314ce431e7e645d646302a24a5ef5a8bc8e3f5a032e319?s=96&d=mm&r=g","caption":"admin"},"sameAs":["https:\/\/www.organisator.ch"],"url":"https:\/\/www.organisator.ch\/fr\/author\/admin\/"}]}},"_links":{"self":[{"href":"https:\/\/www.organisator.ch\/fr\/wp-json\/wp\/v2\/posts\/27677","targetHints":{"allow":["GET"]}}],"collection":[{"href":"https:\/\/www.organisator.ch\/fr\/wp-json\/wp\/v2\/posts"}],"about":[{"href":"https:\/\/www.organisator.ch\/fr\/wp-json\/wp\/v2\/types\/post"}],"author":[{"embeddable":true,"href":"https:\/\/www.organisator.ch\/fr\/wp-json\/wp\/v2\/users\/1"}],"replies":[{"embeddable":true,"href":"https:\/\/www.organisator.ch\/fr\/wp-json\/wp\/v2\/comments?post=27677"}],"version-history":[{"count":2,"href":"https:\/\/www.organisator.ch\/fr\/wp-json\/wp\/v2\/posts\/27677\/revisions"}],"predecessor-version":[{"id":27797,"href":"https:\/\/www.organisator.ch\/fr\/wp-json\/wp\/v2\/posts\/27677\/revisions\/27797"}],"wp:featuredmedia":[{"embeddable":true,"href":"https:\/\/www.organisator.ch\/fr\/wp-json\/wp\/v2\/media\/27676"}],"wp:attachment":[{"href":"https:\/\/www.organisator.ch\/fr\/wp-json\/wp\/v2\/media?parent=27677"}],"wp:term":[{"taxonomy":"category","embeddable":true,"href":"https:\/\/www.organisator.ch\/fr\/wp-json\/wp\/v2\/categories?post=27677"},{"taxonomy":"post_tag","embeddable":true,"href":"https:\/\/www.organisator.ch\/fr\/wp-json\/wp\/v2\/tags?post=27677"}],"curies":[{"name":"wp","href":"https:\/\/api.w.org\/{rel}","templated":true}]}}