{"id":27701,"date":"2024-06-20T22:43:00","date_gmt":"2024-06-20T20:43:00","guid":{"rendered":"https:\/\/www.organisator.ch\/de\/?p=27701"},"modified":"2024-06-18T11:46:14","modified_gmt":"2024-06-18T09:46:14","slug":"rechenzentren-als-basis-fuer-digitalisierung-und-nachhaltigkeit","status":"publish","type":"post","link":"https:\/\/www.organisator.ch\/fr\/sustainability\/2024-06-20\/rechenzentren-als-basis-fuer-digitalisierung-und-nachhaltigkeit\/","title":{"rendered":"Les centres de donn\u00e9es, base de la num\u00e9risation et de la durabilit\u00e9"},"content":{"rendered":"<div class=\"swpm-post-not-logged-in-msg\">Vous devez \u00eatre connect\u00e9 pour voir ce contenu. Veuillez <a class=\"swpm-login-link\" href=\"https:\/\/www.organisator.ch\/login\/\">Se connecter<\/a>. Pas un membre ? <a href=\"https:\/\/www.organisator.ch\/shop\/\">Nous Rejoindre<\/a><\/div>","protected":false},"excerpt":{"rendered":"<p>Pour que la num\u00e9risation puisse jouer pleinement ses atouts en mati\u00e8re de durabilit\u00e9, il faut investir dans les centres de donn\u00e9es. Et dans ce domaine, la Suisse, en tant que site, a de bonnes cartes \u00e0 jouer en comparaison europ\u00e9enne, comme le montre une \u00e9tude.<\/p>","protected":false},"author":1,"featured_media":27700,"comment_status":"closed","ping_status":"closed","sticky":false,"template":"","format":"standard","meta":{"_acf_changed":false,"_yoast_wpseo_focuskw":"Rechenzentren","_yoast_wpseo_metadesc":"Damit die Digitalisierung ihre St\u00e4rken f\u00fcr mehr Nachhaltigkeit voll ausspielen kann, braucht es Investitionen in Rechenzentren.","articlekey":"104186","footnotes":""},"categories":[578,580],"tags":[156,358,2660],"class_list":["post-27701","post","type-post","status-publish","format-standard","has-post-thumbnail","hentry","category-abo","category-sustainability","tag-digitalisierung","tag-nachhaltige-wirtschaft","tag-rechenzentren"],"acf":[],"yoast_head":"<!-- This site is optimized with the Yoast SEO plugin v27.5 - https:\/\/yoast.com\/product\/yoast-seo-wordpress\/ -->\n<title>Rechenzentren als Basis f\u00fcr Digitalisierung und Nachhaltigkeit - Organisator<\/title>\n<meta name=\"description\" content=\"Damit die Digitalisierung ihre St\u00e4rken f\u00fcr mehr Nachhaltigkeit voll ausspielen kann, braucht es Investitionen in Rechenzentren.\" \/>\n<meta name=\"robots\" content=\"index, follow, max-snippet:-1, max-image-preview:large, max-video-preview:-1\" \/>\n<link rel=\"canonical\" href=\"https:\/\/www.organisator.ch\/fr\/sustainability\/2024-06-20\/rechenzentren-als-basis-fuer-digitalisierung-und-nachhaltigkeit\/\" \/>\n<meta property=\"og:locale\" content=\"fr_FR\" \/>\n<meta property=\"og:type\" content=\"article\" \/>\n<meta property=\"og:title\" content=\"Rechenzentren als Basis f\u00fcr Digitalisierung und Nachhaltigkeit - Organisator\" \/>\n<meta property=\"og:description\" content=\"Damit die Digitalisierung ihre St\u00e4rken f\u00fcr mehr Nachhaltigkeit voll ausspielen kann, braucht es Investitionen in Rechenzentren.\" \/>\n<meta property=\"og:url\" content=\"https:\/\/www.organisator.ch\/fr\/sustainability\/2024-06-20\/rechenzentren-als-basis-fuer-digitalisierung-und-nachhaltigkeit\/\" \/>\n<meta property=\"og:site_name\" content=\"Organisator\" \/>\n<meta property=\"article:publisher\" content=\"https:\/\/www.facebook.com\/OrganisatorFachmagazin\" \/>\n<meta property=\"article:published_time\" content=\"2024-06-20T20:43:00+00:00\" \/>\n<meta property=\"og:image\" content=\"https:\/\/www.organisator.ch\/wp-content\/uploads\/2024\/06\/Sustainability_DigitalRealty_Bild_organisator_104192.jpg\" \/>\n\t<meta property=\"og:image:width\" content=\"1025\" \/>\n\t<meta property=\"og:image:height\" content=\"1075\" \/>\n\t<meta property=\"og:image:type\" content=\"image\/jpeg\" \/>\n<meta name=\"author\" content=\"admin\" \/>\n<meta name=\"twitter:card\" content=\"summary_large_image\" \/>\n<script type=\"application\/ld+json\" class=\"yoast-schema-graph\">{\"@context\":\"https:\\\/\\\/schema.org\",\"@graph\":[{\"@type\":\"Article\",\"@id\":\"https:\\\/\\\/www.organisator.ch\\\/sustainability\\\/2024-06-20\\\/rechenzentren-als-basis-fuer-digitalisierung-und-nachhaltigkeit\\\/#article\",\"isPartOf\":{\"@id\":\"https:\\\/\\\/www.organisator.ch\\\/sustainability\\\/2024-06-20\\\/rechenzentren-als-basis-fuer-digitalisierung-und-nachhaltigkeit\\\/\"},\"author\":{\"name\":\"admin\",\"@id\":\"https:\\\/\\\/www.organisator.ch\\\/#\\\/schema\\\/person\\\/aa2bace6c5c5aad60102004a50c4eb1c\"},\"headline\":\"Rechenzentren als Basis f\u00fcr Digitalisierung und Nachhaltigkeit\",\"datePublished\":\"2024-06-20T20:43:00+00:00\",\"mainEntityOfPage\":{\"@id\":\"https:\\\/\\\/www.organisator.ch\\\/sustainability\\\/2024-06-20\\\/rechenzentren-als-basis-fuer-digitalisierung-und-nachhaltigkeit\\\/\"},\"wordCount\":1105,\"publisher\":{\"@id\":\"https:\\\/\\\/www.organisator.ch\\\/#organization\"},\"image\":{\"@id\":\"https:\\\/\\\/www.organisator.ch\\\/sustainability\\\/2024-06-20\\\/rechenzentren-als-basis-fuer-digitalisierung-und-nachhaltigkeit\\\/#primaryimage\"},\"thumbnailUrl\":\"https:\\\/\\\/www.organisator.ch\\\/wp-content\\\/uploads\\\/2024\\\/06\\\/Sustainability_DigitalRealty_Bild_organisator_104192.jpg\",\"keywords\":[\"Digitalisierung\",\"Nachhaltige Wirtschaft\",\"Rechenzentren\"],\"articleSection\":[\"ABO+\",\"SUSTAINABILITY\"],\"inLanguage\":\"fr-FR\"},{\"@type\":\"WebPage\",\"@id\":\"https:\\\/\\\/www.organisator.ch\\\/sustainability\\\/2024-06-20\\\/rechenzentren-als-basis-fuer-digitalisierung-und-nachhaltigkeit\\\/\",\"url\":\"https:\\\/\\\/www.organisator.ch\\\/sustainability\\\/2024-06-20\\\/rechenzentren-als-basis-fuer-digitalisierung-und-nachhaltigkeit\\\/\",\"name\":\"Rechenzentren als Basis f\u00fcr Digitalisierung und Nachhaltigkeit - Organisator\",\"isPartOf\":{\"@id\":\"https:\\\/\\\/www.organisator.ch\\\/#website\"},\"primaryImageOfPage\":{\"@id\":\"https:\\\/\\\/www.organisator.ch\\\/sustainability\\\/2024-06-20\\\/rechenzentren-als-basis-fuer-digitalisierung-und-nachhaltigkeit\\\/#primaryimage\"},\"image\":{\"@id\":\"https:\\\/\\\/www.organisator.ch\\\/sustainability\\\/2024-06-20\\\/rechenzentren-als-basis-fuer-digitalisierung-und-nachhaltigkeit\\\/#primaryimage\"},\"thumbnailUrl\":\"https:\\\/\\\/www.organisator.ch\\\/wp-content\\\/uploads\\\/2024\\\/06\\\/Sustainability_DigitalRealty_Bild_organisator_104192.jpg\",\"datePublished\":\"2024-06-20T20:43:00+00:00\",\"description\":\"Damit die Digitalisierung ihre St\u00e4rken f\u00fcr mehr Nachhaltigkeit voll ausspielen kann, braucht es Investitionen in Rechenzentren.\",\"breadcrumb\":{\"@id\":\"https:\\\/\\\/www.organisator.ch\\\/sustainability\\\/2024-06-20\\\/rechenzentren-als-basis-fuer-digitalisierung-und-nachhaltigkeit\\\/#breadcrumb\"},\"inLanguage\":\"fr-FR\",\"potentialAction\":[{\"@type\":\"ReadAction\",\"target\":[\"https:\\\/\\\/www.organisator.ch\\\/sustainability\\\/2024-06-20\\\/rechenzentren-als-basis-fuer-digitalisierung-und-nachhaltigkeit\\\/\"]}]},{\"@type\":\"ImageObject\",\"inLanguage\":\"fr-FR\",\"@id\":\"https:\\\/\\\/www.organisator.ch\\\/sustainability\\\/2024-06-20\\\/rechenzentren-als-basis-fuer-digitalisierung-und-nachhaltigkeit\\\/#primaryimage\",\"url\":\"https:\\\/\\\/www.organisator.ch\\\/wp-content\\\/uploads\\\/2024\\\/06\\\/Sustainability_DigitalRealty_Bild_organisator_104192.jpg\",\"contentUrl\":\"https:\\\/\\\/www.organisator.ch\\\/wp-content\\\/uploads\\\/2024\\\/06\\\/Sustainability_DigitalRealty_Bild_organisator_104192.jpg\",\"width\":1025,\"height\":1075,\"caption\":\"Damit die Digitalisierung ihre Rolle f\u00fcr eine nachhaltigere Wirtschaft ausspielen kann, braucht es Rechenzentren. \u00a9 Massimo Botturi \\\/ Unsplash.com\"},{\"@type\":\"BreadcrumbList\",\"@id\":\"https:\\\/\\\/www.organisator.ch\\\/sustainability\\\/2024-06-20\\\/rechenzentren-als-basis-fuer-digitalisierung-und-nachhaltigkeit\\\/#breadcrumb\",\"itemListElement\":[{\"@type\":\"ListItem\",\"position\":1,\"name\":\"Home\",\"item\":\"https:\\\/\\\/www.organisator.ch\\\/\"},{\"@type\":\"ListItem\",\"position\":2,\"name\":\"Rechenzentren als Basis f\u00fcr Digitalisierung und Nachhaltigkeit\"}]},{\"@type\":\"WebSite\",\"@id\":\"https:\\\/\\\/www.organisator.ch\\\/#website\",\"url\":\"https:\\\/\\\/www.organisator.ch\\\/\",\"name\":\"Organisator\",\"description\":\"Kompetent. Praxisnah. Der ORGANISATOR bereitet in 10 Ausgaben pro Jahr die wesentlichen Themen f\u00fcr F\u00fchrungskr\u00e4fte von KMU auf.\",\"publisher\":{\"@id\":\"https:\\\/\\\/www.organisator.ch\\\/#organization\"},\"potentialAction\":[{\"@type\":\"SearchAction\",\"target\":{\"@type\":\"EntryPoint\",\"urlTemplate\":\"https:\\\/\\\/www.organisator.ch\\\/?s={search_term_string}\"},\"query-input\":{\"@type\":\"PropertyValueSpecification\",\"valueRequired\":true,\"valueName\":\"search_term_string\"}}],\"inLanguage\":\"fr-FR\"},{\"@type\":\"Organization\",\"@id\":\"https:\\\/\\\/www.organisator.ch\\\/#organization\",\"name\":\"Organisator\",\"url\":\"https:\\\/\\\/www.organisator.ch\\\/\",\"logo\":{\"@type\":\"ImageObject\",\"inLanguage\":\"fr-FR\",\"@id\":\"https:\\\/\\\/www.organisator.ch\\\/#\\\/schema\\\/logo\\\/image\\\/\",\"url\":\"https:\\\/\\\/www.organisator.ch\\\/wp-content\\\/uploads\\\/2022\\\/01\\\/Logo_Organisator_Website.png\",\"contentUrl\":\"https:\\\/\\\/www.organisator.ch\\\/wp-content\\\/uploads\\\/2022\\\/01\\\/Logo_Organisator_Website.png\",\"width\":800,\"height\":77,\"caption\":\"Organisator\"},\"image\":{\"@id\":\"https:\\\/\\\/www.organisator.ch\\\/#\\\/schema\\\/logo\\\/image\\\/\"},\"sameAs\":[\"https:\\\/\\\/www.facebook.com\\\/OrganisatorFachmagazin\",\"https:\\\/\\\/www.linkedin.com\\\/showcase\\\/organisator-das-magazin-fr-kmu\",\"https:\\\/\\\/www.xing.com\\\/news\\\/pages\\\/organisator-ch-695\",\"https:\\\/\\\/www.youtube.com\\\/channel\\\/UCGP2Sq0iWaZwT3BdIAQFYpw\"]},{\"@type\":\"Person\",\"@id\":\"https:\\\/\\\/www.organisator.ch\\\/#\\\/schema\\\/person\\\/aa2bace6c5c5aad60102004a50c4eb1c\",\"name\":\"admin\",\"image\":{\"@type\":\"ImageObject\",\"inLanguage\":\"fr-FR\",\"@id\":\"https:\\\/\\\/secure.gravatar.com\\\/avatar\\\/ae2f4d718e6c49043e314ce431e7e645d646302a24a5ef5a8bc8e3f5a032e319?s=96&d=mm&r=g\",\"url\":\"https:\\\/\\\/secure.gravatar.com\\\/avatar\\\/ae2f4d718e6c49043e314ce431e7e645d646302a24a5ef5a8bc8e3f5a032e319?s=96&d=mm&r=g\",\"contentUrl\":\"https:\\\/\\\/secure.gravatar.com\\\/avatar\\\/ae2f4d718e6c49043e314ce431e7e645d646302a24a5ef5a8bc8e3f5a032e319?s=96&d=mm&r=g\",\"caption\":\"admin\"},\"sameAs\":[\"https:\\\/\\\/www.organisator.ch\"],\"url\":\"https:\\\/\\\/www.organisator.ch\\\/fr\\\/author\\\/admin\\\/\"}]}<\/script>\n<!-- \/ Yoast SEO plugin. -->","yoast_head_json":{"title":"Les centres de donn\u00e9es, base de la num\u00e9risation et de la durabilit\u00e9 - Organisateur","description":"Pour que la num\u00e9risation puisse exploiter pleinement ses atouts en faveur d'une plus grande durabilit\u00e9, il faut investir dans les centres de donn\u00e9es.","robots":{"index":"index","follow":"follow","max-snippet":"max-snippet:-1","max-image-preview":"max-image-preview:large","max-video-preview":"max-video-preview:-1"},"canonical":"https:\/\/www.organisator.ch\/fr\/sustainability\/2024-06-20\/rechenzentren-als-basis-fuer-digitalisierung-und-nachhaltigkeit\/","og_locale":"fr_FR","og_type":"article","og_title":"Rechenzentren als Basis f\u00fcr Digitalisierung und Nachhaltigkeit - Organisator","og_description":"Damit die Digitalisierung ihre St\u00e4rken f\u00fcr mehr Nachhaltigkeit voll ausspielen kann, braucht es Investitionen in Rechenzentren.","og_url":"https:\/\/www.organisator.ch\/fr\/sustainability\/2024-06-20\/rechenzentren-als-basis-fuer-digitalisierung-und-nachhaltigkeit\/","og_site_name":"Organisator","article_publisher":"https:\/\/www.facebook.com\/OrganisatorFachmagazin","article_published_time":"2024-06-20T20:43:00+00:00","og_image":[{"width":1025,"height":1075,"url":"https:\/\/www.organisator.ch\/wp-content\/uploads\/2024\/06\/Sustainability_DigitalRealty_Bild_organisator_104192.jpg","type":"image\/jpeg"}],"author":"admin","twitter_card":"summary_large_image","schema":{"@context":"https:\/\/schema.org","@graph":[{"@type":"Article","@id":"https:\/\/www.organisator.ch\/sustainability\/2024-06-20\/rechenzentren-als-basis-fuer-digitalisierung-und-nachhaltigkeit\/#article","isPartOf":{"@id":"https:\/\/www.organisator.ch\/sustainability\/2024-06-20\/rechenzentren-als-basis-fuer-digitalisierung-und-nachhaltigkeit\/"},"author":{"name":"admin","@id":"https:\/\/www.organisator.ch\/#\/schema\/person\/aa2bace6c5c5aad60102004a50c4eb1c"},"headline":"Rechenzentren als Basis f\u00fcr Digitalisierung und Nachhaltigkeit","datePublished":"2024-06-20T20:43:00+00:00","mainEntityOfPage":{"@id":"https:\/\/www.organisator.ch\/sustainability\/2024-06-20\/rechenzentren-als-basis-fuer-digitalisierung-und-nachhaltigkeit\/"},"wordCount":1105,"publisher":{"@id":"https:\/\/www.organisator.ch\/#organization"},"image":{"@id":"https:\/\/www.organisator.ch\/sustainability\/2024-06-20\/rechenzentren-als-basis-fuer-digitalisierung-und-nachhaltigkeit\/#primaryimage"},"thumbnailUrl":"https:\/\/www.organisator.ch\/wp-content\/uploads\/2024\/06\/Sustainability_DigitalRealty_Bild_organisator_104192.jpg","keywords":["Digitalisierung","Nachhaltige Wirtschaft","Rechenzentren"],"articleSection":["ABO+","SUSTAINABILITY"],"inLanguage":"fr-FR"},{"@type":"WebPage","@id":"https:\/\/www.organisator.ch\/sustainability\/2024-06-20\/rechenzentren-als-basis-fuer-digitalisierung-und-nachhaltigkeit\/","url":"https:\/\/www.organisator.ch\/sustainability\/2024-06-20\/rechenzentren-als-basis-fuer-digitalisierung-und-nachhaltigkeit\/","name":"Les centres de donn\u00e9es, base de la num\u00e9risation et de la durabilit\u00e9 - Organisateur","isPartOf":{"@id":"https:\/\/www.organisator.ch\/#website"},"primaryImageOfPage":{"@id":"https:\/\/www.organisator.ch\/sustainability\/2024-06-20\/rechenzentren-als-basis-fuer-digitalisierung-und-nachhaltigkeit\/#primaryimage"},"image":{"@id":"https:\/\/www.organisator.ch\/sustainability\/2024-06-20\/rechenzentren-als-basis-fuer-digitalisierung-und-nachhaltigkeit\/#primaryimage"},"thumbnailUrl":"https:\/\/www.organisator.ch\/wp-content\/uploads\/2024\/06\/Sustainability_DigitalRealty_Bild_organisator_104192.jpg","datePublished":"2024-06-20T20:43:00+00:00","description":"Pour que la num\u00e9risation puisse exploiter pleinement ses atouts en faveur d'une plus grande durabilit\u00e9, il faut investir dans les centres de donn\u00e9es.","breadcrumb":{"@id":"https:\/\/www.organisator.ch\/sustainability\/2024-06-20\/rechenzentren-als-basis-fuer-digitalisierung-und-nachhaltigkeit\/#breadcrumb"},"inLanguage":"fr-FR","potentialAction":[{"@type":"ReadAction","target":["https:\/\/www.organisator.ch\/sustainability\/2024-06-20\/rechenzentren-als-basis-fuer-digitalisierung-und-nachhaltigkeit\/"]}]},{"@type":"ImageObject","inLanguage":"fr-FR","@id":"https:\/\/www.organisator.ch\/sustainability\/2024-06-20\/rechenzentren-als-basis-fuer-digitalisierung-und-nachhaltigkeit\/#primaryimage","url":"https:\/\/www.organisator.ch\/wp-content\/uploads\/2024\/06\/Sustainability_DigitalRealty_Bild_organisator_104192.jpg","contentUrl":"https:\/\/www.organisator.ch\/wp-content\/uploads\/2024\/06\/Sustainability_DigitalRealty_Bild_organisator_104192.jpg","width":1025,"height":1075,"caption":"Damit die Digitalisierung ihre Rolle f\u00fcr eine nachhaltigere Wirtschaft ausspielen kann, braucht es Rechenzentren. \u00a9 Massimo Botturi \/ Unsplash.com"},{"@type":"BreadcrumbList","@id":"https:\/\/www.organisator.ch\/sustainability\/2024-06-20\/rechenzentren-als-basis-fuer-digitalisierung-und-nachhaltigkeit\/#breadcrumb","itemListElement":[{"@type":"ListItem","position":1,"name":"Home","item":"https:\/\/www.organisator.ch\/"},{"@type":"ListItem","position":2,"name":"Rechenzentren als Basis f\u00fcr Digitalisierung und Nachhaltigkeit"}]},{"@type":"WebSite","@id":"https:\/\/www.organisator.ch\/#website","url":"https:\/\/www.organisator.ch\/","name":"Organisateur","description":"Comp\u00e9tence et comp\u00e9tence. Proches de la pratique. L'ORGANISATEUR pr\u00e9pare 10 num\u00e9ros par an sur les th\u00e8mes essentiels pour les dirigeants de PME.","publisher":{"@id":"https:\/\/www.organisator.ch\/#organization"},"potentialAction":[{"@type":"SearchAction","target":{"@type":"EntryPoint","urlTemplate":"https:\/\/www.organisator.ch\/?s={search_term_string}"},"query-input":{"@type":"PropertyValueSpecification","valueRequired":true,"valueName":"search_term_string"}}],"inLanguage":"fr-FR"},{"@type":"Organization","@id":"https:\/\/www.organisator.ch\/#organization","name":"Organisateur","url":"https:\/\/www.organisator.ch\/","logo":{"@type":"ImageObject","inLanguage":"fr-FR","@id":"https:\/\/www.organisator.ch\/#\/schema\/logo\/image\/","url":"https:\/\/www.organisator.ch\/wp-content\/uploads\/2022\/01\/Logo_Organisator_Website.png","contentUrl":"https:\/\/www.organisator.ch\/wp-content\/uploads\/2022\/01\/Logo_Organisator_Website.png","width":800,"height":77,"caption":"Organisator"},"image":{"@id":"https:\/\/www.organisator.ch\/#\/schema\/logo\/image\/"},"sameAs":["https:\/\/www.facebook.com\/OrganisatorFachmagazin","https:\/\/www.linkedin.com\/showcase\/organisator-das-magazin-fr-kmu","https:\/\/www.xing.com\/news\/pages\/organisator-ch-695","https:\/\/www.youtube.com\/channel\/UCGP2Sq0iWaZwT3BdIAQFYpw"]},{"@type":"Person","@id":"https:\/\/www.organisator.ch\/#\/schema\/person\/aa2bace6c5c5aad60102004a50c4eb1c","name":"admin","image":{"@type":"ImageObject","inLanguage":"fr-FR","@id":"https:\/\/secure.gravatar.com\/avatar\/ae2f4d718e6c49043e314ce431e7e645d646302a24a5ef5a8bc8e3f5a032e319?s=96&d=mm&r=g","url":"https:\/\/secure.gravatar.com\/avatar\/ae2f4d718e6c49043e314ce431e7e645d646302a24a5ef5a8bc8e3f5a032e319?s=96&d=mm&r=g","contentUrl":"https:\/\/secure.gravatar.com\/avatar\/ae2f4d718e6c49043e314ce431e7e645d646302a24a5ef5a8bc8e3f5a032e319?s=96&d=mm&r=g","caption":"admin"},"sameAs":["https:\/\/www.organisator.ch"],"url":"https:\/\/www.organisator.ch\/fr\/author\/admin\/"}]}},"_links":{"self":[{"href":"https:\/\/www.organisator.ch\/fr\/wp-json\/wp\/v2\/posts\/27701","targetHints":{"allow":["GET"]}}],"collection":[{"href":"https:\/\/www.organisator.ch\/fr\/wp-json\/wp\/v2\/posts"}],"about":[{"href":"https:\/\/www.organisator.ch\/fr\/wp-json\/wp\/v2\/types\/post"}],"author":[{"embeddable":true,"href":"https:\/\/www.organisator.ch\/fr\/wp-json\/wp\/v2\/users\/1"}],"replies":[{"embeddable":true,"href":"https:\/\/www.organisator.ch\/fr\/wp-json\/wp\/v2\/comments?post=27701"}],"version-history":[{"count":2,"href":"https:\/\/www.organisator.ch\/fr\/wp-json\/wp\/v2\/posts\/27701\/revisions"}],"predecessor-version":[{"id":27773,"href":"https:\/\/www.organisator.ch\/fr\/wp-json\/wp\/v2\/posts\/27701\/revisions\/27773"}],"wp:featuredmedia":[{"embeddable":true,"href":"https:\/\/www.organisator.ch\/fr\/wp-json\/wp\/v2\/media\/27700"}],"wp:attachment":[{"href":"https:\/\/www.organisator.ch\/fr\/wp-json\/wp\/v2\/media?parent=27701"}],"wp:term":[{"taxonomy":"category","embeddable":true,"href":"https:\/\/www.organisator.ch\/fr\/wp-json\/wp\/v2\/categories?post=27701"},{"taxonomy":"post_tag","embeddable":true,"href":"https:\/\/www.organisator.ch\/fr\/wp-json\/wp\/v2\/tags?post=27701"}],"curies":[{"name":"wp","href":"https:\/\/api.w.org\/{rel}","templated":true}]}}