{"id":27707,"date":"2024-06-13T15:05:27","date_gmt":"2024-06-13T13:05:27","guid":{"rendered":"https:\/\/www.organisator.ch\/?p=27707"},"modified":"2024-06-13T15:05:27","modified_gmt":"2024-06-13T13:05:27","slug":"die-erste-schweizer-wirtschaftstagung-fuer-nachhaltige-beschaffung","status":"publish","type":"post","link":"https:\/\/www.organisator.ch\/fr\/sustainability\/2024-06-13\/die-erste-schweizer-wirtschaftstagung-fuer-nachhaltige-beschaffung\/","title":{"rendered":"La premi\u00e8re journ\u00e9e \u00e9conomique suisse de l'achat durable"},"content":{"rendered":"<p><img loading=\"lazy\" decoding=\"async\" class=\"alignnone size-medium wp-image-27384\" src=\"https:\/\/www.organisator.ch\/wp-content\/uploads\/2024\/05\/Nachhaltigkeit-bei-Verbrauchsmaterial-Kein-Widerspruch-3_Organisator-680x478.jpg\" alt=\"\" width=\"680\" height=\"478\" srcset=\"https:\/\/www.organisator.ch\/wp-content\/uploads\/2024\/05\/Nachhaltigkeit-bei-Verbrauchsmaterial-Kein-Widerspruch-3_Organisator-680x478.jpg 680w, https:\/\/www.organisator.ch\/wp-content\/uploads\/2024\/05\/Nachhaltigkeit-bei-Verbrauchsmaterial-Kein-Widerspruch-3_Organisator-1024x720.jpg 1024w, https:\/\/www.organisator.ch\/wp-content\/uploads\/2024\/05\/Nachhaltigkeit-bei-Verbrauchsmaterial-Kein-Widerspruch-3_Organisator-768x540.jpg 768w, https:\/\/www.organisator.ch\/wp-content\/uploads\/2024\/05\/Nachhaltigkeit-bei-Verbrauchsmaterial-Kein-Widerspruch-3_Organisator-18x12.jpg 18w, https:\/\/www.organisator.ch\/wp-content\/uploads\/2024\/05\/Nachhaltigkeit-bei-Verbrauchsmaterial-Kein-Widerspruch-3_Organisator-375x264.jpg 375w, https:\/\/www.organisator.ch\/wp-content\/uploads\/2024\/05\/Nachhaltigkeit-bei-Verbrauchsmaterial-Kein-Widerspruch-3_Organisator-498x350.jpg 498w, https:\/\/www.organisator.ch\/wp-content\/uploads\/2024\/05\/Nachhaltigkeit-bei-Verbrauchsmaterial-Kein-Widerspruch-3_Organisator-1000x703.jpg 1000w, https:\/\/www.organisator.ch\/wp-content\/uploads\/2024\/05\/Nachhaltigkeit-bei-Verbrauchsmaterial-Kein-Widerspruch-3_Organisator.jpg 1152w\" sizes=\"auto, (max-width: 680px) 100vw, 680px\" \/><\/p>\n<p>Lors du premier \"Sustainable Procurement Day\", qui se tiendra le 20 juin 2024 \u00e0 Zurich, des entreprises telles que la Poste suisse accorderont des subventions \u00e0 des projets de d\u00e9veloppement durable, <a href=\"https:\/\/www.organisator.ch\/de\/sustainability\/2024-06-05\/nachhaltigkeit-bei-verbrauchsmaterial-kein-widerspruch\/\">Lyreco<\/a>BLS, Appenzeller Bier ou Thermoplan donneront un aper\u00e7u de leurs strat\u00e9gies d'approvisionnement et de leurs activit\u00e9s. La manifestation, cr\u00e9\u00e9e par la fondation Pusch, \u00f6bu - Der Verband f\u00fcr nachhaltiges Wirtschaften et procure.ch, s'adresse aux entreprises de tous les secteurs qui souhaitent int\u00e9grer des produits et des services durables dans leurs cha\u00eenes d'approvisionnement et les rendre plus transparentes. Plus de 130 participants sont attendus pour s'informer sur les exemples, les tendances et les exp\u00e9riences en mati\u00e8re d'achat durable et pour \u00e9changer leurs points de vue.<\/p>\n<h3>Pertinence pour les entreprises suisses<\/h3>\n<p>Les grandes entreprises suisses et \u00e9trang\u00e8res \u00e9tant de plus en plus attentives \u00e0 la durabilit\u00e9 de leurs cha\u00eenes d'approvisionnement, il est crucial pour les PME suisses (qui fournissent directement ou indirectement ces entreprises) de s'adapter \u00e0 ces exigences. La participation \u00e0 la conf\u00e9rence offre l'occasion de s'informer de mani\u00e8re pr\u00e9coce et compl\u00e8te sur les d\u00e9marches n\u00e9cessaires et de se mettre en r\u00e9seau afin de rester performant dans la dynamique globale du march\u00e9.<\/p>\n<h3>Inputs passionnants, perspectives diff\u00e9rentes<\/h3>\n<p>Le programme de la conf\u00e9rence comprend cinq conf\u00e9rences et sept th\u00e8mes qui permettront aux participants de se faire une id\u00e9e pratique et d'approfondir les discussions avec des experts et des praticiens dans le cadre de petits groupes.<\/p>\n<p>Des experts de la protection de l'environnement, du droit, de l'approvisionnement, de la num\u00e9risation et de l'\u00e9conomie se produiront sur la grande sc\u00e8ne : Elgin Brunner (membre de la direction) WWF Suisse, Niclas Meyer (conseiller senior) BSS Volkswirtschaftliche Beratung AG, Marion Roeder et Gina Obrecht (Business Development, Data Driven Sustainability) Swisscom, Mirko Kleiner (pr\u00e9curseur de l'approvisionnement Lean-Agile) Lean-Agile Procurement Alliance ainsi que Bj\u00f6rn Jung et Matteo Trachsel (Sustainability) Thermoplan AG.<\/p>\n<h3>L'achat durable en 7 th\u00e8mes cl\u00e9s\u00a0<\/h3>\n<p>Dans les groupes de discussion th\u00e9matiques, les participants re\u00e7oivent d'abord un input sp\u00e9cialis\u00e9 ou pratique et discutent ensuite en petits groupes des solutions possibles.<\/p>\n<ul>\n<li>Entre strat\u00e9gie et faisabilit\u00e9 avec le BLS<\/li>\n<li>Collaboration avec la premi\u00e8re imprimerie au monde certifi\u00e9e Cradle to Cradle Gold, V\u00d6GELI, pour une \u00e9conomie circulaire.<\/li>\n<li>Z\u00e9ro net avec l'achat durable : r\u00e9duire les \u00e9missions de gaz \u00e0 effet de serre dans la cha\u00eene d'approvisionnement avec la Poste Suisse et Lyreco Suisse<\/li>\n<li>\u00c9conomie circulaire et efficacit\u00e9 des ressources dans l'approvisionnement avec la brasserie Locher (bi\u00e8re Appenzeller)<\/li>\n<li>Risques sociaux li\u00e9s \u00e0 l'approvisionnement : Devoir de diligence des entreprises, protection des droits de l'homme et des enfants tout au long de la cha\u00eene d'approvisionnement avec Solidar Suisse et Save the Children<\/li>\n<li>Conformit\u00e9, r\u00e9glementation, devoir de diligence avec MME Legal<\/li>\n<li>Achat durable et num\u00e9risation avec SAP<\/li>\n<\/ul>\n<p><a href=\"https:\/\/www.eventbrite.ch\/e\/sustainable-procurement-day-tickets-694703846907\">Les billets peuvent \u00eatre command\u00e9s ici<\/a><\/p>\n<p><em>Sources et informations compl\u00e9mentaires : Fondation suisse pour la pratique environnementale - Pusch (<a href=\"https:\/\/www.pusch.ch\/\">https:\/\/www.pusch.ch\/<\/a>) , \u00f6bu - L'association pour une \u00e9conomie durable (<a href=\"https:\/\/www.oebu.ch\/\">https:\/\/www.oebu.ch\/<\/a>) et procure.ch - Association professionnelle pour l'achat et la gestion de l'approvisionnement (<a href=\"https:\/\/www.procure.ch\/\">https:\/\/www.procure.ch\/<\/a>) .<\/em><\/p>","protected":false},"excerpt":{"rendered":"<p>Dans le cadre d'exigences r\u00e9glementaires croissantes, notamment au sein de l'Union europ\u00e9enne, les entreprises suisses sont confront\u00e9es \u00e0 la n\u00e9cessit\u00e9 de d\u00e9velopper des strat\u00e9gies d'achat durable. La premi\u00e8re journ\u00e9e \u00e9conomique suisse de l'achat durable, le \"Sustainable Procurement Day\", r\u00e9unira le 20 juin 2024 des PME ainsi que des entreprises plus importantes afin de discuter de ces d\u00e9fis.<\/p>","protected":false},"author":4,"featured_media":27384,"comment_status":"closed","ping_status":"closed","sticky":false,"template":"","format":"standard","meta":{"_acf_changed":false,"_yoast_wpseo_focuskw":"nachhaltige Beschaffung","_yoast_wpseo_metadesc":"Am 20. Juni 2024 findet die erste Schweizer Wirtschaftstagung f\u00fcr nachhaltige Beschaffung in Z\u00fcrich statt.","articlekey":"","footnotes":""},"categories":[580],"tags":[193,1758,358],"class_list":["post-27707","post","type-post","status-publish","format-standard","has-post-thumbnail","hentry","category-sustainability","tag-fachkongressfachmesse","tag-nachhaltige-beschaffung","tag-nachhaltige-wirtschaft"],"acf":[],"yoast_head":"<!-- This site is optimized with the Yoast SEO plugin v27.5 - https:\/\/yoast.com\/product\/yoast-seo-wordpress\/ -->\n<title>Die erste Schweizer Wirtschaftstagung f\u00fcr nachhaltige Beschaffung - Organisator<\/title>\n<meta name=\"description\" content=\"Am 20. Juni 2024 findet die erste Schweizer Wirtschaftstagung f\u00fcr nachhaltige Beschaffung in Z\u00fcrich statt.\" \/>\n<meta name=\"robots\" content=\"index, follow, max-snippet:-1, max-image-preview:large, max-video-preview:-1\" \/>\n<link rel=\"canonical\" href=\"https:\/\/www.organisator.ch\/fr\/sustainability\/2024-06-13\/die-erste-schweizer-wirtschaftstagung-fuer-nachhaltige-beschaffung\/\" \/>\n<meta property=\"og:locale\" content=\"fr_FR\" \/>\n<meta property=\"og:type\" content=\"article\" \/>\n<meta property=\"og:title\" content=\"Die erste Schweizer Wirtschaftstagung f\u00fcr nachhaltige Beschaffung\" \/>\n<meta property=\"og:description\" content=\"Am 20. Juni 2024 findet die erste Schweizer Wirtschaftstagung f\u00fcr nachhaltige Beschaffung in Z\u00fcrich statt.\" \/>\n<meta property=\"og:url\" content=\"https:\/\/www.organisator.ch\/fr\/sustainability\/2024-06-13\/die-erste-schweizer-wirtschaftstagung-fuer-nachhaltige-beschaffung\/\" \/>\n<meta property=\"og:site_name\" content=\"Organisator\" \/>\n<meta property=\"article:publisher\" content=\"https:\/\/www.facebook.com\/OrganisatorFachmagazin\" \/>\n<meta property=\"article:published_time\" content=\"2024-06-13T13:05:27+00:00\" \/>\n<meta property=\"og:image\" content=\"https:\/\/www.organisator.ch\/wp-content\/uploads\/2024\/05\/Nachhaltigkeit-bei-Verbrauchsmaterial-Kein-Widerspruch-3_Organisator.jpg\" \/>\n\t<meta property=\"og:image:width\" content=\"1152\" \/>\n\t<meta property=\"og:image:height\" content=\"810\" \/>\n\t<meta property=\"og:image:type\" content=\"image\/jpeg\" \/>\n<meta name=\"author\" content=\"thomas.berner\" \/>\n<meta name=\"twitter:card\" content=\"summary_large_image\" \/>\n<meta name=\"twitter:title\" content=\"Die erste Schweizer #Wirtschaftstagung f\u00fcr nachhaltige #Beschaffung\" \/>\n<meta name=\"twitter:description\" content=\"Am 20. Juni 2024 findet die erste Schweizer #Wirtschaftstagung f\u00fcr nachhaltige Beschaffung in Z\u00fcrich statt.\" \/>\n<meta name=\"twitter:image\" content=\"https:\/\/www.organisator.ch\/wp-content\/uploads\/2024\/05\/Nachhaltigkeit-bei-Verbrauchsmaterial-Kein-Widerspruch-3_Organisator.jpg\" \/>\n<script type=\"application\/ld+json\" class=\"yoast-schema-graph\">{\"@context\":\"https:\\\/\\\/schema.org\",\"@graph\":[{\"@type\":\"Article\",\"@id\":\"https:\\\/\\\/www.organisator.ch\\\/sustainability\\\/2024-06-13\\\/die-erste-schweizer-wirtschaftstagung-fuer-nachhaltige-beschaffung\\\/#article\",\"isPartOf\":{\"@id\":\"https:\\\/\\\/www.organisator.ch\\\/sustainability\\\/2024-06-13\\\/die-erste-schweizer-wirtschaftstagung-fuer-nachhaltige-beschaffung\\\/\"},\"author\":{\"name\":\"thomas.berner\",\"@id\":\"https:\\\/\\\/www.organisator.ch\\\/#\\\/schema\\\/person\\\/6f650f90b2842cd4c0cc334b4e36f67e\"},\"headline\":\"Die erste Schweizer Wirtschaftstagung f\u00fcr nachhaltige Beschaffung\",\"datePublished\":\"2024-06-13T13:05:27+00:00\",\"mainEntityOfPage\":{\"@id\":\"https:\\\/\\\/www.organisator.ch\\\/sustainability\\\/2024-06-13\\\/die-erste-schweizer-wirtschaftstagung-fuer-nachhaltige-beschaffung\\\/\"},\"wordCount\":425,\"publisher\":{\"@id\":\"https:\\\/\\\/www.organisator.ch\\\/#organization\"},\"image\":{\"@id\":\"https:\\\/\\\/www.organisator.ch\\\/sustainability\\\/2024-06-13\\\/die-erste-schweizer-wirtschaftstagung-fuer-nachhaltige-beschaffung\\\/#primaryimage\"},\"thumbnailUrl\":\"https:\\\/\\\/www.organisator.ch\\\/wp-content\\\/uploads\\\/2024\\\/05\\\/Nachhaltigkeit-bei-Verbrauchsmaterial-Kein-Widerspruch-3_Organisator.jpg\",\"keywords\":[\"Fachkongress\\\/Fachmesse\",\"Nachhaltige Beschaffung\",\"Nachhaltige Wirtschaft\"],\"articleSection\":[\"SUSTAINABILITY\"],\"inLanguage\":\"fr-FR\"},{\"@type\":\"WebPage\",\"@id\":\"https:\\\/\\\/www.organisator.ch\\\/sustainability\\\/2024-06-13\\\/die-erste-schweizer-wirtschaftstagung-fuer-nachhaltige-beschaffung\\\/\",\"url\":\"https:\\\/\\\/www.organisator.ch\\\/sustainability\\\/2024-06-13\\\/die-erste-schweizer-wirtschaftstagung-fuer-nachhaltige-beschaffung\\\/\",\"name\":\"Die erste Schweizer Wirtschaftstagung f\u00fcr nachhaltige Beschaffung - Organisator\",\"isPartOf\":{\"@id\":\"https:\\\/\\\/www.organisator.ch\\\/#website\"},\"primaryImageOfPage\":{\"@id\":\"https:\\\/\\\/www.organisator.ch\\\/sustainability\\\/2024-06-13\\\/die-erste-schweizer-wirtschaftstagung-fuer-nachhaltige-beschaffung\\\/#primaryimage\"},\"image\":{\"@id\":\"https:\\\/\\\/www.organisator.ch\\\/sustainability\\\/2024-06-13\\\/die-erste-schweizer-wirtschaftstagung-fuer-nachhaltige-beschaffung\\\/#primaryimage\"},\"thumbnailUrl\":\"https:\\\/\\\/www.organisator.ch\\\/wp-content\\\/uploads\\\/2024\\\/05\\\/Nachhaltigkeit-bei-Verbrauchsmaterial-Kein-Widerspruch-3_Organisator.jpg\",\"datePublished\":\"2024-06-13T13:05:27+00:00\",\"description\":\"Am 20. Juni 2024 findet die erste Schweizer Wirtschaftstagung f\u00fcr nachhaltige Beschaffung in Z\u00fcrich statt.\",\"breadcrumb\":{\"@id\":\"https:\\\/\\\/www.organisator.ch\\\/sustainability\\\/2024-06-13\\\/die-erste-schweizer-wirtschaftstagung-fuer-nachhaltige-beschaffung\\\/#breadcrumb\"},\"inLanguage\":\"fr-FR\",\"potentialAction\":[{\"@type\":\"ReadAction\",\"target\":[\"https:\\\/\\\/www.organisator.ch\\\/sustainability\\\/2024-06-13\\\/die-erste-schweizer-wirtschaftstagung-fuer-nachhaltige-beschaffung\\\/\"]}]},{\"@type\":\"ImageObject\",\"inLanguage\":\"fr-FR\",\"@id\":\"https:\\\/\\\/www.organisator.ch\\\/sustainability\\\/2024-06-13\\\/die-erste-schweizer-wirtschaftstagung-fuer-nachhaltige-beschaffung\\\/#primaryimage\",\"url\":\"https:\\\/\\\/www.organisator.ch\\\/wp-content\\\/uploads\\\/2024\\\/05\\\/Nachhaltigkeit-bei-Verbrauchsmaterial-Kein-Widerspruch-3_Organisator.jpg\",\"contentUrl\":\"https:\\\/\\\/www.organisator.ch\\\/wp-content\\\/uploads\\\/2024\\\/05\\\/Nachhaltigkeit-bei-Verbrauchsmaterial-Kein-Widerspruch-3_Organisator.jpg\",\"width\":1152,\"height\":810},{\"@type\":\"BreadcrumbList\",\"@id\":\"https:\\\/\\\/www.organisator.ch\\\/sustainability\\\/2024-06-13\\\/die-erste-schweizer-wirtschaftstagung-fuer-nachhaltige-beschaffung\\\/#breadcrumb\",\"itemListElement\":[{\"@type\":\"ListItem\",\"position\":1,\"name\":\"Home\",\"item\":\"https:\\\/\\\/www.organisator.ch\\\/\"},{\"@type\":\"ListItem\",\"position\":2,\"name\":\"Die erste Schweizer Wirtschaftstagung f\u00fcr nachhaltige Beschaffung\"}]},{\"@type\":\"WebSite\",\"@id\":\"https:\\\/\\\/www.organisator.ch\\\/#website\",\"url\":\"https:\\\/\\\/www.organisator.ch\\\/\",\"name\":\"Organisator\",\"description\":\"Kompetent. Praxisnah. Der ORGANISATOR bereitet in 10 Ausgaben pro Jahr die wesentlichen Themen f\u00fcr F\u00fchrungskr\u00e4fte von KMU auf.\",\"publisher\":{\"@id\":\"https:\\\/\\\/www.organisator.ch\\\/#organization\"},\"potentialAction\":[{\"@type\":\"SearchAction\",\"target\":{\"@type\":\"EntryPoint\",\"urlTemplate\":\"https:\\\/\\\/www.organisator.ch\\\/?s={search_term_string}\"},\"query-input\":{\"@type\":\"PropertyValueSpecification\",\"valueRequired\":true,\"valueName\":\"search_term_string\"}}],\"inLanguage\":\"fr-FR\"},{\"@type\":\"Organization\",\"@id\":\"https:\\\/\\\/www.organisator.ch\\\/#organization\",\"name\":\"Organisator\",\"url\":\"https:\\\/\\\/www.organisator.ch\\\/\",\"logo\":{\"@type\":\"ImageObject\",\"inLanguage\":\"fr-FR\",\"@id\":\"https:\\\/\\\/www.organisator.ch\\\/#\\\/schema\\\/logo\\\/image\\\/\",\"url\":\"https:\\\/\\\/www.organisator.ch\\\/wp-content\\\/uploads\\\/2022\\\/01\\\/Logo_Organisator_Website.png\",\"contentUrl\":\"https:\\\/\\\/www.organisator.ch\\\/wp-content\\\/uploads\\\/2022\\\/01\\\/Logo_Organisator_Website.png\",\"width\":800,\"height\":77,\"caption\":\"Organisator\"},\"image\":{\"@id\":\"https:\\\/\\\/www.organisator.ch\\\/#\\\/schema\\\/logo\\\/image\\\/\"},\"sameAs\":[\"https:\\\/\\\/www.facebook.com\\\/OrganisatorFachmagazin\",\"https:\\\/\\\/www.linkedin.com\\\/showcase\\\/organisator-das-magazin-fr-kmu\",\"https:\\\/\\\/www.xing.com\\\/news\\\/pages\\\/organisator-ch-695\",\"https:\\\/\\\/www.youtube.com\\\/channel\\\/UCGP2Sq0iWaZwT3BdIAQFYpw\"]},{\"@type\":\"Person\",\"@id\":\"https:\\\/\\\/www.organisator.ch\\\/#\\\/schema\\\/person\\\/6f650f90b2842cd4c0cc334b4e36f67e\",\"name\":\"thomas.berner\",\"image\":{\"@type\":\"ImageObject\",\"inLanguage\":\"fr-FR\",\"@id\":\"https:\\\/\\\/secure.gravatar.com\\\/avatar\\\/ac5001d2a36cb6c6cd3e50789007ffca834b477b74a2144564522e944eabff61?s=96&d=mm&r=g\",\"url\":\"https:\\\/\\\/secure.gravatar.com\\\/avatar\\\/ac5001d2a36cb6c6cd3e50789007ffca834b477b74a2144564522e944eabff61?s=96&d=mm&r=g\",\"contentUrl\":\"https:\\\/\\\/secure.gravatar.com\\\/avatar\\\/ac5001d2a36cb6c6cd3e50789007ffca834b477b74a2144564522e944eabff61?s=96&d=mm&r=g\",\"caption\":\"thomas.berner\"},\"url\":\"https:\\\/\\\/www.organisator.ch\\\/fr\\\/author\\\/thomas-berner\\\/\"}]}<\/script>\n<!-- \/ Yoast SEO plugin. -->","yoast_head_json":{"title":"La premi\u00e8re Journ\u00e9e \u00e9conomique suisse de l'achat responsable - Organisateur","description":"Le 20 juin 2024, la premi\u00e8re Journ\u00e9e \u00e9conomique suisse de l'achat responsable aura lieu \u00e0 Zurich.","robots":{"index":"index","follow":"follow","max-snippet":"max-snippet:-1","max-image-preview":"max-image-preview:large","max-video-preview":"max-video-preview:-1"},"canonical":"https:\/\/www.organisator.ch\/fr\/sustainability\/2024-06-13\/die-erste-schweizer-wirtschaftstagung-fuer-nachhaltige-beschaffung\/","og_locale":"fr_FR","og_type":"article","og_title":"Die erste Schweizer Wirtschaftstagung f\u00fcr nachhaltige Beschaffung","og_description":"Am 20. Juni 2024 findet die erste Schweizer Wirtschaftstagung f\u00fcr nachhaltige Beschaffung in Z\u00fcrich statt.","og_url":"https:\/\/www.organisator.ch\/fr\/sustainability\/2024-06-13\/die-erste-schweizer-wirtschaftstagung-fuer-nachhaltige-beschaffung\/","og_site_name":"Organisator","article_publisher":"https:\/\/www.facebook.com\/OrganisatorFachmagazin","article_published_time":"2024-06-13T13:05:27+00:00","og_image":[{"width":1152,"height":810,"url":"https:\/\/www.organisator.ch\/wp-content\/uploads\/2024\/05\/Nachhaltigkeit-bei-Verbrauchsmaterial-Kein-Widerspruch-3_Organisator.jpg","type":"image\/jpeg"}],"author":"thomas.berner","twitter_card":"summary_large_image","twitter_title":"Die erste Schweizer #Wirtschaftstagung f\u00fcr nachhaltige #Beschaffung","twitter_description":"Am 20. Juni 2024 findet die erste Schweizer #Wirtschaftstagung f\u00fcr nachhaltige Beschaffung in Z\u00fcrich statt.","twitter_image":"https:\/\/www.organisator.ch\/wp-content\/uploads\/2024\/05\/Nachhaltigkeit-bei-Verbrauchsmaterial-Kein-Widerspruch-3_Organisator.jpg","schema":{"@context":"https:\/\/schema.org","@graph":[{"@type":"Article","@id":"https:\/\/www.organisator.ch\/sustainability\/2024-06-13\/die-erste-schweizer-wirtschaftstagung-fuer-nachhaltige-beschaffung\/#article","isPartOf":{"@id":"https:\/\/www.organisator.ch\/sustainability\/2024-06-13\/die-erste-schweizer-wirtschaftstagung-fuer-nachhaltige-beschaffung\/"},"author":{"name":"thomas.berner","@id":"https:\/\/www.organisator.ch\/#\/schema\/person\/6f650f90b2842cd4c0cc334b4e36f67e"},"headline":"Die erste Schweizer Wirtschaftstagung f\u00fcr nachhaltige Beschaffung","datePublished":"2024-06-13T13:05:27+00:00","mainEntityOfPage":{"@id":"https:\/\/www.organisator.ch\/sustainability\/2024-06-13\/die-erste-schweizer-wirtschaftstagung-fuer-nachhaltige-beschaffung\/"},"wordCount":425,"publisher":{"@id":"https:\/\/www.organisator.ch\/#organization"},"image":{"@id":"https:\/\/www.organisator.ch\/sustainability\/2024-06-13\/die-erste-schweizer-wirtschaftstagung-fuer-nachhaltige-beschaffung\/#primaryimage"},"thumbnailUrl":"https:\/\/www.organisator.ch\/wp-content\/uploads\/2024\/05\/Nachhaltigkeit-bei-Verbrauchsmaterial-Kein-Widerspruch-3_Organisator.jpg","keywords":["Fachkongress\/Fachmesse","Nachhaltige Beschaffung","Nachhaltige Wirtschaft"],"articleSection":["SUSTAINABILITY"],"inLanguage":"fr-FR"},{"@type":"WebPage","@id":"https:\/\/www.organisator.ch\/sustainability\/2024-06-13\/die-erste-schweizer-wirtschaftstagung-fuer-nachhaltige-beschaffung\/","url":"https:\/\/www.organisator.ch\/sustainability\/2024-06-13\/die-erste-schweizer-wirtschaftstagung-fuer-nachhaltige-beschaffung\/","name":"La premi\u00e8re Journ\u00e9e \u00e9conomique suisse de l'achat responsable - Organisateur","isPartOf":{"@id":"https:\/\/www.organisator.ch\/#website"},"primaryImageOfPage":{"@id":"https:\/\/www.organisator.ch\/sustainability\/2024-06-13\/die-erste-schweizer-wirtschaftstagung-fuer-nachhaltige-beschaffung\/#primaryimage"},"image":{"@id":"https:\/\/www.organisator.ch\/sustainability\/2024-06-13\/die-erste-schweizer-wirtschaftstagung-fuer-nachhaltige-beschaffung\/#primaryimage"},"thumbnailUrl":"https:\/\/www.organisator.ch\/wp-content\/uploads\/2024\/05\/Nachhaltigkeit-bei-Verbrauchsmaterial-Kein-Widerspruch-3_Organisator.jpg","datePublished":"2024-06-13T13:05:27+00:00","description":"Le 20 juin 2024, la premi\u00e8re Journ\u00e9e \u00e9conomique suisse de l'achat responsable aura lieu \u00e0 Zurich.","breadcrumb":{"@id":"https:\/\/www.organisator.ch\/sustainability\/2024-06-13\/die-erste-schweizer-wirtschaftstagung-fuer-nachhaltige-beschaffung\/#breadcrumb"},"inLanguage":"fr-FR","potentialAction":[{"@type":"ReadAction","target":["https:\/\/www.organisator.ch\/sustainability\/2024-06-13\/die-erste-schweizer-wirtschaftstagung-fuer-nachhaltige-beschaffung\/"]}]},{"@type":"ImageObject","inLanguage":"fr-FR","@id":"https:\/\/www.organisator.ch\/sustainability\/2024-06-13\/die-erste-schweizer-wirtschaftstagung-fuer-nachhaltige-beschaffung\/#primaryimage","url":"https:\/\/www.organisator.ch\/wp-content\/uploads\/2024\/05\/Nachhaltigkeit-bei-Verbrauchsmaterial-Kein-Widerspruch-3_Organisator.jpg","contentUrl":"https:\/\/www.organisator.ch\/wp-content\/uploads\/2024\/05\/Nachhaltigkeit-bei-Verbrauchsmaterial-Kein-Widerspruch-3_Organisator.jpg","width":1152,"height":810},{"@type":"BreadcrumbList","@id":"https:\/\/www.organisator.ch\/sustainability\/2024-06-13\/die-erste-schweizer-wirtschaftstagung-fuer-nachhaltige-beschaffung\/#breadcrumb","itemListElement":[{"@type":"ListItem","position":1,"name":"Home","item":"https:\/\/www.organisator.ch\/"},{"@type":"ListItem","position":2,"name":"Die erste Schweizer Wirtschaftstagung f\u00fcr nachhaltige Beschaffung"}]},{"@type":"WebSite","@id":"https:\/\/www.organisator.ch\/#website","url":"https:\/\/www.organisator.ch\/","name":"Organisateur","description":"Comp\u00e9tence et comp\u00e9tence. Proches de la pratique. L'ORGANISATEUR pr\u00e9pare 10 num\u00e9ros par an sur les th\u00e8mes essentiels pour les dirigeants de PME.","publisher":{"@id":"https:\/\/www.organisator.ch\/#organization"},"potentialAction":[{"@type":"SearchAction","target":{"@type":"EntryPoint","urlTemplate":"https:\/\/www.organisator.ch\/?s={search_term_string}"},"query-input":{"@type":"PropertyValueSpecification","valueRequired":true,"valueName":"search_term_string"}}],"inLanguage":"fr-FR"},{"@type":"Organization","@id":"https:\/\/www.organisator.ch\/#organization","name":"Organisateur","url":"https:\/\/www.organisator.ch\/","logo":{"@type":"ImageObject","inLanguage":"fr-FR","@id":"https:\/\/www.organisator.ch\/#\/schema\/logo\/image\/","url":"https:\/\/www.organisator.ch\/wp-content\/uploads\/2022\/01\/Logo_Organisator_Website.png","contentUrl":"https:\/\/www.organisator.ch\/wp-content\/uploads\/2022\/01\/Logo_Organisator_Website.png","width":800,"height":77,"caption":"Organisator"},"image":{"@id":"https:\/\/www.organisator.ch\/#\/schema\/logo\/image\/"},"sameAs":["https:\/\/www.facebook.com\/OrganisatorFachmagazin","https:\/\/www.linkedin.com\/showcase\/organisator-das-magazin-fr-kmu","https:\/\/www.xing.com\/news\/pages\/organisator-ch-695","https:\/\/www.youtube.com\/channel\/UCGP2Sq0iWaZwT3BdIAQFYpw"]},{"@type":"Person","@id":"https:\/\/www.organisator.ch\/#\/schema\/person\/6f650f90b2842cd4c0cc334b4e36f67e","name":"thomas.berner","image":{"@type":"ImageObject","inLanguage":"fr-FR","@id":"https:\/\/secure.gravatar.com\/avatar\/ac5001d2a36cb6c6cd3e50789007ffca834b477b74a2144564522e944eabff61?s=96&d=mm&r=g","url":"https:\/\/secure.gravatar.com\/avatar\/ac5001d2a36cb6c6cd3e50789007ffca834b477b74a2144564522e944eabff61?s=96&d=mm&r=g","contentUrl":"https:\/\/secure.gravatar.com\/avatar\/ac5001d2a36cb6c6cd3e50789007ffca834b477b74a2144564522e944eabff61?s=96&d=mm&r=g","caption":"thomas.berner"},"url":"https:\/\/www.organisator.ch\/fr\/author\/thomas-berner\/"}]}},"_links":{"self":[{"href":"https:\/\/www.organisator.ch\/fr\/wp-json\/wp\/v2\/posts\/27707","targetHints":{"allow":["GET"]}}],"collection":[{"href":"https:\/\/www.organisator.ch\/fr\/wp-json\/wp\/v2\/posts"}],"about":[{"href":"https:\/\/www.organisator.ch\/fr\/wp-json\/wp\/v2\/types\/post"}],"author":[{"embeddable":true,"href":"https:\/\/www.organisator.ch\/fr\/wp-json\/wp\/v2\/users\/4"}],"replies":[{"embeddable":true,"href":"https:\/\/www.organisator.ch\/fr\/wp-json\/wp\/v2\/comments?post=27707"}],"version-history":[{"count":4,"href":"https:\/\/www.organisator.ch\/fr\/wp-json\/wp\/v2\/posts\/27707\/revisions"}],"predecessor-version":[{"id":27737,"href":"https:\/\/www.organisator.ch\/fr\/wp-json\/wp\/v2\/posts\/27707\/revisions\/27737"}],"wp:featuredmedia":[{"embeddable":true,"href":"https:\/\/www.organisator.ch\/fr\/wp-json\/wp\/v2\/media\/27384"}],"wp:attachment":[{"href":"https:\/\/www.organisator.ch\/fr\/wp-json\/wp\/v2\/media?parent=27707"}],"wp:term":[{"taxonomy":"category","embeddable":true,"href":"https:\/\/www.organisator.ch\/fr\/wp-json\/wp\/v2\/categories?post=27707"},{"taxonomy":"post_tag","embeddable":true,"href":"https:\/\/www.organisator.ch\/fr\/wp-json\/wp\/v2\/tags?post=27707"}],"curies":[{"name":"wp","href":"https:\/\/api.w.org\/{rel}","templated":true}]}}