{"id":27713,"date":"2024-06-13T16:41:29","date_gmt":"2024-06-13T14:41:29","guid":{"rendered":"https:\/\/www.werbewoche.ch\/?p=216569"},"modified":"2024-11-10T12:48:35","modified_gmt":"2024-11-10T11:48:35","slug":"ich-will-kreativitaet-nicht-durch-kontrolle-trueben","status":"publish","type":"post","link":"https:\/\/www.organisator.ch\/fr\/marketing\/2024-06-13\/ich-will-kreativitaet-nicht-durch-kontrolle-trueben\/","title":{"rendered":"\"Je ne veux pas ternir la cr\u00e9ativit\u00e9 par le contr\u00f4le\"."},"content":{"rendered":"<p><\/p>\r\n<p>Dans le vid\u00e9otalk avec <em>m&amp;k Werbewoche.ch<\/em> sur la sc\u00e8ne du Congr\u00e8s suisse des marques au Dolder \u00e0 Zurich, Tobias Bachm\u00fcller, associ\u00e9-g\u00e9rant et CMO de Katjes, explique la strat\u00e9gie marketing de l'entreprise. Inspir\u00e9 par la citation de Carlo Ancelotti, l'entra\u00eeneur de football le plus c\u00e9l\u00e8bre du monde actuellement, selon laquelle le football se compose de d\u00e9fense (organisation) et d'attaque (talent et cr\u00e9ation), Bachm\u00fcller transpose ce concept au marketing.<\/p>\r\n<p>Katjes se d\u00e9marque de la concurrence en renon\u00e7ant compl\u00e8tement \u00e0 la g\u00e9latine et en utilisant de l'amidon \u00e0 la place. Cette \"propri\u00e9t\u00e9 d\u00e9fendable\" commence \u00e0 l'usine et est communiqu\u00e9e de mani\u00e8re positive aux consommateurs, sans recourir \u00e0 des images choc. Au lieu de cela, Katjes souligne la valeur de chaque vie et mise sur des messages publicitaires joyeux et positifs avec des motifs animaliers.<\/p>\r\n<p>Bachm\u00fcller souligne que la cr\u00e9ativit\u00e9 est stimul\u00e9e par des messages simples et clairs - chez Katjes, il s'agit du mot \"vegan\". Dans le monde du marketing num\u00e9rique, Katjes utilise beaucoup les m\u00e9dias sociaux comme Instagram et TikTok pour attirer l'attention du groupe cible gr\u00e2ce \u00e0 des contenus int\u00e9ressants.<\/p>\r\n<p>Un exemple courageux de publicit\u00e9 par affiche \u00e9tait la repr\u00e9sentation d'une musulmane, qui a suscit\u00e9 des discussions. Une autre affiche repr\u00e9sentait une femme de 107 ans avec le message \"Chaque vie est pr\u00e9cieuse\", ce qui a \u00e9galement suscit\u00e9 de nombreuses discussions, mais a \u00e9t\u00e9 majoritairement bien accueilli.<\/p>\r\n<p>Katjes est \u00e9galement pr\u00e9sent lors d'\u00e9v\u00e9nements importants \u00e0 la t\u00e9l\u00e9vision, par exemple avec un spot publicitaire pendant le match d'ouverture du championnat d'Europe de football entre l'Allemagne et l'\u00c9cosse. Bachm\u00fcller souligne que de tels \u00e9v\u00e9nements sont l'occasion d'atteindre un large groupe cible, m\u00eame ceux qui ne regardent habituellement pas la t\u00e9l\u00e9vision lin\u00e9aire.<\/p>\r\n<p>Pour conclure, Bachm\u00fcller souligne qu'il a lui-m\u00eame beaucoup appris lors du Congr\u00e8s suisse du marketing gr\u00e2ce aux conf\u00e9rences de Weleda, On ou Suisse Tourisme et qu'il appr\u00e9cie cette manifestation car elle favorise l'\u00e9change de connaissances et d'exp\u00e9riences.<\/p>","protected":false},"excerpt":{"rendered":"<p>Tobias Bachm\u00fcller, directeur g\u00e9n\u00e9ral et CMO de Katjes, explique au Congr\u00e8s suisse des marques et en exclusivit\u00e9 dans un vid\u00e9otalk \u00e0 m&amp;k Werbewoche.ch comment l'orientation v\u00e9gane de Katjes en tant qu'id\u00e9e de jeu r\u00e9volutionne le marketing et pourquoi la cr\u00e9ativit\u00e9 ne doit pas \u00eatre ternie par le contr\u00f4le.<\/p>","protected":false},"author":8,"featured_media":27716,"comment_status":"closed","ping_status":"closed","sticky":false,"template":"","format":"standard","meta":{"_acf_changed":false,"_yoast_wpseo_focuskw":"Katjes Marketingstrategie","_yoast_wpseo_metadesc":"Katjes setzt auf vegane Produkte und kreative Werbung. Erfolgreiche Marketingstrategie inspiriert von Carlo Ancelotti.","articlekey":"","footnotes":""},"categories":[29],"tags":[4255,4027,3893,339,2817],"class_list":["post-27713","post","type-post","status-publish","format-standard","has-post-thumbnail","hentry","category-marketing","tag-katjes","tag-kreativitaet","tag-markenfuehrung","tag-marketing","tag-schweizer-markenkongress"],"acf":[],"yoast_head":"<!-- This site is optimized with the Yoast SEO plugin v27.4 - https:\/\/yoast.com\/product\/yoast-seo-wordpress\/ -->\n<title>\u00abIch will Kreativit\u00e4t nicht durch Kontrolle tr\u00fcben\u00bb - Organisator<\/title>\n<meta name=\"description\" content=\"Katjes setzt auf vegane Produkte und kreative Werbung. Erfolgreiche Marketingstrategie inspiriert von Carlo Ancelotti.\" \/>\n<meta name=\"robots\" content=\"index, follow, max-snippet:-1, max-image-preview:large, max-video-preview:-1\" \/>\n<link rel=\"canonical\" href=\"https:\/\/www.organisator.ch\/fr\/marketing\/2024-06-13\/ich-will-kreativitaet-nicht-durch-kontrolle-trueben\/\" \/>\n<meta property=\"og:locale\" content=\"fr_FR\" \/>\n<meta property=\"og:type\" content=\"article\" \/>\n<meta property=\"og:title\" content=\"\u00abIch will Kreativit\u00e4t nicht durch Kontrolle tr\u00fcben\u00bb - Organisator\" \/>\n<meta property=\"og:description\" content=\"Katjes setzt auf vegane Produkte und kreative Werbung. Erfolgreiche Marketingstrategie inspiriert von Carlo Ancelotti.\" \/>\n<meta property=\"og:url\" content=\"https:\/\/www.organisator.ch\/fr\/marketing\/2024-06-13\/ich-will-kreativitaet-nicht-durch-kontrolle-trueben\/\" \/>\n<meta property=\"og:site_name\" content=\"Organisator\" \/>\n<meta property=\"article:publisher\" content=\"https:\/\/www.facebook.com\/OrganisatorFachmagazin\" \/>\n<meta property=\"article:published_time\" content=\"2024-06-13T14:41:29+00:00\" \/>\n<meta property=\"article:modified_time\" content=\"2024-11-10T11:48:35+00:00\" \/>\n<meta property=\"og:image\" content=\"https:\/\/www.organisator.ch\/wp-content\/uploads\/2024\/06\/Werbewoche_Bild.jpg\" \/>\n\t<meta property=\"og:image:width\" content=\"961\" \/>\n\t<meta property=\"og:image:height\" content=\"446\" \/>\n\t<meta property=\"og:image:type\" content=\"image\/jpeg\" \/>\n<meta name=\"author\" content=\"galledia\" \/>\n<meta name=\"twitter:card\" content=\"summary_large_image\" \/>\n<meta name=\"twitter:creator\" content=\"@admin\" \/>\n<script type=\"application\/ld+json\" class=\"yoast-schema-graph\">{\"@context\":\"https:\\\/\\\/schema.org\",\"@graph\":[{\"@type\":\"Article\",\"@id\":\"https:\\\/\\\/www.organisator.ch\\\/marketing\\\/2024-06-13\\\/ich-will-kreativitaet-nicht-durch-kontrolle-trueben\\\/#article\",\"isPartOf\":{\"@id\":\"https:\\\/\\\/www.organisator.ch\\\/marketing\\\/2024-06-13\\\/ich-will-kreativitaet-nicht-durch-kontrolle-trueben\\\/\"},\"author\":{\"name\":\"galledia\",\"@id\":\"https:\\\/\\\/www.organisator.ch\\\/#\\\/schema\\\/person\\\/4e51799071cd2dd1232ac003643ef5f0\"},\"headline\":\"\u00abIch will Kreativit\u00e4t nicht durch Kontrolle tr\u00fcben\u00bb\",\"datePublished\":\"2024-06-13T14:41:29+00:00\",\"dateModified\":\"2024-11-10T11:48:35+00:00\",\"mainEntityOfPage\":{\"@id\":\"https:\\\/\\\/www.organisator.ch\\\/marketing\\\/2024-06-13\\\/ich-will-kreativitaet-nicht-durch-kontrolle-trueben\\\/\"},\"wordCount\":306,\"publisher\":{\"@id\":\"https:\\\/\\\/www.organisator.ch\\\/#organization\"},\"image\":{\"@id\":\"https:\\\/\\\/www.organisator.ch\\\/marketing\\\/2024-06-13\\\/ich-will-kreativitaet-nicht-durch-kontrolle-trueben\\\/#primaryimage\"},\"thumbnailUrl\":\"https:\\\/\\\/www.organisator.ch\\\/wp-content\\\/uploads\\\/2024\\\/06\\\/Werbewoche_Bild.jpg\",\"keywords\":[\"Katjes\",\"Kreativit\u00e4t\",\"Markenf\u00fchrung\",\"Marketing\",\"Schweizer Markenkongress\"],\"articleSection\":[\"MARKETING\"],\"inLanguage\":\"fr-FR\"},{\"@type\":\"WebPage\",\"@id\":\"https:\\\/\\\/www.organisator.ch\\\/marketing\\\/2024-06-13\\\/ich-will-kreativitaet-nicht-durch-kontrolle-trueben\\\/\",\"url\":\"https:\\\/\\\/www.organisator.ch\\\/marketing\\\/2024-06-13\\\/ich-will-kreativitaet-nicht-durch-kontrolle-trueben\\\/\",\"name\":\"\u00abIch will Kreativit\u00e4t nicht durch Kontrolle tr\u00fcben\u00bb - Organisator\",\"isPartOf\":{\"@id\":\"https:\\\/\\\/www.organisator.ch\\\/#website\"},\"primaryImageOfPage\":{\"@id\":\"https:\\\/\\\/www.organisator.ch\\\/marketing\\\/2024-06-13\\\/ich-will-kreativitaet-nicht-durch-kontrolle-trueben\\\/#primaryimage\"},\"image\":{\"@id\":\"https:\\\/\\\/www.organisator.ch\\\/marketing\\\/2024-06-13\\\/ich-will-kreativitaet-nicht-durch-kontrolle-trueben\\\/#primaryimage\"},\"thumbnailUrl\":\"https:\\\/\\\/www.organisator.ch\\\/wp-content\\\/uploads\\\/2024\\\/06\\\/Werbewoche_Bild.jpg\",\"datePublished\":\"2024-06-13T14:41:29+00:00\",\"dateModified\":\"2024-11-10T11:48:35+00:00\",\"description\":\"Katjes setzt auf vegane Produkte und kreative Werbung. Erfolgreiche Marketingstrategie inspiriert von Carlo Ancelotti.\",\"breadcrumb\":{\"@id\":\"https:\\\/\\\/www.organisator.ch\\\/marketing\\\/2024-06-13\\\/ich-will-kreativitaet-nicht-durch-kontrolle-trueben\\\/#breadcrumb\"},\"inLanguage\":\"fr-FR\",\"potentialAction\":[{\"@type\":\"ReadAction\",\"target\":[\"https:\\\/\\\/www.organisator.ch\\\/marketing\\\/2024-06-13\\\/ich-will-kreativitaet-nicht-durch-kontrolle-trueben\\\/\"]}]},{\"@type\":\"ImageObject\",\"inLanguage\":\"fr-FR\",\"@id\":\"https:\\\/\\\/www.organisator.ch\\\/marketing\\\/2024-06-13\\\/ich-will-kreativitaet-nicht-durch-kontrolle-trueben\\\/#primaryimage\",\"url\":\"https:\\\/\\\/www.organisator.ch\\\/wp-content\\\/uploads\\\/2024\\\/06\\\/Werbewoche_Bild.jpg\",\"contentUrl\":\"https:\\\/\\\/www.organisator.ch\\\/wp-content\\\/uploads\\\/2024\\\/06\\\/Werbewoche_Bild.jpg\",\"width\":961,\"height\":446},{\"@type\":\"BreadcrumbList\",\"@id\":\"https:\\\/\\\/www.organisator.ch\\\/marketing\\\/2024-06-13\\\/ich-will-kreativitaet-nicht-durch-kontrolle-trueben\\\/#breadcrumb\",\"itemListElement\":[{\"@type\":\"ListItem\",\"position\":1,\"name\":\"Home\",\"item\":\"https:\\\/\\\/www.organisator.ch\\\/\"},{\"@type\":\"ListItem\",\"position\":2,\"name\":\"\u00abIch will Kreativit\u00e4t nicht durch Kontrolle tr\u00fcben\u00bb\"}]},{\"@type\":\"WebSite\",\"@id\":\"https:\\\/\\\/www.organisator.ch\\\/#website\",\"url\":\"https:\\\/\\\/www.organisator.ch\\\/\",\"name\":\"Organisator\",\"description\":\"Kompetent. Praxisnah. Der ORGANISATOR bereitet in 10 Ausgaben pro Jahr die wesentlichen Themen f\u00fcr F\u00fchrungskr\u00e4fte von KMU auf.\",\"publisher\":{\"@id\":\"https:\\\/\\\/www.organisator.ch\\\/#organization\"},\"potentialAction\":[{\"@type\":\"SearchAction\",\"target\":{\"@type\":\"EntryPoint\",\"urlTemplate\":\"https:\\\/\\\/www.organisator.ch\\\/?s={search_term_string}\"},\"query-input\":{\"@type\":\"PropertyValueSpecification\",\"valueRequired\":true,\"valueName\":\"search_term_string\"}}],\"inLanguage\":\"fr-FR\"},{\"@type\":\"Organization\",\"@id\":\"https:\\\/\\\/www.organisator.ch\\\/#organization\",\"name\":\"Organisator\",\"url\":\"https:\\\/\\\/www.organisator.ch\\\/\",\"logo\":{\"@type\":\"ImageObject\",\"inLanguage\":\"fr-FR\",\"@id\":\"https:\\\/\\\/www.organisator.ch\\\/#\\\/schema\\\/logo\\\/image\\\/\",\"url\":\"https:\\\/\\\/www.organisator.ch\\\/wp-content\\\/uploads\\\/2022\\\/01\\\/Logo_Organisator_Website.png\",\"contentUrl\":\"https:\\\/\\\/www.organisator.ch\\\/wp-content\\\/uploads\\\/2022\\\/01\\\/Logo_Organisator_Website.png\",\"width\":800,\"height\":77,\"caption\":\"Organisator\"},\"image\":{\"@id\":\"https:\\\/\\\/www.organisator.ch\\\/#\\\/schema\\\/logo\\\/image\\\/\"},\"sameAs\":[\"https:\\\/\\\/www.facebook.com\\\/OrganisatorFachmagazin\",\"https:\\\/\\\/www.linkedin.com\\\/showcase\\\/organisator-das-magazin-fr-kmu\",\"https:\\\/\\\/www.xing.com\\\/news\\\/pages\\\/organisator-ch-695\",\"https:\\\/\\\/www.youtube.com\\\/channel\\\/UCGP2Sq0iWaZwT3BdIAQFYpw\"]},{\"@type\":\"Person\",\"@id\":\"https:\\\/\\\/www.organisator.ch\\\/#\\\/schema\\\/person\\\/4e51799071cd2dd1232ac003643ef5f0\",\"name\":\"galledia\",\"image\":{\"@type\":\"ImageObject\",\"inLanguage\":\"fr-FR\",\"@id\":\"https:\\\/\\\/secure.gravatar.com\\\/avatar\\\/78a7f90c01fc2bfc875782a0d4922b37cde2cf184ce347b91316d23cd7f69a36?s=96&d=mm&r=g\",\"url\":\"https:\\\/\\\/secure.gravatar.com\\\/avatar\\\/78a7f90c01fc2bfc875782a0d4922b37cde2cf184ce347b91316d23cd7f69a36?s=96&d=mm&r=g\",\"contentUrl\":\"https:\\\/\\\/secure.gravatar.com\\\/avatar\\\/78a7f90c01fc2bfc875782a0d4922b37cde2cf184ce347b91316d23cd7f69a36?s=96&d=mm&r=g\",\"caption\":\"galledia\"},\"sameAs\":[\"https:\\\/\\\/x.com\\\/admin\"],\"url\":\"https:\\\/\\\/www.organisator.ch\\\/fr\\\/author\\\/galledia\\\/\"}]}<\/script>\n<!-- \/ Yoast SEO plugin. -->","yoast_head_json":{"title":"\"Je ne veux pas ternir la cr\u00e9ativit\u00e9 par le contr\u00f4le\" - Organisateur","description":"Katjes mise sur les produits v\u00e9g\u00e9taliens et une publicit\u00e9 cr\u00e9ative. Une strat\u00e9gie marketing r\u00e9ussie inspir\u00e9e par Carlo Ancelotti.","robots":{"index":"index","follow":"follow","max-snippet":"max-snippet:-1","max-image-preview":"max-image-preview:large","max-video-preview":"max-video-preview:-1"},"canonical":"https:\/\/www.organisator.ch\/fr\/marketing\/2024-06-13\/ich-will-kreativitaet-nicht-durch-kontrolle-trueben\/","og_locale":"fr_FR","og_type":"article","og_title":"\u00abIch will Kreativit\u00e4t nicht durch Kontrolle tr\u00fcben\u00bb - Organisator","og_description":"Katjes setzt auf vegane Produkte und kreative Werbung. Erfolgreiche Marketingstrategie inspiriert von Carlo Ancelotti.","og_url":"https:\/\/www.organisator.ch\/fr\/marketing\/2024-06-13\/ich-will-kreativitaet-nicht-durch-kontrolle-trueben\/","og_site_name":"Organisator","article_publisher":"https:\/\/www.facebook.com\/OrganisatorFachmagazin","article_published_time":"2024-06-13T14:41:29+00:00","article_modified_time":"2024-11-10T11:48:35+00:00","og_image":[{"width":961,"height":446,"url":"https:\/\/www.organisator.ch\/wp-content\/uploads\/2024\/06\/Werbewoche_Bild.jpg","type":"image\/jpeg"}],"author":"galledia","twitter_card":"summary_large_image","twitter_creator":"@admin","schema":{"@context":"https:\/\/schema.org","@graph":[{"@type":"Article","@id":"https:\/\/www.organisator.ch\/marketing\/2024-06-13\/ich-will-kreativitaet-nicht-durch-kontrolle-trueben\/#article","isPartOf":{"@id":"https:\/\/www.organisator.ch\/marketing\/2024-06-13\/ich-will-kreativitaet-nicht-durch-kontrolle-trueben\/"},"author":{"name":"galledia","@id":"https:\/\/www.organisator.ch\/#\/schema\/person\/4e51799071cd2dd1232ac003643ef5f0"},"headline":"\u00abIch will Kreativit\u00e4t nicht durch Kontrolle tr\u00fcben\u00bb","datePublished":"2024-06-13T14:41:29+00:00","dateModified":"2024-11-10T11:48:35+00:00","mainEntityOfPage":{"@id":"https:\/\/www.organisator.ch\/marketing\/2024-06-13\/ich-will-kreativitaet-nicht-durch-kontrolle-trueben\/"},"wordCount":306,"publisher":{"@id":"https:\/\/www.organisator.ch\/#organization"},"image":{"@id":"https:\/\/www.organisator.ch\/marketing\/2024-06-13\/ich-will-kreativitaet-nicht-durch-kontrolle-trueben\/#primaryimage"},"thumbnailUrl":"https:\/\/www.organisator.ch\/wp-content\/uploads\/2024\/06\/Werbewoche_Bild.jpg","keywords":["Katjes","Kreativit\u00e4t","Markenf\u00fchrung","Marketing","Schweizer Markenkongress"],"articleSection":["MARKETING"],"inLanguage":"fr-FR"},{"@type":"WebPage","@id":"https:\/\/www.organisator.ch\/marketing\/2024-06-13\/ich-will-kreativitaet-nicht-durch-kontrolle-trueben\/","url":"https:\/\/www.organisator.ch\/marketing\/2024-06-13\/ich-will-kreativitaet-nicht-durch-kontrolle-trueben\/","name":"\"Je ne veux pas ternir la cr\u00e9ativit\u00e9 par le contr\u00f4le\" - Organisateur","isPartOf":{"@id":"https:\/\/www.organisator.ch\/#website"},"primaryImageOfPage":{"@id":"https:\/\/www.organisator.ch\/marketing\/2024-06-13\/ich-will-kreativitaet-nicht-durch-kontrolle-trueben\/#primaryimage"},"image":{"@id":"https:\/\/www.organisator.ch\/marketing\/2024-06-13\/ich-will-kreativitaet-nicht-durch-kontrolle-trueben\/#primaryimage"},"thumbnailUrl":"https:\/\/www.organisator.ch\/wp-content\/uploads\/2024\/06\/Werbewoche_Bild.jpg","datePublished":"2024-06-13T14:41:29+00:00","dateModified":"2024-11-10T11:48:35+00:00","description":"Katjes mise sur les produits v\u00e9g\u00e9taliens et une publicit\u00e9 cr\u00e9ative. Une strat\u00e9gie marketing r\u00e9ussie inspir\u00e9e par Carlo Ancelotti.","breadcrumb":{"@id":"https:\/\/www.organisator.ch\/marketing\/2024-06-13\/ich-will-kreativitaet-nicht-durch-kontrolle-trueben\/#breadcrumb"},"inLanguage":"fr-FR","potentialAction":[{"@type":"ReadAction","target":["https:\/\/www.organisator.ch\/marketing\/2024-06-13\/ich-will-kreativitaet-nicht-durch-kontrolle-trueben\/"]}]},{"@type":"ImageObject","inLanguage":"fr-FR","@id":"https:\/\/www.organisator.ch\/marketing\/2024-06-13\/ich-will-kreativitaet-nicht-durch-kontrolle-trueben\/#primaryimage","url":"https:\/\/www.organisator.ch\/wp-content\/uploads\/2024\/06\/Werbewoche_Bild.jpg","contentUrl":"https:\/\/www.organisator.ch\/wp-content\/uploads\/2024\/06\/Werbewoche_Bild.jpg","width":961,"height":446},{"@type":"BreadcrumbList","@id":"https:\/\/www.organisator.ch\/marketing\/2024-06-13\/ich-will-kreativitaet-nicht-durch-kontrolle-trueben\/#breadcrumb","itemListElement":[{"@type":"ListItem","position":1,"name":"Home","item":"https:\/\/www.organisator.ch\/"},{"@type":"ListItem","position":2,"name":"\u00abIch will Kreativit\u00e4t nicht durch Kontrolle tr\u00fcben\u00bb"}]},{"@type":"WebSite","@id":"https:\/\/www.organisator.ch\/#website","url":"https:\/\/www.organisator.ch\/","name":"Organisateur","description":"Comp\u00e9tence et comp\u00e9tence. Proches de la pratique. L'ORGANISATEUR pr\u00e9pare 10 num\u00e9ros par an sur les th\u00e8mes essentiels pour les dirigeants de PME.","publisher":{"@id":"https:\/\/www.organisator.ch\/#organization"},"potentialAction":[{"@type":"SearchAction","target":{"@type":"EntryPoint","urlTemplate":"https:\/\/www.organisator.ch\/?s={search_term_string}"},"query-input":{"@type":"PropertyValueSpecification","valueRequired":true,"valueName":"search_term_string"}}],"inLanguage":"fr-FR"},{"@type":"Organization","@id":"https:\/\/www.organisator.ch\/#organization","name":"Organisateur","url":"https:\/\/www.organisator.ch\/","logo":{"@type":"ImageObject","inLanguage":"fr-FR","@id":"https:\/\/www.organisator.ch\/#\/schema\/logo\/image\/","url":"https:\/\/www.organisator.ch\/wp-content\/uploads\/2022\/01\/Logo_Organisator_Website.png","contentUrl":"https:\/\/www.organisator.ch\/wp-content\/uploads\/2022\/01\/Logo_Organisator_Website.png","width":800,"height":77,"caption":"Organisator"},"image":{"@id":"https:\/\/www.organisator.ch\/#\/schema\/logo\/image\/"},"sameAs":["https:\/\/www.facebook.com\/OrganisatorFachmagazin","https:\/\/www.linkedin.com\/showcase\/organisator-das-magazin-fr-kmu","https:\/\/www.xing.com\/news\/pages\/organisator-ch-695","https:\/\/www.youtube.com\/channel\/UCGP2Sq0iWaZwT3BdIAQFYpw"]},{"@type":"Person","@id":"https:\/\/www.organisator.ch\/#\/schema\/person\/4e51799071cd2dd1232ac003643ef5f0","name":"galledia","image":{"@type":"ImageObject","inLanguage":"fr-FR","@id":"https:\/\/secure.gravatar.com\/avatar\/78a7f90c01fc2bfc875782a0d4922b37cde2cf184ce347b91316d23cd7f69a36?s=96&d=mm&r=g","url":"https:\/\/secure.gravatar.com\/avatar\/78a7f90c01fc2bfc875782a0d4922b37cde2cf184ce347b91316d23cd7f69a36?s=96&d=mm&r=g","contentUrl":"https:\/\/secure.gravatar.com\/avatar\/78a7f90c01fc2bfc875782a0d4922b37cde2cf184ce347b91316d23cd7f69a36?s=96&d=mm&r=g","caption":"galledia"},"sameAs":["https:\/\/x.com\/admin"],"url":"https:\/\/www.organisator.ch\/fr\/author\/galledia\/"}]}},"_links":{"self":[{"href":"https:\/\/www.organisator.ch\/fr\/wp-json\/wp\/v2\/posts\/27713","targetHints":{"allow":["GET"]}}],"collection":[{"href":"https:\/\/www.organisator.ch\/fr\/wp-json\/wp\/v2\/posts"}],"about":[{"href":"https:\/\/www.organisator.ch\/fr\/wp-json\/wp\/v2\/types\/post"}],"author":[{"embeddable":true,"href":"https:\/\/www.organisator.ch\/fr\/wp-json\/wp\/v2\/users\/8"}],"replies":[{"embeddable":true,"href":"https:\/\/www.organisator.ch\/fr\/wp-json\/wp\/v2\/comments?post=27713"}],"version-history":[{"count":6,"href":"https:\/\/www.organisator.ch\/fr\/wp-json\/wp\/v2\/posts\/27713\/revisions"}],"predecessor-version":[{"id":32190,"href":"https:\/\/www.organisator.ch\/fr\/wp-json\/wp\/v2\/posts\/27713\/revisions\/32190"}],"wp:featuredmedia":[{"embeddable":true,"href":"https:\/\/www.organisator.ch\/fr\/wp-json\/wp\/v2\/media\/27716"}],"wp:attachment":[{"href":"https:\/\/www.organisator.ch\/fr\/wp-json\/wp\/v2\/media?parent=27713"}],"wp:term":[{"taxonomy":"category","embeddable":true,"href":"https:\/\/www.organisator.ch\/fr\/wp-json\/wp\/v2\/categories?post=27713"},{"taxonomy":"post_tag","embeddable":true,"href":"https:\/\/www.organisator.ch\/fr\/wp-json\/wp\/v2\/tags?post=27713"}],"curies":[{"name":"wp","href":"https:\/\/api.w.org\/{rel}","templated":true}]}}