{"id":27719,"date":"2024-06-14T11:24:53","date_gmt":"2024-06-14T09:24:53","guid":{"rendered":"https:\/\/www.m-q.ch\/?p=19927"},"modified":"2024-11-10T12:46:01","modified_gmt":"2024-11-10T11:46:01","slug":"155-vereinsversammlung-des-svti-richtet-blick-in-die-zukunft","status":"publish","type":"post","link":"https:\/\/www.organisator.ch\/fr\/operational-excellence\/2024-06-14\/155-vereinsversammlung-des-svti-richtet-blick-in-die-zukunft\/","title":{"rendered":"La 155e assembl\u00e9e de l'ASIT se tourne vers l'avenir"},"content":{"rendered":"<figure id=\"attachment_19928\" class=\"wp-caption alignnone\" style=\"width: 680px\" aria-describedby=\"caption-attachment-19928\"><img class=\"alignnone wp-image-19928 size-full\" src=\"https:\/\/www.m-q.ch\/wp-content\/uploads\/2024\/06\/Vereinsversammlung-des-SVTI-richtet-Blick-in-die-Zukunft_MQpng.png\" alt=\"ASIT \" width=\"680\" height=\"383\" \/>\r\n<figcaption id=\"caption-attachment-19928\" class=\"wp-caption-text\">Kayla Klarissa, g\u00e9n\u00e9r\u00e9e par l'IA, accorde par <a href=\"https:\/\/www.youtube.com\/watch?v=WIX1Hfk0XHk\">Vid\u00e9o<\/a> un aper\u00e7u des temps forts de l'ASIT en 2023. (Image : capture d'\u00e9cran ASIT)<\/figcaption>\r\n<\/figure>\r\n<p>La 155e assembl\u00e9e de l'ASIT Association suisse d'inspection technique \u00e9tait plac\u00e9e sous le signe des perspectives d'avenir. Mais l'ASIT jette aussi un regard sur une ann\u00e9e r\u00e9ussie, comme le montre le rapport annuel 2023.\u00a0<\/p>\r\n<h3><strong>2023 du point de vue du conseil d'administration et de la direction<\/strong><\/h3>\r\n<p>L'ASIT a donc connu un exercice 2023 r\u00e9jouissant. Selon le rapport annuel, tous les services d'inspection ont enregistr\u00e9 une \u00e9volution positive de leurs activit\u00e9s, et les inspecteurs et experts ont \u00e9t\u00e9 bien occup\u00e9s. Les inspections sont orient\u00e9es vers l'avenir et r\u00e9pondent parfaitement aux exigences des mandants, ajoute le rapport. Le d\u00e9veloppement du groupe ASIT avec le Swiss Safety Center et les filiales se d\u00e9roule \u00e9galement de mani\u00e8re positive. La strat\u00e9gie consistant \u00e0 consolider toutes les activit\u00e9s de l'\u00e9conomie lib\u00e9rale au sein du Swiss Safety Center a fait ses preuves et sera encore d\u00e9velopp\u00e9e, indiquent le comit\u00e9 et la direction.<\/p>\r\n<h3><strong>Les inspections de l'ASIT<\/strong><\/h3>\r\n<p>L'Inspection des chaudi\u00e8res, sous la nouvelle direction du Dr Ren\u00e9 Burkhard, a pu constater qu'il y avait \u00e0 nouveau plus d'appareils annonc\u00e9s que retir\u00e9s. La Journ\u00e9e suisse des ascenseurs, dont la 2e \u00e9dition a \u00e9t\u00e9 organis\u00e9e par l'Inspection f\u00e9d\u00e9rale des ascenseurs (IFA) en juin 2023 \u00e0 Wallisellen, s'est impos\u00e9e comme une manifestation et un lieu de rencontre pour toutes les personnes int\u00e9ress\u00e9es par les ascenseurs. A l'Inspection f\u00e9d\u00e9rale des pipelines, un groupe de travail a \u00e9tudi\u00e9 les adaptations n\u00e9cessaires de l'ordonnance sur les pipelines (OTP) et de l'ordonnance sur la s\u00e9curit\u00e9 des pipelines (OSPT) afin de cr\u00e9er les conditions techniques pour les nouvelles conduites d'hydrog\u00e8ne. L'Inspection nucl\u00e9aire a mis l'accent sur le d\u00e9veloppement du syst\u00e8me \"echolyst - Impact-Echo\". La surveillance du march\u00e9 des \u00e9quipements sous pression a veill\u00e9, gr\u00e2ce \u00e0 un programme d'\u00e9chantillonnage, \u00e0 ce que des rappels et des avertissements soient effectu\u00e9s pour des produits qui \u00e9taient d\u00e9j\u00e0 sur le march\u00e9.<\/p>\r\n<h3><strong>D\u00e9veloppement durable et innovation au sein du groupe ASIT<\/strong><\/h3>\r\n<p>En 2023, diverses mesures durables ont \u00e9t\u00e9 mises en \u0153uvre au sein du groupe ASIT, notamment l'installation de stations de recharge pour voitures \u00e9lectriques. En 2024 suivra, entre autres, une installation photovolta\u00efque sur le toit plat du b\u00e2timent Richtistrasse 15 \u00e0 Wallisellen. Dans le domaine de l'innovation, l'accent est mis sur de nouvelles m\u00e9thodes de contr\u00f4le non destructif et sur le soutien \u00e0 l'industrie dans le cadre de la d\u00e9carbonisation. Un projet \"Utilisation des technologies blockchain dans les processus de contr\u00f4le\" est par exemple aliment\u00e9 par le fonds d'innovation. La durabilit\u00e9, l'innovation et le r\u00f4le d'employeur attractif sont des valeurs qui contribuent largement \u00e0 la poursuite du succ\u00e8s.<\/p>\r\n<h3>Le th\u00e8me de l'IA est \u00e9galement arriv\u00e9 \u00e0 l'ASIT<\/h3>\r\n<p>Une nouveaut\u00e9 dans le rapport annuel num\u00e9rique de l'ASIT est que Kayla Klarissa, g\u00e9n\u00e9r\u00e9e par l'IA, offre une r\u00e9trospective vivante de l'ann\u00e9e \u00e9coul\u00e9e. <a href=\"https:\/\/www.youtube.com\/watch?v=WIX1Hfk0XHk\">sous forme de vid\u00e9o<\/a> accord\u00e9e sur les temps forts 2023.<\/p>\r\n<p>Benjamin F. Grewe, de l'EPF de Zurich, s'est exprim\u00e9 sur le th\u00e8me \"Une br\u00e8ve histoire de l'intelligence artificielle et naturelle\".<\/p>\r\n<p><em>Source et informations compl\u00e9mentaires : <a href=\"http:\/\/www.svti.ch\/\">www.svti.ch<\/a><\/em><\/p>\n<p class=\"syndicated-attribution\">Cet article est paru initialement sur m-q.ch - <a href=\"https:\/\/www.m-q.ch\/de\/155-vereinsversammlung-des-svti-richtet-blick-in-die-zukunft\/\" target=\"_blank\">https:\/\/www.m-q.ch\/de\/155-vereinsversammlung-des-svti-richtet-blick-in-die-zukunft\/<\/a><\/p>","protected":false},"excerpt":{"rendered":"<p>L'ASIT, une organisation leader dans le domaine des inspections techniques, a pr\u00e9sent\u00e9 des r\u00e9sultats r\u00e9jouissants lors de sa 155e assembl\u00e9e g\u00e9n\u00e9rale et met l'accent sur l'innovation et la durabilit\u00e9.<\/p>","protected":false},"author":8,"featured_media":0,"comment_status":"closed","ping_status":"closed","sticky":false,"template":"","format":"standard","meta":{"_acf_changed":false,"_yoast_wpseo_focuskw":"SVTI","_yoast_wpseo_metadesc":"SVTI blickt auf erfolgreiches Jahr 2023 zur\u00fcck. Nachhaltigkeit und Innovation im Fokus.","articlekey":"","footnotes":""},"categories":[582],"tags":[605,2252,603,540],"class_list":["post-27719","post","type-post","status-publish","format-standard","hentry","category-operational-excellence","tag-qualitaetsmanagement","tag-svti","tag-vereine-verbaende-institutionen","tag-zertifizierungs-pruefstellen"],"acf":[],"yoast_head":"<!-- This site is optimized with the Yoast SEO plugin v27.5 - https:\/\/yoast.com\/product\/yoast-seo-wordpress\/ -->\n<title>155. Vereinsversammlung des SVTI richtet Blick in die Zukunft - Organisator<\/title>\n<meta name=\"description\" content=\"SVTI blickt auf erfolgreiches Jahr 2023 zur\u00fcck. Nachhaltigkeit und Innovation im Fokus.\" \/>\n<meta name=\"robots\" content=\"index, follow, max-snippet:-1, max-image-preview:large, max-video-preview:-1\" \/>\n<link rel=\"canonical\" href=\"https:\/\/www.organisator.ch\/fr\/excellence-operationnelle\/2024-06-14\/155-vereinsversammlung-des-svti-richtet-blick-in-die-zukunft\/\" \/>\n<meta property=\"og:locale\" content=\"fr_FR\" \/>\n<meta property=\"og:type\" content=\"article\" \/>\n<meta property=\"og:title\" content=\"155. Vereinsversammlung des SVTI richtet Blick in die Zukunft - Organisator\" \/>\n<meta property=\"og:description\" content=\"SVTI blickt auf erfolgreiches Jahr 2023 zur\u00fcck. Nachhaltigkeit und Innovation im Fokus.\" \/>\n<meta property=\"og:url\" content=\"https:\/\/www.organisator.ch\/fr\/excellence-operationnelle\/2024-06-14\/155-vereinsversammlung-des-svti-richtet-blick-in-die-zukunft\/\" \/>\n<meta property=\"og:site_name\" content=\"Organisator\" \/>\n<meta property=\"article:publisher\" content=\"https:\/\/www.facebook.com\/OrganisatorFachmagazin\" \/>\n<meta property=\"article:published_time\" content=\"2024-06-14T09:24:53+00:00\" \/>\n<meta property=\"article:modified_time\" content=\"2024-11-10T11:46:01+00:00\" \/>\n<meta property=\"og:image\" content=\"https:\/\/www.m-q.ch\/wp-content\/uploads\/2024\/06\/Vereinsversammlung-des-SVTI-richtet-Blick-in-die-Zukunft_MQpng.png\" \/>\n<meta name=\"author\" content=\"galledia\" \/>\n<meta name=\"twitter:card\" content=\"summary_large_image\" \/>\n<meta name=\"twitter:creator\" content=\"@admin\" \/>\n<script type=\"application\/ld+json\" class=\"yoast-schema-graph\">{\"@context\":\"https:\\\/\\\/schema.org\",\"@graph\":[{\"@type\":\"Article\",\"@id\":\"https:\\\/\\\/www.organisator.ch\\\/operational-excellence\\\/2024-06-14\\\/155-vereinsversammlung-des-svti-richtet-blick-in-die-zukunft\\\/#article\",\"isPartOf\":{\"@id\":\"https:\\\/\\\/www.organisator.ch\\\/operational-excellence\\\/2024-06-14\\\/155-vereinsversammlung-des-svti-richtet-blick-in-die-zukunft\\\/\"},\"author\":{\"name\":\"galledia\",\"@id\":\"https:\\\/\\\/www.organisator.ch\\\/#\\\/schema\\\/person\\\/4e51799071cd2dd1232ac003643ef5f0\"},\"headline\":\"155. Vereinsversammlung des SVTI richtet Blick in die Zukunft\",\"datePublished\":\"2024-06-14T09:24:53+00:00\",\"dateModified\":\"2024-11-10T11:46:01+00:00\",\"mainEntityOfPage\":{\"@id\":\"https:\\\/\\\/www.organisator.ch\\\/operational-excellence\\\/2024-06-14\\\/155-vereinsversammlung-des-svti-richtet-blick-in-die-zukunft\\\/\"},\"wordCount\":451,\"publisher\":{\"@id\":\"https:\\\/\\\/www.organisator.ch\\\/#organization\"},\"image\":{\"@id\":\"https:\\\/\\\/www.organisator.ch\\\/operational-excellence\\\/2024-06-14\\\/155-vereinsversammlung-des-svti-richtet-blick-in-die-zukunft\\\/#primaryimage\"},\"thumbnailUrl\":\"https:\\\/\\\/www.m-q.ch\\\/wp-content\\\/uploads\\\/2024\\\/06\\\/Vereinsversammlung-des-SVTI-richtet-Blick-in-die-Zukunft_MQpng.png\",\"keywords\":[\"Qualit\u00e4tsmanagement\",\"SVTI\",\"Vereine\\\/Verb\u00e4nde\\\/Institutionen\",\"Zertifizierungs-\\\/Pr\u00fcfstellen\"],\"articleSection\":[\"OPERATIONAL EXCELLENCE\"],\"inLanguage\":\"fr-FR\"},{\"@type\":\"WebPage\",\"@id\":\"https:\\\/\\\/www.organisator.ch\\\/operational-excellence\\\/2024-06-14\\\/155-vereinsversammlung-des-svti-richtet-blick-in-die-zukunft\\\/\",\"url\":\"https:\\\/\\\/www.organisator.ch\\\/operational-excellence\\\/2024-06-14\\\/155-vereinsversammlung-des-svti-richtet-blick-in-die-zukunft\\\/\",\"name\":\"155. Vereinsversammlung des SVTI richtet Blick in die Zukunft - Organisator\",\"isPartOf\":{\"@id\":\"https:\\\/\\\/www.organisator.ch\\\/#website\"},\"primaryImageOfPage\":{\"@id\":\"https:\\\/\\\/www.organisator.ch\\\/operational-excellence\\\/2024-06-14\\\/155-vereinsversammlung-des-svti-richtet-blick-in-die-zukunft\\\/#primaryimage\"},\"image\":{\"@id\":\"https:\\\/\\\/www.organisator.ch\\\/operational-excellence\\\/2024-06-14\\\/155-vereinsversammlung-des-svti-richtet-blick-in-die-zukunft\\\/#primaryimage\"},\"thumbnailUrl\":\"https:\\\/\\\/www.m-q.ch\\\/wp-content\\\/uploads\\\/2024\\\/06\\\/Vereinsversammlung-des-SVTI-richtet-Blick-in-die-Zukunft_MQpng.png\",\"datePublished\":\"2024-06-14T09:24:53+00:00\",\"dateModified\":\"2024-11-10T11:46:01+00:00\",\"description\":\"SVTI blickt auf erfolgreiches Jahr 2023 zur\u00fcck. Nachhaltigkeit und Innovation im Fokus.\",\"breadcrumb\":{\"@id\":\"https:\\\/\\\/www.organisator.ch\\\/operational-excellence\\\/2024-06-14\\\/155-vereinsversammlung-des-svti-richtet-blick-in-die-zukunft\\\/#breadcrumb\"},\"inLanguage\":\"fr-FR\",\"potentialAction\":[{\"@type\":\"ReadAction\",\"target\":[\"https:\\\/\\\/www.organisator.ch\\\/operational-excellence\\\/2024-06-14\\\/155-vereinsversammlung-des-svti-richtet-blick-in-die-zukunft\\\/\"]}]},{\"@type\":\"ImageObject\",\"inLanguage\":\"fr-FR\",\"@id\":\"https:\\\/\\\/www.organisator.ch\\\/operational-excellence\\\/2024-06-14\\\/155-vereinsversammlung-des-svti-richtet-blick-in-die-zukunft\\\/#primaryimage\",\"url\":\"https:\\\/\\\/www.m-q.ch\\\/wp-content\\\/uploads\\\/2024\\\/06\\\/Vereinsversammlung-des-SVTI-richtet-Blick-in-die-Zukunft_MQpng.png\",\"contentUrl\":\"https:\\\/\\\/www.m-q.ch\\\/wp-content\\\/uploads\\\/2024\\\/06\\\/Vereinsversammlung-des-SVTI-richtet-Blick-in-die-Zukunft_MQpng.png\"},{\"@type\":\"BreadcrumbList\",\"@id\":\"https:\\\/\\\/www.organisator.ch\\\/operational-excellence\\\/2024-06-14\\\/155-vereinsversammlung-des-svti-richtet-blick-in-die-zukunft\\\/#breadcrumb\",\"itemListElement\":[{\"@type\":\"ListItem\",\"position\":1,\"name\":\"Home\",\"item\":\"https:\\\/\\\/www.organisator.ch\\\/\"},{\"@type\":\"ListItem\",\"position\":2,\"name\":\"155. Vereinsversammlung des SVTI richtet Blick in die Zukunft\"}]},{\"@type\":\"WebSite\",\"@id\":\"https:\\\/\\\/www.organisator.ch\\\/#website\",\"url\":\"https:\\\/\\\/www.organisator.ch\\\/\",\"name\":\"Organisator\",\"description\":\"Kompetent. Praxisnah. Der ORGANISATOR bereitet in 10 Ausgaben pro Jahr die wesentlichen Themen f\u00fcr F\u00fchrungskr\u00e4fte von KMU auf.\",\"publisher\":{\"@id\":\"https:\\\/\\\/www.organisator.ch\\\/#organization\"},\"potentialAction\":[{\"@type\":\"SearchAction\",\"target\":{\"@type\":\"EntryPoint\",\"urlTemplate\":\"https:\\\/\\\/www.organisator.ch\\\/?s={search_term_string}\"},\"query-input\":{\"@type\":\"PropertyValueSpecification\",\"valueRequired\":true,\"valueName\":\"search_term_string\"}}],\"inLanguage\":\"fr-FR\"},{\"@type\":\"Organization\",\"@id\":\"https:\\\/\\\/www.organisator.ch\\\/#organization\",\"name\":\"Organisator\",\"url\":\"https:\\\/\\\/www.organisator.ch\\\/\",\"logo\":{\"@type\":\"ImageObject\",\"inLanguage\":\"fr-FR\",\"@id\":\"https:\\\/\\\/www.organisator.ch\\\/#\\\/schema\\\/logo\\\/image\\\/\",\"url\":\"https:\\\/\\\/www.organisator.ch\\\/wp-content\\\/uploads\\\/2022\\\/01\\\/Logo_Organisator_Website.png\",\"contentUrl\":\"https:\\\/\\\/www.organisator.ch\\\/wp-content\\\/uploads\\\/2022\\\/01\\\/Logo_Organisator_Website.png\",\"width\":800,\"height\":77,\"caption\":\"Organisator\"},\"image\":{\"@id\":\"https:\\\/\\\/www.organisator.ch\\\/#\\\/schema\\\/logo\\\/image\\\/\"},\"sameAs\":[\"https:\\\/\\\/www.facebook.com\\\/OrganisatorFachmagazin\",\"https:\\\/\\\/www.linkedin.com\\\/showcase\\\/organisator-das-magazin-fr-kmu\",\"https:\\\/\\\/www.xing.com\\\/news\\\/pages\\\/organisator-ch-695\",\"https:\\\/\\\/www.youtube.com\\\/channel\\\/UCGP2Sq0iWaZwT3BdIAQFYpw\"]},{\"@type\":\"Person\",\"@id\":\"https:\\\/\\\/www.organisator.ch\\\/#\\\/schema\\\/person\\\/4e51799071cd2dd1232ac003643ef5f0\",\"name\":\"galledia\",\"image\":{\"@type\":\"ImageObject\",\"inLanguage\":\"fr-FR\",\"@id\":\"https:\\\/\\\/secure.gravatar.com\\\/avatar\\\/78a7f90c01fc2bfc875782a0d4922b37cde2cf184ce347b91316d23cd7f69a36?s=96&d=mm&r=g\",\"url\":\"https:\\\/\\\/secure.gravatar.com\\\/avatar\\\/78a7f90c01fc2bfc875782a0d4922b37cde2cf184ce347b91316d23cd7f69a36?s=96&d=mm&r=g\",\"contentUrl\":\"https:\\\/\\\/secure.gravatar.com\\\/avatar\\\/78a7f90c01fc2bfc875782a0d4922b37cde2cf184ce347b91316d23cd7f69a36?s=96&d=mm&r=g\",\"caption\":\"galledia\"},\"sameAs\":[\"https:\\\/\\\/x.com\\\/admin\"],\"url\":\"https:\\\/\\\/www.organisator.ch\\\/fr\\\/author\\\/galledia\\\/\"}]}<\/script>\n<!-- \/ Yoast SEO plugin. -->","yoast_head_json":{"title":"La 155e assembl\u00e9e de l'ASIT se tourne vers l'avenir - Organisateur","description":"L'ASIT fait le bilan d'une ann\u00e9e 2023 r\u00e9ussie. Durabilit\u00e9 et innovation en point de mire.","robots":{"index":"index","follow":"follow","max-snippet":"max-snippet:-1","max-image-preview":"max-image-preview:large","max-video-preview":"max-video-preview:-1"},"canonical":"https:\/\/www.organisator.ch\/fr\/excellence-operationnelle\/2024-06-14\/155-vereinsversammlung-des-svti-richtet-blick-in-die-zukunft\/","og_locale":"fr_FR","og_type":"article","og_title":"155. Vereinsversammlung des SVTI richtet Blick in die Zukunft - Organisator","og_description":"SVTI blickt auf erfolgreiches Jahr 2023 zur\u00fcck. Nachhaltigkeit und Innovation im Fokus.","og_url":"https:\/\/www.organisator.ch\/fr\/excellence-operationnelle\/2024-06-14\/155-vereinsversammlung-des-svti-richtet-blick-in-die-zukunft\/","og_site_name":"Organisator","article_publisher":"https:\/\/www.facebook.com\/OrganisatorFachmagazin","article_published_time":"2024-06-14T09:24:53+00:00","article_modified_time":"2024-11-10T11:46:01+00:00","og_image":[{"url":"https:\/\/www.m-q.ch\/wp-content\/uploads\/2024\/06\/Vereinsversammlung-des-SVTI-richtet-Blick-in-die-Zukunft_MQpng.png","type":"","width":"","height":""}],"author":"galledia","twitter_card":"summary_large_image","twitter_creator":"@admin","schema":{"@context":"https:\/\/schema.org","@graph":[{"@type":"Article","@id":"https:\/\/www.organisator.ch\/operational-excellence\/2024-06-14\/155-vereinsversammlung-des-svti-richtet-blick-in-die-zukunft\/#article","isPartOf":{"@id":"https:\/\/www.organisator.ch\/operational-excellence\/2024-06-14\/155-vereinsversammlung-des-svti-richtet-blick-in-die-zukunft\/"},"author":{"name":"galledia","@id":"https:\/\/www.organisator.ch\/#\/schema\/person\/4e51799071cd2dd1232ac003643ef5f0"},"headline":"155. Vereinsversammlung des SVTI richtet Blick in die Zukunft","datePublished":"2024-06-14T09:24:53+00:00","dateModified":"2024-11-10T11:46:01+00:00","mainEntityOfPage":{"@id":"https:\/\/www.organisator.ch\/operational-excellence\/2024-06-14\/155-vereinsversammlung-des-svti-richtet-blick-in-die-zukunft\/"},"wordCount":451,"publisher":{"@id":"https:\/\/www.organisator.ch\/#organization"},"image":{"@id":"https:\/\/www.organisator.ch\/operational-excellence\/2024-06-14\/155-vereinsversammlung-des-svti-richtet-blick-in-die-zukunft\/#primaryimage"},"thumbnailUrl":"https:\/\/www.m-q.ch\/wp-content\/uploads\/2024\/06\/Vereinsversammlung-des-SVTI-richtet-Blick-in-die-Zukunft_MQpng.png","keywords":["Qualit\u00e4tsmanagement","SVTI","Vereine\/Verb\u00e4nde\/Institutionen","Zertifizierungs-\/Pr\u00fcfstellen"],"articleSection":["OPERATIONAL EXCELLENCE"],"inLanguage":"fr-FR"},{"@type":"WebPage","@id":"https:\/\/www.organisator.ch\/operational-excellence\/2024-06-14\/155-vereinsversammlung-des-svti-richtet-blick-in-die-zukunft\/","url":"https:\/\/www.organisator.ch\/operational-excellence\/2024-06-14\/155-vereinsversammlung-des-svti-richtet-blick-in-die-zukunft\/","name":"La 155e assembl\u00e9e de l'ASIT se tourne vers l'avenir - Organisateur","isPartOf":{"@id":"https:\/\/www.organisator.ch\/#website"},"primaryImageOfPage":{"@id":"https:\/\/www.organisator.ch\/operational-excellence\/2024-06-14\/155-vereinsversammlung-des-svti-richtet-blick-in-die-zukunft\/#primaryimage"},"image":{"@id":"https:\/\/www.organisator.ch\/operational-excellence\/2024-06-14\/155-vereinsversammlung-des-svti-richtet-blick-in-die-zukunft\/#primaryimage"},"thumbnailUrl":"https:\/\/www.m-q.ch\/wp-content\/uploads\/2024\/06\/Vereinsversammlung-des-SVTI-richtet-Blick-in-die-Zukunft_MQpng.png","datePublished":"2024-06-14T09:24:53+00:00","dateModified":"2024-11-10T11:46:01+00:00","description":"L'ASIT fait le bilan d'une ann\u00e9e 2023 r\u00e9ussie. Durabilit\u00e9 et innovation en point de mire.","breadcrumb":{"@id":"https:\/\/www.organisator.ch\/operational-excellence\/2024-06-14\/155-vereinsversammlung-des-svti-richtet-blick-in-die-zukunft\/#breadcrumb"},"inLanguage":"fr-FR","potentialAction":[{"@type":"ReadAction","target":["https:\/\/www.organisator.ch\/operational-excellence\/2024-06-14\/155-vereinsversammlung-des-svti-richtet-blick-in-die-zukunft\/"]}]},{"@type":"ImageObject","inLanguage":"fr-FR","@id":"https:\/\/www.organisator.ch\/operational-excellence\/2024-06-14\/155-vereinsversammlung-des-svti-richtet-blick-in-die-zukunft\/#primaryimage","url":"https:\/\/www.m-q.ch\/wp-content\/uploads\/2024\/06\/Vereinsversammlung-des-SVTI-richtet-Blick-in-die-Zukunft_MQpng.png","contentUrl":"https:\/\/www.m-q.ch\/wp-content\/uploads\/2024\/06\/Vereinsversammlung-des-SVTI-richtet-Blick-in-die-Zukunft_MQpng.png"},{"@type":"BreadcrumbList","@id":"https:\/\/www.organisator.ch\/operational-excellence\/2024-06-14\/155-vereinsversammlung-des-svti-richtet-blick-in-die-zukunft\/#breadcrumb","itemListElement":[{"@type":"ListItem","position":1,"name":"Home","item":"https:\/\/www.organisator.ch\/"},{"@type":"ListItem","position":2,"name":"155. Vereinsversammlung des SVTI richtet Blick in die Zukunft"}]},{"@type":"WebSite","@id":"https:\/\/www.organisator.ch\/#website","url":"https:\/\/www.organisator.ch\/","name":"Organisateur","description":"Comp\u00e9tence et comp\u00e9tence. Proches de la pratique. L'ORGANISATEUR pr\u00e9pare 10 num\u00e9ros par an sur les th\u00e8mes essentiels pour les dirigeants de PME.","publisher":{"@id":"https:\/\/www.organisator.ch\/#organization"},"potentialAction":[{"@type":"SearchAction","target":{"@type":"EntryPoint","urlTemplate":"https:\/\/www.organisator.ch\/?s={search_term_string}"},"query-input":{"@type":"PropertyValueSpecification","valueRequired":true,"valueName":"search_term_string"}}],"inLanguage":"fr-FR"},{"@type":"Organization","@id":"https:\/\/www.organisator.ch\/#organization","name":"Organisateur","url":"https:\/\/www.organisator.ch\/","logo":{"@type":"ImageObject","inLanguage":"fr-FR","@id":"https:\/\/www.organisator.ch\/#\/schema\/logo\/image\/","url":"https:\/\/www.organisator.ch\/wp-content\/uploads\/2022\/01\/Logo_Organisator_Website.png","contentUrl":"https:\/\/www.organisator.ch\/wp-content\/uploads\/2022\/01\/Logo_Organisator_Website.png","width":800,"height":77,"caption":"Organisator"},"image":{"@id":"https:\/\/www.organisator.ch\/#\/schema\/logo\/image\/"},"sameAs":["https:\/\/www.facebook.com\/OrganisatorFachmagazin","https:\/\/www.linkedin.com\/showcase\/organisator-das-magazin-fr-kmu","https:\/\/www.xing.com\/news\/pages\/organisator-ch-695","https:\/\/www.youtube.com\/channel\/UCGP2Sq0iWaZwT3BdIAQFYpw"]},{"@type":"Person","@id":"https:\/\/www.organisator.ch\/#\/schema\/person\/4e51799071cd2dd1232ac003643ef5f0","name":"galledia","image":{"@type":"ImageObject","inLanguage":"fr-FR","@id":"https:\/\/secure.gravatar.com\/avatar\/78a7f90c01fc2bfc875782a0d4922b37cde2cf184ce347b91316d23cd7f69a36?s=96&d=mm&r=g","url":"https:\/\/secure.gravatar.com\/avatar\/78a7f90c01fc2bfc875782a0d4922b37cde2cf184ce347b91316d23cd7f69a36?s=96&d=mm&r=g","contentUrl":"https:\/\/secure.gravatar.com\/avatar\/78a7f90c01fc2bfc875782a0d4922b37cde2cf184ce347b91316d23cd7f69a36?s=96&d=mm&r=g","caption":"galledia"},"sameAs":["https:\/\/x.com\/admin"],"url":"https:\/\/www.organisator.ch\/fr\/author\/galledia\/"}]}},"_links":{"self":[{"href":"https:\/\/www.organisator.ch\/fr\/wp-json\/wp\/v2\/posts\/27719","targetHints":{"allow":["GET"]}}],"collection":[{"href":"https:\/\/www.organisator.ch\/fr\/wp-json\/wp\/v2\/posts"}],"about":[{"href":"https:\/\/www.organisator.ch\/fr\/wp-json\/wp\/v2\/types\/post"}],"author":[{"embeddable":true,"href":"https:\/\/www.organisator.ch\/fr\/wp-json\/wp\/v2\/users\/8"}],"replies":[{"embeddable":true,"href":"https:\/\/www.organisator.ch\/fr\/wp-json\/wp\/v2\/comments?post=27719"}],"version-history":[{"count":6,"href":"https:\/\/www.organisator.ch\/fr\/wp-json\/wp\/v2\/posts\/27719\/revisions"}],"predecessor-version":[{"id":32189,"href":"https:\/\/www.organisator.ch\/fr\/wp-json\/wp\/v2\/posts\/27719\/revisions\/32189"}],"wp:attachment":[{"href":"https:\/\/www.organisator.ch\/fr\/wp-json\/wp\/v2\/media?parent=27719"}],"wp:term":[{"taxonomy":"category","embeddable":true,"href":"https:\/\/www.organisator.ch\/fr\/wp-json\/wp\/v2\/categories?post=27719"},{"taxonomy":"post_tag","embeddable":true,"href":"https:\/\/www.organisator.ch\/fr\/wp-json\/wp\/v2\/tags?post=27719"}],"curies":[{"name":"wp","href":"https:\/\/api.w.org\/{rel}","templated":true}]}}