{"id":27726,"date":"2024-06-14T13:55:08","date_gmt":"2024-06-14T11:55:08","guid":{"rendered":"https:\/\/www.organisator.ch\/?p=27726"},"modified":"2024-06-14T13:55:08","modified_gmt":"2024-06-14T11:55:08","slug":"suva-tiefere-praemien-fuer-2025-und-chf-730-mio-rueckerstattung","status":"publish","type":"post","link":"https:\/\/www.organisator.ch\/fr\/operational-excellence\/2024-06-14\/suva-tiefere-praemien-fuer-2025-und-chf-730-mio-rueckerstattung\/","title":{"rendered":"Suva : des primes plus basses pour 2025 et 730 millions de francs de remboursement"},"content":{"rendered":"<div>\n<figure id=\"attachment_27727\" aria-describedby=\"caption-attachment-27727\" style=\"width: 680px\" class=\"wp-caption alignnone\"><img loading=\"lazy\" decoding=\"async\" class=\"size-full wp-image-27727\" src=\"https:\/\/www.organisator.ch\/wp-content\/uploads\/2024\/06\/Suva-Tiefere-Praemien-fuer-2025-und-CHF-730-Mio.-Rueckerstattung_Organisator.png\" alt=\"\" width=\"680\" height=\"299\" srcset=\"https:\/\/www.organisator.ch\/wp-content\/uploads\/2024\/06\/Suva-Tiefere-Praemien-fuer-2025-und-CHF-730-Mio.-Rueckerstattung_Organisator.png 680w, https:\/\/www.organisator.ch\/wp-content\/uploads\/2024\/06\/Suva-Tiefere-Praemien-fuer-2025-und-CHF-730-Mio.-Rueckerstattung_Organisator-18x8.png 18w, https:\/\/www.organisator.ch\/wp-content\/uploads\/2024\/06\/Suva-Tiefere-Praemien-fuer-2025-und-CHF-730-Mio.-Rueckerstattung_Organisator-375x165.png 375w\" sizes=\"auto, (max-width: 680px) 100vw, 680px\" \/><figcaption id=\"caption-attachment-27727\" class=\"wp-caption-text\">Peuvent \u00e0 nouveau annoncer des primes plus basses : Hubert Niggli, Gabriele Gendotti et Felix Weber de la Suva (de g. \u00e0 dr.). (Image : Suva)<\/figcaption><\/figure><\/p>\n<p>Lors de la conf\u00e9rence de presse sur le bilan de l'exercice 2023, la Suva a annonc\u00e9 un r\u00e9sultat global positif de 309 millions de francs. La situation financi\u00e8re de la Suva reste donc solide et toutes les branches d'assurance sont en \u00e9quilibre financier, communique la Suva. C'est surtout la bonne ann\u00e9e boursi\u00e8re 2023 qui a contribu\u00e9 \u00e0 cette situation financi\u00e8re r\u00e9jouissante ; le r\u00e9sultat des placements s'est \u00e9lev\u00e9 \u00e0 4,8 pour cent (ann\u00e9e pr\u00e9c\u00e9dente : -8,1 pour cent).<\/p>\n<\/div>\n<h3 id=\"anchor-07A1776A-9402-4282-A599-C16E89D4D878\" class=\"h3 sch-h3\">Le risque d'accident du travail continue de diminuer - les accidents graves sont en baisse<\/h3>\n<div>\n<p>En 2023, la Suva a enregistr\u00e9 environ 495 000 accidents et maladies professionnelles. La diff\u00e9rence par rapport \u00e0 l'ann\u00e9e pr\u00e9c\u00e9dente est minime, avec une augmentation de 0,3 %. Le risque d'accident - c'est-\u00e0-dire les nouveaux accidents enregistr\u00e9s pour 1000 assur\u00e9s - suit la tendance \u00e0 long terme : dans l'assurance contre les accidents professionnels, le risque d'accident a baiss\u00e9 de 10 pour cent en dix ans et s'\u00e9l\u00e8ve \u00e0 79 accidents pour 1000 assur\u00e9s pour l'ann\u00e9e sous revue. Le travail dans les entreprises assur\u00e9es par la Suva est ainsi devenu nettement plus s\u00fbr, est-il pr\u00e9cis\u00e9. Le risque d'accidents graves entra\u00eenant l'invalidit\u00e9 ou la mort a \u00e9galement baiss\u00e9 de mani\u00e8re significative au cours des dix derni\u00e8res ann\u00e9es. Dans l'assurance contre les accidents non professionnels, le risque d'accident est rest\u00e9 stable en dix ans, avec 127 accidents pour 1000 assur\u00e9s.\u00a0<\/p>\n<\/div>\n<h3 id=\"anchor-1665CB38-8EEB-4819-ADA5-4143A7DF6549\" class=\"h3 sch-h3\">Des primes \u00e0 nouveau plus basses pour 2025<\/h3>\n<div>\n<p>Comme le risque d'accident continue de diminuer et que le r\u00e9sultat actuariel est positif, les primes nettes de l'assurance accidents professionnels peuvent \u00e0 nouveau \u00eatre r\u00e9duites, de 4 pour cent. Dans l'assurance contre les accidents non professionnels, la baisse est d'environ 5 pour cent. En raison de la situation financi\u00e8re solide, le Conseil de la Suva a d\u00e9cid\u00e9 de poursuivre le remboursement des exc\u00e9dents de revenus de capitaux des ann\u00e9es pr\u00e9c\u00e9dentes. Cela signifie pour l'ann\u00e9e 2025 une nouvelle r\u00e9duction des primes de 20 pour cent des primes nettes, tant dans l'assurance accidents professionnels que non professionnels, ce qui correspond \u00e0 un remboursement d'environ 730 millions de francs aux assur\u00e9s. La poursuite du remboursement des exc\u00e9dents de revenus du capital, combin\u00e9e \u00e0 la r\u00e9duction des primes nettes, en particulier dans l'assurance contre les accidents professionnels, conduit \u00e0 nouveau \u00e0 la charge totale des primes la plus basse pour les assur\u00e9s depuis l'introduction de la LAA en 1984.\u00a0<\/p>\n<p><em>Source : <a href=\"http:\/\/www.suva.ch\">Suva<\/a><\/em><\/p>\n<\/div>","protected":false},"excerpt":{"rendered":"<p>La Suva a r\u00e9alis\u00e9 un r\u00e9sultat d'exploitation positif de 309 millions de francs pour l'ann\u00e9e 2023. Les primes pour l'ann\u00e9e 2025 peuvent \u00e0 nouveau \u00eatre r\u00e9duites. De plus, la place industrielle suisse sera soulag\u00e9e de 730 millions de francs suppl\u00e9mentaires gr\u00e2ce au remboursement des exc\u00e9dents de revenus du capital. <\/p>","protected":false},"author":4,"featured_media":27727,"comment_status":"closed","ping_status":"closed","sticky":false,"template":"","format":"standard","meta":{"_acf_changed":false,"_yoast_wpseo_focuskw":"Tiefere Pr\u00e4mien","_yoast_wpseo_metadesc":"Die Suva hat f\u00fcr das Jahr 2023 ein positives Gesch\u00e4ftsergebnis erwirtschaftet. Die solide Finanzlage sorgt f\u00fcr tiefere Pr\u00e4mien f\u00fcr 2025.","articlekey":"","footnotes":""},"categories":[582],"tags":[236,463,511],"class_list":["post-27726","post","type-post","status-publish","format-standard","has-post-thumbnail","hentry","category-operational-excellence","tag-geschaeftsbericht","tag-suva","tag-versicherungen"],"acf":[],"yoast_head":"<!-- This site is optimized with the Yoast SEO plugin v27.5 - https:\/\/yoast.com\/product\/yoast-seo-wordpress\/ -->\n<title>Suva: Tiefere Pr\u00e4mien f\u00fcr 2025 und CHF 730 Mio. R\u00fcckerstattung - Organisator<\/title>\n<meta name=\"description\" content=\"Die Suva hat f\u00fcr das Jahr 2023 ein positives Gesch\u00e4ftsergebnis erwirtschaftet. Die solide Finanzlage sorgt f\u00fcr tiefere Pr\u00e4mien f\u00fcr 2025.\" \/>\n<meta name=\"robots\" content=\"index, follow, max-snippet:-1, max-image-preview:large, max-video-preview:-1\" \/>\n<link rel=\"canonical\" href=\"https:\/\/www.organisator.ch\/fr\/excellence-operationnelle\/2024-06-14\/suva-tiefere-praemien-fuer-2025-und-chf-730-mio-rueckerstattung\/\" \/>\n<meta property=\"og:locale\" content=\"fr_FR\" \/>\n<meta property=\"og:type\" content=\"article\" \/>\n<meta property=\"og:title\" content=\"Suva: Tiefere Pr\u00e4mien f\u00fcr 2025 und CHF 730 Mio. R\u00fcckerstattung\" \/>\n<meta property=\"og:description\" content=\"Die Suva hat f\u00fcr das Jahr 2023 ein positives Gesch\u00e4ftsergebnis erwirtschaftet. Die solide Finanzlage sorgt f\u00fcr tiefere Pr\u00e4mien f\u00fcr 2025.\" \/>\n<meta property=\"og:url\" content=\"https:\/\/www.organisator.ch\/fr\/excellence-operationnelle\/2024-06-14\/suva-tiefere-praemien-fuer-2025-und-chf-730-mio-rueckerstattung\/\" \/>\n<meta property=\"og:site_name\" content=\"Organisator\" \/>\n<meta property=\"article:publisher\" content=\"https:\/\/www.facebook.com\/OrganisatorFachmagazin\" \/>\n<meta property=\"article:published_time\" content=\"2024-06-14T11:55:08+00:00\" \/>\n<meta property=\"og:image\" content=\"https:\/\/www.organisator.ch\/wp-content\/uploads\/2024\/06\/Suva-Tiefere-Praemien-fuer-2025-und-CHF-730-Mio.-Rueckerstattung_Organisator.png\" \/>\n\t<meta property=\"og:image:width\" content=\"680\" \/>\n\t<meta property=\"og:image:height\" content=\"299\" \/>\n\t<meta property=\"og:image:type\" content=\"image\/png\" \/>\n<meta name=\"author\" content=\"thomas.berner\" \/>\n<meta name=\"twitter:card\" content=\"summary_large_image\" \/>\n<meta name=\"twitter:title\" content=\"#Suva: Tiefere Pr\u00e4mien f\u00fcr 2025 und CHF 730 Mio. #R\u00fcckerstattung\" \/>\n<meta name=\"twitter:description\" content=\"Die #Suva hat f\u00fcr das Jahr 2023 ein positives #Gesch\u00e4ftsergebnis erwirtschaftet. Die solide #Finanzlage sorgt f\u00fcr tiefere Pr\u00e4mien f\u00fcr 2025.\" \/>\n<meta name=\"twitter:image\" content=\"https:\/\/www.organisator.ch\/wp-content\/uploads\/2024\/06\/Suva-Tiefere-Praemien-fuer-2025-und-CHF-730-Mio.-Rueckerstattung_Organisator.png\" \/>\n<script type=\"application\/ld+json\" class=\"yoast-schema-graph\">{\"@context\":\"https:\\\/\\\/schema.org\",\"@graph\":[{\"@type\":\"Article\",\"@id\":\"https:\\\/\\\/www.organisator.ch\\\/operational-excellence\\\/2024-06-14\\\/suva-tiefere-praemien-fuer-2025-und-chf-730-mio-rueckerstattung\\\/#article\",\"isPartOf\":{\"@id\":\"https:\\\/\\\/www.organisator.ch\\\/operational-excellence\\\/2024-06-14\\\/suva-tiefere-praemien-fuer-2025-und-chf-730-mio-rueckerstattung\\\/\"},\"author\":{\"name\":\"thomas.berner\",\"@id\":\"https:\\\/\\\/www.organisator.ch\\\/#\\\/schema\\\/person\\\/6f650f90b2842cd4c0cc334b4e36f67e\"},\"headline\":\"Suva: Tiefere Pr\u00e4mien f\u00fcr 2025 und CHF 730 Mio. R\u00fcckerstattung\",\"datePublished\":\"2024-06-14T11:55:08+00:00\",\"mainEntityOfPage\":{\"@id\":\"https:\\\/\\\/www.organisator.ch\\\/operational-excellence\\\/2024-06-14\\\/suva-tiefere-praemien-fuer-2025-und-chf-730-mio-rueckerstattung\\\/\"},\"wordCount\":350,\"publisher\":{\"@id\":\"https:\\\/\\\/www.organisator.ch\\\/#organization\"},\"image\":{\"@id\":\"https:\\\/\\\/www.organisator.ch\\\/operational-excellence\\\/2024-06-14\\\/suva-tiefere-praemien-fuer-2025-und-chf-730-mio-rueckerstattung\\\/#primaryimage\"},\"thumbnailUrl\":\"https:\\\/\\\/www.organisator.ch\\\/wp-content\\\/uploads\\\/2024\\\/06\\\/Suva-Tiefere-Praemien-fuer-2025-und-CHF-730-Mio.-Rueckerstattung_Organisator.png\",\"keywords\":[\"Gesch\u00e4ftsbericht\",\"SUVA\",\"Versicherungen\"],\"articleSection\":[\"OPERATIONAL EXCELLENCE\"],\"inLanguage\":\"fr-FR\"},{\"@type\":\"WebPage\",\"@id\":\"https:\\\/\\\/www.organisator.ch\\\/operational-excellence\\\/2024-06-14\\\/suva-tiefere-praemien-fuer-2025-und-chf-730-mio-rueckerstattung\\\/\",\"url\":\"https:\\\/\\\/www.organisator.ch\\\/operational-excellence\\\/2024-06-14\\\/suva-tiefere-praemien-fuer-2025-und-chf-730-mio-rueckerstattung\\\/\",\"name\":\"Suva: Tiefere Pr\u00e4mien f\u00fcr 2025 und CHF 730 Mio. R\u00fcckerstattung - Organisator\",\"isPartOf\":{\"@id\":\"https:\\\/\\\/www.organisator.ch\\\/#website\"},\"primaryImageOfPage\":{\"@id\":\"https:\\\/\\\/www.organisator.ch\\\/operational-excellence\\\/2024-06-14\\\/suva-tiefere-praemien-fuer-2025-und-chf-730-mio-rueckerstattung\\\/#primaryimage\"},\"image\":{\"@id\":\"https:\\\/\\\/www.organisator.ch\\\/operational-excellence\\\/2024-06-14\\\/suva-tiefere-praemien-fuer-2025-und-chf-730-mio-rueckerstattung\\\/#primaryimage\"},\"thumbnailUrl\":\"https:\\\/\\\/www.organisator.ch\\\/wp-content\\\/uploads\\\/2024\\\/06\\\/Suva-Tiefere-Praemien-fuer-2025-und-CHF-730-Mio.-Rueckerstattung_Organisator.png\",\"datePublished\":\"2024-06-14T11:55:08+00:00\",\"description\":\"Die Suva hat f\u00fcr das Jahr 2023 ein positives Gesch\u00e4ftsergebnis erwirtschaftet. Die solide Finanzlage sorgt f\u00fcr tiefere Pr\u00e4mien f\u00fcr 2025.\",\"breadcrumb\":{\"@id\":\"https:\\\/\\\/www.organisator.ch\\\/operational-excellence\\\/2024-06-14\\\/suva-tiefere-praemien-fuer-2025-und-chf-730-mio-rueckerstattung\\\/#breadcrumb\"},\"inLanguage\":\"fr-FR\",\"potentialAction\":[{\"@type\":\"ReadAction\",\"target\":[\"https:\\\/\\\/www.organisator.ch\\\/operational-excellence\\\/2024-06-14\\\/suva-tiefere-praemien-fuer-2025-und-chf-730-mio-rueckerstattung\\\/\"]}]},{\"@type\":\"ImageObject\",\"inLanguage\":\"fr-FR\",\"@id\":\"https:\\\/\\\/www.organisator.ch\\\/operational-excellence\\\/2024-06-14\\\/suva-tiefere-praemien-fuer-2025-und-chf-730-mio-rueckerstattung\\\/#primaryimage\",\"url\":\"https:\\\/\\\/www.organisator.ch\\\/wp-content\\\/uploads\\\/2024\\\/06\\\/Suva-Tiefere-Praemien-fuer-2025-und-CHF-730-Mio.-Rueckerstattung_Organisator.png\",\"contentUrl\":\"https:\\\/\\\/www.organisator.ch\\\/wp-content\\\/uploads\\\/2024\\\/06\\\/Suva-Tiefere-Praemien-fuer-2025-und-CHF-730-Mio.-Rueckerstattung_Organisator.png\",\"width\":680,\"height\":299,\"caption\":\"K\u00f6nnen erneut tiefere Pr\u00e4mien verk\u00fcnden: Hubert Niggli, Gabriele Gendotti und Felix Weber von der Suva (v.l.n.r.). (Bild: Suva)\"},{\"@type\":\"BreadcrumbList\",\"@id\":\"https:\\\/\\\/www.organisator.ch\\\/operational-excellence\\\/2024-06-14\\\/suva-tiefere-praemien-fuer-2025-und-chf-730-mio-rueckerstattung\\\/#breadcrumb\",\"itemListElement\":[{\"@type\":\"ListItem\",\"position\":1,\"name\":\"Home\",\"item\":\"https:\\\/\\\/www.organisator.ch\\\/\"},{\"@type\":\"ListItem\",\"position\":2,\"name\":\"Suva: Tiefere Pr\u00e4mien f\u00fcr 2025 und CHF 730 Mio. R\u00fcckerstattung\"}]},{\"@type\":\"WebSite\",\"@id\":\"https:\\\/\\\/www.organisator.ch\\\/#website\",\"url\":\"https:\\\/\\\/www.organisator.ch\\\/\",\"name\":\"Organisator\",\"description\":\"Kompetent. Praxisnah. Der ORGANISATOR bereitet in 10 Ausgaben pro Jahr die wesentlichen Themen f\u00fcr F\u00fchrungskr\u00e4fte von KMU auf.\",\"publisher\":{\"@id\":\"https:\\\/\\\/www.organisator.ch\\\/#organization\"},\"potentialAction\":[{\"@type\":\"SearchAction\",\"target\":{\"@type\":\"EntryPoint\",\"urlTemplate\":\"https:\\\/\\\/www.organisator.ch\\\/?s={search_term_string}\"},\"query-input\":{\"@type\":\"PropertyValueSpecification\",\"valueRequired\":true,\"valueName\":\"search_term_string\"}}],\"inLanguage\":\"fr-FR\"},{\"@type\":\"Organization\",\"@id\":\"https:\\\/\\\/www.organisator.ch\\\/#organization\",\"name\":\"Organisator\",\"url\":\"https:\\\/\\\/www.organisator.ch\\\/\",\"logo\":{\"@type\":\"ImageObject\",\"inLanguage\":\"fr-FR\",\"@id\":\"https:\\\/\\\/www.organisator.ch\\\/#\\\/schema\\\/logo\\\/image\\\/\",\"url\":\"https:\\\/\\\/www.organisator.ch\\\/wp-content\\\/uploads\\\/2022\\\/01\\\/Logo_Organisator_Website.png\",\"contentUrl\":\"https:\\\/\\\/www.organisator.ch\\\/wp-content\\\/uploads\\\/2022\\\/01\\\/Logo_Organisator_Website.png\",\"width\":800,\"height\":77,\"caption\":\"Organisator\"},\"image\":{\"@id\":\"https:\\\/\\\/www.organisator.ch\\\/#\\\/schema\\\/logo\\\/image\\\/\"},\"sameAs\":[\"https:\\\/\\\/www.facebook.com\\\/OrganisatorFachmagazin\",\"https:\\\/\\\/www.linkedin.com\\\/showcase\\\/organisator-das-magazin-fr-kmu\",\"https:\\\/\\\/www.xing.com\\\/news\\\/pages\\\/organisator-ch-695\",\"https:\\\/\\\/www.youtube.com\\\/channel\\\/UCGP2Sq0iWaZwT3BdIAQFYpw\"]},{\"@type\":\"Person\",\"@id\":\"https:\\\/\\\/www.organisator.ch\\\/#\\\/schema\\\/person\\\/6f650f90b2842cd4c0cc334b4e36f67e\",\"name\":\"thomas.berner\",\"image\":{\"@type\":\"ImageObject\",\"inLanguage\":\"fr-FR\",\"@id\":\"https:\\\/\\\/secure.gravatar.com\\\/avatar\\\/ac5001d2a36cb6c6cd3e50789007ffca834b477b74a2144564522e944eabff61?s=96&d=mm&r=g\",\"url\":\"https:\\\/\\\/secure.gravatar.com\\\/avatar\\\/ac5001d2a36cb6c6cd3e50789007ffca834b477b74a2144564522e944eabff61?s=96&d=mm&r=g\",\"contentUrl\":\"https:\\\/\\\/secure.gravatar.com\\\/avatar\\\/ac5001d2a36cb6c6cd3e50789007ffca834b477b74a2144564522e944eabff61?s=96&d=mm&r=g\",\"caption\":\"thomas.berner\"},\"url\":\"https:\\\/\\\/www.organisator.ch\\\/fr\\\/author\\\/thomas-berner\\\/\"}]}<\/script>\n<!-- \/ Yoast SEO plugin. -->","yoast_head_json":{"title":"Suva : des primes plus basses pour 2025 et 730 millions de francs de remboursement - Organisateur","description":"La Suva a r\u00e9alis\u00e9 un r\u00e9sultat d'exploitation positif pour l'ann\u00e9e 2023. La situation financi\u00e8re solide assure des primes plus basses pour 2025.","robots":{"index":"index","follow":"follow","max-snippet":"max-snippet:-1","max-image-preview":"max-image-preview:large","max-video-preview":"max-video-preview:-1"},"canonical":"https:\/\/www.organisator.ch\/fr\/excellence-operationnelle\/2024-06-14\/suva-tiefere-praemien-fuer-2025-und-chf-730-mio-rueckerstattung\/","og_locale":"fr_FR","og_type":"article","og_title":"Suva: Tiefere Pr\u00e4mien f\u00fcr 2025 und CHF 730 Mio. R\u00fcckerstattung","og_description":"Die Suva hat f\u00fcr das Jahr 2023 ein positives Gesch\u00e4ftsergebnis erwirtschaftet. Die solide Finanzlage sorgt f\u00fcr tiefere Pr\u00e4mien f\u00fcr 2025.","og_url":"https:\/\/www.organisator.ch\/fr\/excellence-operationnelle\/2024-06-14\/suva-tiefere-praemien-fuer-2025-und-chf-730-mio-rueckerstattung\/","og_site_name":"Organisator","article_publisher":"https:\/\/www.facebook.com\/OrganisatorFachmagazin","article_published_time":"2024-06-14T11:55:08+00:00","og_image":[{"width":680,"height":299,"url":"https:\/\/www.organisator.ch\/wp-content\/uploads\/2024\/06\/Suva-Tiefere-Praemien-fuer-2025-und-CHF-730-Mio.-Rueckerstattung_Organisator.png","type":"image\/png"}],"author":"thomas.berner","twitter_card":"summary_large_image","twitter_title":"#Suva: Tiefere Pr\u00e4mien f\u00fcr 2025 und CHF 730 Mio. #R\u00fcckerstattung","twitter_description":"Die #Suva hat f\u00fcr das Jahr 2023 ein positives #Gesch\u00e4ftsergebnis erwirtschaftet. Die solide #Finanzlage sorgt f\u00fcr tiefere Pr\u00e4mien f\u00fcr 2025.","twitter_image":"https:\/\/www.organisator.ch\/wp-content\/uploads\/2024\/06\/Suva-Tiefere-Praemien-fuer-2025-und-CHF-730-Mio.-Rueckerstattung_Organisator.png","schema":{"@context":"https:\/\/schema.org","@graph":[{"@type":"Article","@id":"https:\/\/www.organisator.ch\/operational-excellence\/2024-06-14\/suva-tiefere-praemien-fuer-2025-und-chf-730-mio-rueckerstattung\/#article","isPartOf":{"@id":"https:\/\/www.organisator.ch\/operational-excellence\/2024-06-14\/suva-tiefere-praemien-fuer-2025-und-chf-730-mio-rueckerstattung\/"},"author":{"name":"thomas.berner","@id":"https:\/\/www.organisator.ch\/#\/schema\/person\/6f650f90b2842cd4c0cc334b4e36f67e"},"headline":"Suva: Tiefere Pr\u00e4mien f\u00fcr 2025 und CHF 730 Mio. R\u00fcckerstattung","datePublished":"2024-06-14T11:55:08+00:00","mainEntityOfPage":{"@id":"https:\/\/www.organisator.ch\/operational-excellence\/2024-06-14\/suva-tiefere-praemien-fuer-2025-und-chf-730-mio-rueckerstattung\/"},"wordCount":350,"publisher":{"@id":"https:\/\/www.organisator.ch\/#organization"},"image":{"@id":"https:\/\/www.organisator.ch\/operational-excellence\/2024-06-14\/suva-tiefere-praemien-fuer-2025-und-chf-730-mio-rueckerstattung\/#primaryimage"},"thumbnailUrl":"https:\/\/www.organisator.ch\/wp-content\/uploads\/2024\/06\/Suva-Tiefere-Praemien-fuer-2025-und-CHF-730-Mio.-Rueckerstattung_Organisator.png","keywords":["Gesch\u00e4ftsbericht","SUVA","Versicherungen"],"articleSection":["OPERATIONAL EXCELLENCE"],"inLanguage":"fr-FR"},{"@type":"WebPage","@id":"https:\/\/www.organisator.ch\/operational-excellence\/2024-06-14\/suva-tiefere-praemien-fuer-2025-und-chf-730-mio-rueckerstattung\/","url":"https:\/\/www.organisator.ch\/operational-excellence\/2024-06-14\/suva-tiefere-praemien-fuer-2025-und-chf-730-mio-rueckerstattung\/","name":"Suva : des primes plus basses pour 2025 et 730 millions de francs de remboursement - Organisateur","isPartOf":{"@id":"https:\/\/www.organisator.ch\/#website"},"primaryImageOfPage":{"@id":"https:\/\/www.organisator.ch\/operational-excellence\/2024-06-14\/suva-tiefere-praemien-fuer-2025-und-chf-730-mio-rueckerstattung\/#primaryimage"},"image":{"@id":"https:\/\/www.organisator.ch\/operational-excellence\/2024-06-14\/suva-tiefere-praemien-fuer-2025-und-chf-730-mio-rueckerstattung\/#primaryimage"},"thumbnailUrl":"https:\/\/www.organisator.ch\/wp-content\/uploads\/2024\/06\/Suva-Tiefere-Praemien-fuer-2025-und-CHF-730-Mio.-Rueckerstattung_Organisator.png","datePublished":"2024-06-14T11:55:08+00:00","description":"La Suva a r\u00e9alis\u00e9 un r\u00e9sultat d'exploitation positif pour l'ann\u00e9e 2023. La situation financi\u00e8re solide assure des primes plus basses pour 2025.","breadcrumb":{"@id":"https:\/\/www.organisator.ch\/operational-excellence\/2024-06-14\/suva-tiefere-praemien-fuer-2025-und-chf-730-mio-rueckerstattung\/#breadcrumb"},"inLanguage":"fr-FR","potentialAction":[{"@type":"ReadAction","target":["https:\/\/www.organisator.ch\/operational-excellence\/2024-06-14\/suva-tiefere-praemien-fuer-2025-und-chf-730-mio-rueckerstattung\/"]}]},{"@type":"ImageObject","inLanguage":"fr-FR","@id":"https:\/\/www.organisator.ch\/operational-excellence\/2024-06-14\/suva-tiefere-praemien-fuer-2025-und-chf-730-mio-rueckerstattung\/#primaryimage","url":"https:\/\/www.organisator.ch\/wp-content\/uploads\/2024\/06\/Suva-Tiefere-Praemien-fuer-2025-und-CHF-730-Mio.-Rueckerstattung_Organisator.png","contentUrl":"https:\/\/www.organisator.ch\/wp-content\/uploads\/2024\/06\/Suva-Tiefere-Praemien-fuer-2025-und-CHF-730-Mio.-Rueckerstattung_Organisator.png","width":680,"height":299,"caption":"K\u00f6nnen erneut tiefere Pr\u00e4mien verk\u00fcnden: Hubert Niggli, Gabriele Gendotti und Felix Weber von der Suva (v.l.n.r.). (Bild: Suva)"},{"@type":"BreadcrumbList","@id":"https:\/\/www.organisator.ch\/operational-excellence\/2024-06-14\/suva-tiefere-praemien-fuer-2025-und-chf-730-mio-rueckerstattung\/#breadcrumb","itemListElement":[{"@type":"ListItem","position":1,"name":"Home","item":"https:\/\/www.organisator.ch\/"},{"@type":"ListItem","position":2,"name":"Suva: Tiefere Pr\u00e4mien f\u00fcr 2025 und CHF 730 Mio. R\u00fcckerstattung"}]},{"@type":"WebSite","@id":"https:\/\/www.organisator.ch\/#website","url":"https:\/\/www.organisator.ch\/","name":"Organisateur","description":"Comp\u00e9tence et comp\u00e9tence. Proches de la pratique. L'ORGANISATEUR pr\u00e9pare 10 num\u00e9ros par an sur les th\u00e8mes essentiels pour les dirigeants de PME.","publisher":{"@id":"https:\/\/www.organisator.ch\/#organization"},"potentialAction":[{"@type":"SearchAction","target":{"@type":"EntryPoint","urlTemplate":"https:\/\/www.organisator.ch\/?s={search_term_string}"},"query-input":{"@type":"PropertyValueSpecification","valueRequired":true,"valueName":"search_term_string"}}],"inLanguage":"fr-FR"},{"@type":"Organization","@id":"https:\/\/www.organisator.ch\/#organization","name":"Organisateur","url":"https:\/\/www.organisator.ch\/","logo":{"@type":"ImageObject","inLanguage":"fr-FR","@id":"https:\/\/www.organisator.ch\/#\/schema\/logo\/image\/","url":"https:\/\/www.organisator.ch\/wp-content\/uploads\/2022\/01\/Logo_Organisator_Website.png","contentUrl":"https:\/\/www.organisator.ch\/wp-content\/uploads\/2022\/01\/Logo_Organisator_Website.png","width":800,"height":77,"caption":"Organisator"},"image":{"@id":"https:\/\/www.organisator.ch\/#\/schema\/logo\/image\/"},"sameAs":["https:\/\/www.facebook.com\/OrganisatorFachmagazin","https:\/\/www.linkedin.com\/showcase\/organisator-das-magazin-fr-kmu","https:\/\/www.xing.com\/news\/pages\/organisator-ch-695","https:\/\/www.youtube.com\/channel\/UCGP2Sq0iWaZwT3BdIAQFYpw"]},{"@type":"Person","@id":"https:\/\/www.organisator.ch\/#\/schema\/person\/6f650f90b2842cd4c0cc334b4e36f67e","name":"thomas.berner","image":{"@type":"ImageObject","inLanguage":"fr-FR","@id":"https:\/\/secure.gravatar.com\/avatar\/ac5001d2a36cb6c6cd3e50789007ffca834b477b74a2144564522e944eabff61?s=96&d=mm&r=g","url":"https:\/\/secure.gravatar.com\/avatar\/ac5001d2a36cb6c6cd3e50789007ffca834b477b74a2144564522e944eabff61?s=96&d=mm&r=g","contentUrl":"https:\/\/secure.gravatar.com\/avatar\/ac5001d2a36cb6c6cd3e50789007ffca834b477b74a2144564522e944eabff61?s=96&d=mm&r=g","caption":"thomas.berner"},"url":"https:\/\/www.organisator.ch\/fr\/author\/thomas-berner\/"}]}},"_links":{"self":[{"href":"https:\/\/www.organisator.ch\/fr\/wp-json\/wp\/v2\/posts\/27726","targetHints":{"allow":["GET"]}}],"collection":[{"href":"https:\/\/www.organisator.ch\/fr\/wp-json\/wp\/v2\/posts"}],"about":[{"href":"https:\/\/www.organisator.ch\/fr\/wp-json\/wp\/v2\/types\/post"}],"author":[{"embeddable":true,"href":"https:\/\/www.organisator.ch\/fr\/wp-json\/wp\/v2\/users\/4"}],"replies":[{"embeddable":true,"href":"https:\/\/www.organisator.ch\/fr\/wp-json\/wp\/v2\/comments?post=27726"}],"version-history":[{"count":4,"href":"https:\/\/www.organisator.ch\/fr\/wp-json\/wp\/v2\/posts\/27726\/revisions"}],"predecessor-version":[{"id":27744,"href":"https:\/\/www.organisator.ch\/fr\/wp-json\/wp\/v2\/posts\/27726\/revisions\/27744"}],"wp:featuredmedia":[{"embeddable":true,"href":"https:\/\/www.organisator.ch\/fr\/wp-json\/wp\/v2\/media\/27727"}],"wp:attachment":[{"href":"https:\/\/www.organisator.ch\/fr\/wp-json\/wp\/v2\/media?parent=27726"}],"wp:term":[{"taxonomy":"category","embeddable":true,"href":"https:\/\/www.organisator.ch\/fr\/wp-json\/wp\/v2\/categories?post=27726"},{"taxonomy":"post_tag","embeddable":true,"href":"https:\/\/www.organisator.ch\/fr\/wp-json\/wp\/v2\/tags?post=27726"}],"curies":[{"name":"wp","href":"https:\/\/api.w.org\/{rel}","templated":true}]}}