{"id":27763,"date":"2024-06-18T09:35:44","date_gmt":"2024-06-18T07:35:44","guid":{"rendered":"https:\/\/www.organisator.ch\/?p=27763"},"modified":"2024-06-18T09:35:44","modified_gmt":"2024-06-18T07:35:44","slug":"berlinger-group-mit-strategischer-neuausrichtung","status":"publish","type":"post","link":"https:\/\/www.organisator.ch\/fr\/management\/2024-06-18\/berlinger-group-mit-strategischer-neuausrichtung\/","title":{"rendered":"Le groupe Berlinger se r\u00e9oriente strat\u00e9giquement"},"content":{"rendered":"<figure id=\"attachment_27764\" aria-describedby=\"caption-attachment-27764\" style=\"width: 680px\" class=\"wp-caption alignnone\"><img loading=\"lazy\" decoding=\"async\" class=\"size-full wp-image-27764\" src=\"https:\/\/www.organisator.ch\/wp-content\/uploads\/2024\/06\/Berlinger-Group_Bild1_ps.jpg\" alt=\"\" width=\"680\" height=\"453\" srcset=\"https:\/\/www.organisator.ch\/wp-content\/uploads\/2024\/06\/Berlinger-Group_Bild1_ps.jpg 680w, https:\/\/www.organisator.ch\/wp-content\/uploads\/2024\/06\/Berlinger-Group_Bild1_ps-18x12.jpg 18w, https:\/\/www.organisator.ch\/wp-content\/uploads\/2024\/06\/Berlinger-Group_Bild1_ps-375x250.jpg 375w, https:\/\/www.organisator.ch\/wp-content\/uploads\/2024\/06\/Berlinger-Group_Bild1_ps-525x350.jpg 525w\" sizes=\"auto, (max-width: 680px) 100vw, 680px\" \/><figcaption id=\"caption-attachment-27764\" class=\"wp-caption-text\">Andrea Berlinger-Schwyter - Le business de l'antidopage reste dans la famille. (Image : Ren\u00e9 Niederer \/ www.artwiese.ch)<\/figcaption><\/figure>\n<p>Le groupe Berlinger, connu au niveau international pour ses produits antidopage et ses syst\u00e8mes de surveillance de la temp\u00e9rature \u00e0 la pointe de la technologie, se r\u00e9oriente. La soci\u00e9t\u00e9 Berlinger &amp; Co. AG (secteur de la surveillance de la temp\u00e9rature) sera officiellement vendu au troisi\u00e8me trimestre 2024 \u00e0 la soci\u00e9t\u00e9 am\u00e9ricaine Sensitech Inc (Carrier Global Corporation). La soci\u00e9t\u00e9 Berlinger Special AG (produits antidopage), leader du march\u00e9 depuis plusieurs d\u00e9cennies, restera dans le giron familial. Les deux secteurs d'activit\u00e9 continueront d'\u00eatre bas\u00e9s sur le site de production actuel \u00e0 Ganterschwil, dans le canton de Saint-Gall.<\/p>\n<h3><strong>R\u00e9orientation strat\u00e9gique du secteur de la surveillance de la temp\u00e9rature (Berlinger &amp; Co. AG)<\/strong><\/h3>\n<p>En septembre 2023, le conseil d'administration de Berlinger &amp; Co. AG a d\u00e9cid\u00e9 de repositionner strat\u00e9giquement sa division de surveillance de la temp\u00e9rature. Berlinger &amp; Co. AG a d\u00e9velopp\u00e9 au cours des trois derni\u00e8res ann\u00e9es l'une des plateformes les plus modernes au monde pour la surveillance de la cha\u00eene du froid des vaccins, des produits pharmaceutiques et des essais cliniques. Cette plateforme, connue sous le nom de marque \"Smart Systems\", ainsi que les appareils de surveillance de la temp\u00e9rature qui l'accompagnent, font partie des produits les plus innovants dans les applications correspondantes.<\/p>\n<p>Cette industrie globale exige une pr\u00e9sence mondiale et des solutions flexibles sur les diff\u00e9rents march\u00e9s. En vendant l'activit\u00e9 de surveillance de la temp\u00e9rature \u00e0 la soci\u00e9t\u00e9 am\u00e9ricaine Sensitech Inc. (Carrier Global Corporation), leader sur le march\u00e9 international, la famille propri\u00e9taire Berlinger-Schwyter veut assurer une croissance durable pour ses propres d\u00e9veloppements et positionner ses services et produits dans le monde entier.<\/p>\n<h3><strong>Reprise de Berlinger &amp; Cie SA pr\u00e9vue au troisi\u00e8me trimestre 2024<\/strong><\/h3>\n<p>Les n\u00e9gociations pour le rachat de Berlinger &amp; Co. AG ont pu \u00eatre conclues avec succ\u00e8s en juin 2024. L'acquisition formelle de l'unit\u00e9 commerciale Cold Chain Monitoring (Berlinger &amp; Co. AG, avec les filiales Antaris Solutions BV et Berlinger USA LLC) devrait \u00eatre achev\u00e9e au troisi\u00e8me trimestre 2024. La soci\u00e9t\u00e9 Sensitech Inc., bas\u00e9e \u00e0 Beverly, Massachusetts (USA), rach\u00e8te Berlinger &amp; Co. AG, (Cold Chain Monitoring) et ses quelque 85 collaborateurs.<\/p>\n<h3><strong>L'unit\u00e9 commerciale antidopage reste la propri\u00e9t\u00e9 de la famille Berlinger-Schwyter<\/strong><\/h3>\n<p>Les produits antidopage de l'unit\u00e9 commerciale Berlinger Special AG, leaders depuis des d\u00e9cennies, restent la propri\u00e9t\u00e9 de la famille propri\u00e9taire Berlinger-Schwyter. Berlinger Special AG produit sous la marque \"BEREG Kits\" des r\u00e9cipients de contr\u00f4le antidopage pour des applications humaines et animales. Ceux-ci sont utilis\u00e9s dans le monde entier lors de presque toutes les manifestations sportives importantes et des entra\u00eenements pr\u00e9paratoires. Depuis une dizaine d'ann\u00e9es, les animaux sont de plus en plus soumis \u00e0 des contr\u00f4les antidopage lors des grandes manifestations et des entra\u00eenements. Berlinger Special AG est \u00e9galement leader dans ce segment en pleine croissance.<\/p>\n<h3><strong>Planification commerciale durable<\/strong><\/h3>\n<p>Avec cette \u00e9tape strat\u00e9gique importante, les conseils d'administration des soci\u00e9t\u00e9s Berlinger (Berlinger &amp; Co. AG et Berlinger Special AG) s'assurent que les deux soci\u00e9t\u00e9s, dans des domaines d'activit\u00e9 diff\u00e9rents, puissent continuer \u00e0 se d\u00e9velopper avec succ\u00e8s et de mani\u00e8re rentable. Avec ses deux unit\u00e9s commerciales, le groupe suisse Berlinger est d\u00e9j\u00e0 actif \u00e0 plus de 90% sur le march\u00e9 international. L'acc\u00e8s aux march\u00e9s internationaux est d'une importance capitale pour le d\u00e9veloppement durable de tous les services du groupe Berlinger.<\/p>\n<p>La vente de l'entreprise de surveillance de la temp\u00e9rature Berlinger &amp; Co. AG \u00e0 la soci\u00e9t\u00e9 am\u00e9ricaine Sensitech Inc. a \u00e9t\u00e9 jug\u00e9e par le conseil d'administration comme une variante id\u00e9ale et garante d'avenir pour les propres innovations. Sensitech Inc. est le leader mondial dans le domaine des syst\u00e8mes de surveillance de la temp\u00e9rature. L'int\u00e9gration des syst\u00e8mes et des services d\u00e9velopp\u00e9s en Suisse et aux Pays-Bas dans un groupe international (Carrier Global Corporation) permet un d\u00e9veloppement continu et une pr\u00e9sence globale sur les march\u00e9s respectifs.<\/p>\n<p>L'acquisition formelle de Berlinger &amp; Co. AG (syst\u00e8mes de surveillance de la temp\u00e9rature) est attendue pour le troisi\u00e8me trimestre 2024. L'ex\u00e9cution de la transaction sera communiqu\u00e9e publiquement. Concernant le prix d'acquisition, il a \u00e9t\u00e9 convenu de mani\u00e8re tacite.<\/p>\n<p><em>Source : <a href=\"http:\/\/www.berlinger.com\">www.berlinger.com<\/a><\/em><\/p>","protected":false},"excerpt":{"rendered":"<p>Vente de la division de surveillance de la temp\u00e9rature \u00e0 la soci\u00e9t\u00e9 am\u00e9ricaine Sensitech Inc. L'activit\u00e9 antidopage reste dans la famille. <\/p>","protected":false},"author":58,"featured_media":27764,"comment_status":"closed","ping_status":"closed","sticky":false,"template":"","format":"standard","meta":{"_acf_changed":false,"_yoast_wpseo_focuskw":"Berlinger Group","_yoast_wpseo_metadesc":"Verkauf der Temperatur-\u00dcberwachungssparte an die U.S. amerikanische Sensitech Inc. Anti-Doping-Gesch\u00e4ft bleibt im Familienbesitz.","articlekey":"","footnotes":""},"categories":[28],"tags":[334,361,424,492],"class_list":["post-27763","post","type-post","status-publish","format-standard","has-post-thumbnail","hentry","category-management","tag-management","tag-neuausrichtung","tag-schweiz","tag-unternehmen"],"acf":[],"yoast_head":"<!-- This site is optimized with the Yoast SEO plugin v27.4 - https:\/\/yoast.com\/product\/yoast-seo-wordpress\/ -->\n<title>Berlinger Group mit strategischer Neuausrichtung - Organisator<\/title>\n<meta name=\"description\" content=\"Verkauf der Temperatur-\u00dcberwachungssparte an die U.S. amerikanische Sensitech Inc. Anti-Doping-Gesch\u00e4ft bleibt im Familienbesitz.\" \/>\n<meta name=\"robots\" content=\"index, follow, max-snippet:-1, max-image-preview:large, max-video-preview:-1\" \/>\n<link rel=\"canonical\" href=\"https:\/\/www.organisator.ch\/fr\/gestion-2\/2024-06-18\/berlinger-group-mit-strategischer-neuausrichtung\/\" \/>\n<meta property=\"og:locale\" content=\"fr_FR\" \/>\n<meta property=\"og:type\" content=\"article\" \/>\n<meta property=\"og:title\" content=\"Berlinger Group mit strategischer Neuausrichtung\" \/>\n<meta property=\"og:description\" content=\"Verkauf der Temperatur-\u00dcberwachungssparte an die U.S. amerikanische Sensitech Inc. Anti-Doping-Gesch\u00e4ft bleibt im Familienbesitz.\" \/>\n<meta property=\"og:url\" content=\"https:\/\/www.organisator.ch\/fr\/gestion-2\/2024-06-18\/berlinger-group-mit-strategischer-neuausrichtung\/\" \/>\n<meta property=\"og:site_name\" content=\"Organisator\" \/>\n<meta property=\"article:publisher\" content=\"https:\/\/www.facebook.com\/OrganisatorFachmagazin\" \/>\n<meta property=\"article:published_time\" content=\"2024-06-18T07:35:44+00:00\" \/>\n<meta property=\"og:image\" content=\"https:\/\/www.organisator.ch\/wp-content\/uploads\/2024\/06\/Berlinger-Group_Bild1_ps.jpg\" \/>\n\t<meta property=\"og:image:width\" content=\"680\" \/>\n\t<meta property=\"og:image:height\" content=\"453\" \/>\n\t<meta property=\"og:image:type\" content=\"image\/jpeg\" \/>\n<meta name=\"author\" content=\"Adelisa Kalajdzini\" \/>\n<meta name=\"twitter:card\" content=\"summary_large_image\" \/>\n<meta name=\"twitter:title\" content=\"Berlinger Group mit strategischer Neuausrichtung\" \/>\n<meta name=\"twitter:description\" content=\"#Verkauf der #Temperatur-\u00dcberwachungssparte an die U.S. amerikanische Sensitech Inc. #Anti-Doping-Gesch\u00e4ft bleibt im #Familienbesitz.\" \/>\n<meta name=\"twitter:image\" content=\"https:\/\/www.organisator.ch\/wp-content\/uploads\/2024\/06\/Berlinger-Group_Bild1_ps.jpg\" \/>\n<script type=\"application\/ld+json\" class=\"yoast-schema-graph\">{\"@context\":\"https:\\\/\\\/schema.org\",\"@graph\":[{\"@type\":\"Article\",\"@id\":\"https:\\\/\\\/www.organisator.ch\\\/management\\\/2024-06-18\\\/berlinger-group-mit-strategischer-neuausrichtung\\\/#article\",\"isPartOf\":{\"@id\":\"https:\\\/\\\/www.organisator.ch\\\/management\\\/2024-06-18\\\/berlinger-group-mit-strategischer-neuausrichtung\\\/\"},\"author\":{\"name\":\"Adelisa Kalajdzini\",\"@id\":\"https:\\\/\\\/www.organisator.ch\\\/#\\\/schema\\\/person\\\/2e1314a2172123f874db408d8911d3f3\"},\"headline\":\"Berlinger Group mit strategischer Neuausrichtung\",\"datePublished\":\"2024-06-18T07:35:44+00:00\",\"mainEntityOfPage\":{\"@id\":\"https:\\\/\\\/www.organisator.ch\\\/management\\\/2024-06-18\\\/berlinger-group-mit-strategischer-neuausrichtung\\\/\"},\"wordCount\":593,\"publisher\":{\"@id\":\"https:\\\/\\\/www.organisator.ch\\\/#organization\"},\"image\":{\"@id\":\"https:\\\/\\\/www.organisator.ch\\\/management\\\/2024-06-18\\\/berlinger-group-mit-strategischer-neuausrichtung\\\/#primaryimage\"},\"thumbnailUrl\":\"https:\\\/\\\/www.organisator.ch\\\/wp-content\\\/uploads\\\/2024\\\/06\\\/Berlinger-Group_Bild1_ps.jpg\",\"keywords\":[\"Management\",\"Neuausrichtung\",\"Schweiz\",\"Unternehmen\"],\"articleSection\":[\"MANAGEMENT\"],\"inLanguage\":\"fr-FR\"},{\"@type\":\"WebPage\",\"@id\":\"https:\\\/\\\/www.organisator.ch\\\/management\\\/2024-06-18\\\/berlinger-group-mit-strategischer-neuausrichtung\\\/\",\"url\":\"https:\\\/\\\/www.organisator.ch\\\/management\\\/2024-06-18\\\/berlinger-group-mit-strategischer-neuausrichtung\\\/\",\"name\":\"Berlinger Group mit strategischer Neuausrichtung - Organisator\",\"isPartOf\":{\"@id\":\"https:\\\/\\\/www.organisator.ch\\\/#website\"},\"primaryImageOfPage\":{\"@id\":\"https:\\\/\\\/www.organisator.ch\\\/management\\\/2024-06-18\\\/berlinger-group-mit-strategischer-neuausrichtung\\\/#primaryimage\"},\"image\":{\"@id\":\"https:\\\/\\\/www.organisator.ch\\\/management\\\/2024-06-18\\\/berlinger-group-mit-strategischer-neuausrichtung\\\/#primaryimage\"},\"thumbnailUrl\":\"https:\\\/\\\/www.organisator.ch\\\/wp-content\\\/uploads\\\/2024\\\/06\\\/Berlinger-Group_Bild1_ps.jpg\",\"datePublished\":\"2024-06-18T07:35:44+00:00\",\"description\":\"Verkauf der Temperatur-\u00dcberwachungssparte an die U.S. amerikanische Sensitech Inc. Anti-Doping-Gesch\u00e4ft bleibt im Familienbesitz.\",\"breadcrumb\":{\"@id\":\"https:\\\/\\\/www.organisator.ch\\\/management\\\/2024-06-18\\\/berlinger-group-mit-strategischer-neuausrichtung\\\/#breadcrumb\"},\"inLanguage\":\"fr-FR\",\"potentialAction\":[{\"@type\":\"ReadAction\",\"target\":[\"https:\\\/\\\/www.organisator.ch\\\/management\\\/2024-06-18\\\/berlinger-group-mit-strategischer-neuausrichtung\\\/\"]}]},{\"@type\":\"ImageObject\",\"inLanguage\":\"fr-FR\",\"@id\":\"https:\\\/\\\/www.organisator.ch\\\/management\\\/2024-06-18\\\/berlinger-group-mit-strategischer-neuausrichtung\\\/#primaryimage\",\"url\":\"https:\\\/\\\/www.organisator.ch\\\/wp-content\\\/uploads\\\/2024\\\/06\\\/Berlinger-Group_Bild1_ps.jpg\",\"contentUrl\":\"https:\\\/\\\/www.organisator.ch\\\/wp-content\\\/uploads\\\/2024\\\/06\\\/Berlinger-Group_Bild1_ps.jpg\",\"width\":680,\"height\":453,\"caption\":\"Andrea Berlinger-Schwyter - Anti-Doping-Gesch\u00e4ft bleibt im Familienbesitz. (Bild: Ren\u00e9 Niederer \\\/ www.artwiese.ch)\"},{\"@type\":\"BreadcrumbList\",\"@id\":\"https:\\\/\\\/www.organisator.ch\\\/management\\\/2024-06-18\\\/berlinger-group-mit-strategischer-neuausrichtung\\\/#breadcrumb\",\"itemListElement\":[{\"@type\":\"ListItem\",\"position\":1,\"name\":\"Home\",\"item\":\"https:\\\/\\\/www.organisator.ch\\\/\"},{\"@type\":\"ListItem\",\"position\":2,\"name\":\"Berlinger Group mit strategischer Neuausrichtung\"}]},{\"@type\":\"WebSite\",\"@id\":\"https:\\\/\\\/www.organisator.ch\\\/#website\",\"url\":\"https:\\\/\\\/www.organisator.ch\\\/\",\"name\":\"Organisator\",\"description\":\"Kompetent. Praxisnah. Der ORGANISATOR bereitet in 10 Ausgaben pro Jahr die wesentlichen Themen f\u00fcr F\u00fchrungskr\u00e4fte von KMU auf.\",\"publisher\":{\"@id\":\"https:\\\/\\\/www.organisator.ch\\\/#organization\"},\"potentialAction\":[{\"@type\":\"SearchAction\",\"target\":{\"@type\":\"EntryPoint\",\"urlTemplate\":\"https:\\\/\\\/www.organisator.ch\\\/?s={search_term_string}\"},\"query-input\":{\"@type\":\"PropertyValueSpecification\",\"valueRequired\":true,\"valueName\":\"search_term_string\"}}],\"inLanguage\":\"fr-FR\"},{\"@type\":\"Organization\",\"@id\":\"https:\\\/\\\/www.organisator.ch\\\/#organization\",\"name\":\"Organisator\",\"url\":\"https:\\\/\\\/www.organisator.ch\\\/\",\"logo\":{\"@type\":\"ImageObject\",\"inLanguage\":\"fr-FR\",\"@id\":\"https:\\\/\\\/www.organisator.ch\\\/#\\\/schema\\\/logo\\\/image\\\/\",\"url\":\"https:\\\/\\\/www.organisator.ch\\\/wp-content\\\/uploads\\\/2022\\\/01\\\/Logo_Organisator_Website.png\",\"contentUrl\":\"https:\\\/\\\/www.organisator.ch\\\/wp-content\\\/uploads\\\/2022\\\/01\\\/Logo_Organisator_Website.png\",\"width\":800,\"height\":77,\"caption\":\"Organisator\"},\"image\":{\"@id\":\"https:\\\/\\\/www.organisator.ch\\\/#\\\/schema\\\/logo\\\/image\\\/\"},\"sameAs\":[\"https:\\\/\\\/www.facebook.com\\\/OrganisatorFachmagazin\",\"https:\\\/\\\/www.linkedin.com\\\/showcase\\\/organisator-das-magazin-fr-kmu\",\"https:\\\/\\\/www.xing.com\\\/news\\\/pages\\\/organisator-ch-695\",\"https:\\\/\\\/www.youtube.com\\\/channel\\\/UCGP2Sq0iWaZwT3BdIAQFYpw\"]},{\"@type\":\"Person\",\"@id\":\"https:\\\/\\\/www.organisator.ch\\\/#\\\/schema\\\/person\\\/2e1314a2172123f874db408d8911d3f3\",\"name\":\"Adelisa Kalajdzini\",\"image\":{\"@type\":\"ImageObject\",\"inLanguage\":\"fr-FR\",\"@id\":\"https:\\\/\\\/secure.gravatar.com\\\/avatar\\\/09a397c22ac58cad6f160ee8306348599df9df58a8ede73696226897b9fa4b24?s=96&d=mm&r=g\",\"url\":\"https:\\\/\\\/secure.gravatar.com\\\/avatar\\\/09a397c22ac58cad6f160ee8306348599df9df58a8ede73696226897b9fa4b24?s=96&d=mm&r=g\",\"contentUrl\":\"https:\\\/\\\/secure.gravatar.com\\\/avatar\\\/09a397c22ac58cad6f160ee8306348599df9df58a8ede73696226897b9fa4b24?s=96&d=mm&r=g\",\"caption\":\"Adelisa Kalajdzini\"},\"url\":\"https:\\\/\\\/www.organisator.ch\\\/fr\\\/author\\\/adelisa-kalajdzini\\\/\"}]}<\/script>\n<!-- \/ Yoast SEO plugin. -->","yoast_head_json":{"title":"Berlinger Group avec une nouvelle orientation strat\u00e9gique - Organisateur","description":"Vente de la division de surveillance de la temp\u00e9rature \u00e0 la soci\u00e9t\u00e9 am\u00e9ricaine Sensitech Inc. L'activit\u00e9 antidopage reste dans la famille.","robots":{"index":"index","follow":"follow","max-snippet":"max-snippet:-1","max-image-preview":"max-image-preview:large","max-video-preview":"max-video-preview:-1"},"canonical":"https:\/\/www.organisator.ch\/fr\/gestion-2\/2024-06-18\/berlinger-group-mit-strategischer-neuausrichtung\/","og_locale":"fr_FR","og_type":"article","og_title":"Berlinger Group mit strategischer Neuausrichtung","og_description":"Verkauf der Temperatur-\u00dcberwachungssparte an die U.S. amerikanische Sensitech Inc. Anti-Doping-Gesch\u00e4ft bleibt im Familienbesitz.","og_url":"https:\/\/www.organisator.ch\/fr\/gestion-2\/2024-06-18\/berlinger-group-mit-strategischer-neuausrichtung\/","og_site_name":"Organisator","article_publisher":"https:\/\/www.facebook.com\/OrganisatorFachmagazin","article_published_time":"2024-06-18T07:35:44+00:00","og_image":[{"width":680,"height":453,"url":"https:\/\/www.organisator.ch\/wp-content\/uploads\/2024\/06\/Berlinger-Group_Bild1_ps.jpg","type":"image\/jpeg"}],"author":"Adelisa Kalajdzini","twitter_card":"summary_large_image","twitter_title":"Berlinger Group mit strategischer Neuausrichtung","twitter_description":"#Verkauf der #Temperatur-\u00dcberwachungssparte an die U.S. amerikanische Sensitech Inc. #Anti-Doping-Gesch\u00e4ft bleibt im #Familienbesitz.","twitter_image":"https:\/\/www.organisator.ch\/wp-content\/uploads\/2024\/06\/Berlinger-Group_Bild1_ps.jpg","schema":{"@context":"https:\/\/schema.org","@graph":[{"@type":"Article","@id":"https:\/\/www.organisator.ch\/management\/2024-06-18\/berlinger-group-mit-strategischer-neuausrichtung\/#article","isPartOf":{"@id":"https:\/\/www.organisator.ch\/management\/2024-06-18\/berlinger-group-mit-strategischer-neuausrichtung\/"},"author":{"name":"Adelisa Kalajdzini","@id":"https:\/\/www.organisator.ch\/#\/schema\/person\/2e1314a2172123f874db408d8911d3f3"},"headline":"Berlinger Group mit strategischer Neuausrichtung","datePublished":"2024-06-18T07:35:44+00:00","mainEntityOfPage":{"@id":"https:\/\/www.organisator.ch\/management\/2024-06-18\/berlinger-group-mit-strategischer-neuausrichtung\/"},"wordCount":593,"publisher":{"@id":"https:\/\/www.organisator.ch\/#organization"},"image":{"@id":"https:\/\/www.organisator.ch\/management\/2024-06-18\/berlinger-group-mit-strategischer-neuausrichtung\/#primaryimage"},"thumbnailUrl":"https:\/\/www.organisator.ch\/wp-content\/uploads\/2024\/06\/Berlinger-Group_Bild1_ps.jpg","keywords":["Management","Neuausrichtung","Schweiz","Unternehmen"],"articleSection":["MANAGEMENT"],"inLanguage":"fr-FR"},{"@type":"WebPage","@id":"https:\/\/www.organisator.ch\/management\/2024-06-18\/berlinger-group-mit-strategischer-neuausrichtung\/","url":"https:\/\/www.organisator.ch\/management\/2024-06-18\/berlinger-group-mit-strategischer-neuausrichtung\/","name":"Berlinger Group avec une nouvelle orientation strat\u00e9gique - Organisateur","isPartOf":{"@id":"https:\/\/www.organisator.ch\/#website"},"primaryImageOfPage":{"@id":"https:\/\/www.organisator.ch\/management\/2024-06-18\/berlinger-group-mit-strategischer-neuausrichtung\/#primaryimage"},"image":{"@id":"https:\/\/www.organisator.ch\/management\/2024-06-18\/berlinger-group-mit-strategischer-neuausrichtung\/#primaryimage"},"thumbnailUrl":"https:\/\/www.organisator.ch\/wp-content\/uploads\/2024\/06\/Berlinger-Group_Bild1_ps.jpg","datePublished":"2024-06-18T07:35:44+00:00","description":"Vente de la division de surveillance de la temp\u00e9rature \u00e0 la soci\u00e9t\u00e9 am\u00e9ricaine Sensitech Inc. L'activit\u00e9 antidopage reste dans la famille.","breadcrumb":{"@id":"https:\/\/www.organisator.ch\/management\/2024-06-18\/berlinger-group-mit-strategischer-neuausrichtung\/#breadcrumb"},"inLanguage":"fr-FR","potentialAction":[{"@type":"ReadAction","target":["https:\/\/www.organisator.ch\/management\/2024-06-18\/berlinger-group-mit-strategischer-neuausrichtung\/"]}]},{"@type":"ImageObject","inLanguage":"fr-FR","@id":"https:\/\/www.organisator.ch\/management\/2024-06-18\/berlinger-group-mit-strategischer-neuausrichtung\/#primaryimage","url":"https:\/\/www.organisator.ch\/wp-content\/uploads\/2024\/06\/Berlinger-Group_Bild1_ps.jpg","contentUrl":"https:\/\/www.organisator.ch\/wp-content\/uploads\/2024\/06\/Berlinger-Group_Bild1_ps.jpg","width":680,"height":453,"caption":"Andrea Berlinger-Schwyter - Anti-Doping-Gesch\u00e4ft bleibt im Familienbesitz. (Bild: Ren\u00e9 Niederer \/ www.artwiese.ch)"},{"@type":"BreadcrumbList","@id":"https:\/\/www.organisator.ch\/management\/2024-06-18\/berlinger-group-mit-strategischer-neuausrichtung\/#breadcrumb","itemListElement":[{"@type":"ListItem","position":1,"name":"Home","item":"https:\/\/www.organisator.ch\/"},{"@type":"ListItem","position":2,"name":"Berlinger Group mit strategischer Neuausrichtung"}]},{"@type":"WebSite","@id":"https:\/\/www.organisator.ch\/#website","url":"https:\/\/www.organisator.ch\/","name":"Organisateur","description":"Comp\u00e9tence et comp\u00e9tence. Proches de la pratique. L'ORGANISATEUR pr\u00e9pare 10 num\u00e9ros par an sur les th\u00e8mes essentiels pour les dirigeants de PME.","publisher":{"@id":"https:\/\/www.organisator.ch\/#organization"},"potentialAction":[{"@type":"SearchAction","target":{"@type":"EntryPoint","urlTemplate":"https:\/\/www.organisator.ch\/?s={search_term_string}"},"query-input":{"@type":"PropertyValueSpecification","valueRequired":true,"valueName":"search_term_string"}}],"inLanguage":"fr-FR"},{"@type":"Organization","@id":"https:\/\/www.organisator.ch\/#organization","name":"Organisateur","url":"https:\/\/www.organisator.ch\/","logo":{"@type":"ImageObject","inLanguage":"fr-FR","@id":"https:\/\/www.organisator.ch\/#\/schema\/logo\/image\/","url":"https:\/\/www.organisator.ch\/wp-content\/uploads\/2022\/01\/Logo_Organisator_Website.png","contentUrl":"https:\/\/www.organisator.ch\/wp-content\/uploads\/2022\/01\/Logo_Organisator_Website.png","width":800,"height":77,"caption":"Organisator"},"image":{"@id":"https:\/\/www.organisator.ch\/#\/schema\/logo\/image\/"},"sameAs":["https:\/\/www.facebook.com\/OrganisatorFachmagazin","https:\/\/www.linkedin.com\/showcase\/organisator-das-magazin-fr-kmu","https:\/\/www.xing.com\/news\/pages\/organisator-ch-695","https:\/\/www.youtube.com\/channel\/UCGP2Sq0iWaZwT3BdIAQFYpw"]},{"@type":"Person","@id":"https:\/\/www.organisator.ch\/#\/schema\/person\/2e1314a2172123f874db408d8911d3f3","name":"Adelisa Kalajdzini","image":{"@type":"ImageObject","inLanguage":"fr-FR","@id":"https:\/\/secure.gravatar.com\/avatar\/09a397c22ac58cad6f160ee8306348599df9df58a8ede73696226897b9fa4b24?s=96&d=mm&r=g","url":"https:\/\/secure.gravatar.com\/avatar\/09a397c22ac58cad6f160ee8306348599df9df58a8ede73696226897b9fa4b24?s=96&d=mm&r=g","contentUrl":"https:\/\/secure.gravatar.com\/avatar\/09a397c22ac58cad6f160ee8306348599df9df58a8ede73696226897b9fa4b24?s=96&d=mm&r=g","caption":"Adelisa Kalajdzini"},"url":"https:\/\/www.organisator.ch\/fr\/author\/adelisa-kalajdzini\/"}]}},"_links":{"self":[{"href":"https:\/\/www.organisator.ch\/fr\/wp-json\/wp\/v2\/posts\/27763","targetHints":{"allow":["GET"]}}],"collection":[{"href":"https:\/\/www.organisator.ch\/fr\/wp-json\/wp\/v2\/posts"}],"about":[{"href":"https:\/\/www.organisator.ch\/fr\/wp-json\/wp\/v2\/types\/post"}],"author":[{"embeddable":true,"href":"https:\/\/www.organisator.ch\/fr\/wp-json\/wp\/v2\/users\/58"}],"replies":[{"embeddable":true,"href":"https:\/\/www.organisator.ch\/fr\/wp-json\/wp\/v2\/comments?post=27763"}],"version-history":[{"count":3,"href":"https:\/\/www.organisator.ch\/fr\/wp-json\/wp\/v2\/posts\/27763\/revisions"}],"predecessor-version":[{"id":27823,"href":"https:\/\/www.organisator.ch\/fr\/wp-json\/wp\/v2\/posts\/27763\/revisions\/27823"}],"wp:featuredmedia":[{"embeddable":true,"href":"https:\/\/www.organisator.ch\/fr\/wp-json\/wp\/v2\/media\/27764"}],"wp:attachment":[{"href":"https:\/\/www.organisator.ch\/fr\/wp-json\/wp\/v2\/media?parent=27763"}],"wp:term":[{"taxonomy":"category","embeddable":true,"href":"https:\/\/www.organisator.ch\/fr\/wp-json\/wp\/v2\/categories?post=27763"},{"taxonomy":"post_tag","embeddable":true,"href":"https:\/\/www.organisator.ch\/fr\/wp-json\/wp\/v2\/tags?post=27763"}],"curies":[{"name":"wp","href":"https:\/\/api.w.org\/{rel}","templated":true}]}}