{"id":27829,"date":"2024-06-19T10:51:05","date_gmt":"2024-06-19T08:51:05","guid":{"rendered":"https:\/\/www.werbewoche.ch\/?p=216861"},"modified":"2024-11-10T10:00:26","modified_gmt":"2024-11-10T09:00:26","slug":"gfk-schweizer-detailhandel-legt-dank-food-weiter-zu","status":"publish","type":"post","link":"https:\/\/www.organisator.ch\/fr\/marketing\/2024-06-19\/gfk-schweizer-detailhandel-legt-dank-food-weiter-zu\/","title":{"rendered":"GfK : le commerce de d\u00e9tail suisse continue de progresser gr\u00e2ce \u00e0 l'alimentation"},"content":{"rendered":"<p><img class=\"alignnone wp-image-216862 size-full\" src=\"https:\/\/www.werbewoche.ch\/wp-content\/uploads\/2024\/06\/GfK1.jpg\" alt=\"Chiffres d&#039;affaires du commerce de d\u00e9tail suisse\" width=\"1200\" height=\"666\" \/>Les chiffres d'affaires du commerce de d\u00e9tail en valeur ont \u00e0 nouveau l\u00e9g\u00e8rement augment\u00e9 pour atteindre 103 milliards de francs suisses. Au total, les chiffres d'affaires du commerce de d\u00e9tail suisse ont augment\u00e9 d'environ un demi-milliard de francs suisses en 2023, pour atteindre 103 milliards de francs suisses. Cela correspond \u00e0 une augmentation de 0,5% par rapport \u00e0 l'ann\u00e9e pr\u00e9c\u00e9dente. La croissance d\u00e9mographique et l'\u00e9volution positive du secteur alimentaire ont notamment contribu\u00e9 \u00e0 cette \u00e9volution.<\/p>\r\n<p><img class=\"alignnone size-full wp-image-216863\" src=\"https:\/\/www.werbewoche.ch\/wp-content\/uploads\/2024\/06\/Gfk2.jpg\" alt=\"\" width=\"1200\" height=\"680\" \/><br \/>\r\nEn 2023, les consommateurs suisses ont achet\u00e9 pour 14,4 milliards de francs suisses de biens et de marchandises en ligne. Cela correspond \u00e0 une augmentation de 0,4 milliard de francs suisses ou 3 % par rapport \u00e0 l'ann\u00e9e pr\u00e9c\u00e9dente. La consommation en ligne sur Internet augmente de 0,2 milliard en 2023 par rapport \u00e0 l'ann\u00e9e pr\u00e9c\u00e9dente. Les achats en ligne \u00e0 l'\u00e9tranger ont atteint un nouveau record avec 2,2 milliards de francs suisses et augmentent de 10 % par rapport \u00e0 2022. Les moteurs de cette croissance sont les petits colis en provenance d'Asie. Ceux-ci sont livr\u00e9s par les grandes plateformes, principalement par fret a\u00e9rien, directement \u00e0 Zurich et Gen\u00e8ve. D'ici la fin de l'ann\u00e9e, on s'attend globalement \u00e0 une croissance mod\u00e9r\u00e9e du chiffre d'affaires allant jusqu'\u00e0 1 pour cent. La barre des 104 milliards de francs suisses sera ainsi d\u00e9pass\u00e9e pour la premi\u00e8re fois.<\/p>","protected":false},"excerpt":{"rendered":"<p>Pour la 34e fois, GfK a publi\u00e9 le Detailhandel Schweiz (commerce de d\u00e9tail suisse) avec des chiffres cl\u00e9s pertinents et des hit-parades sur le commerce de d\u00e9tail suisse et le commerce en ligne, ainsi que les tendances actuelles. Il en ressort que le commerce de d\u00e9tail continue de progresser.<\/p>","protected":false},"author":8,"featured_media":0,"comment_status":"closed","ping_status":"closed","sticky":false,"template":"","format":"standard","meta":{"_acf_changed":false,"_yoast_wpseo_focuskw":"Schweizer Detailhandelsums\u00e4tze","_yoast_wpseo_metadesc":"Schweizer Detailhandelsums\u00e4tze steigen 2023 auf 103 Milliarden CHF. Onlineeinkauf im Ausland w\u00e4chst um 10 Prozent.","articlekey":"","footnotes":""},"categories":[29],"tags":[149,3610,341],"class_list":["post-27829","post","type-post","status-publish","format-standard","hentry","category-marketing","tag-detailhandel","tag-gfk","tag-marktforschung"],"acf":[],"yoast_head":"<!-- This site is optimized with the Yoast SEO plugin v27.5 - https:\/\/yoast.com\/product\/yoast-seo-wordpress\/ -->\n<title>GfK: Schweizer Detailhandel legt dank Food weiter zu - Organisator<\/title>\n<meta name=\"description\" content=\"Schweizer Detailhandelsums\u00e4tze steigen 2023 auf 103 Milliarden CHF. Onlineeinkauf im Ausland w\u00e4chst um 10 Prozent.\" \/>\n<meta name=\"robots\" content=\"index, follow, max-snippet:-1, max-image-preview:large, max-video-preview:-1\" \/>\n<link rel=\"canonical\" href=\"https:\/\/www.organisator.ch\/fr\/marketing\/2024-06-19\/gfk-schweizer-detailhandel-legt-dank-food-weiter-zu\/\" \/>\n<meta property=\"og:locale\" content=\"fr_FR\" \/>\n<meta property=\"og:type\" content=\"article\" \/>\n<meta property=\"og:title\" content=\"GfK: Schweizer Detailhandel legt dank Food weiter zu - Organisator\" \/>\n<meta property=\"og:description\" content=\"Schweizer Detailhandelsums\u00e4tze steigen 2023 auf 103 Milliarden CHF. Onlineeinkauf im Ausland w\u00e4chst um 10 Prozent.\" \/>\n<meta property=\"og:url\" content=\"https:\/\/www.organisator.ch\/fr\/marketing\/2024-06-19\/gfk-schweizer-detailhandel-legt-dank-food-weiter-zu\/\" \/>\n<meta property=\"og:site_name\" content=\"Organisator\" \/>\n<meta property=\"article:publisher\" content=\"https:\/\/www.facebook.com\/OrganisatorFachmagazin\" \/>\n<meta property=\"article:published_time\" content=\"2024-06-19T08:51:05+00:00\" \/>\n<meta property=\"article:modified_time\" content=\"2024-11-10T09:00:26+00:00\" \/>\n<meta property=\"og:image\" content=\"https:\/\/www.werbewoche.ch\/wp-content\/uploads\/2024\/06\/GfK1.jpg\" \/>\n<meta name=\"author\" content=\"galledia\" \/>\n<meta name=\"twitter:card\" content=\"summary_large_image\" \/>\n<meta name=\"twitter:creator\" content=\"@admin\" \/>\n<script type=\"application\/ld+json\" class=\"yoast-schema-graph\">{\"@context\":\"https:\\\/\\\/schema.org\",\"@graph\":[{\"@type\":\"Article\",\"@id\":\"https:\\\/\\\/www.organisator.ch\\\/marketing\\\/2024-06-19\\\/gfk-schweizer-detailhandel-legt-dank-food-weiter-zu\\\/#article\",\"isPartOf\":{\"@id\":\"https:\\\/\\\/www.organisator.ch\\\/marketing\\\/2024-06-19\\\/gfk-schweizer-detailhandel-legt-dank-food-weiter-zu\\\/\"},\"author\":{\"name\":\"galledia\",\"@id\":\"https:\\\/\\\/www.organisator.ch\\\/#\\\/schema\\\/person\\\/4e51799071cd2dd1232ac003643ef5f0\"},\"headline\":\"GfK: Schweizer Detailhandel legt dank Food weiter zu\",\"datePublished\":\"2024-06-19T08:51:05+00:00\",\"dateModified\":\"2024-11-10T09:00:26+00:00\",\"mainEntityOfPage\":{\"@id\":\"https:\\\/\\\/www.organisator.ch\\\/marketing\\\/2024-06-19\\\/gfk-schweizer-detailhandel-legt-dank-food-weiter-zu\\\/\"},\"wordCount\":177,\"publisher\":{\"@id\":\"https:\\\/\\\/www.organisator.ch\\\/#organization\"},\"image\":{\"@id\":\"https:\\\/\\\/www.organisator.ch\\\/marketing\\\/2024-06-19\\\/gfk-schweizer-detailhandel-legt-dank-food-weiter-zu\\\/#primaryimage\"},\"thumbnailUrl\":\"https:\\\/\\\/www.werbewoche.ch\\\/wp-content\\\/uploads\\\/2024\\\/06\\\/GfK1.jpg\",\"keywords\":[\"Detailhandel\",\"Gfk\",\"Marktforschung\"],\"articleSection\":[\"MARKETING\"],\"inLanguage\":\"fr-FR\"},{\"@type\":\"WebPage\",\"@id\":\"https:\\\/\\\/www.organisator.ch\\\/marketing\\\/2024-06-19\\\/gfk-schweizer-detailhandel-legt-dank-food-weiter-zu\\\/\",\"url\":\"https:\\\/\\\/www.organisator.ch\\\/marketing\\\/2024-06-19\\\/gfk-schweizer-detailhandel-legt-dank-food-weiter-zu\\\/\",\"name\":\"GfK: Schweizer Detailhandel legt dank Food weiter zu - Organisator\",\"isPartOf\":{\"@id\":\"https:\\\/\\\/www.organisator.ch\\\/#website\"},\"primaryImageOfPage\":{\"@id\":\"https:\\\/\\\/www.organisator.ch\\\/marketing\\\/2024-06-19\\\/gfk-schweizer-detailhandel-legt-dank-food-weiter-zu\\\/#primaryimage\"},\"image\":{\"@id\":\"https:\\\/\\\/www.organisator.ch\\\/marketing\\\/2024-06-19\\\/gfk-schweizer-detailhandel-legt-dank-food-weiter-zu\\\/#primaryimage\"},\"thumbnailUrl\":\"https:\\\/\\\/www.werbewoche.ch\\\/wp-content\\\/uploads\\\/2024\\\/06\\\/GfK1.jpg\",\"datePublished\":\"2024-06-19T08:51:05+00:00\",\"dateModified\":\"2024-11-10T09:00:26+00:00\",\"description\":\"Schweizer Detailhandelsums\u00e4tze steigen 2023 auf 103 Milliarden CHF. Onlineeinkauf im Ausland w\u00e4chst um 10 Prozent.\",\"breadcrumb\":{\"@id\":\"https:\\\/\\\/www.organisator.ch\\\/marketing\\\/2024-06-19\\\/gfk-schweizer-detailhandel-legt-dank-food-weiter-zu\\\/#breadcrumb\"},\"inLanguage\":\"fr-FR\",\"potentialAction\":[{\"@type\":\"ReadAction\",\"target\":[\"https:\\\/\\\/www.organisator.ch\\\/marketing\\\/2024-06-19\\\/gfk-schweizer-detailhandel-legt-dank-food-weiter-zu\\\/\"]}]},{\"@type\":\"ImageObject\",\"inLanguage\":\"fr-FR\",\"@id\":\"https:\\\/\\\/www.organisator.ch\\\/marketing\\\/2024-06-19\\\/gfk-schweizer-detailhandel-legt-dank-food-weiter-zu\\\/#primaryimage\",\"url\":\"https:\\\/\\\/www.werbewoche.ch\\\/wp-content\\\/uploads\\\/2024\\\/06\\\/GfK1.jpg\",\"contentUrl\":\"https:\\\/\\\/www.werbewoche.ch\\\/wp-content\\\/uploads\\\/2024\\\/06\\\/GfK1.jpg\"},{\"@type\":\"BreadcrumbList\",\"@id\":\"https:\\\/\\\/www.organisator.ch\\\/marketing\\\/2024-06-19\\\/gfk-schweizer-detailhandel-legt-dank-food-weiter-zu\\\/#breadcrumb\",\"itemListElement\":[{\"@type\":\"ListItem\",\"position\":1,\"name\":\"Home\",\"item\":\"https:\\\/\\\/www.organisator.ch\\\/\"},{\"@type\":\"ListItem\",\"position\":2,\"name\":\"GfK: Schweizer Detailhandel legt dank Food weiter zu\"}]},{\"@type\":\"WebSite\",\"@id\":\"https:\\\/\\\/www.organisator.ch\\\/#website\",\"url\":\"https:\\\/\\\/www.organisator.ch\\\/\",\"name\":\"Organisator\",\"description\":\"Kompetent. Praxisnah. Der ORGANISATOR bereitet in 10 Ausgaben pro Jahr die wesentlichen Themen f\u00fcr F\u00fchrungskr\u00e4fte von KMU auf.\",\"publisher\":{\"@id\":\"https:\\\/\\\/www.organisator.ch\\\/#organization\"},\"potentialAction\":[{\"@type\":\"SearchAction\",\"target\":{\"@type\":\"EntryPoint\",\"urlTemplate\":\"https:\\\/\\\/www.organisator.ch\\\/?s={search_term_string}\"},\"query-input\":{\"@type\":\"PropertyValueSpecification\",\"valueRequired\":true,\"valueName\":\"search_term_string\"}}],\"inLanguage\":\"fr-FR\"},{\"@type\":\"Organization\",\"@id\":\"https:\\\/\\\/www.organisator.ch\\\/#organization\",\"name\":\"Organisator\",\"url\":\"https:\\\/\\\/www.organisator.ch\\\/\",\"logo\":{\"@type\":\"ImageObject\",\"inLanguage\":\"fr-FR\",\"@id\":\"https:\\\/\\\/www.organisator.ch\\\/#\\\/schema\\\/logo\\\/image\\\/\",\"url\":\"https:\\\/\\\/www.organisator.ch\\\/wp-content\\\/uploads\\\/2022\\\/01\\\/Logo_Organisator_Website.png\",\"contentUrl\":\"https:\\\/\\\/www.organisator.ch\\\/wp-content\\\/uploads\\\/2022\\\/01\\\/Logo_Organisator_Website.png\",\"width\":800,\"height\":77,\"caption\":\"Organisator\"},\"image\":{\"@id\":\"https:\\\/\\\/www.organisator.ch\\\/#\\\/schema\\\/logo\\\/image\\\/\"},\"sameAs\":[\"https:\\\/\\\/www.facebook.com\\\/OrganisatorFachmagazin\",\"https:\\\/\\\/www.linkedin.com\\\/showcase\\\/organisator-das-magazin-fr-kmu\",\"https:\\\/\\\/www.xing.com\\\/news\\\/pages\\\/organisator-ch-695\",\"https:\\\/\\\/www.youtube.com\\\/channel\\\/UCGP2Sq0iWaZwT3BdIAQFYpw\"]},{\"@type\":\"Person\",\"@id\":\"https:\\\/\\\/www.organisator.ch\\\/#\\\/schema\\\/person\\\/4e51799071cd2dd1232ac003643ef5f0\",\"name\":\"galledia\",\"image\":{\"@type\":\"ImageObject\",\"inLanguage\":\"fr-FR\",\"@id\":\"https:\\\/\\\/secure.gravatar.com\\\/avatar\\\/78a7f90c01fc2bfc875782a0d4922b37cde2cf184ce347b91316d23cd7f69a36?s=96&d=mm&r=g\",\"url\":\"https:\\\/\\\/secure.gravatar.com\\\/avatar\\\/78a7f90c01fc2bfc875782a0d4922b37cde2cf184ce347b91316d23cd7f69a36?s=96&d=mm&r=g\",\"contentUrl\":\"https:\\\/\\\/secure.gravatar.com\\\/avatar\\\/78a7f90c01fc2bfc875782a0d4922b37cde2cf184ce347b91316d23cd7f69a36?s=96&d=mm&r=g\",\"caption\":\"galledia\"},\"sameAs\":[\"https:\\\/\\\/x.com\\\/admin\"],\"url\":\"https:\\\/\\\/www.organisator.ch\\\/fr\\\/author\\\/galledia\\\/\"}]}<\/script>\n<!-- \/ Yoast SEO plugin. -->","yoast_head_json":{"title":"GfK : le commerce de d\u00e9tail suisse continue de progresser gr\u00e2ce \u00e0 l'alimentation - Organisateur","description":"Les chiffres d'affaires du commerce de d\u00e9tail suisse passeront \u00e0 103 milliards de CHF en 2023. Les achats en ligne \u00e0 l'\u00e9tranger augmentent de 10%.","robots":{"index":"index","follow":"follow","max-snippet":"max-snippet:-1","max-image-preview":"max-image-preview:large","max-video-preview":"max-video-preview:-1"},"canonical":"https:\/\/www.organisator.ch\/fr\/marketing\/2024-06-19\/gfk-schweizer-detailhandel-legt-dank-food-weiter-zu\/","og_locale":"fr_FR","og_type":"article","og_title":"GfK: Schweizer Detailhandel legt dank Food weiter zu - Organisator","og_description":"Schweizer Detailhandelsums\u00e4tze steigen 2023 auf 103 Milliarden CHF. Onlineeinkauf im Ausland w\u00e4chst um 10 Prozent.","og_url":"https:\/\/www.organisator.ch\/fr\/marketing\/2024-06-19\/gfk-schweizer-detailhandel-legt-dank-food-weiter-zu\/","og_site_name":"Organisator","article_publisher":"https:\/\/www.facebook.com\/OrganisatorFachmagazin","article_published_time":"2024-06-19T08:51:05+00:00","article_modified_time":"2024-11-10T09:00:26+00:00","og_image":[{"url":"https:\/\/www.werbewoche.ch\/wp-content\/uploads\/2024\/06\/GfK1.jpg","type":"","width":"","height":""}],"author":"galledia","twitter_card":"summary_large_image","twitter_creator":"@admin","schema":{"@context":"https:\/\/schema.org","@graph":[{"@type":"Article","@id":"https:\/\/www.organisator.ch\/marketing\/2024-06-19\/gfk-schweizer-detailhandel-legt-dank-food-weiter-zu\/#article","isPartOf":{"@id":"https:\/\/www.organisator.ch\/marketing\/2024-06-19\/gfk-schweizer-detailhandel-legt-dank-food-weiter-zu\/"},"author":{"name":"galledia","@id":"https:\/\/www.organisator.ch\/#\/schema\/person\/4e51799071cd2dd1232ac003643ef5f0"},"headline":"GfK: Schweizer Detailhandel legt dank Food weiter zu","datePublished":"2024-06-19T08:51:05+00:00","dateModified":"2024-11-10T09:00:26+00:00","mainEntityOfPage":{"@id":"https:\/\/www.organisator.ch\/marketing\/2024-06-19\/gfk-schweizer-detailhandel-legt-dank-food-weiter-zu\/"},"wordCount":177,"publisher":{"@id":"https:\/\/www.organisator.ch\/#organization"},"image":{"@id":"https:\/\/www.organisator.ch\/marketing\/2024-06-19\/gfk-schweizer-detailhandel-legt-dank-food-weiter-zu\/#primaryimage"},"thumbnailUrl":"https:\/\/www.werbewoche.ch\/wp-content\/uploads\/2024\/06\/GfK1.jpg","keywords":["Detailhandel","Gfk","Marktforschung"],"articleSection":["MARKETING"],"inLanguage":"fr-FR"},{"@type":"WebPage","@id":"https:\/\/www.organisator.ch\/marketing\/2024-06-19\/gfk-schweizer-detailhandel-legt-dank-food-weiter-zu\/","url":"https:\/\/www.organisator.ch\/marketing\/2024-06-19\/gfk-schweizer-detailhandel-legt-dank-food-weiter-zu\/","name":"GfK : le commerce de d\u00e9tail suisse continue de progresser gr\u00e2ce \u00e0 l'alimentation - Organisateur","isPartOf":{"@id":"https:\/\/www.organisator.ch\/#website"},"primaryImageOfPage":{"@id":"https:\/\/www.organisator.ch\/marketing\/2024-06-19\/gfk-schweizer-detailhandel-legt-dank-food-weiter-zu\/#primaryimage"},"image":{"@id":"https:\/\/www.organisator.ch\/marketing\/2024-06-19\/gfk-schweizer-detailhandel-legt-dank-food-weiter-zu\/#primaryimage"},"thumbnailUrl":"https:\/\/www.werbewoche.ch\/wp-content\/uploads\/2024\/06\/GfK1.jpg","datePublished":"2024-06-19T08:51:05+00:00","dateModified":"2024-11-10T09:00:26+00:00","description":"Les chiffres d'affaires du commerce de d\u00e9tail suisse passeront \u00e0 103 milliards de CHF en 2023. Les achats en ligne \u00e0 l'\u00e9tranger augmentent de 10%.","breadcrumb":{"@id":"https:\/\/www.organisator.ch\/marketing\/2024-06-19\/gfk-schweizer-detailhandel-legt-dank-food-weiter-zu\/#breadcrumb"},"inLanguage":"fr-FR","potentialAction":[{"@type":"ReadAction","target":["https:\/\/www.organisator.ch\/marketing\/2024-06-19\/gfk-schweizer-detailhandel-legt-dank-food-weiter-zu\/"]}]},{"@type":"ImageObject","inLanguage":"fr-FR","@id":"https:\/\/www.organisator.ch\/marketing\/2024-06-19\/gfk-schweizer-detailhandel-legt-dank-food-weiter-zu\/#primaryimage","url":"https:\/\/www.werbewoche.ch\/wp-content\/uploads\/2024\/06\/GfK1.jpg","contentUrl":"https:\/\/www.werbewoche.ch\/wp-content\/uploads\/2024\/06\/GfK1.jpg"},{"@type":"BreadcrumbList","@id":"https:\/\/www.organisator.ch\/marketing\/2024-06-19\/gfk-schweizer-detailhandel-legt-dank-food-weiter-zu\/#breadcrumb","itemListElement":[{"@type":"ListItem","position":1,"name":"Home","item":"https:\/\/www.organisator.ch\/"},{"@type":"ListItem","position":2,"name":"GfK: Schweizer Detailhandel legt dank Food weiter zu"}]},{"@type":"WebSite","@id":"https:\/\/www.organisator.ch\/#website","url":"https:\/\/www.organisator.ch\/","name":"Organisateur","description":"Comp\u00e9tence et comp\u00e9tence. Proches de la pratique. L'ORGANISATEUR pr\u00e9pare 10 num\u00e9ros par an sur les th\u00e8mes essentiels pour les dirigeants de PME.","publisher":{"@id":"https:\/\/www.organisator.ch\/#organization"},"potentialAction":[{"@type":"SearchAction","target":{"@type":"EntryPoint","urlTemplate":"https:\/\/www.organisator.ch\/?s={search_term_string}"},"query-input":{"@type":"PropertyValueSpecification","valueRequired":true,"valueName":"search_term_string"}}],"inLanguage":"fr-FR"},{"@type":"Organization","@id":"https:\/\/www.organisator.ch\/#organization","name":"Organisateur","url":"https:\/\/www.organisator.ch\/","logo":{"@type":"ImageObject","inLanguage":"fr-FR","@id":"https:\/\/www.organisator.ch\/#\/schema\/logo\/image\/","url":"https:\/\/www.organisator.ch\/wp-content\/uploads\/2022\/01\/Logo_Organisator_Website.png","contentUrl":"https:\/\/www.organisator.ch\/wp-content\/uploads\/2022\/01\/Logo_Organisator_Website.png","width":800,"height":77,"caption":"Organisator"},"image":{"@id":"https:\/\/www.organisator.ch\/#\/schema\/logo\/image\/"},"sameAs":["https:\/\/www.facebook.com\/OrganisatorFachmagazin","https:\/\/www.linkedin.com\/showcase\/organisator-das-magazin-fr-kmu","https:\/\/www.xing.com\/news\/pages\/organisator-ch-695","https:\/\/www.youtube.com\/channel\/UCGP2Sq0iWaZwT3BdIAQFYpw"]},{"@type":"Person","@id":"https:\/\/www.organisator.ch\/#\/schema\/person\/4e51799071cd2dd1232ac003643ef5f0","name":"galledia","image":{"@type":"ImageObject","inLanguage":"fr-FR","@id":"https:\/\/secure.gravatar.com\/avatar\/78a7f90c01fc2bfc875782a0d4922b37cde2cf184ce347b91316d23cd7f69a36?s=96&d=mm&r=g","url":"https:\/\/secure.gravatar.com\/avatar\/78a7f90c01fc2bfc875782a0d4922b37cde2cf184ce347b91316d23cd7f69a36?s=96&d=mm&r=g","contentUrl":"https:\/\/secure.gravatar.com\/avatar\/78a7f90c01fc2bfc875782a0d4922b37cde2cf184ce347b91316d23cd7f69a36?s=96&d=mm&r=g","caption":"galledia"},"sameAs":["https:\/\/x.com\/admin"],"url":"https:\/\/www.organisator.ch\/fr\/author\/galledia\/"}]}},"_links":{"self":[{"href":"https:\/\/www.organisator.ch\/fr\/wp-json\/wp\/v2\/posts\/27829","targetHints":{"allow":["GET"]}}],"collection":[{"href":"https:\/\/www.organisator.ch\/fr\/wp-json\/wp\/v2\/posts"}],"about":[{"href":"https:\/\/www.organisator.ch\/fr\/wp-json\/wp\/v2\/types\/post"}],"author":[{"embeddable":true,"href":"https:\/\/www.organisator.ch\/fr\/wp-json\/wp\/v2\/users\/8"}],"replies":[{"embeddable":true,"href":"https:\/\/www.organisator.ch\/fr\/wp-json\/wp\/v2\/comments?post=27829"}],"version-history":[{"count":6,"href":"https:\/\/www.organisator.ch\/fr\/wp-json\/wp\/v2\/posts\/27829\/revisions"}],"predecessor-version":[{"id":32177,"href":"https:\/\/www.organisator.ch\/fr\/wp-json\/wp\/v2\/posts\/27829\/revisions\/32177"}],"wp:attachment":[{"href":"https:\/\/www.organisator.ch\/fr\/wp-json\/wp\/v2\/media?parent=27829"}],"wp:term":[{"taxonomy":"category","embeddable":true,"href":"https:\/\/www.organisator.ch\/fr\/wp-json\/wp\/v2\/categories?post=27829"},{"taxonomy":"post_tag","embeddable":true,"href":"https:\/\/www.organisator.ch\/fr\/wp-json\/wp\/v2\/tags?post=27829"}],"curies":[{"name":"wp","href":"https:\/\/api.w.org\/{rel}","templated":true}]}}