{"id":2787,"date":"2020-01-28T10:51:40","date_gmt":"2020-01-28T09:51:40","guid":{"rendered":"https:\/\/www.umweltperspektiven.ch\/?p=2787"},"modified":"2022-02-09T11:06:15","modified_gmt":"2022-02-09T10:06:15","slug":"haus-eins-kompostierbar-nachhaltig-konsequent","status":"publish","type":"post","link":"https:\/\/www.organisator.ch\/fr\/sustainability\/2020-01-28\/haus-eins-kompostierbar-nachhaltig-konsequent\/","title":{"rendered":"\"Haus Eins\" : compostable, durable, coh\u00e9rent"},"content":{"rendered":"<figure id=\"attachment_2789\" aria-describedby=\"caption-attachment-2789\" style=\"width: 540px\" class=\"wp-caption alignnone\"><img loading=\"lazy\" decoding=\"async\" class=\"size-full wp-image-2789\" src=\"\/\/www.umweltperspektiven.ch\/wp-content\/uploads\/2020\/01\/Haus-1-Uri-UP_Umwelt-Perspektiven.jpg\" alt=\"\" width=\"540\" height=\"360\" srcset=\"https:\/\/www.organisator.ch\/wp-content\/uploads\/2020\/01\/Haus-1-Uri-UP_Umwelt-Perspektiven.jpg 540w, https:\/\/www.organisator.ch\/wp-content\/uploads\/2020\/01\/Haus-1-Uri-UP_Umwelt-Perspektiven-18x12.jpg 18w, https:\/\/www.organisator.ch\/wp-content\/uploads\/2020\/01\/Haus-1-Uri-UP_Umwelt-Perspektiven-263x175.jpg 263w, https:\/\/www.organisator.ch\/wp-content\/uploads\/2020\/01\/Haus-1-Uri-UP_Umwelt-Perspektiven-525x350.jpg 525w, https:\/\/www.organisator.ch\/wp-content\/uploads\/2020\/01\/Haus-1-Uri-UP_Umwelt-Perspektiven-300x200.jpg 300w\" sizes=\"auto, (max-width: 540px) 100vw, 540px\" \/><figcaption id=\"caption-attachment-2789\" class=\"wp-caption-text\">La \"Haus Eins\" \u00e0 Seelisberg\/UR est biod\u00e9gradable \u00e0 presque 100 pour cent. Non seulement la maison, mais aussi ses meubles sont enti\u00e8rement exempts de colle. (photo : zVg)<\/figcaption><\/figure>\n<p>&nbsp;<\/p>\n<p>Des fondations en pierre naturelle \u00e0 l'isolation avec une couche de chanvre et de chaux, en passant par la construction de base sans m\u00e9tal ni colle et compos\u00e9e de bois de phase de lune : le \"<a href=\"\/\/www.hauseins.ch\/de\">Maison un<\/a>\"utilise exclusivement des ressources naturelles, de diverses mani\u00e8res. C'est Lukas Gwerder qui a pos\u00e9 la premi\u00e8re pierre de ce projet d'avenir. Lorsque ce menuisier naturel schwytzois s'est lanc\u00e9 en 2011 dans la construction d'une maison en mati\u00e8res premi\u00e8res naturelles, son objectif \u00e9tait d'allier durabilit\u00e9, tradition, innovation et proximit\u00e9 avec la nature.<\/p>\n<p>Presque sans aide ext\u00e9rieure, il a transform\u00e9 l'id\u00e9e visionnaire d'une maison sans d\u00e9chets sp\u00e9ciaux en r\u00e9alit\u00e9 et a emm\u00e9nag\u00e9 avec sa famille dans la \"Haus Eins\" pendant les travaux de r\u00e9novation. Apr\u00e8s s'\u00eatre s\u00e9par\u00e9 de sa femme, Gwerder a d\u00e9cid\u00e9 de mettre la maison en vente.<\/p>\n<p><strong>Contre le rythme effr\u00e9n\u00e9 de notre monde<\/strong><\/p>\n<p>Urs Kasper, entrepreneur et menuisier lui-m\u00eame, a tout de suite \u00e9t\u00e9 fascin\u00e9 par la pers\u00e9v\u00e9rance et la coh\u00e9rence avec lesquelles Gwerder suivait sa vision. En tant que nouveau propri\u00e9taire, l'entreprise familiale \"Kasper &amp; Sohn\" a d\u00e9cid\u00e9 de soutenir le dernier tiers de la phase de construction. A une condition toutefois : Lukas Gwerder doit participer \u00e0 la construction jusqu'\u00e0 la fin. Urs Kasper est convaincu que l'attitude de Gwerder, qui consiste \u00e0 respecter notre nature, a un grand potentiel pour l'avenir. Il est particuli\u00e8rement fascin\u00e9 par la pers\u00e9v\u00e9rance de Gwerder :<\/p>\n<p>\"Il y a beaucoup de maisons qui sont cens\u00e9es \u00eatre biologiques, mais pour lesquelles ce mode de construction n'a pas \u00e9t\u00e9 appliqu\u00e9 de mani\u00e8re cons\u00e9quente. D\u00e8s que le premier probl\u00e8me survient, on fait une petite exception ici ou l\u00e0\". Il n'y a pas d'exceptions \u00e0 la \"maison un\". Contrairement \u00e0 l'excuse souvent entendue \"on ne peut pas faire autrement\", Kasper et Gwerder prouvent qu'il est tout de m\u00eame possible de construire une maison en mat\u00e9riaux naturels qui r\u00e9ponde n\u00e9anmoins aux exigences modernes. La durabilit\u00e9 de la construction se refl\u00e8te \u00e9galement dans l'am\u00e9nagement int\u00e9rieur. Kasper a choisi des meubles, des tissus et des accessoires qui correspondent au concept de la maison, c'est-\u00e0-dire qui ont \u00e9t\u00e9 produits de mani\u00e8re durable, \u00e9cologique et \u00e9quitable. Non seulement la maison, mais aussi ses meubles sont enti\u00e8rement exempts de colle.<\/p>\n<p><strong>Voici quelques faits concernant la Maison 1 :<\/strong><\/p>\n<ul>\n<li>Utilisation exclusive de bois local<\/li>\n<li>Tous les angles sont sup\u00e9rieurs \u00e0 90\u00b0 degr\u00e9s pour une meilleure circulation de l'air et de l'\u00e9nergie thermique.<\/li>\n<li>Po\u00eale en terre cuite int\u00e9gr\u00e9 et syst\u00e8me de chemin\u00e9e \u00e0 \u00e9changeur de chaleur<\/li>\n<li>cave naturelle (fra\u00eeche en \u00e9t\u00e9, chaude en hiver)<\/li>\n<li>Sources de lumi\u00e8re r\u00e9duites au minimum. Plus de lumi\u00e8re gr\u00e2ce aux fen\u00eatres \u00e0 triple vitrage sans protection contre les UV<\/li>\n<li>D\u00e9connexion du r\u00e9seau pour toute la maison et c\u00e2bles blind\u00e9s, pas de ligne \u00e0 haute tension ou d'antenne de natel \u00e0 proximit\u00e9<\/li>\n<li>Pompe \u00e0 chaleur air\/eau pour l'eau chaude sanitaire en \u00e9t\u00e9<\/li>\n<li>3'500 m<sup>2<\/sup> grand jardin avec divers jeunes arbres fruitiers et noyers ainsi que des arbustes \u00e0 baies pour la consommation personnelle<\/li>\n<li>\u00c9tang de baignade, torrent et cascade ainsi que hot tub en m\u00e9l\u00e8ze local et sauna en bois d'arolle dans le jardin<\/li>\n<li>Possibilit\u00e9s de s'asseoir \u00e0 l'est, \u00e0 l'ouest et sur la terrasse<\/li>\n<li>Une biblioth\u00e8que bien fournie pour la \"Digital Detox<\/li>\n<li>Prix : \u00e0 partir de 360 francs par jour<\/li>\n<\/ul>\n<p>&nbsp;<\/p>\n<p><strong><span style=\"font-size: 10.5pt; font-family: 'Arial',sans-serif;\">Voici quelques faits concernant la Maison 1 :<\/span><\/strong><\/p>\n<p><iframe loading=\"lazy\" title=\"Haus Eins - La premi\u00e8re du genre\" width=\"768\" height=\"432\" src=\"https:\/\/www.youtube.com\/embed\/YTVwd3RFobI?feature=oembed\" frameborder=\"0\" allow=\"accelerometer; autoplay; clipboard-write; encrypted-media; gyroscope; picture-in-picture\" allowfullscreen><\/iframe><\/p>\n<p>&nbsp;<\/p>","protected":false},"excerpt":{"rendered":"<p>&nbsp; Vom Fundament aus Naturstein \u00fcber die metall- und leimfreie, aus Mondphasenholz bestehenden Grundkonstruktion bis hin zur Isolierung mit einer Hanf-Kalkschicht: Das \u00abHaus Eins\u00bb verwendet ausschliesslich nat\u00fcrliche Ressourcen, in vielf\u00e4ltiger Art und Weise. Den Grundstein f\u00fcr dieses zukunftsweisende Projekt legte Lukas Gwerder. Als der Schwyzer Naturschreiner 2011 den Bau eines Hauses aus nat\u00fcrlichen Rohstoffen in [&hellip;]<\/p>\n","protected":false},"author":5,"featured_media":2789,"comment_status":"closed","ping_status":"closed","sticky":false,"template":"","format":"standard","meta":{"_acf_changed":false,"_yoast_wpseo_focuskw":"Haus Eins","_yoast_wpseo_metadesc":"Das \u00abHaus Eins\u00bb in Seelisberg (UR) ist das erste fast zu hundert Prozent biologisch abbaubare Haus und gilt als Pionierprojekt.","articlekey":"","footnotes":""},"categories":[580],"tags":[1553,1753,2419,2509],"class_list":["post-2787","post","type-post","status-publish","format-standard","has-post-thumbnail","hentry","category-sustainability","tag-komposthaus","tag-nachhaltig-bauen","tag-uri","tag-waermetauscher"],"acf":[],"yoast_head":"<!-- This site is optimized with the Yoast SEO plugin v27.5 - https:\/\/yoast.com\/product\/yoast-seo-wordpress\/ -->\n<title>\u00abHaus Eins\u00bb: kompostierbar, nachhaltig, konsequent - Organisator<\/title>\n<meta name=\"description\" content=\"Das \u00abHaus Eins\u00bb in Seelisberg (UR) ist das erste fast zu hundert Prozent biologisch abbaubare Haus und gilt als Pionierprojekt.\" \/>\n<meta name=\"robots\" content=\"index, follow, max-snippet:-1, max-image-preview:large, max-video-preview:-1\" \/>\n<link rel=\"canonical\" href=\"https:\/\/www.organisator.ch\/fr\/sustainability\/2020-01-28\/haus-eins-kompostierbar-nachhaltig-konsequent\/\" \/>\n<meta property=\"og:locale\" content=\"fr_FR\" \/>\n<meta property=\"og:type\" content=\"article\" \/>\n<meta property=\"og:title\" content=\"\u00abHaus Eins\u00bb: kompostierbar, nachhaltig, konsequent - Organisator\" \/>\n<meta property=\"og:description\" content=\"Das \u00abHaus Eins\u00bb in Seelisberg (UR) ist das erste fast zu hundert Prozent biologisch abbaubare Haus und gilt als Pionierprojekt.\" \/>\n<meta property=\"og:url\" content=\"https:\/\/www.organisator.ch\/fr\/sustainability\/2020-01-28\/haus-eins-kompostierbar-nachhaltig-konsequent\/\" \/>\n<meta property=\"og:site_name\" content=\"Organisator\" \/>\n<meta property=\"article:publisher\" content=\"https:\/\/www.facebook.com\/OrganisatorFachmagazin\" \/>\n<meta property=\"article:published_time\" content=\"2020-01-28T09:51:40+00:00\" \/>\n<meta property=\"article:modified_time\" content=\"2022-02-09T10:06:15+00:00\" \/>\n<meta property=\"og:image\" content=\"https:\/\/www.organisator.ch\/wp-content\/uploads\/2020\/01\/Haus-1-Uri-UP_Umwelt-Perspektiven.jpg\" \/>\n\t<meta property=\"og:image:width\" content=\"540\" \/>\n\t<meta property=\"og:image:height\" content=\"360\" \/>\n\t<meta property=\"og:image:type\" content=\"image\/jpeg\" \/>\n<meta name=\"author\" content=\"michael.merz\" \/>\n<meta name=\"twitter:card\" content=\"summary_large_image\" \/>\n<script type=\"application\/ld+json\" class=\"yoast-schema-graph\">{\"@context\":\"https:\\\/\\\/schema.org\",\"@graph\":[{\"@type\":\"Article\",\"@id\":\"https:\\\/\\\/www.organisator.ch\\\/sustainability\\\/2020-01-28\\\/haus-eins-kompostierbar-nachhaltig-konsequent\\\/#article\",\"isPartOf\":{\"@id\":\"https:\\\/\\\/www.organisator.ch\\\/sustainability\\\/2020-01-28\\\/haus-eins-kompostierbar-nachhaltig-konsequent\\\/\"},\"author\":{\"name\":\"michael.merz\",\"@id\":\"https:\\\/\\\/www.organisator.ch\\\/#\\\/schema\\\/person\\\/134708ca9321c57b0362cceb7948ffbd\"},\"headline\":\"\u00abHaus Eins\u00bb: kompostierbar, nachhaltig, konsequent\",\"datePublished\":\"2020-01-28T09:51:40+00:00\",\"dateModified\":\"2022-02-09T10:06:15+00:00\",\"mainEntityOfPage\":{\"@id\":\"https:\\\/\\\/www.organisator.ch\\\/sustainability\\\/2020-01-28\\\/haus-eins-kompostierbar-nachhaltig-konsequent\\\/\"},\"wordCount\":514,\"publisher\":{\"@id\":\"https:\\\/\\\/www.organisator.ch\\\/#organization\"},\"image\":{\"@id\":\"https:\\\/\\\/www.organisator.ch\\\/sustainability\\\/2020-01-28\\\/haus-eins-kompostierbar-nachhaltig-konsequent\\\/#primaryimage\"},\"thumbnailUrl\":\"https:\\\/\\\/www.organisator.ch\\\/wp-content\\\/uploads\\\/2020\\\/01\\\/Haus-1-Uri-UP_Umwelt-Perspektiven.jpg\",\"keywords\":[\"Komposthaus\",\"Nachhaltig Bauen\",\"Uri\",\"W\u00e4rmetauscher\"],\"articleSection\":[\"SUSTAINABILITY\"],\"inLanguage\":\"fr-FR\"},{\"@type\":\"WebPage\",\"@id\":\"https:\\\/\\\/www.organisator.ch\\\/sustainability\\\/2020-01-28\\\/haus-eins-kompostierbar-nachhaltig-konsequent\\\/\",\"url\":\"https:\\\/\\\/www.organisator.ch\\\/sustainability\\\/2020-01-28\\\/haus-eins-kompostierbar-nachhaltig-konsequent\\\/\",\"name\":\"\u00abHaus Eins\u00bb: kompostierbar, nachhaltig, konsequent - Organisator\",\"isPartOf\":{\"@id\":\"https:\\\/\\\/www.organisator.ch\\\/#website\"},\"primaryImageOfPage\":{\"@id\":\"https:\\\/\\\/www.organisator.ch\\\/sustainability\\\/2020-01-28\\\/haus-eins-kompostierbar-nachhaltig-konsequent\\\/#primaryimage\"},\"image\":{\"@id\":\"https:\\\/\\\/www.organisator.ch\\\/sustainability\\\/2020-01-28\\\/haus-eins-kompostierbar-nachhaltig-konsequent\\\/#primaryimage\"},\"thumbnailUrl\":\"https:\\\/\\\/www.organisator.ch\\\/wp-content\\\/uploads\\\/2020\\\/01\\\/Haus-1-Uri-UP_Umwelt-Perspektiven.jpg\",\"datePublished\":\"2020-01-28T09:51:40+00:00\",\"dateModified\":\"2022-02-09T10:06:15+00:00\",\"description\":\"Das \u00abHaus Eins\u00bb in Seelisberg (UR) ist das erste fast zu hundert Prozent biologisch abbaubare Haus und gilt als Pionierprojekt.\",\"breadcrumb\":{\"@id\":\"https:\\\/\\\/www.organisator.ch\\\/sustainability\\\/2020-01-28\\\/haus-eins-kompostierbar-nachhaltig-konsequent\\\/#breadcrumb\"},\"inLanguage\":\"fr-FR\",\"potentialAction\":[{\"@type\":\"ReadAction\",\"target\":[\"https:\\\/\\\/www.organisator.ch\\\/sustainability\\\/2020-01-28\\\/haus-eins-kompostierbar-nachhaltig-konsequent\\\/\"]}]},{\"@type\":\"ImageObject\",\"inLanguage\":\"fr-FR\",\"@id\":\"https:\\\/\\\/www.organisator.ch\\\/sustainability\\\/2020-01-28\\\/haus-eins-kompostierbar-nachhaltig-konsequent\\\/#primaryimage\",\"url\":\"https:\\\/\\\/www.organisator.ch\\\/wp-content\\\/uploads\\\/2020\\\/01\\\/Haus-1-Uri-UP_Umwelt-Perspektiven.jpg\",\"contentUrl\":\"https:\\\/\\\/www.organisator.ch\\\/wp-content\\\/uploads\\\/2020\\\/01\\\/Haus-1-Uri-UP_Umwelt-Perspektiven.jpg\",\"width\":540,\"height\":360,\"caption\":\"Das \\\"Haus Eins\\\" in Seelisberg\\\/UR ist zu fast 100 Prozent biologisch abbaubar. Nicht nur das Haus, auch seine M\u00f6bel sind komplett leimfrei. (Bild: zVg)\"},{\"@type\":\"BreadcrumbList\",\"@id\":\"https:\\\/\\\/www.organisator.ch\\\/sustainability\\\/2020-01-28\\\/haus-eins-kompostierbar-nachhaltig-konsequent\\\/#breadcrumb\",\"itemListElement\":[{\"@type\":\"ListItem\",\"position\":1,\"name\":\"Home\",\"item\":\"https:\\\/\\\/www.organisator.ch\\\/\"},{\"@type\":\"ListItem\",\"position\":2,\"name\":\"\u00abHaus Eins\u00bb: kompostierbar, nachhaltig, konsequent\"}]},{\"@type\":\"WebSite\",\"@id\":\"https:\\\/\\\/www.organisator.ch\\\/#website\",\"url\":\"https:\\\/\\\/www.organisator.ch\\\/\",\"name\":\"Organisator\",\"description\":\"Kompetent. Praxisnah. Der ORGANISATOR bereitet in 10 Ausgaben pro Jahr die wesentlichen Themen f\u00fcr F\u00fchrungskr\u00e4fte von KMU auf.\",\"publisher\":{\"@id\":\"https:\\\/\\\/www.organisator.ch\\\/#organization\"},\"potentialAction\":[{\"@type\":\"SearchAction\",\"target\":{\"@type\":\"EntryPoint\",\"urlTemplate\":\"https:\\\/\\\/www.organisator.ch\\\/?s={search_term_string}\"},\"query-input\":{\"@type\":\"PropertyValueSpecification\",\"valueRequired\":true,\"valueName\":\"search_term_string\"}}],\"inLanguage\":\"fr-FR\"},{\"@type\":\"Organization\",\"@id\":\"https:\\\/\\\/www.organisator.ch\\\/#organization\",\"name\":\"Organisator\",\"url\":\"https:\\\/\\\/www.organisator.ch\\\/\",\"logo\":{\"@type\":\"ImageObject\",\"inLanguage\":\"fr-FR\",\"@id\":\"https:\\\/\\\/www.organisator.ch\\\/#\\\/schema\\\/logo\\\/image\\\/\",\"url\":\"https:\\\/\\\/www.organisator.ch\\\/wp-content\\\/uploads\\\/2022\\\/01\\\/Logo_Organisator_Website.png\",\"contentUrl\":\"https:\\\/\\\/www.organisator.ch\\\/wp-content\\\/uploads\\\/2022\\\/01\\\/Logo_Organisator_Website.png\",\"width\":800,\"height\":77,\"caption\":\"Organisator\"},\"image\":{\"@id\":\"https:\\\/\\\/www.organisator.ch\\\/#\\\/schema\\\/logo\\\/image\\\/\"},\"sameAs\":[\"https:\\\/\\\/www.facebook.com\\\/OrganisatorFachmagazin\",\"https:\\\/\\\/www.linkedin.com\\\/showcase\\\/organisator-das-magazin-fr-kmu\",\"https:\\\/\\\/www.xing.com\\\/news\\\/pages\\\/organisator-ch-695\",\"https:\\\/\\\/www.youtube.com\\\/channel\\\/UCGP2Sq0iWaZwT3BdIAQFYpw\"]},{\"@type\":\"Person\",\"@id\":\"https:\\\/\\\/www.organisator.ch\\\/#\\\/schema\\\/person\\\/134708ca9321c57b0362cceb7948ffbd\",\"name\":\"michael.merz\",\"image\":{\"@type\":\"ImageObject\",\"inLanguage\":\"fr-FR\",\"@id\":\"https:\\\/\\\/secure.gravatar.com\\\/avatar\\\/?s=96&d=mm&r=g\",\"url\":\"https:\\\/\\\/secure.gravatar.com\\\/avatar\\\/?s=96&d=mm&r=g\",\"contentUrl\":\"https:\\\/\\\/secure.gravatar.com\\\/avatar\\\/?s=96&d=mm&r=g\",\"caption\":\"michael.merz\"},\"url\":\"https:\\\/\\\/www.organisator.ch\\\/fr\\\/author\\\/michael-merz\\\/\"}]}<\/script>\n<!-- \/ Yoast SEO plugin. -->","yoast_head_json":{"title":"\"Haus Eins\" : compostable, durable, coh\u00e9rent - Organisateur","description":"La \"Haus Eins\" \u00e0 Seelisberg (UR) est la premi\u00e8re maison presque 100 % biod\u00e9gradable et fait figure de projet pionnier.","robots":{"index":"index","follow":"follow","max-snippet":"max-snippet:-1","max-image-preview":"max-image-preview:large","max-video-preview":"max-video-preview:-1"},"canonical":"https:\/\/www.organisator.ch\/fr\/sustainability\/2020-01-28\/haus-eins-kompostierbar-nachhaltig-konsequent\/","og_locale":"fr_FR","og_type":"article","og_title":"\u00abHaus Eins\u00bb: kompostierbar, nachhaltig, konsequent - Organisator","og_description":"Das \u00abHaus Eins\u00bb in Seelisberg (UR) ist das erste fast zu hundert Prozent biologisch abbaubare Haus und gilt als Pionierprojekt.","og_url":"https:\/\/www.organisator.ch\/fr\/sustainability\/2020-01-28\/haus-eins-kompostierbar-nachhaltig-konsequent\/","og_site_name":"Organisator","article_publisher":"https:\/\/www.facebook.com\/OrganisatorFachmagazin","article_published_time":"2020-01-28T09:51:40+00:00","article_modified_time":"2022-02-09T10:06:15+00:00","og_image":[{"width":540,"height":360,"url":"https:\/\/www.organisator.ch\/wp-content\/uploads\/2020\/01\/Haus-1-Uri-UP_Umwelt-Perspektiven.jpg","type":"image\/jpeg"}],"author":"michael.merz","twitter_card":"summary_large_image","schema":{"@context":"https:\/\/schema.org","@graph":[{"@type":"Article","@id":"https:\/\/www.organisator.ch\/sustainability\/2020-01-28\/haus-eins-kompostierbar-nachhaltig-konsequent\/#article","isPartOf":{"@id":"https:\/\/www.organisator.ch\/sustainability\/2020-01-28\/haus-eins-kompostierbar-nachhaltig-konsequent\/"},"author":{"name":"michael.merz","@id":"https:\/\/www.organisator.ch\/#\/schema\/person\/134708ca9321c57b0362cceb7948ffbd"},"headline":"\u00abHaus Eins\u00bb: kompostierbar, nachhaltig, konsequent","datePublished":"2020-01-28T09:51:40+00:00","dateModified":"2022-02-09T10:06:15+00:00","mainEntityOfPage":{"@id":"https:\/\/www.organisator.ch\/sustainability\/2020-01-28\/haus-eins-kompostierbar-nachhaltig-konsequent\/"},"wordCount":514,"publisher":{"@id":"https:\/\/www.organisator.ch\/#organization"},"image":{"@id":"https:\/\/www.organisator.ch\/sustainability\/2020-01-28\/haus-eins-kompostierbar-nachhaltig-konsequent\/#primaryimage"},"thumbnailUrl":"https:\/\/www.organisator.ch\/wp-content\/uploads\/2020\/01\/Haus-1-Uri-UP_Umwelt-Perspektiven.jpg","keywords":["Komposthaus","Nachhaltig Bauen","Uri","W\u00e4rmetauscher"],"articleSection":["SUSTAINABILITY"],"inLanguage":"fr-FR"},{"@type":"WebPage","@id":"https:\/\/www.organisator.ch\/sustainability\/2020-01-28\/haus-eins-kompostierbar-nachhaltig-konsequent\/","url":"https:\/\/www.organisator.ch\/sustainability\/2020-01-28\/haus-eins-kompostierbar-nachhaltig-konsequent\/","name":"\"Haus Eins\" : compostable, durable, coh\u00e9rent - Organisateur","isPartOf":{"@id":"https:\/\/www.organisator.ch\/#website"},"primaryImageOfPage":{"@id":"https:\/\/www.organisator.ch\/sustainability\/2020-01-28\/haus-eins-kompostierbar-nachhaltig-konsequent\/#primaryimage"},"image":{"@id":"https:\/\/www.organisator.ch\/sustainability\/2020-01-28\/haus-eins-kompostierbar-nachhaltig-konsequent\/#primaryimage"},"thumbnailUrl":"https:\/\/www.organisator.ch\/wp-content\/uploads\/2020\/01\/Haus-1-Uri-UP_Umwelt-Perspektiven.jpg","datePublished":"2020-01-28T09:51:40+00:00","dateModified":"2022-02-09T10:06:15+00:00","description":"La \"Haus Eins\" \u00e0 Seelisberg (UR) est la premi\u00e8re maison presque 100 % biod\u00e9gradable et fait figure de projet pionnier.","breadcrumb":{"@id":"https:\/\/www.organisator.ch\/sustainability\/2020-01-28\/haus-eins-kompostierbar-nachhaltig-konsequent\/#breadcrumb"},"inLanguage":"fr-FR","potentialAction":[{"@type":"ReadAction","target":["https:\/\/www.organisator.ch\/sustainability\/2020-01-28\/haus-eins-kompostierbar-nachhaltig-konsequent\/"]}]},{"@type":"ImageObject","inLanguage":"fr-FR","@id":"https:\/\/www.organisator.ch\/sustainability\/2020-01-28\/haus-eins-kompostierbar-nachhaltig-konsequent\/#primaryimage","url":"https:\/\/www.organisator.ch\/wp-content\/uploads\/2020\/01\/Haus-1-Uri-UP_Umwelt-Perspektiven.jpg","contentUrl":"https:\/\/www.organisator.ch\/wp-content\/uploads\/2020\/01\/Haus-1-Uri-UP_Umwelt-Perspektiven.jpg","width":540,"height":360,"caption":"Das \"Haus Eins\" in Seelisberg\/UR ist zu fast 100 Prozent biologisch abbaubar. Nicht nur das Haus, auch seine M\u00f6bel sind komplett leimfrei. (Bild: zVg)"},{"@type":"BreadcrumbList","@id":"https:\/\/www.organisator.ch\/sustainability\/2020-01-28\/haus-eins-kompostierbar-nachhaltig-konsequent\/#breadcrumb","itemListElement":[{"@type":"ListItem","position":1,"name":"Home","item":"https:\/\/www.organisator.ch\/"},{"@type":"ListItem","position":2,"name":"\u00abHaus Eins\u00bb: kompostierbar, nachhaltig, konsequent"}]},{"@type":"WebSite","@id":"https:\/\/www.organisator.ch\/#website","url":"https:\/\/www.organisator.ch\/","name":"Organisateur","description":"Comp\u00e9tence et comp\u00e9tence. Proches de la pratique. L'ORGANISATEUR pr\u00e9pare 10 num\u00e9ros par an sur les th\u00e8mes essentiels pour les dirigeants de PME.","publisher":{"@id":"https:\/\/www.organisator.ch\/#organization"},"potentialAction":[{"@type":"SearchAction","target":{"@type":"EntryPoint","urlTemplate":"https:\/\/www.organisator.ch\/?s={search_term_string}"},"query-input":{"@type":"PropertyValueSpecification","valueRequired":true,"valueName":"search_term_string"}}],"inLanguage":"fr-FR"},{"@type":"Organization","@id":"https:\/\/www.organisator.ch\/#organization","name":"Organisateur","url":"https:\/\/www.organisator.ch\/","logo":{"@type":"ImageObject","inLanguage":"fr-FR","@id":"https:\/\/www.organisator.ch\/#\/schema\/logo\/image\/","url":"https:\/\/www.organisator.ch\/wp-content\/uploads\/2022\/01\/Logo_Organisator_Website.png","contentUrl":"https:\/\/www.organisator.ch\/wp-content\/uploads\/2022\/01\/Logo_Organisator_Website.png","width":800,"height":77,"caption":"Organisator"},"image":{"@id":"https:\/\/www.organisator.ch\/#\/schema\/logo\/image\/"},"sameAs":["https:\/\/www.facebook.com\/OrganisatorFachmagazin","https:\/\/www.linkedin.com\/showcase\/organisator-das-magazin-fr-kmu","https:\/\/www.xing.com\/news\/pages\/organisator-ch-695","https:\/\/www.youtube.com\/channel\/UCGP2Sq0iWaZwT3BdIAQFYpw"]},{"@type":"Person","@id":"https:\/\/www.organisator.ch\/#\/schema\/person\/134708ca9321c57b0362cceb7948ffbd","name":"michael.merz","image":{"@type":"ImageObject","inLanguage":"fr-FR","@id":"https:\/\/secure.gravatar.com\/avatar\/?s=96&d=mm&r=g","url":"https:\/\/secure.gravatar.com\/avatar\/?s=96&d=mm&r=g","contentUrl":"https:\/\/secure.gravatar.com\/avatar\/?s=96&d=mm&r=g","caption":"michael.merz"},"url":"https:\/\/www.organisator.ch\/fr\/author\/michael-merz\/"}]}},"_links":{"self":[{"href":"https:\/\/www.organisator.ch\/fr\/wp-json\/wp\/v2\/posts\/2787","targetHints":{"allow":["GET"]}}],"collection":[{"href":"https:\/\/www.organisator.ch\/fr\/wp-json\/wp\/v2\/posts"}],"about":[{"href":"https:\/\/www.organisator.ch\/fr\/wp-json\/wp\/v2\/types\/post"}],"author":[{"embeddable":true,"href":"https:\/\/www.organisator.ch\/fr\/wp-json\/wp\/v2\/users\/5"}],"replies":[{"embeddable":true,"href":"https:\/\/www.organisator.ch\/fr\/wp-json\/wp\/v2\/comments?post=2787"}],"version-history":[{"count":1,"href":"https:\/\/www.organisator.ch\/fr\/wp-json\/wp\/v2\/posts\/2787\/revisions"}],"predecessor-version":[{"id":10535,"href":"https:\/\/www.organisator.ch\/fr\/wp-json\/wp\/v2\/posts\/2787\/revisions\/10535"}],"wp:featuredmedia":[{"embeddable":true,"href":"https:\/\/www.organisator.ch\/fr\/wp-json\/wp\/v2\/media\/2789"}],"wp:attachment":[{"href":"https:\/\/www.organisator.ch\/fr\/wp-json\/wp\/v2\/media?parent=2787"}],"wp:term":[{"taxonomy":"category","embeddable":true,"href":"https:\/\/www.organisator.ch\/fr\/wp-json\/wp\/v2\/categories?post=2787"},{"taxonomy":"post_tag","embeddable":true,"href":"https:\/\/www.organisator.ch\/fr\/wp-json\/wp\/v2\/tags?post=2787"}],"curies":[{"name":"wp","href":"https:\/\/api.w.org\/{rel}","templated":true}]}}