{"id":27925,"date":"2024-06-21T10:02:43","date_gmt":"2024-06-21T08:02:43","guid":{"rendered":"https:\/\/www.werbewoche.ch\/?p=216997"},"modified":"2024-11-10T09:43:21","modified_gmt":"2024-11-10T08:43:21","slug":"boom-bei-start-up-gruendungen-durch-ki","status":"publish","type":"post","link":"https:\/\/www.organisator.ch\/fr\/marketing\/2024-06-21\/boom-bei-start-up-gruendungen-durch-ki\/","title":{"rendered":"Boom des cr\u00e9ations de start-up gr\u00e2ce \u00e0 l'IA"},"content":{"rendered":"<figure id=\"attachment_217001\" class=\"wp-caption alignnone\" style=\"width: 1200px\" aria-describedby=\"caption-attachment-217001\"><img class=\"alignnone wp-image-217001 size-full\" src=\"https:\/\/www.werbewoche.ch\/wp-content\/uploads\/2024\/06\/Start-up-Unsplash.jpg\" alt=\"Start-ups Suisse \" width=\"1200\" height=\"880\" \/>\r\n<figcaption id=\"caption-attachment-217001\" class=\"wp-caption-text\">Image : J\u00fanior Ferreira ; Unsplash.<\/figcaption>\r\n<\/figure>\r\n<p>Dans toute la Suisse, environ 27'329 entreprises ont \u00e9t\u00e9 inscrites au registre du commerce au premier semestre 2024, ce qui correspond \u00e0 une augmentation de 3 pour cent par rapport \u00e0 la m\u00eame p\u00e9riode de l'ann\u00e9e pr\u00e9c\u00e9dente. C'est ce qu'a d\u00e9termin\u00e9 la plateforme en ligne startups.ch dans une nouvelle \u00e9valuation.<\/p>\r\n<h3>La Suisse romande progresse nettement<\/h3>\r\n<p>Ensuite, on constate une croissance dans presque toutes les r\u00e9gions. La Suisse romande (nombre de nouvelles inscriptions par rapport \u00e0 la m\u00eame p\u00e9riode de l'ann\u00e9e pr\u00e9c\u00e9dente : +5,9%) a connu une \u00e9volution particuli\u00e8rement forte. Le leader de la r\u00e9gion est le canton de Vaud (+13,9%). Il s'est \u00e9tabli depuis des ann\u00e9es comme un site particuli\u00e8rement attractif pour les jeunes entreprises. Le canton de Zurich, fort de son \u00e9conomie et de son large \u00e9ventail de branches, affiche une hausse de 2,9%.<\/p>\r\n<h3>Plus de jeunes cr\u00e9ateurs d'entreprise<\/h3>\r\n<p>\"Les jeunes entrepreneurs cr\u00e9ent des entreprises en position de force. Si le moteur \u00e9conomique tourne, cela se r\u00e9percute positivement sur le secteur des start-up. C'est le cas actuellement\", commente Michele Blasucci, fondateur et CEO de Startups.ch. C'est surtout le boom de l'intelligence artificielle qui donne une impulsion. Les entreprises ont reconnu la n\u00e9cessit\u00e9 d'investir dans l'IA et font appel \u00e0 des conseils externes. \"C'est l\u00e0 que les jeunes entrepreneurs interviennent. Ils aident les entreprises confirm\u00e9es \u00e0 automatiser leur comptabilit\u00e9 ou \u00e0 mettre en \u0153uvre des applications bas\u00e9es sur l'IA, comme la programmation de bots qui se chargent par exemple du premier conseil aux clients. Ou ils montrent comment atteindre efficacement un jeune public avec l'IA via Tiktok et d'autres plateformes\", explique Blasucci.<\/p>\r\n<p>La jeune g\u00e9n\u00e9ration est proche de ces nouvelles technologies. C'est sans doute l'une des raisons pour lesquelles elle est \u00e0 l'origine d'un grand nombre de cr\u00e9ations d'entreprises. Comme le montrent les propres donn\u00e9es analys\u00e9es par Startups.ch, la part des cr\u00e9ateurs d'entreprise \u00e2g\u00e9s de 18 \u00e0 27 ans a augment\u00e9 d'un point de pourcentage pour atteindre 20,8 %, tandis que celle des 28-37 ans - qui repr\u00e9sentent la plus grande part des cr\u00e9ateurs - a nettement baiss\u00e9, passant de 39,4 \u00e0 32,8 %.<\/p>\r\n<h3>Le secteur de l'automobile et de la carrosserie devrait profiter du boom des campeurs<\/h3>\r\n<p>Les taux d'int\u00e9r\u00eat mod\u00e9r\u00e9s sont un autre moteur de l'augmentation du nombre d'entreprises nouvellement cr\u00e9\u00e9es. \"La demande dans les secteurs de l'immobilier, de la construction et de l'artisanat est \u00e9lev\u00e9e, ce dont de nombreux artisans ont su profiter pour se lancer dans l'aventure de l'ind\u00e9pendance, une cat\u00e9gorie professionnelle qui ne peut gu\u00e8re non plus \u00eatre supplant\u00e9e par l'IA\", constate Michele Blasucci.<\/p>\r\n<p>C'est \u00e9galement le cas dans le domaine des v\u00e9hicules et des carrosseries. Ici aussi, les start-ups sont de plus en plus nombreuses, ce qui est sans doute d\u00fb en grande partie au boom du camping de ces derni\u00e8res ann\u00e9es. Les artisans sont \u00e9galement tr\u00e8s demand\u00e9s dans ce domaine. Michele Blasucci est confiant pour le deuxi\u00e8me semestre. Il s'attend \u00e0 ce que la dynamique se poursuive et pr\u00e9voit un nombre record de nouvelles entreprises pour 2024.<\/p>\r\n<figure id=\"attachment_216999\" class=\"wp-caption alignnone\" style=\"width: 1200px\" aria-describedby=\"caption-attachment-216999\"><img class=\"wp-image-216999 size-full\" src=\"https:\/\/www.werbewoche.ch\/wp-content\/uploads\/2024\/06\/STartups.jpg\" alt=\"\" width=\"1200\" height=\"873\" \/>\r\n<figcaption id=\"caption-attachment-216999\" class=\"wp-caption-text\">Image : Startups.ch Statistiques, 19.06.2024.<\/figcaption>\r\n<\/figure>","protected":false},"excerpt":{"rendered":"<p>Gr\u00e2ce \u00e0 l'intelligence artificielle, le secteur des start-up bat des records : le nombre de nouvelles entreprises inscrites au registre du commerce suisse a augment\u00e9 d'environ 3 pour cent, peut-on lire sur Startups.ch.<\/p>","protected":false},"author":8,"featured_media":0,"comment_status":"closed","ping_status":"closed","sticky":false,"template":"","format":"standard","meta":{"_acf_changed":false,"_yoast_wpseo_focuskw":"Start-ups Schweiz","_yoast_wpseo_metadesc":"27'329 neue Firmen in der Schweiz im ersten Halbjahr 2024. Starker Anstieg in der Romandie und bei jungen Gr\u00fcndern.","articlekey":"","footnotes":""},"categories":[29],"tags":[319,341,2195],"class_list":["post-27925","post","type-post","status-publish","format-standard","hentry","category-marketing","tag-kuenstliche-intelligenz","tag-marktforschung","tag-start-up"],"acf":[],"yoast_head":"<!-- This site is optimized with the Yoast SEO plugin v27.5 - https:\/\/yoast.com\/product\/yoast-seo-wordpress\/ -->\n<title>Boom bei Start-up-Gr\u00fcndungen durch KI - Organisator<\/title>\n<meta name=\"description\" content=\"27&#039;329 neue Firmen in der Schweiz im ersten Halbjahr 2024. Starker Anstieg in der Romandie und bei jungen Gr\u00fcndern.\" \/>\n<meta name=\"robots\" content=\"index, follow, max-snippet:-1, max-image-preview:large, max-video-preview:-1\" \/>\n<link rel=\"canonical\" href=\"https:\/\/www.organisator.ch\/fr\/marketing\/2024-06-21\/boom-bei-start-up-gruendungen-durch-ki\/\" \/>\n<meta property=\"og:locale\" content=\"fr_FR\" \/>\n<meta property=\"og:type\" content=\"article\" \/>\n<meta property=\"og:title\" content=\"Boom bei Start-up-Gr\u00fcndungen durch KI - Organisator\" \/>\n<meta property=\"og:description\" content=\"27&#039;329 neue Firmen in der Schweiz im ersten Halbjahr 2024. Starker Anstieg in der Romandie und bei jungen Gr\u00fcndern.\" \/>\n<meta property=\"og:url\" content=\"https:\/\/www.organisator.ch\/fr\/marketing\/2024-06-21\/boom-bei-start-up-gruendungen-durch-ki\/\" \/>\n<meta property=\"og:site_name\" content=\"Organisator\" \/>\n<meta property=\"article:publisher\" content=\"https:\/\/www.facebook.com\/OrganisatorFachmagazin\" \/>\n<meta property=\"article:published_time\" content=\"2024-06-21T08:02:43+00:00\" \/>\n<meta property=\"article:modified_time\" content=\"2024-11-10T08:43:21+00:00\" \/>\n<meta property=\"og:image\" content=\"https:\/\/www.werbewoche.ch\/wp-content\/uploads\/2024\/06\/Start-up-Unsplash.jpg\" \/>\n<meta name=\"author\" content=\"galledia\" \/>\n<meta name=\"twitter:card\" content=\"summary_large_image\" \/>\n<meta name=\"twitter:creator\" content=\"@admin\" \/>\n<script type=\"application\/ld+json\" class=\"yoast-schema-graph\">{\"@context\":\"https:\\\/\\\/schema.org\",\"@graph\":[{\"@type\":\"Article\",\"@id\":\"https:\\\/\\\/www.organisator.ch\\\/marketing\\\/2024-06-21\\\/boom-bei-start-up-gruendungen-durch-ki\\\/#article\",\"isPartOf\":{\"@id\":\"https:\\\/\\\/www.organisator.ch\\\/marketing\\\/2024-06-21\\\/boom-bei-start-up-gruendungen-durch-ki\\\/\"},\"author\":{\"name\":\"galledia\",\"@id\":\"https:\\\/\\\/www.organisator.ch\\\/#\\\/schema\\\/person\\\/4e51799071cd2dd1232ac003643ef5f0\"},\"headline\":\"Boom bei Start-up-Gr\u00fcndungen durch KI\",\"datePublished\":\"2024-06-21T08:02:43+00:00\",\"dateModified\":\"2024-11-10T08:43:21+00:00\",\"mainEntityOfPage\":{\"@id\":\"https:\\\/\\\/www.organisator.ch\\\/marketing\\\/2024-06-21\\\/boom-bei-start-up-gruendungen-durch-ki\\\/\"},\"wordCount\":450,\"publisher\":{\"@id\":\"https:\\\/\\\/www.organisator.ch\\\/#organization\"},\"image\":{\"@id\":\"https:\\\/\\\/www.organisator.ch\\\/marketing\\\/2024-06-21\\\/boom-bei-start-up-gruendungen-durch-ki\\\/#primaryimage\"},\"thumbnailUrl\":\"https:\\\/\\\/www.werbewoche.ch\\\/wp-content\\\/uploads\\\/2024\\\/06\\\/Start-up-Unsplash.jpg\",\"keywords\":[\"K\u00fcnstliche Intelligenz\",\"Marktforschung\",\"Start-up\"],\"articleSection\":[\"MARKETING\"],\"inLanguage\":\"fr-FR\"},{\"@type\":\"WebPage\",\"@id\":\"https:\\\/\\\/www.organisator.ch\\\/marketing\\\/2024-06-21\\\/boom-bei-start-up-gruendungen-durch-ki\\\/\",\"url\":\"https:\\\/\\\/www.organisator.ch\\\/marketing\\\/2024-06-21\\\/boom-bei-start-up-gruendungen-durch-ki\\\/\",\"name\":\"Boom bei Start-up-Gr\u00fcndungen durch KI - Organisator\",\"isPartOf\":{\"@id\":\"https:\\\/\\\/www.organisator.ch\\\/#website\"},\"primaryImageOfPage\":{\"@id\":\"https:\\\/\\\/www.organisator.ch\\\/marketing\\\/2024-06-21\\\/boom-bei-start-up-gruendungen-durch-ki\\\/#primaryimage\"},\"image\":{\"@id\":\"https:\\\/\\\/www.organisator.ch\\\/marketing\\\/2024-06-21\\\/boom-bei-start-up-gruendungen-durch-ki\\\/#primaryimage\"},\"thumbnailUrl\":\"https:\\\/\\\/www.werbewoche.ch\\\/wp-content\\\/uploads\\\/2024\\\/06\\\/Start-up-Unsplash.jpg\",\"datePublished\":\"2024-06-21T08:02:43+00:00\",\"dateModified\":\"2024-11-10T08:43:21+00:00\",\"description\":\"27'329 neue Firmen in der Schweiz im ersten Halbjahr 2024. Starker Anstieg in der Romandie und bei jungen Gr\u00fcndern.\",\"breadcrumb\":{\"@id\":\"https:\\\/\\\/www.organisator.ch\\\/marketing\\\/2024-06-21\\\/boom-bei-start-up-gruendungen-durch-ki\\\/#breadcrumb\"},\"inLanguage\":\"fr-FR\",\"potentialAction\":[{\"@type\":\"ReadAction\",\"target\":[\"https:\\\/\\\/www.organisator.ch\\\/marketing\\\/2024-06-21\\\/boom-bei-start-up-gruendungen-durch-ki\\\/\"]}]},{\"@type\":\"ImageObject\",\"inLanguage\":\"fr-FR\",\"@id\":\"https:\\\/\\\/www.organisator.ch\\\/marketing\\\/2024-06-21\\\/boom-bei-start-up-gruendungen-durch-ki\\\/#primaryimage\",\"url\":\"https:\\\/\\\/www.werbewoche.ch\\\/wp-content\\\/uploads\\\/2024\\\/06\\\/Start-up-Unsplash.jpg\",\"contentUrl\":\"https:\\\/\\\/www.werbewoche.ch\\\/wp-content\\\/uploads\\\/2024\\\/06\\\/Start-up-Unsplash.jpg\"},{\"@type\":\"BreadcrumbList\",\"@id\":\"https:\\\/\\\/www.organisator.ch\\\/marketing\\\/2024-06-21\\\/boom-bei-start-up-gruendungen-durch-ki\\\/#breadcrumb\",\"itemListElement\":[{\"@type\":\"ListItem\",\"position\":1,\"name\":\"Home\",\"item\":\"https:\\\/\\\/www.organisator.ch\\\/\"},{\"@type\":\"ListItem\",\"position\":2,\"name\":\"Boom bei Start-up-Gr\u00fcndungen durch KI\"}]},{\"@type\":\"WebSite\",\"@id\":\"https:\\\/\\\/www.organisator.ch\\\/#website\",\"url\":\"https:\\\/\\\/www.organisator.ch\\\/\",\"name\":\"Organisator\",\"description\":\"Kompetent. Praxisnah. Der ORGANISATOR bereitet in 10 Ausgaben pro Jahr die wesentlichen Themen f\u00fcr F\u00fchrungskr\u00e4fte von KMU auf.\",\"publisher\":{\"@id\":\"https:\\\/\\\/www.organisator.ch\\\/#organization\"},\"potentialAction\":[{\"@type\":\"SearchAction\",\"target\":{\"@type\":\"EntryPoint\",\"urlTemplate\":\"https:\\\/\\\/www.organisator.ch\\\/?s={search_term_string}\"},\"query-input\":{\"@type\":\"PropertyValueSpecification\",\"valueRequired\":true,\"valueName\":\"search_term_string\"}}],\"inLanguage\":\"fr-FR\"},{\"@type\":\"Organization\",\"@id\":\"https:\\\/\\\/www.organisator.ch\\\/#organization\",\"name\":\"Organisator\",\"url\":\"https:\\\/\\\/www.organisator.ch\\\/\",\"logo\":{\"@type\":\"ImageObject\",\"inLanguage\":\"fr-FR\",\"@id\":\"https:\\\/\\\/www.organisator.ch\\\/#\\\/schema\\\/logo\\\/image\\\/\",\"url\":\"https:\\\/\\\/www.organisator.ch\\\/wp-content\\\/uploads\\\/2022\\\/01\\\/Logo_Organisator_Website.png\",\"contentUrl\":\"https:\\\/\\\/www.organisator.ch\\\/wp-content\\\/uploads\\\/2022\\\/01\\\/Logo_Organisator_Website.png\",\"width\":800,\"height\":77,\"caption\":\"Organisator\"},\"image\":{\"@id\":\"https:\\\/\\\/www.organisator.ch\\\/#\\\/schema\\\/logo\\\/image\\\/\"},\"sameAs\":[\"https:\\\/\\\/www.facebook.com\\\/OrganisatorFachmagazin\",\"https:\\\/\\\/www.linkedin.com\\\/showcase\\\/organisator-das-magazin-fr-kmu\",\"https:\\\/\\\/www.xing.com\\\/news\\\/pages\\\/organisator-ch-695\",\"https:\\\/\\\/www.youtube.com\\\/channel\\\/UCGP2Sq0iWaZwT3BdIAQFYpw\"]},{\"@type\":\"Person\",\"@id\":\"https:\\\/\\\/www.organisator.ch\\\/#\\\/schema\\\/person\\\/4e51799071cd2dd1232ac003643ef5f0\",\"name\":\"galledia\",\"image\":{\"@type\":\"ImageObject\",\"inLanguage\":\"fr-FR\",\"@id\":\"https:\\\/\\\/secure.gravatar.com\\\/avatar\\\/78a7f90c01fc2bfc875782a0d4922b37cde2cf184ce347b91316d23cd7f69a36?s=96&d=mm&r=g\",\"url\":\"https:\\\/\\\/secure.gravatar.com\\\/avatar\\\/78a7f90c01fc2bfc875782a0d4922b37cde2cf184ce347b91316d23cd7f69a36?s=96&d=mm&r=g\",\"contentUrl\":\"https:\\\/\\\/secure.gravatar.com\\\/avatar\\\/78a7f90c01fc2bfc875782a0d4922b37cde2cf184ce347b91316d23cd7f69a36?s=96&d=mm&r=g\",\"caption\":\"galledia\"},\"sameAs\":[\"https:\\\/\\\/x.com\\\/admin\"],\"url\":\"https:\\\/\\\/www.organisator.ch\\\/fr\\\/author\\\/galledia\\\/\"}]}<\/script>\n<!-- \/ Yoast SEO plugin. -->","yoast_head_json":{"title":"Boom des cr\u00e9ations de start-up gr\u00e2ce \u00e0 l'IA - Organisateur","description":"27'329 nouvelles entreprises en Suisse au premier semestre 2024. Forte augmentation en Suisse romande et chez les jeunes cr\u00e9ateurs.","robots":{"index":"index","follow":"follow","max-snippet":"max-snippet:-1","max-image-preview":"max-image-preview:large","max-video-preview":"max-video-preview:-1"},"canonical":"https:\/\/www.organisator.ch\/fr\/marketing\/2024-06-21\/boom-bei-start-up-gruendungen-durch-ki\/","og_locale":"fr_FR","og_type":"article","og_title":"Boom bei Start-up-Gr\u00fcndungen durch KI - Organisator","og_description":"27'329 neue Firmen in der Schweiz im ersten Halbjahr 2024. Starker Anstieg in der Romandie und bei jungen Gr\u00fcndern.","og_url":"https:\/\/www.organisator.ch\/fr\/marketing\/2024-06-21\/boom-bei-start-up-gruendungen-durch-ki\/","og_site_name":"Organisator","article_publisher":"https:\/\/www.facebook.com\/OrganisatorFachmagazin","article_published_time":"2024-06-21T08:02:43+00:00","article_modified_time":"2024-11-10T08:43:21+00:00","og_image":[{"url":"https:\/\/www.werbewoche.ch\/wp-content\/uploads\/2024\/06\/Start-up-Unsplash.jpg","type":"","width":"","height":""}],"author":"galledia","twitter_card":"summary_large_image","twitter_creator":"@admin","schema":{"@context":"https:\/\/schema.org","@graph":[{"@type":"Article","@id":"https:\/\/www.organisator.ch\/marketing\/2024-06-21\/boom-bei-start-up-gruendungen-durch-ki\/#article","isPartOf":{"@id":"https:\/\/www.organisator.ch\/marketing\/2024-06-21\/boom-bei-start-up-gruendungen-durch-ki\/"},"author":{"name":"galledia","@id":"https:\/\/www.organisator.ch\/#\/schema\/person\/4e51799071cd2dd1232ac003643ef5f0"},"headline":"Boom bei Start-up-Gr\u00fcndungen durch KI","datePublished":"2024-06-21T08:02:43+00:00","dateModified":"2024-11-10T08:43:21+00:00","mainEntityOfPage":{"@id":"https:\/\/www.organisator.ch\/marketing\/2024-06-21\/boom-bei-start-up-gruendungen-durch-ki\/"},"wordCount":450,"publisher":{"@id":"https:\/\/www.organisator.ch\/#organization"},"image":{"@id":"https:\/\/www.organisator.ch\/marketing\/2024-06-21\/boom-bei-start-up-gruendungen-durch-ki\/#primaryimage"},"thumbnailUrl":"https:\/\/www.werbewoche.ch\/wp-content\/uploads\/2024\/06\/Start-up-Unsplash.jpg","keywords":["K\u00fcnstliche Intelligenz","Marktforschung","Start-up"],"articleSection":["MARKETING"],"inLanguage":"fr-FR"},{"@type":"WebPage","@id":"https:\/\/www.organisator.ch\/marketing\/2024-06-21\/boom-bei-start-up-gruendungen-durch-ki\/","url":"https:\/\/www.organisator.ch\/marketing\/2024-06-21\/boom-bei-start-up-gruendungen-durch-ki\/","name":"Boom des cr\u00e9ations de start-up gr\u00e2ce \u00e0 l'IA - Organisateur","isPartOf":{"@id":"https:\/\/www.organisator.ch\/#website"},"primaryImageOfPage":{"@id":"https:\/\/www.organisator.ch\/marketing\/2024-06-21\/boom-bei-start-up-gruendungen-durch-ki\/#primaryimage"},"image":{"@id":"https:\/\/www.organisator.ch\/marketing\/2024-06-21\/boom-bei-start-up-gruendungen-durch-ki\/#primaryimage"},"thumbnailUrl":"https:\/\/www.werbewoche.ch\/wp-content\/uploads\/2024\/06\/Start-up-Unsplash.jpg","datePublished":"2024-06-21T08:02:43+00:00","dateModified":"2024-11-10T08:43:21+00:00","description":"27'329 nouvelles entreprises en Suisse au premier semestre 2024. Forte augmentation en Suisse romande et chez les jeunes cr\u00e9ateurs.","breadcrumb":{"@id":"https:\/\/www.organisator.ch\/marketing\/2024-06-21\/boom-bei-start-up-gruendungen-durch-ki\/#breadcrumb"},"inLanguage":"fr-FR","potentialAction":[{"@type":"ReadAction","target":["https:\/\/www.organisator.ch\/marketing\/2024-06-21\/boom-bei-start-up-gruendungen-durch-ki\/"]}]},{"@type":"ImageObject","inLanguage":"fr-FR","@id":"https:\/\/www.organisator.ch\/marketing\/2024-06-21\/boom-bei-start-up-gruendungen-durch-ki\/#primaryimage","url":"https:\/\/www.werbewoche.ch\/wp-content\/uploads\/2024\/06\/Start-up-Unsplash.jpg","contentUrl":"https:\/\/www.werbewoche.ch\/wp-content\/uploads\/2024\/06\/Start-up-Unsplash.jpg"},{"@type":"BreadcrumbList","@id":"https:\/\/www.organisator.ch\/marketing\/2024-06-21\/boom-bei-start-up-gruendungen-durch-ki\/#breadcrumb","itemListElement":[{"@type":"ListItem","position":1,"name":"Home","item":"https:\/\/www.organisator.ch\/"},{"@type":"ListItem","position":2,"name":"Boom bei Start-up-Gr\u00fcndungen durch KI"}]},{"@type":"WebSite","@id":"https:\/\/www.organisator.ch\/#website","url":"https:\/\/www.organisator.ch\/","name":"Organisateur","description":"Comp\u00e9tence et comp\u00e9tence. Proches de la pratique. L'ORGANISATEUR pr\u00e9pare 10 num\u00e9ros par an sur les th\u00e8mes essentiels pour les dirigeants de PME.","publisher":{"@id":"https:\/\/www.organisator.ch\/#organization"},"potentialAction":[{"@type":"SearchAction","target":{"@type":"EntryPoint","urlTemplate":"https:\/\/www.organisator.ch\/?s={search_term_string}"},"query-input":{"@type":"PropertyValueSpecification","valueRequired":true,"valueName":"search_term_string"}}],"inLanguage":"fr-FR"},{"@type":"Organization","@id":"https:\/\/www.organisator.ch\/#organization","name":"Organisateur","url":"https:\/\/www.organisator.ch\/","logo":{"@type":"ImageObject","inLanguage":"fr-FR","@id":"https:\/\/www.organisator.ch\/#\/schema\/logo\/image\/","url":"https:\/\/www.organisator.ch\/wp-content\/uploads\/2022\/01\/Logo_Organisator_Website.png","contentUrl":"https:\/\/www.organisator.ch\/wp-content\/uploads\/2022\/01\/Logo_Organisator_Website.png","width":800,"height":77,"caption":"Organisator"},"image":{"@id":"https:\/\/www.organisator.ch\/#\/schema\/logo\/image\/"},"sameAs":["https:\/\/www.facebook.com\/OrganisatorFachmagazin","https:\/\/www.linkedin.com\/showcase\/organisator-das-magazin-fr-kmu","https:\/\/www.xing.com\/news\/pages\/organisator-ch-695","https:\/\/www.youtube.com\/channel\/UCGP2Sq0iWaZwT3BdIAQFYpw"]},{"@type":"Person","@id":"https:\/\/www.organisator.ch\/#\/schema\/person\/4e51799071cd2dd1232ac003643ef5f0","name":"galledia","image":{"@type":"ImageObject","inLanguage":"fr-FR","@id":"https:\/\/secure.gravatar.com\/avatar\/78a7f90c01fc2bfc875782a0d4922b37cde2cf184ce347b91316d23cd7f69a36?s=96&d=mm&r=g","url":"https:\/\/secure.gravatar.com\/avatar\/78a7f90c01fc2bfc875782a0d4922b37cde2cf184ce347b91316d23cd7f69a36?s=96&d=mm&r=g","contentUrl":"https:\/\/secure.gravatar.com\/avatar\/78a7f90c01fc2bfc875782a0d4922b37cde2cf184ce347b91316d23cd7f69a36?s=96&d=mm&r=g","caption":"galledia"},"sameAs":["https:\/\/x.com\/admin"],"url":"https:\/\/www.organisator.ch\/fr\/author\/galledia\/"}]}},"_links":{"self":[{"href":"https:\/\/www.organisator.ch\/fr\/wp-json\/wp\/v2\/posts\/27925","targetHints":{"allow":["GET"]}}],"collection":[{"href":"https:\/\/www.organisator.ch\/fr\/wp-json\/wp\/v2\/posts"}],"about":[{"href":"https:\/\/www.organisator.ch\/fr\/wp-json\/wp\/v2\/types\/post"}],"author":[{"embeddable":true,"href":"https:\/\/www.organisator.ch\/fr\/wp-json\/wp\/v2\/users\/8"}],"replies":[{"embeddable":true,"href":"https:\/\/www.organisator.ch\/fr\/wp-json\/wp\/v2\/comments?post=27925"}],"version-history":[{"count":5,"href":"https:\/\/www.organisator.ch\/fr\/wp-json\/wp\/v2\/posts\/27925\/revisions"}],"predecessor-version":[{"id":32167,"href":"https:\/\/www.organisator.ch\/fr\/wp-json\/wp\/v2\/posts\/27925\/revisions\/32167"}],"wp:attachment":[{"href":"https:\/\/www.organisator.ch\/fr\/wp-json\/wp\/v2\/media?parent=27925"}],"wp:term":[{"taxonomy":"category","embeddable":true,"href":"https:\/\/www.organisator.ch\/fr\/wp-json\/wp\/v2\/categories?post=27925"},{"taxonomy":"post_tag","embeddable":true,"href":"https:\/\/www.organisator.ch\/fr\/wp-json\/wp\/v2\/tags?post=27925"}],"curies":[{"name":"wp","href":"https:\/\/api.w.org\/{rel}","templated":true}]}}