{"id":27963,"date":"2024-06-24T11:45:52","date_gmt":"2024-06-24T09:45:52","guid":{"rendered":"https:\/\/www.organisator.ch\/?p=27963"},"modified":"2024-06-24T11:17:12","modified_gmt":"2024-06-24T09:17:12","slug":"internationale-sommerschule-zu-erneuerbaren-energien","status":"publish","type":"post","link":"https:\/\/www.organisator.ch\/fr\/weiterbildung\/2024-06-24\/internationale-sommerschule-zu-erneuerbaren-energien\/","title":{"rendered":"\u00c9cole d'\u00e9t\u00e9 internationale sur les \u00e9nergies renouvelables"},"content":{"rendered":"<figure id=\"attachment_27965\" aria-describedby=\"caption-attachment-27965\" style=\"width: 680px\" class=\"wp-caption alignnone\"><img loading=\"lazy\" decoding=\"async\" class=\"wp-image-27965 size-full\" src=\"https:\/\/www.organisator.ch\/wp-content\/uploads\/2024\/06\/BKW_Hes-so_Bild1_ps.jpg\" alt=\"\" width=\"680\" height=\"523\" srcset=\"https:\/\/www.organisator.ch\/wp-content\/uploads\/2024\/06\/BKW_Hes-so_Bild1_ps.jpg 680w, https:\/\/www.organisator.ch\/wp-content\/uploads\/2024\/06\/BKW_Hes-so_Bild1_ps-16x12.jpg 16w, https:\/\/www.organisator.ch\/wp-content\/uploads\/2024\/06\/BKW_Hes-so_Bild1_ps-375x288.jpg 375w, https:\/\/www.organisator.ch\/wp-content\/uploads\/2024\/06\/BKW_Hes-so_Bild1_ps-455x350.jpg 455w\" sizes=\"auto, (max-width: 680px) 100vw, 680px\" \/><figcaption id=\"caption-attachment-27965\" class=\"wp-caption-text\">Outre les travaux de groupe et les ateliers, des visites des installations photovolta\u00efques et \u00e9oliennes sont \u00e9galement pr\u00e9vues. (Image : FMB)<\/figcaption><\/figure>\n<p>L'Ecole internationale d'\u00e9t\u00e9 sur les \u00e9nergies renouvelables (EIE-ENR) est un centre de comp\u00e9tences francophone en \u00e9nergies renouvelables, ax\u00e9 sur la recherche appliqu\u00e9e et le d\u00e9veloppement, auquel participent la HES-SO, l'Universit\u00e9 de Savoie Mont Blanc (USMB) et l'Universit\u00e9 du Qu\u00e9bec \u00e0 Trois-Rivi\u00e8res (UQTR). Depuis 2015, une semaine th\u00e9matique sp\u00e9ciale est organis\u00e9e chaque \u00e9t\u00e9 \u00e0 tour de r\u00f4le par l'un des partenaires acad\u00e9miques.<\/p>\n<p>Cette rencontre annuelle favorise l'\u00e9change et la collaboration internationale. Elle permet aux professeurs d'informer sur l'\u00e9tat de leurs recherches et aux \u00e9tudiants de travailler sur des projets r\u00e9alistes et viables, int\u00e9grant des dimensions sociales et solidaires. De plus, tous les participants seront sensibilis\u00e9s aux approches, priorit\u00e9s et conditions particuli\u00e8res li\u00e9es au d\u00e9veloppement des \u00e9nergies renouvelables dans les diff\u00e9rents pays et pourront ensuite mettre ces connaissances en pratique dans leur pays. La semaine sera ponctu\u00e9e de conf\u00e9rences, d'ateliers, de sessions de coaching et de travaux de groupe, tous organis\u00e9s \u00e0 l'Espace d\u00e9couverte Energie de Mont-Soleil. Des visites des installations photovolta\u00efques et \u00e9oliennes de Mont-Soleil et du barrage de La Goule sur le Doubs sont \u00e9galement pr\u00e9vues.<\/p>\n<p>Cette ann\u00e9e, les \u00e9tudiants d\u00e9velopperont des projets d'extension d'installations de production d'\u00e9nergie renouvelable, incluant le stockage de l'\u00e9nergie. Ils tiendront compte des sp\u00e9cificit\u00e9s g\u00e9ographiques, climatiques, socio-\u00e9conomiques et culturelles de Mont-Soleil, ainsi que de l'extension du parc photovolta\u00efque r\u00e9cemment accept\u00e9e par les citoyens de Saint-Imier. Le r\u00e9sultat des travaux sera pr\u00e9sent\u00e9 vendredi soir \u00e0 Mont-Soleil \u00e0 un jury compos\u00e9 de professionnels, de politiciens et de politiciennes.<\/p>\n<p><em>Source et informations compl\u00e9mentaires : <a href=\"http:\/\/www.hes-so.ch\">www.hes-so.ch<\/a> <\/em><\/p>","protected":false},"excerpt":{"rendered":"<p>Une trentaine d'\u00e9tudiants, de professionnels et de professeurs d'universit\u00e9s et de hautes \u00e9coles sp\u00e9cialis\u00e9es de Suisse, du Canada et de France se retrouveront \u00e0 Mont-Soleil du 29 juin au 6 juillet 2024 \u00e0 l'occasion de l'Ecole internationale d'\u00e9t\u00e9 sur les \u00e9nergies renouvelables (EIE-ENR), organis\u00e9e par le domaine Ing\u00e9nierie et architecture de la HES-SO Haute \u00e9cole sp\u00e9cialis\u00e9e de Suisse occidentale. <\/p>","protected":false},"author":58,"featured_media":27965,"comment_status":"closed","ping_status":"closed","sticky":false,"template":"","format":"standard","meta":{"_acf_changed":false,"_yoast_wpseo_focuskw":"Sommerschule","_yoast_wpseo_metadesc":"Rund 30 Studierende, Fachpersonen und Professorinnen und Professoren von Universit\u00e4ten und Fachhochschulen aus der Schweiz, Kanada und Frankreich treffen sich anl\u00e4sslich der internationalen Sommerschule zu erneuerbaren Energien.","articlekey":"","footnotes":""},"categories":[30],"tags":[62,1098,424,4280],"class_list":["post-27963","post","type-post","status-publish","format-standard","has-post-thumbnail","hentry","category-weiterbildung","tag-aus-weiterbildung","tag-enerneuerbare-energie","tag-schweiz","tag-sommerschule"],"acf":[],"yoast_head":"<!-- This site is optimized with the Yoast SEO plugin v27.5 - https:\/\/yoast.com\/product\/yoast-seo-wordpress\/ -->\n<title>Internationale Sommerschule zu erneuerbaren Energien - Organisator<\/title>\n<meta name=\"description\" content=\"Rund 30 Studierende, Fachpersonen und Professorinnen und Professoren von Universit\u00e4ten und Fachhochschulen aus der Schweiz, Kanada und Frankreich treffen sich anl\u00e4sslich der internationalen Sommerschule zu erneuerbaren Energien.\" \/>\n<meta name=\"robots\" content=\"index, follow, max-snippet:-1, max-image-preview:large, max-video-preview:-1\" \/>\n<link rel=\"canonical\" href=\"https:\/\/www.organisator.ch\/fr\/formation-continue-2\/2024-06-24\/internationale-sommerschule-zu-erneuerbaren-energien\/\" \/>\n<meta property=\"og:locale\" content=\"fr_FR\" \/>\n<meta property=\"og:type\" content=\"article\" \/>\n<meta property=\"og:title\" content=\"Internationale Sommerschule zu erneuerbaren Energien\" \/>\n<meta property=\"og:description\" content=\"Rund 30 Studierende, Fachpersonen und Professorinnen und Professoren von Universit\u00e4ten und Fachhochschulen aus der Schweiz, Kanada und Frankreich treffen sich anl\u00e4sslich der internationalen Sommerschule zu erneuerbaren Energien.\" \/>\n<meta property=\"og:url\" content=\"https:\/\/www.organisator.ch\/fr\/formation-continue-2\/2024-06-24\/internationale-sommerschule-zu-erneuerbaren-energien\/\" \/>\n<meta property=\"og:site_name\" content=\"Organisator\" \/>\n<meta property=\"article:publisher\" content=\"https:\/\/www.facebook.com\/OrganisatorFachmagazin\" \/>\n<meta property=\"article:published_time\" content=\"2024-06-24T09:45:52+00:00\" \/>\n<meta property=\"og:image\" content=\"https:\/\/www.organisator.ch\/wp-content\/uploads\/2024\/06\/BKW_Hes-so_Bild1_ps.jpg\" \/>\n\t<meta property=\"og:image:width\" content=\"680\" \/>\n\t<meta property=\"og:image:height\" content=\"523\" \/>\n\t<meta property=\"og:image:type\" content=\"image\/jpeg\" \/>\n<meta name=\"author\" content=\"Adelisa Kalajdzini\" \/>\n<meta name=\"twitter:card\" content=\"summary_large_image\" \/>\n<meta name=\"twitter:title\" content=\"Internationale Sommerschule zu erneuerbaren Energien\" \/>\n<meta name=\"twitter:description\" content=\"Rund 30 #Studierende, #Fachpersonen und #Professorinnen und Professoren von Universit\u00e4ten und Fachhochschulen aus der Schweiz, Kanada und Frankreich #treffen sich anl\u00e4sslich der #internationalen #Sommerschule zu erneuerbaren Energien.\" \/>\n<meta name=\"twitter:image\" content=\"https:\/\/www.organisator.ch\/wp-content\/uploads\/2024\/06\/BKW_Hes-so_Bild1_ps.jpg\" \/>\n<script type=\"application\/ld+json\" class=\"yoast-schema-graph\">{\"@context\":\"https:\\\/\\\/schema.org\",\"@graph\":[{\"@type\":\"Article\",\"@id\":\"https:\\\/\\\/www.organisator.ch\\\/weiterbildung\\\/2024-06-24\\\/internationale-sommerschule-zu-erneuerbaren-energien\\\/#article\",\"isPartOf\":{\"@id\":\"https:\\\/\\\/www.organisator.ch\\\/weiterbildung\\\/2024-06-24\\\/internationale-sommerschule-zu-erneuerbaren-energien\\\/\"},\"author\":{\"name\":\"Adelisa Kalajdzini\",\"@id\":\"https:\\\/\\\/www.organisator.ch\\\/#\\\/schema\\\/person\\\/2e1314a2172123f874db408d8911d3f3\"},\"headline\":\"Internationale Sommerschule zu erneuerbaren Energien\",\"datePublished\":\"2024-06-24T09:45:52+00:00\",\"mainEntityOfPage\":{\"@id\":\"https:\\\/\\\/www.organisator.ch\\\/weiterbildung\\\/2024-06-24\\\/internationale-sommerschule-zu-erneuerbaren-energien\\\/\"},\"wordCount\":290,\"publisher\":{\"@id\":\"https:\\\/\\\/www.organisator.ch\\\/#organization\"},\"image\":{\"@id\":\"https:\\\/\\\/www.organisator.ch\\\/weiterbildung\\\/2024-06-24\\\/internationale-sommerschule-zu-erneuerbaren-energien\\\/#primaryimage\"},\"thumbnailUrl\":\"https:\\\/\\\/www.organisator.ch\\\/wp-content\\\/uploads\\\/2024\\\/06\\\/BKW_Hes-so_Bild1_ps.jpg\",\"keywords\":[\"Aus-\\\/Weiterbildung\",\"Enerneuerbare Energie\",\"Schweiz\",\"Sommerschule\"],\"articleSection\":[\"WEITERBILDUNG\"],\"inLanguage\":\"fr-FR\"},{\"@type\":\"WebPage\",\"@id\":\"https:\\\/\\\/www.organisator.ch\\\/weiterbildung\\\/2024-06-24\\\/internationale-sommerschule-zu-erneuerbaren-energien\\\/\",\"url\":\"https:\\\/\\\/www.organisator.ch\\\/weiterbildung\\\/2024-06-24\\\/internationale-sommerschule-zu-erneuerbaren-energien\\\/\",\"name\":\"Internationale Sommerschule zu erneuerbaren Energien - Organisator\",\"isPartOf\":{\"@id\":\"https:\\\/\\\/www.organisator.ch\\\/#website\"},\"primaryImageOfPage\":{\"@id\":\"https:\\\/\\\/www.organisator.ch\\\/weiterbildung\\\/2024-06-24\\\/internationale-sommerschule-zu-erneuerbaren-energien\\\/#primaryimage\"},\"image\":{\"@id\":\"https:\\\/\\\/www.organisator.ch\\\/weiterbildung\\\/2024-06-24\\\/internationale-sommerschule-zu-erneuerbaren-energien\\\/#primaryimage\"},\"thumbnailUrl\":\"https:\\\/\\\/www.organisator.ch\\\/wp-content\\\/uploads\\\/2024\\\/06\\\/BKW_Hes-so_Bild1_ps.jpg\",\"datePublished\":\"2024-06-24T09:45:52+00:00\",\"description\":\"Rund 30 Studierende, Fachpersonen und Professorinnen und Professoren von Universit\u00e4ten und Fachhochschulen aus der Schweiz, Kanada und Frankreich treffen sich anl\u00e4sslich der internationalen Sommerschule zu erneuerbaren Energien.\",\"breadcrumb\":{\"@id\":\"https:\\\/\\\/www.organisator.ch\\\/weiterbildung\\\/2024-06-24\\\/internationale-sommerschule-zu-erneuerbaren-energien\\\/#breadcrumb\"},\"inLanguage\":\"fr-FR\",\"potentialAction\":[{\"@type\":\"ReadAction\",\"target\":[\"https:\\\/\\\/www.organisator.ch\\\/weiterbildung\\\/2024-06-24\\\/internationale-sommerschule-zu-erneuerbaren-energien\\\/\"]}]},{\"@type\":\"ImageObject\",\"inLanguage\":\"fr-FR\",\"@id\":\"https:\\\/\\\/www.organisator.ch\\\/weiterbildung\\\/2024-06-24\\\/internationale-sommerschule-zu-erneuerbaren-energien\\\/#primaryimage\",\"url\":\"https:\\\/\\\/www.organisator.ch\\\/wp-content\\\/uploads\\\/2024\\\/06\\\/BKW_Hes-so_Bild1_ps.jpg\",\"contentUrl\":\"https:\\\/\\\/www.organisator.ch\\\/wp-content\\\/uploads\\\/2024\\\/06\\\/BKW_Hes-so_Bild1_ps.jpg\",\"width\":680,\"height\":523,\"caption\":\"Neben den Gruppenarbeiten und Workshops sind auch Besuche der Photovoltaik- und Windkraftanlagen geplant. (Bild: BKW)\"},{\"@type\":\"BreadcrumbList\",\"@id\":\"https:\\\/\\\/www.organisator.ch\\\/weiterbildung\\\/2024-06-24\\\/internationale-sommerschule-zu-erneuerbaren-energien\\\/#breadcrumb\",\"itemListElement\":[{\"@type\":\"ListItem\",\"position\":1,\"name\":\"Home\",\"item\":\"https:\\\/\\\/www.organisator.ch\\\/\"},{\"@type\":\"ListItem\",\"position\":2,\"name\":\"Internationale Sommerschule zu erneuerbaren Energien\"}]},{\"@type\":\"WebSite\",\"@id\":\"https:\\\/\\\/www.organisator.ch\\\/#website\",\"url\":\"https:\\\/\\\/www.organisator.ch\\\/\",\"name\":\"Organisator\",\"description\":\"Kompetent. Praxisnah. Der ORGANISATOR bereitet in 10 Ausgaben pro Jahr die wesentlichen Themen f\u00fcr F\u00fchrungskr\u00e4fte von KMU auf.\",\"publisher\":{\"@id\":\"https:\\\/\\\/www.organisator.ch\\\/#organization\"},\"potentialAction\":[{\"@type\":\"SearchAction\",\"target\":{\"@type\":\"EntryPoint\",\"urlTemplate\":\"https:\\\/\\\/www.organisator.ch\\\/?s={search_term_string}\"},\"query-input\":{\"@type\":\"PropertyValueSpecification\",\"valueRequired\":true,\"valueName\":\"search_term_string\"}}],\"inLanguage\":\"fr-FR\"},{\"@type\":\"Organization\",\"@id\":\"https:\\\/\\\/www.organisator.ch\\\/#organization\",\"name\":\"Organisator\",\"url\":\"https:\\\/\\\/www.organisator.ch\\\/\",\"logo\":{\"@type\":\"ImageObject\",\"inLanguage\":\"fr-FR\",\"@id\":\"https:\\\/\\\/www.organisator.ch\\\/#\\\/schema\\\/logo\\\/image\\\/\",\"url\":\"https:\\\/\\\/www.organisator.ch\\\/wp-content\\\/uploads\\\/2022\\\/01\\\/Logo_Organisator_Website.png\",\"contentUrl\":\"https:\\\/\\\/www.organisator.ch\\\/wp-content\\\/uploads\\\/2022\\\/01\\\/Logo_Organisator_Website.png\",\"width\":800,\"height\":77,\"caption\":\"Organisator\"},\"image\":{\"@id\":\"https:\\\/\\\/www.organisator.ch\\\/#\\\/schema\\\/logo\\\/image\\\/\"},\"sameAs\":[\"https:\\\/\\\/www.facebook.com\\\/OrganisatorFachmagazin\",\"https:\\\/\\\/www.linkedin.com\\\/showcase\\\/organisator-das-magazin-fr-kmu\",\"https:\\\/\\\/www.xing.com\\\/news\\\/pages\\\/organisator-ch-695\",\"https:\\\/\\\/www.youtube.com\\\/channel\\\/UCGP2Sq0iWaZwT3BdIAQFYpw\"]},{\"@type\":\"Person\",\"@id\":\"https:\\\/\\\/www.organisator.ch\\\/#\\\/schema\\\/person\\\/2e1314a2172123f874db408d8911d3f3\",\"name\":\"Adelisa Kalajdzini\",\"image\":{\"@type\":\"ImageObject\",\"inLanguage\":\"fr-FR\",\"@id\":\"https:\\\/\\\/secure.gravatar.com\\\/avatar\\\/09a397c22ac58cad6f160ee8306348599df9df58a8ede73696226897b9fa4b24?s=96&d=mm&r=g\",\"url\":\"https:\\\/\\\/secure.gravatar.com\\\/avatar\\\/09a397c22ac58cad6f160ee8306348599df9df58a8ede73696226897b9fa4b24?s=96&d=mm&r=g\",\"contentUrl\":\"https:\\\/\\\/secure.gravatar.com\\\/avatar\\\/09a397c22ac58cad6f160ee8306348599df9df58a8ede73696226897b9fa4b24?s=96&d=mm&r=g\",\"caption\":\"Adelisa Kalajdzini\"},\"url\":\"https:\\\/\\\/www.organisator.ch\\\/fr\\\/author\\\/adelisa-kalajdzini\\\/\"}]}<\/script>\n<!-- \/ Yoast SEO plugin. -->","yoast_head_json":{"title":"\u00c9cole internationale d'\u00e9t\u00e9 sur les \u00e9nergies renouvelables - Organisateur","description":"Une trentaine d'\u00e9tudiants, de sp\u00e9cialistes et de professeurs d'universit\u00e9s et de hautes \u00e9coles sp\u00e9cialis\u00e9es de Suisse, du Canada et de France se rencontrent \u00e0 l'occasion de l'\u00e9cole d'\u00e9t\u00e9 internationale sur les \u00e9nergies renouvelables.","robots":{"index":"index","follow":"follow","max-snippet":"max-snippet:-1","max-image-preview":"max-image-preview:large","max-video-preview":"max-video-preview:-1"},"canonical":"https:\/\/www.organisator.ch\/fr\/formation-continue-2\/2024-06-24\/internationale-sommerschule-zu-erneuerbaren-energien\/","og_locale":"fr_FR","og_type":"article","og_title":"Internationale Sommerschule zu erneuerbaren Energien","og_description":"Rund 30 Studierende, Fachpersonen und Professorinnen und Professoren von Universit\u00e4ten und Fachhochschulen aus der Schweiz, Kanada und Frankreich treffen sich anl\u00e4sslich der internationalen Sommerschule zu erneuerbaren Energien.","og_url":"https:\/\/www.organisator.ch\/fr\/formation-continue-2\/2024-06-24\/internationale-sommerschule-zu-erneuerbaren-energien\/","og_site_name":"Organisator","article_publisher":"https:\/\/www.facebook.com\/OrganisatorFachmagazin","article_published_time":"2024-06-24T09:45:52+00:00","og_image":[{"width":680,"height":523,"url":"https:\/\/www.organisator.ch\/wp-content\/uploads\/2024\/06\/BKW_Hes-so_Bild1_ps.jpg","type":"image\/jpeg"}],"author":"Adelisa Kalajdzini","twitter_card":"summary_large_image","twitter_title":"Internationale Sommerschule zu erneuerbaren Energien","twitter_description":"Rund 30 #Studierende, #Fachpersonen und #Professorinnen und Professoren von Universit\u00e4ten und Fachhochschulen aus der Schweiz, Kanada und Frankreich #treffen sich anl\u00e4sslich der #internationalen #Sommerschule zu erneuerbaren Energien.","twitter_image":"https:\/\/www.organisator.ch\/wp-content\/uploads\/2024\/06\/BKW_Hes-so_Bild1_ps.jpg","schema":{"@context":"https:\/\/schema.org","@graph":[{"@type":"Article","@id":"https:\/\/www.organisator.ch\/weiterbildung\/2024-06-24\/internationale-sommerschule-zu-erneuerbaren-energien\/#article","isPartOf":{"@id":"https:\/\/www.organisator.ch\/weiterbildung\/2024-06-24\/internationale-sommerschule-zu-erneuerbaren-energien\/"},"author":{"name":"Adelisa Kalajdzini","@id":"https:\/\/www.organisator.ch\/#\/schema\/person\/2e1314a2172123f874db408d8911d3f3"},"headline":"Internationale Sommerschule zu erneuerbaren Energien","datePublished":"2024-06-24T09:45:52+00:00","mainEntityOfPage":{"@id":"https:\/\/www.organisator.ch\/weiterbildung\/2024-06-24\/internationale-sommerschule-zu-erneuerbaren-energien\/"},"wordCount":290,"publisher":{"@id":"https:\/\/www.organisator.ch\/#organization"},"image":{"@id":"https:\/\/www.organisator.ch\/weiterbildung\/2024-06-24\/internationale-sommerschule-zu-erneuerbaren-energien\/#primaryimage"},"thumbnailUrl":"https:\/\/www.organisator.ch\/wp-content\/uploads\/2024\/06\/BKW_Hes-so_Bild1_ps.jpg","keywords":["Aus-\/Weiterbildung","Enerneuerbare Energie","Schweiz","Sommerschule"],"articleSection":["WEITERBILDUNG"],"inLanguage":"fr-FR"},{"@type":"WebPage","@id":"https:\/\/www.organisator.ch\/weiterbildung\/2024-06-24\/internationale-sommerschule-zu-erneuerbaren-energien\/","url":"https:\/\/www.organisator.ch\/weiterbildung\/2024-06-24\/internationale-sommerschule-zu-erneuerbaren-energien\/","name":"\u00c9cole internationale d'\u00e9t\u00e9 sur les \u00e9nergies renouvelables - Organisateur","isPartOf":{"@id":"https:\/\/www.organisator.ch\/#website"},"primaryImageOfPage":{"@id":"https:\/\/www.organisator.ch\/weiterbildung\/2024-06-24\/internationale-sommerschule-zu-erneuerbaren-energien\/#primaryimage"},"image":{"@id":"https:\/\/www.organisator.ch\/weiterbildung\/2024-06-24\/internationale-sommerschule-zu-erneuerbaren-energien\/#primaryimage"},"thumbnailUrl":"https:\/\/www.organisator.ch\/wp-content\/uploads\/2024\/06\/BKW_Hes-so_Bild1_ps.jpg","datePublished":"2024-06-24T09:45:52+00:00","description":"Une trentaine d'\u00e9tudiants, de sp\u00e9cialistes et de professeurs d'universit\u00e9s et de hautes \u00e9coles sp\u00e9cialis\u00e9es de Suisse, du Canada et de France se rencontrent \u00e0 l'occasion de l'\u00e9cole d'\u00e9t\u00e9 internationale sur les \u00e9nergies renouvelables.","breadcrumb":{"@id":"https:\/\/www.organisator.ch\/weiterbildung\/2024-06-24\/internationale-sommerschule-zu-erneuerbaren-energien\/#breadcrumb"},"inLanguage":"fr-FR","potentialAction":[{"@type":"ReadAction","target":["https:\/\/www.organisator.ch\/weiterbildung\/2024-06-24\/internationale-sommerschule-zu-erneuerbaren-energien\/"]}]},{"@type":"ImageObject","inLanguage":"fr-FR","@id":"https:\/\/www.organisator.ch\/weiterbildung\/2024-06-24\/internationale-sommerschule-zu-erneuerbaren-energien\/#primaryimage","url":"https:\/\/www.organisator.ch\/wp-content\/uploads\/2024\/06\/BKW_Hes-so_Bild1_ps.jpg","contentUrl":"https:\/\/www.organisator.ch\/wp-content\/uploads\/2024\/06\/BKW_Hes-so_Bild1_ps.jpg","width":680,"height":523,"caption":"Neben den Gruppenarbeiten und Workshops sind auch Besuche der Photovoltaik- und Windkraftanlagen geplant. (Bild: BKW)"},{"@type":"BreadcrumbList","@id":"https:\/\/www.organisator.ch\/weiterbildung\/2024-06-24\/internationale-sommerschule-zu-erneuerbaren-energien\/#breadcrumb","itemListElement":[{"@type":"ListItem","position":1,"name":"Home","item":"https:\/\/www.organisator.ch\/"},{"@type":"ListItem","position":2,"name":"Internationale Sommerschule zu erneuerbaren Energien"}]},{"@type":"WebSite","@id":"https:\/\/www.organisator.ch\/#website","url":"https:\/\/www.organisator.ch\/","name":"Organisateur","description":"Comp\u00e9tence et comp\u00e9tence. Proches de la pratique. L'ORGANISATEUR pr\u00e9pare 10 num\u00e9ros par an sur les th\u00e8mes essentiels pour les dirigeants de PME.","publisher":{"@id":"https:\/\/www.organisator.ch\/#organization"},"potentialAction":[{"@type":"SearchAction","target":{"@type":"EntryPoint","urlTemplate":"https:\/\/www.organisator.ch\/?s={search_term_string}"},"query-input":{"@type":"PropertyValueSpecification","valueRequired":true,"valueName":"search_term_string"}}],"inLanguage":"fr-FR"},{"@type":"Organization","@id":"https:\/\/www.organisator.ch\/#organization","name":"Organisateur","url":"https:\/\/www.organisator.ch\/","logo":{"@type":"ImageObject","inLanguage":"fr-FR","@id":"https:\/\/www.organisator.ch\/#\/schema\/logo\/image\/","url":"https:\/\/www.organisator.ch\/wp-content\/uploads\/2022\/01\/Logo_Organisator_Website.png","contentUrl":"https:\/\/www.organisator.ch\/wp-content\/uploads\/2022\/01\/Logo_Organisator_Website.png","width":800,"height":77,"caption":"Organisator"},"image":{"@id":"https:\/\/www.organisator.ch\/#\/schema\/logo\/image\/"},"sameAs":["https:\/\/www.facebook.com\/OrganisatorFachmagazin","https:\/\/www.linkedin.com\/showcase\/organisator-das-magazin-fr-kmu","https:\/\/www.xing.com\/news\/pages\/organisator-ch-695","https:\/\/www.youtube.com\/channel\/UCGP2Sq0iWaZwT3BdIAQFYpw"]},{"@type":"Person","@id":"https:\/\/www.organisator.ch\/#\/schema\/person\/2e1314a2172123f874db408d8911d3f3","name":"Adelisa Kalajdzini","image":{"@type":"ImageObject","inLanguage":"fr-FR","@id":"https:\/\/secure.gravatar.com\/avatar\/09a397c22ac58cad6f160ee8306348599df9df58a8ede73696226897b9fa4b24?s=96&d=mm&r=g","url":"https:\/\/secure.gravatar.com\/avatar\/09a397c22ac58cad6f160ee8306348599df9df58a8ede73696226897b9fa4b24?s=96&d=mm&r=g","contentUrl":"https:\/\/secure.gravatar.com\/avatar\/09a397c22ac58cad6f160ee8306348599df9df58a8ede73696226897b9fa4b24?s=96&d=mm&r=g","caption":"Adelisa Kalajdzini"},"url":"https:\/\/www.organisator.ch\/fr\/author\/adelisa-kalajdzini\/"}]}},"_links":{"self":[{"href":"https:\/\/www.organisator.ch\/fr\/wp-json\/wp\/v2\/posts\/27963","targetHints":{"allow":["GET"]}}],"collection":[{"href":"https:\/\/www.organisator.ch\/fr\/wp-json\/wp\/v2\/posts"}],"about":[{"href":"https:\/\/www.organisator.ch\/fr\/wp-json\/wp\/v2\/types\/post"}],"author":[{"embeddable":true,"href":"https:\/\/www.organisator.ch\/fr\/wp-json\/wp\/v2\/users\/58"}],"replies":[{"embeddable":true,"href":"https:\/\/www.organisator.ch\/fr\/wp-json\/wp\/v2\/comments?post=27963"}],"version-history":[{"count":5,"href":"https:\/\/www.organisator.ch\/fr\/wp-json\/wp\/v2\/posts\/27963\/revisions"}],"predecessor-version":[{"id":27999,"href":"https:\/\/www.organisator.ch\/fr\/wp-json\/wp\/v2\/posts\/27963\/revisions\/27999"}],"wp:featuredmedia":[{"embeddable":true,"href":"https:\/\/www.organisator.ch\/fr\/wp-json\/wp\/v2\/media\/27965"}],"wp:attachment":[{"href":"https:\/\/www.organisator.ch\/fr\/wp-json\/wp\/v2\/media?parent=27963"}],"wp:term":[{"taxonomy":"category","embeddable":true,"href":"https:\/\/www.organisator.ch\/fr\/wp-json\/wp\/v2\/categories?post=27963"},{"taxonomy":"post_tag","embeddable":true,"href":"https:\/\/www.organisator.ch\/fr\/wp-json\/wp\/v2\/tags?post=27963"}],"curies":[{"name":"wp","href":"https:\/\/api.w.org\/{rel}","templated":true}]}}