{"id":2797,"date":"2017-11-29T14:20:09","date_gmt":"2017-11-29T13:20:09","guid":{"rendered":"https:\/\/www.organisator.ch\/?p=2797"},"modified":"2017-11-29T14:20:09","modified_gmt":"2017-11-29T13:20:09","slug":"mikrokredite-mit-grosser-nachfrage","status":"publish","type":"post","link":"https:\/\/www.organisator.ch\/fr\/management\/finanzen_recht\/2017-11-29\/mikrokredite-mit-grosser-nachfrage\/","title":{"rendered":"Les microcr\u00e9dits sont tr\u00e8s demand\u00e9s"},"content":{"rendered":"<figure id=\"attachment_2798\" aria-describedby=\"caption-attachment-2798\" style=\"width: 640px\" class=\"wp-caption alignnone\"><img loading=\"lazy\" decoding=\"async\" class=\"size-full wp-image-2798\" src=\"https:\/\/www.organisator.ch\/wp-content\/uploads\/2017\/11\/Mikrokredite-mit-grosser-Nachfrage_Organisator.jpg\" alt=\"\" width=\"640\" height=\"435\" srcset=\"https:\/\/www.organisator.ch\/wp-content\/uploads\/2017\/11\/Mikrokredite-mit-grosser-Nachfrage_Organisator.jpg 640w, https:\/\/www.organisator.ch\/wp-content\/uploads\/2017\/11\/Mikrokredite-mit-grosser-Nachfrage_Organisator-16x12.jpg 16w, https:\/\/www.organisator.ch\/wp-content\/uploads\/2017\/11\/Mikrokredite-mit-grosser-Nachfrage_Organisator-257x175.jpg 257w, https:\/\/www.organisator.ch\/wp-content\/uploads\/2017\/11\/Mikrokredite-mit-grosser-Nachfrage_Organisator-515x350.jpg 515w, https:\/\/www.organisator.ch\/wp-content\/uploads\/2017\/11\/Mikrokredite-mit-grosser-Nachfrage_Organisator-300x204.jpg 300w\" sizes=\"auto, (max-width: 640px) 100vw, 640px\" \/><figcaption id=\"caption-attachment-2798\" class=\"wp-caption-text\">Quand l'\u00e9pargne ne suffit pas et que la banque ne suit pas : les microcr\u00e9dits sont toujours tr\u00e8s demand\u00e9s pour la cr\u00e9ation d'entreprise. (Image : Fotolia.com)<\/figcaption><\/figure>\n<p align=\"LEFT\">Ceux qui ont une id\u00e9e lumineuse pour se mettre \u00e0 leur compte, mais pas assez de moyens financiers pour la concr\u00e9tiser, se tournent de plus en plus vers des associations comme GO ! objectif ind\u00e9pendant. Des organisations comme celles-ci permettent d'acc\u00e9der \u00e0 un microcr\u00e9dit pour la cr\u00e9ation de sa propre entreprise. Les personnes d\u00e9j\u00e0 ind\u00e9pendantes peuvent \u00e9galement solliciter un cr\u00e9dit d'investissement aupr\u00e8s de GO ! Depuis la cr\u00e9ation de l'association en 2009, de tels microcr\u00e9dits ont \u00e9t\u00e9 accord\u00e9s \u00e0 247 personnes. Plus de la moiti\u00e9 des microcr\u00e9dits vers\u00e9s ont \u00e9t\u00e9 accord\u00e9s \u00e0 des femmes.<\/p>\n<h2 align=\"LEFT\">Le microcr\u00e9dit comme aide au d\u00e9marrage<\/h2>\n<p align=\"LEFT\">Les personnes qui ne sont pas assez solvables pour les institutions financi\u00e8res et qui ne correspondent pas \u00e0 l'image classique sont \u00e9galement \u00e0 la bonne adresse chez GO ! 26 pour cent de tous les emprunteurs \u00e9taient auparavant sans emploi ou sans activit\u00e9 professionnelle et ont pu \u00eatre r\u00e9int\u00e9gr\u00e9s dans le march\u00e9 du travail gr\u00e2ce au soutien de GO ! 87 pour cent de toutes les entreprises cr\u00e9\u00e9es sont encore actives aujourd'hui. Le taux de remboursement est de 95 pour cent. \"La demande de microcr\u00e9dits est constamment \u00e9lev\u00e9e\", explique Ruedi Winkler, pr\u00e9sident du comit\u00e9 directeur de l'association GO ! \"Notre mod\u00e8le d'affaires, l'interm\u00e9diation de microcr\u00e9dits, est unique en son genre. Chaque jour, nous recevons de nouvelles demandes avec des id\u00e9es commerciales. Beaucoup d'entre elles cherchent un soutien financier, car elles n'obtiennent pas de financement aupr\u00e8s d'un institut financier et n'entrent pas non plus en ligne de compte pour les plates-formes de crowdlending. En proposant des microcr\u00e9dits, nous comblons une lacune sur le march\u00e9 des cr\u00e9dits et des investissements et nous nous d\u00e9marquons ainsi des nombreux services de conseil qui informent mais ne financent pas. Nos mentors, qui soutiennent tous b\u00e9n\u00e9volement les emprunteurs, constituent une part importante de notre offre\", explique Ruedi Winkler.<\/p>\n<h2 align=\"LEFT\">Attribution record en 2017<\/h2>\n<p align=\"LEFT\">Jamais autant d'id\u00e9es commerciales n'ont \u00e9t\u00e9 soumises pour examen que cette ann\u00e9e. Depuis le d\u00e9but des activit\u00e9s en 2009, le montant des cr\u00e9dits vers\u00e9s a \u00e9galement augment\u00e9 chaque ann\u00e9e. Cette ann\u00e9e, un nouveau record a \u00e9t\u00e9 atteint avec la somme de 1,1 million de CHF de cr\u00e9dits vers\u00e9s.<\/p>\n<p align=\"LEFT\"><a href=\"http:\/\/www.mikrokredite.ch\/\"><em>Plus d'informations<\/em><\/a><\/p>\n<p>&nbsp;<\/p>","protected":false},"excerpt":{"rendered":"<p>Wer eine z\u00fcndende Idee f\u00fcr die Selbstst\u00e4ndigkeit hat, jedoch nicht gen\u00fcgend finanzielle Mittel f\u00fcr die Umsetzung, wendet sich vermehrt an\u00a0Vereine wie\u00a0GO! Ziel selbstst\u00e4ndig. Organisationen wie diese erm\u00f6glichen den Zugang zu einem Mikrokredit f\u00fcr den Aufbau der eigenen Firma. Auch bereits Selbstst\u00e4ndige k\u00f6nnen bei GO! einen Investitionskredit beantragen. Seit der Gr\u00fcndung des Vereins 2009 wurden an [&hellip;]<\/p>\n","protected":false},"author":4,"featured_media":2798,"comment_status":"open","ping_status":"open","sticky":false,"template":"","format":"standard","meta":{"_acf_changed":false,"_yoast_wpseo_focuskw":"Mikrokredite","_yoast_wpseo_metadesc":"Mikrokredite f\u00fcllen eine L\u00fccke im Kreditsystem. Der Verein GO! Ziel selbstst\u00e4ndig vermittelt solche Kredite f\u00fcr den Auf- bzw. Ausbau der eigenen Firma.","articlekey":"","footnotes":""},"categories":[24],"tags":[202,203,358,504],"class_list":["post-2797","post","type-post","status-publish","format-standard","has-post-thumbnail","hentry","category-finanzen_recht","tag-finanzenrecht","tag-finanzierung","tag-nachhaltige-wirtschaft","tag-vereine"],"acf":[],"yoast_head":"<!-- This site is optimized with the Yoast SEO plugin v27.5 - https:\/\/yoast.com\/product\/yoast-seo-wordpress\/ -->\n<title>Mikrokredite mit grosser Nachfrage - Organisator<\/title>\n<meta name=\"description\" content=\"Mikrokredite f\u00fcllen eine L\u00fccke im Kreditsystem. Der Verein GO! Ziel selbstst\u00e4ndig vermittelt solche Kredite f\u00fcr den Auf- bzw. Ausbau der eigenen Firma.\" \/>\n<meta name=\"robots\" content=\"index, follow, max-snippet:-1, max-image-preview:large, max-video-preview:-1\" \/>\n<link rel=\"canonical\" href=\"https:\/\/www.organisator.ch\/fr\/gestion-2\/finanzen_recht\/2017-11-29\/mikrokredite-mit-grosser-nachfrage\/\" \/>\n<meta property=\"og:locale\" content=\"fr_FR\" \/>\n<meta property=\"og:type\" content=\"article\" \/>\n<meta property=\"og:title\" content=\"Mikrokredite mit grosser Nachfrage\" \/>\n<meta property=\"og:description\" content=\"#Mikrokredite f\u00fcllen eine L\u00fccke im #Kreditsystem. Der Verein GO! Ziel selbstst\u00e4ndig vermittelt solche Kredite f\u00fcr den Auf- bzw. Ausbau der eigenen Firma.\" \/>\n<meta property=\"og:url\" content=\"https:\/\/www.organisator.ch\/fr\/gestion-2\/finanzen_recht\/2017-11-29\/mikrokredite-mit-grosser-nachfrage\/\" \/>\n<meta property=\"og:site_name\" content=\"Organisator\" \/>\n<meta property=\"article:publisher\" content=\"https:\/\/www.facebook.com\/OrganisatorFachmagazin\" \/>\n<meta property=\"article:published_time\" content=\"2017-11-29T13:20:09+00:00\" \/>\n<meta property=\"og:image\" content=\"https:\/\/www.organisator.ch\/wp-content\/uploads\/2017\/11\/Mikrokredite-mit-grosser-Nachfrage_Organisator.jpg\" \/>\n\t<meta property=\"og:image:width\" content=\"640\" \/>\n\t<meta property=\"og:image:height\" content=\"435\" \/>\n\t<meta property=\"og:image:type\" content=\"image\/jpeg\" \/>\n<meta name=\"author\" content=\"thomas.berner\" \/>\n<meta name=\"twitter:card\" content=\"summary_large_image\" \/>\n<meta name=\"twitter:title\" content=\"#Mikrokredite mit grosser Nachfrage\" \/>\n<meta name=\"twitter:description\" content=\"#Mikrokredite f\u00fcllen eine L\u00fccke im #Kreditsystem. Der Verein #GO! Ziel selbstst\u00e4ndig vermittelt solche Kredite f\u00fcr den Auf- bzw. Ausbau der eigenen Firma.\" \/>\n<meta name=\"twitter:image\" content=\"https:\/\/www.organisator.ch\/wp-content\/uploads\/2017\/11\/Mikrokredite-mit-grosser-Nachfrage_Organisator.jpg\" \/>\n<script type=\"application\/ld+json\" class=\"yoast-schema-graph\">{\"@context\":\"https:\\\/\\\/schema.org\",\"@graph\":[{\"@type\":\"Article\",\"@id\":\"https:\\\/\\\/www.organisator.ch\\\/management\\\/finanzen_recht\\\/2017-11-29\\\/mikrokredite-mit-grosser-nachfrage\\\/#article\",\"isPartOf\":{\"@id\":\"https:\\\/\\\/www.organisator.ch\\\/management\\\/finanzen_recht\\\/2017-11-29\\\/mikrokredite-mit-grosser-nachfrage\\\/\"},\"author\":{\"name\":\"thomas.berner\",\"@id\":\"https:\\\/\\\/www.organisator.ch\\\/#\\\/schema\\\/person\\\/6f650f90b2842cd4c0cc334b4e36f67e\"},\"headline\":\"Mikrokredite mit grosser Nachfrage\",\"datePublished\":\"2017-11-29T13:20:09+00:00\",\"mainEntityOfPage\":{\"@id\":\"https:\\\/\\\/www.organisator.ch\\\/management\\\/finanzen_recht\\\/2017-11-29\\\/mikrokredite-mit-grosser-nachfrage\\\/\"},\"wordCount\":340,\"commentCount\":0,\"publisher\":{\"@id\":\"https:\\\/\\\/www.organisator.ch\\\/#organization\"},\"image\":{\"@id\":\"https:\\\/\\\/www.organisator.ch\\\/management\\\/finanzen_recht\\\/2017-11-29\\\/mikrokredite-mit-grosser-nachfrage\\\/#primaryimage\"},\"thumbnailUrl\":\"https:\\\/\\\/www.organisator.ch\\\/wp-content\\\/uploads\\\/2017\\\/11\\\/Mikrokredite-mit-grosser-Nachfrage_Organisator.jpg\",\"keywords\":[\"Finanzen\\\/Recht\",\"Finanzierung\",\"Nachhaltige Wirtschaft\",\"Vereine\"],\"articleSection\":[\"FINANZEN\\\/RECHT\"],\"inLanguage\":\"fr-FR\"},{\"@type\":\"WebPage\",\"@id\":\"https:\\\/\\\/www.organisator.ch\\\/management\\\/finanzen_recht\\\/2017-11-29\\\/mikrokredite-mit-grosser-nachfrage\\\/\",\"url\":\"https:\\\/\\\/www.organisator.ch\\\/management\\\/finanzen_recht\\\/2017-11-29\\\/mikrokredite-mit-grosser-nachfrage\\\/\",\"name\":\"Mikrokredite mit grosser Nachfrage - Organisator\",\"isPartOf\":{\"@id\":\"https:\\\/\\\/www.organisator.ch\\\/#website\"},\"primaryImageOfPage\":{\"@id\":\"https:\\\/\\\/www.organisator.ch\\\/management\\\/finanzen_recht\\\/2017-11-29\\\/mikrokredite-mit-grosser-nachfrage\\\/#primaryimage\"},\"image\":{\"@id\":\"https:\\\/\\\/www.organisator.ch\\\/management\\\/finanzen_recht\\\/2017-11-29\\\/mikrokredite-mit-grosser-nachfrage\\\/#primaryimage\"},\"thumbnailUrl\":\"https:\\\/\\\/www.organisator.ch\\\/wp-content\\\/uploads\\\/2017\\\/11\\\/Mikrokredite-mit-grosser-Nachfrage_Organisator.jpg\",\"datePublished\":\"2017-11-29T13:20:09+00:00\",\"description\":\"Mikrokredite f\u00fcllen eine L\u00fccke im Kreditsystem. Der Verein GO! Ziel selbstst\u00e4ndig vermittelt solche Kredite f\u00fcr den Auf- bzw. Ausbau der eigenen Firma.\",\"breadcrumb\":{\"@id\":\"https:\\\/\\\/www.organisator.ch\\\/management\\\/finanzen_recht\\\/2017-11-29\\\/mikrokredite-mit-grosser-nachfrage\\\/#breadcrumb\"},\"inLanguage\":\"fr-FR\",\"potentialAction\":[{\"@type\":\"ReadAction\",\"target\":[\"https:\\\/\\\/www.organisator.ch\\\/management\\\/finanzen_recht\\\/2017-11-29\\\/mikrokredite-mit-grosser-nachfrage\\\/\"]}]},{\"@type\":\"ImageObject\",\"inLanguage\":\"fr-FR\",\"@id\":\"https:\\\/\\\/www.organisator.ch\\\/management\\\/finanzen_recht\\\/2017-11-29\\\/mikrokredite-mit-grosser-nachfrage\\\/#primaryimage\",\"url\":\"https:\\\/\\\/www.organisator.ch\\\/wp-content\\\/uploads\\\/2017\\\/11\\\/Mikrokredite-mit-grosser-Nachfrage_Organisator.jpg\",\"contentUrl\":\"https:\\\/\\\/www.organisator.ch\\\/wp-content\\\/uploads\\\/2017\\\/11\\\/Mikrokredite-mit-grosser-Nachfrage_Organisator.jpg\",\"width\":640,\"height\":435,\"caption\":\"Wenn Sparen nicht reicht: Mikrokredite werden f\u00fcr Existenzgr\u00fcndungen immer noch stark nachgefragt. (Bild: Fotolia.com)\"},{\"@type\":\"BreadcrumbList\",\"@id\":\"https:\\\/\\\/www.organisator.ch\\\/management\\\/finanzen_recht\\\/2017-11-29\\\/mikrokredite-mit-grosser-nachfrage\\\/#breadcrumb\",\"itemListElement\":[{\"@type\":\"ListItem\",\"position\":1,\"name\":\"Home\",\"item\":\"https:\\\/\\\/www.organisator.ch\\\/\"},{\"@type\":\"ListItem\",\"position\":2,\"name\":\"Mikrokredite mit grosser Nachfrage\"}]},{\"@type\":\"WebSite\",\"@id\":\"https:\\\/\\\/www.organisator.ch\\\/#website\",\"url\":\"https:\\\/\\\/www.organisator.ch\\\/\",\"name\":\"Organisator\",\"description\":\"Kompetent. Praxisnah. Der ORGANISATOR bereitet in 10 Ausgaben pro Jahr die wesentlichen Themen f\u00fcr F\u00fchrungskr\u00e4fte von KMU auf.\",\"publisher\":{\"@id\":\"https:\\\/\\\/www.organisator.ch\\\/#organization\"},\"potentialAction\":[{\"@type\":\"SearchAction\",\"target\":{\"@type\":\"EntryPoint\",\"urlTemplate\":\"https:\\\/\\\/www.organisator.ch\\\/?s={search_term_string}\"},\"query-input\":{\"@type\":\"PropertyValueSpecification\",\"valueRequired\":true,\"valueName\":\"search_term_string\"}}],\"inLanguage\":\"fr-FR\"},{\"@type\":\"Organization\",\"@id\":\"https:\\\/\\\/www.organisator.ch\\\/#organization\",\"name\":\"Organisator\",\"url\":\"https:\\\/\\\/www.organisator.ch\\\/\",\"logo\":{\"@type\":\"ImageObject\",\"inLanguage\":\"fr-FR\",\"@id\":\"https:\\\/\\\/www.organisator.ch\\\/#\\\/schema\\\/logo\\\/image\\\/\",\"url\":\"https:\\\/\\\/www.organisator.ch\\\/wp-content\\\/uploads\\\/2022\\\/01\\\/Logo_Organisator_Website.png\",\"contentUrl\":\"https:\\\/\\\/www.organisator.ch\\\/wp-content\\\/uploads\\\/2022\\\/01\\\/Logo_Organisator_Website.png\",\"width\":800,\"height\":77,\"caption\":\"Organisator\"},\"image\":{\"@id\":\"https:\\\/\\\/www.organisator.ch\\\/#\\\/schema\\\/logo\\\/image\\\/\"},\"sameAs\":[\"https:\\\/\\\/www.facebook.com\\\/OrganisatorFachmagazin\",\"https:\\\/\\\/www.linkedin.com\\\/showcase\\\/organisator-das-magazin-fr-kmu\",\"https:\\\/\\\/www.xing.com\\\/news\\\/pages\\\/organisator-ch-695\",\"https:\\\/\\\/www.youtube.com\\\/channel\\\/UCGP2Sq0iWaZwT3BdIAQFYpw\"]},{\"@type\":\"Person\",\"@id\":\"https:\\\/\\\/www.organisator.ch\\\/#\\\/schema\\\/person\\\/6f650f90b2842cd4c0cc334b4e36f67e\",\"name\":\"thomas.berner\",\"image\":{\"@type\":\"ImageObject\",\"inLanguage\":\"fr-FR\",\"@id\":\"https:\\\/\\\/secure.gravatar.com\\\/avatar\\\/ac5001d2a36cb6c6cd3e50789007ffca834b477b74a2144564522e944eabff61?s=96&d=mm&r=g\",\"url\":\"https:\\\/\\\/secure.gravatar.com\\\/avatar\\\/ac5001d2a36cb6c6cd3e50789007ffca834b477b74a2144564522e944eabff61?s=96&d=mm&r=g\",\"contentUrl\":\"https:\\\/\\\/secure.gravatar.com\\\/avatar\\\/ac5001d2a36cb6c6cd3e50789007ffca834b477b74a2144564522e944eabff61?s=96&d=mm&r=g\",\"caption\":\"thomas.berner\"},\"url\":\"https:\\\/\\\/www.organisator.ch\\\/fr\\\/author\\\/thomas-berner\\\/\"}]}<\/script>\n<!-- \/ Yoast SEO plugin. -->","yoast_head_json":{"title":"Microcr\u00e9dits en forte demande - Organisateur","description":"Les microcr\u00e9dits comblent une lacune dans le syst\u00e8me de cr\u00e9dit. L'association GO ! objectif ind\u00e9pendant fournit de tels cr\u00e9dits pour la cr\u00e9ation ou le d\u00e9veloppement de sa propre entreprise.","robots":{"index":"index","follow":"follow","max-snippet":"max-snippet:-1","max-image-preview":"max-image-preview:large","max-video-preview":"max-video-preview:-1"},"canonical":"https:\/\/www.organisator.ch\/fr\/gestion-2\/finanzen_recht\/2017-11-29\/mikrokredite-mit-grosser-nachfrage\/","og_locale":"fr_FR","og_type":"article","og_title":"Mikrokredite mit grosser Nachfrage","og_description":"#Mikrokredite f\u00fcllen eine L\u00fccke im #Kreditsystem. Der Verein GO! Ziel selbstst\u00e4ndig vermittelt solche Kredite f\u00fcr den Auf- bzw. Ausbau der eigenen Firma.","og_url":"https:\/\/www.organisator.ch\/fr\/gestion-2\/finanzen_recht\/2017-11-29\/mikrokredite-mit-grosser-nachfrage\/","og_site_name":"Organisator","article_publisher":"https:\/\/www.facebook.com\/OrganisatorFachmagazin","article_published_time":"2017-11-29T13:20:09+00:00","og_image":[{"width":640,"height":435,"url":"https:\/\/www.organisator.ch\/wp-content\/uploads\/2017\/11\/Mikrokredite-mit-grosser-Nachfrage_Organisator.jpg","type":"image\/jpeg"}],"author":"thomas.berner","twitter_card":"summary_large_image","twitter_title":"#Mikrokredite mit grosser Nachfrage","twitter_description":"#Mikrokredite f\u00fcllen eine L\u00fccke im #Kreditsystem. Der Verein #GO! Ziel selbstst\u00e4ndig vermittelt solche Kredite f\u00fcr den Auf- bzw. Ausbau der eigenen Firma.","twitter_image":"https:\/\/www.organisator.ch\/wp-content\/uploads\/2017\/11\/Mikrokredite-mit-grosser-Nachfrage_Organisator.jpg","schema":{"@context":"https:\/\/schema.org","@graph":[{"@type":"Article","@id":"https:\/\/www.organisator.ch\/management\/finanzen_recht\/2017-11-29\/mikrokredite-mit-grosser-nachfrage\/#article","isPartOf":{"@id":"https:\/\/www.organisator.ch\/management\/finanzen_recht\/2017-11-29\/mikrokredite-mit-grosser-nachfrage\/"},"author":{"name":"thomas.berner","@id":"https:\/\/www.organisator.ch\/#\/schema\/person\/6f650f90b2842cd4c0cc334b4e36f67e"},"headline":"Mikrokredite mit grosser Nachfrage","datePublished":"2017-11-29T13:20:09+00:00","mainEntityOfPage":{"@id":"https:\/\/www.organisator.ch\/management\/finanzen_recht\/2017-11-29\/mikrokredite-mit-grosser-nachfrage\/"},"wordCount":340,"commentCount":0,"publisher":{"@id":"https:\/\/www.organisator.ch\/#organization"},"image":{"@id":"https:\/\/www.organisator.ch\/management\/finanzen_recht\/2017-11-29\/mikrokredite-mit-grosser-nachfrage\/#primaryimage"},"thumbnailUrl":"https:\/\/www.organisator.ch\/wp-content\/uploads\/2017\/11\/Mikrokredite-mit-grosser-Nachfrage_Organisator.jpg","keywords":["Finanzen\/Recht","Finanzierung","Nachhaltige Wirtschaft","Vereine"],"articleSection":["FINANZEN\/RECHT"],"inLanguage":"fr-FR"},{"@type":"WebPage","@id":"https:\/\/www.organisator.ch\/management\/finanzen_recht\/2017-11-29\/mikrokredite-mit-grosser-nachfrage\/","url":"https:\/\/www.organisator.ch\/management\/finanzen_recht\/2017-11-29\/mikrokredite-mit-grosser-nachfrage\/","name":"Microcr\u00e9dits en forte demande - Organisateur","isPartOf":{"@id":"https:\/\/www.organisator.ch\/#website"},"primaryImageOfPage":{"@id":"https:\/\/www.organisator.ch\/management\/finanzen_recht\/2017-11-29\/mikrokredite-mit-grosser-nachfrage\/#primaryimage"},"image":{"@id":"https:\/\/www.organisator.ch\/management\/finanzen_recht\/2017-11-29\/mikrokredite-mit-grosser-nachfrage\/#primaryimage"},"thumbnailUrl":"https:\/\/www.organisator.ch\/wp-content\/uploads\/2017\/11\/Mikrokredite-mit-grosser-Nachfrage_Organisator.jpg","datePublished":"2017-11-29T13:20:09+00:00","description":"Les microcr\u00e9dits comblent une lacune dans le syst\u00e8me de cr\u00e9dit. L'association GO ! objectif ind\u00e9pendant fournit de tels cr\u00e9dits pour la cr\u00e9ation ou le d\u00e9veloppement de sa propre entreprise.","breadcrumb":{"@id":"https:\/\/www.organisator.ch\/management\/finanzen_recht\/2017-11-29\/mikrokredite-mit-grosser-nachfrage\/#breadcrumb"},"inLanguage":"fr-FR","potentialAction":[{"@type":"ReadAction","target":["https:\/\/www.organisator.ch\/management\/finanzen_recht\/2017-11-29\/mikrokredite-mit-grosser-nachfrage\/"]}]},{"@type":"ImageObject","inLanguage":"fr-FR","@id":"https:\/\/www.organisator.ch\/management\/finanzen_recht\/2017-11-29\/mikrokredite-mit-grosser-nachfrage\/#primaryimage","url":"https:\/\/www.organisator.ch\/wp-content\/uploads\/2017\/11\/Mikrokredite-mit-grosser-Nachfrage_Organisator.jpg","contentUrl":"https:\/\/www.organisator.ch\/wp-content\/uploads\/2017\/11\/Mikrokredite-mit-grosser-Nachfrage_Organisator.jpg","width":640,"height":435,"caption":"Wenn Sparen nicht reicht: Mikrokredite werden f\u00fcr Existenzgr\u00fcndungen immer noch stark nachgefragt. (Bild: Fotolia.com)"},{"@type":"BreadcrumbList","@id":"https:\/\/www.organisator.ch\/management\/finanzen_recht\/2017-11-29\/mikrokredite-mit-grosser-nachfrage\/#breadcrumb","itemListElement":[{"@type":"ListItem","position":1,"name":"Home","item":"https:\/\/www.organisator.ch\/"},{"@type":"ListItem","position":2,"name":"Mikrokredite mit grosser Nachfrage"}]},{"@type":"WebSite","@id":"https:\/\/www.organisator.ch\/#website","url":"https:\/\/www.organisator.ch\/","name":"Organisateur","description":"Comp\u00e9tence et comp\u00e9tence. Proches de la pratique. L'ORGANISATEUR pr\u00e9pare 10 num\u00e9ros par an sur les th\u00e8mes essentiels pour les dirigeants de PME.","publisher":{"@id":"https:\/\/www.organisator.ch\/#organization"},"potentialAction":[{"@type":"SearchAction","target":{"@type":"EntryPoint","urlTemplate":"https:\/\/www.organisator.ch\/?s={search_term_string}"},"query-input":{"@type":"PropertyValueSpecification","valueRequired":true,"valueName":"search_term_string"}}],"inLanguage":"fr-FR"},{"@type":"Organization","@id":"https:\/\/www.organisator.ch\/#organization","name":"Organisateur","url":"https:\/\/www.organisator.ch\/","logo":{"@type":"ImageObject","inLanguage":"fr-FR","@id":"https:\/\/www.organisator.ch\/#\/schema\/logo\/image\/","url":"https:\/\/www.organisator.ch\/wp-content\/uploads\/2022\/01\/Logo_Organisator_Website.png","contentUrl":"https:\/\/www.organisator.ch\/wp-content\/uploads\/2022\/01\/Logo_Organisator_Website.png","width":800,"height":77,"caption":"Organisator"},"image":{"@id":"https:\/\/www.organisator.ch\/#\/schema\/logo\/image\/"},"sameAs":["https:\/\/www.facebook.com\/OrganisatorFachmagazin","https:\/\/www.linkedin.com\/showcase\/organisator-das-magazin-fr-kmu","https:\/\/www.xing.com\/news\/pages\/organisator-ch-695","https:\/\/www.youtube.com\/channel\/UCGP2Sq0iWaZwT3BdIAQFYpw"]},{"@type":"Person","@id":"https:\/\/www.organisator.ch\/#\/schema\/person\/6f650f90b2842cd4c0cc334b4e36f67e","name":"thomas.berner","image":{"@type":"ImageObject","inLanguage":"fr-FR","@id":"https:\/\/secure.gravatar.com\/avatar\/ac5001d2a36cb6c6cd3e50789007ffca834b477b74a2144564522e944eabff61?s=96&d=mm&r=g","url":"https:\/\/secure.gravatar.com\/avatar\/ac5001d2a36cb6c6cd3e50789007ffca834b477b74a2144564522e944eabff61?s=96&d=mm&r=g","contentUrl":"https:\/\/secure.gravatar.com\/avatar\/ac5001d2a36cb6c6cd3e50789007ffca834b477b74a2144564522e944eabff61?s=96&d=mm&r=g","caption":"thomas.berner"},"url":"https:\/\/www.organisator.ch\/fr\/author\/thomas-berner\/"}]}},"_links":{"self":[{"href":"https:\/\/www.organisator.ch\/fr\/wp-json\/wp\/v2\/posts\/2797","targetHints":{"allow":["GET"]}}],"collection":[{"href":"https:\/\/www.organisator.ch\/fr\/wp-json\/wp\/v2\/posts"}],"about":[{"href":"https:\/\/www.organisator.ch\/fr\/wp-json\/wp\/v2\/types\/post"}],"author":[{"embeddable":true,"href":"https:\/\/www.organisator.ch\/fr\/wp-json\/wp\/v2\/users\/4"}],"replies":[{"embeddable":true,"href":"https:\/\/www.organisator.ch\/fr\/wp-json\/wp\/v2\/comments?post=2797"}],"version-history":[{"count":0,"href":"https:\/\/www.organisator.ch\/fr\/wp-json\/wp\/v2\/posts\/2797\/revisions"}],"wp:featuredmedia":[{"embeddable":true,"href":"https:\/\/www.organisator.ch\/fr\/wp-json\/wp\/v2\/media\/2798"}],"wp:attachment":[{"href":"https:\/\/www.organisator.ch\/fr\/wp-json\/wp\/v2\/media?parent=2797"}],"wp:term":[{"taxonomy":"category","embeddable":true,"href":"https:\/\/www.organisator.ch\/fr\/wp-json\/wp\/v2\/categories?post=2797"},{"taxonomy":"post_tag","embeddable":true,"href":"https:\/\/www.organisator.ch\/fr\/wp-json\/wp\/v2\/tags?post=2797"}],"curies":[{"name":"wp","href":"https:\/\/api.w.org\/{rel}","templated":true}]}}