{"id":28012,"date":"2024-06-25T16:50:58","date_gmt":"2024-06-25T14:50:58","guid":{"rendered":"https:\/\/www.werbewoche.ch\/?p=217177"},"modified":"2024-11-10T09:23:10","modified_gmt":"2024-11-10T08:23:10","slug":"vier-buecher-die-sie-interessieren-koennten-28","status":"publish","type":"post","link":"https:\/\/www.organisator.ch\/fr\/marketing\/2024-06-25\/vier-buecher-die-sie-interessieren-koennten-28\/","title":{"rendered":"Quatre livres qui pourraient vous int\u00e9resser"},"content":{"rendered":"<p><img class=\"aligncenter wp-image-217183 size-full\" src=\"https:\/\/www.werbewoche.ch\/wp-content\/uploads\/2024\/06\/getabstract-lesetipps-juni-24.jpg\" alt=\"Libert\u00e9 bafou\u00e9e\" width=\"1013\" height=\"674\" \/><\/p>\r\n<p><strong>Libert\u00e9 bafou\u00e9e<\/strong><\/p>\r\n<p><em>Aspects de l'autoritarisme libertaire. <\/em><\/p>\r\n<ul>\r\n\t<li>Auteur:interne : Oliver Nachtwey et Carolin Amlinger<\/li>\r\n\t<li>Maison d'\u00e9dition : Suhrkamp Verlag, 2022<\/li>\r\n\t<li>Pages : 480<\/li>\r\n\t<li>ISBN : 9783518430712<\/li>\r\n<\/ul>\r\n<p>Des drapeaux arc-en-ciel qui flottent \u00e0 c\u00f4t\u00e9 des drapeaux du Reichstag ; des citoyens \u00e9duqu\u00e9s aux id\u00e9es antiautoritaires qui manifestent contre une pr\u00e9tendue dictature d'opinion avec une \u00e9toile juive sur la poitrine ou qui diffament le port d'un masque en le qualifiant de \"nouveau salut hitl\u00e9rien\" : On peut rejeter cela comme du th\u00e9\u00e2tre absurde. Ou alors, on peut analyser pourquoi des personnes issues du centre progressiste d\u00e9rivent vers des mod\u00e8les de pens\u00e9e autoritaires et conspirationnistes. Carolin Amlinger et Oliver Nachtwey d\u00e9masquent le concept de libert\u00e9 des mouvements de protestation actuels sans faire passer leurs protagonistes pour des monstres. A lire absolument.<\/p>\r\n<p><img class=\"aligncenter size-full wp-image-217179\" src=\"https:\/\/www.werbewoche.ch\/wp-content\/uploads\/2024\/06\/gekrkaenkte-freiheit.jpg\" alt=\"\" width=\"1200\" height=\"850\" \/><\/p>\r\n<p><strong>Est-ce que cela existe aussi en vert ?<\/strong><\/p>\r\n<p><em>D\u00e9jouer les pi\u00e8ges de l'industrie, acheter durablement. <\/em><\/p>\r\n<ul>\r\n\t<li>Les auteures : Kerstin Scheidecker et Katja T\u00f6lle<\/li>\r\n\t<li>Maison d'\u00e9dition : Campus Verlag, 2024<\/li>\r\n\t<li>Pages : 256<\/li>\r\n\t<li>ISBN : 9783593518374<\/li>\r\n<\/ul>\r\n<p>\"Climatiquement neutre\", \"r\u00e9gional\", \"cosm\u00e9tique naturelle\" - ce qui est cens\u00e9 nous donner un bon sentiment lors de nos achats n'est souvent rien de plus que de l'air chaud. Les auteurs le savent mieux que la plupart des gens. Chez \u00d6ko-Test, elles scrutent l'industrie depuis des ann\u00e9es et ont rassembl\u00e9 leurs connaissances dans ce livre. Gr\u00e2ce \u00e0 des recherches minutieuses, elles expliquent de mani\u00e8re claire et fond\u00e9e quel est le probl\u00e8me des tomates sur nos pizzas pr\u00e9par\u00e9es et des images de vaches heureuses sur les briques de lait. Effrayant, mais extr\u00eamement int\u00e9ressant \u00e0 lire.<\/p>\r\n<p><img class=\"aligncenter size-full wp-image-217180\" src=\"https:\/\/www.werbewoche.ch\/wp-content\/uploads\/2024\/06\/gruen-buch.jpg\" alt=\"\" width=\"1200\" height=\"850\" \/><\/p>\r\n<p><strong>Laisse partir la peur<\/strong><\/p>\r\n<p><em>Briser le cycle des soucis et vivre sans peur. <\/em><\/p>\r\n<ul>\r\n\t<li>Auteur : Pia Callesen<\/li>\r\n\t<li>Maison d'\u00e9dition : Beltz Verlagsgruppe, 2021<\/li>\r\n\t<li>Pages : 286<\/li>\r\n\t<li>ISBN : 9783407866202<\/li>\r\n<\/ul>\r\n<p>Les troubles anxieux sont g\u00e9n\u00e9ralement trait\u00e9s par une th\u00e9rapie cognitivo-comportementale. Dans ce cadre, les personnes concern\u00e9es analysent leurs soucis et leurs peurs avec un soutien psychoth\u00e9rapeutique et r\u00e9fl\u00e9chissent \u00e0 leurs causes. Ce n'est pas la bonne approche, selon Pia Callesen. Selon elle, le fait de penser et d'analyser de mani\u00e8re excessive g\u00e9n\u00e8re ou renforce le trouble anxieux. Elle recommande d'observer passivement ses propres angoisses et de les laisser simplement passer. Dans son livre, riche en exercices et en exemples tir\u00e9s de sa propre pratique, elle propose un regard alternatif sur les troubles anxieux et obsessionnels.<\/p>\r\n<p><img class=\"aligncenter size-full wp-image-217181\" src=\"https:\/\/www.werbewoche.ch\/wp-content\/uploads\/2024\/06\/angst-ziehen.jpg\" alt=\"\" width=\"1200\" height=\"850\" \/><\/p>\r\n<p><strong>Speak Up and Shine<\/strong><\/p>\r\n<p><em>Avec le Vocal Empowerment, plus de pr\u00e9sence et de force d'affirmation. <\/em><\/p>\r\n<ul>\r\n\t<li>Auteur : Monika Hein<\/li>\r\n\t<li>Maison d'\u00e9dition : Campus Verlag, 2024<\/li>\r\n\t<li>Pages : 256<\/li>\r\n\t<li>ISBN : 9783593518497<\/li>\r\n<\/ul>\r\n<p>Au travail, les femmes ont plus tendance que les hommes \u00e0 se faire petites, \u00e0 parler \u00e0 voix basse ou m\u00eame \u00e0 se taire compl\u00e8tement. Cela est notamment d\u00fb aux r\u00f4les traditionnels, estime Monika Hein. Il ne suffit donc pas de s'entra\u00eener \u00e0 parler plus fort : celui qui veut parler plus fort doit d'abord apprendre \u00e0 fixer des limites, \u00e0 supporter les conflits et \u00e0 s'assumer. Outre des conseils psychologiques, la coach propose \u00e9galement des conseils plus sp\u00e9cifiques sur l'intonation, l'expression et la prononciation. Si vous souhaitez am\u00e9liorer vos pr\u00e9sentations ou vos interventions en r\u00e9union, ce guide est fait pour vous.<\/p>\r\n<p><img class=\"aligncenter size-full wp-image-217182\" src=\"https:\/\/www.werbewoche.ch\/wp-content\/uploads\/2024\/06\/speak-shine.jpg\" alt=\"\" width=\"967\" height=\"685\" \/><\/p>","protected":false},"excerpt":{"rendered":"<p>En collaboration avec GetAbstract, nous vous pr\u00e9sentons quatre livres dans le domaine du marketing et de la communication. Cette fois-ci, il s'agit de \"Libert\u00e9 offens\u00e9e\", \"\u00c7a existe aussi en vert ?\", \"Laisse partir la peur\" et \"Speak Up and Shine\".<\/p>","protected":false},"author":8,"featured_media":0,"comment_status":"closed","ping_status":"closed","sticky":false,"template":"","format":"standard","meta":{"_acf_changed":false,"_yoast_wpseo_focuskw":"Gekr\u00e4nkte Freiheit","_yoast_wpseo_metadesc":"Gekr\u00e4nkte Freiheit: Nachtwey und Amlinger analysieren autorit\u00e4re Denkmuster in aktuellen Protestbewegungen. Lesenswert und fundiert.","articlekey":"","footnotes":""},"categories":[29],"tags":[2624,2625,339],"class_list":["post-28012","post","type-post","status-publish","format-standard","hentry","category-marketing","tag-getabstract","tag-lesetipps","tag-marketing"],"acf":[],"yoast_head":"<!-- This site is optimized with the Yoast SEO plugin v27.5 - https:\/\/yoast.com\/product\/yoast-seo-wordpress\/ -->\n<title>Vier B\u00fccher, die Sie interessieren k\u00f6nnten - Organisator<\/title>\n<meta name=\"description\" content=\"Gekr\u00e4nkte Freiheit: Nachtwey und Amlinger analysieren autorit\u00e4re Denkmuster in aktuellen Protestbewegungen. Lesenswert und fundiert.\" \/>\n<meta name=\"robots\" content=\"index, follow, max-snippet:-1, max-image-preview:large, max-video-preview:-1\" \/>\n<link rel=\"canonical\" href=\"https:\/\/www.organisator.ch\/fr\/marketing\/2024-06-25\/vier-buecher-die-sie-interessieren-koennten-28\/\" \/>\n<meta property=\"og:locale\" content=\"fr_FR\" \/>\n<meta property=\"og:type\" content=\"article\" \/>\n<meta property=\"og:title\" content=\"Vier B\u00fccher, die Sie interessieren k\u00f6nnten - Organisator\" \/>\n<meta property=\"og:description\" content=\"Gekr\u00e4nkte Freiheit: Nachtwey und Amlinger analysieren autorit\u00e4re Denkmuster in aktuellen Protestbewegungen. Lesenswert und fundiert.\" \/>\n<meta property=\"og:url\" content=\"https:\/\/www.organisator.ch\/fr\/marketing\/2024-06-25\/vier-buecher-die-sie-interessieren-koennten-28\/\" \/>\n<meta property=\"og:site_name\" content=\"Organisator\" \/>\n<meta property=\"article:publisher\" content=\"https:\/\/www.facebook.com\/OrganisatorFachmagazin\" \/>\n<meta property=\"article:published_time\" content=\"2024-06-25T14:50:58+00:00\" \/>\n<meta property=\"article:modified_time\" content=\"2024-11-10T08:23:10+00:00\" \/>\n<meta property=\"og:image\" content=\"https:\/\/www.werbewoche.ch\/wp-content\/uploads\/2024\/06\/getabstract-lesetipps-juni-24.jpg\" \/>\n<meta name=\"author\" content=\"galledia\" \/>\n<meta name=\"twitter:card\" content=\"summary_large_image\" \/>\n<meta name=\"twitter:creator\" content=\"@admin\" \/>\n<script type=\"application\/ld+json\" class=\"yoast-schema-graph\">{\"@context\":\"https:\\\/\\\/schema.org\",\"@graph\":[{\"@type\":\"Article\",\"@id\":\"https:\\\/\\\/www.organisator.ch\\\/marketing\\\/2024-06-25\\\/vier-buecher-die-sie-interessieren-koennten-28\\\/#article\",\"isPartOf\":{\"@id\":\"https:\\\/\\\/www.organisator.ch\\\/marketing\\\/2024-06-25\\\/vier-buecher-die-sie-interessieren-koennten-28\\\/\"},\"author\":{\"name\":\"galledia\",\"@id\":\"https:\\\/\\\/www.organisator.ch\\\/#\\\/schema\\\/person\\\/4e51799071cd2dd1232ac003643ef5f0\"},\"headline\":\"Vier B\u00fccher, die Sie interessieren k\u00f6nnten\",\"datePublished\":\"2024-06-25T14:50:58+00:00\",\"dateModified\":\"2024-11-10T08:23:10+00:00\",\"mainEntityOfPage\":{\"@id\":\"https:\\\/\\\/www.organisator.ch\\\/marketing\\\/2024-06-25\\\/vier-buecher-die-sie-interessieren-koennten-28\\\/\"},\"wordCount\":430,\"publisher\":{\"@id\":\"https:\\\/\\\/www.organisator.ch\\\/#organization\"},\"image\":{\"@id\":\"https:\\\/\\\/www.organisator.ch\\\/marketing\\\/2024-06-25\\\/vier-buecher-die-sie-interessieren-koennten-28\\\/#primaryimage\"},\"thumbnailUrl\":\"https:\\\/\\\/www.werbewoche.ch\\\/wp-content\\\/uploads\\\/2024\\\/06\\\/getabstract-lesetipps-juni-24.jpg\",\"keywords\":[\"GetAbstract\",\"Lesetipps\",\"Marketing\"],\"articleSection\":[\"MARKETING\"],\"inLanguage\":\"fr-FR\"},{\"@type\":\"WebPage\",\"@id\":\"https:\\\/\\\/www.organisator.ch\\\/marketing\\\/2024-06-25\\\/vier-buecher-die-sie-interessieren-koennten-28\\\/\",\"url\":\"https:\\\/\\\/www.organisator.ch\\\/marketing\\\/2024-06-25\\\/vier-buecher-die-sie-interessieren-koennten-28\\\/\",\"name\":\"Vier B\u00fccher, die Sie interessieren k\u00f6nnten - Organisator\",\"isPartOf\":{\"@id\":\"https:\\\/\\\/www.organisator.ch\\\/#website\"},\"primaryImageOfPage\":{\"@id\":\"https:\\\/\\\/www.organisator.ch\\\/marketing\\\/2024-06-25\\\/vier-buecher-die-sie-interessieren-koennten-28\\\/#primaryimage\"},\"image\":{\"@id\":\"https:\\\/\\\/www.organisator.ch\\\/marketing\\\/2024-06-25\\\/vier-buecher-die-sie-interessieren-koennten-28\\\/#primaryimage\"},\"thumbnailUrl\":\"https:\\\/\\\/www.werbewoche.ch\\\/wp-content\\\/uploads\\\/2024\\\/06\\\/getabstract-lesetipps-juni-24.jpg\",\"datePublished\":\"2024-06-25T14:50:58+00:00\",\"dateModified\":\"2024-11-10T08:23:10+00:00\",\"description\":\"Gekr\u00e4nkte Freiheit: Nachtwey und Amlinger analysieren autorit\u00e4re Denkmuster in aktuellen Protestbewegungen. Lesenswert und fundiert.\",\"breadcrumb\":{\"@id\":\"https:\\\/\\\/www.organisator.ch\\\/marketing\\\/2024-06-25\\\/vier-buecher-die-sie-interessieren-koennten-28\\\/#breadcrumb\"},\"inLanguage\":\"fr-FR\",\"potentialAction\":[{\"@type\":\"ReadAction\",\"target\":[\"https:\\\/\\\/www.organisator.ch\\\/marketing\\\/2024-06-25\\\/vier-buecher-die-sie-interessieren-koennten-28\\\/\"]}]},{\"@type\":\"ImageObject\",\"inLanguage\":\"fr-FR\",\"@id\":\"https:\\\/\\\/www.organisator.ch\\\/marketing\\\/2024-06-25\\\/vier-buecher-die-sie-interessieren-koennten-28\\\/#primaryimage\",\"url\":\"https:\\\/\\\/www.werbewoche.ch\\\/wp-content\\\/uploads\\\/2024\\\/06\\\/getabstract-lesetipps-juni-24.jpg\",\"contentUrl\":\"https:\\\/\\\/www.werbewoche.ch\\\/wp-content\\\/uploads\\\/2024\\\/06\\\/getabstract-lesetipps-juni-24.jpg\"},{\"@type\":\"BreadcrumbList\",\"@id\":\"https:\\\/\\\/www.organisator.ch\\\/marketing\\\/2024-06-25\\\/vier-buecher-die-sie-interessieren-koennten-28\\\/#breadcrumb\",\"itemListElement\":[{\"@type\":\"ListItem\",\"position\":1,\"name\":\"Home\",\"item\":\"https:\\\/\\\/www.organisator.ch\\\/\"},{\"@type\":\"ListItem\",\"position\":2,\"name\":\"Vier B\u00fccher, die Sie interessieren k\u00f6nnten\"}]},{\"@type\":\"WebSite\",\"@id\":\"https:\\\/\\\/www.organisator.ch\\\/#website\",\"url\":\"https:\\\/\\\/www.organisator.ch\\\/\",\"name\":\"Organisator\",\"description\":\"Kompetent. Praxisnah. Der ORGANISATOR bereitet in 10 Ausgaben pro Jahr die wesentlichen Themen f\u00fcr F\u00fchrungskr\u00e4fte von KMU auf.\",\"publisher\":{\"@id\":\"https:\\\/\\\/www.organisator.ch\\\/#organization\"},\"potentialAction\":[{\"@type\":\"SearchAction\",\"target\":{\"@type\":\"EntryPoint\",\"urlTemplate\":\"https:\\\/\\\/www.organisator.ch\\\/?s={search_term_string}\"},\"query-input\":{\"@type\":\"PropertyValueSpecification\",\"valueRequired\":true,\"valueName\":\"search_term_string\"}}],\"inLanguage\":\"fr-FR\"},{\"@type\":\"Organization\",\"@id\":\"https:\\\/\\\/www.organisator.ch\\\/#organization\",\"name\":\"Organisator\",\"url\":\"https:\\\/\\\/www.organisator.ch\\\/\",\"logo\":{\"@type\":\"ImageObject\",\"inLanguage\":\"fr-FR\",\"@id\":\"https:\\\/\\\/www.organisator.ch\\\/#\\\/schema\\\/logo\\\/image\\\/\",\"url\":\"https:\\\/\\\/www.organisator.ch\\\/wp-content\\\/uploads\\\/2022\\\/01\\\/Logo_Organisator_Website.png\",\"contentUrl\":\"https:\\\/\\\/www.organisator.ch\\\/wp-content\\\/uploads\\\/2022\\\/01\\\/Logo_Organisator_Website.png\",\"width\":800,\"height\":77,\"caption\":\"Organisator\"},\"image\":{\"@id\":\"https:\\\/\\\/www.organisator.ch\\\/#\\\/schema\\\/logo\\\/image\\\/\"},\"sameAs\":[\"https:\\\/\\\/www.facebook.com\\\/OrganisatorFachmagazin\",\"https:\\\/\\\/www.linkedin.com\\\/showcase\\\/organisator-das-magazin-fr-kmu\",\"https:\\\/\\\/www.xing.com\\\/news\\\/pages\\\/organisator-ch-695\",\"https:\\\/\\\/www.youtube.com\\\/channel\\\/UCGP2Sq0iWaZwT3BdIAQFYpw\"]},{\"@type\":\"Person\",\"@id\":\"https:\\\/\\\/www.organisator.ch\\\/#\\\/schema\\\/person\\\/4e51799071cd2dd1232ac003643ef5f0\",\"name\":\"galledia\",\"image\":{\"@type\":\"ImageObject\",\"inLanguage\":\"fr-FR\",\"@id\":\"https:\\\/\\\/secure.gravatar.com\\\/avatar\\\/78a7f90c01fc2bfc875782a0d4922b37cde2cf184ce347b91316d23cd7f69a36?s=96&d=mm&r=g\",\"url\":\"https:\\\/\\\/secure.gravatar.com\\\/avatar\\\/78a7f90c01fc2bfc875782a0d4922b37cde2cf184ce347b91316d23cd7f69a36?s=96&d=mm&r=g\",\"contentUrl\":\"https:\\\/\\\/secure.gravatar.com\\\/avatar\\\/78a7f90c01fc2bfc875782a0d4922b37cde2cf184ce347b91316d23cd7f69a36?s=96&d=mm&r=g\",\"caption\":\"galledia\"},\"sameAs\":[\"https:\\\/\\\/x.com\\\/admin\"],\"url\":\"https:\\\/\\\/www.organisator.ch\\\/fr\\\/author\\\/galledia\\\/\"}]}<\/script>\n<!-- \/ Yoast SEO plugin. -->","yoast_head_json":{"title":"Quatre livres qui pourraient vous int\u00e9resser - Organisateur","description":"Libert\u00e9 bafou\u00e9e : Nachtwey et Amlinger analysent les mod\u00e8les de pens\u00e9e autoritaires dans les mouvements de protestation actuels. A lire et \u00e0 approfondir.","robots":{"index":"index","follow":"follow","max-snippet":"max-snippet:-1","max-image-preview":"max-image-preview:large","max-video-preview":"max-video-preview:-1"},"canonical":"https:\/\/www.organisator.ch\/fr\/marketing\/2024-06-25\/vier-buecher-die-sie-interessieren-koennten-28\/","og_locale":"fr_FR","og_type":"article","og_title":"Vier B\u00fccher, die Sie interessieren k\u00f6nnten - Organisator","og_description":"Gekr\u00e4nkte Freiheit: Nachtwey und Amlinger analysieren autorit\u00e4re Denkmuster in aktuellen Protestbewegungen. Lesenswert und fundiert.","og_url":"https:\/\/www.organisator.ch\/fr\/marketing\/2024-06-25\/vier-buecher-die-sie-interessieren-koennten-28\/","og_site_name":"Organisator","article_publisher":"https:\/\/www.facebook.com\/OrganisatorFachmagazin","article_published_time":"2024-06-25T14:50:58+00:00","article_modified_time":"2024-11-10T08:23:10+00:00","og_image":[{"url":"https:\/\/www.werbewoche.ch\/wp-content\/uploads\/2024\/06\/getabstract-lesetipps-juni-24.jpg","type":"","width":"","height":""}],"author":"galledia","twitter_card":"summary_large_image","twitter_creator":"@admin","schema":{"@context":"https:\/\/schema.org","@graph":[{"@type":"Article","@id":"https:\/\/www.organisator.ch\/marketing\/2024-06-25\/vier-buecher-die-sie-interessieren-koennten-28\/#article","isPartOf":{"@id":"https:\/\/www.organisator.ch\/marketing\/2024-06-25\/vier-buecher-die-sie-interessieren-koennten-28\/"},"author":{"name":"galledia","@id":"https:\/\/www.organisator.ch\/#\/schema\/person\/4e51799071cd2dd1232ac003643ef5f0"},"headline":"Vier B\u00fccher, die Sie interessieren k\u00f6nnten","datePublished":"2024-06-25T14:50:58+00:00","dateModified":"2024-11-10T08:23:10+00:00","mainEntityOfPage":{"@id":"https:\/\/www.organisator.ch\/marketing\/2024-06-25\/vier-buecher-die-sie-interessieren-koennten-28\/"},"wordCount":430,"publisher":{"@id":"https:\/\/www.organisator.ch\/#organization"},"image":{"@id":"https:\/\/www.organisator.ch\/marketing\/2024-06-25\/vier-buecher-die-sie-interessieren-koennten-28\/#primaryimage"},"thumbnailUrl":"https:\/\/www.werbewoche.ch\/wp-content\/uploads\/2024\/06\/getabstract-lesetipps-juni-24.jpg","keywords":["GetAbstract","Lesetipps","Marketing"],"articleSection":["MARKETING"],"inLanguage":"fr-FR"},{"@type":"WebPage","@id":"https:\/\/www.organisator.ch\/marketing\/2024-06-25\/vier-buecher-die-sie-interessieren-koennten-28\/","url":"https:\/\/www.organisator.ch\/marketing\/2024-06-25\/vier-buecher-die-sie-interessieren-koennten-28\/","name":"Quatre livres qui pourraient vous int\u00e9resser - Organisateur","isPartOf":{"@id":"https:\/\/www.organisator.ch\/#website"},"primaryImageOfPage":{"@id":"https:\/\/www.organisator.ch\/marketing\/2024-06-25\/vier-buecher-die-sie-interessieren-koennten-28\/#primaryimage"},"image":{"@id":"https:\/\/www.organisator.ch\/marketing\/2024-06-25\/vier-buecher-die-sie-interessieren-koennten-28\/#primaryimage"},"thumbnailUrl":"https:\/\/www.werbewoche.ch\/wp-content\/uploads\/2024\/06\/getabstract-lesetipps-juni-24.jpg","datePublished":"2024-06-25T14:50:58+00:00","dateModified":"2024-11-10T08:23:10+00:00","description":"Libert\u00e9 bafou\u00e9e : Nachtwey et Amlinger analysent les mod\u00e8les de pens\u00e9e autoritaires dans les mouvements de protestation actuels. A lire et \u00e0 approfondir.","breadcrumb":{"@id":"https:\/\/www.organisator.ch\/marketing\/2024-06-25\/vier-buecher-die-sie-interessieren-koennten-28\/#breadcrumb"},"inLanguage":"fr-FR","potentialAction":[{"@type":"ReadAction","target":["https:\/\/www.organisator.ch\/marketing\/2024-06-25\/vier-buecher-die-sie-interessieren-koennten-28\/"]}]},{"@type":"ImageObject","inLanguage":"fr-FR","@id":"https:\/\/www.organisator.ch\/marketing\/2024-06-25\/vier-buecher-die-sie-interessieren-koennten-28\/#primaryimage","url":"https:\/\/www.werbewoche.ch\/wp-content\/uploads\/2024\/06\/getabstract-lesetipps-juni-24.jpg","contentUrl":"https:\/\/www.werbewoche.ch\/wp-content\/uploads\/2024\/06\/getabstract-lesetipps-juni-24.jpg"},{"@type":"BreadcrumbList","@id":"https:\/\/www.organisator.ch\/marketing\/2024-06-25\/vier-buecher-die-sie-interessieren-koennten-28\/#breadcrumb","itemListElement":[{"@type":"ListItem","position":1,"name":"Home","item":"https:\/\/www.organisator.ch\/"},{"@type":"ListItem","position":2,"name":"Vier B\u00fccher, die Sie interessieren k\u00f6nnten"}]},{"@type":"WebSite","@id":"https:\/\/www.organisator.ch\/#website","url":"https:\/\/www.organisator.ch\/","name":"Organisateur","description":"Comp\u00e9tence et comp\u00e9tence. Proches de la pratique. L'ORGANISATEUR pr\u00e9pare 10 num\u00e9ros par an sur les th\u00e8mes essentiels pour les dirigeants de PME.","publisher":{"@id":"https:\/\/www.organisator.ch\/#organization"},"potentialAction":[{"@type":"SearchAction","target":{"@type":"EntryPoint","urlTemplate":"https:\/\/www.organisator.ch\/?s={search_term_string}"},"query-input":{"@type":"PropertyValueSpecification","valueRequired":true,"valueName":"search_term_string"}}],"inLanguage":"fr-FR"},{"@type":"Organization","@id":"https:\/\/www.organisator.ch\/#organization","name":"Organisateur","url":"https:\/\/www.organisator.ch\/","logo":{"@type":"ImageObject","inLanguage":"fr-FR","@id":"https:\/\/www.organisator.ch\/#\/schema\/logo\/image\/","url":"https:\/\/www.organisator.ch\/wp-content\/uploads\/2022\/01\/Logo_Organisator_Website.png","contentUrl":"https:\/\/www.organisator.ch\/wp-content\/uploads\/2022\/01\/Logo_Organisator_Website.png","width":800,"height":77,"caption":"Organisator"},"image":{"@id":"https:\/\/www.organisator.ch\/#\/schema\/logo\/image\/"},"sameAs":["https:\/\/www.facebook.com\/OrganisatorFachmagazin","https:\/\/www.linkedin.com\/showcase\/organisator-das-magazin-fr-kmu","https:\/\/www.xing.com\/news\/pages\/organisator-ch-695","https:\/\/www.youtube.com\/channel\/UCGP2Sq0iWaZwT3BdIAQFYpw"]},{"@type":"Person","@id":"https:\/\/www.organisator.ch\/#\/schema\/person\/4e51799071cd2dd1232ac003643ef5f0","name":"galledia","image":{"@type":"ImageObject","inLanguage":"fr-FR","@id":"https:\/\/secure.gravatar.com\/avatar\/78a7f90c01fc2bfc875782a0d4922b37cde2cf184ce347b91316d23cd7f69a36?s=96&d=mm&r=g","url":"https:\/\/secure.gravatar.com\/avatar\/78a7f90c01fc2bfc875782a0d4922b37cde2cf184ce347b91316d23cd7f69a36?s=96&d=mm&r=g","contentUrl":"https:\/\/secure.gravatar.com\/avatar\/78a7f90c01fc2bfc875782a0d4922b37cde2cf184ce347b91316d23cd7f69a36?s=96&d=mm&r=g","caption":"galledia"},"sameAs":["https:\/\/x.com\/admin"],"url":"https:\/\/www.organisator.ch\/fr\/author\/galledia\/"}]}},"_links":{"self":[{"href":"https:\/\/www.organisator.ch\/fr\/wp-json\/wp\/v2\/posts\/28012","targetHints":{"allow":["GET"]}}],"collection":[{"href":"https:\/\/www.organisator.ch\/fr\/wp-json\/wp\/v2\/posts"}],"about":[{"href":"https:\/\/www.organisator.ch\/fr\/wp-json\/wp\/v2\/types\/post"}],"author":[{"embeddable":true,"href":"https:\/\/www.organisator.ch\/fr\/wp-json\/wp\/v2\/users\/8"}],"replies":[{"embeddable":true,"href":"https:\/\/www.organisator.ch\/fr\/wp-json\/wp\/v2\/comments?post=28012"}],"version-history":[{"count":5,"href":"https:\/\/www.organisator.ch\/fr\/wp-json\/wp\/v2\/posts\/28012\/revisions"}],"predecessor-version":[{"id":32156,"href":"https:\/\/www.organisator.ch\/fr\/wp-json\/wp\/v2\/posts\/28012\/revisions\/32156"}],"wp:attachment":[{"href":"https:\/\/www.organisator.ch\/fr\/wp-json\/wp\/v2\/media?parent=28012"}],"wp:term":[{"taxonomy":"category","embeddable":true,"href":"https:\/\/www.organisator.ch\/fr\/wp-json\/wp\/v2\/categories?post=28012"},{"taxonomy":"post_tag","embeddable":true,"href":"https:\/\/www.organisator.ch\/fr\/wp-json\/wp\/v2\/tags?post=28012"}],"curies":[{"name":"wp","href":"https:\/\/api.w.org\/{rel}","templated":true}]}}