{"id":28021,"date":"2024-06-26T10:14:44","date_gmt":"2024-06-26T08:14:44","guid":{"rendered":"https:\/\/www.organisator.ch\/?p=28021"},"modified":"2024-06-26T10:14:44","modified_gmt":"2024-06-26T08:14:44","slug":"zuehlke-verstaerkt-sich-im-verwaltungsrat-mit-neuer-expertise","status":"publish","type":"post","link":"https:\/\/www.organisator.ch\/fr\/management\/2024-06-26\/zuehlke-verstaerkt-sich-im-verwaltungsrat-mit-neuer-expertise\/","title":{"rendered":"Z\u00fchlke se renforce au conseil d'administration avec une nouvelle expertise"},"content":{"rendered":"<figure id=\"attachment_28022\" aria-describedby=\"caption-attachment-28022\" style=\"width: 680px\" class=\"wp-caption alignnone\"><img loading=\"lazy\" decoding=\"async\" class=\"size-full wp-image-28022\" src=\"https:\/\/www.organisator.ch\/wp-content\/uploads\/2024\/06\/Zuehlke_Bild1_ps.jpg\" alt=\"\" width=\"680\" height=\"257\" srcset=\"https:\/\/www.organisator.ch\/wp-content\/uploads\/2024\/06\/Zuehlke_Bild1_ps.jpg 680w, https:\/\/www.organisator.ch\/wp-content\/uploads\/2024\/06\/Zuehlke_Bild1_ps-18x7.jpg 18w, https:\/\/www.organisator.ch\/wp-content\/uploads\/2024\/06\/Zuehlke_Bild1_ps-375x142.jpg 375w\" sizes=\"auto, (max-width: 680px) 100vw, 680px\" \/><figcaption id=\"caption-attachment-28022\" class=\"wp-caption-text\">Trois nouveaux membres au conseil d'administration du groupe Z\u00fchlke, Andrea Gisle Joosen, Feiyu Xu et Wolfgang Emmerich. (Image : www.zuehlke.com)<\/figcaption><\/figure>\n<p>Avec l'\u00e9lection d'Andrea Gisle Joosen, de Feiyu Xu et de Wolfgang Emmerich, l'entreprise entend renforcer sa position de partenaire mondial pour la transformation bas\u00e9e sur la technologie en apportant des comp\u00e9tences et des qualit\u00e9s de direction vari\u00e9es.<\/p>\n<p>Philipp Sutter, pr\u00e9sident du conseil d'administration de Z\u00fchlke, a comment\u00e9 : \"Nous sommes tr\u00e8s heureux d'accueillir Andrea, Feiyu et Wolfgang en tant que nouveaux membres. Gr\u00e2ce \u00e0 leurs exp\u00e9riences et perspectives vari\u00e9es, ils nous aideront \u00e0 d\u00e9velopper le groupe en tant que partenaire global pour la transformation bas\u00e9e sur la technologie, en nous donnant des impulsions et des strat\u00e9gies pr\u00e9cieuses. Chaque membre apporte des comp\u00e9tences uniques et je suis convaincu que, gr\u00e2ce \u00e0 leurs contributions, nous serons encore mieux \u00e0 m\u00eame d'apporter une valeur ajout\u00e9e exceptionnelle - \u00e0 notre client\u00e8le, \u00e0 la soci\u00e9t\u00e9 et \u00e0 la plan\u00e8te\".<\/p>\n<p>Andrea Gisle Joosen poss\u00e8de une solide exp\u00e9rience dans des fonctions de direction et de conseil dans diverses industries, notamment dans le secteur des technologies, des biens de consommation et de la vente au d\u00e9tail. Elle est actuellement pr\u00e9sidente du conseil d'administration de Bilprovningen AB et Charge Amps AB, ainsi qu'administratrice non ex\u00e9cutive d'evoke plc, Viaplay AB, Logent AB et Stadium AB. Elle joue \u00e9galement un r\u00f4le consultatif au sein de la F\u00e9d\u00e9ration su\u00e9doise du commerce et du Women's Leadership Award en Su\u00e8de. \"Je suis ravie de rejoindre le conseil d'administration de Z\u00fchlke et d'y mettre \u00e0 profit mon exp\u00e9rience dans le secteur num\u00e9rique et technologique pour faire avancer les ambitions mondiales de l'entreprise\", a d\u00e9clar\u00e9 Joosen.<\/p>\n<p>Feiyu Xu est une chercheuse en IA prim\u00e9e et une experte respect\u00e9e dans le secteur technologique. Elle est actuellement directrice non ex\u00e9cutive du groupe Airbus et du groupe Chain IQ, et membre du conseil de surveillance du groupe ZF. Feiyu Xu a notamment travaill\u00e9 chez SAP et Lenovo, o\u00f9 elle a dirig\u00e9 des initiatives d'IA et contribu\u00e9 de mani\u00e8re significative \u00e0 la transformation de ces entreprises. \"C'est un honneur pour moi de rejoindre le conseil d'administration de Z\u00fchlke. Je suis impatiente d'apporter mon expertise dans le domaine de l'IA afin de faire avancer les transformations bas\u00e9es sur la technologie pour un avenir durable\", a d\u00e9clar\u00e9 Xu.<\/p>\n<p>Wolfgang Emmerich n'est pas un inconnu pour Z\u00fchlke. Il a rejoint l'entreprise d\u00e8s 1998 et a jou\u00e9 un r\u00f4le cl\u00e9 dans l'\u00e9tablissement de la pr\u00e9sence en Grande-Bretagne. Wolfgang Emmerich est devenu partenaire du groupe Z\u00fchlke en d\u00e9cembre 2000 et est le CEO de Z\u00fchlke en Grande-Bretagne depuis 2009. Sa vaste exp\u00e9rience internationale chez Z\u00fchlke et son r\u00e9seau professionnel seront essentiels \u00e0 la r\u00e9ussite de la mondialisation de Z\u00fchlke. Emmerich a comment\u00e9 : \"C'est un privil\u00e8ge de pouvoir continuer \u00e0 accompagner Z\u00fchlke et de contribuer \u00e0 piloter les activit\u00e9s d'expansion mondiale de l'entreprise\".<\/p>\n<p><em>Source : <a href=\"https:\/\/www.zuehlke.com\/de\">www.zuehlke.com<\/a><\/em><\/p>","protected":false},"excerpt":{"rendered":"<p>Conform\u00e9ment \u00e0 sa strat\u00e9gie visant \u00e0 soutenir encore mieux ses clients au niveau mondial, le groupe Z\u00fchlke a \u00e9lu trois nouveaux membres au conseil d'administration dans le cadre d'une assembl\u00e9e g\u00e9n\u00e9rale qui s'est tenue le 20 juin. <\/p>","protected":false},"author":58,"featured_media":28022,"comment_status":"closed","ping_status":"closed","sticky":false,"template":"","format":"standard","meta":{"_acf_changed":false,"_yoast_wpseo_focuskw":"Z\u00fchlke","_yoast_wpseo_metadesc":"Die Z\u00fchlke Gruppe hat im Rahmen einer Generalversammlung am 20. Juni drei neue Mitglieder in den Verwaltungsrat gew\u00e4hlt.","articlekey":"","footnotes":""},"categories":[28],"tags":[4285,334,492,2471],"class_list":["post-28021","post","type-post","status-publish","format-standard","has-post-thumbnail","hentry","category-management","tag-expertise","tag-management","tag-unternehmen","tag-verwaltungsrat"],"acf":[],"yoast_head":"<!-- This site is optimized with the Yoast SEO plugin v27.5 - https:\/\/yoast.com\/product\/yoast-seo-wordpress\/ -->\n<title>Z\u00fchlke verst\u00e4rkt sich im Verwaltungsrat mit neuer Expertise - Organisator<\/title>\n<meta name=\"description\" content=\"Die Z\u00fchlke Gruppe hat im Rahmen einer Generalversammlung am 20. Juni drei neue Mitglieder in den Verwaltungsrat gew\u00e4hlt.\" \/>\n<meta name=\"robots\" content=\"index, follow, max-snippet:-1, max-image-preview:large, max-video-preview:-1\" \/>\n<link rel=\"canonical\" href=\"https:\/\/www.organisator.ch\/fr\/gestion-2\/2024-06-26\/zuehlke-verstaerkt-sich-im-verwaltungsrat-mit-neuer-expertise\/\" \/>\n<meta property=\"og:locale\" content=\"fr_FR\" \/>\n<meta property=\"og:type\" content=\"article\" \/>\n<meta property=\"og:title\" content=\"Z\u00fchlke verst\u00e4rkt sich im Verwaltungsrat mit neuer Expertise\" \/>\n<meta property=\"og:description\" content=\"Die Z\u00fchlke Gruppe hat im Rahmen einer Generalversammlung am 20. Juni drei neue Mitglieder in den Verwaltungsrat gew\u00e4hlt.\" \/>\n<meta property=\"og:url\" content=\"https:\/\/www.organisator.ch\/fr\/gestion-2\/2024-06-26\/zuehlke-verstaerkt-sich-im-verwaltungsrat-mit-neuer-expertise\/\" \/>\n<meta property=\"og:site_name\" content=\"Organisator\" \/>\n<meta property=\"article:publisher\" content=\"https:\/\/www.facebook.com\/OrganisatorFachmagazin\" \/>\n<meta property=\"article:published_time\" content=\"2024-06-26T08:14:44+00:00\" \/>\n<meta property=\"og:image\" content=\"https:\/\/www.organisator.ch\/wp-content\/uploads\/2024\/06\/Zuehlke_Bild1_ps.jpg\" \/>\n\t<meta property=\"og:image:width\" content=\"680\" \/>\n\t<meta property=\"og:image:height\" content=\"257\" \/>\n\t<meta property=\"og:image:type\" content=\"image\/jpeg\" \/>\n<meta name=\"author\" content=\"Adelisa Kalajdzini\" \/>\n<meta name=\"twitter:card\" content=\"summary_large_image\" \/>\n<meta name=\"twitter:title\" content=\"Z\u00fchlke verst\u00e4rkt sich im Verwaltungsrat mit neuer Expertise\" \/>\n<meta name=\"twitter:description\" content=\"Die #Z\u00fchlke Gruppe hat im Rahmen einer #Generalversammlung am 20. Juni #drei #neue #Mitglieder in den #Verwaltungsrat gew\u00e4hlt.\" \/>\n<meta name=\"twitter:image\" content=\"https:\/\/www.organisator.ch\/wp-content\/uploads\/2024\/06\/Zuehlke_Bild1_ps.jpg\" \/>\n<script type=\"application\/ld+json\" class=\"yoast-schema-graph\">{\"@context\":\"https:\\\/\\\/schema.org\",\"@graph\":[{\"@type\":\"Article\",\"@id\":\"https:\\\/\\\/www.organisator.ch\\\/management\\\/2024-06-26\\\/zuehlke-verstaerkt-sich-im-verwaltungsrat-mit-neuer-expertise\\\/#article\",\"isPartOf\":{\"@id\":\"https:\\\/\\\/www.organisator.ch\\\/management\\\/2024-06-26\\\/zuehlke-verstaerkt-sich-im-verwaltungsrat-mit-neuer-expertise\\\/\"},\"author\":{\"name\":\"Adelisa Kalajdzini\",\"@id\":\"https:\\\/\\\/www.organisator.ch\\\/#\\\/schema\\\/person\\\/2e1314a2172123f874db408d8911d3f3\"},\"headline\":\"Z\u00fchlke verst\u00e4rkt sich im Verwaltungsrat mit neuer Expertise\",\"datePublished\":\"2024-06-26T08:14:44+00:00\",\"mainEntityOfPage\":{\"@id\":\"https:\\\/\\\/www.organisator.ch\\\/management\\\/2024-06-26\\\/zuehlke-verstaerkt-sich-im-verwaltungsrat-mit-neuer-expertise\\\/\"},\"wordCount\":459,\"publisher\":{\"@id\":\"https:\\\/\\\/www.organisator.ch\\\/#organization\"},\"image\":{\"@id\":\"https:\\\/\\\/www.organisator.ch\\\/management\\\/2024-06-26\\\/zuehlke-verstaerkt-sich-im-verwaltungsrat-mit-neuer-expertise\\\/#primaryimage\"},\"thumbnailUrl\":\"https:\\\/\\\/www.organisator.ch\\\/wp-content\\\/uploads\\\/2024\\\/06\\\/Zuehlke_Bild1_ps.jpg\",\"keywords\":[\"Expertise\",\"Management\",\"Unternehmen\",\"Verwaltungsrat\"],\"articleSection\":[\"MANAGEMENT\"],\"inLanguage\":\"fr-FR\"},{\"@type\":\"WebPage\",\"@id\":\"https:\\\/\\\/www.organisator.ch\\\/management\\\/2024-06-26\\\/zuehlke-verstaerkt-sich-im-verwaltungsrat-mit-neuer-expertise\\\/\",\"url\":\"https:\\\/\\\/www.organisator.ch\\\/management\\\/2024-06-26\\\/zuehlke-verstaerkt-sich-im-verwaltungsrat-mit-neuer-expertise\\\/\",\"name\":\"Z\u00fchlke verst\u00e4rkt sich im Verwaltungsrat mit neuer Expertise - Organisator\",\"isPartOf\":{\"@id\":\"https:\\\/\\\/www.organisator.ch\\\/#website\"},\"primaryImageOfPage\":{\"@id\":\"https:\\\/\\\/www.organisator.ch\\\/management\\\/2024-06-26\\\/zuehlke-verstaerkt-sich-im-verwaltungsrat-mit-neuer-expertise\\\/#primaryimage\"},\"image\":{\"@id\":\"https:\\\/\\\/www.organisator.ch\\\/management\\\/2024-06-26\\\/zuehlke-verstaerkt-sich-im-verwaltungsrat-mit-neuer-expertise\\\/#primaryimage\"},\"thumbnailUrl\":\"https:\\\/\\\/www.organisator.ch\\\/wp-content\\\/uploads\\\/2024\\\/06\\\/Zuehlke_Bild1_ps.jpg\",\"datePublished\":\"2024-06-26T08:14:44+00:00\",\"description\":\"Die Z\u00fchlke Gruppe hat im Rahmen einer Generalversammlung am 20. Juni drei neue Mitglieder in den Verwaltungsrat gew\u00e4hlt.\",\"breadcrumb\":{\"@id\":\"https:\\\/\\\/www.organisator.ch\\\/management\\\/2024-06-26\\\/zuehlke-verstaerkt-sich-im-verwaltungsrat-mit-neuer-expertise\\\/#breadcrumb\"},\"inLanguage\":\"fr-FR\",\"potentialAction\":[{\"@type\":\"ReadAction\",\"target\":[\"https:\\\/\\\/www.organisator.ch\\\/management\\\/2024-06-26\\\/zuehlke-verstaerkt-sich-im-verwaltungsrat-mit-neuer-expertise\\\/\"]}]},{\"@type\":\"ImageObject\",\"inLanguage\":\"fr-FR\",\"@id\":\"https:\\\/\\\/www.organisator.ch\\\/management\\\/2024-06-26\\\/zuehlke-verstaerkt-sich-im-verwaltungsrat-mit-neuer-expertise\\\/#primaryimage\",\"url\":\"https:\\\/\\\/www.organisator.ch\\\/wp-content\\\/uploads\\\/2024\\\/06\\\/Zuehlke_Bild1_ps.jpg\",\"contentUrl\":\"https:\\\/\\\/www.organisator.ch\\\/wp-content\\\/uploads\\\/2024\\\/06\\\/Zuehlke_Bild1_ps.jpg\",\"width\":680,\"height\":257,\"caption\":\"Drei neue Mitglieder in den Verwaltungsrat der Z\u00fchlke Gruppe, Andrea Gisle Joosen, Feiyu Xu und Wolfgang Emmerich. (Bild: www.zuehlke.com)\"},{\"@type\":\"BreadcrumbList\",\"@id\":\"https:\\\/\\\/www.organisator.ch\\\/management\\\/2024-06-26\\\/zuehlke-verstaerkt-sich-im-verwaltungsrat-mit-neuer-expertise\\\/#breadcrumb\",\"itemListElement\":[{\"@type\":\"ListItem\",\"position\":1,\"name\":\"Home\",\"item\":\"https:\\\/\\\/www.organisator.ch\\\/\"},{\"@type\":\"ListItem\",\"position\":2,\"name\":\"Z\u00fchlke verst\u00e4rkt sich im Verwaltungsrat mit neuer Expertise\"}]},{\"@type\":\"WebSite\",\"@id\":\"https:\\\/\\\/www.organisator.ch\\\/#website\",\"url\":\"https:\\\/\\\/www.organisator.ch\\\/\",\"name\":\"Organisator\",\"description\":\"Kompetent. Praxisnah. Der ORGANISATOR bereitet in 10 Ausgaben pro Jahr die wesentlichen Themen f\u00fcr F\u00fchrungskr\u00e4fte von KMU auf.\",\"publisher\":{\"@id\":\"https:\\\/\\\/www.organisator.ch\\\/#organization\"},\"potentialAction\":[{\"@type\":\"SearchAction\",\"target\":{\"@type\":\"EntryPoint\",\"urlTemplate\":\"https:\\\/\\\/www.organisator.ch\\\/?s={search_term_string}\"},\"query-input\":{\"@type\":\"PropertyValueSpecification\",\"valueRequired\":true,\"valueName\":\"search_term_string\"}}],\"inLanguage\":\"fr-FR\"},{\"@type\":\"Organization\",\"@id\":\"https:\\\/\\\/www.organisator.ch\\\/#organization\",\"name\":\"Organisator\",\"url\":\"https:\\\/\\\/www.organisator.ch\\\/\",\"logo\":{\"@type\":\"ImageObject\",\"inLanguage\":\"fr-FR\",\"@id\":\"https:\\\/\\\/www.organisator.ch\\\/#\\\/schema\\\/logo\\\/image\\\/\",\"url\":\"https:\\\/\\\/www.organisator.ch\\\/wp-content\\\/uploads\\\/2022\\\/01\\\/Logo_Organisator_Website.png\",\"contentUrl\":\"https:\\\/\\\/www.organisator.ch\\\/wp-content\\\/uploads\\\/2022\\\/01\\\/Logo_Organisator_Website.png\",\"width\":800,\"height\":77,\"caption\":\"Organisator\"},\"image\":{\"@id\":\"https:\\\/\\\/www.organisator.ch\\\/#\\\/schema\\\/logo\\\/image\\\/\"},\"sameAs\":[\"https:\\\/\\\/www.facebook.com\\\/OrganisatorFachmagazin\",\"https:\\\/\\\/www.linkedin.com\\\/showcase\\\/organisator-das-magazin-fr-kmu\",\"https:\\\/\\\/www.xing.com\\\/news\\\/pages\\\/organisator-ch-695\",\"https:\\\/\\\/www.youtube.com\\\/channel\\\/UCGP2Sq0iWaZwT3BdIAQFYpw\"]},{\"@type\":\"Person\",\"@id\":\"https:\\\/\\\/www.organisator.ch\\\/#\\\/schema\\\/person\\\/2e1314a2172123f874db408d8911d3f3\",\"name\":\"Adelisa Kalajdzini\",\"image\":{\"@type\":\"ImageObject\",\"inLanguage\":\"fr-FR\",\"@id\":\"https:\\\/\\\/secure.gravatar.com\\\/avatar\\\/09a397c22ac58cad6f160ee8306348599df9df58a8ede73696226897b9fa4b24?s=96&d=mm&r=g\",\"url\":\"https:\\\/\\\/secure.gravatar.com\\\/avatar\\\/09a397c22ac58cad6f160ee8306348599df9df58a8ede73696226897b9fa4b24?s=96&d=mm&r=g\",\"contentUrl\":\"https:\\\/\\\/secure.gravatar.com\\\/avatar\\\/09a397c22ac58cad6f160ee8306348599df9df58a8ede73696226897b9fa4b24?s=96&d=mm&r=g\",\"caption\":\"Adelisa Kalajdzini\"},\"url\":\"https:\\\/\\\/www.organisator.ch\\\/fr\\\/author\\\/adelisa-kalajdzini\\\/\"}]}<\/script>\n<!-- \/ Yoast SEO plugin. -->","yoast_head_json":{"title":"Z\u00fchlke se renforce au conseil d'administration avec une nouvelle expertise - Organisateur","description":"Le groupe Z\u00fchlke a \u00e9lu trois nouveaux membres au conseil d'administration dans le cadre d'une assembl\u00e9e g\u00e9n\u00e9rale qui s'est tenue le 20 juin.","robots":{"index":"index","follow":"follow","max-snippet":"max-snippet:-1","max-image-preview":"max-image-preview:large","max-video-preview":"max-video-preview:-1"},"canonical":"https:\/\/www.organisator.ch\/fr\/gestion-2\/2024-06-26\/zuehlke-verstaerkt-sich-im-verwaltungsrat-mit-neuer-expertise\/","og_locale":"fr_FR","og_type":"article","og_title":"Z\u00fchlke verst\u00e4rkt sich im Verwaltungsrat mit neuer Expertise","og_description":"Die Z\u00fchlke Gruppe hat im Rahmen einer Generalversammlung am 20. Juni drei neue Mitglieder in den Verwaltungsrat gew\u00e4hlt.","og_url":"https:\/\/www.organisator.ch\/fr\/gestion-2\/2024-06-26\/zuehlke-verstaerkt-sich-im-verwaltungsrat-mit-neuer-expertise\/","og_site_name":"Organisator","article_publisher":"https:\/\/www.facebook.com\/OrganisatorFachmagazin","article_published_time":"2024-06-26T08:14:44+00:00","og_image":[{"width":680,"height":257,"url":"https:\/\/www.organisator.ch\/wp-content\/uploads\/2024\/06\/Zuehlke_Bild1_ps.jpg","type":"image\/jpeg"}],"author":"Adelisa Kalajdzini","twitter_card":"summary_large_image","twitter_title":"Z\u00fchlke verst\u00e4rkt sich im Verwaltungsrat mit neuer Expertise","twitter_description":"Die #Z\u00fchlke Gruppe hat im Rahmen einer #Generalversammlung am 20. Juni #drei #neue #Mitglieder in den #Verwaltungsrat gew\u00e4hlt.","twitter_image":"https:\/\/www.organisator.ch\/wp-content\/uploads\/2024\/06\/Zuehlke_Bild1_ps.jpg","schema":{"@context":"https:\/\/schema.org","@graph":[{"@type":"Article","@id":"https:\/\/www.organisator.ch\/management\/2024-06-26\/zuehlke-verstaerkt-sich-im-verwaltungsrat-mit-neuer-expertise\/#article","isPartOf":{"@id":"https:\/\/www.organisator.ch\/management\/2024-06-26\/zuehlke-verstaerkt-sich-im-verwaltungsrat-mit-neuer-expertise\/"},"author":{"name":"Adelisa Kalajdzini","@id":"https:\/\/www.organisator.ch\/#\/schema\/person\/2e1314a2172123f874db408d8911d3f3"},"headline":"Z\u00fchlke verst\u00e4rkt sich im Verwaltungsrat mit neuer Expertise","datePublished":"2024-06-26T08:14:44+00:00","mainEntityOfPage":{"@id":"https:\/\/www.organisator.ch\/management\/2024-06-26\/zuehlke-verstaerkt-sich-im-verwaltungsrat-mit-neuer-expertise\/"},"wordCount":459,"publisher":{"@id":"https:\/\/www.organisator.ch\/#organization"},"image":{"@id":"https:\/\/www.organisator.ch\/management\/2024-06-26\/zuehlke-verstaerkt-sich-im-verwaltungsrat-mit-neuer-expertise\/#primaryimage"},"thumbnailUrl":"https:\/\/www.organisator.ch\/wp-content\/uploads\/2024\/06\/Zuehlke_Bild1_ps.jpg","keywords":["Expertise","Management","Unternehmen","Verwaltungsrat"],"articleSection":["MANAGEMENT"],"inLanguage":"fr-FR"},{"@type":"WebPage","@id":"https:\/\/www.organisator.ch\/management\/2024-06-26\/zuehlke-verstaerkt-sich-im-verwaltungsrat-mit-neuer-expertise\/","url":"https:\/\/www.organisator.ch\/management\/2024-06-26\/zuehlke-verstaerkt-sich-im-verwaltungsrat-mit-neuer-expertise\/","name":"Z\u00fchlke se renforce au conseil d'administration avec une nouvelle expertise - Organisateur","isPartOf":{"@id":"https:\/\/www.organisator.ch\/#website"},"primaryImageOfPage":{"@id":"https:\/\/www.organisator.ch\/management\/2024-06-26\/zuehlke-verstaerkt-sich-im-verwaltungsrat-mit-neuer-expertise\/#primaryimage"},"image":{"@id":"https:\/\/www.organisator.ch\/management\/2024-06-26\/zuehlke-verstaerkt-sich-im-verwaltungsrat-mit-neuer-expertise\/#primaryimage"},"thumbnailUrl":"https:\/\/www.organisator.ch\/wp-content\/uploads\/2024\/06\/Zuehlke_Bild1_ps.jpg","datePublished":"2024-06-26T08:14:44+00:00","description":"Le groupe Z\u00fchlke a \u00e9lu trois nouveaux membres au conseil d'administration dans le cadre d'une assembl\u00e9e g\u00e9n\u00e9rale qui s'est tenue le 20 juin.","breadcrumb":{"@id":"https:\/\/www.organisator.ch\/management\/2024-06-26\/zuehlke-verstaerkt-sich-im-verwaltungsrat-mit-neuer-expertise\/#breadcrumb"},"inLanguage":"fr-FR","potentialAction":[{"@type":"ReadAction","target":["https:\/\/www.organisator.ch\/management\/2024-06-26\/zuehlke-verstaerkt-sich-im-verwaltungsrat-mit-neuer-expertise\/"]}]},{"@type":"ImageObject","inLanguage":"fr-FR","@id":"https:\/\/www.organisator.ch\/management\/2024-06-26\/zuehlke-verstaerkt-sich-im-verwaltungsrat-mit-neuer-expertise\/#primaryimage","url":"https:\/\/www.organisator.ch\/wp-content\/uploads\/2024\/06\/Zuehlke_Bild1_ps.jpg","contentUrl":"https:\/\/www.organisator.ch\/wp-content\/uploads\/2024\/06\/Zuehlke_Bild1_ps.jpg","width":680,"height":257,"caption":"Drei neue Mitglieder in den Verwaltungsrat der Z\u00fchlke Gruppe, Andrea Gisle Joosen, Feiyu Xu und Wolfgang Emmerich. (Bild: www.zuehlke.com)"},{"@type":"BreadcrumbList","@id":"https:\/\/www.organisator.ch\/management\/2024-06-26\/zuehlke-verstaerkt-sich-im-verwaltungsrat-mit-neuer-expertise\/#breadcrumb","itemListElement":[{"@type":"ListItem","position":1,"name":"Home","item":"https:\/\/www.organisator.ch\/"},{"@type":"ListItem","position":2,"name":"Z\u00fchlke verst\u00e4rkt sich im Verwaltungsrat mit neuer Expertise"}]},{"@type":"WebSite","@id":"https:\/\/www.organisator.ch\/#website","url":"https:\/\/www.organisator.ch\/","name":"Organisateur","description":"Comp\u00e9tence et comp\u00e9tence. Proches de la pratique. L'ORGANISATEUR pr\u00e9pare 10 num\u00e9ros par an sur les th\u00e8mes essentiels pour les dirigeants de PME.","publisher":{"@id":"https:\/\/www.organisator.ch\/#organization"},"potentialAction":[{"@type":"SearchAction","target":{"@type":"EntryPoint","urlTemplate":"https:\/\/www.organisator.ch\/?s={search_term_string}"},"query-input":{"@type":"PropertyValueSpecification","valueRequired":true,"valueName":"search_term_string"}}],"inLanguage":"fr-FR"},{"@type":"Organization","@id":"https:\/\/www.organisator.ch\/#organization","name":"Organisateur","url":"https:\/\/www.organisator.ch\/","logo":{"@type":"ImageObject","inLanguage":"fr-FR","@id":"https:\/\/www.organisator.ch\/#\/schema\/logo\/image\/","url":"https:\/\/www.organisator.ch\/wp-content\/uploads\/2022\/01\/Logo_Organisator_Website.png","contentUrl":"https:\/\/www.organisator.ch\/wp-content\/uploads\/2022\/01\/Logo_Organisator_Website.png","width":800,"height":77,"caption":"Organisator"},"image":{"@id":"https:\/\/www.organisator.ch\/#\/schema\/logo\/image\/"},"sameAs":["https:\/\/www.facebook.com\/OrganisatorFachmagazin","https:\/\/www.linkedin.com\/showcase\/organisator-das-magazin-fr-kmu","https:\/\/www.xing.com\/news\/pages\/organisator-ch-695","https:\/\/www.youtube.com\/channel\/UCGP2Sq0iWaZwT3BdIAQFYpw"]},{"@type":"Person","@id":"https:\/\/www.organisator.ch\/#\/schema\/person\/2e1314a2172123f874db408d8911d3f3","name":"Adelisa Kalajdzini","image":{"@type":"ImageObject","inLanguage":"fr-FR","@id":"https:\/\/secure.gravatar.com\/avatar\/09a397c22ac58cad6f160ee8306348599df9df58a8ede73696226897b9fa4b24?s=96&d=mm&r=g","url":"https:\/\/secure.gravatar.com\/avatar\/09a397c22ac58cad6f160ee8306348599df9df58a8ede73696226897b9fa4b24?s=96&d=mm&r=g","contentUrl":"https:\/\/secure.gravatar.com\/avatar\/09a397c22ac58cad6f160ee8306348599df9df58a8ede73696226897b9fa4b24?s=96&d=mm&r=g","caption":"Adelisa Kalajdzini"},"url":"https:\/\/www.organisator.ch\/fr\/author\/adelisa-kalajdzini\/"}]}},"_links":{"self":[{"href":"https:\/\/www.organisator.ch\/fr\/wp-json\/wp\/v2\/posts\/28021","targetHints":{"allow":["GET"]}}],"collection":[{"href":"https:\/\/www.organisator.ch\/fr\/wp-json\/wp\/v2\/posts"}],"about":[{"href":"https:\/\/www.organisator.ch\/fr\/wp-json\/wp\/v2\/types\/post"}],"author":[{"embeddable":true,"href":"https:\/\/www.organisator.ch\/fr\/wp-json\/wp\/v2\/users\/58"}],"replies":[{"embeddable":true,"href":"https:\/\/www.organisator.ch\/fr\/wp-json\/wp\/v2\/comments?post=28021"}],"version-history":[{"count":3,"href":"https:\/\/www.organisator.ch\/fr\/wp-json\/wp\/v2\/posts\/28021\/revisions"}],"predecessor-version":[{"id":28061,"href":"https:\/\/www.organisator.ch\/fr\/wp-json\/wp\/v2\/posts\/28021\/revisions\/28061"}],"wp:featuredmedia":[{"embeddable":true,"href":"https:\/\/www.organisator.ch\/fr\/wp-json\/wp\/v2\/media\/28022"}],"wp:attachment":[{"href":"https:\/\/www.organisator.ch\/fr\/wp-json\/wp\/v2\/media?parent=28021"}],"wp:term":[{"taxonomy":"category","embeddable":true,"href":"https:\/\/www.organisator.ch\/fr\/wp-json\/wp\/v2\/categories?post=28021"},{"taxonomy":"post_tag","embeddable":true,"href":"https:\/\/www.organisator.ch\/fr\/wp-json\/wp\/v2\/tags?post=28021"}],"curies":[{"name":"wp","href":"https:\/\/api.w.org\/{rel}","templated":true}]}}