{"id":28103,"date":"2024-07-01T07:32:08","date_gmt":"2024-07-01T05:32:08","guid":{"rendered":"https:\/\/www.organisator.ch\/?p=28103"},"modified":"2024-06-28T10:32:33","modified_gmt":"2024-06-28T08:32:33","slug":"matthias-keller-wird-neuer-mehrheitseigner-von-autexis","status":"publish","type":"post","link":"https:\/\/www.organisator.ch\/fr\/management\/2024-07-01\/matthias-keller-wird-neuer-mehrheitseigner-von-autexis\/","title":{"rendered":"Matthias Keller devient le nouvel actionnaire majoritaire d'Autexis"},"content":{"rendered":"<figure id=\"attachment_28105\" aria-describedby=\"caption-attachment-28105\" style=\"width: 680px\" class=\"wp-caption alignnone\"><img loading=\"lazy\" decoding=\"async\" class=\"size-full wp-image-28105\" src=\"https:\/\/www.organisator.ch\/wp-content\/uploads\/2024\/06\/Foto_AutexisKKInvest_Bild1_ps.jpg\" alt=\"\" width=\"680\" height=\"510\" srcset=\"https:\/\/www.organisator.ch\/wp-content\/uploads\/2024\/06\/Foto_AutexisKKInvest_Bild1_ps.jpg 680w, https:\/\/www.organisator.ch\/wp-content\/uploads\/2024\/06\/Foto_AutexisKKInvest_Bild1_ps-16x12.jpg 16w, https:\/\/www.organisator.ch\/wp-content\/uploads\/2024\/06\/Foto_AutexisKKInvest_Bild1_ps-375x281.jpg 375w, https:\/\/www.organisator.ch\/wp-content\/uploads\/2024\/06\/Foto_AutexisKKInvest_Bild1_ps-467x350.jpg 467w\" sizes=\"auto, (max-width: 680px) 100vw, 680px\" \/><figcaption id=\"caption-attachment-28105\" class=\"wp-caption-text\">Ils conduisent Autexis vers l'avenir : (de g. \u00e0 d.) Patrick Brazzale (CEO Autexis et mesoneer), Matthias Keller (actionnaire majoritaire et pr\u00e9sident du conseil d'administration), Philippe Ramseier (fondateur et membre du conseil d'administration) et Hansj\u00f6rg Schmidle (CTO). (Image : www.autexis.com)<\/figcaption><\/figure>\n<p>Outre son activit\u00e9 principale, l'automatisation d'entreprises de production et l'impl\u00e9mentation de commandes pour les constructeurs d'installations et de machines, Autexis g\u00e8re une branche de d\u00e9veloppement de logiciels. Depuis juin 2023, le fabricant de logiciels mesoneer, bas\u00e9 \u00e0 Wallisellen et disposant de deux autres sites au Vietnam, soutient Autexis dans le d\u00e9veloppement de la nouvelle Digital Factory Suite, une solution globale pour la num\u00e9risation des processus dans les secteurs de l'agroalimentaire, de l'industrie pharmaceutique, de la construction de machines et d'installations. Le Manufacturing Execution System (MES) est un moteur de croissance pour Autexis.<\/p>\n<p>L'entrepreneur Matthias Keller est l'actionnaire majoritaire de mesoneer. Il reprend d\u00e9sormais la majorit\u00e9 des actions d'Autexis avec son Family Office KK Invest. Le CEO de mesoneer, Patrick Brazzale, devient le nouveau CEO, ce qui devrait renforcer le partenariat strat\u00e9gique entre les deux entreprises. En tant qu'actionnaire et membre du conseil d'administration, Philippe Ramseier, qui \u00e9tait jusqu'\u00e0 pr\u00e9sent l'actionnaire majoritaire, sera charg\u00e9 de promouvoir la vente et le d\u00e9veloppement du march\u00e9 d'Autexis au niveau strat\u00e9gique. Il a fond\u00e9 l'entreprise apr\u00e8s un rachat par les cadres en 2010. Hansj\u00f6rg Schmidle reste associ\u00e9 et poursuit sa fonction de responsable technique (CTO).<\/p>\n<p>Matthias Keller en est convaincu : \"Avec Autexis et mesoneer, nous aidons nos clients \u00e0 augmenter encore l'efficacit\u00e9 et la qualit\u00e9 des processus gr\u00e2ce \u00e0 des solutions logicielles intelligentes et \u00e0 faire ainsi progresser la num\u00e9risation. Cette collaboration strat\u00e9gique approfondie offre d'\u00e9normes avantages aux deux entreprises et donc \u00e0 tous nos clients\".<\/p>\n<p>L'entrepreneur Philippe Ramseier se r\u00e9jouit lui aussi de cet avenir commun : \"Ma premi\u00e8re priorit\u00e9 est de consolider la position d'Autexis en tant que fournisseur international leader tant de solutions d'automatisation que de num\u00e9risation dans l'industrie. Avec mesoneer comme soci\u00e9t\u00e9 s\u0153ur, nous atteindrons cet objectif encore plus rapidement\".<\/p>\n<p><em>Source : <a href=\"http:\/\/www.autexis.com\">www.autexis.com<\/a> \u00a0\u00a0\u00a0\u00a0\u00a0\u00a0\u00a0\u00a0\u00a0\u00a0\u00a0\u00a0\u00a0\u00a0\u00a0<\/em><\/p>","protected":false},"excerpt":{"rendered":"<p>Matthias Keller reprend la majorit\u00e9 des actions d'Autexis \u00e0 Villmergen. L'actuel actionnaire principal et fondateur d'Autexis, Philippe Ramseier, reste membre du conseil d'administration en tant qu'actionnaire. Le CEO sera Patrick Brazzale, qui dirige d\u00e9j\u00e0 op\u00e9rationnellement le fabricant de logiciels mesoneer. Les deux entreprises ont conclu un partenariat strat\u00e9gique il y a un an.<\/p>","protected":false},"author":58,"featured_media":28105,"comment_status":"closed","ping_status":"closed","sticky":false,"template":"","format":"standard","meta":{"_acf_changed":false,"_yoast_wpseo_focuskw":"Matthias Keller","_yoast_wpseo_metadesc":"Matthias Keller \u00fcbernimmt die Aktienmehrheit der Autexis. Der bisherige Autexis-Haupteigner und -Gr\u00fcnder Philippe Ramseier bleibt als Aktion\u00e4r Mitglied des Verwaltungsrats.","articlekey":"","footnotes":""},"categories":[28],"tags":[334,492,496],"class_list":["post-28103","post","type-post","status-publish","format-standard","has-post-thumbnail","hentry","category-management","tag-management","tag-unternehmen","tag-unternehmensfuehrung"],"acf":[],"yoast_head":"<!-- This site is optimized with the Yoast SEO plugin v27.4 - https:\/\/yoast.com\/product\/yoast-seo-wordpress\/ -->\n<title>Matthias Keller wird neuer Mehrheitseigner von Autexis - Organisator<\/title>\n<meta name=\"description\" content=\"Matthias Keller \u00fcbernimmt die Aktienmehrheit der Autexis. Der bisherige Autexis-Haupteigner und -Gr\u00fcnder Philippe Ramseier bleibt als Aktion\u00e4r Mitglied des Verwaltungsrats.\" \/>\n<meta name=\"robots\" content=\"index, follow, max-snippet:-1, max-image-preview:large, max-video-preview:-1\" \/>\n<link rel=\"canonical\" href=\"https:\/\/www.organisator.ch\/fr\/gestion-2\/2024-07-01\/matthias-keller-wird-neuer-mehrheitseigner-von-autexis\/\" \/>\n<meta property=\"og:locale\" content=\"fr_FR\" \/>\n<meta property=\"og:type\" content=\"article\" \/>\n<meta property=\"og:title\" content=\"Matthias Keller wird neuer Mehrheitseigner von Autexis\" \/>\n<meta property=\"og:description\" content=\"Matthias Keller \u00fcbernimmt die Aktienmehrheit der Autexis. Der bisherige Autexis-Haupteigner und -Gr\u00fcnder Philippe Ramseier bleibt als Aktion\u00e4r Mitglied des Verwaltungsrats.\" \/>\n<meta property=\"og:url\" content=\"https:\/\/www.organisator.ch\/fr\/gestion-2\/2024-07-01\/matthias-keller-wird-neuer-mehrheitseigner-von-autexis\/\" \/>\n<meta property=\"og:site_name\" content=\"Organisator\" \/>\n<meta property=\"article:publisher\" content=\"https:\/\/www.facebook.com\/OrganisatorFachmagazin\" \/>\n<meta property=\"article:published_time\" content=\"2024-07-01T05:32:08+00:00\" \/>\n<meta property=\"og:image\" content=\"https:\/\/www.organisator.ch\/wp-content\/uploads\/2024\/06\/Foto_AutexisKKInvest_Bild1_ps.jpg\" \/>\n\t<meta property=\"og:image:width\" content=\"680\" \/>\n\t<meta property=\"og:image:height\" content=\"510\" \/>\n\t<meta property=\"og:image:type\" content=\"image\/jpeg\" \/>\n<meta name=\"author\" content=\"Adelisa Kalajdzini\" \/>\n<meta name=\"twitter:card\" content=\"summary_large_image\" \/>\n<meta name=\"twitter:title\" content=\"Matthias Keller wird neuer Mehrheitseigner von Autexis\" \/>\n<meta name=\"twitter:description\" content=\"#Matthias #Keller \u00fcbernimmt die #Aktienmehrheit der #Autexis. Der bisherige Autexis-Haupteigner und -Gr\u00fcnder #Philippe #Ramseier bleibt als Aktion\u00e4r Mitglied des #Verwaltungsrats.\" \/>\n<meta name=\"twitter:image\" content=\"https:\/\/www.organisator.ch\/wp-content\/uploads\/2024\/06\/Foto_AutexisKKInvest_Bild1_ps.jpg\" \/>\n<script type=\"application\/ld+json\" class=\"yoast-schema-graph\">{\"@context\":\"https:\\\/\\\/schema.org\",\"@graph\":[{\"@type\":\"Article\",\"@id\":\"https:\\\/\\\/www.organisator.ch\\\/management\\\/2024-07-01\\\/matthias-keller-wird-neuer-mehrheitseigner-von-autexis\\\/#article\",\"isPartOf\":{\"@id\":\"https:\\\/\\\/www.organisator.ch\\\/management\\\/2024-07-01\\\/matthias-keller-wird-neuer-mehrheitseigner-von-autexis\\\/\"},\"author\":{\"name\":\"Adelisa Kalajdzini\",\"@id\":\"https:\\\/\\\/www.organisator.ch\\\/#\\\/schema\\\/person\\\/2e1314a2172123f874db408d8911d3f3\"},\"headline\":\"Matthias Keller wird neuer Mehrheitseigner von Autexis\",\"datePublished\":\"2024-07-01T05:32:08+00:00\",\"mainEntityOfPage\":{\"@id\":\"https:\\\/\\\/www.organisator.ch\\\/management\\\/2024-07-01\\\/matthias-keller-wird-neuer-mehrheitseigner-von-autexis\\\/\"},\"wordCount\":329,\"publisher\":{\"@id\":\"https:\\\/\\\/www.organisator.ch\\\/#organization\"},\"image\":{\"@id\":\"https:\\\/\\\/www.organisator.ch\\\/management\\\/2024-07-01\\\/matthias-keller-wird-neuer-mehrheitseigner-von-autexis\\\/#primaryimage\"},\"thumbnailUrl\":\"https:\\\/\\\/www.organisator.ch\\\/wp-content\\\/uploads\\\/2024\\\/06\\\/Foto_AutexisKKInvest_Bild1_ps.jpg\",\"keywords\":[\"Management\",\"Unternehmen\",\"Unternehmensf\u00fchrung\"],\"articleSection\":[\"MANAGEMENT\"],\"inLanguage\":\"fr-FR\"},{\"@type\":\"WebPage\",\"@id\":\"https:\\\/\\\/www.organisator.ch\\\/management\\\/2024-07-01\\\/matthias-keller-wird-neuer-mehrheitseigner-von-autexis\\\/\",\"url\":\"https:\\\/\\\/www.organisator.ch\\\/management\\\/2024-07-01\\\/matthias-keller-wird-neuer-mehrheitseigner-von-autexis\\\/\",\"name\":\"Matthias Keller wird neuer Mehrheitseigner von Autexis - Organisator\",\"isPartOf\":{\"@id\":\"https:\\\/\\\/www.organisator.ch\\\/#website\"},\"primaryImageOfPage\":{\"@id\":\"https:\\\/\\\/www.organisator.ch\\\/management\\\/2024-07-01\\\/matthias-keller-wird-neuer-mehrheitseigner-von-autexis\\\/#primaryimage\"},\"image\":{\"@id\":\"https:\\\/\\\/www.organisator.ch\\\/management\\\/2024-07-01\\\/matthias-keller-wird-neuer-mehrheitseigner-von-autexis\\\/#primaryimage\"},\"thumbnailUrl\":\"https:\\\/\\\/www.organisator.ch\\\/wp-content\\\/uploads\\\/2024\\\/06\\\/Foto_AutexisKKInvest_Bild1_ps.jpg\",\"datePublished\":\"2024-07-01T05:32:08+00:00\",\"description\":\"Matthias Keller \u00fcbernimmt die Aktienmehrheit der Autexis. Der bisherige Autexis-Haupteigner und -Gr\u00fcnder Philippe Ramseier bleibt als Aktion\u00e4r Mitglied des Verwaltungsrats.\",\"breadcrumb\":{\"@id\":\"https:\\\/\\\/www.organisator.ch\\\/management\\\/2024-07-01\\\/matthias-keller-wird-neuer-mehrheitseigner-von-autexis\\\/#breadcrumb\"},\"inLanguage\":\"fr-FR\",\"potentialAction\":[{\"@type\":\"ReadAction\",\"target\":[\"https:\\\/\\\/www.organisator.ch\\\/management\\\/2024-07-01\\\/matthias-keller-wird-neuer-mehrheitseigner-von-autexis\\\/\"]}]},{\"@type\":\"ImageObject\",\"inLanguage\":\"fr-FR\",\"@id\":\"https:\\\/\\\/www.organisator.ch\\\/management\\\/2024-07-01\\\/matthias-keller-wird-neuer-mehrheitseigner-von-autexis\\\/#primaryimage\",\"url\":\"https:\\\/\\\/www.organisator.ch\\\/wp-content\\\/uploads\\\/2024\\\/06\\\/Foto_AutexisKKInvest_Bild1_ps.jpg\",\"contentUrl\":\"https:\\\/\\\/www.organisator.ch\\\/wp-content\\\/uploads\\\/2024\\\/06\\\/Foto_AutexisKKInvest_Bild1_ps.jpg\",\"width\":680,\"height\":510,\"caption\":\"Sie f\u00fchren die Autexis in die Zukunft: (v. l. n. r.) Patrick Brazzale (CEO Autexis und mesoneer), Matthias Keller (Mehrheitsaktion\u00e4r und Verwaltungsratspr\u00e4sident), Philippe Ramseier (Gr\u00fcnder und Mitglied des Verwaltungsrats) und Hansj\u00f6rg Schmidle (CTO). (Bild: www.autexis.com)\"},{\"@type\":\"BreadcrumbList\",\"@id\":\"https:\\\/\\\/www.organisator.ch\\\/management\\\/2024-07-01\\\/matthias-keller-wird-neuer-mehrheitseigner-von-autexis\\\/#breadcrumb\",\"itemListElement\":[{\"@type\":\"ListItem\",\"position\":1,\"name\":\"Home\",\"item\":\"https:\\\/\\\/www.organisator.ch\\\/\"},{\"@type\":\"ListItem\",\"position\":2,\"name\":\"Matthias Keller wird neuer Mehrheitseigner von Autexis\"}]},{\"@type\":\"WebSite\",\"@id\":\"https:\\\/\\\/www.organisator.ch\\\/#website\",\"url\":\"https:\\\/\\\/www.organisator.ch\\\/\",\"name\":\"Organisator\",\"description\":\"Kompetent. Praxisnah. Der ORGANISATOR bereitet in 10 Ausgaben pro Jahr die wesentlichen Themen f\u00fcr F\u00fchrungskr\u00e4fte von KMU auf.\",\"publisher\":{\"@id\":\"https:\\\/\\\/www.organisator.ch\\\/#organization\"},\"potentialAction\":[{\"@type\":\"SearchAction\",\"target\":{\"@type\":\"EntryPoint\",\"urlTemplate\":\"https:\\\/\\\/www.organisator.ch\\\/?s={search_term_string}\"},\"query-input\":{\"@type\":\"PropertyValueSpecification\",\"valueRequired\":true,\"valueName\":\"search_term_string\"}}],\"inLanguage\":\"fr-FR\"},{\"@type\":\"Organization\",\"@id\":\"https:\\\/\\\/www.organisator.ch\\\/#organization\",\"name\":\"Organisator\",\"url\":\"https:\\\/\\\/www.organisator.ch\\\/\",\"logo\":{\"@type\":\"ImageObject\",\"inLanguage\":\"fr-FR\",\"@id\":\"https:\\\/\\\/www.organisator.ch\\\/#\\\/schema\\\/logo\\\/image\\\/\",\"url\":\"https:\\\/\\\/www.organisator.ch\\\/wp-content\\\/uploads\\\/2022\\\/01\\\/Logo_Organisator_Website.png\",\"contentUrl\":\"https:\\\/\\\/www.organisator.ch\\\/wp-content\\\/uploads\\\/2022\\\/01\\\/Logo_Organisator_Website.png\",\"width\":800,\"height\":77,\"caption\":\"Organisator\"},\"image\":{\"@id\":\"https:\\\/\\\/www.organisator.ch\\\/#\\\/schema\\\/logo\\\/image\\\/\"},\"sameAs\":[\"https:\\\/\\\/www.facebook.com\\\/OrganisatorFachmagazin\",\"https:\\\/\\\/www.linkedin.com\\\/showcase\\\/organisator-das-magazin-fr-kmu\",\"https:\\\/\\\/www.xing.com\\\/news\\\/pages\\\/organisator-ch-695\",\"https:\\\/\\\/www.youtube.com\\\/channel\\\/UCGP2Sq0iWaZwT3BdIAQFYpw\"]},{\"@type\":\"Person\",\"@id\":\"https:\\\/\\\/www.organisator.ch\\\/#\\\/schema\\\/person\\\/2e1314a2172123f874db408d8911d3f3\",\"name\":\"Adelisa Kalajdzini\",\"image\":{\"@type\":\"ImageObject\",\"inLanguage\":\"fr-FR\",\"@id\":\"https:\\\/\\\/secure.gravatar.com\\\/avatar\\\/09a397c22ac58cad6f160ee8306348599df9df58a8ede73696226897b9fa4b24?s=96&d=mm&r=g\",\"url\":\"https:\\\/\\\/secure.gravatar.com\\\/avatar\\\/09a397c22ac58cad6f160ee8306348599df9df58a8ede73696226897b9fa4b24?s=96&d=mm&r=g\",\"contentUrl\":\"https:\\\/\\\/secure.gravatar.com\\\/avatar\\\/09a397c22ac58cad6f160ee8306348599df9df58a8ede73696226897b9fa4b24?s=96&d=mm&r=g\",\"caption\":\"Adelisa Kalajdzini\"},\"url\":\"https:\\\/\\\/www.organisator.ch\\\/fr\\\/author\\\/adelisa-kalajdzini\\\/\"}]}<\/script>\n<!-- \/ Yoast SEO plugin. -->","yoast_head_json":{"title":"Matthias Keller devient le nouvel actionnaire majoritaire d'Autexis - Organisateur","description":"Matthias Keller reprend la majorit\u00e9 des actions d'Autexis. L'ancien actionnaire principal et fondateur d'Autexis, Philippe Ramseier, reste membre du conseil d'administration en tant qu'actionnaire.","robots":{"index":"index","follow":"follow","max-snippet":"max-snippet:-1","max-image-preview":"max-image-preview:large","max-video-preview":"max-video-preview:-1"},"canonical":"https:\/\/www.organisator.ch\/fr\/gestion-2\/2024-07-01\/matthias-keller-wird-neuer-mehrheitseigner-von-autexis\/","og_locale":"fr_FR","og_type":"article","og_title":"Matthias Keller wird neuer Mehrheitseigner von Autexis","og_description":"Matthias Keller \u00fcbernimmt die Aktienmehrheit der Autexis. Der bisherige Autexis-Haupteigner und -Gr\u00fcnder Philippe Ramseier bleibt als Aktion\u00e4r Mitglied des Verwaltungsrats.","og_url":"https:\/\/www.organisator.ch\/fr\/gestion-2\/2024-07-01\/matthias-keller-wird-neuer-mehrheitseigner-von-autexis\/","og_site_name":"Organisator","article_publisher":"https:\/\/www.facebook.com\/OrganisatorFachmagazin","article_published_time":"2024-07-01T05:32:08+00:00","og_image":[{"width":680,"height":510,"url":"https:\/\/www.organisator.ch\/wp-content\/uploads\/2024\/06\/Foto_AutexisKKInvest_Bild1_ps.jpg","type":"image\/jpeg"}],"author":"Adelisa Kalajdzini","twitter_card":"summary_large_image","twitter_title":"Matthias Keller wird neuer Mehrheitseigner von Autexis","twitter_description":"#Matthias #Keller \u00fcbernimmt die #Aktienmehrheit der #Autexis. Der bisherige Autexis-Haupteigner und -Gr\u00fcnder #Philippe #Ramseier bleibt als Aktion\u00e4r Mitglied des #Verwaltungsrats.","twitter_image":"https:\/\/www.organisator.ch\/wp-content\/uploads\/2024\/06\/Foto_AutexisKKInvest_Bild1_ps.jpg","schema":{"@context":"https:\/\/schema.org","@graph":[{"@type":"Article","@id":"https:\/\/www.organisator.ch\/management\/2024-07-01\/matthias-keller-wird-neuer-mehrheitseigner-von-autexis\/#article","isPartOf":{"@id":"https:\/\/www.organisator.ch\/management\/2024-07-01\/matthias-keller-wird-neuer-mehrheitseigner-von-autexis\/"},"author":{"name":"Adelisa Kalajdzini","@id":"https:\/\/www.organisator.ch\/#\/schema\/person\/2e1314a2172123f874db408d8911d3f3"},"headline":"Matthias Keller wird neuer Mehrheitseigner von Autexis","datePublished":"2024-07-01T05:32:08+00:00","mainEntityOfPage":{"@id":"https:\/\/www.organisator.ch\/management\/2024-07-01\/matthias-keller-wird-neuer-mehrheitseigner-von-autexis\/"},"wordCount":329,"publisher":{"@id":"https:\/\/www.organisator.ch\/#organization"},"image":{"@id":"https:\/\/www.organisator.ch\/management\/2024-07-01\/matthias-keller-wird-neuer-mehrheitseigner-von-autexis\/#primaryimage"},"thumbnailUrl":"https:\/\/www.organisator.ch\/wp-content\/uploads\/2024\/06\/Foto_AutexisKKInvest_Bild1_ps.jpg","keywords":["Management","Unternehmen","Unternehmensf\u00fchrung"],"articleSection":["MANAGEMENT"],"inLanguage":"fr-FR"},{"@type":"WebPage","@id":"https:\/\/www.organisator.ch\/management\/2024-07-01\/matthias-keller-wird-neuer-mehrheitseigner-von-autexis\/","url":"https:\/\/www.organisator.ch\/management\/2024-07-01\/matthias-keller-wird-neuer-mehrheitseigner-von-autexis\/","name":"Matthias Keller devient le nouvel actionnaire majoritaire d'Autexis - Organisateur","isPartOf":{"@id":"https:\/\/www.organisator.ch\/#website"},"primaryImageOfPage":{"@id":"https:\/\/www.organisator.ch\/management\/2024-07-01\/matthias-keller-wird-neuer-mehrheitseigner-von-autexis\/#primaryimage"},"image":{"@id":"https:\/\/www.organisator.ch\/management\/2024-07-01\/matthias-keller-wird-neuer-mehrheitseigner-von-autexis\/#primaryimage"},"thumbnailUrl":"https:\/\/www.organisator.ch\/wp-content\/uploads\/2024\/06\/Foto_AutexisKKInvest_Bild1_ps.jpg","datePublished":"2024-07-01T05:32:08+00:00","description":"Matthias Keller reprend la majorit\u00e9 des actions d'Autexis. L'ancien actionnaire principal et fondateur d'Autexis, Philippe Ramseier, reste membre du conseil d'administration en tant qu'actionnaire.","breadcrumb":{"@id":"https:\/\/www.organisator.ch\/management\/2024-07-01\/matthias-keller-wird-neuer-mehrheitseigner-von-autexis\/#breadcrumb"},"inLanguage":"fr-FR","potentialAction":[{"@type":"ReadAction","target":["https:\/\/www.organisator.ch\/management\/2024-07-01\/matthias-keller-wird-neuer-mehrheitseigner-von-autexis\/"]}]},{"@type":"ImageObject","inLanguage":"fr-FR","@id":"https:\/\/www.organisator.ch\/management\/2024-07-01\/matthias-keller-wird-neuer-mehrheitseigner-von-autexis\/#primaryimage","url":"https:\/\/www.organisator.ch\/wp-content\/uploads\/2024\/06\/Foto_AutexisKKInvest_Bild1_ps.jpg","contentUrl":"https:\/\/www.organisator.ch\/wp-content\/uploads\/2024\/06\/Foto_AutexisKKInvest_Bild1_ps.jpg","width":680,"height":510,"caption":"Sie f\u00fchren die Autexis in die Zukunft: (v. l. n. r.) Patrick Brazzale (CEO Autexis und mesoneer), Matthias Keller (Mehrheitsaktion\u00e4r und Verwaltungsratspr\u00e4sident), Philippe Ramseier (Gr\u00fcnder und Mitglied des Verwaltungsrats) und Hansj\u00f6rg Schmidle (CTO). (Bild: www.autexis.com)"},{"@type":"BreadcrumbList","@id":"https:\/\/www.organisator.ch\/management\/2024-07-01\/matthias-keller-wird-neuer-mehrheitseigner-von-autexis\/#breadcrumb","itemListElement":[{"@type":"ListItem","position":1,"name":"Home","item":"https:\/\/www.organisator.ch\/"},{"@type":"ListItem","position":2,"name":"Matthias Keller wird neuer Mehrheitseigner von Autexis"}]},{"@type":"WebSite","@id":"https:\/\/www.organisator.ch\/#website","url":"https:\/\/www.organisator.ch\/","name":"Organisateur","description":"Comp\u00e9tence et comp\u00e9tence. Proches de la pratique. L'ORGANISATEUR pr\u00e9pare 10 num\u00e9ros par an sur les th\u00e8mes essentiels pour les dirigeants de PME.","publisher":{"@id":"https:\/\/www.organisator.ch\/#organization"},"potentialAction":[{"@type":"SearchAction","target":{"@type":"EntryPoint","urlTemplate":"https:\/\/www.organisator.ch\/?s={search_term_string}"},"query-input":{"@type":"PropertyValueSpecification","valueRequired":true,"valueName":"search_term_string"}}],"inLanguage":"fr-FR"},{"@type":"Organization","@id":"https:\/\/www.organisator.ch\/#organization","name":"Organisateur","url":"https:\/\/www.organisator.ch\/","logo":{"@type":"ImageObject","inLanguage":"fr-FR","@id":"https:\/\/www.organisator.ch\/#\/schema\/logo\/image\/","url":"https:\/\/www.organisator.ch\/wp-content\/uploads\/2022\/01\/Logo_Organisator_Website.png","contentUrl":"https:\/\/www.organisator.ch\/wp-content\/uploads\/2022\/01\/Logo_Organisator_Website.png","width":800,"height":77,"caption":"Organisator"},"image":{"@id":"https:\/\/www.organisator.ch\/#\/schema\/logo\/image\/"},"sameAs":["https:\/\/www.facebook.com\/OrganisatorFachmagazin","https:\/\/www.linkedin.com\/showcase\/organisator-das-magazin-fr-kmu","https:\/\/www.xing.com\/news\/pages\/organisator-ch-695","https:\/\/www.youtube.com\/channel\/UCGP2Sq0iWaZwT3BdIAQFYpw"]},{"@type":"Person","@id":"https:\/\/www.organisator.ch\/#\/schema\/person\/2e1314a2172123f874db408d8911d3f3","name":"Adelisa Kalajdzini","image":{"@type":"ImageObject","inLanguage":"fr-FR","@id":"https:\/\/secure.gravatar.com\/avatar\/09a397c22ac58cad6f160ee8306348599df9df58a8ede73696226897b9fa4b24?s=96&d=mm&r=g","url":"https:\/\/secure.gravatar.com\/avatar\/09a397c22ac58cad6f160ee8306348599df9df58a8ede73696226897b9fa4b24?s=96&d=mm&r=g","contentUrl":"https:\/\/secure.gravatar.com\/avatar\/09a397c22ac58cad6f160ee8306348599df9df58a8ede73696226897b9fa4b24?s=96&d=mm&r=g","caption":"Adelisa Kalajdzini"},"url":"https:\/\/www.organisator.ch\/fr\/author\/adelisa-kalajdzini\/"}]}},"_links":{"self":[{"href":"https:\/\/www.organisator.ch\/fr\/wp-json\/wp\/v2\/posts\/28103","targetHints":{"allow":["GET"]}}],"collection":[{"href":"https:\/\/www.organisator.ch\/fr\/wp-json\/wp\/v2\/posts"}],"about":[{"href":"https:\/\/www.organisator.ch\/fr\/wp-json\/wp\/v2\/types\/post"}],"author":[{"embeddable":true,"href":"https:\/\/www.organisator.ch\/fr\/wp-json\/wp\/v2\/users\/58"}],"replies":[{"embeddable":true,"href":"https:\/\/www.organisator.ch\/fr\/wp-json\/wp\/v2\/comments?post=28103"}],"version-history":[{"count":5,"href":"https:\/\/www.organisator.ch\/fr\/wp-json\/wp\/v2\/posts\/28103\/revisions"}],"predecessor-version":[{"id":28153,"href":"https:\/\/www.organisator.ch\/fr\/wp-json\/wp\/v2\/posts\/28103\/revisions\/28153"}],"wp:featuredmedia":[{"embeddable":true,"href":"https:\/\/www.organisator.ch\/fr\/wp-json\/wp\/v2\/media\/28105"}],"wp:attachment":[{"href":"https:\/\/www.organisator.ch\/fr\/wp-json\/wp\/v2\/media?parent=28103"}],"wp:term":[{"taxonomy":"category","embeddable":true,"href":"https:\/\/www.organisator.ch\/fr\/wp-json\/wp\/v2\/categories?post=28103"},{"taxonomy":"post_tag","embeddable":true,"href":"https:\/\/www.organisator.ch\/fr\/wp-json\/wp\/v2\/tags?post=28103"}],"curies":[{"name":"wp","href":"https:\/\/api.w.org\/{rel}","templated":true}]}}