{"id":28124,"date":"2024-07-01T02:46:08","date_gmt":"2024-07-01T00:46:08","guid":{"rendered":"https:\/\/www.werbewoche.ch\/?p=217374"},"modified":"2024-11-10T08:52:01","modified_gmt":"2024-11-10T07:52:01","slug":"neuer-praesident-und-neuer-vorstand-fuer-swiss-marketing","status":"publish","type":"post","link":"https:\/\/www.organisator.ch\/fr\/marketing\/2024-07-01\/neuer-praesident-und-neuer-vorstand-fuer-swiss-marketing\/","title":{"rendered":"Nouveau pr\u00e9sident et nouveau comit\u00e9 pour Swiss Marketing"},"content":{"rendered":"<figure id=\"attachment_217375\" class=\"wp-caption aligncenter\" style=\"width: 1200px\" aria-describedby=\"caption-attachment-217375\"><img class=\"aligncenter wp-image-217375 size-full\" src=\"https:\/\/www.werbewoche.ch\/wp-content\/uploads\/2024\/06\/Swiss-Marketing-Praesident-Vorstand.jpg\" alt=\"Comit\u00e9 directeur de Swiss Marketing 2024\" width=\"1200\" height=\"899\" \/>\r\n<figcaption id=\"caption-attachment-217375\" class=\"wp-caption-text\">(Image : zVg.)<\/figcaption>\r\n<\/figure>\r\n<p>Un vent nouveau souffle sur Swiss Marketing : lors de l'assembl\u00e9e des d\u00e9l\u00e9gu\u00e9s 2024, trois nouveaux membres et quatre membres actuels seront \u00e9lus \u00e0 la t\u00eate de l'association professionnelle et sp\u00e9cialis\u00e9e. Marco Ancora et Ubaldo Piccone ont \u00e9t\u00e9 \u00e9lus membres du comit\u00e9 central et Chris Pozzoli, nouveau pr\u00e9sident du CC. Simon Albisser, Katharina M\u00e4der, Dietger L\u00f6ffler et Beat Schlumpf ont \u00e9t\u00e9 r\u00e9\u00e9lus.<\/p>\r\n<p>Les nouvelles \u00e9lections donnent naissance \u00e0 une nouvelle combinaison de direction \u00e0 la t\u00eate de l'association. Ensemble, le CC fra\u00eechement constitu\u00e9, le nouveau pr\u00e9sident du CC Chris Pozzoli ainsi que le nouveau directeur Jan Maurer vont faire avancer la mise en \u0153uvre de la nouvelle strat\u00e9gie de l'association.<\/p>\r\n<p>L'objectif des prochaines ann\u00e9es est avant tout d'uniformiser l'organisation de l'association et de cr\u00e9er une offre adapt\u00e9e aux besoins du march\u00e9. Selon lui, cela implique \u00e9galement une collaboration accrue avec les diff\u00e9rentes r\u00e9gions, le CC jouant un r\u00f4le important de passerelle.<\/p>\r\n<p>L'\u00e9troite collaboration entre toutes les parties prenantes est donc le pilier central de l'orientation \u00e0 long terme de l'association. Cela doit permettre de cr\u00e9er un \u00e9cosyst\u00e8me profitable entre les clubs, les \u00e9coles, les entreprises, les sponsors et les membres, dans lequel des synergies sont cr\u00e9\u00e9es et utilis\u00e9es. C'est important pour que Swiss Marketing puisse rester agile et proposer \u00e0 ses membres une offre pertinente et attrayante, explique Chris Pozzoli, nouveau pr\u00e9sident du CC de Swiss Marketing.<\/p>\r\n<p>Le comit\u00e9 central de Swiss Marketing se compose d\u00e9sormais des membres suivants : Simon Albisser (r\u00e9\u00e9lu), Marco Ancora (nouveau), Dietger L\u00f6ffler (r\u00e9\u00e9lu), Katharina M\u00e4der (r\u00e9\u00e9lue), Ubaldo Piccone (nouveau) et Beat Schlumpf (r\u00e9\u00e9lu). Chris Pozzoli (nouveau) sera le pr\u00e9sident du comit\u00e9 central. Le comit\u00e9 central travaillera en \u00e9troite collaboration avec Jan Maurer, qui dirige les activit\u00e9s op\u00e9rationnelles de Swiss Marketing en tant que directeur.<\/p>","protected":false},"excerpt":{"rendered":"<p>Apr\u00e8s l'arriv\u00e9e d'un nouveau directeur, l'association professionnelle et technique Swiss Marketing a \u00e9galement de nouveaux visages au comit\u00e9 central (CC). Marco Ancora et Ubaldo Piccone font leur entr\u00e9e au comit\u00e9 central, et Chris Pozzoli a \u00e9t\u00e9 \u00e9lu nouveau pr\u00e9sident du CC.<\/p>","protected":false},"author":8,"featured_media":0,"comment_status":"closed","ping_status":"closed","sticky":false,"template":"","format":"standard","meta":{"_acf_changed":false,"_yoast_wpseo_focuskw":"Swiss Marketing Vorstand 2024","_yoast_wpseo_metadesc":"Swiss Marketing w\u00e4hlt neuen Vorstand: Chris Pozzoli Pr\u00e4sident, Jan Maurer Gesch\u00e4ftsf\u00fchrer. Fokus auf einheitliche Organisation.","articlekey":"","footnotes":""},"categories":[29],"tags":[339,2809],"class_list":["post-28124","post","type-post","status-publish","format-standard","hentry","category-marketing","tag-marketing","tag-swiss-marketing"],"acf":[],"yoast_head":"<!-- This site is optimized with the Yoast SEO plugin v27.5 - https:\/\/yoast.com\/product\/yoast-seo-wordpress\/ -->\n<title>Neuer Pr\u00e4sident und neuer Vorstand f\u00fcr Swiss Marketing - Organisator<\/title>\n<meta name=\"description\" content=\"Swiss Marketing w\u00e4hlt neuen Vorstand: Chris Pozzoli Pr\u00e4sident, Jan Maurer Gesch\u00e4ftsf\u00fchrer. Fokus auf einheitliche Organisation.\" \/>\n<meta name=\"robots\" content=\"index, follow, max-snippet:-1, max-image-preview:large, max-video-preview:-1\" \/>\n<link rel=\"canonical\" href=\"https:\/\/www.organisator.ch\/fr\/marketing\/2024-07-01\/neuer-praesident-und-neuer-vorstand-fuer-swiss-marketing\/\" \/>\n<meta property=\"og:locale\" content=\"fr_FR\" \/>\n<meta property=\"og:type\" content=\"article\" \/>\n<meta property=\"og:title\" content=\"Neuer Pr\u00e4sident und neuer Vorstand f\u00fcr Swiss Marketing - Organisator\" \/>\n<meta property=\"og:description\" content=\"Swiss Marketing w\u00e4hlt neuen Vorstand: Chris Pozzoli Pr\u00e4sident, Jan Maurer Gesch\u00e4ftsf\u00fchrer. Fokus auf einheitliche Organisation.\" \/>\n<meta property=\"og:url\" content=\"https:\/\/www.organisator.ch\/fr\/marketing\/2024-07-01\/neuer-praesident-und-neuer-vorstand-fuer-swiss-marketing\/\" \/>\n<meta property=\"og:site_name\" content=\"Organisator\" \/>\n<meta property=\"article:publisher\" content=\"https:\/\/www.facebook.com\/OrganisatorFachmagazin\" \/>\n<meta property=\"article:published_time\" content=\"2024-07-01T00:46:08+00:00\" \/>\n<meta property=\"article:modified_time\" content=\"2024-11-10T07:52:01+00:00\" \/>\n<meta property=\"og:image\" content=\"https:\/\/www.werbewoche.ch\/wp-content\/uploads\/2024\/06\/Swiss-Marketing-Praesident-Vorstand.jpg\" \/>\n<meta name=\"author\" content=\"galledia\" \/>\n<meta name=\"twitter:card\" content=\"summary_large_image\" \/>\n<meta name=\"twitter:creator\" content=\"@admin\" \/>\n<script type=\"application\/ld+json\" class=\"yoast-schema-graph\">{\"@context\":\"https:\\\/\\\/schema.org\",\"@graph\":[{\"@type\":\"Article\",\"@id\":\"https:\\\/\\\/www.organisator.ch\\\/marketing\\\/2024-07-01\\\/neuer-praesident-und-neuer-vorstand-fuer-swiss-marketing\\\/#article\",\"isPartOf\":{\"@id\":\"https:\\\/\\\/www.organisator.ch\\\/marketing\\\/2024-07-01\\\/neuer-praesident-und-neuer-vorstand-fuer-swiss-marketing\\\/\"},\"author\":{\"name\":\"galledia\",\"@id\":\"https:\\\/\\\/www.organisator.ch\\\/#\\\/schema\\\/person\\\/4e51799071cd2dd1232ac003643ef5f0\"},\"headline\":\"Neuer Pr\u00e4sident und neuer Vorstand f\u00fcr Swiss Marketing\",\"datePublished\":\"2024-07-01T00:46:08+00:00\",\"dateModified\":\"2024-11-10T07:52:01+00:00\",\"mainEntityOfPage\":{\"@id\":\"https:\\\/\\\/www.organisator.ch\\\/marketing\\\/2024-07-01\\\/neuer-praesident-und-neuer-vorstand-fuer-swiss-marketing\\\/\"},\"wordCount\":288,\"publisher\":{\"@id\":\"https:\\\/\\\/www.organisator.ch\\\/#organization\"},\"image\":{\"@id\":\"https:\\\/\\\/www.organisator.ch\\\/marketing\\\/2024-07-01\\\/neuer-praesident-und-neuer-vorstand-fuer-swiss-marketing\\\/#primaryimage\"},\"thumbnailUrl\":\"https:\\\/\\\/www.werbewoche.ch\\\/wp-content\\\/uploads\\\/2024\\\/06\\\/Swiss-Marketing-Praesident-Vorstand.jpg\",\"keywords\":[\"Marketing\",\"Swiss Marketing\"],\"articleSection\":[\"MARKETING\"],\"inLanguage\":\"fr-FR\"},{\"@type\":\"WebPage\",\"@id\":\"https:\\\/\\\/www.organisator.ch\\\/marketing\\\/2024-07-01\\\/neuer-praesident-und-neuer-vorstand-fuer-swiss-marketing\\\/\",\"url\":\"https:\\\/\\\/www.organisator.ch\\\/marketing\\\/2024-07-01\\\/neuer-praesident-und-neuer-vorstand-fuer-swiss-marketing\\\/\",\"name\":\"Neuer Pr\u00e4sident und neuer Vorstand f\u00fcr Swiss Marketing - Organisator\",\"isPartOf\":{\"@id\":\"https:\\\/\\\/www.organisator.ch\\\/#website\"},\"primaryImageOfPage\":{\"@id\":\"https:\\\/\\\/www.organisator.ch\\\/marketing\\\/2024-07-01\\\/neuer-praesident-und-neuer-vorstand-fuer-swiss-marketing\\\/#primaryimage\"},\"image\":{\"@id\":\"https:\\\/\\\/www.organisator.ch\\\/marketing\\\/2024-07-01\\\/neuer-praesident-und-neuer-vorstand-fuer-swiss-marketing\\\/#primaryimage\"},\"thumbnailUrl\":\"https:\\\/\\\/www.werbewoche.ch\\\/wp-content\\\/uploads\\\/2024\\\/06\\\/Swiss-Marketing-Praesident-Vorstand.jpg\",\"datePublished\":\"2024-07-01T00:46:08+00:00\",\"dateModified\":\"2024-11-10T07:52:01+00:00\",\"description\":\"Swiss Marketing w\u00e4hlt neuen Vorstand: Chris Pozzoli Pr\u00e4sident, Jan Maurer Gesch\u00e4ftsf\u00fchrer. Fokus auf einheitliche Organisation.\",\"breadcrumb\":{\"@id\":\"https:\\\/\\\/www.organisator.ch\\\/marketing\\\/2024-07-01\\\/neuer-praesident-und-neuer-vorstand-fuer-swiss-marketing\\\/#breadcrumb\"},\"inLanguage\":\"fr-FR\",\"potentialAction\":[{\"@type\":\"ReadAction\",\"target\":[\"https:\\\/\\\/www.organisator.ch\\\/marketing\\\/2024-07-01\\\/neuer-praesident-und-neuer-vorstand-fuer-swiss-marketing\\\/\"]}]},{\"@type\":\"ImageObject\",\"inLanguage\":\"fr-FR\",\"@id\":\"https:\\\/\\\/www.organisator.ch\\\/marketing\\\/2024-07-01\\\/neuer-praesident-und-neuer-vorstand-fuer-swiss-marketing\\\/#primaryimage\",\"url\":\"https:\\\/\\\/www.werbewoche.ch\\\/wp-content\\\/uploads\\\/2024\\\/06\\\/Swiss-Marketing-Praesident-Vorstand.jpg\",\"contentUrl\":\"https:\\\/\\\/www.werbewoche.ch\\\/wp-content\\\/uploads\\\/2024\\\/06\\\/Swiss-Marketing-Praesident-Vorstand.jpg\"},{\"@type\":\"BreadcrumbList\",\"@id\":\"https:\\\/\\\/www.organisator.ch\\\/marketing\\\/2024-07-01\\\/neuer-praesident-und-neuer-vorstand-fuer-swiss-marketing\\\/#breadcrumb\",\"itemListElement\":[{\"@type\":\"ListItem\",\"position\":1,\"name\":\"Home\",\"item\":\"https:\\\/\\\/www.organisator.ch\\\/\"},{\"@type\":\"ListItem\",\"position\":2,\"name\":\"Neuer Pr\u00e4sident und neuer Vorstand f\u00fcr Swiss Marketing\"}]},{\"@type\":\"WebSite\",\"@id\":\"https:\\\/\\\/www.organisator.ch\\\/#website\",\"url\":\"https:\\\/\\\/www.organisator.ch\\\/\",\"name\":\"Organisator\",\"description\":\"Kompetent. Praxisnah. Der ORGANISATOR bereitet in 10 Ausgaben pro Jahr die wesentlichen Themen f\u00fcr F\u00fchrungskr\u00e4fte von KMU auf.\",\"publisher\":{\"@id\":\"https:\\\/\\\/www.organisator.ch\\\/#organization\"},\"potentialAction\":[{\"@type\":\"SearchAction\",\"target\":{\"@type\":\"EntryPoint\",\"urlTemplate\":\"https:\\\/\\\/www.organisator.ch\\\/?s={search_term_string}\"},\"query-input\":{\"@type\":\"PropertyValueSpecification\",\"valueRequired\":true,\"valueName\":\"search_term_string\"}}],\"inLanguage\":\"fr-FR\"},{\"@type\":\"Organization\",\"@id\":\"https:\\\/\\\/www.organisator.ch\\\/#organization\",\"name\":\"Organisator\",\"url\":\"https:\\\/\\\/www.organisator.ch\\\/\",\"logo\":{\"@type\":\"ImageObject\",\"inLanguage\":\"fr-FR\",\"@id\":\"https:\\\/\\\/www.organisator.ch\\\/#\\\/schema\\\/logo\\\/image\\\/\",\"url\":\"https:\\\/\\\/www.organisator.ch\\\/wp-content\\\/uploads\\\/2022\\\/01\\\/Logo_Organisator_Website.png\",\"contentUrl\":\"https:\\\/\\\/www.organisator.ch\\\/wp-content\\\/uploads\\\/2022\\\/01\\\/Logo_Organisator_Website.png\",\"width\":800,\"height\":77,\"caption\":\"Organisator\"},\"image\":{\"@id\":\"https:\\\/\\\/www.organisator.ch\\\/#\\\/schema\\\/logo\\\/image\\\/\"},\"sameAs\":[\"https:\\\/\\\/www.facebook.com\\\/OrganisatorFachmagazin\",\"https:\\\/\\\/www.linkedin.com\\\/showcase\\\/organisator-das-magazin-fr-kmu\",\"https:\\\/\\\/www.xing.com\\\/news\\\/pages\\\/organisator-ch-695\",\"https:\\\/\\\/www.youtube.com\\\/channel\\\/UCGP2Sq0iWaZwT3BdIAQFYpw\"]},{\"@type\":\"Person\",\"@id\":\"https:\\\/\\\/www.organisator.ch\\\/#\\\/schema\\\/person\\\/4e51799071cd2dd1232ac003643ef5f0\",\"name\":\"galledia\",\"image\":{\"@type\":\"ImageObject\",\"inLanguage\":\"fr-FR\",\"@id\":\"https:\\\/\\\/secure.gravatar.com\\\/avatar\\\/78a7f90c01fc2bfc875782a0d4922b37cde2cf184ce347b91316d23cd7f69a36?s=96&d=mm&r=g\",\"url\":\"https:\\\/\\\/secure.gravatar.com\\\/avatar\\\/78a7f90c01fc2bfc875782a0d4922b37cde2cf184ce347b91316d23cd7f69a36?s=96&d=mm&r=g\",\"contentUrl\":\"https:\\\/\\\/secure.gravatar.com\\\/avatar\\\/78a7f90c01fc2bfc875782a0d4922b37cde2cf184ce347b91316d23cd7f69a36?s=96&d=mm&r=g\",\"caption\":\"galledia\"},\"sameAs\":[\"https:\\\/\\\/x.com\\\/admin\"],\"url\":\"https:\\\/\\\/www.organisator.ch\\\/fr\\\/author\\\/galledia\\\/\"}]}<\/script>\n<!-- \/ Yoast SEO plugin. -->","yoast_head_json":{"title":"Nouveau pr\u00e9sident et nouveau comit\u00e9 pour Swiss Marketing - Organisateur","description":"Swiss Marketing \u00e9lit un nouveau comit\u00e9 : Chris Pozzoli pr\u00e9sident, Jan Maurer directeur. Focalisation sur une organisation unifi\u00e9e.","robots":{"index":"index","follow":"follow","max-snippet":"max-snippet:-1","max-image-preview":"max-image-preview:large","max-video-preview":"max-video-preview:-1"},"canonical":"https:\/\/www.organisator.ch\/fr\/marketing\/2024-07-01\/neuer-praesident-und-neuer-vorstand-fuer-swiss-marketing\/","og_locale":"fr_FR","og_type":"article","og_title":"Neuer Pr\u00e4sident und neuer Vorstand f\u00fcr Swiss Marketing - Organisator","og_description":"Swiss Marketing w\u00e4hlt neuen Vorstand: Chris Pozzoli Pr\u00e4sident, Jan Maurer Gesch\u00e4ftsf\u00fchrer. Fokus auf einheitliche Organisation.","og_url":"https:\/\/www.organisator.ch\/fr\/marketing\/2024-07-01\/neuer-praesident-und-neuer-vorstand-fuer-swiss-marketing\/","og_site_name":"Organisator","article_publisher":"https:\/\/www.facebook.com\/OrganisatorFachmagazin","article_published_time":"2024-07-01T00:46:08+00:00","article_modified_time":"2024-11-10T07:52:01+00:00","og_image":[{"url":"https:\/\/www.werbewoche.ch\/wp-content\/uploads\/2024\/06\/Swiss-Marketing-Praesident-Vorstand.jpg","type":"","width":"","height":""}],"author":"galledia","twitter_card":"summary_large_image","twitter_creator":"@admin","schema":{"@context":"https:\/\/schema.org","@graph":[{"@type":"Article","@id":"https:\/\/www.organisator.ch\/marketing\/2024-07-01\/neuer-praesident-und-neuer-vorstand-fuer-swiss-marketing\/#article","isPartOf":{"@id":"https:\/\/www.organisator.ch\/marketing\/2024-07-01\/neuer-praesident-und-neuer-vorstand-fuer-swiss-marketing\/"},"author":{"name":"galledia","@id":"https:\/\/www.organisator.ch\/#\/schema\/person\/4e51799071cd2dd1232ac003643ef5f0"},"headline":"Neuer Pr\u00e4sident und neuer Vorstand f\u00fcr Swiss Marketing","datePublished":"2024-07-01T00:46:08+00:00","dateModified":"2024-11-10T07:52:01+00:00","mainEntityOfPage":{"@id":"https:\/\/www.organisator.ch\/marketing\/2024-07-01\/neuer-praesident-und-neuer-vorstand-fuer-swiss-marketing\/"},"wordCount":288,"publisher":{"@id":"https:\/\/www.organisator.ch\/#organization"},"image":{"@id":"https:\/\/www.organisator.ch\/marketing\/2024-07-01\/neuer-praesident-und-neuer-vorstand-fuer-swiss-marketing\/#primaryimage"},"thumbnailUrl":"https:\/\/www.werbewoche.ch\/wp-content\/uploads\/2024\/06\/Swiss-Marketing-Praesident-Vorstand.jpg","keywords":["Marketing","Swiss Marketing"],"articleSection":["MARKETING"],"inLanguage":"fr-FR"},{"@type":"WebPage","@id":"https:\/\/www.organisator.ch\/marketing\/2024-07-01\/neuer-praesident-und-neuer-vorstand-fuer-swiss-marketing\/","url":"https:\/\/www.organisator.ch\/marketing\/2024-07-01\/neuer-praesident-und-neuer-vorstand-fuer-swiss-marketing\/","name":"Nouveau pr\u00e9sident et nouveau comit\u00e9 pour Swiss Marketing - Organisateur","isPartOf":{"@id":"https:\/\/www.organisator.ch\/#website"},"primaryImageOfPage":{"@id":"https:\/\/www.organisator.ch\/marketing\/2024-07-01\/neuer-praesident-und-neuer-vorstand-fuer-swiss-marketing\/#primaryimage"},"image":{"@id":"https:\/\/www.organisator.ch\/marketing\/2024-07-01\/neuer-praesident-und-neuer-vorstand-fuer-swiss-marketing\/#primaryimage"},"thumbnailUrl":"https:\/\/www.werbewoche.ch\/wp-content\/uploads\/2024\/06\/Swiss-Marketing-Praesident-Vorstand.jpg","datePublished":"2024-07-01T00:46:08+00:00","dateModified":"2024-11-10T07:52:01+00:00","description":"Swiss Marketing \u00e9lit un nouveau comit\u00e9 : Chris Pozzoli pr\u00e9sident, Jan Maurer directeur. Focalisation sur une organisation unifi\u00e9e.","breadcrumb":{"@id":"https:\/\/www.organisator.ch\/marketing\/2024-07-01\/neuer-praesident-und-neuer-vorstand-fuer-swiss-marketing\/#breadcrumb"},"inLanguage":"fr-FR","potentialAction":[{"@type":"ReadAction","target":["https:\/\/www.organisator.ch\/marketing\/2024-07-01\/neuer-praesident-und-neuer-vorstand-fuer-swiss-marketing\/"]}]},{"@type":"ImageObject","inLanguage":"fr-FR","@id":"https:\/\/www.organisator.ch\/marketing\/2024-07-01\/neuer-praesident-und-neuer-vorstand-fuer-swiss-marketing\/#primaryimage","url":"https:\/\/www.werbewoche.ch\/wp-content\/uploads\/2024\/06\/Swiss-Marketing-Praesident-Vorstand.jpg","contentUrl":"https:\/\/www.werbewoche.ch\/wp-content\/uploads\/2024\/06\/Swiss-Marketing-Praesident-Vorstand.jpg"},{"@type":"BreadcrumbList","@id":"https:\/\/www.organisator.ch\/marketing\/2024-07-01\/neuer-praesident-und-neuer-vorstand-fuer-swiss-marketing\/#breadcrumb","itemListElement":[{"@type":"ListItem","position":1,"name":"Home","item":"https:\/\/www.organisator.ch\/"},{"@type":"ListItem","position":2,"name":"Neuer Pr\u00e4sident und neuer Vorstand f\u00fcr Swiss Marketing"}]},{"@type":"WebSite","@id":"https:\/\/www.organisator.ch\/#website","url":"https:\/\/www.organisator.ch\/","name":"Organisateur","description":"Comp\u00e9tence et comp\u00e9tence. Proches de la pratique. L'ORGANISATEUR pr\u00e9pare 10 num\u00e9ros par an sur les th\u00e8mes essentiels pour les dirigeants de PME.","publisher":{"@id":"https:\/\/www.organisator.ch\/#organization"},"potentialAction":[{"@type":"SearchAction","target":{"@type":"EntryPoint","urlTemplate":"https:\/\/www.organisator.ch\/?s={search_term_string}"},"query-input":{"@type":"PropertyValueSpecification","valueRequired":true,"valueName":"search_term_string"}}],"inLanguage":"fr-FR"},{"@type":"Organization","@id":"https:\/\/www.organisator.ch\/#organization","name":"Organisateur","url":"https:\/\/www.organisator.ch\/","logo":{"@type":"ImageObject","inLanguage":"fr-FR","@id":"https:\/\/www.organisator.ch\/#\/schema\/logo\/image\/","url":"https:\/\/www.organisator.ch\/wp-content\/uploads\/2022\/01\/Logo_Organisator_Website.png","contentUrl":"https:\/\/www.organisator.ch\/wp-content\/uploads\/2022\/01\/Logo_Organisator_Website.png","width":800,"height":77,"caption":"Organisator"},"image":{"@id":"https:\/\/www.organisator.ch\/#\/schema\/logo\/image\/"},"sameAs":["https:\/\/www.facebook.com\/OrganisatorFachmagazin","https:\/\/www.linkedin.com\/showcase\/organisator-das-magazin-fr-kmu","https:\/\/www.xing.com\/news\/pages\/organisator-ch-695","https:\/\/www.youtube.com\/channel\/UCGP2Sq0iWaZwT3BdIAQFYpw"]},{"@type":"Person","@id":"https:\/\/www.organisator.ch\/#\/schema\/person\/4e51799071cd2dd1232ac003643ef5f0","name":"galledia","image":{"@type":"ImageObject","inLanguage":"fr-FR","@id":"https:\/\/secure.gravatar.com\/avatar\/78a7f90c01fc2bfc875782a0d4922b37cde2cf184ce347b91316d23cd7f69a36?s=96&d=mm&r=g","url":"https:\/\/secure.gravatar.com\/avatar\/78a7f90c01fc2bfc875782a0d4922b37cde2cf184ce347b91316d23cd7f69a36?s=96&d=mm&r=g","contentUrl":"https:\/\/secure.gravatar.com\/avatar\/78a7f90c01fc2bfc875782a0d4922b37cde2cf184ce347b91316d23cd7f69a36?s=96&d=mm&r=g","caption":"galledia"},"sameAs":["https:\/\/x.com\/admin"],"url":"https:\/\/www.organisator.ch\/fr\/author\/galledia\/"}]}},"_links":{"self":[{"href":"https:\/\/www.organisator.ch\/fr\/wp-json\/wp\/v2\/posts\/28124","targetHints":{"allow":["GET"]}}],"collection":[{"href":"https:\/\/www.organisator.ch\/fr\/wp-json\/wp\/v2\/posts"}],"about":[{"href":"https:\/\/www.organisator.ch\/fr\/wp-json\/wp\/v2\/types\/post"}],"author":[{"embeddable":true,"href":"https:\/\/www.organisator.ch\/fr\/wp-json\/wp\/v2\/users\/8"}],"replies":[{"embeddable":true,"href":"https:\/\/www.organisator.ch\/fr\/wp-json\/wp\/v2\/comments?post=28124"}],"version-history":[{"count":6,"href":"https:\/\/www.organisator.ch\/fr\/wp-json\/wp\/v2\/posts\/28124\/revisions"}],"predecessor-version":[{"id":32144,"href":"https:\/\/www.organisator.ch\/fr\/wp-json\/wp\/v2\/posts\/28124\/revisions\/32144"}],"wp:attachment":[{"href":"https:\/\/www.organisator.ch\/fr\/wp-json\/wp\/v2\/media?parent=28124"}],"wp:term":[{"taxonomy":"category","embeddable":true,"href":"https:\/\/www.organisator.ch\/fr\/wp-json\/wp\/v2\/categories?post=28124"},{"taxonomy":"post_tag","embeddable":true,"href":"https:\/\/www.organisator.ch\/fr\/wp-json\/wp\/v2\/tags?post=28124"}],"curies":[{"name":"wp","href":"https:\/\/api.w.org\/{rel}","templated":true}]}}