{"id":28176,"date":"2024-07-02T09:14:42","date_gmt":"2024-07-02T07:14:42","guid":{"rendered":"https:\/\/www.organisator.ch\/?p=28176"},"modified":"2024-07-02T09:15:40","modified_gmt":"2024-07-02T07:15:40","slug":"__trashed","status":"publish","type":"post","link":"https:\/\/www.organisator.ch\/fr\/sustainability\/2024-07-02\/__trashed\/","title":{"rendered":"Une nouveaut\u00e9 mondiale \u00e0 l'hydrog\u00e8ne pr\u00e9sent\u00e9e \u00e0 Lenzbourg"},"content":{"rendered":"<figure id=\"attachment_28177\" aria-describedby=\"caption-attachment-28177\" style=\"width: 680px\" class=\"wp-caption alignnone\"><img loading=\"lazy\" decoding=\"async\" class=\"size-full wp-image-28177\" src=\"https:\/\/www.organisator.ch\/wp-content\/uploads\/2024\/07\/Regierungsrat-Aargau-pro-Wasserstoff_Bild1_ps.jpg\" alt=\"\" width=\"680\" height=\"626\" \/><figcaption id=\"caption-attachment-28177\" class=\"wp-caption-text\">(de g. \u00e0 d.) : Daniel Mosimann, le conseiller d'Etat Dieter Egli, la conseill\u00e8re nationale Maya Bally, Dr. Hans-Michael Kellner. (Image : www.messer.ch)<\/figcaption><\/figure>\n<p>La station-service \u00e0 hydrog\u00e8ne de Lenzbourg a \u00e9t\u00e9 approuv\u00e9e par les autorit\u00e9s et est pr\u00eate \u00e0 \u00eatre commercialis\u00e9e. Elle se distingue par son fonctionnement sans bruit ni vibration, ce qui permet de l'utiliser \u00e9galement dans des zones r\u00e9sidentielles. Un compresseur avec r\u00e9cup\u00e9ration de chaleur, d\u00e9velopp\u00e9 par GRZ Technologies, un spin off de l'EPFL, rend le ravitaillement particuli\u00e8rement efficace et \u00e9conome en ressources, sans consommation d'\u00e9lectricit\u00e9 suppl\u00e9mentaire, ce qui a un effet positif sur le prix de l'hydrog\u00e8ne. Particuli\u00e8rement flexible dans le choix du site, l'installation ne n\u00e9cessite pas de b\u00e2timent propre ni d'insonorisation suppl\u00e9mentaire.<\/p>\n<p>\"Notre installation unique au monde marque une \u00e9tape importante dans le d\u00e9veloppement d'une mobilit\u00e9 \u00e9cologique et durable et souligne le r\u00f4le de pionnier du canton d'Argovie dans le domaine des technologies de l'hydrog\u00e8ne\", explique le Dr Hans M. Kellner, CEO de Messer Schweiz AG. La pr\u00e9sentation de cette station-service \u00e0 hydrog\u00e8ne ne renforce pas seulement de mani\u00e8re d\u00e9cisive l'infrastructure pour la mobilit\u00e9 \u00e0 l'hydrog\u00e8ne en Suisse, mais favorise \u00e9galement l'acceptation et la diffusion des v\u00e9hicules \u00e0 hydrog\u00e8ne. Cela soutient activement la Suisse dans la r\u00e9alisation de ses objectifs climatiques ambitieux.<\/p>\n<p>Des entrepreneurs ayant d\u00e9j\u00e0 manifest\u00e9 leur int\u00e9r\u00eat pour l'utilisation de cette technologie innovante de station-service ont particip\u00e9 \u00e0 l'\u00e9v\u00e9nement. Parmi eux se trouvait l'exploitant des cars postaux de la r\u00e9gion de Brugg. Des repr\u00e9sentants du gouvernement, du Conseil national et de la commune ainsi que des chercheurs \u00e9taient \u00e9galement pr\u00e9sents afin de souligner l'importance de cette innovation pour la transition \u00e9nerg\u00e9tique suisse.<\/p>\n<p><em>Source : <a href=\"http:\/\/www.messer.ch\">www.messer.ch<\/a><\/em><\/p>","protected":false},"excerpt":{"rendered":"<p>Le 1er juillet 2024, Messer Schweiz AG a pr\u00e9sent\u00e9 une innovation pionni\u00e8re dans le domaine de la technologie de l'hydrog\u00e8ne : une station-service \u00e0 hydrog\u00e8ne d'un nouveau genre, qui \u00e9tablit de nouveaux standards dans le monde entier. La pr\u00e9sentation a eu lieu \u00e0 Lenzbourg devant un parterre de politiciens, d'acteurs \u00e9conomiques et de m\u00e9dias et marque une avanc\u00e9e significative vers la mobilit\u00e9 durable.<\/p>","protected":false},"author":58,"featured_media":28177,"comment_status":"closed","ping_status":"closed","sticky":false,"template":"","format":"standard","meta":{"_acf_changed":false,"_yoast_wpseo_focuskw":"Wasserstoff-Tankstelle","_yoast_wpseo_metadesc":"Die Messer Schweiz AG pr\u00e4sentierte am 1. Juli 2024 eine wegweisende Innovation im Bereich der Wasserstofftechnologie.","articlekey":"","footnotes":""},"categories":[580],"tags":[424,2246,492,2524],"class_list":["post-28176","post","type-post","status-publish","format-standard","has-post-thumbnail","hentry","category-sustainability","tag-schweiz","tag-sustainability","tag-unternehmen","tag-wasserstoff"],"acf":[],"yoast_head":"<!-- This site is optimized with the Yoast SEO plugin v27.4 - https:\/\/yoast.com\/product\/yoast-seo-wordpress\/ -->\n<title>Wasserstoff-Weltneuheit in Lenzburg vorgestellt - Organisator<\/title>\n<meta name=\"description\" content=\"Die Messer Schweiz AG pr\u00e4sentierte am 1. Juli 2024 eine wegweisende Innovation im Bereich der Wasserstofftechnologie.\" \/>\n<meta name=\"robots\" content=\"index, follow, max-snippet:-1, max-image-preview:large, max-video-preview:-1\" \/>\n<link rel=\"canonical\" href=\"https:\/\/www.organisator.ch\/fr\/sustainability\/2024-07-02\/__trashed\/\" \/>\n<meta property=\"og:locale\" content=\"fr_FR\" \/>\n<meta property=\"og:type\" content=\"article\" \/>\n<meta property=\"og:title\" content=\"Wasserstoff-Weltneuheit in Lenzburg vorgestellt\" \/>\n<meta property=\"og:description\" content=\"Die Messer Schweiz AG pr\u00e4sentierte am 1. Juli 2024 eine wegweisende Innovation im Bereich der Wasserstofftechnologie.\" \/>\n<meta property=\"og:url\" content=\"https:\/\/www.organisator.ch\/fr\/sustainability\/2024-07-02\/__trashed\/\" \/>\n<meta property=\"og:site_name\" content=\"Organisator\" \/>\n<meta property=\"article:publisher\" content=\"https:\/\/www.facebook.com\/OrganisatorFachmagazin\" \/>\n<meta property=\"article:published_time\" content=\"2024-07-02T07:14:42+00:00\" \/>\n<meta property=\"article:modified_time\" content=\"2024-07-02T07:15:40+00:00\" \/>\n<meta property=\"og:image\" content=\"https:\/\/www.organisator.ch\/wp-content\/uploads\/2024\/07\/Regierungsrat-Aargau-pro-Wasserstoff_Bild1_ps.jpg\" \/>\n\t<meta property=\"og:image:width\" content=\"680\" \/>\n\t<meta property=\"og:image:height\" content=\"626\" \/>\n\t<meta property=\"og:image:type\" content=\"image\/jpeg\" \/>\n<meta name=\"author\" content=\"Adelisa Kalajdzini\" \/>\n<meta name=\"twitter:card\" content=\"summary_large_image\" \/>\n<meta name=\"twitter:title\" content=\"Wasserstoff-Weltneuheit in Lenzburg vorgestellt\" \/>\n<meta name=\"twitter:description\" content=\"Die #Messer #Schweiz AG pr\u00e4sentierte am 1. Juli 2024 eine wegweisende #Innovation im Bereich der #Wasserstofftechnologie.\" \/>\n<meta name=\"twitter:image\" content=\"https:\/\/www.organisator.ch\/wp-content\/uploads\/2024\/07\/Regierungsrat-Aargau-pro-Wasserstoff_Bild1_ps-e1719904626177.jpg\" \/>\n<script type=\"application\/ld+json\" class=\"yoast-schema-graph\">{\"@context\":\"https:\\\/\\\/schema.org\",\"@graph\":[{\"@type\":\"Article\",\"@id\":\"https:\\\/\\\/www.organisator.ch\\\/sustainability\\\/2024-07-02\\\/__trashed\\\/#article\",\"isPartOf\":{\"@id\":\"https:\\\/\\\/www.organisator.ch\\\/sustainability\\\/2024-07-02\\\/__trashed\\\/\"},\"author\":{\"name\":\"Adelisa Kalajdzini\",\"@id\":\"https:\\\/\\\/www.organisator.ch\\\/#\\\/schema\\\/person\\\/2e1314a2172123f874db408d8911d3f3\"},\"headline\":\"Wasserstoff-Weltneuheit in Lenzburg vorgestellt\",\"datePublished\":\"2024-07-02T07:14:42+00:00\",\"dateModified\":\"2024-07-02T07:15:40+00:00\",\"mainEntityOfPage\":{\"@id\":\"https:\\\/\\\/www.organisator.ch\\\/sustainability\\\/2024-07-02\\\/__trashed\\\/\"},\"wordCount\":243,\"publisher\":{\"@id\":\"https:\\\/\\\/www.organisator.ch\\\/#organization\"},\"image\":{\"@id\":\"https:\\\/\\\/www.organisator.ch\\\/sustainability\\\/2024-07-02\\\/__trashed\\\/#primaryimage\"},\"thumbnailUrl\":\"https:\\\/\\\/www.organisator.ch\\\/wp-content\\\/uploads\\\/2024\\\/07\\\/Regierungsrat-Aargau-pro-Wasserstoff_Bild1_ps-e1719904626177.jpg\",\"keywords\":[\"Schweiz\",\"Sustainability\",\"Unternehmen\",\"Wasserstoff\"],\"articleSection\":[\"SUSTAINABILITY\"],\"inLanguage\":\"fr-FR\"},{\"@type\":\"WebPage\",\"@id\":\"https:\\\/\\\/www.organisator.ch\\\/sustainability\\\/2024-07-02\\\/__trashed\\\/\",\"url\":\"https:\\\/\\\/www.organisator.ch\\\/sustainability\\\/2024-07-02\\\/__trashed\\\/\",\"name\":\"Wasserstoff-Weltneuheit in Lenzburg vorgestellt - Organisator\",\"isPartOf\":{\"@id\":\"https:\\\/\\\/www.organisator.ch\\\/#website\"},\"primaryImageOfPage\":{\"@id\":\"https:\\\/\\\/www.organisator.ch\\\/sustainability\\\/2024-07-02\\\/__trashed\\\/#primaryimage\"},\"image\":{\"@id\":\"https:\\\/\\\/www.organisator.ch\\\/sustainability\\\/2024-07-02\\\/__trashed\\\/#primaryimage\"},\"thumbnailUrl\":\"https:\\\/\\\/www.organisator.ch\\\/wp-content\\\/uploads\\\/2024\\\/07\\\/Regierungsrat-Aargau-pro-Wasserstoff_Bild1_ps-e1719904626177.jpg\",\"datePublished\":\"2024-07-02T07:14:42+00:00\",\"dateModified\":\"2024-07-02T07:15:40+00:00\",\"description\":\"Die Messer Schweiz AG pr\u00e4sentierte am 1. Juli 2024 eine wegweisende Innovation im Bereich der Wasserstofftechnologie.\",\"breadcrumb\":{\"@id\":\"https:\\\/\\\/www.organisator.ch\\\/sustainability\\\/2024-07-02\\\/__trashed\\\/#breadcrumb\"},\"inLanguage\":\"fr-FR\",\"potentialAction\":[{\"@type\":\"ReadAction\",\"target\":[\"https:\\\/\\\/www.organisator.ch\\\/sustainability\\\/2024-07-02\\\/__trashed\\\/\"]}]},{\"@type\":\"ImageObject\",\"inLanguage\":\"fr-FR\",\"@id\":\"https:\\\/\\\/www.organisator.ch\\\/sustainability\\\/2024-07-02\\\/__trashed\\\/#primaryimage\",\"url\":\"https:\\\/\\\/www.organisator.ch\\\/wp-content\\\/uploads\\\/2024\\\/07\\\/Regierungsrat-Aargau-pro-Wasserstoff_Bild1_ps-e1719904626177.jpg\",\"contentUrl\":\"https:\\\/\\\/www.organisator.ch\\\/wp-content\\\/uploads\\\/2024\\\/07\\\/Regierungsrat-Aargau-pro-Wasserstoff_Bild1_ps-e1719904626177.jpg\",\"width\":667,\"height\":550,\"caption\":\"(v.l.n.r.): Daniel Mosimann, Regierungsrat Dieter Egli, Nationalr\u00e4tin Maya Bally, Dr. Hans-Michael Kellner. (Bild: www.messer.ch)\"},{\"@type\":\"BreadcrumbList\",\"@id\":\"https:\\\/\\\/www.organisator.ch\\\/sustainability\\\/2024-07-02\\\/__trashed\\\/#breadcrumb\",\"itemListElement\":[{\"@type\":\"ListItem\",\"position\":1,\"name\":\"Home\",\"item\":\"https:\\\/\\\/www.organisator.ch\\\/\"},{\"@type\":\"ListItem\",\"position\":2,\"name\":\"Wasserstoff-Weltneuheit in Lenzburg vorgestellt\"}]},{\"@type\":\"WebSite\",\"@id\":\"https:\\\/\\\/www.organisator.ch\\\/#website\",\"url\":\"https:\\\/\\\/www.organisator.ch\\\/\",\"name\":\"Organisator\",\"description\":\"Kompetent. Praxisnah. Der ORGANISATOR bereitet in 10 Ausgaben pro Jahr die wesentlichen Themen f\u00fcr F\u00fchrungskr\u00e4fte von KMU auf.\",\"publisher\":{\"@id\":\"https:\\\/\\\/www.organisator.ch\\\/#organization\"},\"potentialAction\":[{\"@type\":\"SearchAction\",\"target\":{\"@type\":\"EntryPoint\",\"urlTemplate\":\"https:\\\/\\\/www.organisator.ch\\\/?s={search_term_string}\"},\"query-input\":{\"@type\":\"PropertyValueSpecification\",\"valueRequired\":true,\"valueName\":\"search_term_string\"}}],\"inLanguage\":\"fr-FR\"},{\"@type\":\"Organization\",\"@id\":\"https:\\\/\\\/www.organisator.ch\\\/#organization\",\"name\":\"Organisator\",\"url\":\"https:\\\/\\\/www.organisator.ch\\\/\",\"logo\":{\"@type\":\"ImageObject\",\"inLanguage\":\"fr-FR\",\"@id\":\"https:\\\/\\\/www.organisator.ch\\\/#\\\/schema\\\/logo\\\/image\\\/\",\"url\":\"https:\\\/\\\/www.organisator.ch\\\/wp-content\\\/uploads\\\/2022\\\/01\\\/Logo_Organisator_Website.png\",\"contentUrl\":\"https:\\\/\\\/www.organisator.ch\\\/wp-content\\\/uploads\\\/2022\\\/01\\\/Logo_Organisator_Website.png\",\"width\":800,\"height\":77,\"caption\":\"Organisator\"},\"image\":{\"@id\":\"https:\\\/\\\/www.organisator.ch\\\/#\\\/schema\\\/logo\\\/image\\\/\"},\"sameAs\":[\"https:\\\/\\\/www.facebook.com\\\/OrganisatorFachmagazin\",\"https:\\\/\\\/www.linkedin.com\\\/showcase\\\/organisator-das-magazin-fr-kmu\",\"https:\\\/\\\/www.xing.com\\\/news\\\/pages\\\/organisator-ch-695\",\"https:\\\/\\\/www.youtube.com\\\/channel\\\/UCGP2Sq0iWaZwT3BdIAQFYpw\"]},{\"@type\":\"Person\",\"@id\":\"https:\\\/\\\/www.organisator.ch\\\/#\\\/schema\\\/person\\\/2e1314a2172123f874db408d8911d3f3\",\"name\":\"Adelisa Kalajdzini\",\"image\":{\"@type\":\"ImageObject\",\"inLanguage\":\"fr-FR\",\"@id\":\"https:\\\/\\\/secure.gravatar.com\\\/avatar\\\/09a397c22ac58cad6f160ee8306348599df9df58a8ede73696226897b9fa4b24?s=96&d=mm&r=g\",\"url\":\"https:\\\/\\\/secure.gravatar.com\\\/avatar\\\/09a397c22ac58cad6f160ee8306348599df9df58a8ede73696226897b9fa4b24?s=96&d=mm&r=g\",\"contentUrl\":\"https:\\\/\\\/secure.gravatar.com\\\/avatar\\\/09a397c22ac58cad6f160ee8306348599df9df58a8ede73696226897b9fa4b24?s=96&d=mm&r=g\",\"caption\":\"Adelisa Kalajdzini\"},\"url\":\"https:\\\/\\\/www.organisator.ch\\\/fr\\\/author\\\/adelisa-kalajdzini\\\/\"}]}<\/script>\n<!-- \/ Yoast SEO plugin. -->","yoast_head_json":{"title":"Une nouveaut\u00e9 mondiale \u00e0 l'hydrog\u00e8ne pr\u00e9sent\u00e9e \u00e0 Lenzbourg - Organisateur","description":"Le 1er juillet 2024, Messer Schweiz AG a pr\u00e9sent\u00e9 une innovation pionni\u00e8re dans le domaine de la technologie de l'hydrog\u00e8ne.","robots":{"index":"index","follow":"follow","max-snippet":"max-snippet:-1","max-image-preview":"max-image-preview:large","max-video-preview":"max-video-preview:-1"},"canonical":"https:\/\/www.organisator.ch\/fr\/sustainability\/2024-07-02\/__trashed\/","og_locale":"fr_FR","og_type":"article","og_title":"Wasserstoff-Weltneuheit in Lenzburg vorgestellt","og_description":"Die Messer Schweiz AG pr\u00e4sentierte am 1. Juli 2024 eine wegweisende Innovation im Bereich der Wasserstofftechnologie.","og_url":"https:\/\/www.organisator.ch\/fr\/sustainability\/2024-07-02\/__trashed\/","og_site_name":"Organisator","article_publisher":"https:\/\/www.facebook.com\/OrganisatorFachmagazin","article_published_time":"2024-07-02T07:14:42+00:00","article_modified_time":"2024-07-02T07:15:40+00:00","og_image":[{"width":680,"height":626,"url":"https:\/\/www.organisator.ch\/wp-content\/uploads\/2024\/07\/Regierungsrat-Aargau-pro-Wasserstoff_Bild1_ps.jpg","type":"image\/jpeg"}],"author":"Adelisa Kalajdzini","twitter_card":"summary_large_image","twitter_title":"Wasserstoff-Weltneuheit in Lenzburg vorgestellt","twitter_description":"Die #Messer #Schweiz AG pr\u00e4sentierte am 1. Juli 2024 eine wegweisende #Innovation im Bereich der #Wasserstofftechnologie.","twitter_image":"https:\/\/www.organisator.ch\/wp-content\/uploads\/2024\/07\/Regierungsrat-Aargau-pro-Wasserstoff_Bild1_ps-e1719904626177.jpg","schema":{"@context":"https:\/\/schema.org","@graph":[{"@type":"Article","@id":"https:\/\/www.organisator.ch\/sustainability\/2024-07-02\/__trashed\/#article","isPartOf":{"@id":"https:\/\/www.organisator.ch\/sustainability\/2024-07-02\/__trashed\/"},"author":{"name":"Adelisa Kalajdzini","@id":"https:\/\/www.organisator.ch\/#\/schema\/person\/2e1314a2172123f874db408d8911d3f3"},"headline":"Wasserstoff-Weltneuheit in Lenzburg vorgestellt","datePublished":"2024-07-02T07:14:42+00:00","dateModified":"2024-07-02T07:15:40+00:00","mainEntityOfPage":{"@id":"https:\/\/www.organisator.ch\/sustainability\/2024-07-02\/__trashed\/"},"wordCount":243,"publisher":{"@id":"https:\/\/www.organisator.ch\/#organization"},"image":{"@id":"https:\/\/www.organisator.ch\/sustainability\/2024-07-02\/__trashed\/#primaryimage"},"thumbnailUrl":"https:\/\/www.organisator.ch\/wp-content\/uploads\/2024\/07\/Regierungsrat-Aargau-pro-Wasserstoff_Bild1_ps-e1719904626177.jpg","keywords":["Schweiz","Sustainability","Unternehmen","Wasserstoff"],"articleSection":["SUSTAINABILITY"],"inLanguage":"fr-FR"},{"@type":"WebPage","@id":"https:\/\/www.organisator.ch\/sustainability\/2024-07-02\/__trashed\/","url":"https:\/\/www.organisator.ch\/sustainability\/2024-07-02\/__trashed\/","name":"Une nouveaut\u00e9 mondiale \u00e0 l'hydrog\u00e8ne pr\u00e9sent\u00e9e \u00e0 Lenzbourg - Organisateur","isPartOf":{"@id":"https:\/\/www.organisator.ch\/#website"},"primaryImageOfPage":{"@id":"https:\/\/www.organisator.ch\/sustainability\/2024-07-02\/__trashed\/#primaryimage"},"image":{"@id":"https:\/\/www.organisator.ch\/sustainability\/2024-07-02\/__trashed\/#primaryimage"},"thumbnailUrl":"https:\/\/www.organisator.ch\/wp-content\/uploads\/2024\/07\/Regierungsrat-Aargau-pro-Wasserstoff_Bild1_ps-e1719904626177.jpg","datePublished":"2024-07-02T07:14:42+00:00","dateModified":"2024-07-02T07:15:40+00:00","description":"Le 1er juillet 2024, Messer Schweiz AG a pr\u00e9sent\u00e9 une innovation pionni\u00e8re dans le domaine de la technologie de l'hydrog\u00e8ne.","breadcrumb":{"@id":"https:\/\/www.organisator.ch\/sustainability\/2024-07-02\/__trashed\/#breadcrumb"},"inLanguage":"fr-FR","potentialAction":[{"@type":"ReadAction","target":["https:\/\/www.organisator.ch\/sustainability\/2024-07-02\/__trashed\/"]}]},{"@type":"ImageObject","inLanguage":"fr-FR","@id":"https:\/\/www.organisator.ch\/sustainability\/2024-07-02\/__trashed\/#primaryimage","url":"https:\/\/www.organisator.ch\/wp-content\/uploads\/2024\/07\/Regierungsrat-Aargau-pro-Wasserstoff_Bild1_ps-e1719904626177.jpg","contentUrl":"https:\/\/www.organisator.ch\/wp-content\/uploads\/2024\/07\/Regierungsrat-Aargau-pro-Wasserstoff_Bild1_ps-e1719904626177.jpg","width":667,"height":550,"caption":"(v.l.n.r.): Daniel Mosimann, Regierungsrat Dieter Egli, Nationalr\u00e4tin Maya Bally, Dr. Hans-Michael Kellner. (Bild: www.messer.ch)"},{"@type":"BreadcrumbList","@id":"https:\/\/www.organisator.ch\/sustainability\/2024-07-02\/__trashed\/#breadcrumb","itemListElement":[{"@type":"ListItem","position":1,"name":"Home","item":"https:\/\/www.organisator.ch\/"},{"@type":"ListItem","position":2,"name":"Wasserstoff-Weltneuheit in Lenzburg vorgestellt"}]},{"@type":"WebSite","@id":"https:\/\/www.organisator.ch\/#website","url":"https:\/\/www.organisator.ch\/","name":"Organisateur","description":"Comp\u00e9tence et comp\u00e9tence. Proches de la pratique. L'ORGANISATEUR pr\u00e9pare 10 num\u00e9ros par an sur les th\u00e8mes essentiels pour les dirigeants de PME.","publisher":{"@id":"https:\/\/www.organisator.ch\/#organization"},"potentialAction":[{"@type":"SearchAction","target":{"@type":"EntryPoint","urlTemplate":"https:\/\/www.organisator.ch\/?s={search_term_string}"},"query-input":{"@type":"PropertyValueSpecification","valueRequired":true,"valueName":"search_term_string"}}],"inLanguage":"fr-FR"},{"@type":"Organization","@id":"https:\/\/www.organisator.ch\/#organization","name":"Organisateur","url":"https:\/\/www.organisator.ch\/","logo":{"@type":"ImageObject","inLanguage":"fr-FR","@id":"https:\/\/www.organisator.ch\/#\/schema\/logo\/image\/","url":"https:\/\/www.organisator.ch\/wp-content\/uploads\/2022\/01\/Logo_Organisator_Website.png","contentUrl":"https:\/\/www.organisator.ch\/wp-content\/uploads\/2022\/01\/Logo_Organisator_Website.png","width":800,"height":77,"caption":"Organisator"},"image":{"@id":"https:\/\/www.organisator.ch\/#\/schema\/logo\/image\/"},"sameAs":["https:\/\/www.facebook.com\/OrganisatorFachmagazin","https:\/\/www.linkedin.com\/showcase\/organisator-das-magazin-fr-kmu","https:\/\/www.xing.com\/news\/pages\/organisator-ch-695","https:\/\/www.youtube.com\/channel\/UCGP2Sq0iWaZwT3BdIAQFYpw"]},{"@type":"Person","@id":"https:\/\/www.organisator.ch\/#\/schema\/person\/2e1314a2172123f874db408d8911d3f3","name":"Adelisa Kalajdzini","image":{"@type":"ImageObject","inLanguage":"fr-FR","@id":"https:\/\/secure.gravatar.com\/avatar\/09a397c22ac58cad6f160ee8306348599df9df58a8ede73696226897b9fa4b24?s=96&d=mm&r=g","url":"https:\/\/secure.gravatar.com\/avatar\/09a397c22ac58cad6f160ee8306348599df9df58a8ede73696226897b9fa4b24?s=96&d=mm&r=g","contentUrl":"https:\/\/secure.gravatar.com\/avatar\/09a397c22ac58cad6f160ee8306348599df9df58a8ede73696226897b9fa4b24?s=96&d=mm&r=g","caption":"Adelisa Kalajdzini"},"url":"https:\/\/www.organisator.ch\/fr\/author\/adelisa-kalajdzini\/"}]}},"_links":{"self":[{"href":"https:\/\/www.organisator.ch\/fr\/wp-json\/wp\/v2\/posts\/28176","targetHints":{"allow":["GET"]}}],"collection":[{"href":"https:\/\/www.organisator.ch\/fr\/wp-json\/wp\/v2\/posts"}],"about":[{"href":"https:\/\/www.organisator.ch\/fr\/wp-json\/wp\/v2\/types\/post"}],"author":[{"embeddable":true,"href":"https:\/\/www.organisator.ch\/fr\/wp-json\/wp\/v2\/users\/58"}],"replies":[{"embeddable":true,"href":"https:\/\/www.organisator.ch\/fr\/wp-json\/wp\/v2\/comments?post=28176"}],"version-history":[{"count":5,"href":"https:\/\/www.organisator.ch\/fr\/wp-json\/wp\/v2\/posts\/28176\/revisions"}],"predecessor-version":[{"id":28179,"href":"https:\/\/www.organisator.ch\/fr\/wp-json\/wp\/v2\/posts\/28176\/revisions\/28179"}],"wp:featuredmedia":[{"embeddable":true,"href":"https:\/\/www.organisator.ch\/fr\/wp-json\/wp\/v2\/media\/28177"}],"wp:attachment":[{"href":"https:\/\/www.organisator.ch\/fr\/wp-json\/wp\/v2\/media?parent=28176"}],"wp:term":[{"taxonomy":"category","embeddable":true,"href":"https:\/\/www.organisator.ch\/fr\/wp-json\/wp\/v2\/categories?post=28176"},{"taxonomy":"post_tag","embeddable":true,"href":"https:\/\/www.organisator.ch\/fr\/wp-json\/wp\/v2\/tags?post=28176"}],"curies":[{"name":"wp","href":"https:\/\/api.w.org\/{rel}","templated":true}]}}