{"id":28184,"date":"2024-07-02T13:39:30","date_gmt":"2024-07-02T11:39:30","guid":{"rendered":"https:\/\/www.m-q.ch\/?p=19991"},"modified":"2024-11-10T08:16:49","modified_gmt":"2024-11-10T07:16:49","slug":"advact-ag-gruendet-schwesterunternehmen-pentryx-ag","status":"publish","type":"post","link":"https:\/\/www.organisator.ch\/fr\/operational-excellence\/2024-07-02\/advact-ag-gruendet-schwesterunternehmen-pentryx-ag\/","title":{"rendered":"Advact AG fonde une soci\u00e9t\u00e9 s\u0153ur, Pentryx AG"},"content":{"rendered":"<figure id=\"attachment_19993\" class=\"wp-caption alignnone\" style=\"width: 680px\" aria-describedby=\"caption-attachment-19993\"><img class=\"alignnone wp-image-19993 size-full\" src=\"https:\/\/www.m-q.ch\/wp-content\/uploads\/2024\/07\/CEOs-Advact-und-Pentryx_Bild1_ps.jpg\" alt=\"advact Test de p\u00e9n\u00e9tration \" width=\"680\" height=\"463\" \/>\r\n<figcaption id=\"caption-attachment-19993\" class=\"wp-caption-text\">(de g. \u00e0 d.) Marcel Oberli et Markus Helfer, co-CEOs advact AG, Anton Brunner, CEO Pentryx AG. (Image : www.advact.ch)<\/figcaption>\r\n<\/figure>\r\n<p>A partir du 1er ao\u00fbt 2024, advact AG franchira une \u00e9tape d\u00e9cisive en s\u00e9parant son secteur d'activit\u00e9 \"Penetrationtesting et Security Consulting\" et en le poursuivant sous la nouvelle soci\u00e9t\u00e9 \"Pentryx AG\". Les quatre consultants en s\u00e9curit\u00e9 exp\u00e9riment\u00e9s d'advact AG seront transf\u00e9r\u00e9s sans transition \u00e0 Pentryx AG afin de continuer \u00e0 assister leurs clients dans le domaine de la s\u00e9curit\u00e9 de l'information. Le nouveau CEO de Pentryx AG est Anton Brunner, qui dispose d'une vaste exp\u00e9rience, notamment en tant que CISO aupr\u00e8s du Fonds national suisse, du groupe Securitas et en tant que consultant en s\u00e9curit\u00e9 chez advact AG. Pendant ce temps, Markus Helfer et Marcel Oberli, les co-CEO d'advact AG, se concentrent davantage sur la s\u00e9curit\u00e9 des e-mails avec leur \u00e9quipe d'ing\u00e9nieurs de s\u00e9curit\u00e9 et de d\u00e9veloppeurs. Le service d'hame\u00e7onnage \u00e9prouv\u00e9 reste chez advact et sera compl\u00e9t\u00e9 cet \u00e9t\u00e9 par de nouvelles fonctionnalit\u00e9s passionnantes qui offrent une protection compl\u00e8te contre les menaces dans les e-mails.<\/p>\r\n<h3><strong>Conception de l'avenir et participation des salari\u00e9s <\/strong><\/h3>\r\n<p>Markus Helfer et Marcel Oberli restent actionnaires majoritaires des deux entreprises et sont actifs sur le plan op\u00e9rationnel au sein d'advact AG, tout en \u00e9tant repr\u00e9sent\u00e9s dans les conseils d'administration des deux entreprises. Les collaborateurs des deux entreprises se verront offrir la possibilit\u00e9 de participer au succ\u00e8s des entreprises en achetant des actions. Cette option a \u00e9t\u00e9 un facteur d\u00e9cisif pour la s\u00e9paration afin d'offrir aux collaborateurs du secteur \"Security Consulting\" une perspective passionnante et une entreprise propre.<\/p>\r\n<h3><strong>Valeur ajout\u00e9e pour les clients et les collaborateurs <\/strong><\/h3>\r\n<p>Cette restructuration pr\u00e9sente de nombreux avantages qui concernent directement aussi bien les clients que les collaborateurs. Les clients des services d'hame\u00e7onnage d'advact AG peuvent se r\u00e9jouir d'une focalisation accrue sur le th\u00e8me de la \"s\u00e9curit\u00e9 du courrier \u00e9lectronique\", ce qui leur permet de b\u00e9n\u00e9ficier d'une protection encore plus compl\u00e8te contre les menaces. Pour les clients d'advact AG sp\u00e9cialis\u00e9s dans les tests d'intrusion, la collaboration avec les consultants en s\u00e9curit\u00e9 auxquels ils sont habitu\u00e9s est maintenue. Parall\u00e8lement, ils b\u00e9n\u00e9ficient de la direction du nouveau CEO Anton Brunner, qui reste un interlocuteur exp\u00e9riment\u00e9 et comp\u00e9tent.<\/p>\r\n<p>Un autre avantage important concerne les collaborateurs de la soci\u00e9t\u00e9 Pentryx AG nouvellement cr\u00e9\u00e9e. Ils ont la possibilit\u00e9 de participer activement au d\u00e9veloppement de l'entreprise et de profiter ainsi de son succ\u00e8s. Les collaborateurs d'advact AG ont \u00e9galement la possibilit\u00e9 de participer financi\u00e8rement \u00e0 l'entreprise. Par leur engagement, ils peuvent ainsi avoir une influence directe sur le succ\u00e8s et l'\u00e9volution des b\u00e9n\u00e9fices d'advact AG.<\/p>\r\n<h3><strong>Les changements structurels renforcent la position sur le march\u00e9 <\/strong><\/h3>\r\n<p>Ce changement de structure permet non seulement de d\u00e9finir clairement les responsabilit\u00e9s et les priorit\u00e9s, mais aussi d'encourager la participation et la motivation des collaborateurs des deux entreprises. Cela conduira \u00e0 long terme \u00e0 un positionnement plus fort et plus r\u00e9ussi sur le march\u00e9. \"La s\u00e9paration nous permet d'offrir \u00e0 nos collaborateurs du secteur \"Security Consulting\" une perspective passionnante et une entreprise \u00e0 part enti\u00e8re. En m\u00eame temps, nous pouvons renforcer notre focalisation sur la s\u00e9curit\u00e9 du courrier \u00e9lectronique et soutenir nos clients de mani\u00e8re encore plus cibl\u00e9e dans les deux domaines\", explique Marcel Oberli.<\/p>\r\n<p><em>Source : <a href=\"http:\/\/www.advact.ch\/\">www.advact.ch<\/a><\/em><\/p>\n<p class=\"syndicated-attribution\">Cet article est paru initialement sur m-q.ch - <a href=\"https:\/\/www.m-q.ch\/de\/advact-ag-gruendet-schwesterunternehmen-pentryx-ag\/\" target=\"_blank\">https:\/\/www.m-q.ch\/de\/advact-ag-gruendet-schwesterunternehmen-pentryx-ag\/<\/a><\/p>","protected":false},"excerpt":{"rendered":"<p>La soci\u00e9t\u00e9 advact AG franchit une nouvelle \u00e9tape dans son d\u00e9veloppement. Le secteur d'activit\u00e9 \"Penetrationtesting et Security Consulting\" se poursuivra \u00e0 partir du 1er ao\u00fbt 2024 sous l'\u00e9gide de la soci\u00e9t\u00e9 nouvellement cr\u00e9\u00e9e Pentryx AG avec les quatre consultants en s\u00e9curit\u00e9 existants.<\/p>","protected":false},"author":58,"featured_media":0,"comment_status":"closed","ping_status":"closed","sticky":false,"template":"","format":"standard","meta":{"_acf_changed":false,"_yoast_wpseo_focuskw":"advact Penetrationtesting","_yoast_wpseo_metadesc":"advact AG gliedert Penetrationtesting aus. Pentryx AG unter CEO Anton Brunner \u00fcbernimmt, advact fokussiert auf E-Mail-Sicherheit.","articlekey":"","footnotes":""},"categories":[582],"tags":[4295,418,424,492],"class_list":["post-28184","post","type-post","status-publish","format-standard","hentry","category-operational-excellence","tag-neugruendung","tag-risikomanagement","tag-schweiz","tag-unternehmen"],"acf":[],"yoast_head":"<!-- This site is optimized with the Yoast SEO plugin v27.5 - https:\/\/yoast.com\/product\/yoast-seo-wordpress\/ -->\n<title>Advact AG gr\u00fcndet Schwesterunternehmen Pentryx AG - Organisator<\/title>\n<meta name=\"description\" content=\"advact AG gliedert Penetrationtesting aus. Pentryx AG unter CEO Anton Brunner \u00fcbernimmt, advact fokussiert auf E-Mail-Sicherheit.\" \/>\n<meta name=\"robots\" content=\"index, follow, max-snippet:-1, max-image-preview:large, max-video-preview:-1\" \/>\n<link rel=\"canonical\" href=\"https:\/\/www.organisator.ch\/fr\/excellence-operationnelle\/2024-07-02\/advact-ag-gruendet-schwesterunternehmen-pentryx-ag\/\" \/>\n<meta property=\"og:locale\" content=\"fr_FR\" \/>\n<meta property=\"og:type\" content=\"article\" \/>\n<meta property=\"og:title\" content=\"Advact AG gr\u00fcndet Schwesterunternehmen Pentryx AG - Organisator\" \/>\n<meta property=\"og:description\" content=\"advact AG gliedert Penetrationtesting aus. Pentryx AG unter CEO Anton Brunner \u00fcbernimmt, advact fokussiert auf E-Mail-Sicherheit.\" \/>\n<meta property=\"og:url\" content=\"https:\/\/www.organisator.ch\/fr\/excellence-operationnelle\/2024-07-02\/advact-ag-gruendet-schwesterunternehmen-pentryx-ag\/\" \/>\n<meta property=\"og:site_name\" content=\"Organisator\" \/>\n<meta property=\"article:publisher\" content=\"https:\/\/www.facebook.com\/OrganisatorFachmagazin\" \/>\n<meta property=\"article:published_time\" content=\"2024-07-02T11:39:30+00:00\" \/>\n<meta property=\"article:modified_time\" content=\"2024-11-10T07:16:49+00:00\" \/>\n<meta property=\"og:image\" content=\"https:\/\/www.m-q.ch\/wp-content\/uploads\/2024\/07\/CEOs-Advact-und-Pentryx_Bild1_ps.jpg\" \/>\n<meta name=\"author\" content=\"Adelisa Kalajdzini\" \/>\n<meta name=\"twitter:card\" content=\"summary_large_image\" \/>\n<script type=\"application\/ld+json\" class=\"yoast-schema-graph\">{\"@context\":\"https:\\\/\\\/schema.org\",\"@graph\":[{\"@type\":\"Article\",\"@id\":\"https:\\\/\\\/www.organisator.ch\\\/operational-excellence\\\/2024-07-02\\\/advact-ag-gruendet-schwesterunternehmen-pentryx-ag\\\/#article\",\"isPartOf\":{\"@id\":\"https:\\\/\\\/www.organisator.ch\\\/operational-excellence\\\/2024-07-02\\\/advact-ag-gruendet-schwesterunternehmen-pentryx-ag\\\/\"},\"author\":{\"name\":\"Adelisa Kalajdzini\",\"@id\":\"https:\\\/\\\/www.organisator.ch\\\/#\\\/schema\\\/person\\\/2e1314a2172123f874db408d8911d3f3\"},\"headline\":\"Advact AG gr\u00fcndet Schwesterunternehmen Pentryx AG\",\"datePublished\":\"2024-07-02T11:39:30+00:00\",\"dateModified\":\"2024-11-10T07:16:49+00:00\",\"mainEntityOfPage\":{\"@id\":\"https:\\\/\\\/www.organisator.ch\\\/operational-excellence\\\/2024-07-02\\\/advact-ag-gruendet-schwesterunternehmen-pentryx-ag\\\/\"},\"wordCount\":497,\"publisher\":{\"@id\":\"https:\\\/\\\/www.organisator.ch\\\/#organization\"},\"image\":{\"@id\":\"https:\\\/\\\/www.organisator.ch\\\/operational-excellence\\\/2024-07-02\\\/advact-ag-gruendet-schwesterunternehmen-pentryx-ag\\\/#primaryimage\"},\"thumbnailUrl\":\"https:\\\/\\\/www.m-q.ch\\\/wp-content\\\/uploads\\\/2024\\\/07\\\/CEOs-Advact-und-Pentryx_Bild1_ps.jpg\",\"keywords\":[\"Neugr\u00fcndung\",\"Risikomanagement\",\"Schweiz\",\"Unternehmen\"],\"articleSection\":[\"OPERATIONAL EXCELLENCE\"],\"inLanguage\":\"fr-FR\"},{\"@type\":\"WebPage\",\"@id\":\"https:\\\/\\\/www.organisator.ch\\\/operational-excellence\\\/2024-07-02\\\/advact-ag-gruendet-schwesterunternehmen-pentryx-ag\\\/\",\"url\":\"https:\\\/\\\/www.organisator.ch\\\/operational-excellence\\\/2024-07-02\\\/advact-ag-gruendet-schwesterunternehmen-pentryx-ag\\\/\",\"name\":\"Advact AG gr\u00fcndet Schwesterunternehmen Pentryx AG - Organisator\",\"isPartOf\":{\"@id\":\"https:\\\/\\\/www.organisator.ch\\\/#website\"},\"primaryImageOfPage\":{\"@id\":\"https:\\\/\\\/www.organisator.ch\\\/operational-excellence\\\/2024-07-02\\\/advact-ag-gruendet-schwesterunternehmen-pentryx-ag\\\/#primaryimage\"},\"image\":{\"@id\":\"https:\\\/\\\/www.organisator.ch\\\/operational-excellence\\\/2024-07-02\\\/advact-ag-gruendet-schwesterunternehmen-pentryx-ag\\\/#primaryimage\"},\"thumbnailUrl\":\"https:\\\/\\\/www.m-q.ch\\\/wp-content\\\/uploads\\\/2024\\\/07\\\/CEOs-Advact-und-Pentryx_Bild1_ps.jpg\",\"datePublished\":\"2024-07-02T11:39:30+00:00\",\"dateModified\":\"2024-11-10T07:16:49+00:00\",\"description\":\"advact AG gliedert Penetrationtesting aus. Pentryx AG unter CEO Anton Brunner \u00fcbernimmt, advact fokussiert auf E-Mail-Sicherheit.\",\"breadcrumb\":{\"@id\":\"https:\\\/\\\/www.organisator.ch\\\/operational-excellence\\\/2024-07-02\\\/advact-ag-gruendet-schwesterunternehmen-pentryx-ag\\\/#breadcrumb\"},\"inLanguage\":\"fr-FR\",\"potentialAction\":[{\"@type\":\"ReadAction\",\"target\":[\"https:\\\/\\\/www.organisator.ch\\\/operational-excellence\\\/2024-07-02\\\/advact-ag-gruendet-schwesterunternehmen-pentryx-ag\\\/\"]}]},{\"@type\":\"ImageObject\",\"inLanguage\":\"fr-FR\",\"@id\":\"https:\\\/\\\/www.organisator.ch\\\/operational-excellence\\\/2024-07-02\\\/advact-ag-gruendet-schwesterunternehmen-pentryx-ag\\\/#primaryimage\",\"url\":\"https:\\\/\\\/www.m-q.ch\\\/wp-content\\\/uploads\\\/2024\\\/07\\\/CEOs-Advact-und-Pentryx_Bild1_ps.jpg\",\"contentUrl\":\"https:\\\/\\\/www.m-q.ch\\\/wp-content\\\/uploads\\\/2024\\\/07\\\/CEOs-Advact-und-Pentryx_Bild1_ps.jpg\"},{\"@type\":\"BreadcrumbList\",\"@id\":\"https:\\\/\\\/www.organisator.ch\\\/operational-excellence\\\/2024-07-02\\\/advact-ag-gruendet-schwesterunternehmen-pentryx-ag\\\/#breadcrumb\",\"itemListElement\":[{\"@type\":\"ListItem\",\"position\":1,\"name\":\"Home\",\"item\":\"https:\\\/\\\/www.organisator.ch\\\/\"},{\"@type\":\"ListItem\",\"position\":2,\"name\":\"Advact AG gr\u00fcndet Schwesterunternehmen Pentryx AG\"}]},{\"@type\":\"WebSite\",\"@id\":\"https:\\\/\\\/www.organisator.ch\\\/#website\",\"url\":\"https:\\\/\\\/www.organisator.ch\\\/\",\"name\":\"Organisator\",\"description\":\"Kompetent. Praxisnah. Der ORGANISATOR bereitet in 10 Ausgaben pro Jahr die wesentlichen Themen f\u00fcr F\u00fchrungskr\u00e4fte von KMU auf.\",\"publisher\":{\"@id\":\"https:\\\/\\\/www.organisator.ch\\\/#organization\"},\"potentialAction\":[{\"@type\":\"SearchAction\",\"target\":{\"@type\":\"EntryPoint\",\"urlTemplate\":\"https:\\\/\\\/www.organisator.ch\\\/?s={search_term_string}\"},\"query-input\":{\"@type\":\"PropertyValueSpecification\",\"valueRequired\":true,\"valueName\":\"search_term_string\"}}],\"inLanguage\":\"fr-FR\"},{\"@type\":\"Organization\",\"@id\":\"https:\\\/\\\/www.organisator.ch\\\/#organization\",\"name\":\"Organisator\",\"url\":\"https:\\\/\\\/www.organisator.ch\\\/\",\"logo\":{\"@type\":\"ImageObject\",\"inLanguage\":\"fr-FR\",\"@id\":\"https:\\\/\\\/www.organisator.ch\\\/#\\\/schema\\\/logo\\\/image\\\/\",\"url\":\"https:\\\/\\\/www.organisator.ch\\\/wp-content\\\/uploads\\\/2022\\\/01\\\/Logo_Organisator_Website.png\",\"contentUrl\":\"https:\\\/\\\/www.organisator.ch\\\/wp-content\\\/uploads\\\/2022\\\/01\\\/Logo_Organisator_Website.png\",\"width\":800,\"height\":77,\"caption\":\"Organisator\"},\"image\":{\"@id\":\"https:\\\/\\\/www.organisator.ch\\\/#\\\/schema\\\/logo\\\/image\\\/\"},\"sameAs\":[\"https:\\\/\\\/www.facebook.com\\\/OrganisatorFachmagazin\",\"https:\\\/\\\/www.linkedin.com\\\/showcase\\\/organisator-das-magazin-fr-kmu\",\"https:\\\/\\\/www.xing.com\\\/news\\\/pages\\\/organisator-ch-695\",\"https:\\\/\\\/www.youtube.com\\\/channel\\\/UCGP2Sq0iWaZwT3BdIAQFYpw\"]},{\"@type\":\"Person\",\"@id\":\"https:\\\/\\\/www.organisator.ch\\\/#\\\/schema\\\/person\\\/2e1314a2172123f874db408d8911d3f3\",\"name\":\"Adelisa Kalajdzini\",\"image\":{\"@type\":\"ImageObject\",\"inLanguage\":\"fr-FR\",\"@id\":\"https:\\\/\\\/secure.gravatar.com\\\/avatar\\\/09a397c22ac58cad6f160ee8306348599df9df58a8ede73696226897b9fa4b24?s=96&d=mm&r=g\",\"url\":\"https:\\\/\\\/secure.gravatar.com\\\/avatar\\\/09a397c22ac58cad6f160ee8306348599df9df58a8ede73696226897b9fa4b24?s=96&d=mm&r=g\",\"contentUrl\":\"https:\\\/\\\/secure.gravatar.com\\\/avatar\\\/09a397c22ac58cad6f160ee8306348599df9df58a8ede73696226897b9fa4b24?s=96&d=mm&r=g\",\"caption\":\"Adelisa Kalajdzini\"},\"url\":\"https:\\\/\\\/www.organisator.ch\\\/fr\\\/author\\\/adelisa-kalajdzini\\\/\"}]}<\/script>\n<!-- \/ Yoast SEO plugin. -->","yoast_head_json":{"title":"Advact AG cr\u00e9e une soci\u00e9t\u00e9 s\u0153ur Pentryx AG - Organisateur","description":"advact AG se s\u00e9pare de ses activit\u00e9s de test d'intrusion. Pentryx AG, sous la direction d'Anton Brunner, prend le relais, advact se concentre sur la s\u00e9curit\u00e9 des e-mails.","robots":{"index":"index","follow":"follow","max-snippet":"max-snippet:-1","max-image-preview":"max-image-preview:large","max-video-preview":"max-video-preview:-1"},"canonical":"https:\/\/www.organisator.ch\/fr\/excellence-operationnelle\/2024-07-02\/advact-ag-gruendet-schwesterunternehmen-pentryx-ag\/","og_locale":"fr_FR","og_type":"article","og_title":"Advact AG gr\u00fcndet Schwesterunternehmen Pentryx AG - Organisator","og_description":"advact AG gliedert Penetrationtesting aus. Pentryx AG unter CEO Anton Brunner \u00fcbernimmt, advact fokussiert auf E-Mail-Sicherheit.","og_url":"https:\/\/www.organisator.ch\/fr\/excellence-operationnelle\/2024-07-02\/advact-ag-gruendet-schwesterunternehmen-pentryx-ag\/","og_site_name":"Organisator","article_publisher":"https:\/\/www.facebook.com\/OrganisatorFachmagazin","article_published_time":"2024-07-02T11:39:30+00:00","article_modified_time":"2024-11-10T07:16:49+00:00","og_image":[{"url":"https:\/\/www.m-q.ch\/wp-content\/uploads\/2024\/07\/CEOs-Advact-und-Pentryx_Bild1_ps.jpg","type":"","width":"","height":""}],"author":"Adelisa Kalajdzini","twitter_card":"summary_large_image","schema":{"@context":"https:\/\/schema.org","@graph":[{"@type":"Article","@id":"https:\/\/www.organisator.ch\/operational-excellence\/2024-07-02\/advact-ag-gruendet-schwesterunternehmen-pentryx-ag\/#article","isPartOf":{"@id":"https:\/\/www.organisator.ch\/operational-excellence\/2024-07-02\/advact-ag-gruendet-schwesterunternehmen-pentryx-ag\/"},"author":{"name":"Adelisa Kalajdzini","@id":"https:\/\/www.organisator.ch\/#\/schema\/person\/2e1314a2172123f874db408d8911d3f3"},"headline":"Advact AG gr\u00fcndet Schwesterunternehmen Pentryx AG","datePublished":"2024-07-02T11:39:30+00:00","dateModified":"2024-11-10T07:16:49+00:00","mainEntityOfPage":{"@id":"https:\/\/www.organisator.ch\/operational-excellence\/2024-07-02\/advact-ag-gruendet-schwesterunternehmen-pentryx-ag\/"},"wordCount":497,"publisher":{"@id":"https:\/\/www.organisator.ch\/#organization"},"image":{"@id":"https:\/\/www.organisator.ch\/operational-excellence\/2024-07-02\/advact-ag-gruendet-schwesterunternehmen-pentryx-ag\/#primaryimage"},"thumbnailUrl":"https:\/\/www.m-q.ch\/wp-content\/uploads\/2024\/07\/CEOs-Advact-und-Pentryx_Bild1_ps.jpg","keywords":["Neugr\u00fcndung","Risikomanagement","Schweiz","Unternehmen"],"articleSection":["OPERATIONAL EXCELLENCE"],"inLanguage":"fr-FR"},{"@type":"WebPage","@id":"https:\/\/www.organisator.ch\/operational-excellence\/2024-07-02\/advact-ag-gruendet-schwesterunternehmen-pentryx-ag\/","url":"https:\/\/www.organisator.ch\/operational-excellence\/2024-07-02\/advact-ag-gruendet-schwesterunternehmen-pentryx-ag\/","name":"Advact AG cr\u00e9e une soci\u00e9t\u00e9 s\u0153ur Pentryx AG - Organisateur","isPartOf":{"@id":"https:\/\/www.organisator.ch\/#website"},"primaryImageOfPage":{"@id":"https:\/\/www.organisator.ch\/operational-excellence\/2024-07-02\/advact-ag-gruendet-schwesterunternehmen-pentryx-ag\/#primaryimage"},"image":{"@id":"https:\/\/www.organisator.ch\/operational-excellence\/2024-07-02\/advact-ag-gruendet-schwesterunternehmen-pentryx-ag\/#primaryimage"},"thumbnailUrl":"https:\/\/www.m-q.ch\/wp-content\/uploads\/2024\/07\/CEOs-Advact-und-Pentryx_Bild1_ps.jpg","datePublished":"2024-07-02T11:39:30+00:00","dateModified":"2024-11-10T07:16:49+00:00","description":"advact AG se s\u00e9pare de ses activit\u00e9s de test d'intrusion. Pentryx AG, sous la direction d'Anton Brunner, prend le relais, advact se concentre sur la s\u00e9curit\u00e9 des e-mails.","breadcrumb":{"@id":"https:\/\/www.organisator.ch\/operational-excellence\/2024-07-02\/advact-ag-gruendet-schwesterunternehmen-pentryx-ag\/#breadcrumb"},"inLanguage":"fr-FR","potentialAction":[{"@type":"ReadAction","target":["https:\/\/www.organisator.ch\/operational-excellence\/2024-07-02\/advact-ag-gruendet-schwesterunternehmen-pentryx-ag\/"]}]},{"@type":"ImageObject","inLanguage":"fr-FR","@id":"https:\/\/www.organisator.ch\/operational-excellence\/2024-07-02\/advact-ag-gruendet-schwesterunternehmen-pentryx-ag\/#primaryimage","url":"https:\/\/www.m-q.ch\/wp-content\/uploads\/2024\/07\/CEOs-Advact-und-Pentryx_Bild1_ps.jpg","contentUrl":"https:\/\/www.m-q.ch\/wp-content\/uploads\/2024\/07\/CEOs-Advact-und-Pentryx_Bild1_ps.jpg"},{"@type":"BreadcrumbList","@id":"https:\/\/www.organisator.ch\/operational-excellence\/2024-07-02\/advact-ag-gruendet-schwesterunternehmen-pentryx-ag\/#breadcrumb","itemListElement":[{"@type":"ListItem","position":1,"name":"Home","item":"https:\/\/www.organisator.ch\/"},{"@type":"ListItem","position":2,"name":"Advact AG gr\u00fcndet Schwesterunternehmen Pentryx AG"}]},{"@type":"WebSite","@id":"https:\/\/www.organisator.ch\/#website","url":"https:\/\/www.organisator.ch\/","name":"Organisateur","description":"Comp\u00e9tence et comp\u00e9tence. Proches de la pratique. L'ORGANISATEUR pr\u00e9pare 10 num\u00e9ros par an sur les th\u00e8mes essentiels pour les dirigeants de PME.","publisher":{"@id":"https:\/\/www.organisator.ch\/#organization"},"potentialAction":[{"@type":"SearchAction","target":{"@type":"EntryPoint","urlTemplate":"https:\/\/www.organisator.ch\/?s={search_term_string}"},"query-input":{"@type":"PropertyValueSpecification","valueRequired":true,"valueName":"search_term_string"}}],"inLanguage":"fr-FR"},{"@type":"Organization","@id":"https:\/\/www.organisator.ch\/#organization","name":"Organisateur","url":"https:\/\/www.organisator.ch\/","logo":{"@type":"ImageObject","inLanguage":"fr-FR","@id":"https:\/\/www.organisator.ch\/#\/schema\/logo\/image\/","url":"https:\/\/www.organisator.ch\/wp-content\/uploads\/2022\/01\/Logo_Organisator_Website.png","contentUrl":"https:\/\/www.organisator.ch\/wp-content\/uploads\/2022\/01\/Logo_Organisator_Website.png","width":800,"height":77,"caption":"Organisator"},"image":{"@id":"https:\/\/www.organisator.ch\/#\/schema\/logo\/image\/"},"sameAs":["https:\/\/www.facebook.com\/OrganisatorFachmagazin","https:\/\/www.linkedin.com\/showcase\/organisator-das-magazin-fr-kmu","https:\/\/www.xing.com\/news\/pages\/organisator-ch-695","https:\/\/www.youtube.com\/channel\/UCGP2Sq0iWaZwT3BdIAQFYpw"]},{"@type":"Person","@id":"https:\/\/www.organisator.ch\/#\/schema\/person\/2e1314a2172123f874db408d8911d3f3","name":"Adelisa Kalajdzini","image":{"@type":"ImageObject","inLanguage":"fr-FR","@id":"https:\/\/secure.gravatar.com\/avatar\/09a397c22ac58cad6f160ee8306348599df9df58a8ede73696226897b9fa4b24?s=96&d=mm&r=g","url":"https:\/\/secure.gravatar.com\/avatar\/09a397c22ac58cad6f160ee8306348599df9df58a8ede73696226897b9fa4b24?s=96&d=mm&r=g","contentUrl":"https:\/\/secure.gravatar.com\/avatar\/09a397c22ac58cad6f160ee8306348599df9df58a8ede73696226897b9fa4b24?s=96&d=mm&r=g","caption":"Adelisa Kalajdzini"},"url":"https:\/\/www.organisator.ch\/fr\/author\/adelisa-kalajdzini\/"}]}},"_links":{"self":[{"href":"https:\/\/www.organisator.ch\/fr\/wp-json\/wp\/v2\/posts\/28184","targetHints":{"allow":["GET"]}}],"collection":[{"href":"https:\/\/www.organisator.ch\/fr\/wp-json\/wp\/v2\/posts"}],"about":[{"href":"https:\/\/www.organisator.ch\/fr\/wp-json\/wp\/v2\/types\/post"}],"author":[{"embeddable":true,"href":"https:\/\/www.organisator.ch\/fr\/wp-json\/wp\/v2\/users\/58"}],"replies":[{"embeddable":true,"href":"https:\/\/www.organisator.ch\/fr\/wp-json\/wp\/v2\/comments?post=28184"}],"version-history":[{"count":7,"href":"https:\/\/www.organisator.ch\/fr\/wp-json\/wp\/v2\/posts\/28184\/revisions"}],"predecessor-version":[{"id":32140,"href":"https:\/\/www.organisator.ch\/fr\/wp-json\/wp\/v2\/posts\/28184\/revisions\/32140"}],"wp:attachment":[{"href":"https:\/\/www.organisator.ch\/fr\/wp-json\/wp\/v2\/media?parent=28184"}],"wp:term":[{"taxonomy":"category","embeddable":true,"href":"https:\/\/www.organisator.ch\/fr\/wp-json\/wp\/v2\/categories?post=28184"},{"taxonomy":"post_tag","embeddable":true,"href":"https:\/\/www.organisator.ch\/fr\/wp-json\/wp\/v2\/tags?post=28184"}],"curies":[{"name":"wp","href":"https:\/\/api.w.org\/{rel}","templated":true}]}}