{"id":28210,"date":"2024-07-03T12:47:10","date_gmt":"2024-07-03T10:47:10","guid":{"rendered":"https:\/\/www.organisator.ch\/?p=28210"},"modified":"2024-07-03T10:47:35","modified_gmt":"2024-07-03T08:47:35","slug":"laurent-decrue-wird-neuer-verwaltungsrat-bei-newhome","status":"publish","type":"post","link":"https:\/\/www.organisator.ch\/fr\/management\/2024-07-03\/laurent-decrue-wird-neuer-verwaltungsrat-bei-newhome\/","title":{"rendered":"Laurent Decrue devient le nouveau membre du conseil d'administration de newhome"},"content":{"rendered":"<figure id=\"attachment_28211\" aria-describedby=\"caption-attachment-28211\" style=\"width: 680px\" class=\"wp-caption alignnone\"><img loading=\"lazy\" decoding=\"async\" class=\"size-full wp-image-28211\" src=\"https:\/\/www.organisator.ch\/wp-content\/uploads\/2024\/07\/Laurent-Decrue_Bild1_ps.jpg\" alt=\"\" width=\"680\" height=\"457\" srcset=\"https:\/\/www.organisator.ch\/wp-content\/uploads\/2024\/07\/Laurent-Decrue_Bild1_ps.jpg 680w, https:\/\/www.organisator.ch\/wp-content\/uploads\/2024\/07\/Laurent-Decrue_Bild1_ps-18x12.jpg 18w, https:\/\/www.organisator.ch\/wp-content\/uploads\/2024\/07\/Laurent-Decrue_Bild1_ps-375x252.jpg 375w, https:\/\/www.organisator.ch\/wp-content\/uploads\/2024\/07\/Laurent-Decrue_Bild1_ps-521x350.jpg 521w\" sizes=\"auto, (max-width: 680px) 100vw, 680px\" \/><figcaption id=\"caption-attachment-28211\" class=\"wp-caption-text\">Laurent Decrue - nouveau membre du conseil d'administration de newhome. (Image : www.newhome.ch)<\/figcaption><\/figure>\n<p>En tant que fondateur de l'entreprise de d\u00e9m\u00e9nagement Movu, CEO de Bexio et co-fondateur et CEO de Holycode, Laurent Decrue apporte un pr\u00e9cieux savoir-faire entrepreneurial et num\u00e9rique. Depuis le 17 juin, c'est un autre expert de l'immobilier et du num\u00e9rique qui si\u00e8ge au conseil d'administration de newhome.ch SA. Il remplace l'ancien membre du conseil d'administration, le professeur Dr. Christian Wunderlin.<\/p>\n<h3><strong>Expertise num\u00e9rique pour une orientation future <\/strong><\/h3>\n<p>Roman Timm, CEO de newhome, se r\u00e9jouit de l'arriv\u00e9e de Laurent : \"Avec Laurent, newhome a pu recruter l'une des figures marquantes du paysage suisse des start-up. Il apporte un important savoir-faire entrepreneurial, mais aussi de solides connaissances num\u00e9riques. Cela soutient notre strat\u00e9gie vers une plateforme centr\u00e9e sur le client, transparente et favorable au secteur\".<\/p>\n<p>Laurent Decrue poursuit \u00e9galement des objectifs ambitieux : \"Mon objectif avec newhome est de rendre le march\u00e9 immobilier aussi ouvert et transparent que possible, afin de garantir que la formation des prix dans le paysage immobilier suisse ne soit pas fauss\u00e9e par une position de monopole. Je suis convaincu que newhome peut contribuer \u00e0 am\u00e9liorer la recherche de biens immobiliers en Suisse\".<\/p>\n<p>D\u00e8s f\u00e9vrier 2024, deux autres administrateurs, Manuel B\u00e4chi et Andreas Schiller, ont rejoint le conseil d'administration dans le cadre de la participation d'AXA \u00e0 newhome.<\/p>\n<p>Le conseil d'administration de newhome.ch SA se compose d\u00e9sormais des membres suivants : Johannes Hoehener (pr\u00e9sident du conseil d'administration, ind\u00e9pendant), Jan Werkman (vice-pr\u00e9sident du conseil d'administration, ind\u00e9pendant), Manuel B\u00e4chi (CFO et membre de la direction de la SHKB), Laurent Decrue (membre du conseil d'administration de Next Property AG), Robert Hauri (membre du conseil d'administration de Next Property AG, CEO Intercity Group), Andreas Schiller (Head Credit &amp; Surety AXA), Dr. Christian Schmid (membre du conseil d'administration de NNH Holding AG, pr\u00e9sident de la direction de la SGKB), Stefan Studer (membre du conseil d'administration de NNH Holding AG, membre de la direction de la LUKB). Le comit\u00e9 dispose ainsi de comp\u00e9tences et d'une exp\u00e9rience ad\u00e9quates pour le d\u00e9veloppement futur de l'entreprise.<\/p>\n<p><em>Source : <a href=\"http:\/\/www.newhome.ch\">www.newhome.ch<\/a><\/em><\/p>","protected":false},"excerpt":{"rendered":"<p>newhome.ch SA a \u00e9lu Laurent Decrue, un acteur important de la sc\u00e8ne suisse des start-up, au sein de son conseil d'administration. Avec sa nomination, newhome renforce la voie qu'elle a choisie pour devenir un portail immobilier favorable \u00e0 la branche.<\/p>","protected":false},"author":58,"featured_media":28211,"comment_status":"closed","ping_status":"closed","sticky":false,"template":"","format":"standard","meta":{"_acf_changed":false,"_yoast_wpseo_focuskw":"Laurent Decrue","_yoast_wpseo_metadesc":"Die newhome.ch AG hat mit Laurent Decrue einen wichtigen Akteur der Schweizer Start-up-Szene in den Verwaltungsrat gew\u00e4hlt.","articlekey":"","footnotes":""},"categories":[28],"tags":[335,424,492,2471],"class_list":["post-28210","post","type-post","status-publish","format-standard","has-post-thumbnail","hentry","category-management","tag-management-und-unternehmensfuehrung","tag-schweiz","tag-unternehmen","tag-verwaltungsrat"],"acf":[],"yoast_head":"<!-- This site is optimized with the Yoast SEO plugin v27.5 - https:\/\/yoast.com\/product\/yoast-seo-wordpress\/ -->\n<title>Laurent Decrue wird neuer Verwaltungsrat bei newhome - Organisator<\/title>\n<meta name=\"description\" content=\"Die newhome.ch AG hat mit Laurent Decrue einen wichtigen Akteur der Schweizer Start-up-Szene in den Verwaltungsrat gew\u00e4hlt.\" \/>\n<meta name=\"robots\" content=\"index, follow, max-snippet:-1, max-image-preview:large, max-video-preview:-1\" \/>\n<link rel=\"canonical\" href=\"https:\/\/www.organisator.ch\/fr\/gestion-2\/2024-07-03\/laurent-decrue-wird-neuer-verwaltungsrat-bei-newhome\/\" \/>\n<meta property=\"og:locale\" content=\"fr_FR\" \/>\n<meta property=\"og:type\" content=\"article\" \/>\n<meta property=\"og:title\" content=\"Laurent Decrue wird neuer Verwaltungsrat bei newhome\" \/>\n<meta property=\"og:description\" content=\"Die newhome.ch AG hat mit Laurent Decrue einen wichtigen Akteur der Schweizer Start-up-Szene in den Verwaltungsrat gew\u00e4hlt.\" \/>\n<meta property=\"og:url\" content=\"https:\/\/www.organisator.ch\/fr\/gestion-2\/2024-07-03\/laurent-decrue-wird-neuer-verwaltungsrat-bei-newhome\/\" \/>\n<meta property=\"og:site_name\" content=\"Organisator\" \/>\n<meta property=\"article:publisher\" content=\"https:\/\/www.facebook.com\/OrganisatorFachmagazin\" \/>\n<meta property=\"article:published_time\" content=\"2024-07-03T10:47:10+00:00\" \/>\n<meta property=\"og:image\" content=\"https:\/\/www.organisator.ch\/wp-content\/uploads\/2024\/07\/Laurent-Decrue_Bild1_ps.jpg\" \/>\n\t<meta property=\"og:image:width\" content=\"680\" \/>\n\t<meta property=\"og:image:height\" content=\"457\" \/>\n\t<meta property=\"og:image:type\" content=\"image\/jpeg\" \/>\n<meta name=\"author\" content=\"Adelisa Kalajdzini\" \/>\n<meta name=\"twitter:card\" content=\"summary_large_image\" \/>\n<meta name=\"twitter:title\" content=\"Laurent Decrue wird neuer Verwaltungsrat bei newhome\" \/>\n<meta name=\"twitter:description\" content=\"Die #newhome.ch AG hat mit #Laurent #Decrue einen wichtigen Akteur der Schweizer Start-up-Szene in den #Verwaltungsrat gew\u00e4hlt.\" \/>\n<meta name=\"twitter:image\" content=\"https:\/\/www.organisator.ch\/wp-content\/uploads\/2024\/07\/Laurent-Decrue_Bild1_ps.jpg\" \/>\n<script type=\"application\/ld+json\" class=\"yoast-schema-graph\">{\"@context\":\"https:\\\/\\\/schema.org\",\"@graph\":[{\"@type\":\"Article\",\"@id\":\"https:\\\/\\\/www.organisator.ch\\\/management\\\/2024-07-03\\\/laurent-decrue-wird-neuer-verwaltungsrat-bei-newhome\\\/#article\",\"isPartOf\":{\"@id\":\"https:\\\/\\\/www.organisator.ch\\\/management\\\/2024-07-03\\\/laurent-decrue-wird-neuer-verwaltungsrat-bei-newhome\\\/\"},\"author\":{\"name\":\"Adelisa Kalajdzini\",\"@id\":\"https:\\\/\\\/www.organisator.ch\\\/#\\\/schema\\\/person\\\/2e1314a2172123f874db408d8911d3f3\"},\"headline\":\"Laurent Decrue wird neuer Verwaltungsrat bei newhome\",\"datePublished\":\"2024-07-03T10:47:10+00:00\",\"mainEntityOfPage\":{\"@id\":\"https:\\\/\\\/www.organisator.ch\\\/management\\\/2024-07-03\\\/laurent-decrue-wird-neuer-verwaltungsrat-bei-newhome\\\/\"},\"wordCount\":304,\"publisher\":{\"@id\":\"https:\\\/\\\/www.organisator.ch\\\/#organization\"},\"image\":{\"@id\":\"https:\\\/\\\/www.organisator.ch\\\/management\\\/2024-07-03\\\/laurent-decrue-wird-neuer-verwaltungsrat-bei-newhome\\\/#primaryimage\"},\"thumbnailUrl\":\"https:\\\/\\\/www.organisator.ch\\\/wp-content\\\/uploads\\\/2024\\\/07\\\/Laurent-Decrue_Bild1_ps.jpg\",\"keywords\":[\"Management und Unternehmensf\u00fchrung\",\"Schweiz\",\"Unternehmen\",\"Verwaltungsrat\"],\"articleSection\":[\"MANAGEMENT\"],\"inLanguage\":\"fr-FR\"},{\"@type\":\"WebPage\",\"@id\":\"https:\\\/\\\/www.organisator.ch\\\/management\\\/2024-07-03\\\/laurent-decrue-wird-neuer-verwaltungsrat-bei-newhome\\\/\",\"url\":\"https:\\\/\\\/www.organisator.ch\\\/management\\\/2024-07-03\\\/laurent-decrue-wird-neuer-verwaltungsrat-bei-newhome\\\/\",\"name\":\"Laurent Decrue wird neuer Verwaltungsrat bei newhome - Organisator\",\"isPartOf\":{\"@id\":\"https:\\\/\\\/www.organisator.ch\\\/#website\"},\"primaryImageOfPage\":{\"@id\":\"https:\\\/\\\/www.organisator.ch\\\/management\\\/2024-07-03\\\/laurent-decrue-wird-neuer-verwaltungsrat-bei-newhome\\\/#primaryimage\"},\"image\":{\"@id\":\"https:\\\/\\\/www.organisator.ch\\\/management\\\/2024-07-03\\\/laurent-decrue-wird-neuer-verwaltungsrat-bei-newhome\\\/#primaryimage\"},\"thumbnailUrl\":\"https:\\\/\\\/www.organisator.ch\\\/wp-content\\\/uploads\\\/2024\\\/07\\\/Laurent-Decrue_Bild1_ps.jpg\",\"datePublished\":\"2024-07-03T10:47:10+00:00\",\"description\":\"Die newhome.ch AG hat mit Laurent Decrue einen wichtigen Akteur der Schweizer Start-up-Szene in den Verwaltungsrat gew\u00e4hlt.\",\"breadcrumb\":{\"@id\":\"https:\\\/\\\/www.organisator.ch\\\/management\\\/2024-07-03\\\/laurent-decrue-wird-neuer-verwaltungsrat-bei-newhome\\\/#breadcrumb\"},\"inLanguage\":\"fr-FR\",\"potentialAction\":[{\"@type\":\"ReadAction\",\"target\":[\"https:\\\/\\\/www.organisator.ch\\\/management\\\/2024-07-03\\\/laurent-decrue-wird-neuer-verwaltungsrat-bei-newhome\\\/\"]}]},{\"@type\":\"ImageObject\",\"inLanguage\":\"fr-FR\",\"@id\":\"https:\\\/\\\/www.organisator.ch\\\/management\\\/2024-07-03\\\/laurent-decrue-wird-neuer-verwaltungsrat-bei-newhome\\\/#primaryimage\",\"url\":\"https:\\\/\\\/www.organisator.ch\\\/wp-content\\\/uploads\\\/2024\\\/07\\\/Laurent-Decrue_Bild1_ps.jpg\",\"contentUrl\":\"https:\\\/\\\/www.organisator.ch\\\/wp-content\\\/uploads\\\/2024\\\/07\\\/Laurent-Decrue_Bild1_ps.jpg\",\"width\":680,\"height\":457,\"caption\":\"Laurent Decrue - Neuer Verwaltungsrat bei newhome. (Bild: www.newhome.ch)\"},{\"@type\":\"BreadcrumbList\",\"@id\":\"https:\\\/\\\/www.organisator.ch\\\/management\\\/2024-07-03\\\/laurent-decrue-wird-neuer-verwaltungsrat-bei-newhome\\\/#breadcrumb\",\"itemListElement\":[{\"@type\":\"ListItem\",\"position\":1,\"name\":\"Home\",\"item\":\"https:\\\/\\\/www.organisator.ch\\\/\"},{\"@type\":\"ListItem\",\"position\":2,\"name\":\"Laurent Decrue wird neuer Verwaltungsrat bei newhome\"}]},{\"@type\":\"WebSite\",\"@id\":\"https:\\\/\\\/www.organisator.ch\\\/#website\",\"url\":\"https:\\\/\\\/www.organisator.ch\\\/\",\"name\":\"Organisator\",\"description\":\"Kompetent. Praxisnah. Der ORGANISATOR bereitet in 10 Ausgaben pro Jahr die wesentlichen Themen f\u00fcr F\u00fchrungskr\u00e4fte von KMU auf.\",\"publisher\":{\"@id\":\"https:\\\/\\\/www.organisator.ch\\\/#organization\"},\"potentialAction\":[{\"@type\":\"SearchAction\",\"target\":{\"@type\":\"EntryPoint\",\"urlTemplate\":\"https:\\\/\\\/www.organisator.ch\\\/?s={search_term_string}\"},\"query-input\":{\"@type\":\"PropertyValueSpecification\",\"valueRequired\":true,\"valueName\":\"search_term_string\"}}],\"inLanguage\":\"fr-FR\"},{\"@type\":\"Organization\",\"@id\":\"https:\\\/\\\/www.organisator.ch\\\/#organization\",\"name\":\"Organisator\",\"url\":\"https:\\\/\\\/www.organisator.ch\\\/\",\"logo\":{\"@type\":\"ImageObject\",\"inLanguage\":\"fr-FR\",\"@id\":\"https:\\\/\\\/www.organisator.ch\\\/#\\\/schema\\\/logo\\\/image\\\/\",\"url\":\"https:\\\/\\\/www.organisator.ch\\\/wp-content\\\/uploads\\\/2022\\\/01\\\/Logo_Organisator_Website.png\",\"contentUrl\":\"https:\\\/\\\/www.organisator.ch\\\/wp-content\\\/uploads\\\/2022\\\/01\\\/Logo_Organisator_Website.png\",\"width\":800,\"height\":77,\"caption\":\"Organisator\"},\"image\":{\"@id\":\"https:\\\/\\\/www.organisator.ch\\\/#\\\/schema\\\/logo\\\/image\\\/\"},\"sameAs\":[\"https:\\\/\\\/www.facebook.com\\\/OrganisatorFachmagazin\",\"https:\\\/\\\/www.linkedin.com\\\/showcase\\\/organisator-das-magazin-fr-kmu\",\"https:\\\/\\\/www.xing.com\\\/news\\\/pages\\\/organisator-ch-695\",\"https:\\\/\\\/www.youtube.com\\\/channel\\\/UCGP2Sq0iWaZwT3BdIAQFYpw\"]},{\"@type\":\"Person\",\"@id\":\"https:\\\/\\\/www.organisator.ch\\\/#\\\/schema\\\/person\\\/2e1314a2172123f874db408d8911d3f3\",\"name\":\"Adelisa Kalajdzini\",\"image\":{\"@type\":\"ImageObject\",\"inLanguage\":\"fr-FR\",\"@id\":\"https:\\\/\\\/secure.gravatar.com\\\/avatar\\\/09a397c22ac58cad6f160ee8306348599df9df58a8ede73696226897b9fa4b24?s=96&d=mm&r=g\",\"url\":\"https:\\\/\\\/secure.gravatar.com\\\/avatar\\\/09a397c22ac58cad6f160ee8306348599df9df58a8ede73696226897b9fa4b24?s=96&d=mm&r=g\",\"contentUrl\":\"https:\\\/\\\/secure.gravatar.com\\\/avatar\\\/09a397c22ac58cad6f160ee8306348599df9df58a8ede73696226897b9fa4b24?s=96&d=mm&r=g\",\"caption\":\"Adelisa Kalajdzini\"},\"url\":\"https:\\\/\\\/www.organisator.ch\\\/fr\\\/author\\\/adelisa-kalajdzini\\\/\"}]}<\/script>\n<!-- \/ Yoast SEO plugin. -->","yoast_head_json":{"title":"Laurent Decrue devient le nouveau membre du conseil d'administration de newhome - Organisateur","description":"Laurent Decrue, un acteur important de la sc\u00e8ne suisse des start-up, a \u00e9t\u00e9 \u00e9lu au conseil d'administration de newhome.ch SA.","robots":{"index":"index","follow":"follow","max-snippet":"max-snippet:-1","max-image-preview":"max-image-preview:large","max-video-preview":"max-video-preview:-1"},"canonical":"https:\/\/www.organisator.ch\/fr\/gestion-2\/2024-07-03\/laurent-decrue-wird-neuer-verwaltungsrat-bei-newhome\/","og_locale":"fr_FR","og_type":"article","og_title":"Laurent Decrue wird neuer Verwaltungsrat bei newhome","og_description":"Die newhome.ch AG hat mit Laurent Decrue einen wichtigen Akteur der Schweizer Start-up-Szene in den Verwaltungsrat gew\u00e4hlt.","og_url":"https:\/\/www.organisator.ch\/fr\/gestion-2\/2024-07-03\/laurent-decrue-wird-neuer-verwaltungsrat-bei-newhome\/","og_site_name":"Organisator","article_publisher":"https:\/\/www.facebook.com\/OrganisatorFachmagazin","article_published_time":"2024-07-03T10:47:10+00:00","og_image":[{"width":680,"height":457,"url":"https:\/\/www.organisator.ch\/wp-content\/uploads\/2024\/07\/Laurent-Decrue_Bild1_ps.jpg","type":"image\/jpeg"}],"author":"Adelisa Kalajdzini","twitter_card":"summary_large_image","twitter_title":"Laurent Decrue wird neuer Verwaltungsrat bei newhome","twitter_description":"Die #newhome.ch AG hat mit #Laurent #Decrue einen wichtigen Akteur der Schweizer Start-up-Szene in den #Verwaltungsrat gew\u00e4hlt.","twitter_image":"https:\/\/www.organisator.ch\/wp-content\/uploads\/2024\/07\/Laurent-Decrue_Bild1_ps.jpg","schema":{"@context":"https:\/\/schema.org","@graph":[{"@type":"Article","@id":"https:\/\/www.organisator.ch\/management\/2024-07-03\/laurent-decrue-wird-neuer-verwaltungsrat-bei-newhome\/#article","isPartOf":{"@id":"https:\/\/www.organisator.ch\/management\/2024-07-03\/laurent-decrue-wird-neuer-verwaltungsrat-bei-newhome\/"},"author":{"name":"Adelisa Kalajdzini","@id":"https:\/\/www.organisator.ch\/#\/schema\/person\/2e1314a2172123f874db408d8911d3f3"},"headline":"Laurent Decrue wird neuer Verwaltungsrat bei newhome","datePublished":"2024-07-03T10:47:10+00:00","mainEntityOfPage":{"@id":"https:\/\/www.organisator.ch\/management\/2024-07-03\/laurent-decrue-wird-neuer-verwaltungsrat-bei-newhome\/"},"wordCount":304,"publisher":{"@id":"https:\/\/www.organisator.ch\/#organization"},"image":{"@id":"https:\/\/www.organisator.ch\/management\/2024-07-03\/laurent-decrue-wird-neuer-verwaltungsrat-bei-newhome\/#primaryimage"},"thumbnailUrl":"https:\/\/www.organisator.ch\/wp-content\/uploads\/2024\/07\/Laurent-Decrue_Bild1_ps.jpg","keywords":["Management und Unternehmensf\u00fchrung","Schweiz","Unternehmen","Verwaltungsrat"],"articleSection":["MANAGEMENT"],"inLanguage":"fr-FR"},{"@type":"WebPage","@id":"https:\/\/www.organisator.ch\/management\/2024-07-03\/laurent-decrue-wird-neuer-verwaltungsrat-bei-newhome\/","url":"https:\/\/www.organisator.ch\/management\/2024-07-03\/laurent-decrue-wird-neuer-verwaltungsrat-bei-newhome\/","name":"Laurent Decrue devient le nouveau membre du conseil d'administration de newhome - Organisateur","isPartOf":{"@id":"https:\/\/www.organisator.ch\/#website"},"primaryImageOfPage":{"@id":"https:\/\/www.organisator.ch\/management\/2024-07-03\/laurent-decrue-wird-neuer-verwaltungsrat-bei-newhome\/#primaryimage"},"image":{"@id":"https:\/\/www.organisator.ch\/management\/2024-07-03\/laurent-decrue-wird-neuer-verwaltungsrat-bei-newhome\/#primaryimage"},"thumbnailUrl":"https:\/\/www.organisator.ch\/wp-content\/uploads\/2024\/07\/Laurent-Decrue_Bild1_ps.jpg","datePublished":"2024-07-03T10:47:10+00:00","description":"Laurent Decrue, un acteur important de la sc\u00e8ne suisse des start-up, a \u00e9t\u00e9 \u00e9lu au conseil d'administration de newhome.ch SA.","breadcrumb":{"@id":"https:\/\/www.organisator.ch\/management\/2024-07-03\/laurent-decrue-wird-neuer-verwaltungsrat-bei-newhome\/#breadcrumb"},"inLanguage":"fr-FR","potentialAction":[{"@type":"ReadAction","target":["https:\/\/www.organisator.ch\/management\/2024-07-03\/laurent-decrue-wird-neuer-verwaltungsrat-bei-newhome\/"]}]},{"@type":"ImageObject","inLanguage":"fr-FR","@id":"https:\/\/www.organisator.ch\/management\/2024-07-03\/laurent-decrue-wird-neuer-verwaltungsrat-bei-newhome\/#primaryimage","url":"https:\/\/www.organisator.ch\/wp-content\/uploads\/2024\/07\/Laurent-Decrue_Bild1_ps.jpg","contentUrl":"https:\/\/www.organisator.ch\/wp-content\/uploads\/2024\/07\/Laurent-Decrue_Bild1_ps.jpg","width":680,"height":457,"caption":"Laurent Decrue - Neuer Verwaltungsrat bei newhome. (Bild: www.newhome.ch)"},{"@type":"BreadcrumbList","@id":"https:\/\/www.organisator.ch\/management\/2024-07-03\/laurent-decrue-wird-neuer-verwaltungsrat-bei-newhome\/#breadcrumb","itemListElement":[{"@type":"ListItem","position":1,"name":"Home","item":"https:\/\/www.organisator.ch\/"},{"@type":"ListItem","position":2,"name":"Laurent Decrue wird neuer Verwaltungsrat bei newhome"}]},{"@type":"WebSite","@id":"https:\/\/www.organisator.ch\/#website","url":"https:\/\/www.organisator.ch\/","name":"Organisateur","description":"Comp\u00e9tence et comp\u00e9tence. Proches de la pratique. L'ORGANISATEUR pr\u00e9pare 10 num\u00e9ros par an sur les th\u00e8mes essentiels pour les dirigeants de PME.","publisher":{"@id":"https:\/\/www.organisator.ch\/#organization"},"potentialAction":[{"@type":"SearchAction","target":{"@type":"EntryPoint","urlTemplate":"https:\/\/www.organisator.ch\/?s={search_term_string}"},"query-input":{"@type":"PropertyValueSpecification","valueRequired":true,"valueName":"search_term_string"}}],"inLanguage":"fr-FR"},{"@type":"Organization","@id":"https:\/\/www.organisator.ch\/#organization","name":"Organisateur","url":"https:\/\/www.organisator.ch\/","logo":{"@type":"ImageObject","inLanguage":"fr-FR","@id":"https:\/\/www.organisator.ch\/#\/schema\/logo\/image\/","url":"https:\/\/www.organisator.ch\/wp-content\/uploads\/2022\/01\/Logo_Organisator_Website.png","contentUrl":"https:\/\/www.organisator.ch\/wp-content\/uploads\/2022\/01\/Logo_Organisator_Website.png","width":800,"height":77,"caption":"Organisator"},"image":{"@id":"https:\/\/www.organisator.ch\/#\/schema\/logo\/image\/"},"sameAs":["https:\/\/www.facebook.com\/OrganisatorFachmagazin","https:\/\/www.linkedin.com\/showcase\/organisator-das-magazin-fr-kmu","https:\/\/www.xing.com\/news\/pages\/organisator-ch-695","https:\/\/www.youtube.com\/channel\/UCGP2Sq0iWaZwT3BdIAQFYpw"]},{"@type":"Person","@id":"https:\/\/www.organisator.ch\/#\/schema\/person\/2e1314a2172123f874db408d8911d3f3","name":"Adelisa Kalajdzini","image":{"@type":"ImageObject","inLanguage":"fr-FR","@id":"https:\/\/secure.gravatar.com\/avatar\/09a397c22ac58cad6f160ee8306348599df9df58a8ede73696226897b9fa4b24?s=96&d=mm&r=g","url":"https:\/\/secure.gravatar.com\/avatar\/09a397c22ac58cad6f160ee8306348599df9df58a8ede73696226897b9fa4b24?s=96&d=mm&r=g","contentUrl":"https:\/\/secure.gravatar.com\/avatar\/09a397c22ac58cad6f160ee8306348599df9df58a8ede73696226897b9fa4b24?s=96&d=mm&r=g","caption":"Adelisa Kalajdzini"},"url":"https:\/\/www.organisator.ch\/fr\/author\/adelisa-kalajdzini\/"}]}},"_links":{"self":[{"href":"https:\/\/www.organisator.ch\/fr\/wp-json\/wp\/v2\/posts\/28210","targetHints":{"allow":["GET"]}}],"collection":[{"href":"https:\/\/www.organisator.ch\/fr\/wp-json\/wp\/v2\/posts"}],"about":[{"href":"https:\/\/www.organisator.ch\/fr\/wp-json\/wp\/v2\/types\/post"}],"author":[{"embeddable":true,"href":"https:\/\/www.organisator.ch\/fr\/wp-json\/wp\/v2\/users\/58"}],"replies":[{"embeddable":true,"href":"https:\/\/www.organisator.ch\/fr\/wp-json\/wp\/v2\/comments?post=28210"}],"version-history":[{"count":3,"href":"https:\/\/www.organisator.ch\/fr\/wp-json\/wp\/v2\/posts\/28210\/revisions"}],"predecessor-version":[{"id":28237,"href":"https:\/\/www.organisator.ch\/fr\/wp-json\/wp\/v2\/posts\/28210\/revisions\/28237"}],"wp:featuredmedia":[{"embeddable":true,"href":"https:\/\/www.organisator.ch\/fr\/wp-json\/wp\/v2\/media\/28211"}],"wp:attachment":[{"href":"https:\/\/www.organisator.ch\/fr\/wp-json\/wp\/v2\/media?parent=28210"}],"wp:term":[{"taxonomy":"category","embeddable":true,"href":"https:\/\/www.organisator.ch\/fr\/wp-json\/wp\/v2\/categories?post=28210"},{"taxonomy":"post_tag","embeddable":true,"href":"https:\/\/www.organisator.ch\/fr\/wp-json\/wp\/v2\/tags?post=28210"}],"curies":[{"name":"wp","href":"https:\/\/api.w.org\/{rel}","templated":true}]}}