{"id":2822,"date":"2017-12-05T15:40:25","date_gmt":"2017-12-05T14:40:25","guid":{"rendered":"https:\/\/www.organisator.ch\/?p=2822"},"modified":"2017-12-05T15:40:25","modified_gmt":"2017-12-05T14:40:25","slug":"die-wichtigsten-erp-themen-fuer-2018","status":"publish","type":"post","link":"https:\/\/www.organisator.ch\/fr\/management\/it\/2017-12-05\/die-wichtigsten-erp-themen-fuer-2018\/","title":{"rendered":"Les principaux th\u00e8mes ERP pour 2018"},"content":{"rendered":"<figure id=\"attachment_2823\" aria-describedby=\"caption-attachment-2823\" style=\"width: 640px\" class=\"wp-caption alignnone\"><img loading=\"lazy\" decoding=\"async\" class=\"size-full wp-image-2823\" src=\"https:\/\/www.organisator.ch\/wp-content\/uploads\/2017\/12\/Die-wichtigsten-ERP-Themen-fuer-2018_Organisator.jpg\" alt=\"\" width=\"640\" height=\"427\" srcset=\"https:\/\/www.organisator.ch\/wp-content\/uploads\/2017\/12\/Die-wichtigsten-ERP-Themen-fuer-2018_Organisator.jpg 640w, https:\/\/www.organisator.ch\/wp-content\/uploads\/2017\/12\/Die-wichtigsten-ERP-Themen-fuer-2018_Organisator-16x12.jpg 16w, https:\/\/www.organisator.ch\/wp-content\/uploads\/2017\/12\/Die-wichtigsten-ERP-Themen-fuer-2018_Organisator-262x175.jpg 262w, https:\/\/www.organisator.ch\/wp-content\/uploads\/2017\/12\/Die-wichtigsten-ERP-Themen-fuer-2018_Organisator-525x350.jpg 525w, https:\/\/www.organisator.ch\/wp-content\/uploads\/2017\/12\/Die-wichtigsten-ERP-Themen-fuer-2018_Organisator-300x200.jpg 300w\" sizes=\"auto, (max-width: 640px) 100vw, 640px\" \/><figcaption id=\"caption-attachment-2823\" class=\"wp-caption-text\">En 2018, diff\u00e9rents th\u00e8mes ERP occuperont les clients. (Image : WrightStudio - Fotolia.com)<\/figcaption><\/figure>\n<p>L'\u00e9diteur de progiciels de gestion int\u00e9gr\u00e9s (ERP) proALPHA, troisi\u00e8me fournisseur en Allemagne, en Autriche et en Suisse de progiciels de gestion int\u00e9gr\u00e9s (ERP) pour les entreprises de taille moyenne dans les secteurs de la fabrication et du commerce, a analys\u00e9 de nombreux projets clients et \u00e9tudes en tenant compte des \u00e9volutions les plus r\u00e9centes dans les entreprises de taille moyenne. Le cloud, la mobilit\u00e9, l'industrie 4.0 et l'Internet des objets (IoT) trouvent de plus en plus de champs d'application. Une majorit\u00e9 d'entreprises s'occupera donc intensivement de la mise en pratique de ces technologies au cours de l'ann\u00e9e \u00e0 venir. En outre, les premi\u00e8res exp\u00e9rimentent \u00e9galement l'intelligence artificielle et le Machine Learning. Pour l'\u00e9diteur d'ERP, on peut identifier ces dix th\u00e8mes ERP pour 2018 :<\/p>\n<ol>\n<li><strong>Le client est encore plus au centre de nos pr\u00e9occupations.<\/strong> Comme les produits sont de plus en plus comparables dans la concurrence internationale, de nombreux fabricants red\u00e9couvrent une vieille vertu : la bonne relation avec le client. En effet, il est plus facile de g\u00e9n\u00e9rer des commandes ult\u00e9rieures avec des clients existants satisfaits - \u00e0 condition de conna\u00eetre l'historique commun. Le lien entre la gestion des relations clients (CRM) et le dossier de commande et de produit d'un client (ERP) pose ici la premi\u00e8re pierre. L'\u00e9tude de march\u00e9 ERP 2017, publi\u00e9e par l'institut d'\u00e9tudes de march\u00e9 de l'Universit\u00e9 de B\u00e2le, confirme \u00e9galement la demande croissante de fonctionnalit\u00e9s CRM. <a href=\"http:\/\/www.trovarit.com\/studien\/marktspiegel\/erppps\/\">Trovarit<\/a> et l'Institut de recherche sur la rationalisation (Forschungsinstitut f\u00fcr Rationalisierung e.V.) de l'Universit\u00e9 technique d'Aix-la-Chapelle (RWTH).<\/li>\n<li><strong>Les PME misent sur des solutions sectorielles.\u00a0<\/strong> Pour reproduire des processus commerciaux individuels et des sp\u00e9cificit\u00e9s sectorielles dans un ERP, il est souvent n\u00e9cessaire de proc\u00e9der \u00e0 une personnalisation importante. Mais trop de personnalisations se sont av\u00e9r\u00e9es \u00eatre une erreur co\u00fbteuse par le pass\u00e9 - tout comme l'adaptation de ses propres processus \u00e0 un syst\u00e8me. L'exp\u00e9rience a montr\u00e9 que les PME et les grandes entreprises recherchent aujourd'hui des solutions qui couvrent d\u00e9j\u00e0 de nombreuses exigences sectorielles, comme proALPHA avec ses Industry Components.<\/li>\n<li><strong>La gestion num\u00e9rique des documents a le vent en poupe.<\/strong> Jusqu'\u00e0 pr\u00e9sent, la peur de devoir g\u00e9rer des interfaces suppl\u00e9mentaires et fastidieuses ou des silos d'informations suppl\u00e9mentaires a emp\u00each\u00e9 de nombreuses PME d'investir dans un syst\u00e8me de gestion documentaire (DMS). Avec la num\u00e9risation croissante, la donne est en train de changer. En septembre, Bitkom a pr\u00e9sent\u00e9 une \u00e9tude selon laquelle une entreprise de taille moyenne sur cinq souhaite investir davantage dans le bureau num\u00e9rique. Les possibilit\u00e9s de choix vont d'innombrables solutions individuelles \u00e0 des solutions ERP compl\u00e8tes comme proALPHA, qui int\u00e8grent d\u00e9j\u00e0 un DMS.<\/li>\n<li><strong>La gestion automatis\u00e9e augmente la productivit\u00e9.<\/strong> Le souhait d'une plus grande efficacit\u00e9 dans l'administration est \u00e9troitement li\u00e9 au DMS. De nombreuses entreprises tentent d'automatiser autant que possible les processus administratifs. Selon un rapport de la soci\u00e9t\u00e9 de conseil <a href=\"https:\/\/www.accenture.com\/de-de\/insight-cfo-digital-kingdom-strategic-ruler?c=ad_gigermanyFY17_10002099&amp;n=bac_0717\">Accenture<\/a> la plupart des directeurs financiers ont reconnu la n\u00e9cessit\u00e9 d'une transformation num\u00e9rique. Les plus innovants d'entre eux assurent d\u00e9j\u00e0 un traitement plus rapide des transactions de bout en bout, par exemple de la r\u00e9ception de la facture \u00e0 l'\u00e9criture au noir. Il est ainsi possible d'\u00e9conomiser jusqu'\u00e0 90% de la charge de travail manuelle.<\/li>\n<li><strong>Croissance durable : le cloud s'impose.<\/strong> La demande de syst\u00e8mes sur site reste \u00e9lev\u00e9e, a r\u00e9cemment constat\u00e9 le <a href=\"https:\/\/www.bitkom.org\/Presse\/Presseinformation\/ERP-Branche-auf-Wachstumskurs.html\">Bitkom<\/a>Mais la tendance est clairement au cloud. Les entreprises peuvent choisir parmi plusieurs mod\u00e8les de d\u00e9ploiement \u00e9prouv\u00e9s. En commen\u00e7ant par l'h\u00e9bergement du logiciel ERP dans un centre de donn\u00e9es s\u00e9curis\u00e9 jusqu'aux mod\u00e8les de location de solutions Software-as-a-Service. Le cloud offre la flexibilit\u00e9 n\u00e9cessaire, en particulier pour la connexion de filiales \u00e0 l'\u00e9tranger. L'internationalisation croissante va donc continuer \u00e0 donner de l'\u00e9lan au cloud.<\/li>\n<li><strong>Des m\u00e9thodes d'analyse toujours plus performantes mettent l'accent sur la qualit\u00e9 des donn\u00e9es.<\/strong> Les entreprises reconnaissent de plus en plus la valeur de leurs donn\u00e9es, comme le montre une \u00e9tude de KPMG. Elles analysent leurs stocks de donn\u00e9es en constante augmentation avec des outils modernes afin d'adapter leur propre mod\u00e8le commercial. Mais : la confiance dans la qualit\u00e9 des donn\u00e9es peut encore \u00eatre am\u00e9lior\u00e9e. Environ une entreprise sur trois doute de la fiabilit\u00e9 de ses propres analyses de donn\u00e9es, selon le rapport de KPMG. Outre les cockpits interactifs, les entreprises ont donc un besoin urgent d'une gestion de la qualit\u00e9 des donn\u00e9es. Le renforcement des exigences l\u00e9gales va encore alimenter cette tendance.<\/li>\n<li><strong>Ann\u00e9e de focalisation sur la conformit\u00e9.<\/strong> 2018 sera une ann\u00e9e de conformit\u00e9 et de donn\u00e9es. La fin de la p\u00e9riode de transition pour le r\u00e8glement g\u00e9n\u00e9ral sur la protection des donn\u00e9es (RGPD) de l'UE en mai 2018 attire beaucoup d'attention - et pas seulement pour le RGPD de l'UE, mais pour le th\u00e8me de la conformit\u00e9 en g\u00e9n\u00e9ral. En effet, les r\u00e9glementations existantes ont elles aussi leur part de responsabilit\u00e9. Les entreprises qui ne sont pas s\u00fbres d'elles-m\u00eames devraient absolument se faire conseiller. Sinon, le r\u00e9veil risque d'\u00eatre brutal lors du prochain contr\u00f4le fiscal.<\/li>\n<li><strong>Sans Mobility, rien ne va plus\u00a0<\/strong> Le travail mobile et la transmission sans d\u00e9lai des donn\u00e9es aux processus en aval ne r\u00e9duisent pas seulement les temps de traitement. Ils rendent \u00e9galement les processus plus fiables. C'est pourquoi les solutions mobiles s'imposent actuellement sur un large front : du portail de service pour les techniciens sur le terrain au suivi pr\u00e9cis des supports de marchandises dans la production, en passant par la saisie des donn\u00e9es d'exploitation dans l'entrep\u00f4t. Le nombre de cas d'utilisation et de solutions r\u00e9alis\u00e9es dans ce domaine va encore augmenter.<\/li>\n<li><strong>L'Internet des objets devient mainstream.<\/strong> L'\"Internet of Things\", ou IoT, fait de plus en plus son entr\u00e9e dans la pratique. Les entreprises r\u00e9alisent de plus en plus de premiers projets et acqui\u00e8rent de l'exp\u00e9rience dans l'utilisation de technologies de capteurs intelligents en r\u00e9seau. La maintenance pr\u00e9dictive a jou\u00e9 un r\u00f4le de pionnier dans ce domaine. Ces solutions promettent un premier et solide retour sur investissement de la num\u00e9risation.<\/li>\n<li><strong>Premiers pas dans le domaine de l'intelligence artificielle.<\/strong> Les PME abordent les tendances \u00e0 la mode avec prudence. C'\u00e9tait d\u00e9j\u00e0 le cas il y a quelques ann\u00e9es avec l'industrie 4.0. Il en va de m\u00eame aujourd'hui avec l'intelligence artificielle (IA). Les pr\u00e9curseurs exp\u00e9rimentent d\u00e9j\u00e0 l'IA et les syst\u00e8mes d'auto-apprentissage. En effet, les nouvelles technologies offrent toujours la possibilit\u00e9 de devenir plus productives et de d\u00e9charger les collaborateurs des t\u00e2ches routini\u00e8res, comme le montrent les premi\u00e8res exp\u00e9riences avec les assistants vocaux interactifs.<\/li>\n<\/ol>\n<p>&nbsp;<\/p>\n<p>Avec 26 filiales et partenaires certifi\u00e9s dans le monde entier et environ 900 collaborateurs, proALPHA compte parmi les plus grands fournisseurs en rapport avec les th\u00e8mes ERP pour les PME. Plus de 100 d\u00e9veloppeurs travaillent au perfectionnement continu de la solution. Des coop\u00e9rations avec des instituts de recherche renomm\u00e9s tels que Fraunhofer, RWTH Aachen, Smart Electronic Factory et SmartFactoryKL contribuent \u00e9galement \u00e0 l'innovation.<\/p>\n<p><em>Plus d'informations : <a href=\"https:\/\/www.proalpha.com\/ch\/\">proALPHA<\/a><\/em><\/p>","protected":false},"excerpt":{"rendered":"<p>Der ERP-Hersteller proALPHA, in Deutschland, \u00d6sterreich, Schweiz der drittgr\u00f6\u00dfte Anbieter f\u00fcr ERP f\u00fcr mittelst\u00e4ndische Unternehmen in Fertigung und Handel,\u00a0hat zahlreiche Kundenprojekte und Studien mit Blick auf die aktuellsten Entwicklungen\u00a0in\u00a0mittelst\u00e4ndischen\u00a0Unternehmen\u00a0untersucht. Cloud, Mobility, Industrie 4.0 und Internet of Things (IoT) finden immer mehr Einsatzfelder. Eine Mehrheit der Unternehmen befasst sich daher im kommenden Jahr intensiv damit, diese [&hellip;]<\/p>\n","protected":false},"author":4,"featured_media":2823,"comment_status":"open","ping_status":"open","sticky":false,"template":"","format":"standard","meta":{"_acf_changed":false,"_yoast_wpseo_focuskw":"ERP-Themen","_yoast_wpseo_metadesc":"Je nachdem, wie intensiv sich die Unternehmen bereits damit befasst haben, stehen 2018 f\u00fcr die ERP-Anwender v\u00f6llig unterschiedliche Schwerpunkte an.","articlekey":"","footnotes":""},"categories":[27],"tags":[156,182,288],"class_list":["post-2822","post","type-post","status-publish","format-standard","has-post-thumbnail","hentry","category-it","tag-digitalisierung","tag-erp","tag-it-business-software"],"acf":[],"yoast_head":"<!-- This site is optimized with the Yoast SEO plugin v27.5 - https:\/\/yoast.com\/product\/yoast-seo-wordpress\/ -->\n<title>Die wichtigsten ERP-Themen f\u00fcr 2018 - Organisator<\/title>\n<meta name=\"description\" content=\"Je nachdem, wie intensiv sich die Unternehmen bereits damit befasst haben, stehen 2018 f\u00fcr die ERP-Anwender v\u00f6llig unterschiedliche Schwerpunkte an.\" \/>\n<meta name=\"robots\" content=\"index, follow, max-snippet:-1, max-image-preview:large, max-video-preview:-1\" \/>\n<link rel=\"canonical\" href=\"https:\/\/www.organisator.ch\/fr\/gestion-2\/it\/2017-12-05\/die-wichtigsten-erp-themen-fuer-2018\/\" \/>\n<meta property=\"og:locale\" content=\"fr_FR\" \/>\n<meta property=\"og:type\" content=\"article\" \/>\n<meta property=\"og:title\" content=\"Die wichtigsten ERP-Themen f\u00fcr 2018\" \/>\n<meta property=\"og:description\" content=\"Je nachdem, wie intensiv sich die Unternehmen bereits damit befasst haben, stehen 2018 f\u00fcr die #ERP-Anwender v\u00f6llig unterschiedliche Schwerpunkte an.\" \/>\n<meta property=\"og:url\" content=\"https:\/\/www.organisator.ch\/fr\/gestion-2\/it\/2017-12-05\/die-wichtigsten-erp-themen-fuer-2018\/\" \/>\n<meta property=\"og:site_name\" content=\"Organisator\" \/>\n<meta property=\"article:publisher\" content=\"https:\/\/www.facebook.com\/OrganisatorFachmagazin\" \/>\n<meta property=\"article:published_time\" content=\"2017-12-05T14:40:25+00:00\" \/>\n<meta property=\"og:image\" content=\"https:\/\/www.organisator.ch\/wp-content\/uploads\/2017\/12\/Die-wichtigsten-ERP-Themen-fuer-2018_Organisator.jpg\" \/>\n\t<meta property=\"og:image:width\" content=\"640\" \/>\n\t<meta property=\"og:image:height\" content=\"427\" \/>\n\t<meta property=\"og:image:type\" content=\"image\/jpeg\" \/>\n<meta name=\"author\" content=\"thomas.berner\" \/>\n<meta name=\"twitter:card\" content=\"summary_large_image\" \/>\n<meta name=\"twitter:title\" content=\"Die wichtigsten #ERP-Themen f\u00fcr 2018\" \/>\n<meta name=\"twitter:description\" content=\"Je nachdem, wie intensiv sich die Unternehmen bereits damit befasst haben, stehen 2018 f\u00fcr die #ERP-Anwender v\u00f6llig unterschiedliche Schwerpunkte an.\" \/>\n<meta name=\"twitter:image\" content=\"https:\/\/www.organisator.ch\/wp-content\/uploads\/2017\/12\/Die-wichtigsten-ERP-Themen-f\u00fcr-2018_Organisator.jpg\" \/>\n<script type=\"application\/ld+json\" class=\"yoast-schema-graph\">{\"@context\":\"https:\\\/\\\/schema.org\",\"@graph\":[{\"@type\":\"Article\",\"@id\":\"https:\\\/\\\/www.organisator.ch\\\/management\\\/it\\\/2017-12-05\\\/die-wichtigsten-erp-themen-fuer-2018\\\/#article\",\"isPartOf\":{\"@id\":\"https:\\\/\\\/www.organisator.ch\\\/management\\\/it\\\/2017-12-05\\\/die-wichtigsten-erp-themen-fuer-2018\\\/\"},\"author\":{\"name\":\"thomas.berner\",\"@id\":\"https:\\\/\\\/www.organisator.ch\\\/#\\\/schema\\\/person\\\/6f650f90b2842cd4c0cc334b4e36f67e\"},\"headline\":\"Die wichtigsten ERP-Themen f\u00fcr 2018\",\"datePublished\":\"2017-12-05T14:40:25+00:00\",\"mainEntityOfPage\":{\"@id\":\"https:\\\/\\\/www.organisator.ch\\\/management\\\/it\\\/2017-12-05\\\/die-wichtigsten-erp-themen-fuer-2018\\\/\"},\"wordCount\":937,\"commentCount\":1,\"publisher\":{\"@id\":\"https:\\\/\\\/www.organisator.ch\\\/#organization\"},\"image\":{\"@id\":\"https:\\\/\\\/www.organisator.ch\\\/management\\\/it\\\/2017-12-05\\\/die-wichtigsten-erp-themen-fuer-2018\\\/#primaryimage\"},\"thumbnailUrl\":\"https:\\\/\\\/www.organisator.ch\\\/wp-content\\\/uploads\\\/2017\\\/12\\\/Die-wichtigsten-ERP-Themen-fuer-2018_Organisator.jpg\",\"keywords\":[\"Digitalisierung\",\"ERP\",\"IT &amp; Business Software\"],\"articleSection\":[\"IT\"],\"inLanguage\":\"fr-FR\"},{\"@type\":\"WebPage\",\"@id\":\"https:\\\/\\\/www.organisator.ch\\\/management\\\/it\\\/2017-12-05\\\/die-wichtigsten-erp-themen-fuer-2018\\\/\",\"url\":\"https:\\\/\\\/www.organisator.ch\\\/management\\\/it\\\/2017-12-05\\\/die-wichtigsten-erp-themen-fuer-2018\\\/\",\"name\":\"Die wichtigsten ERP-Themen f\u00fcr 2018 - Organisator\",\"isPartOf\":{\"@id\":\"https:\\\/\\\/www.organisator.ch\\\/#website\"},\"primaryImageOfPage\":{\"@id\":\"https:\\\/\\\/www.organisator.ch\\\/management\\\/it\\\/2017-12-05\\\/die-wichtigsten-erp-themen-fuer-2018\\\/#primaryimage\"},\"image\":{\"@id\":\"https:\\\/\\\/www.organisator.ch\\\/management\\\/it\\\/2017-12-05\\\/die-wichtigsten-erp-themen-fuer-2018\\\/#primaryimage\"},\"thumbnailUrl\":\"https:\\\/\\\/www.organisator.ch\\\/wp-content\\\/uploads\\\/2017\\\/12\\\/Die-wichtigsten-ERP-Themen-fuer-2018_Organisator.jpg\",\"datePublished\":\"2017-12-05T14:40:25+00:00\",\"description\":\"Je nachdem, wie intensiv sich die Unternehmen bereits damit befasst haben, stehen 2018 f\u00fcr die ERP-Anwender v\u00f6llig unterschiedliche Schwerpunkte an.\",\"breadcrumb\":{\"@id\":\"https:\\\/\\\/www.organisator.ch\\\/management\\\/it\\\/2017-12-05\\\/die-wichtigsten-erp-themen-fuer-2018\\\/#breadcrumb\"},\"inLanguage\":\"fr-FR\",\"potentialAction\":[{\"@type\":\"ReadAction\",\"target\":[\"https:\\\/\\\/www.organisator.ch\\\/management\\\/it\\\/2017-12-05\\\/die-wichtigsten-erp-themen-fuer-2018\\\/\"]}]},{\"@type\":\"ImageObject\",\"inLanguage\":\"fr-FR\",\"@id\":\"https:\\\/\\\/www.organisator.ch\\\/management\\\/it\\\/2017-12-05\\\/die-wichtigsten-erp-themen-fuer-2018\\\/#primaryimage\",\"url\":\"https:\\\/\\\/www.organisator.ch\\\/wp-content\\\/uploads\\\/2017\\\/12\\\/Die-wichtigsten-ERP-Themen-fuer-2018_Organisator.jpg\",\"contentUrl\":\"https:\\\/\\\/www.organisator.ch\\\/wp-content\\\/uploads\\\/2017\\\/12\\\/Die-wichtigsten-ERP-Themen-fuer-2018_Organisator.jpg\",\"width\":640,\"height\":427,\"caption\":\"Im Jahr 2018 werden verschiedene ERP-Themen die Kunden besch\u00e4ftigen. (Bild: WrightStudio - Fotolia.com)\"},{\"@type\":\"BreadcrumbList\",\"@id\":\"https:\\\/\\\/www.organisator.ch\\\/management\\\/it\\\/2017-12-05\\\/die-wichtigsten-erp-themen-fuer-2018\\\/#breadcrumb\",\"itemListElement\":[{\"@type\":\"ListItem\",\"position\":1,\"name\":\"Home\",\"item\":\"https:\\\/\\\/www.organisator.ch\\\/\"},{\"@type\":\"ListItem\",\"position\":2,\"name\":\"Die wichtigsten ERP-Themen f\u00fcr 2018\"}]},{\"@type\":\"WebSite\",\"@id\":\"https:\\\/\\\/www.organisator.ch\\\/#website\",\"url\":\"https:\\\/\\\/www.organisator.ch\\\/\",\"name\":\"Organisator\",\"description\":\"Kompetent. Praxisnah. Der ORGANISATOR bereitet in 10 Ausgaben pro Jahr die wesentlichen Themen f\u00fcr F\u00fchrungskr\u00e4fte von KMU auf.\",\"publisher\":{\"@id\":\"https:\\\/\\\/www.organisator.ch\\\/#organization\"},\"potentialAction\":[{\"@type\":\"SearchAction\",\"target\":{\"@type\":\"EntryPoint\",\"urlTemplate\":\"https:\\\/\\\/www.organisator.ch\\\/?s={search_term_string}\"},\"query-input\":{\"@type\":\"PropertyValueSpecification\",\"valueRequired\":true,\"valueName\":\"search_term_string\"}}],\"inLanguage\":\"fr-FR\"},{\"@type\":\"Organization\",\"@id\":\"https:\\\/\\\/www.organisator.ch\\\/#organization\",\"name\":\"Organisator\",\"url\":\"https:\\\/\\\/www.organisator.ch\\\/\",\"logo\":{\"@type\":\"ImageObject\",\"inLanguage\":\"fr-FR\",\"@id\":\"https:\\\/\\\/www.organisator.ch\\\/#\\\/schema\\\/logo\\\/image\\\/\",\"url\":\"https:\\\/\\\/www.organisator.ch\\\/wp-content\\\/uploads\\\/2022\\\/01\\\/Logo_Organisator_Website.png\",\"contentUrl\":\"https:\\\/\\\/www.organisator.ch\\\/wp-content\\\/uploads\\\/2022\\\/01\\\/Logo_Organisator_Website.png\",\"width\":800,\"height\":77,\"caption\":\"Organisator\"},\"image\":{\"@id\":\"https:\\\/\\\/www.organisator.ch\\\/#\\\/schema\\\/logo\\\/image\\\/\"},\"sameAs\":[\"https:\\\/\\\/www.facebook.com\\\/OrganisatorFachmagazin\",\"https:\\\/\\\/www.linkedin.com\\\/showcase\\\/organisator-das-magazin-fr-kmu\",\"https:\\\/\\\/www.xing.com\\\/news\\\/pages\\\/organisator-ch-695\",\"https:\\\/\\\/www.youtube.com\\\/channel\\\/UCGP2Sq0iWaZwT3BdIAQFYpw\"]},{\"@type\":\"Person\",\"@id\":\"https:\\\/\\\/www.organisator.ch\\\/#\\\/schema\\\/person\\\/6f650f90b2842cd4c0cc334b4e36f67e\",\"name\":\"thomas.berner\",\"image\":{\"@type\":\"ImageObject\",\"inLanguage\":\"fr-FR\",\"@id\":\"https:\\\/\\\/secure.gravatar.com\\\/avatar\\\/ac5001d2a36cb6c6cd3e50789007ffca834b477b74a2144564522e944eabff61?s=96&d=mm&r=g\",\"url\":\"https:\\\/\\\/secure.gravatar.com\\\/avatar\\\/ac5001d2a36cb6c6cd3e50789007ffca834b477b74a2144564522e944eabff61?s=96&d=mm&r=g\",\"contentUrl\":\"https:\\\/\\\/secure.gravatar.com\\\/avatar\\\/ac5001d2a36cb6c6cd3e50789007ffca834b477b74a2144564522e944eabff61?s=96&d=mm&r=g\",\"caption\":\"thomas.berner\"},\"url\":\"https:\\\/\\\/www.organisator.ch\\\/fr\\\/author\\\/thomas-berner\\\/\"}]}<\/script>\n<!-- \/ Yoast SEO plugin. -->","yoast_head_json":{"title":"Les principaux th\u00e8mes ERP pour 2018 - Organisateur","description":"En fonction de l'intensit\u00e9 avec laquelle les entreprises se sont d\u00e9j\u00e0 pench\u00e9es sur la question, les priorit\u00e9s des utilisateurs d'ERP seront totalement diff\u00e9rentes en 2018.","robots":{"index":"index","follow":"follow","max-snippet":"max-snippet:-1","max-image-preview":"max-image-preview:large","max-video-preview":"max-video-preview:-1"},"canonical":"https:\/\/www.organisator.ch\/fr\/gestion-2\/it\/2017-12-05\/die-wichtigsten-erp-themen-fuer-2018\/","og_locale":"fr_FR","og_type":"article","og_title":"Die wichtigsten ERP-Themen f\u00fcr 2018","og_description":"Je nachdem, wie intensiv sich die Unternehmen bereits damit befasst haben, stehen 2018 f\u00fcr die #ERP-Anwender v\u00f6llig unterschiedliche Schwerpunkte an.","og_url":"https:\/\/www.organisator.ch\/fr\/gestion-2\/it\/2017-12-05\/die-wichtigsten-erp-themen-fuer-2018\/","og_site_name":"Organisator","article_publisher":"https:\/\/www.facebook.com\/OrganisatorFachmagazin","article_published_time":"2017-12-05T14:40:25+00:00","og_image":[{"width":640,"height":427,"url":"https:\/\/www.organisator.ch\/wp-content\/uploads\/2017\/12\/Die-wichtigsten-ERP-Themen-fuer-2018_Organisator.jpg","type":"image\/jpeg"}],"author":"thomas.berner","twitter_card":"summary_large_image","twitter_title":"Die wichtigsten #ERP-Themen f\u00fcr 2018","twitter_description":"Je nachdem, wie intensiv sich die Unternehmen bereits damit befasst haben, stehen 2018 f\u00fcr die #ERP-Anwender v\u00f6llig unterschiedliche Schwerpunkte an.","twitter_image":"https:\/\/www.organisator.ch\/wp-content\/uploads\/2017\/12\/Die-wichtigsten-ERP-Themen-f\u00fcr-2018_Organisator.jpg","schema":{"@context":"https:\/\/schema.org","@graph":[{"@type":"Article","@id":"https:\/\/www.organisator.ch\/management\/it\/2017-12-05\/die-wichtigsten-erp-themen-fuer-2018\/#article","isPartOf":{"@id":"https:\/\/www.organisator.ch\/management\/it\/2017-12-05\/die-wichtigsten-erp-themen-fuer-2018\/"},"author":{"name":"thomas.berner","@id":"https:\/\/www.organisator.ch\/#\/schema\/person\/6f650f90b2842cd4c0cc334b4e36f67e"},"headline":"Die wichtigsten ERP-Themen f\u00fcr 2018","datePublished":"2017-12-05T14:40:25+00:00","mainEntityOfPage":{"@id":"https:\/\/www.organisator.ch\/management\/it\/2017-12-05\/die-wichtigsten-erp-themen-fuer-2018\/"},"wordCount":937,"commentCount":1,"publisher":{"@id":"https:\/\/www.organisator.ch\/#organization"},"image":{"@id":"https:\/\/www.organisator.ch\/management\/it\/2017-12-05\/die-wichtigsten-erp-themen-fuer-2018\/#primaryimage"},"thumbnailUrl":"https:\/\/www.organisator.ch\/wp-content\/uploads\/2017\/12\/Die-wichtigsten-ERP-Themen-fuer-2018_Organisator.jpg","keywords":["Digitalisierung","ERP","IT &amp; Business Software"],"articleSection":["IT"],"inLanguage":"fr-FR"},{"@type":"WebPage","@id":"https:\/\/www.organisator.ch\/management\/it\/2017-12-05\/die-wichtigsten-erp-themen-fuer-2018\/","url":"https:\/\/www.organisator.ch\/management\/it\/2017-12-05\/die-wichtigsten-erp-themen-fuer-2018\/","name":"Les principaux th\u00e8mes ERP pour 2018 - Organisateur","isPartOf":{"@id":"https:\/\/www.organisator.ch\/#website"},"primaryImageOfPage":{"@id":"https:\/\/www.organisator.ch\/management\/it\/2017-12-05\/die-wichtigsten-erp-themen-fuer-2018\/#primaryimage"},"image":{"@id":"https:\/\/www.organisator.ch\/management\/it\/2017-12-05\/die-wichtigsten-erp-themen-fuer-2018\/#primaryimage"},"thumbnailUrl":"https:\/\/www.organisator.ch\/wp-content\/uploads\/2017\/12\/Die-wichtigsten-ERP-Themen-fuer-2018_Organisator.jpg","datePublished":"2017-12-05T14:40:25+00:00","description":"En fonction de l'intensit\u00e9 avec laquelle les entreprises se sont d\u00e9j\u00e0 pench\u00e9es sur la question, les priorit\u00e9s des utilisateurs d'ERP seront totalement diff\u00e9rentes en 2018.","breadcrumb":{"@id":"https:\/\/www.organisator.ch\/management\/it\/2017-12-05\/die-wichtigsten-erp-themen-fuer-2018\/#breadcrumb"},"inLanguage":"fr-FR","potentialAction":[{"@type":"ReadAction","target":["https:\/\/www.organisator.ch\/management\/it\/2017-12-05\/die-wichtigsten-erp-themen-fuer-2018\/"]}]},{"@type":"ImageObject","inLanguage":"fr-FR","@id":"https:\/\/www.organisator.ch\/management\/it\/2017-12-05\/die-wichtigsten-erp-themen-fuer-2018\/#primaryimage","url":"https:\/\/www.organisator.ch\/wp-content\/uploads\/2017\/12\/Die-wichtigsten-ERP-Themen-fuer-2018_Organisator.jpg","contentUrl":"https:\/\/www.organisator.ch\/wp-content\/uploads\/2017\/12\/Die-wichtigsten-ERP-Themen-fuer-2018_Organisator.jpg","width":640,"height":427,"caption":"Im Jahr 2018 werden verschiedene ERP-Themen die Kunden besch\u00e4ftigen. (Bild: WrightStudio - Fotolia.com)"},{"@type":"BreadcrumbList","@id":"https:\/\/www.organisator.ch\/management\/it\/2017-12-05\/die-wichtigsten-erp-themen-fuer-2018\/#breadcrumb","itemListElement":[{"@type":"ListItem","position":1,"name":"Home","item":"https:\/\/www.organisator.ch\/"},{"@type":"ListItem","position":2,"name":"Die wichtigsten ERP-Themen f\u00fcr 2018"}]},{"@type":"WebSite","@id":"https:\/\/www.organisator.ch\/#website","url":"https:\/\/www.organisator.ch\/","name":"Organisateur","description":"Comp\u00e9tence et comp\u00e9tence. Proches de la pratique. L'ORGANISATEUR pr\u00e9pare 10 num\u00e9ros par an sur les th\u00e8mes essentiels pour les dirigeants de PME.","publisher":{"@id":"https:\/\/www.organisator.ch\/#organization"},"potentialAction":[{"@type":"SearchAction","target":{"@type":"EntryPoint","urlTemplate":"https:\/\/www.organisator.ch\/?s={search_term_string}"},"query-input":{"@type":"PropertyValueSpecification","valueRequired":true,"valueName":"search_term_string"}}],"inLanguage":"fr-FR"},{"@type":"Organization","@id":"https:\/\/www.organisator.ch\/#organization","name":"Organisateur","url":"https:\/\/www.organisator.ch\/","logo":{"@type":"ImageObject","inLanguage":"fr-FR","@id":"https:\/\/www.organisator.ch\/#\/schema\/logo\/image\/","url":"https:\/\/www.organisator.ch\/wp-content\/uploads\/2022\/01\/Logo_Organisator_Website.png","contentUrl":"https:\/\/www.organisator.ch\/wp-content\/uploads\/2022\/01\/Logo_Organisator_Website.png","width":800,"height":77,"caption":"Organisator"},"image":{"@id":"https:\/\/www.organisator.ch\/#\/schema\/logo\/image\/"},"sameAs":["https:\/\/www.facebook.com\/OrganisatorFachmagazin","https:\/\/www.linkedin.com\/showcase\/organisator-das-magazin-fr-kmu","https:\/\/www.xing.com\/news\/pages\/organisator-ch-695","https:\/\/www.youtube.com\/channel\/UCGP2Sq0iWaZwT3BdIAQFYpw"]},{"@type":"Person","@id":"https:\/\/www.organisator.ch\/#\/schema\/person\/6f650f90b2842cd4c0cc334b4e36f67e","name":"thomas.berner","image":{"@type":"ImageObject","inLanguage":"fr-FR","@id":"https:\/\/secure.gravatar.com\/avatar\/ac5001d2a36cb6c6cd3e50789007ffca834b477b74a2144564522e944eabff61?s=96&d=mm&r=g","url":"https:\/\/secure.gravatar.com\/avatar\/ac5001d2a36cb6c6cd3e50789007ffca834b477b74a2144564522e944eabff61?s=96&d=mm&r=g","contentUrl":"https:\/\/secure.gravatar.com\/avatar\/ac5001d2a36cb6c6cd3e50789007ffca834b477b74a2144564522e944eabff61?s=96&d=mm&r=g","caption":"thomas.berner"},"url":"https:\/\/www.organisator.ch\/fr\/author\/thomas-berner\/"}]}},"_links":{"self":[{"href":"https:\/\/www.organisator.ch\/fr\/wp-json\/wp\/v2\/posts\/2822","targetHints":{"allow":["GET"]}}],"collection":[{"href":"https:\/\/www.organisator.ch\/fr\/wp-json\/wp\/v2\/posts"}],"about":[{"href":"https:\/\/www.organisator.ch\/fr\/wp-json\/wp\/v2\/types\/post"}],"author":[{"embeddable":true,"href":"https:\/\/www.organisator.ch\/fr\/wp-json\/wp\/v2\/users\/4"}],"replies":[{"embeddable":true,"href":"https:\/\/www.organisator.ch\/fr\/wp-json\/wp\/v2\/comments?post=2822"}],"version-history":[{"count":0,"href":"https:\/\/www.organisator.ch\/fr\/wp-json\/wp\/v2\/posts\/2822\/revisions"}],"wp:featuredmedia":[{"embeddable":true,"href":"https:\/\/www.organisator.ch\/fr\/wp-json\/wp\/v2\/media\/2823"}],"wp:attachment":[{"href":"https:\/\/www.organisator.ch\/fr\/wp-json\/wp\/v2\/media?parent=2822"}],"wp:term":[{"taxonomy":"category","embeddable":true,"href":"https:\/\/www.organisator.ch\/fr\/wp-json\/wp\/v2\/categories?post=2822"},{"taxonomy":"post_tag","embeddable":true,"href":"https:\/\/www.organisator.ch\/fr\/wp-json\/wp\/v2\/tags?post=2822"}],"curies":[{"name":"wp","href":"https:\/\/api.w.org\/{rel}","templated":true}]}}