{"id":28270,"date":"2024-07-05T07:44:09","date_gmt":"2024-07-05T05:44:09","guid":{"rendered":"https:\/\/www.m-q.ch\/?p=20061"},"modified":"2024-11-10T04:11:59","modified_gmt":"2024-11-10T03:11:59","slug":"was-unternehmens-chefs-von-gesetzgebung-und-politik-in-sachen-cyberschutz-fordern","status":"publish","type":"post","link":"https:\/\/www.organisator.ch\/fr\/operational-excellence\/2024-07-05\/was-unternehmens-chefs-von-gesetzgebung-und-politik-in-sachen-cyberschutz-fordern\/","title":{"rendered":"Ce que les chefs d'entreprise demandent \u00e0 la l\u00e9gislation et \u00e0 la politique en mati\u00e8re de cyberprotection"},"content":{"rendered":"<figure id=\"attachment_20063\" class=\"wp-caption alignnone\" style=\"width: 680px\" aria-describedby=\"caption-attachment-20063\"><img class=\"alignnone wp-image-20063 size-full\" src=\"https:\/\/www.m-q.ch\/wp-content\/uploads\/2024\/07\/Sophos_Bild1_ps.jpg\" alt=\"\u00c9tude de gestion Sophos\" width=\"680\" height=\"454\" \/>\r\n<figcaption id=\"caption-attachment-20063\" class=\"wp-caption-text\">Sophos publie de nouveaux chiffres issus de son \u00e9tude sur le management dans la r\u00e9gion DACH. (Image : www.depositphotos.com)<\/figcaption>\r\n<\/figure>\r\n<p>Les C-Level Managers des entreprises interrog\u00e9s pouvaient choisir parmi six possibilit\u00e9s de r\u00e9ponse, les r\u00e9ponses multiples \u00e9taient autoris\u00e9es. En ce qui concerne les deux domaines les plus souvent cit\u00e9s, les personnes interrog\u00e9es sont toutes d'accord : l'appel \u00e0 une plus grande coop\u00e9ration internationale ainsi que la demande d'un soutien plus concret de la part de la politique et de la l\u00e9gislation arrivent en premi\u00e8re et deuxi\u00e8me position parmi les attentes des entreprises interrog\u00e9es de la r\u00e9gion DACH.<\/p>\r\n<p>Les attentes ou les appels des entreprises \u00e0 l'\u00e9gard de la l\u00e9gislation et de la politique en d\u00e9tail :<\/p>\r\n<h3><strong>Collaborez davantage au niveau international<\/strong><\/h3>\r\n<p>L'appel le plus important lanc\u00e9 par les personnes interrog\u00e9es \u00e0 la l\u00e9gislation et \u00e0 la politique est celui d'une \"plus grande coop\u00e9ration au niveau international pour cr\u00e9er des normes en mati\u00e8re de cyberprotection\". Cette demande est arriv\u00e9e en t\u00eate dans les trois pays. En Allemagne, pr\u00e8s de 52 % des patrons interrog\u00e9s y sont favorables, en Autriche 56 % et en Suisse la moiti\u00e9. Dans les rangs des entreprises commerciales suisses, ce souhait est encore plus souvent cit\u00e9 (71,4 %), et les prestataires de services autrichiens sont m\u00eame 74 % \u00e0 le consid\u00e9rer comme une priorit\u00e9 absolue.<\/p>\r\n<h3><strong>Soutient concr\u00e8tement, promeut la cyberprotection<\/strong><\/h3>\r\n<p>Le souhait d'un soutien concret, comme par exemple l'am\u00e9lioration ou l'augmentation des subventions pour la cyberprotection, arrive en deuxi\u00e8me position dans les pays voisins - en Allemagne avec 43,3 %, en Autriche avec 38 % et en Suisse avec 30 %. Les entreprises commerciales en Allemagne (58,1 %) et les entreprises de services en Autriche (52,2 %) se d\u00e9marquent.<\/p>\r\n<h3><strong>Renforce les contr\u00f4les sur Internet<\/strong><\/h3>\r\n<p>Lorsqu'il s'agit d'exiger un contr\u00f4le renforc\u00e9 d'Internet au profit de la cyberprotection, ce sont surtout les Allemands qui montent au cr\u00e9neau - ils soutiennent ce point \u00e0 31,3 % (troisi\u00e8me place). Seules les entreprises de services autrichiennes consid\u00e8rent \u00e9galement cet aspect comme le troisi\u00e8me plus important, avec 34,8 %.<\/p>\r\n<h3><strong>Donne des orientations concr\u00e8tes pour la cyberprotection<\/strong><\/h3>\r\n<p>Pour cette exigence \u00e9galement, les entreprises allemandes arrivent en t\u00eate de la comparaison. Elles sont 30,8 % \u00e0 souhaiter des directives d'action concr\u00e8tes, la quatri\u00e8me exigence la plus fr\u00e9quente dans le classement allemand. Cette attente est particuli\u00e8rement \u00e9lev\u00e9e chez les grandes entreprises allemandes (plus de 200 collaborateurs) - ici, 42 % souhaitent m\u00eame des directives concr\u00e8tes de la part de la l\u00e9gislation. Dans les pays voisins, cette attente est moins prononc\u00e9e. En Autriche, 26% des entreprises d\u00e9cident de demander des directives d'action concr\u00e8tes (5e place en Autriche) et ce souhait est encore moins populaire en Suisse, o\u00f9 il arrive en derni\u00e8re position avec 22%.<\/p>\r\n<h3><strong>Applique plus strictement les lois existantes<\/strong><\/h3>\r\n<p>Ce sont surtout les entreprises autrichiennes qui soulignent l'attente d'une application plus stricte des lois existantes, comme le RGPD ou la NIS2, et cette exigence arrive en troisi\u00e8me position du classement national avec 32 %. Dans les pays voisins, ce point est un peu moins populaire. Les managers allemands sont 27,4 % \u00e0 souhaiter une plus grande application de la part de l'\u00c9tat et les coll\u00e8gues suisses sont 24 % \u00e0 cocher ce point.<\/p>\r\n<h3><strong>R\u00e9glons cela nous-m\u00eames<\/strong><\/h3>\r\n<p>Ce sont surtout les patrons suisses qui souhaitent peu de directives, d'interventions et d'application de la loi. Ils sont 36 % \u00e0 d\u00e9clarer ne soutenir aucune des exigences \u00e9num\u00e9r\u00e9es pr\u00e9c\u00e9demment et \u00e0 vouloir r\u00e9gler eux-m\u00eames la cyberprotection dans leur entreprise. L'industrie manufacturi\u00e8re suisse est m\u00eame 42 % \u00e0 refuser toute ing\u00e9rence de la l\u00e9gislation. En Allemagne, en revanche, seules 22,4 % des personnes interrog\u00e9es refusent une influence et un soutien accrus, l'industrie manufacturi\u00e8re allemande se montrant \u00e9galement plus autarcique avec 30,8. Les d\u00e9cideurs autrichiens sont les plus enclins \u00e0 tol\u00e9rer des directives et une mise en \u0153uvre par la l\u00e9gislation.<\/p>\r\n<p><em>Source : <a href=\"http:\/\/www.sophos.com\/\">www.sophos.com<\/a><\/em><\/p>\n<p class=\"syndicated-attribution\">Cet article est paru initialement sur m-q.ch - <a href=\"https:\/\/www.m-q.ch\/de\/was-unternehmens-chefs-von-gesetzgebung-und-politik-in-sachen-cyberschutz-fordern\/\" target=\"_blank\">https:\/\/www.m-q.ch\/de\/was-unternehmens-chefs-von-gesetzgebung-und-politik-in-sachen-cyberschutz-fordern\/<\/a><\/p>","protected":false},"excerpt":{"rendered":"<p>Sophos publie de nouveaux chiffres issus de son \u00e9tude de management pour l'Allemagne, l'Autriche et la Suisse. A l'heure o\u00f9 les entreprises doivent faire face \u00e0 des exigences de plus en plus complexes en mati\u00e8re de cyberprotection et \u00e0 des menaces dynamiques, et \u00e0 l'approche des \u00e9lections, Sophos a pos\u00e9 la question suivante aux dirigeants d'entreprises de la r\u00e9gion DACH : \"Qu'attendez-vous du l\u00e9gislateur et des politiques en mati\u00e8re de protection et de responsabilit\u00e9 dans le domaine de la cybers\u00e9curit\u00e9 ?<\/p>","protected":false},"author":58,"featured_media":0,"comment_status":"closed","ping_status":"closed","sticky":false,"template":"","format":"standard","meta":{"_acf_changed":false,"_yoast_wpseo_focuskw":"Sophos Management-Studie","_yoast_wpseo_metadesc":"Neue Sophos-Studie 2024 zeigt: DACH-Manager fordern mehr internationale Zusammenarbeit und politische Unterst\u00fctzung f\u00fcr Cyberschutz.","articlekey":"","footnotes":""},"categories":[582],"tags":[4298,4299,418,459,492],"class_list":["post-28270","post","type-post","status-publish","format-standard","hentry","category-operational-excellence","tag-cyberschutz","tag-dach-region","tag-risikomanagement","tag-studie","tag-unternehmen"],"acf":[],"yoast_head":"<!-- This site is optimized with the Yoast SEO plugin v27.4 - https:\/\/yoast.com\/product\/yoast-seo-wordpress\/ -->\n<title>Was Unternehmens-Chefs von Gesetzgebung und Politik in Sachen Cyberschutz fordern - Organisator<\/title>\n<meta name=\"description\" content=\"Neue Sophos-Studie 2024 zeigt: DACH-Manager fordern mehr internationale Zusammenarbeit und politische Unterst\u00fctzung f\u00fcr Cyberschutz.\" \/>\n<meta name=\"robots\" content=\"index, follow, max-snippet:-1, max-image-preview:large, max-video-preview:-1\" \/>\n<link rel=\"canonical\" href=\"https:\/\/www.organisator.ch\/fr\/excellence-operationnelle\/2024-07-05\/was-unternehmens-chefs-von-gesetzgebung-und-politik-in-sachen-cyberschutz-fordern\/\" \/>\n<meta property=\"og:locale\" content=\"fr_FR\" \/>\n<meta property=\"og:type\" content=\"article\" \/>\n<meta property=\"og:title\" content=\"Was Unternehmens-Chefs von Gesetzgebung und Politik in Sachen Cyberschutz fordern - Organisator\" \/>\n<meta property=\"og:description\" content=\"Neue Sophos-Studie 2024 zeigt: DACH-Manager fordern mehr internationale Zusammenarbeit und politische Unterst\u00fctzung f\u00fcr Cyberschutz.\" \/>\n<meta property=\"og:url\" content=\"https:\/\/www.organisator.ch\/fr\/excellence-operationnelle\/2024-07-05\/was-unternehmens-chefs-von-gesetzgebung-und-politik-in-sachen-cyberschutz-fordern\/\" \/>\n<meta property=\"og:site_name\" content=\"Organisator\" \/>\n<meta property=\"article:publisher\" content=\"https:\/\/www.facebook.com\/OrganisatorFachmagazin\" \/>\n<meta property=\"article:published_time\" content=\"2024-07-05T05:44:09+00:00\" \/>\n<meta property=\"article:modified_time\" content=\"2024-11-10T03:11:59+00:00\" \/>\n<meta property=\"og:image\" content=\"https:\/\/www.m-q.ch\/wp-content\/uploads\/2024\/07\/Sophos_Bild1_ps.jpg\" \/>\n<meta name=\"author\" content=\"Adelisa Kalajdzini\" \/>\n<meta name=\"twitter:card\" content=\"summary_large_image\" \/>\n<script type=\"application\/ld+json\" class=\"yoast-schema-graph\">{\"@context\":\"https:\\\/\\\/schema.org\",\"@graph\":[{\"@type\":\"Article\",\"@id\":\"https:\\\/\\\/www.organisator.ch\\\/operational-excellence\\\/2024-07-05\\\/was-unternehmens-chefs-von-gesetzgebung-und-politik-in-sachen-cyberschutz-fordern\\\/#article\",\"isPartOf\":{\"@id\":\"https:\\\/\\\/www.organisator.ch\\\/operational-excellence\\\/2024-07-05\\\/was-unternehmens-chefs-von-gesetzgebung-und-politik-in-sachen-cyberschutz-fordern\\\/\"},\"author\":{\"name\":\"Adelisa Kalajdzini\",\"@id\":\"https:\\\/\\\/www.organisator.ch\\\/#\\\/schema\\\/person\\\/2e1314a2172123f874db408d8911d3f3\"},\"headline\":\"Was Unternehmens-Chefs von Gesetzgebung und Politik in Sachen Cyberschutz fordern\",\"datePublished\":\"2024-07-05T05:44:09+00:00\",\"dateModified\":\"2024-11-10T03:11:59+00:00\",\"mainEntityOfPage\":{\"@id\":\"https:\\\/\\\/www.organisator.ch\\\/operational-excellence\\\/2024-07-05\\\/was-unternehmens-chefs-von-gesetzgebung-und-politik-in-sachen-cyberschutz-fordern\\\/\"},\"wordCount\":620,\"publisher\":{\"@id\":\"https:\\\/\\\/www.organisator.ch\\\/#organization\"},\"image\":{\"@id\":\"https:\\\/\\\/www.organisator.ch\\\/operational-excellence\\\/2024-07-05\\\/was-unternehmens-chefs-von-gesetzgebung-und-politik-in-sachen-cyberschutz-fordern\\\/#primaryimage\"},\"thumbnailUrl\":\"https:\\\/\\\/www.m-q.ch\\\/wp-content\\\/uploads\\\/2024\\\/07\\\/Sophos_Bild1_ps.jpg\",\"keywords\":[\"Cyberschutz\",\"DACH-Region\",\"Risikomanagement\",\"Studie\",\"Unternehmen\"],\"articleSection\":[\"OPERATIONAL EXCELLENCE\"],\"inLanguage\":\"fr-FR\"},{\"@type\":\"WebPage\",\"@id\":\"https:\\\/\\\/www.organisator.ch\\\/operational-excellence\\\/2024-07-05\\\/was-unternehmens-chefs-von-gesetzgebung-und-politik-in-sachen-cyberschutz-fordern\\\/\",\"url\":\"https:\\\/\\\/www.organisator.ch\\\/operational-excellence\\\/2024-07-05\\\/was-unternehmens-chefs-von-gesetzgebung-und-politik-in-sachen-cyberschutz-fordern\\\/\",\"name\":\"Was Unternehmens-Chefs von Gesetzgebung und Politik in Sachen Cyberschutz fordern - Organisator\",\"isPartOf\":{\"@id\":\"https:\\\/\\\/www.organisator.ch\\\/#website\"},\"primaryImageOfPage\":{\"@id\":\"https:\\\/\\\/www.organisator.ch\\\/operational-excellence\\\/2024-07-05\\\/was-unternehmens-chefs-von-gesetzgebung-und-politik-in-sachen-cyberschutz-fordern\\\/#primaryimage\"},\"image\":{\"@id\":\"https:\\\/\\\/www.organisator.ch\\\/operational-excellence\\\/2024-07-05\\\/was-unternehmens-chefs-von-gesetzgebung-und-politik-in-sachen-cyberschutz-fordern\\\/#primaryimage\"},\"thumbnailUrl\":\"https:\\\/\\\/www.m-q.ch\\\/wp-content\\\/uploads\\\/2024\\\/07\\\/Sophos_Bild1_ps.jpg\",\"datePublished\":\"2024-07-05T05:44:09+00:00\",\"dateModified\":\"2024-11-10T03:11:59+00:00\",\"description\":\"Neue Sophos-Studie 2024 zeigt: DACH-Manager fordern mehr internationale Zusammenarbeit und politische Unterst\u00fctzung f\u00fcr Cyberschutz.\",\"breadcrumb\":{\"@id\":\"https:\\\/\\\/www.organisator.ch\\\/operational-excellence\\\/2024-07-05\\\/was-unternehmens-chefs-von-gesetzgebung-und-politik-in-sachen-cyberschutz-fordern\\\/#breadcrumb\"},\"inLanguage\":\"fr-FR\",\"potentialAction\":[{\"@type\":\"ReadAction\",\"target\":[\"https:\\\/\\\/www.organisator.ch\\\/operational-excellence\\\/2024-07-05\\\/was-unternehmens-chefs-von-gesetzgebung-und-politik-in-sachen-cyberschutz-fordern\\\/\"]}]},{\"@type\":\"ImageObject\",\"inLanguage\":\"fr-FR\",\"@id\":\"https:\\\/\\\/www.organisator.ch\\\/operational-excellence\\\/2024-07-05\\\/was-unternehmens-chefs-von-gesetzgebung-und-politik-in-sachen-cyberschutz-fordern\\\/#primaryimage\",\"url\":\"https:\\\/\\\/www.m-q.ch\\\/wp-content\\\/uploads\\\/2024\\\/07\\\/Sophos_Bild1_ps.jpg\",\"contentUrl\":\"https:\\\/\\\/www.m-q.ch\\\/wp-content\\\/uploads\\\/2024\\\/07\\\/Sophos_Bild1_ps.jpg\"},{\"@type\":\"BreadcrumbList\",\"@id\":\"https:\\\/\\\/www.organisator.ch\\\/operational-excellence\\\/2024-07-05\\\/was-unternehmens-chefs-von-gesetzgebung-und-politik-in-sachen-cyberschutz-fordern\\\/#breadcrumb\",\"itemListElement\":[{\"@type\":\"ListItem\",\"position\":1,\"name\":\"Home\",\"item\":\"https:\\\/\\\/www.organisator.ch\\\/\"},{\"@type\":\"ListItem\",\"position\":2,\"name\":\"Was Unternehmens-Chefs von Gesetzgebung und Politik in Sachen Cyberschutz fordern\"}]},{\"@type\":\"WebSite\",\"@id\":\"https:\\\/\\\/www.organisator.ch\\\/#website\",\"url\":\"https:\\\/\\\/www.organisator.ch\\\/\",\"name\":\"Organisator\",\"description\":\"Kompetent. Praxisnah. Der ORGANISATOR bereitet in 10 Ausgaben pro Jahr die wesentlichen Themen f\u00fcr F\u00fchrungskr\u00e4fte von KMU auf.\",\"publisher\":{\"@id\":\"https:\\\/\\\/www.organisator.ch\\\/#organization\"},\"potentialAction\":[{\"@type\":\"SearchAction\",\"target\":{\"@type\":\"EntryPoint\",\"urlTemplate\":\"https:\\\/\\\/www.organisator.ch\\\/?s={search_term_string}\"},\"query-input\":{\"@type\":\"PropertyValueSpecification\",\"valueRequired\":true,\"valueName\":\"search_term_string\"}}],\"inLanguage\":\"fr-FR\"},{\"@type\":\"Organization\",\"@id\":\"https:\\\/\\\/www.organisator.ch\\\/#organization\",\"name\":\"Organisator\",\"url\":\"https:\\\/\\\/www.organisator.ch\\\/\",\"logo\":{\"@type\":\"ImageObject\",\"inLanguage\":\"fr-FR\",\"@id\":\"https:\\\/\\\/www.organisator.ch\\\/#\\\/schema\\\/logo\\\/image\\\/\",\"url\":\"https:\\\/\\\/www.organisator.ch\\\/wp-content\\\/uploads\\\/2022\\\/01\\\/Logo_Organisator_Website.png\",\"contentUrl\":\"https:\\\/\\\/www.organisator.ch\\\/wp-content\\\/uploads\\\/2022\\\/01\\\/Logo_Organisator_Website.png\",\"width\":800,\"height\":77,\"caption\":\"Organisator\"},\"image\":{\"@id\":\"https:\\\/\\\/www.organisator.ch\\\/#\\\/schema\\\/logo\\\/image\\\/\"},\"sameAs\":[\"https:\\\/\\\/www.facebook.com\\\/OrganisatorFachmagazin\",\"https:\\\/\\\/www.linkedin.com\\\/showcase\\\/organisator-das-magazin-fr-kmu\",\"https:\\\/\\\/www.xing.com\\\/news\\\/pages\\\/organisator-ch-695\",\"https:\\\/\\\/www.youtube.com\\\/channel\\\/UCGP2Sq0iWaZwT3BdIAQFYpw\"]},{\"@type\":\"Person\",\"@id\":\"https:\\\/\\\/www.organisator.ch\\\/#\\\/schema\\\/person\\\/2e1314a2172123f874db408d8911d3f3\",\"name\":\"Adelisa Kalajdzini\",\"image\":{\"@type\":\"ImageObject\",\"inLanguage\":\"fr-FR\",\"@id\":\"https:\\\/\\\/secure.gravatar.com\\\/avatar\\\/09a397c22ac58cad6f160ee8306348599df9df58a8ede73696226897b9fa4b24?s=96&d=mm&r=g\",\"url\":\"https:\\\/\\\/secure.gravatar.com\\\/avatar\\\/09a397c22ac58cad6f160ee8306348599df9df58a8ede73696226897b9fa4b24?s=96&d=mm&r=g\",\"contentUrl\":\"https:\\\/\\\/secure.gravatar.com\\\/avatar\\\/09a397c22ac58cad6f160ee8306348599df9df58a8ede73696226897b9fa4b24?s=96&d=mm&r=g\",\"caption\":\"Adelisa Kalajdzini\"},\"url\":\"https:\\\/\\\/www.organisator.ch\\\/fr\\\/author\\\/adelisa-kalajdzini\\\/\"}]}<\/script>\n<!-- \/ Yoast SEO plugin. -->","yoast_head_json":{"title":"Ce que les chefs d'entreprise demandent \u00e0 la l\u00e9gislation et \u00e0 la politique en mati\u00e8re de cyberprotection - Organisateur","description":"Une nouvelle \u00e9tude Sophos 2024 montre : Les dirigeants de DACH demandent plus de coop\u00e9ration internationale et de soutien politique pour la cyberprotection.","robots":{"index":"index","follow":"follow","max-snippet":"max-snippet:-1","max-image-preview":"max-image-preview:large","max-video-preview":"max-video-preview:-1"},"canonical":"https:\/\/www.organisator.ch\/fr\/excellence-operationnelle\/2024-07-05\/was-unternehmens-chefs-von-gesetzgebung-und-politik-in-sachen-cyberschutz-fordern\/","og_locale":"fr_FR","og_type":"article","og_title":"Was Unternehmens-Chefs von Gesetzgebung und Politik in Sachen Cyberschutz fordern - Organisator","og_description":"Neue Sophos-Studie 2024 zeigt: DACH-Manager fordern mehr internationale Zusammenarbeit und politische Unterst\u00fctzung f\u00fcr Cyberschutz.","og_url":"https:\/\/www.organisator.ch\/fr\/excellence-operationnelle\/2024-07-05\/was-unternehmens-chefs-von-gesetzgebung-und-politik-in-sachen-cyberschutz-fordern\/","og_site_name":"Organisator","article_publisher":"https:\/\/www.facebook.com\/OrganisatorFachmagazin","article_published_time":"2024-07-05T05:44:09+00:00","article_modified_time":"2024-11-10T03:11:59+00:00","og_image":[{"url":"https:\/\/www.m-q.ch\/wp-content\/uploads\/2024\/07\/Sophos_Bild1_ps.jpg","type":"","width":"","height":""}],"author":"Adelisa Kalajdzini","twitter_card":"summary_large_image","schema":{"@context":"https:\/\/schema.org","@graph":[{"@type":"Article","@id":"https:\/\/www.organisator.ch\/operational-excellence\/2024-07-05\/was-unternehmens-chefs-von-gesetzgebung-und-politik-in-sachen-cyberschutz-fordern\/#article","isPartOf":{"@id":"https:\/\/www.organisator.ch\/operational-excellence\/2024-07-05\/was-unternehmens-chefs-von-gesetzgebung-und-politik-in-sachen-cyberschutz-fordern\/"},"author":{"name":"Adelisa Kalajdzini","@id":"https:\/\/www.organisator.ch\/#\/schema\/person\/2e1314a2172123f874db408d8911d3f3"},"headline":"Was Unternehmens-Chefs von Gesetzgebung und Politik in Sachen Cyberschutz fordern","datePublished":"2024-07-05T05:44:09+00:00","dateModified":"2024-11-10T03:11:59+00:00","mainEntityOfPage":{"@id":"https:\/\/www.organisator.ch\/operational-excellence\/2024-07-05\/was-unternehmens-chefs-von-gesetzgebung-und-politik-in-sachen-cyberschutz-fordern\/"},"wordCount":620,"publisher":{"@id":"https:\/\/www.organisator.ch\/#organization"},"image":{"@id":"https:\/\/www.organisator.ch\/operational-excellence\/2024-07-05\/was-unternehmens-chefs-von-gesetzgebung-und-politik-in-sachen-cyberschutz-fordern\/#primaryimage"},"thumbnailUrl":"https:\/\/www.m-q.ch\/wp-content\/uploads\/2024\/07\/Sophos_Bild1_ps.jpg","keywords":["Cyberschutz","DACH-Region","Risikomanagement","Studie","Unternehmen"],"articleSection":["OPERATIONAL EXCELLENCE"],"inLanguage":"fr-FR"},{"@type":"WebPage","@id":"https:\/\/www.organisator.ch\/operational-excellence\/2024-07-05\/was-unternehmens-chefs-von-gesetzgebung-und-politik-in-sachen-cyberschutz-fordern\/","url":"https:\/\/www.organisator.ch\/operational-excellence\/2024-07-05\/was-unternehmens-chefs-von-gesetzgebung-und-politik-in-sachen-cyberschutz-fordern\/","name":"Ce que les chefs d'entreprise demandent \u00e0 la l\u00e9gislation et \u00e0 la politique en mati\u00e8re de cyberprotection - Organisateur","isPartOf":{"@id":"https:\/\/www.organisator.ch\/#website"},"primaryImageOfPage":{"@id":"https:\/\/www.organisator.ch\/operational-excellence\/2024-07-05\/was-unternehmens-chefs-von-gesetzgebung-und-politik-in-sachen-cyberschutz-fordern\/#primaryimage"},"image":{"@id":"https:\/\/www.organisator.ch\/operational-excellence\/2024-07-05\/was-unternehmens-chefs-von-gesetzgebung-und-politik-in-sachen-cyberschutz-fordern\/#primaryimage"},"thumbnailUrl":"https:\/\/www.m-q.ch\/wp-content\/uploads\/2024\/07\/Sophos_Bild1_ps.jpg","datePublished":"2024-07-05T05:44:09+00:00","dateModified":"2024-11-10T03:11:59+00:00","description":"Une nouvelle \u00e9tude Sophos 2024 montre : Les dirigeants de DACH demandent plus de coop\u00e9ration internationale et de soutien politique pour la cyberprotection.","breadcrumb":{"@id":"https:\/\/www.organisator.ch\/operational-excellence\/2024-07-05\/was-unternehmens-chefs-von-gesetzgebung-und-politik-in-sachen-cyberschutz-fordern\/#breadcrumb"},"inLanguage":"fr-FR","potentialAction":[{"@type":"ReadAction","target":["https:\/\/www.organisator.ch\/operational-excellence\/2024-07-05\/was-unternehmens-chefs-von-gesetzgebung-und-politik-in-sachen-cyberschutz-fordern\/"]}]},{"@type":"ImageObject","inLanguage":"fr-FR","@id":"https:\/\/www.organisator.ch\/operational-excellence\/2024-07-05\/was-unternehmens-chefs-von-gesetzgebung-und-politik-in-sachen-cyberschutz-fordern\/#primaryimage","url":"https:\/\/www.m-q.ch\/wp-content\/uploads\/2024\/07\/Sophos_Bild1_ps.jpg","contentUrl":"https:\/\/www.m-q.ch\/wp-content\/uploads\/2024\/07\/Sophos_Bild1_ps.jpg"},{"@type":"BreadcrumbList","@id":"https:\/\/www.organisator.ch\/operational-excellence\/2024-07-05\/was-unternehmens-chefs-von-gesetzgebung-und-politik-in-sachen-cyberschutz-fordern\/#breadcrumb","itemListElement":[{"@type":"ListItem","position":1,"name":"Home","item":"https:\/\/www.organisator.ch\/"},{"@type":"ListItem","position":2,"name":"Was Unternehmens-Chefs von Gesetzgebung und Politik in Sachen Cyberschutz fordern"}]},{"@type":"WebSite","@id":"https:\/\/www.organisator.ch\/#website","url":"https:\/\/www.organisator.ch\/","name":"Organisateur","description":"Comp\u00e9tence et comp\u00e9tence. Proches de la pratique. L'ORGANISATEUR pr\u00e9pare 10 num\u00e9ros par an sur les th\u00e8mes essentiels pour les dirigeants de PME.","publisher":{"@id":"https:\/\/www.organisator.ch\/#organization"},"potentialAction":[{"@type":"SearchAction","target":{"@type":"EntryPoint","urlTemplate":"https:\/\/www.organisator.ch\/?s={search_term_string}"},"query-input":{"@type":"PropertyValueSpecification","valueRequired":true,"valueName":"search_term_string"}}],"inLanguage":"fr-FR"},{"@type":"Organization","@id":"https:\/\/www.organisator.ch\/#organization","name":"Organisateur","url":"https:\/\/www.organisator.ch\/","logo":{"@type":"ImageObject","inLanguage":"fr-FR","@id":"https:\/\/www.organisator.ch\/#\/schema\/logo\/image\/","url":"https:\/\/www.organisator.ch\/wp-content\/uploads\/2022\/01\/Logo_Organisator_Website.png","contentUrl":"https:\/\/www.organisator.ch\/wp-content\/uploads\/2022\/01\/Logo_Organisator_Website.png","width":800,"height":77,"caption":"Organisator"},"image":{"@id":"https:\/\/www.organisator.ch\/#\/schema\/logo\/image\/"},"sameAs":["https:\/\/www.facebook.com\/OrganisatorFachmagazin","https:\/\/www.linkedin.com\/showcase\/organisator-das-magazin-fr-kmu","https:\/\/www.xing.com\/news\/pages\/organisator-ch-695","https:\/\/www.youtube.com\/channel\/UCGP2Sq0iWaZwT3BdIAQFYpw"]},{"@type":"Person","@id":"https:\/\/www.organisator.ch\/#\/schema\/person\/2e1314a2172123f874db408d8911d3f3","name":"Adelisa Kalajdzini","image":{"@type":"ImageObject","inLanguage":"fr-FR","@id":"https:\/\/secure.gravatar.com\/avatar\/09a397c22ac58cad6f160ee8306348599df9df58a8ede73696226897b9fa4b24?s=96&d=mm&r=g","url":"https:\/\/secure.gravatar.com\/avatar\/09a397c22ac58cad6f160ee8306348599df9df58a8ede73696226897b9fa4b24?s=96&d=mm&r=g","contentUrl":"https:\/\/secure.gravatar.com\/avatar\/09a397c22ac58cad6f160ee8306348599df9df58a8ede73696226897b9fa4b24?s=96&d=mm&r=g","caption":"Adelisa Kalajdzini"},"url":"https:\/\/www.organisator.ch\/fr\/author\/adelisa-kalajdzini\/"}]}},"_links":{"self":[{"href":"https:\/\/www.organisator.ch\/fr\/wp-json\/wp\/v2\/posts\/28270","targetHints":{"allow":["GET"]}}],"collection":[{"href":"https:\/\/www.organisator.ch\/fr\/wp-json\/wp\/v2\/posts"}],"about":[{"href":"https:\/\/www.organisator.ch\/fr\/wp-json\/wp\/v2\/types\/post"}],"author":[{"embeddable":true,"href":"https:\/\/www.organisator.ch\/fr\/wp-json\/wp\/v2\/users\/58"}],"replies":[{"embeddable":true,"href":"https:\/\/www.organisator.ch\/fr\/wp-json\/wp\/v2\/comments?post=28270"}],"version-history":[{"count":7,"href":"https:\/\/www.organisator.ch\/fr\/wp-json\/wp\/v2\/posts\/28270\/revisions"}],"predecessor-version":[{"id":32130,"href":"https:\/\/www.organisator.ch\/fr\/wp-json\/wp\/v2\/posts\/28270\/revisions\/32130"}],"wp:attachment":[{"href":"https:\/\/www.organisator.ch\/fr\/wp-json\/wp\/v2\/media?parent=28270"}],"wp:term":[{"taxonomy":"category","embeddable":true,"href":"https:\/\/www.organisator.ch\/fr\/wp-json\/wp\/v2\/categories?post=28270"},{"taxonomy":"post_tag","embeddable":true,"href":"https:\/\/www.organisator.ch\/fr\/wp-json\/wp\/v2\/tags?post=28270"}],"curies":[{"name":"wp","href":"https:\/\/api.w.org\/{rel}","templated":true}]}}