{"id":28287,"date":"2024-07-09T06:48:48","date_gmt":"2024-07-09T04:48:48","guid":{"rendered":"https:\/\/www.organisator.ch\/?p=28287"},"modified":"2024-07-08T10:49:32","modified_gmt":"2024-07-08T08:49:32","slug":"prix-svc-wirtschaftsraum-zuerich-2024-fuenf-firmen-fuer-den-kmu-preis-nominiert","status":"publish","type":"post","link":"https:\/\/www.organisator.ch\/fr\/allgemein\/2024-07-09\/prix-svc-wirtschaftsraum-zuerich-2024-fuenf-firmen-fuer-den-kmu-preis-nominiert\/","title":{"rendered":"Prix SVC Wirtschaftsraum Z\u00fcrich 2024 : cinq entreprises nomin\u00e9es pour le prix PME"},"content":{"rendered":"<figure id=\"attachment_28288\" aria-describedby=\"caption-attachment-28288\" style=\"width: 680px\" class=\"wp-caption alignnone\"><img loading=\"lazy\" decoding=\"async\" class=\"size-full wp-image-28288\" src=\"https:\/\/www.organisator.ch\/wp-content\/uploads\/2024\/07\/prix-svc-zuerich_Bild1_ps.jpg\" alt=\"\" width=\"680\" height=\"386\" srcset=\"https:\/\/www.organisator.ch\/wp-content\/uploads\/2024\/07\/prix-svc-zuerich_Bild1_ps.jpg 680w, https:\/\/www.organisator.ch\/wp-content\/uploads\/2024\/07\/prix-svc-zuerich_Bild1_ps-18x10.jpg 18w, https:\/\/www.organisator.ch\/wp-content\/uploads\/2024\/07\/prix-svc-zuerich_Bild1_ps-375x213.jpg 375w, https:\/\/www.organisator.ch\/wp-content\/uploads\/2024\/07\/prix-svc-zuerich_Bild1_ps-617x350.jpg 617w\" sizes=\"auto, (max-width: 680px) 100vw, 680px\" \/><figcaption id=\"caption-attachment-28288\" class=\"wp-caption-text\">La remise des prix aura lieu le mardi 26 novembre 2024 au Kongresshaus de Zurich. (Image : www.svc.swiss)<\/figcaption><\/figure>\n<p>Le SVC (Swiss Venture Club), une association ind\u00e9pendante de promotion et de soutien aux PME en Suisse, est l'initiateur et le promoteur des Prix SVC. Avec le Prix SVC Wirtschaftsraum Z\u00fcrich, il distingue des entreprises exemplaires qui convainquent par leurs produits et services innovants, leur culture d'entreprise, la qualit\u00e9 de leurs collaborateurs et de leur management ainsi que par leurs r\u00e9sultats durables.<\/p>\n<p>La s\u00e9lection des entreprises et les nominations pour le Prix SVC sont effectu\u00e9es par un jury d'experts ind\u00e9pendant et fortement ancr\u00e9 dans la r\u00e9gion. Son pr\u00e9sident, Christopher Blaufelder, partenaire chez McKinsey &amp; Company Suisse, se montre enthousiaste quant \u00e0 la qualit\u00e9 des finalistes 2024 : \"Je me r\u00e9jouis beaucoup du Prix SVC et je pense que la d\u00e9cision de savoir qui remportera le prix n'a jamais \u00e9t\u00e9 aussi exigeante que cette ann\u00e9e. Notre s\u00e9lection finale comprend des entreprises de grande qualit\u00e9 issues des secteurs les plus divers - des solutions pour le b\u00e2timent au recyclage en passant par l'IA dans la finance. Toutes avec des collaborateurs formidables et un accent clair sur la qualit\u00e9 et l'innovation\".<\/p>\n<p>La remise des prix aura lieu le mardi 26 novembre 2024 au Kongresshaus de Zurich. Quelque 1'500 invit\u00e9s issus des milieux \u00e9conomiques, scientifiques, politiques et culturels sont attendus. La c\u00e9r\u00e9monie de remise des prix sera anim\u00e9e par Nik Hartmann.<\/p>\n<h3><strong>Les finalistes 2024 : cinq<\/strong><strong>\u00a0Success stories de la r\u00e9gion \u00e9conomique de Zurich<\/strong><\/h3>\n<h3><strong>Hauenstein AG<\/strong> (Rafz ZH)<\/h3>\n<p>Le site <a href=\"http:\/\/www.hauenstein-rafz.ch\">Hauenstein AG<\/a> a \u00e9t\u00e9 fond\u00e9e en 1890 par Walter Hauenstein. Aujourd'hui, l'entreprise fait partie des plus grandes et des plus performantes de Suisse dans la \"branche verte\". L'entreprise familiale emploie au total environ 180 personnes dans la p\u00e9pini\u00e8re de Rafz et dans les quatre jardineries de Rafz, Zurich, Baar et Winterthur. L'action durable est au centre des pr\u00e9occupations de Hauenstein AG depuis de nombreuses ann\u00e9es d\u00e9j\u00e0. L'entreprise mise notamment sur sa propre production de \"plantes indig\u00e8nes r\u00e9sistantes \u00e0 l'hiver\", arrose ses cultures avec l'eau du Rhin (pas d'utilisation d'eau potable) et n'utilise ni herbicides ni tourbe (depuis 2002) dans la production de plantes en conteneurs.\u00a0<\/p>\n<h3><strong>Hawa Sliding Solutions AG <\/strong>(Mettmenstetten ZH)<\/h3>\n<p>Les quelque 240 collaborateurs de la <a href=\"http:\/\/www.hawa.com\">Hawa Sliding Solutions AG<\/a> - le leader mondial de la technologie et du march\u00e9 des solutions coulissantes - cr\u00e9ent chaque jour de nouvelles applications pour rendre les pi\u00e8ces, les meubles et les fa\u00e7ades plus fonctionnels, plus \u00e9conomiques et plus flexibles. Outre son si\u00e8ge principal et ses deux sites de production en Suisse (\u00e0 Mettmenstetten et Sirnach), l'entreprise soutient ses clients dans le monde entier avec des soci\u00e9t\u00e9s de distribution aux \u00c9tats-Unis, \u00e0 Duba\u00ef et \u00e0 Singapour ainsi qu'avec plus de 200 partenaires commerciaux et sp\u00e9cialis\u00e9s dans le choix et la r\u00e9alisation des ferrures coulissantes adapt\u00e9es \u00e0 leurs t\u00e2ches individuelles.<\/p>\n<h3><strong>Luzi AG <\/strong>(Dietlikon ZH)<\/h3>\n<p>Le site <a href=\"http:\/\/www.luzi.com\">Luzi AG<\/a> est sp\u00e9cialis\u00e9e dans le d\u00e9veloppement et la fabrication de cr\u00e9ations parfum\u00e9es. Fond\u00e9e en 1926, la soci\u00e9t\u00e9 est aujourd'hui une entreprise familiale dirig\u00e9e par la troisi\u00e8me g\u00e9n\u00e9ration de la famille Altenburger. En tant que maison de parfum agissant au niveau mondial, Luzi AG fournit des clients exigeants dans l'industrie des parfums, des cosm\u00e9tiques et des articles m\u00e9nagers. Quelque 280 collaborateurs r\u00e9partis sur huit sites dans le monde entier allient l'artisanat traditionnel \u00e0 la technologie la plus moderne afin de proposer \u00e0 leurs partenaires des solutions sur mesure. Avec la \"Earth-Conscious Creativity\", l'entreprise a<strong>\u00a0<\/strong>Luzi AG a lanc\u00e9 une s\u00e9rie d'initiatives pour devenir un pionnier dans le secteur en mati\u00e8re \u00e9cologique et sociale.\u00a0<\/p>\n<h3><strong>RepRisk AG <\/strong>(Zurich)<\/h3>\n<p><a href=\"http:\/\/www.reprisk.com\">RepRisk AG<\/a> est un leader mondial dans l'identification et l'\u00e9valuation des risques commerciaux et ESG. RepRisk r\u00e9v\u00e8le les risques que les entreprises ne divulguent pas, par exemple la d\u00e9forestation, les violations des droits de l'homme et la corruption. Cela permet aux d\u00e9cideurs d'avoir une vision plus claire de leurs relations commerciales et de leurs investissements. Les donn\u00e9es de RepRisk sont bas\u00e9es sur une m\u00e9thodologie transparente et coh\u00e9rente, affin\u00e9e au cours de deux d\u00e9cennies gr\u00e2ce \u00e0 l'intelligence artificielle et \u00e0 des analystes hautement qualifi\u00e9s. Quatre-vingts des plus grandes banques du monde, 17 des 25 plus grands gestionnaires d'investissement, des entreprises mondiales de premier plan et les plus grands fonds souverains du monde font confiance aux donn\u00e9es actualis\u00e9es quotidiennement de RepRisk.\u00a0<\/p>\n<h3><strong>Schneider Umweltservice AG <\/strong>(Meilen ZH)<\/h3>\n<p>Ce qui a commenc\u00e9 en 1905 comme une petite entreprise de transport dans le \"Rosengarten\" \u00e0 Meilen est devenu, en quatre g\u00e9n\u00e9rations, une entreprise prosp\u00e8re de recyclage et d'\u00e9limination des d\u00e9chets. Le site <a href=\"http:\/\/www.umweltservice.ch\">Schneider Umweltservice AG<\/a> cherche sans cesse des solutions innovantes et encore plus respectueuses de l'environnement afin de r\u00e9introduire le plus de mati\u00e8res premi\u00e8res possible dans le cycle des mat\u00e9riaux et poursuit une strat\u00e9gie globale de d\u00e9veloppement durable. Avec environ 370 collaborateurs, Schneider Umweltservice AG exploite actuellement onze centres de recyclage et cinq points de collecte. Des points de collecte mobiles sont \u00e9galement utilis\u00e9s. Schneider Umweltservice AG est ainsi le premier prestataire de services d'\u00e9limination des d\u00e9chets pour l'ensemble des mat\u00e9riaux recyclables et des d\u00e9chets dans la r\u00e9gion \u00e9conomique de Zurich, Zoug et Lucerne.\u00a0<\/p>\n<p><em>Source et informations compl\u00e9mentaires : <a href=\"http:\/\/www.svc.swiss\">www.svc.swiss<\/a><\/em><\/p>","protected":false},"excerpt":{"rendered":"<p>Le 26 novembre 2024, le r\u00e9seau de PME SVC (Swiss Venture Club) d\u00e9cernera pour la neuvi\u00e8me fois le Prix SVC Wirtschaftsraum Z\u00fcrich. Cinq entreprises prosp\u00e8res de la r\u00e9gion sont nomin\u00e9es pour la grande finale et peuvent encore esp\u00e9rer remporter ce prix prestigieux : Hauenstein AG de Rafz, Hawa Sliding Solutions AG de Mettmenstetten, Luzi AG de Dietlikon, RepRisk AG de Zurich et Schneider Umweltservice AG de Meilen.<\/p>","protected":false},"author":58,"featured_media":28288,"comment_status":"closed","ping_status":"closed","sticky":false,"template":"","format":"standard","meta":{"_acf_changed":false,"_yoast_wpseo_focuskw":"Prix SVC","_yoast_wpseo_metadesc":"Das KMU-Netzwerk SVC (Swiss Venture Club) vergibt am 26. November 2024 zum neunten Mal den Prix SVC Wirtschaftsraum Z\u00fcrich.","articlekey":"","footnotes":""},"categories":[1],"tags":[4300,392,424,492],"class_list":["post-28287","post","type-post","status-publish","format-standard","has-post-thumbnail","hentry","category-allgemein","tag-kmu-preis","tag-prix-svc-wirtschaftsraum-zuerich","tag-schweiz","tag-unternehmen"],"acf":[],"yoast_head":"<!-- This site is optimized with the Yoast SEO plugin v27.5 - https:\/\/yoast.com\/product\/yoast-seo-wordpress\/ -->\n<title>Prix SVC Wirtschaftsraum Z\u00fcrich 2024: F\u00fcnf Firmen f\u00fcr den KMU-Preis nominiert - Organisator<\/title>\n<meta name=\"description\" content=\"Das KMU-Netzwerk SVC (Swiss Venture Club) vergibt am 26. November 2024 zum neunten Mal den Prix SVC Wirtschaftsraum Z\u00fcrich.\" \/>\n<meta name=\"robots\" content=\"index, follow, max-snippet:-1, max-image-preview:large, max-video-preview:-1\" \/>\n<link rel=\"canonical\" href=\"https:\/\/www.organisator.ch\/fr\/general\/2024-07-09\/prix-svc-wirtschaftsraum-zuerich-2024-fuenf-firmen-fuer-den-kmu-preis-nominiert\/\" \/>\n<meta property=\"og:locale\" content=\"fr_FR\" \/>\n<meta property=\"og:type\" content=\"article\" \/>\n<meta property=\"og:title\" content=\"Prix SVC Wirtschaftsraum Z\u00fcrich 2024: F\u00fcnf Firmen f\u00fcr den KMU-Preis nominiert\" \/>\n<meta property=\"og:description\" content=\"Das KMU-Netzwerk SVC (Swiss Venture Club) vergibt am 26. November 2024 zum neunten Mal den Prix SVC Wirtschaftsraum Z\u00fcrich.\" \/>\n<meta property=\"og:url\" content=\"https:\/\/www.organisator.ch\/fr\/general\/2024-07-09\/prix-svc-wirtschaftsraum-zuerich-2024-fuenf-firmen-fuer-den-kmu-preis-nominiert\/\" \/>\n<meta property=\"og:site_name\" content=\"Organisator\" \/>\n<meta property=\"article:publisher\" content=\"https:\/\/www.facebook.com\/OrganisatorFachmagazin\" \/>\n<meta property=\"article:published_time\" content=\"2024-07-09T04:48:48+00:00\" \/>\n<meta property=\"og:image\" content=\"https:\/\/www.organisator.ch\/wp-content\/uploads\/2024\/07\/prix-svc-zuerich_Bild1_ps.jpg\" \/>\n\t<meta property=\"og:image:width\" content=\"680\" \/>\n\t<meta property=\"og:image:height\" content=\"386\" \/>\n\t<meta property=\"og:image:type\" content=\"image\/jpeg\" \/>\n<meta name=\"author\" content=\"Adelisa Kalajdzini\" \/>\n<meta name=\"twitter:card\" content=\"summary_large_image\" \/>\n<meta name=\"twitter:title\" content=\"Prix SVC Wirtschaftsraum Z\u00fcrich 2024: F\u00fcnf Firmen f\u00fcr den KMU-Preis nominiert\" \/>\n<meta name=\"twitter:description\" content=\"Das #KMU-Netzwerk SVC (Swiss Venture Club) vergibt am 26. November 2024 zum neunten Mal den #Prix #SVC #Wirtschaftsraum #Z\u00fcrich.\" \/>\n<meta name=\"twitter:image\" content=\"https:\/\/www.organisator.ch\/wp-content\/uploads\/2024\/07\/prix-svc-zuerich_Bild1_ps.jpg\" \/>\n<script type=\"application\/ld+json\" class=\"yoast-schema-graph\">{\"@context\":\"https:\\\/\\\/schema.org\",\"@graph\":[{\"@type\":\"Article\",\"@id\":\"https:\\\/\\\/www.organisator.ch\\\/allgemein\\\/2024-07-09\\\/prix-svc-wirtschaftsraum-zuerich-2024-fuenf-firmen-fuer-den-kmu-preis-nominiert\\\/#article\",\"isPartOf\":{\"@id\":\"https:\\\/\\\/www.organisator.ch\\\/allgemein\\\/2024-07-09\\\/prix-svc-wirtschaftsraum-zuerich-2024-fuenf-firmen-fuer-den-kmu-preis-nominiert\\\/\"},\"author\":{\"name\":\"Adelisa Kalajdzini\",\"@id\":\"https:\\\/\\\/www.organisator.ch\\\/#\\\/schema\\\/person\\\/2e1314a2172123f874db408d8911d3f3\"},\"headline\":\"Prix SVC Wirtschaftsraum Z\u00fcrich 2024: F\u00fcnf Firmen f\u00fcr den KMU-Preis nominiert\",\"datePublished\":\"2024-07-09T04:48:48+00:00\",\"mainEntityOfPage\":{\"@id\":\"https:\\\/\\\/www.organisator.ch\\\/allgemein\\\/2024-07-09\\\/prix-svc-wirtschaftsraum-zuerich-2024-fuenf-firmen-fuer-den-kmu-preis-nominiert\\\/\"},\"wordCount\":746,\"publisher\":{\"@id\":\"https:\\\/\\\/www.organisator.ch\\\/#organization\"},\"image\":{\"@id\":\"https:\\\/\\\/www.organisator.ch\\\/allgemein\\\/2024-07-09\\\/prix-svc-wirtschaftsraum-zuerich-2024-fuenf-firmen-fuer-den-kmu-preis-nominiert\\\/#primaryimage\"},\"thumbnailUrl\":\"https:\\\/\\\/www.organisator.ch\\\/wp-content\\\/uploads\\\/2024\\\/07\\\/prix-svc-zuerich_Bild1_ps.jpg\",\"keywords\":[\"KMU-Preis\",\"Prix SVC Wirtschaftsraum Z\u00fcrich\",\"Schweiz\",\"Unternehmen\"],\"articleSection\":[\"Allgemein\"],\"inLanguage\":\"fr-FR\"},{\"@type\":\"WebPage\",\"@id\":\"https:\\\/\\\/www.organisator.ch\\\/allgemein\\\/2024-07-09\\\/prix-svc-wirtschaftsraum-zuerich-2024-fuenf-firmen-fuer-den-kmu-preis-nominiert\\\/\",\"url\":\"https:\\\/\\\/www.organisator.ch\\\/allgemein\\\/2024-07-09\\\/prix-svc-wirtschaftsraum-zuerich-2024-fuenf-firmen-fuer-den-kmu-preis-nominiert\\\/\",\"name\":\"Prix SVC Wirtschaftsraum Z\u00fcrich 2024: F\u00fcnf Firmen f\u00fcr den KMU-Preis nominiert - Organisator\",\"isPartOf\":{\"@id\":\"https:\\\/\\\/www.organisator.ch\\\/#website\"},\"primaryImageOfPage\":{\"@id\":\"https:\\\/\\\/www.organisator.ch\\\/allgemein\\\/2024-07-09\\\/prix-svc-wirtschaftsraum-zuerich-2024-fuenf-firmen-fuer-den-kmu-preis-nominiert\\\/#primaryimage\"},\"image\":{\"@id\":\"https:\\\/\\\/www.organisator.ch\\\/allgemein\\\/2024-07-09\\\/prix-svc-wirtschaftsraum-zuerich-2024-fuenf-firmen-fuer-den-kmu-preis-nominiert\\\/#primaryimage\"},\"thumbnailUrl\":\"https:\\\/\\\/www.organisator.ch\\\/wp-content\\\/uploads\\\/2024\\\/07\\\/prix-svc-zuerich_Bild1_ps.jpg\",\"datePublished\":\"2024-07-09T04:48:48+00:00\",\"description\":\"Das KMU-Netzwerk SVC (Swiss Venture Club) vergibt am 26. November 2024 zum neunten Mal den Prix SVC Wirtschaftsraum Z\u00fcrich.\",\"breadcrumb\":{\"@id\":\"https:\\\/\\\/www.organisator.ch\\\/allgemein\\\/2024-07-09\\\/prix-svc-wirtschaftsraum-zuerich-2024-fuenf-firmen-fuer-den-kmu-preis-nominiert\\\/#breadcrumb\"},\"inLanguage\":\"fr-FR\",\"potentialAction\":[{\"@type\":\"ReadAction\",\"target\":[\"https:\\\/\\\/www.organisator.ch\\\/allgemein\\\/2024-07-09\\\/prix-svc-wirtschaftsraum-zuerich-2024-fuenf-firmen-fuer-den-kmu-preis-nominiert\\\/\"]}]},{\"@type\":\"ImageObject\",\"inLanguage\":\"fr-FR\",\"@id\":\"https:\\\/\\\/www.organisator.ch\\\/allgemein\\\/2024-07-09\\\/prix-svc-wirtschaftsraum-zuerich-2024-fuenf-firmen-fuer-den-kmu-preis-nominiert\\\/#primaryimage\",\"url\":\"https:\\\/\\\/www.organisator.ch\\\/wp-content\\\/uploads\\\/2024\\\/07\\\/prix-svc-zuerich_Bild1_ps.jpg\",\"contentUrl\":\"https:\\\/\\\/www.organisator.ch\\\/wp-content\\\/uploads\\\/2024\\\/07\\\/prix-svc-zuerich_Bild1_ps.jpg\",\"width\":680,\"height\":386,\"caption\":\"Die Preisverleihung findet am Dienstag, 26. November 2024, im Kongresshaus Z\u00fcrich statt. (Bild: www.svc.swiss)\"},{\"@type\":\"BreadcrumbList\",\"@id\":\"https:\\\/\\\/www.organisator.ch\\\/allgemein\\\/2024-07-09\\\/prix-svc-wirtschaftsraum-zuerich-2024-fuenf-firmen-fuer-den-kmu-preis-nominiert\\\/#breadcrumb\",\"itemListElement\":[{\"@type\":\"ListItem\",\"position\":1,\"name\":\"Home\",\"item\":\"https:\\\/\\\/www.organisator.ch\\\/\"},{\"@type\":\"ListItem\",\"position\":2,\"name\":\"Prix SVC Wirtschaftsraum Z\u00fcrich 2024: F\u00fcnf Firmen f\u00fcr den KMU-Preis nominiert\"}]},{\"@type\":\"WebSite\",\"@id\":\"https:\\\/\\\/www.organisator.ch\\\/#website\",\"url\":\"https:\\\/\\\/www.organisator.ch\\\/\",\"name\":\"Organisator\",\"description\":\"Kompetent. Praxisnah. Der ORGANISATOR bereitet in 10 Ausgaben pro Jahr die wesentlichen Themen f\u00fcr F\u00fchrungskr\u00e4fte von KMU auf.\",\"publisher\":{\"@id\":\"https:\\\/\\\/www.organisator.ch\\\/#organization\"},\"potentialAction\":[{\"@type\":\"SearchAction\",\"target\":{\"@type\":\"EntryPoint\",\"urlTemplate\":\"https:\\\/\\\/www.organisator.ch\\\/?s={search_term_string}\"},\"query-input\":{\"@type\":\"PropertyValueSpecification\",\"valueRequired\":true,\"valueName\":\"search_term_string\"}}],\"inLanguage\":\"fr-FR\"},{\"@type\":\"Organization\",\"@id\":\"https:\\\/\\\/www.organisator.ch\\\/#organization\",\"name\":\"Organisator\",\"url\":\"https:\\\/\\\/www.organisator.ch\\\/\",\"logo\":{\"@type\":\"ImageObject\",\"inLanguage\":\"fr-FR\",\"@id\":\"https:\\\/\\\/www.organisator.ch\\\/#\\\/schema\\\/logo\\\/image\\\/\",\"url\":\"https:\\\/\\\/www.organisator.ch\\\/wp-content\\\/uploads\\\/2022\\\/01\\\/Logo_Organisator_Website.png\",\"contentUrl\":\"https:\\\/\\\/www.organisator.ch\\\/wp-content\\\/uploads\\\/2022\\\/01\\\/Logo_Organisator_Website.png\",\"width\":800,\"height\":77,\"caption\":\"Organisator\"},\"image\":{\"@id\":\"https:\\\/\\\/www.organisator.ch\\\/#\\\/schema\\\/logo\\\/image\\\/\"},\"sameAs\":[\"https:\\\/\\\/www.facebook.com\\\/OrganisatorFachmagazin\",\"https:\\\/\\\/www.linkedin.com\\\/showcase\\\/organisator-das-magazin-fr-kmu\",\"https:\\\/\\\/www.xing.com\\\/news\\\/pages\\\/organisator-ch-695\",\"https:\\\/\\\/www.youtube.com\\\/channel\\\/UCGP2Sq0iWaZwT3BdIAQFYpw\"]},{\"@type\":\"Person\",\"@id\":\"https:\\\/\\\/www.organisator.ch\\\/#\\\/schema\\\/person\\\/2e1314a2172123f874db408d8911d3f3\",\"name\":\"Adelisa Kalajdzini\",\"image\":{\"@type\":\"ImageObject\",\"inLanguage\":\"fr-FR\",\"@id\":\"https:\\\/\\\/secure.gravatar.com\\\/avatar\\\/09a397c22ac58cad6f160ee8306348599df9df58a8ede73696226897b9fa4b24?s=96&d=mm&r=g\",\"url\":\"https:\\\/\\\/secure.gravatar.com\\\/avatar\\\/09a397c22ac58cad6f160ee8306348599df9df58a8ede73696226897b9fa4b24?s=96&d=mm&r=g\",\"contentUrl\":\"https:\\\/\\\/secure.gravatar.com\\\/avatar\\\/09a397c22ac58cad6f160ee8306348599df9df58a8ede73696226897b9fa4b24?s=96&d=mm&r=g\",\"caption\":\"Adelisa Kalajdzini\"},\"url\":\"https:\\\/\\\/www.organisator.ch\\\/fr\\\/author\\\/adelisa-kalajdzini\\\/\"}]}<\/script>\n<!-- \/ Yoast SEO plugin. -->","yoast_head_json":{"title":"Prix SVC Wirtschaftsraum Z\u00fcrich 2024 : cinq entreprises nomin\u00e9es pour le prix PME - Organisateur","description":"Le 26 novembre 2024, le r\u00e9seau de PME SVC (Swiss Venture Club) d\u00e9cernera pour la neuvi\u00e8me fois le Prix SVC Wirtschaftsraum Z\u00fcrich.","robots":{"index":"index","follow":"follow","max-snippet":"max-snippet:-1","max-image-preview":"max-image-preview:large","max-video-preview":"max-video-preview:-1"},"canonical":"https:\/\/www.organisator.ch\/fr\/general\/2024-07-09\/prix-svc-wirtschaftsraum-zuerich-2024-fuenf-firmen-fuer-den-kmu-preis-nominiert\/","og_locale":"fr_FR","og_type":"article","og_title":"Prix SVC Wirtschaftsraum Z\u00fcrich 2024: F\u00fcnf Firmen f\u00fcr den KMU-Preis nominiert","og_description":"Das KMU-Netzwerk SVC (Swiss Venture Club) vergibt am 26. November 2024 zum neunten Mal den Prix SVC Wirtschaftsraum Z\u00fcrich.","og_url":"https:\/\/www.organisator.ch\/fr\/general\/2024-07-09\/prix-svc-wirtschaftsraum-zuerich-2024-fuenf-firmen-fuer-den-kmu-preis-nominiert\/","og_site_name":"Organisator","article_publisher":"https:\/\/www.facebook.com\/OrganisatorFachmagazin","article_published_time":"2024-07-09T04:48:48+00:00","og_image":[{"width":680,"height":386,"url":"https:\/\/www.organisator.ch\/wp-content\/uploads\/2024\/07\/prix-svc-zuerich_Bild1_ps.jpg","type":"image\/jpeg"}],"author":"Adelisa Kalajdzini","twitter_card":"summary_large_image","twitter_title":"Prix SVC Wirtschaftsraum Z\u00fcrich 2024: F\u00fcnf Firmen f\u00fcr den KMU-Preis nominiert","twitter_description":"Das #KMU-Netzwerk SVC (Swiss Venture Club) vergibt am 26. November 2024 zum neunten Mal den #Prix #SVC #Wirtschaftsraum #Z\u00fcrich.","twitter_image":"https:\/\/www.organisator.ch\/wp-content\/uploads\/2024\/07\/prix-svc-zuerich_Bild1_ps.jpg","schema":{"@context":"https:\/\/schema.org","@graph":[{"@type":"Article","@id":"https:\/\/www.organisator.ch\/allgemein\/2024-07-09\/prix-svc-wirtschaftsraum-zuerich-2024-fuenf-firmen-fuer-den-kmu-preis-nominiert\/#article","isPartOf":{"@id":"https:\/\/www.organisator.ch\/allgemein\/2024-07-09\/prix-svc-wirtschaftsraum-zuerich-2024-fuenf-firmen-fuer-den-kmu-preis-nominiert\/"},"author":{"name":"Adelisa Kalajdzini","@id":"https:\/\/www.organisator.ch\/#\/schema\/person\/2e1314a2172123f874db408d8911d3f3"},"headline":"Prix SVC Wirtschaftsraum Z\u00fcrich 2024: F\u00fcnf Firmen f\u00fcr den KMU-Preis nominiert","datePublished":"2024-07-09T04:48:48+00:00","mainEntityOfPage":{"@id":"https:\/\/www.organisator.ch\/allgemein\/2024-07-09\/prix-svc-wirtschaftsraum-zuerich-2024-fuenf-firmen-fuer-den-kmu-preis-nominiert\/"},"wordCount":746,"publisher":{"@id":"https:\/\/www.organisator.ch\/#organization"},"image":{"@id":"https:\/\/www.organisator.ch\/allgemein\/2024-07-09\/prix-svc-wirtschaftsraum-zuerich-2024-fuenf-firmen-fuer-den-kmu-preis-nominiert\/#primaryimage"},"thumbnailUrl":"https:\/\/www.organisator.ch\/wp-content\/uploads\/2024\/07\/prix-svc-zuerich_Bild1_ps.jpg","keywords":["KMU-Preis","Prix SVC Wirtschaftsraum Z\u00fcrich","Schweiz","Unternehmen"],"articleSection":["Allgemein"],"inLanguage":"fr-FR"},{"@type":"WebPage","@id":"https:\/\/www.organisator.ch\/allgemein\/2024-07-09\/prix-svc-wirtschaftsraum-zuerich-2024-fuenf-firmen-fuer-den-kmu-preis-nominiert\/","url":"https:\/\/www.organisator.ch\/allgemein\/2024-07-09\/prix-svc-wirtschaftsraum-zuerich-2024-fuenf-firmen-fuer-den-kmu-preis-nominiert\/","name":"Prix SVC Wirtschaftsraum Z\u00fcrich 2024 : cinq entreprises nomin\u00e9es pour le prix PME - Organisateur","isPartOf":{"@id":"https:\/\/www.organisator.ch\/#website"},"primaryImageOfPage":{"@id":"https:\/\/www.organisator.ch\/allgemein\/2024-07-09\/prix-svc-wirtschaftsraum-zuerich-2024-fuenf-firmen-fuer-den-kmu-preis-nominiert\/#primaryimage"},"image":{"@id":"https:\/\/www.organisator.ch\/allgemein\/2024-07-09\/prix-svc-wirtschaftsraum-zuerich-2024-fuenf-firmen-fuer-den-kmu-preis-nominiert\/#primaryimage"},"thumbnailUrl":"https:\/\/www.organisator.ch\/wp-content\/uploads\/2024\/07\/prix-svc-zuerich_Bild1_ps.jpg","datePublished":"2024-07-09T04:48:48+00:00","description":"Le 26 novembre 2024, le r\u00e9seau de PME SVC (Swiss Venture Club) d\u00e9cernera pour la neuvi\u00e8me fois le Prix SVC Wirtschaftsraum Z\u00fcrich.","breadcrumb":{"@id":"https:\/\/www.organisator.ch\/allgemein\/2024-07-09\/prix-svc-wirtschaftsraum-zuerich-2024-fuenf-firmen-fuer-den-kmu-preis-nominiert\/#breadcrumb"},"inLanguage":"fr-FR","potentialAction":[{"@type":"ReadAction","target":["https:\/\/www.organisator.ch\/allgemein\/2024-07-09\/prix-svc-wirtschaftsraum-zuerich-2024-fuenf-firmen-fuer-den-kmu-preis-nominiert\/"]}]},{"@type":"ImageObject","inLanguage":"fr-FR","@id":"https:\/\/www.organisator.ch\/allgemein\/2024-07-09\/prix-svc-wirtschaftsraum-zuerich-2024-fuenf-firmen-fuer-den-kmu-preis-nominiert\/#primaryimage","url":"https:\/\/www.organisator.ch\/wp-content\/uploads\/2024\/07\/prix-svc-zuerich_Bild1_ps.jpg","contentUrl":"https:\/\/www.organisator.ch\/wp-content\/uploads\/2024\/07\/prix-svc-zuerich_Bild1_ps.jpg","width":680,"height":386,"caption":"Die Preisverleihung findet am Dienstag, 26. November 2024, im Kongresshaus Z\u00fcrich statt. (Bild: www.svc.swiss)"},{"@type":"BreadcrumbList","@id":"https:\/\/www.organisator.ch\/allgemein\/2024-07-09\/prix-svc-wirtschaftsraum-zuerich-2024-fuenf-firmen-fuer-den-kmu-preis-nominiert\/#breadcrumb","itemListElement":[{"@type":"ListItem","position":1,"name":"Home","item":"https:\/\/www.organisator.ch\/"},{"@type":"ListItem","position":2,"name":"Prix SVC Wirtschaftsraum Z\u00fcrich 2024: F\u00fcnf Firmen f\u00fcr den KMU-Preis nominiert"}]},{"@type":"WebSite","@id":"https:\/\/www.organisator.ch\/#website","url":"https:\/\/www.organisator.ch\/","name":"Organisateur","description":"Comp\u00e9tence et comp\u00e9tence. Proches de la pratique. L'ORGANISATEUR pr\u00e9pare 10 num\u00e9ros par an sur les th\u00e8mes essentiels pour les dirigeants de PME.","publisher":{"@id":"https:\/\/www.organisator.ch\/#organization"},"potentialAction":[{"@type":"SearchAction","target":{"@type":"EntryPoint","urlTemplate":"https:\/\/www.organisator.ch\/?s={search_term_string}"},"query-input":{"@type":"PropertyValueSpecification","valueRequired":true,"valueName":"search_term_string"}}],"inLanguage":"fr-FR"},{"@type":"Organization","@id":"https:\/\/www.organisator.ch\/#organization","name":"Organisateur","url":"https:\/\/www.organisator.ch\/","logo":{"@type":"ImageObject","inLanguage":"fr-FR","@id":"https:\/\/www.organisator.ch\/#\/schema\/logo\/image\/","url":"https:\/\/www.organisator.ch\/wp-content\/uploads\/2022\/01\/Logo_Organisator_Website.png","contentUrl":"https:\/\/www.organisator.ch\/wp-content\/uploads\/2022\/01\/Logo_Organisator_Website.png","width":800,"height":77,"caption":"Organisator"},"image":{"@id":"https:\/\/www.organisator.ch\/#\/schema\/logo\/image\/"},"sameAs":["https:\/\/www.facebook.com\/OrganisatorFachmagazin","https:\/\/www.linkedin.com\/showcase\/organisator-das-magazin-fr-kmu","https:\/\/www.xing.com\/news\/pages\/organisator-ch-695","https:\/\/www.youtube.com\/channel\/UCGP2Sq0iWaZwT3BdIAQFYpw"]},{"@type":"Person","@id":"https:\/\/www.organisator.ch\/#\/schema\/person\/2e1314a2172123f874db408d8911d3f3","name":"Adelisa Kalajdzini","image":{"@type":"ImageObject","inLanguage":"fr-FR","@id":"https:\/\/secure.gravatar.com\/avatar\/09a397c22ac58cad6f160ee8306348599df9df58a8ede73696226897b9fa4b24?s=96&d=mm&r=g","url":"https:\/\/secure.gravatar.com\/avatar\/09a397c22ac58cad6f160ee8306348599df9df58a8ede73696226897b9fa4b24?s=96&d=mm&r=g","contentUrl":"https:\/\/secure.gravatar.com\/avatar\/09a397c22ac58cad6f160ee8306348599df9df58a8ede73696226897b9fa4b24?s=96&d=mm&r=g","caption":"Adelisa Kalajdzini"},"url":"https:\/\/www.organisator.ch\/fr\/author\/adelisa-kalajdzini\/"}]}},"_links":{"self":[{"href":"https:\/\/www.organisator.ch\/fr\/wp-json\/wp\/v2\/posts\/28287","targetHints":{"allow":["GET"]}}],"collection":[{"href":"https:\/\/www.organisator.ch\/fr\/wp-json\/wp\/v2\/posts"}],"about":[{"href":"https:\/\/www.organisator.ch\/fr\/wp-json\/wp\/v2\/types\/post"}],"author":[{"embeddable":true,"href":"https:\/\/www.organisator.ch\/fr\/wp-json\/wp\/v2\/users\/58"}],"replies":[{"embeddable":true,"href":"https:\/\/www.organisator.ch\/fr\/wp-json\/wp\/v2\/comments?post=28287"}],"version-history":[{"count":5,"href":"https:\/\/www.organisator.ch\/fr\/wp-json\/wp\/v2\/posts\/28287\/revisions"}],"predecessor-version":[{"id":28333,"href":"https:\/\/www.organisator.ch\/fr\/wp-json\/wp\/v2\/posts\/28287\/revisions\/28333"}],"wp:featuredmedia":[{"embeddable":true,"href":"https:\/\/www.organisator.ch\/fr\/wp-json\/wp\/v2\/media\/28288"}],"wp:attachment":[{"href":"https:\/\/www.organisator.ch\/fr\/wp-json\/wp\/v2\/media?parent=28287"}],"wp:term":[{"taxonomy":"category","embeddable":true,"href":"https:\/\/www.organisator.ch\/fr\/wp-json\/wp\/v2\/categories?post=28287"},{"taxonomy":"post_tag","embeddable":true,"href":"https:\/\/www.organisator.ch\/fr\/wp-json\/wp\/v2\/tags?post=28287"}],"curies":[{"name":"wp","href":"https:\/\/api.w.org\/{rel}","templated":true}]}}