{"id":2830,"date":"2017-12-07T08:04:13","date_gmt":"2017-12-07T07:04:13","guid":{"rendered":"https:\/\/www.organisator.ch\/?p=2830"},"modified":"2017-12-07T08:04:13","modified_gmt":"2017-12-07T07:04:13","slug":"online-test-ermitteln-sie-die-digital-und-fuehrungsreife-ihres-unternehmens","status":"publish","type":"post","link":"https:\/\/www.organisator.ch\/fr\/management\/2017-12-07\/online-test-ermitteln-sie-die-digital-und-fuehrungsreife-ihres-unternehmens\/","title":{"rendered":"Test en ligne : d\u00e9terminez la maturit\u00e9 num\u00e9rique et manag\u00e9riale de votre entreprise"},"content":{"rendered":"<p><img loading=\"lazy\" decoding=\"async\" class=\"alignnone size-full wp-image-2831\" src=\"https:\/\/www.organisator.ch\/wp-content\/uploads\/2017\/12\/Online-Test-Ermitteln-Sie-die-Digital-und-Fuehrungsreife-Ihres-Unternehmens_Organisator.jpg\" alt=\"\" width=\"497\" height=\"480\" srcset=\"https:\/\/www.organisator.ch\/wp-content\/uploads\/2017\/12\/Online-Test-Ermitteln-Sie-die-Digital-und-Fuehrungsreife-Ihres-Unternehmens_Organisator.jpg 497w, https:\/\/www.organisator.ch\/wp-content\/uploads\/2017\/12\/Online-Test-Ermitteln-Sie-die-Digital-und-Fuehrungsreife-Ihres-Unternehmens_Organisator-12x12.jpg 12w, https:\/\/www.organisator.ch\/wp-content\/uploads\/2017\/12\/Online-Test-Ermitteln-Sie-die-Digital-und-Fuehrungsreife-Ihres-Unternehmens_Organisator-181x175.jpg 181w, https:\/\/www.organisator.ch\/wp-content\/uploads\/2017\/12\/Online-Test-Ermitteln-Sie-die-Digital-und-Fuehrungsreife-Ihres-Unternehmens_Organisator-362x350.jpg 362w, https:\/\/www.organisator.ch\/wp-content\/uploads\/2017\/12\/Online-Test-Ermitteln-Sie-die-Digital-und-Fuehrungsreife-Ihres-Unternehmens_Organisator-300x290.jpg 300w\" sizes=\"auto, (max-width: 497px) 100vw, 497px\" \/><\/p>\n<p>\"Leadership-Index for Digital Transformation\", en abr\u00e9g\u00e9 LEADT - tel est le nom d'une nouvelle proc\u00e9dure de test et d'analyse visant \u00e0 d\u00e9terminer la maturit\u00e9 des cadres en mati\u00e8re de leadership ax\u00e9 sur le num\u00e9rique, mise au point par l'Institut f\u00fcr F\u00fchrungskultur im digitalen Zeitalter (IFIDZ) de Francfort. Gr\u00e2ce \u00e0 un outil d'analyse comprenant un test en ligne, les entreprises peuvent notamment d\u00e9terminer dans quelle mesure leurs cadres poss\u00e8dent d\u00e9j\u00e0 les comp\u00e9tences n\u00e9cessaires pour diriger des collaborateurs et des secteurs \u00e0 l'\u00e8re du num\u00e9rique. Sur cette base, elles peuvent ensuite planifier des mesures de d\u00e9veloppement pour eux.<\/p>\n<h2>Classement des comp\u00e9tences<\/h2>\n<p>La m\u00e9thode d'analyse LEADT se base sur la m\u00e9ta-\u00e9tude \"Les comp\u00e9tences de direction \u00e0 l'\u00e8re du num\u00e9rique\", r\u00e9alis\u00e9e par l'IFIDZ en 2016. Pour cette \u00e9tude, l'institut a \u00e9valu\u00e9 30 \u00e9tudes sur le complexe th\u00e9matique des comp\u00e9tences dont les cadres auront besoin \u00e0 l'avenir, publi\u00e9es entre 2012 et 2016. Sur la base des r\u00e9sultats, l'IFIDZ a \u00e9tabli un classement des comp\u00e9tences et a class\u00e9 les diff\u00e9rentes comp\u00e9tences selon les deux param\u00e8tres \"maturit\u00e9 manag\u00e9riale\" et \"maturit\u00e9 num\u00e9rique\" qui, selon la compr\u00e9hension de l'IFIDZ, constituent ensemble la \"maturit\u00e9 manag\u00e9riale orient\u00e9e num\u00e9rique\". Selon les d\u00e9clarations de la directrice de l'IFIDZ, Barbara Liebermeister, le niveau de ces comp\u00e9tences est d\u00e9termin\u00e9 lors du test en ligne LEADT, de sorte que les \u00e9carts entre les objectifs et la r\u00e9alit\u00e9, c'est-\u00e0-dire les domaines d'apprentissage et de d\u00e9veloppement, apparaissent \u00e9galement. Le LEADT distingue trois niveaux de comp\u00e9tences : \"attitude\" (\"je pense\"), \"compr\u00e9hension\" (\"je sais\") et \"comportement\" (\"j'agis\"), qui d\u00e9terminent l'action concr\u00e8te d'un cadre. C'est pourquoi, selon Liebermeister, les r\u00e9sultats de l'analyse donnent une image tr\u00e8s diff\u00e9renci\u00e9e de chaque dirigeant.<\/p>\n<h2>Test en ligne avec \u00e9valuation graphique<\/h2>\n<p>Les r\u00e9sultats de l'analyse sont communiqu\u00e9s aux cadres, entre autres, au moyen d'une repr\u00e9sentation graphique des r\u00e9sultats. Celui-ci donne au cadre concern\u00e9 un aper\u00e7u rapide de son degr\u00e9 de maturit\u00e9 manag\u00e9riale et num\u00e9rique - par rapport aux trois dimensions \"attitude\", \"compr\u00e9hension\" et \"comportement\" - et des domaines dans lesquels il doit \u00e9ventuellement encore apprendre\/d\u00e9velopper ses comp\u00e9tences. Les r\u00e9sultats partiels rassembl\u00e9s dans le graphique sont expliqu\u00e9s et d\u00e9taill\u00e9s dans une pr\u00e9sentation textuelle des r\u00e9sultats, qui se r\u00e9f\u00e8re \u00e9galement aux trois dimensions saisies ainsi qu'aux comp\u00e9tences d'un cadre orient\u00e9 vers le num\u00e9rique d\u00e9finies dans le classement des comp\u00e9tences.<\/p>\n<p>Le test en ligne sur lequel repose LEADT se compose de 106 affirmations auxquelles il faut r\u00e9pondre sur une \u00e9chelle de 1 (vrai) \u00e0 6 (pas du tout vrai). Les cadres peuvent le compl\u00e9ter en 30 minutes environ. Les r\u00e9sultats sont ensuite imm\u00e9diatement affich\u00e9s. L'\u00e9valuation des comp\u00e9tences peut \u00eatre adapt\u00e9e aux besoins de chaque organisation et fonction.<\/p>\n<h2>Outil \u00e0 des fins de r\u00e9flexion<\/h2>\n<p>Selon Patrick Merke, qui a particip\u00e9 au d\u00e9veloppement de l'outil d'analyse, l'utilisation de la m\u00e9thode d'analyse LEADT est recommand\u00e9e \u00e0 des fins d'auto-r\u00e9flexion ou de r\u00e9flexion d'\u00e9quipe dans le cadre de mesures de d\u00e9veloppement du personnel et des cadres. En outre, selon le membre de la direction de l'IFIDZ, il peut \u00eatre utilis\u00e9 pour les processus de s\u00e9lection du personnel et pour la planification de l'affectation du personnel.<\/p>\n<p><em>Les personnes int\u00e9ress\u00e9es trouveront de plus amples informations sur l'outil d'analyse sur le site web de l'Institut pour la culture du leadership \u00e0 l'\u00e8re num\u00e9rique (IFIDZ), dans la rubrique LEADT (<a href=\"http:\/\/www.ifidz.de\">www.ifidz.de<\/a>). Le test peut y \u00eatre command\u00e9 par e-mail.<\/em><\/p>","protected":false},"excerpt":{"rendered":"<p>\u201eLeadership-Index for Digital Transformation\u201c, kurz LEADT \u2013 so lautet der Name eines neuen Test- und Analyseverfahrens zum Ermitteln der digitalorientierten F\u00fchrungsreife von F\u00fchrungskr\u00e4ften, das das Institut f\u00fcr F\u00fchrungskultur im digitalen Zeitalter (IFIDZ), Frankfurt, entwickelt hat. Mit einem\u00a0Analysetool, das einen Online-Test beinhaltet,\u00a0k\u00f6nnen Unternehmen unter anderem ermitteln, inwieweit ihre F\u00fchrungskr\u00e4fte bereits \u00fcber die erforderlichen Kompetenzen verf\u00fcgen, die [&hellip;]<\/p>\n","protected":false},"author":4,"featured_media":2831,"comment_status":"open","ping_status":"open","sticky":false,"template":"","format":"standard","meta":{"_acf_changed":false,"_yoast_wpseo_focuskw":"Online-Test","_yoast_wpseo_metadesc":"Mit einem neuen Online-Analyseverfahren namens LEADT k\u00f6nnen Unternehmen ermitteln, wie fit ihre F\u00fchrungskr\u00e4fte f\u00fcr das digitale Zeitalter sind.","articlekey":"","footnotes":""},"categories":[28],"tags":[156,335,393,480],"class_list":["post-2830","post","type-post","status-publish","format-standard","has-post-thumbnail","hentry","category-management","tag-digitalisierung","tag-management-und-unternehmensfuehrung","tag-produkte","tag-test"],"acf":[],"yoast_head":"<!-- This site is optimized with the Yoast SEO plugin v27.5 - https:\/\/yoast.com\/product\/yoast-seo-wordpress\/ -->\n<title>Online-Test: Ermitteln Sie die Digital- und F\u00fchrungsreife Ihres Unternehmens - Organisator<\/title>\n<meta name=\"description\" content=\"Mit einem neuen Online-Analyseverfahren namens LEADT k\u00f6nnen Unternehmen ermitteln, wie fit ihre F\u00fchrungskr\u00e4fte f\u00fcr das digitale Zeitalter sind.\" \/>\n<meta name=\"robots\" content=\"index, follow, max-snippet:-1, max-image-preview:large, max-video-preview:-1\" \/>\n<link rel=\"canonical\" href=\"https:\/\/www.organisator.ch\/fr\/gestion-2\/2017-12-07\/online-test-ermitteln-sie-die-digital-und-fuehrungsreife-ihres-unternehmens\/\" \/>\n<meta property=\"og:locale\" content=\"fr_FR\" \/>\n<meta property=\"og:type\" content=\"article\" \/>\n<meta property=\"og:title\" content=\"Online-Test: Ermitteln Sie die Digital- und F\u00fchrungsreife Ihres Unternehmens\" \/>\n<meta property=\"og:description\" content=\"Mit einem neuen #Online-Analyseverfahren namens #LEADT k\u00f6nnen Unternehmen ermitteln, wie fit ihre #F\u00fchrungskr\u00e4fte f\u00fcr das digitale Zeitalter sind.\" \/>\n<meta property=\"og:url\" content=\"https:\/\/www.organisator.ch\/fr\/gestion-2\/2017-12-07\/online-test-ermitteln-sie-die-digital-und-fuehrungsreife-ihres-unternehmens\/\" \/>\n<meta property=\"og:site_name\" content=\"Organisator\" \/>\n<meta property=\"article:publisher\" content=\"https:\/\/www.facebook.com\/OrganisatorFachmagazin\" \/>\n<meta property=\"article:published_time\" content=\"2017-12-07T07:04:13+00:00\" \/>\n<meta property=\"og:image\" content=\"https:\/\/www.organisator.ch\/wp-content\/uploads\/2017\/12\/Online-Test-Ermitteln-Sie-die-Digital-und-Fuehrungsreife-Ihres-Unternehmens_Organisator.jpg\" \/>\n\t<meta property=\"og:image:width\" content=\"497\" \/>\n\t<meta property=\"og:image:height\" content=\"480\" \/>\n\t<meta property=\"og:image:type\" content=\"image\/jpeg\" \/>\n<meta name=\"author\" content=\"thomas.berner\" \/>\n<meta name=\"twitter:card\" content=\"summary_large_image\" \/>\n<meta name=\"twitter:title\" content=\"#Online-Test: Ermitteln Sie die Digital- und #F\u00fchrungsreife Ihres Unternehmens\" \/>\n<meta name=\"twitter:description\" content=\"Mit einem neuen #Online-Analyseverfahren namens #LEADT k\u00f6nnen Unternehmen ermitteln, wie fit ihre #F\u00fchrungskr\u00e4fte f\u00fcr das digitale Zeitalter sind.\" \/>\n<meta name=\"twitter:image\" content=\"https:\/\/www.organisator.ch\/wp-content\/uploads\/2017\/12\/Online-Test-Ermitteln-Sie-die-Digital-und-F\u00fchrungsreife-Ihres-Unternehmens_Organisator.jpg\" \/>\n<script type=\"application\/ld+json\" class=\"yoast-schema-graph\">{\"@context\":\"https:\\\/\\\/schema.org\",\"@graph\":[{\"@type\":\"Article\",\"@id\":\"https:\\\/\\\/www.organisator.ch\\\/management\\\/2017-12-07\\\/online-test-ermitteln-sie-die-digital-und-fuehrungsreife-ihres-unternehmens\\\/#article\",\"isPartOf\":{\"@id\":\"https:\\\/\\\/www.organisator.ch\\\/management\\\/2017-12-07\\\/online-test-ermitteln-sie-die-digital-und-fuehrungsreife-ihres-unternehmens\\\/\"},\"author\":{\"name\":\"thomas.berner\",\"@id\":\"https:\\\/\\\/www.organisator.ch\\\/#\\\/schema\\\/person\\\/6f650f90b2842cd4c0cc334b4e36f67e\"},\"headline\":\"Online-Test: Ermitteln Sie die Digital- und F\u00fchrungsreife Ihres Unternehmens\",\"datePublished\":\"2017-12-07T07:04:13+00:00\",\"mainEntityOfPage\":{\"@id\":\"https:\\\/\\\/www.organisator.ch\\\/management\\\/2017-12-07\\\/online-test-ermitteln-sie-die-digital-und-fuehrungsreife-ihres-unternehmens\\\/\"},\"wordCount\":490,\"commentCount\":0,\"publisher\":{\"@id\":\"https:\\\/\\\/www.organisator.ch\\\/#organization\"},\"image\":{\"@id\":\"https:\\\/\\\/www.organisator.ch\\\/management\\\/2017-12-07\\\/online-test-ermitteln-sie-die-digital-und-fuehrungsreife-ihres-unternehmens\\\/#primaryimage\"},\"thumbnailUrl\":\"https:\\\/\\\/www.organisator.ch\\\/wp-content\\\/uploads\\\/2017\\\/12\\\/Online-Test-Ermitteln-Sie-die-Digital-und-Fuehrungsreife-Ihres-Unternehmens_Organisator.jpg\",\"keywords\":[\"Digitalisierung\",\"Management und Unternehmensf\u00fchrung\",\"Produkte\",\"Test\"],\"articleSection\":[\"MANAGEMENT\"],\"inLanguage\":\"fr-FR\"},{\"@type\":\"WebPage\",\"@id\":\"https:\\\/\\\/www.organisator.ch\\\/management\\\/2017-12-07\\\/online-test-ermitteln-sie-die-digital-und-fuehrungsreife-ihres-unternehmens\\\/\",\"url\":\"https:\\\/\\\/www.organisator.ch\\\/management\\\/2017-12-07\\\/online-test-ermitteln-sie-die-digital-und-fuehrungsreife-ihres-unternehmens\\\/\",\"name\":\"Online-Test: Ermitteln Sie die Digital- und F\u00fchrungsreife Ihres Unternehmens - Organisator\",\"isPartOf\":{\"@id\":\"https:\\\/\\\/www.organisator.ch\\\/#website\"},\"primaryImageOfPage\":{\"@id\":\"https:\\\/\\\/www.organisator.ch\\\/management\\\/2017-12-07\\\/online-test-ermitteln-sie-die-digital-und-fuehrungsreife-ihres-unternehmens\\\/#primaryimage\"},\"image\":{\"@id\":\"https:\\\/\\\/www.organisator.ch\\\/management\\\/2017-12-07\\\/online-test-ermitteln-sie-die-digital-und-fuehrungsreife-ihres-unternehmens\\\/#primaryimage\"},\"thumbnailUrl\":\"https:\\\/\\\/www.organisator.ch\\\/wp-content\\\/uploads\\\/2017\\\/12\\\/Online-Test-Ermitteln-Sie-die-Digital-und-Fuehrungsreife-Ihres-Unternehmens_Organisator.jpg\",\"datePublished\":\"2017-12-07T07:04:13+00:00\",\"description\":\"Mit einem neuen Online-Analyseverfahren namens LEADT k\u00f6nnen Unternehmen ermitteln, wie fit ihre F\u00fchrungskr\u00e4fte f\u00fcr das digitale Zeitalter sind.\",\"breadcrumb\":{\"@id\":\"https:\\\/\\\/www.organisator.ch\\\/management\\\/2017-12-07\\\/online-test-ermitteln-sie-die-digital-und-fuehrungsreife-ihres-unternehmens\\\/#breadcrumb\"},\"inLanguage\":\"fr-FR\",\"potentialAction\":[{\"@type\":\"ReadAction\",\"target\":[\"https:\\\/\\\/www.organisator.ch\\\/management\\\/2017-12-07\\\/online-test-ermitteln-sie-die-digital-und-fuehrungsreife-ihres-unternehmens\\\/\"]}]},{\"@type\":\"ImageObject\",\"inLanguage\":\"fr-FR\",\"@id\":\"https:\\\/\\\/www.organisator.ch\\\/management\\\/2017-12-07\\\/online-test-ermitteln-sie-die-digital-und-fuehrungsreife-ihres-unternehmens\\\/#primaryimage\",\"url\":\"https:\\\/\\\/www.organisator.ch\\\/wp-content\\\/uploads\\\/2017\\\/12\\\/Online-Test-Ermitteln-Sie-die-Digital-und-Fuehrungsreife-Ihres-Unternehmens_Organisator.jpg\",\"contentUrl\":\"https:\\\/\\\/www.organisator.ch\\\/wp-content\\\/uploads\\\/2017\\\/12\\\/Online-Test-Ermitteln-Sie-die-Digital-und-Fuehrungsreife-Ihres-Unternehmens_Organisator.jpg\",\"width\":497,\"height\":480},{\"@type\":\"BreadcrumbList\",\"@id\":\"https:\\\/\\\/www.organisator.ch\\\/management\\\/2017-12-07\\\/online-test-ermitteln-sie-die-digital-und-fuehrungsreife-ihres-unternehmens\\\/#breadcrumb\",\"itemListElement\":[{\"@type\":\"ListItem\",\"position\":1,\"name\":\"Home\",\"item\":\"https:\\\/\\\/www.organisator.ch\\\/\"},{\"@type\":\"ListItem\",\"position\":2,\"name\":\"Online-Test: Ermitteln Sie die Digital- und F\u00fchrungsreife Ihres Unternehmens\"}]},{\"@type\":\"WebSite\",\"@id\":\"https:\\\/\\\/www.organisator.ch\\\/#website\",\"url\":\"https:\\\/\\\/www.organisator.ch\\\/\",\"name\":\"Organisator\",\"description\":\"Kompetent. Praxisnah. Der ORGANISATOR bereitet in 10 Ausgaben pro Jahr die wesentlichen Themen f\u00fcr F\u00fchrungskr\u00e4fte von KMU auf.\",\"publisher\":{\"@id\":\"https:\\\/\\\/www.organisator.ch\\\/#organization\"},\"potentialAction\":[{\"@type\":\"SearchAction\",\"target\":{\"@type\":\"EntryPoint\",\"urlTemplate\":\"https:\\\/\\\/www.organisator.ch\\\/?s={search_term_string}\"},\"query-input\":{\"@type\":\"PropertyValueSpecification\",\"valueRequired\":true,\"valueName\":\"search_term_string\"}}],\"inLanguage\":\"fr-FR\"},{\"@type\":\"Organization\",\"@id\":\"https:\\\/\\\/www.organisator.ch\\\/#organization\",\"name\":\"Organisator\",\"url\":\"https:\\\/\\\/www.organisator.ch\\\/\",\"logo\":{\"@type\":\"ImageObject\",\"inLanguage\":\"fr-FR\",\"@id\":\"https:\\\/\\\/www.organisator.ch\\\/#\\\/schema\\\/logo\\\/image\\\/\",\"url\":\"https:\\\/\\\/www.organisator.ch\\\/wp-content\\\/uploads\\\/2022\\\/01\\\/Logo_Organisator_Website.png\",\"contentUrl\":\"https:\\\/\\\/www.organisator.ch\\\/wp-content\\\/uploads\\\/2022\\\/01\\\/Logo_Organisator_Website.png\",\"width\":800,\"height\":77,\"caption\":\"Organisator\"},\"image\":{\"@id\":\"https:\\\/\\\/www.organisator.ch\\\/#\\\/schema\\\/logo\\\/image\\\/\"},\"sameAs\":[\"https:\\\/\\\/www.facebook.com\\\/OrganisatorFachmagazin\",\"https:\\\/\\\/www.linkedin.com\\\/showcase\\\/organisator-das-magazin-fr-kmu\",\"https:\\\/\\\/www.xing.com\\\/news\\\/pages\\\/organisator-ch-695\",\"https:\\\/\\\/www.youtube.com\\\/channel\\\/UCGP2Sq0iWaZwT3BdIAQFYpw\"]},{\"@type\":\"Person\",\"@id\":\"https:\\\/\\\/www.organisator.ch\\\/#\\\/schema\\\/person\\\/6f650f90b2842cd4c0cc334b4e36f67e\",\"name\":\"thomas.berner\",\"image\":{\"@type\":\"ImageObject\",\"inLanguage\":\"fr-FR\",\"@id\":\"https:\\\/\\\/secure.gravatar.com\\\/avatar\\\/ac5001d2a36cb6c6cd3e50789007ffca834b477b74a2144564522e944eabff61?s=96&d=mm&r=g\",\"url\":\"https:\\\/\\\/secure.gravatar.com\\\/avatar\\\/ac5001d2a36cb6c6cd3e50789007ffca834b477b74a2144564522e944eabff61?s=96&d=mm&r=g\",\"contentUrl\":\"https:\\\/\\\/secure.gravatar.com\\\/avatar\\\/ac5001d2a36cb6c6cd3e50789007ffca834b477b74a2144564522e944eabff61?s=96&d=mm&r=g\",\"caption\":\"thomas.berner\"},\"url\":\"https:\\\/\\\/www.organisator.ch\\\/fr\\\/author\\\/thomas-berner\\\/\"}]}<\/script>\n<!-- \/ Yoast SEO plugin. -->","yoast_head_json":{"title":"Test en ligne : d\u00e9terminez la maturit\u00e9 num\u00e9rique et manag\u00e9riale de votre entreprise - Organisateur","description":"Une nouvelle m\u00e9thode d'analyse en ligne appel\u00e9e LEADT permet aux entreprises de d\u00e9terminer dans quelle mesure leurs cadres sont pr\u00eats \u00e0 affronter l'\u00e8re num\u00e9rique.","robots":{"index":"index","follow":"follow","max-snippet":"max-snippet:-1","max-image-preview":"max-image-preview:large","max-video-preview":"max-video-preview:-1"},"canonical":"https:\/\/www.organisator.ch\/fr\/gestion-2\/2017-12-07\/online-test-ermitteln-sie-die-digital-und-fuehrungsreife-ihres-unternehmens\/","og_locale":"fr_FR","og_type":"article","og_title":"Online-Test: Ermitteln Sie die Digital- und F\u00fchrungsreife Ihres Unternehmens","og_description":"Mit einem neuen #Online-Analyseverfahren namens #LEADT k\u00f6nnen Unternehmen ermitteln, wie fit ihre #F\u00fchrungskr\u00e4fte f\u00fcr das digitale Zeitalter sind.","og_url":"https:\/\/www.organisator.ch\/fr\/gestion-2\/2017-12-07\/online-test-ermitteln-sie-die-digital-und-fuehrungsreife-ihres-unternehmens\/","og_site_name":"Organisator","article_publisher":"https:\/\/www.facebook.com\/OrganisatorFachmagazin","article_published_time":"2017-12-07T07:04:13+00:00","og_image":[{"width":497,"height":480,"url":"https:\/\/www.organisator.ch\/wp-content\/uploads\/2017\/12\/Online-Test-Ermitteln-Sie-die-Digital-und-Fuehrungsreife-Ihres-Unternehmens_Organisator.jpg","type":"image\/jpeg"}],"author":"thomas.berner","twitter_card":"summary_large_image","twitter_title":"#Online-Test: Ermitteln Sie die Digital- und #F\u00fchrungsreife Ihres Unternehmens","twitter_description":"Mit einem neuen #Online-Analyseverfahren namens #LEADT k\u00f6nnen Unternehmen ermitteln, wie fit ihre #F\u00fchrungskr\u00e4fte f\u00fcr das digitale Zeitalter sind.","twitter_image":"https:\/\/www.organisator.ch\/wp-content\/uploads\/2017\/12\/Online-Test-Ermitteln-Sie-die-Digital-und-F\u00fchrungsreife-Ihres-Unternehmens_Organisator.jpg","schema":{"@context":"https:\/\/schema.org","@graph":[{"@type":"Article","@id":"https:\/\/www.organisator.ch\/management\/2017-12-07\/online-test-ermitteln-sie-die-digital-und-fuehrungsreife-ihres-unternehmens\/#article","isPartOf":{"@id":"https:\/\/www.organisator.ch\/management\/2017-12-07\/online-test-ermitteln-sie-die-digital-und-fuehrungsreife-ihres-unternehmens\/"},"author":{"name":"thomas.berner","@id":"https:\/\/www.organisator.ch\/#\/schema\/person\/6f650f90b2842cd4c0cc334b4e36f67e"},"headline":"Online-Test: Ermitteln Sie die Digital- und F\u00fchrungsreife Ihres Unternehmens","datePublished":"2017-12-07T07:04:13+00:00","mainEntityOfPage":{"@id":"https:\/\/www.organisator.ch\/management\/2017-12-07\/online-test-ermitteln-sie-die-digital-und-fuehrungsreife-ihres-unternehmens\/"},"wordCount":490,"commentCount":0,"publisher":{"@id":"https:\/\/www.organisator.ch\/#organization"},"image":{"@id":"https:\/\/www.organisator.ch\/management\/2017-12-07\/online-test-ermitteln-sie-die-digital-und-fuehrungsreife-ihres-unternehmens\/#primaryimage"},"thumbnailUrl":"https:\/\/www.organisator.ch\/wp-content\/uploads\/2017\/12\/Online-Test-Ermitteln-Sie-die-Digital-und-Fuehrungsreife-Ihres-Unternehmens_Organisator.jpg","keywords":["Digitalisierung","Management und Unternehmensf\u00fchrung","Produkte","Test"],"articleSection":["MANAGEMENT"],"inLanguage":"fr-FR"},{"@type":"WebPage","@id":"https:\/\/www.organisator.ch\/management\/2017-12-07\/online-test-ermitteln-sie-die-digital-und-fuehrungsreife-ihres-unternehmens\/","url":"https:\/\/www.organisator.ch\/management\/2017-12-07\/online-test-ermitteln-sie-die-digital-und-fuehrungsreife-ihres-unternehmens\/","name":"Test en ligne : d\u00e9terminez la maturit\u00e9 num\u00e9rique et manag\u00e9riale de votre entreprise - Organisateur","isPartOf":{"@id":"https:\/\/www.organisator.ch\/#website"},"primaryImageOfPage":{"@id":"https:\/\/www.organisator.ch\/management\/2017-12-07\/online-test-ermitteln-sie-die-digital-und-fuehrungsreife-ihres-unternehmens\/#primaryimage"},"image":{"@id":"https:\/\/www.organisator.ch\/management\/2017-12-07\/online-test-ermitteln-sie-die-digital-und-fuehrungsreife-ihres-unternehmens\/#primaryimage"},"thumbnailUrl":"https:\/\/www.organisator.ch\/wp-content\/uploads\/2017\/12\/Online-Test-Ermitteln-Sie-die-Digital-und-Fuehrungsreife-Ihres-Unternehmens_Organisator.jpg","datePublished":"2017-12-07T07:04:13+00:00","description":"Une nouvelle m\u00e9thode d'analyse en ligne appel\u00e9e LEADT permet aux entreprises de d\u00e9terminer dans quelle mesure leurs cadres sont pr\u00eats \u00e0 affronter l'\u00e8re num\u00e9rique.","breadcrumb":{"@id":"https:\/\/www.organisator.ch\/management\/2017-12-07\/online-test-ermitteln-sie-die-digital-und-fuehrungsreife-ihres-unternehmens\/#breadcrumb"},"inLanguage":"fr-FR","potentialAction":[{"@type":"ReadAction","target":["https:\/\/www.organisator.ch\/management\/2017-12-07\/online-test-ermitteln-sie-die-digital-und-fuehrungsreife-ihres-unternehmens\/"]}]},{"@type":"ImageObject","inLanguage":"fr-FR","@id":"https:\/\/www.organisator.ch\/management\/2017-12-07\/online-test-ermitteln-sie-die-digital-und-fuehrungsreife-ihres-unternehmens\/#primaryimage","url":"https:\/\/www.organisator.ch\/wp-content\/uploads\/2017\/12\/Online-Test-Ermitteln-Sie-die-Digital-und-Fuehrungsreife-Ihres-Unternehmens_Organisator.jpg","contentUrl":"https:\/\/www.organisator.ch\/wp-content\/uploads\/2017\/12\/Online-Test-Ermitteln-Sie-die-Digital-und-Fuehrungsreife-Ihres-Unternehmens_Organisator.jpg","width":497,"height":480},{"@type":"BreadcrumbList","@id":"https:\/\/www.organisator.ch\/management\/2017-12-07\/online-test-ermitteln-sie-die-digital-und-fuehrungsreife-ihres-unternehmens\/#breadcrumb","itemListElement":[{"@type":"ListItem","position":1,"name":"Home","item":"https:\/\/www.organisator.ch\/"},{"@type":"ListItem","position":2,"name":"Online-Test: Ermitteln Sie die Digital- und F\u00fchrungsreife Ihres Unternehmens"}]},{"@type":"WebSite","@id":"https:\/\/www.organisator.ch\/#website","url":"https:\/\/www.organisator.ch\/","name":"Organisateur","description":"Comp\u00e9tence et comp\u00e9tence. Proches de la pratique. L'ORGANISATEUR pr\u00e9pare 10 num\u00e9ros par an sur les th\u00e8mes essentiels pour les dirigeants de PME.","publisher":{"@id":"https:\/\/www.organisator.ch\/#organization"},"potentialAction":[{"@type":"SearchAction","target":{"@type":"EntryPoint","urlTemplate":"https:\/\/www.organisator.ch\/?s={search_term_string}"},"query-input":{"@type":"PropertyValueSpecification","valueRequired":true,"valueName":"search_term_string"}}],"inLanguage":"fr-FR"},{"@type":"Organization","@id":"https:\/\/www.organisator.ch\/#organization","name":"Organisateur","url":"https:\/\/www.organisator.ch\/","logo":{"@type":"ImageObject","inLanguage":"fr-FR","@id":"https:\/\/www.organisator.ch\/#\/schema\/logo\/image\/","url":"https:\/\/www.organisator.ch\/wp-content\/uploads\/2022\/01\/Logo_Organisator_Website.png","contentUrl":"https:\/\/www.organisator.ch\/wp-content\/uploads\/2022\/01\/Logo_Organisator_Website.png","width":800,"height":77,"caption":"Organisator"},"image":{"@id":"https:\/\/www.organisator.ch\/#\/schema\/logo\/image\/"},"sameAs":["https:\/\/www.facebook.com\/OrganisatorFachmagazin","https:\/\/www.linkedin.com\/showcase\/organisator-das-magazin-fr-kmu","https:\/\/www.xing.com\/news\/pages\/organisator-ch-695","https:\/\/www.youtube.com\/channel\/UCGP2Sq0iWaZwT3BdIAQFYpw"]},{"@type":"Person","@id":"https:\/\/www.organisator.ch\/#\/schema\/person\/6f650f90b2842cd4c0cc334b4e36f67e","name":"thomas.berner","image":{"@type":"ImageObject","inLanguage":"fr-FR","@id":"https:\/\/secure.gravatar.com\/avatar\/ac5001d2a36cb6c6cd3e50789007ffca834b477b74a2144564522e944eabff61?s=96&d=mm&r=g","url":"https:\/\/secure.gravatar.com\/avatar\/ac5001d2a36cb6c6cd3e50789007ffca834b477b74a2144564522e944eabff61?s=96&d=mm&r=g","contentUrl":"https:\/\/secure.gravatar.com\/avatar\/ac5001d2a36cb6c6cd3e50789007ffca834b477b74a2144564522e944eabff61?s=96&d=mm&r=g","caption":"thomas.berner"},"url":"https:\/\/www.organisator.ch\/fr\/author\/thomas-berner\/"}]}},"_links":{"self":[{"href":"https:\/\/www.organisator.ch\/fr\/wp-json\/wp\/v2\/posts\/2830","targetHints":{"allow":["GET"]}}],"collection":[{"href":"https:\/\/www.organisator.ch\/fr\/wp-json\/wp\/v2\/posts"}],"about":[{"href":"https:\/\/www.organisator.ch\/fr\/wp-json\/wp\/v2\/types\/post"}],"author":[{"embeddable":true,"href":"https:\/\/www.organisator.ch\/fr\/wp-json\/wp\/v2\/users\/4"}],"replies":[{"embeddable":true,"href":"https:\/\/www.organisator.ch\/fr\/wp-json\/wp\/v2\/comments?post=2830"}],"version-history":[{"count":0,"href":"https:\/\/www.organisator.ch\/fr\/wp-json\/wp\/v2\/posts\/2830\/revisions"}],"wp:featuredmedia":[{"embeddable":true,"href":"https:\/\/www.organisator.ch\/fr\/wp-json\/wp\/v2\/media\/2831"}],"wp:attachment":[{"href":"https:\/\/www.organisator.ch\/fr\/wp-json\/wp\/v2\/media?parent=2830"}],"wp:term":[{"taxonomy":"category","embeddable":true,"href":"https:\/\/www.organisator.ch\/fr\/wp-json\/wp\/v2\/categories?post=2830"},{"taxonomy":"post_tag","embeddable":true,"href":"https:\/\/www.organisator.ch\/fr\/wp-json\/wp\/v2\/tags?post=2830"}],"curies":[{"name":"wp","href":"https:\/\/api.w.org\/{rel}","templated":true}]}}