{"id":28312,"date":"2024-07-09T10:25:30","date_gmt":"2024-07-09T08:25:30","guid":{"rendered":"https:\/\/www.m-q.ch\/?p=20085"},"modified":"2024-11-10T04:07:06","modified_gmt":"2024-11-10T03:07:06","slug":"apgsga-erhaelt-das-ecoentreprise-zertifikat","status":"publish","type":"post","link":"https:\/\/www.organisator.ch\/fr\/sustainability\/2024-07-09\/apgsga-erhaelt-das-ecoentreprise-zertifikat\/","title":{"rendered":"APG|SGA re\u00e7oit le \"Certificat EcoEntreprise"},"content":{"rendered":"<figure id=\"attachment_20087\" class=\"wp-caption alignnone\" style=\"width: 680px\" aria-describedby=\"caption-attachment-20087\"><img class=\"alignnone wp-image-20087 size-full\" src=\"https:\/\/www.m-q.ch\/wp-content\/uploads\/2024\/07\/Logo_EcoEntreprise_Bild1_ps.jpg\" alt=\"APG|SGA\" width=\"680\" height=\"408\" \/>\r\n<figcaption id=\"caption-attachment-20087\" class=\"wp-caption-text\">Le label national EcoEntreprise est depuis 2013 la certification suisse de r\u00e9f\u00e9rence en mati\u00e8re de d\u00e9veloppement durable et de responsabilit\u00e9 soci\u00e9tale. (Image : www.apgsga.ch)<\/figcaption>\r\n<\/figure>\r\n<p>La prise en compte \u00e9quilibr\u00e9e des facteurs sociaux, \u00e9cologiques et \u00e9conomiques dans les processus de d\u00e9cision est ancr\u00e9e dans la charte d'entreprise de la SGA|SGA depuis des d\u00e9cennies. Le certificat \"EcoEntreprise D\u00e9veloppement durable - Responsabilit\u00e9 sociale\" indique clairement au public et en particulier aux acteurs du march\u00e9 des partenaires et de la publicit\u00e9 que la SGA|SGA certifi\u00e9e pratique une gestion globale du d\u00e9veloppement durable et des risques. Le label national EcoEntreprise est depuis 2013 la certification suisse de r\u00e9f\u00e9rence dans le domaine du d\u00e9veloppement durable et de la responsabilit\u00e9 sociale. Les bases du programme sont une check-list d'\u00e9valuation compl\u00e8te et une certification d\u00e9livr\u00e9e dans le cadre d'un audit ind\u00e9pendant. Diff\u00e9rents crit\u00e8res sont pris en compte, tels que le respect de l'environnement, la solidarit\u00e9 sociale et les relations avec la soci\u00e9t\u00e9, ainsi que la performance \u00e9conomique.<\/p>\r\n<p>Markus Ehrle, CEO de SGA|SGA, d\u00e9clare : \"Nous sommes fiers d'avoir pu obtenir d'embl\u00e9e la certification EcoEntreprise avec un tr\u00e8s bon r\u00e9sultat. Cela confirme que la SGA|SGA pratique depuis des ann\u00e9es une gestion de la durabilit\u00e9 ax\u00e9e sur les r\u00e9sultats et qu'elle s'efforce fortement de s'am\u00e9liorer en permanence\".<\/p>\r\n<p>Andres Trautmann, responsable du d\u00e9veloppement durable de la SGA|SGA, explique : \"La certification est tr\u00e8s pr\u00e9cieuse pour la SGA|SGA. Pour ce faire, nous avons examin\u00e9 dans le d\u00e9tail toute notre strat\u00e9gie de durabilit\u00e9 et sa mise en \u0153uvre au quotidien dans tous les secteurs de l'entreprise avec un groupe de travail interdisciplinaire. Ce processus a confirm\u00e9 que nous nous trouvons \u00e0 un niveau tr\u00e8s \u00e9lev\u00e9. Parall\u00e8lement, nous avons pu identifier quelques possibilit\u00e9s d'am\u00e9lioration, dont certaines ont d\u00e9j\u00e0 \u00e9t\u00e9 introduites\".<\/p>\r\n<p><em>Source : <a href=\"http:\/\/www.apgsga.ch\/\">www.apgsga.ch<\/a><\/em><\/p>\n<p class=\"syndicated-attribution\">Cet article est paru initialement sur m-q.ch - <a href=\"https:\/\/www.m-q.ch\/de\/apgsga-erhaelt-das-ecoentreprise-zertifikat\/\" target=\"_blank\">https:\/\/www.m-q.ch\/de\/apgsga-erhaelt-das-ecoentreprise-zertifikat\/<\/a><\/p>","protected":false},"excerpt":{"rendered":"<p>Le succ\u00e8s de la certification Eco-Entreprise de la SGA|SGA confirme de mani\u00e8re concr\u00e8te et cr\u00e9dible l'engagement ambitieux de l'entreprise suisse de publicit\u00e9 ext\u00e9rieure en faveur du d\u00e9veloppement durable. Le programme EcoEntreprise se base sur la norme mondiale ISO 26000 et est d\u00e9cern\u00e9 apr\u00e8s un audit complet r\u00e9alis\u00e9 par un organisme de contr\u00f4le ind\u00e9pendant et accr\u00e9dit\u00e9.<\/p>","protected":false},"author":58,"featured_media":0,"comment_status":"closed","ping_status":"closed","sticky":false,"template":"","format":"standard","meta":{"_acf_changed":false,"_yoast_wpseo_focuskw":"APG|SGA","_yoast_wpseo_metadesc":"APG|SGA erreicht EcoEntreprise-Zertifizierung f\u00fcr nachhaltige Entwicklung und soziale Verantwortung mit sehr gutem Ergebnis.","articlekey":"","footnotes":""},"categories":[580],"tags":[1448,1787,492,613],"class_list":["post-28312","post","type-post","status-publish","format-standard","hentry","category-sustainability","tag-iso","tag-nachhaltigkeit","tag-unternehmen","tag-zertifizierung"],"acf":[],"yoast_head":"<!-- This site is optimized with the Yoast SEO plugin v27.5 - https:\/\/yoast.com\/product\/yoast-seo-wordpress\/ -->\n<title>APG|SGA erh\u00e4lt das \u00abEcoEntreprise-Zertifikat\u00bb - Organisator<\/title>\n<meta name=\"description\" content=\"APG|SGA erreicht EcoEntreprise-Zertifizierung f\u00fcr nachhaltige Entwicklung und soziale Verantwortung mit sehr gutem Ergebnis.\" \/>\n<meta name=\"robots\" content=\"index, follow, max-snippet:-1, max-image-preview:large, max-video-preview:-1\" \/>\n<link rel=\"canonical\" href=\"https:\/\/www.organisator.ch\/fr\/sustainability\/2024-07-09\/apgsga-erhaelt-das-ecoentreprise-zertifikat\/\" \/>\n<meta property=\"og:locale\" content=\"fr_FR\" \/>\n<meta property=\"og:type\" content=\"article\" \/>\n<meta property=\"og:title\" content=\"APG|SGA erh\u00e4lt das \u00abEcoEntreprise-Zertifikat\u00bb - Organisator\" \/>\n<meta property=\"og:description\" content=\"APG|SGA erreicht EcoEntreprise-Zertifizierung f\u00fcr nachhaltige Entwicklung und soziale Verantwortung mit sehr gutem Ergebnis.\" \/>\n<meta property=\"og:url\" content=\"https:\/\/www.organisator.ch\/fr\/sustainability\/2024-07-09\/apgsga-erhaelt-das-ecoentreprise-zertifikat\/\" \/>\n<meta property=\"og:site_name\" content=\"Organisator\" \/>\n<meta property=\"article:publisher\" content=\"https:\/\/www.facebook.com\/OrganisatorFachmagazin\" \/>\n<meta property=\"article:published_time\" content=\"2024-07-09T08:25:30+00:00\" \/>\n<meta property=\"article:modified_time\" content=\"2024-11-10T03:07:06+00:00\" \/>\n<meta property=\"og:image\" content=\"https:\/\/www.m-q.ch\/wp-content\/uploads\/2024\/07\/Logo_EcoEntreprise_Bild1_ps.jpg\" \/>\n<meta name=\"author\" content=\"Adelisa Kalajdzini\" \/>\n<meta name=\"twitter:card\" content=\"summary_large_image\" \/>\n<script type=\"application\/ld+json\" class=\"yoast-schema-graph\">{\"@context\":\"https:\\\/\\\/schema.org\",\"@graph\":[{\"@type\":\"Article\",\"@id\":\"https:\\\/\\\/www.organisator.ch\\\/sustainability\\\/2024-07-09\\\/apgsga-erhaelt-das-ecoentreprise-zertifikat\\\/#article\",\"isPartOf\":{\"@id\":\"https:\\\/\\\/www.organisator.ch\\\/sustainability\\\/2024-07-09\\\/apgsga-erhaelt-das-ecoentreprise-zertifikat\\\/\"},\"author\":{\"name\":\"Adelisa Kalajdzini\",\"@id\":\"https:\\\/\\\/www.organisator.ch\\\/#\\\/schema\\\/person\\\/2e1314a2172123f874db408d8911d3f3\"},\"headline\":\"APG|SGA erh\u00e4lt das \u00abEcoEntreprise-Zertifikat\u00bb\",\"datePublished\":\"2024-07-09T08:25:30+00:00\",\"dateModified\":\"2024-11-10T03:07:06+00:00\",\"mainEntityOfPage\":{\"@id\":\"https:\\\/\\\/www.organisator.ch\\\/sustainability\\\/2024-07-09\\\/apgsga-erhaelt-das-ecoentreprise-zertifikat\\\/\"},\"wordCount\":249,\"publisher\":{\"@id\":\"https:\\\/\\\/www.organisator.ch\\\/#organization\"},\"image\":{\"@id\":\"https:\\\/\\\/www.organisator.ch\\\/sustainability\\\/2024-07-09\\\/apgsga-erhaelt-das-ecoentreprise-zertifikat\\\/#primaryimage\"},\"thumbnailUrl\":\"https:\\\/\\\/www.m-q.ch\\\/wp-content\\\/uploads\\\/2024\\\/07\\\/Logo_EcoEntreprise_Bild1_ps.jpg\",\"keywords\":[\"ISO\",\"Nachhaltigkeit\",\"Unternehmen\",\"Zertifizierung\"],\"articleSection\":[\"SUSTAINABILITY\"],\"inLanguage\":\"fr-FR\"},{\"@type\":\"WebPage\",\"@id\":\"https:\\\/\\\/www.organisator.ch\\\/sustainability\\\/2024-07-09\\\/apgsga-erhaelt-das-ecoentreprise-zertifikat\\\/\",\"url\":\"https:\\\/\\\/www.organisator.ch\\\/sustainability\\\/2024-07-09\\\/apgsga-erhaelt-das-ecoentreprise-zertifikat\\\/\",\"name\":\"APG|SGA erh\u00e4lt das \u00abEcoEntreprise-Zertifikat\u00bb - Organisator\",\"isPartOf\":{\"@id\":\"https:\\\/\\\/www.organisator.ch\\\/#website\"},\"primaryImageOfPage\":{\"@id\":\"https:\\\/\\\/www.organisator.ch\\\/sustainability\\\/2024-07-09\\\/apgsga-erhaelt-das-ecoentreprise-zertifikat\\\/#primaryimage\"},\"image\":{\"@id\":\"https:\\\/\\\/www.organisator.ch\\\/sustainability\\\/2024-07-09\\\/apgsga-erhaelt-das-ecoentreprise-zertifikat\\\/#primaryimage\"},\"thumbnailUrl\":\"https:\\\/\\\/www.m-q.ch\\\/wp-content\\\/uploads\\\/2024\\\/07\\\/Logo_EcoEntreprise_Bild1_ps.jpg\",\"datePublished\":\"2024-07-09T08:25:30+00:00\",\"dateModified\":\"2024-11-10T03:07:06+00:00\",\"description\":\"APG|SGA erreicht EcoEntreprise-Zertifizierung f\u00fcr nachhaltige Entwicklung und soziale Verantwortung mit sehr gutem Ergebnis.\",\"breadcrumb\":{\"@id\":\"https:\\\/\\\/www.organisator.ch\\\/sustainability\\\/2024-07-09\\\/apgsga-erhaelt-das-ecoentreprise-zertifikat\\\/#breadcrumb\"},\"inLanguage\":\"fr-FR\",\"potentialAction\":[{\"@type\":\"ReadAction\",\"target\":[\"https:\\\/\\\/www.organisator.ch\\\/sustainability\\\/2024-07-09\\\/apgsga-erhaelt-das-ecoentreprise-zertifikat\\\/\"]}]},{\"@type\":\"ImageObject\",\"inLanguage\":\"fr-FR\",\"@id\":\"https:\\\/\\\/www.organisator.ch\\\/sustainability\\\/2024-07-09\\\/apgsga-erhaelt-das-ecoentreprise-zertifikat\\\/#primaryimage\",\"url\":\"https:\\\/\\\/www.m-q.ch\\\/wp-content\\\/uploads\\\/2024\\\/07\\\/Logo_EcoEntreprise_Bild1_ps.jpg\",\"contentUrl\":\"https:\\\/\\\/www.m-q.ch\\\/wp-content\\\/uploads\\\/2024\\\/07\\\/Logo_EcoEntreprise_Bild1_ps.jpg\"},{\"@type\":\"BreadcrumbList\",\"@id\":\"https:\\\/\\\/www.organisator.ch\\\/sustainability\\\/2024-07-09\\\/apgsga-erhaelt-das-ecoentreprise-zertifikat\\\/#breadcrumb\",\"itemListElement\":[{\"@type\":\"ListItem\",\"position\":1,\"name\":\"Home\",\"item\":\"https:\\\/\\\/www.organisator.ch\\\/\"},{\"@type\":\"ListItem\",\"position\":2,\"name\":\"APG|SGA erh\u00e4lt das \u00abEcoEntreprise-Zertifikat\u00bb\"}]},{\"@type\":\"WebSite\",\"@id\":\"https:\\\/\\\/www.organisator.ch\\\/#website\",\"url\":\"https:\\\/\\\/www.organisator.ch\\\/\",\"name\":\"Organisator\",\"description\":\"Kompetent. Praxisnah. Der ORGANISATOR bereitet in 10 Ausgaben pro Jahr die wesentlichen Themen f\u00fcr F\u00fchrungskr\u00e4fte von KMU auf.\",\"publisher\":{\"@id\":\"https:\\\/\\\/www.organisator.ch\\\/#organization\"},\"potentialAction\":[{\"@type\":\"SearchAction\",\"target\":{\"@type\":\"EntryPoint\",\"urlTemplate\":\"https:\\\/\\\/www.organisator.ch\\\/?s={search_term_string}\"},\"query-input\":{\"@type\":\"PropertyValueSpecification\",\"valueRequired\":true,\"valueName\":\"search_term_string\"}}],\"inLanguage\":\"fr-FR\"},{\"@type\":\"Organization\",\"@id\":\"https:\\\/\\\/www.organisator.ch\\\/#organization\",\"name\":\"Organisator\",\"url\":\"https:\\\/\\\/www.organisator.ch\\\/\",\"logo\":{\"@type\":\"ImageObject\",\"inLanguage\":\"fr-FR\",\"@id\":\"https:\\\/\\\/www.organisator.ch\\\/#\\\/schema\\\/logo\\\/image\\\/\",\"url\":\"https:\\\/\\\/www.organisator.ch\\\/wp-content\\\/uploads\\\/2022\\\/01\\\/Logo_Organisator_Website.png\",\"contentUrl\":\"https:\\\/\\\/www.organisator.ch\\\/wp-content\\\/uploads\\\/2022\\\/01\\\/Logo_Organisator_Website.png\",\"width\":800,\"height\":77,\"caption\":\"Organisator\"},\"image\":{\"@id\":\"https:\\\/\\\/www.organisator.ch\\\/#\\\/schema\\\/logo\\\/image\\\/\"},\"sameAs\":[\"https:\\\/\\\/www.facebook.com\\\/OrganisatorFachmagazin\",\"https:\\\/\\\/www.linkedin.com\\\/showcase\\\/organisator-das-magazin-fr-kmu\",\"https:\\\/\\\/www.xing.com\\\/news\\\/pages\\\/organisator-ch-695\",\"https:\\\/\\\/www.youtube.com\\\/channel\\\/UCGP2Sq0iWaZwT3BdIAQFYpw\"]},{\"@type\":\"Person\",\"@id\":\"https:\\\/\\\/www.organisator.ch\\\/#\\\/schema\\\/person\\\/2e1314a2172123f874db408d8911d3f3\",\"name\":\"Adelisa Kalajdzini\",\"image\":{\"@type\":\"ImageObject\",\"inLanguage\":\"fr-FR\",\"@id\":\"https:\\\/\\\/secure.gravatar.com\\\/avatar\\\/09a397c22ac58cad6f160ee8306348599df9df58a8ede73696226897b9fa4b24?s=96&d=mm&r=g\",\"url\":\"https:\\\/\\\/secure.gravatar.com\\\/avatar\\\/09a397c22ac58cad6f160ee8306348599df9df58a8ede73696226897b9fa4b24?s=96&d=mm&r=g\",\"contentUrl\":\"https:\\\/\\\/secure.gravatar.com\\\/avatar\\\/09a397c22ac58cad6f160ee8306348599df9df58a8ede73696226897b9fa4b24?s=96&d=mm&r=g\",\"caption\":\"Adelisa Kalajdzini\"},\"url\":\"https:\\\/\\\/www.organisator.ch\\\/fr\\\/author\\\/adelisa-kalajdzini\\\/\"}]}<\/script>\n<!-- \/ Yoast SEO plugin. -->","yoast_head_json":{"title":"APG|SGA re\u00e7oit le \"Certificat EcoEntreprise\" - Organisateur","description":"APG|SGA obtient la certification EcoEntreprise pour le d\u00e9veloppement durable et la responsabilit\u00e9 sociale avec un tr\u00e8s bon r\u00e9sultat.","robots":{"index":"index","follow":"follow","max-snippet":"max-snippet:-1","max-image-preview":"max-image-preview:large","max-video-preview":"max-video-preview:-1"},"canonical":"https:\/\/www.organisator.ch\/fr\/sustainability\/2024-07-09\/apgsga-erhaelt-das-ecoentreprise-zertifikat\/","og_locale":"fr_FR","og_type":"article","og_title":"APG|SGA erh\u00e4lt das \u00abEcoEntreprise-Zertifikat\u00bb - Organisator","og_description":"APG|SGA erreicht EcoEntreprise-Zertifizierung f\u00fcr nachhaltige Entwicklung und soziale Verantwortung mit sehr gutem Ergebnis.","og_url":"https:\/\/www.organisator.ch\/fr\/sustainability\/2024-07-09\/apgsga-erhaelt-das-ecoentreprise-zertifikat\/","og_site_name":"Organisator","article_publisher":"https:\/\/www.facebook.com\/OrganisatorFachmagazin","article_published_time":"2024-07-09T08:25:30+00:00","article_modified_time":"2024-11-10T03:07:06+00:00","og_image":[{"url":"https:\/\/www.m-q.ch\/wp-content\/uploads\/2024\/07\/Logo_EcoEntreprise_Bild1_ps.jpg","type":"","width":"","height":""}],"author":"Adelisa Kalajdzini","twitter_card":"summary_large_image","schema":{"@context":"https:\/\/schema.org","@graph":[{"@type":"Article","@id":"https:\/\/www.organisator.ch\/sustainability\/2024-07-09\/apgsga-erhaelt-das-ecoentreprise-zertifikat\/#article","isPartOf":{"@id":"https:\/\/www.organisator.ch\/sustainability\/2024-07-09\/apgsga-erhaelt-das-ecoentreprise-zertifikat\/"},"author":{"name":"Adelisa Kalajdzini","@id":"https:\/\/www.organisator.ch\/#\/schema\/person\/2e1314a2172123f874db408d8911d3f3"},"headline":"APG|SGA erh\u00e4lt das \u00abEcoEntreprise-Zertifikat\u00bb","datePublished":"2024-07-09T08:25:30+00:00","dateModified":"2024-11-10T03:07:06+00:00","mainEntityOfPage":{"@id":"https:\/\/www.organisator.ch\/sustainability\/2024-07-09\/apgsga-erhaelt-das-ecoentreprise-zertifikat\/"},"wordCount":249,"publisher":{"@id":"https:\/\/www.organisator.ch\/#organization"},"image":{"@id":"https:\/\/www.organisator.ch\/sustainability\/2024-07-09\/apgsga-erhaelt-das-ecoentreprise-zertifikat\/#primaryimage"},"thumbnailUrl":"https:\/\/www.m-q.ch\/wp-content\/uploads\/2024\/07\/Logo_EcoEntreprise_Bild1_ps.jpg","keywords":["ISO","Nachhaltigkeit","Unternehmen","Zertifizierung"],"articleSection":["SUSTAINABILITY"],"inLanguage":"fr-FR"},{"@type":"WebPage","@id":"https:\/\/www.organisator.ch\/sustainability\/2024-07-09\/apgsga-erhaelt-das-ecoentreprise-zertifikat\/","url":"https:\/\/www.organisator.ch\/sustainability\/2024-07-09\/apgsga-erhaelt-das-ecoentreprise-zertifikat\/","name":"APG|SGA re\u00e7oit le \"Certificat EcoEntreprise\" - Organisateur","isPartOf":{"@id":"https:\/\/www.organisator.ch\/#website"},"primaryImageOfPage":{"@id":"https:\/\/www.organisator.ch\/sustainability\/2024-07-09\/apgsga-erhaelt-das-ecoentreprise-zertifikat\/#primaryimage"},"image":{"@id":"https:\/\/www.organisator.ch\/sustainability\/2024-07-09\/apgsga-erhaelt-das-ecoentreprise-zertifikat\/#primaryimage"},"thumbnailUrl":"https:\/\/www.m-q.ch\/wp-content\/uploads\/2024\/07\/Logo_EcoEntreprise_Bild1_ps.jpg","datePublished":"2024-07-09T08:25:30+00:00","dateModified":"2024-11-10T03:07:06+00:00","description":"APG|SGA obtient la certification EcoEntreprise pour le d\u00e9veloppement durable et la responsabilit\u00e9 sociale avec un tr\u00e8s bon r\u00e9sultat.","breadcrumb":{"@id":"https:\/\/www.organisator.ch\/sustainability\/2024-07-09\/apgsga-erhaelt-das-ecoentreprise-zertifikat\/#breadcrumb"},"inLanguage":"fr-FR","potentialAction":[{"@type":"ReadAction","target":["https:\/\/www.organisator.ch\/sustainability\/2024-07-09\/apgsga-erhaelt-das-ecoentreprise-zertifikat\/"]}]},{"@type":"ImageObject","inLanguage":"fr-FR","@id":"https:\/\/www.organisator.ch\/sustainability\/2024-07-09\/apgsga-erhaelt-das-ecoentreprise-zertifikat\/#primaryimage","url":"https:\/\/www.m-q.ch\/wp-content\/uploads\/2024\/07\/Logo_EcoEntreprise_Bild1_ps.jpg","contentUrl":"https:\/\/www.m-q.ch\/wp-content\/uploads\/2024\/07\/Logo_EcoEntreprise_Bild1_ps.jpg"},{"@type":"BreadcrumbList","@id":"https:\/\/www.organisator.ch\/sustainability\/2024-07-09\/apgsga-erhaelt-das-ecoentreprise-zertifikat\/#breadcrumb","itemListElement":[{"@type":"ListItem","position":1,"name":"Home","item":"https:\/\/www.organisator.ch\/"},{"@type":"ListItem","position":2,"name":"APG|SGA erh\u00e4lt das \u00abEcoEntreprise-Zertifikat\u00bb"}]},{"@type":"WebSite","@id":"https:\/\/www.organisator.ch\/#website","url":"https:\/\/www.organisator.ch\/","name":"Organisateur","description":"Comp\u00e9tence et comp\u00e9tence. Proches de la pratique. L'ORGANISATEUR pr\u00e9pare 10 num\u00e9ros par an sur les th\u00e8mes essentiels pour les dirigeants de PME.","publisher":{"@id":"https:\/\/www.organisator.ch\/#organization"},"potentialAction":[{"@type":"SearchAction","target":{"@type":"EntryPoint","urlTemplate":"https:\/\/www.organisator.ch\/?s={search_term_string}"},"query-input":{"@type":"PropertyValueSpecification","valueRequired":true,"valueName":"search_term_string"}}],"inLanguage":"fr-FR"},{"@type":"Organization","@id":"https:\/\/www.organisator.ch\/#organization","name":"Organisateur","url":"https:\/\/www.organisator.ch\/","logo":{"@type":"ImageObject","inLanguage":"fr-FR","@id":"https:\/\/www.organisator.ch\/#\/schema\/logo\/image\/","url":"https:\/\/www.organisator.ch\/wp-content\/uploads\/2022\/01\/Logo_Organisator_Website.png","contentUrl":"https:\/\/www.organisator.ch\/wp-content\/uploads\/2022\/01\/Logo_Organisator_Website.png","width":800,"height":77,"caption":"Organisator"},"image":{"@id":"https:\/\/www.organisator.ch\/#\/schema\/logo\/image\/"},"sameAs":["https:\/\/www.facebook.com\/OrganisatorFachmagazin","https:\/\/www.linkedin.com\/showcase\/organisator-das-magazin-fr-kmu","https:\/\/www.xing.com\/news\/pages\/organisator-ch-695","https:\/\/www.youtube.com\/channel\/UCGP2Sq0iWaZwT3BdIAQFYpw"]},{"@type":"Person","@id":"https:\/\/www.organisator.ch\/#\/schema\/person\/2e1314a2172123f874db408d8911d3f3","name":"Adelisa Kalajdzini","image":{"@type":"ImageObject","inLanguage":"fr-FR","@id":"https:\/\/secure.gravatar.com\/avatar\/09a397c22ac58cad6f160ee8306348599df9df58a8ede73696226897b9fa4b24?s=96&d=mm&r=g","url":"https:\/\/secure.gravatar.com\/avatar\/09a397c22ac58cad6f160ee8306348599df9df58a8ede73696226897b9fa4b24?s=96&d=mm&r=g","contentUrl":"https:\/\/secure.gravatar.com\/avatar\/09a397c22ac58cad6f160ee8306348599df9df58a8ede73696226897b9fa4b24?s=96&d=mm&r=g","caption":"Adelisa Kalajdzini"},"url":"https:\/\/www.organisator.ch\/fr\/author\/adelisa-kalajdzini\/"}]}},"_links":{"self":[{"href":"https:\/\/www.organisator.ch\/fr\/wp-json\/wp\/v2\/posts\/28312","targetHints":{"allow":["GET"]}}],"collection":[{"href":"https:\/\/www.organisator.ch\/fr\/wp-json\/wp\/v2\/posts"}],"about":[{"href":"https:\/\/www.organisator.ch\/fr\/wp-json\/wp\/v2\/types\/post"}],"author":[{"embeddable":true,"href":"https:\/\/www.organisator.ch\/fr\/wp-json\/wp\/v2\/users\/58"}],"replies":[{"embeddable":true,"href":"https:\/\/www.organisator.ch\/fr\/wp-json\/wp\/v2\/comments?post=28312"}],"version-history":[{"count":6,"href":"https:\/\/www.organisator.ch\/fr\/wp-json\/wp\/v2\/posts\/28312\/revisions"}],"predecessor-version":[{"id":32127,"href":"https:\/\/www.organisator.ch\/fr\/wp-json\/wp\/v2\/posts\/28312\/revisions\/32127"}],"wp:attachment":[{"href":"https:\/\/www.organisator.ch\/fr\/wp-json\/wp\/v2\/media?parent=28312"}],"wp:term":[{"taxonomy":"category","embeddable":true,"href":"https:\/\/www.organisator.ch\/fr\/wp-json\/wp\/v2\/categories?post=28312"},{"taxonomy":"post_tag","embeddable":true,"href":"https:\/\/www.organisator.ch\/fr\/wp-json\/wp\/v2\/tags?post=28312"}],"curies":[{"name":"wp","href":"https:\/\/api.w.org\/{rel}","templated":true}]}}