{"id":28323,"date":"2024-07-10T08:07:02","date_gmt":"2024-07-10T06:07:02","guid":{"rendered":"https:\/\/www.organisator.ch\/?p=28323"},"modified":"2024-07-09T13:47:22","modified_gmt":"2024-07-09T11:47:22","slug":"mehr-als-zwei-drittel-der-schweizer-fuehrungskraefte-kennen-den-inhalt-des-eu-ai-act-nicht","status":"publish","type":"post","link":"https:\/\/www.organisator.ch\/fr\/management\/2024-07-10\/mehr-als-zwei-drittel-der-schweizer-fuehrungskraefte-kennen-den-inhalt-des-eu-ai-act-nicht\/","title":{"rendered":"Plus de deux tiers des cadres suisses ne connaissent pas le contenu de l'EU AI Act"},"content":{"rendered":"<figure id=\"attachment_28325\" aria-describedby=\"caption-attachment-28325\" style=\"width: 680px\" class=\"wp-caption alignnone\"><img loading=\"lazy\" decoding=\"async\" class=\"size-full wp-image-28325\" src=\"https:\/\/www.organisator.ch\/wp-content\/uploads\/2024\/07\/Adesso_Bild1_ps.jpg\" alt=\"\" width=\"680\" height=\"414\" srcset=\"https:\/\/www.organisator.ch\/wp-content\/uploads\/2024\/07\/Adesso_Bild1_ps.jpg 680w, https:\/\/www.organisator.ch\/wp-content\/uploads\/2024\/07\/Adesso_Bild1_ps-18x12.jpg 18w, https:\/\/www.organisator.ch\/wp-content\/uploads\/2024\/07\/Adesso_Bild1_ps-375x228.jpg 375w, https:\/\/www.organisator.ch\/wp-content\/uploads\/2024\/07\/Adesso_Bild1_ps-575x350.jpg 575w\" sizes=\"auto, (max-width: 680px) 100vw, 680px\" \/><figcaption id=\"caption-attachment-28325\" class=\"wp-caption-text\">30 % des personnes interrog\u00e9es en Suisse d\u00e9clarent conna\u00eetre le contenu de l'EU AI Act. (Image : www.depositphotos.com)<\/figcaption><\/figure>\n<p>Avec le EU Artificial Intelligence Act (EU AI Act), l'Union europ\u00e9enne a r\u00e9cemment adopt\u00e9 la premi\u00e8re loi mondiale sur l'intelligence artificielle. Elle a des r\u00e9percussions importantes sur toutes les entreprises actives dans l'UE - et donc aussi sur de nombreuses entreprises suisses qui sont \u00e9troitement int\u00e9gr\u00e9es dans l'\u00e9conomie europ\u00e9enne. Toutefois, le sujet n'est pas encore vraiment entr\u00e9 dans leurs m\u0153urs, comme le montre une enqu\u00eate du prestataire de services informatiques adesso, pour laquelle 778 d\u00e9cideurs d'entreprises en Allemagne, en Autriche et en Suisse ont \u00e9t\u00e9 interrog\u00e9s sur l'IA g\u00e9n\u00e9rative (GenAI).<\/p>\n<p>R\u00e9sultat central : seules 30 % des personnes interrog\u00e9es en Suisse indiquent conna\u00eetre le contenu de l'EU AI Act. Pourtant, cette approche r\u00e9glementaire bas\u00e9e sur les risques jouera un r\u00f4le dans presque tous les projets d'intelligence artificielle (IA) et entrera probablement en vigueur d\u00e8s ao\u00fbt 2024. Et m\u00eame si certaines dispositions ne doivent \u00eatre mises en \u0153uvre que progressivement jusqu'en 2026, une strat\u00e9gie d'IA durable devrait les prendre en compte d\u00e8s maintenant.\u00a0<\/p>\n<p>\"Pour les entreprises suisses qui proposent des solutions bas\u00e9es sur l'IA dans l'UE, qui les utilisent ou qui utilisent leurs r\u00e9sultats dans l'UE, il est essentiel de se pencher sur l'EU AI Act\", souligne Hansj\u00f6rg S\u00fcess, CEO d'adesso Suisse. \"Mais pour les autres entreprises aussi, il peut \u00eatre tout \u00e0 fait judicieux de se pencher sur les directives, car une \u00e9ventuelle r\u00e9glementation suisse de l'IA s'orientera sur l'EU AI Act - tout comme la nouvelle loi f\u00e9d\u00e9rale sur la protection des donn\u00e9es s'oriente sur le r\u00e8glement de base sur la protection des donn\u00e9es de l'UE\".<\/p>\n<h3><strong>De grandes ambitions ...<\/strong><\/h3>\n<p>Bien que la connaissance de l'EU AI Act soit encore insuffisante : Les personnes interrog\u00e9es accordent une tr\u00e8s grande importance au th\u00e8me GenAI. Ainsi, 75% des personnes interrog\u00e9es en Suisse voient dans cette technologie une opportunit\u00e9 pour leur propre mod\u00e8le commercial. Les attentes sont \u00e9lev\u00e9es, l'optimisme est grand. Compte tenu de cette attitude positive, l'\u00e9valuation n\u00e9gative de la propre position de GenAI est surprenante : 18 pour cent consid\u00e8rent que leur entreprise n'est que \"suffisamment\" pr\u00e9par\u00e9e \u00e0 GenAI, 26 pour cent m\u00eame que \"insuffisamment\". Au cours de la p\u00e9riode de plus d'un an et demi qui s'est \u00e9coul\u00e9e depuis la publication de ChatGPT, pr\u00e8s de la moiti\u00e9 des entreprises suisses n'ont pas r\u00e9ussi \u00e0 se positionner raisonnablement sur le th\u00e8me GenAI. Ce ne sont pas les meilleures conditions pour un d\u00e9marrage r\u00e9ussi dans le monde GenAI.<\/p>\n<h3><strong>... faible maturit\u00e9<\/strong><\/h3>\n<p>D'autres r\u00e9sultats de l'enqu\u00eate montrent que de nombreuses entreprises sont mal pr\u00e9par\u00e9es : Lorsqu'on leur demande quels sont les plus grands obstacles \u00e0 l'introduction d'applications GenAI, 32% des personnes interrog\u00e9es en Suisse citent le manque de qualit\u00e9 ou de quantit\u00e9 de leurs propres donn\u00e9es. Ce th\u00e8me repr\u00e9sente donc, aux yeux des personnes interrog\u00e9es, un probl\u00e8me plus important que, par exemple, la qualit\u00e9 des r\u00e9ponses g\u00e9n\u00e9r\u00e9es (30 pour cent consid\u00e8rent cela comme un obstacle) ou les co\u00fbts du projet (16 pour cent). C'est un signe clair que les processus relatifs aux propres donn\u00e9es sont n\u00e9glig\u00e9s dans de nombreuses entreprises. Pourtant, la collecte, le contr\u00f4le, le traitement et la distribution syst\u00e9matiques sont les conditions de base pour une introduction et une utilisation r\u00e9ussies des applications GenAI. Ce n'est que si les entreprises cr\u00e9ent ces bases indispensables dans le cadre d'une strat\u00e9gie de donn\u00e9es et au moyen d'un cadre de gouvernance des donn\u00e9es que les objectifs qu'elles se sont fix\u00e9s pourront \u00eatre atteints : Pas moins de 72% des d\u00e9cideurs indiquent que leur entreprise a l'intention d'impl\u00e9menter un syst\u00e8me d'IA g\u00e9n\u00e9rative dans les douze prochains mois.<\/p>\n<p>\"L'IA ne fonctionne qu'avec des donn\u00e9es, et la qualit\u00e9 des r\u00e9sultats des syst\u00e8mes d'IA d\u00e9pend en fin de compte directement de la disponibilit\u00e9 de donn\u00e9es d'entra\u00eenement pertinentes et \u00e9quilibr\u00e9es en quantit\u00e9 suffisante\", explique S\u00fcess. \"Pour mettre en \u0153uvre avec succ\u00e8s des projets d'IA, une gestion des donn\u00e9es bien pens\u00e9e est donc indispensable et devrait b\u00e9n\u00e9ficier du temps et du budget n\u00e9cessaires\".<\/p>\n<p><em>Source : <a href=\"http:\/\/www.adesso.ch\">www.adesso.ch<\/a><\/em><\/p>","protected":false},"excerpt":{"rendered":"<p>De nombreuses entreprises suisses sont profond\u00e9ment int\u00e9gr\u00e9es dans l'\u00e9conomie europ\u00e9enne et concern\u00e9es par la loi sur l'IA de l'UE, mais rares sont celles qui en connaissent le contenu. <\/p>","protected":false},"author":58,"featured_media":28325,"comment_status":"closed","ping_status":"closed","sticky":false,"template":"","format":"standard","meta":{"_acf_changed":false,"_yoast_wpseo_focuskw":"AI Act","_yoast_wpseo_metadesc":"Viele Schweizer Unternehmen sind tief in die europ\u00e4ische Wirtschaft integriert und vom KI-Gesetz der EU betroffen, doch dessen Inhalte kennen nur die wenigsten.","articlekey":"","footnotes":""},"categories":[28],"tags":[4154,298,334,487,492],"class_list":["post-28323","post","type-post","status-publish","format-standard","has-post-thumbnail","hentry","category-management","tag-ai-act","tag-ki","tag-management","tag-umfrage","tag-unternehmen"],"acf":[],"yoast_head":"<!-- This site is optimized with the Yoast SEO plugin v27.4 - https:\/\/yoast.com\/product\/yoast-seo-wordpress\/ -->\n<title>Mehr als zwei Drittel der Schweizer F\u00fchrungskr\u00e4fte kennen den Inhalt des EU AI Act nicht - Organisator<\/title>\n<meta name=\"description\" content=\"Viele Schweizer Unternehmen sind tief in die europ\u00e4ische Wirtschaft integriert und vom KI-Gesetz der EU betroffen, doch dessen Inhalte kennen nur die wenigsten.\" \/>\n<meta name=\"robots\" content=\"index, follow, max-snippet:-1, max-image-preview:large, max-video-preview:-1\" \/>\n<link rel=\"canonical\" href=\"https:\/\/www.organisator.ch\/fr\/gestion-2\/2024-07-10\/mehr-als-zwei-drittel-der-schweizer-fuehrungskraefte-kennen-den-inhalt-des-eu-ai-act-nicht\/\" \/>\n<meta property=\"og:locale\" content=\"fr_FR\" \/>\n<meta property=\"og:type\" content=\"article\" \/>\n<meta property=\"og:title\" content=\"Mehr als zwei Drittel der Schweizer F\u00fchrungskr\u00e4fte kennen den Inhalt des EU AI Act nicht\" \/>\n<meta property=\"og:description\" content=\"Viele Schweizer Unternehmen sind tief in die europ\u00e4ische Wirtschaft integriert und vom KI-Gesetz der EU betroffen, doch dessen Inhalte kennen nur die wenigsten.\" \/>\n<meta property=\"og:url\" content=\"https:\/\/www.organisator.ch\/fr\/gestion-2\/2024-07-10\/mehr-als-zwei-drittel-der-schweizer-fuehrungskraefte-kennen-den-inhalt-des-eu-ai-act-nicht\/\" \/>\n<meta property=\"og:site_name\" content=\"Organisator\" \/>\n<meta property=\"article:publisher\" content=\"https:\/\/www.facebook.com\/OrganisatorFachmagazin\" \/>\n<meta property=\"article:published_time\" content=\"2024-07-10T06:07:02+00:00\" \/>\n<meta property=\"og:image\" content=\"https:\/\/www.organisator.ch\/wp-content\/uploads\/2024\/07\/Adesso_Bild1_ps.jpg\" \/>\n\t<meta property=\"og:image:width\" content=\"680\" \/>\n\t<meta property=\"og:image:height\" content=\"414\" \/>\n\t<meta property=\"og:image:type\" content=\"image\/jpeg\" \/>\n<meta name=\"author\" content=\"Adelisa Kalajdzini\" \/>\n<meta name=\"twitter:card\" content=\"summary_large_image\" \/>\n<meta name=\"twitter:title\" content=\"Mehr als zwei Drittel der Schweizer F\u00fchrungskr\u00e4fte kennen den Inhalt des EU AI Act nicht\" \/>\n<meta name=\"twitter:description\" content=\"Viele #Schweizer #Unternehmen sind tief in die europ\u00e4ische Wirtschaft integriert und vom #KI-Gesetz der #EU betroffen, doch dessen #Inhalte kennen nur die wenigsten.\" \/>\n<meta name=\"twitter:image\" content=\"https:\/\/www.organisator.ch\/wp-content\/uploads\/2024\/07\/Adesso_Bild1_ps.jpg\" \/>\n<script type=\"application\/ld+json\" class=\"yoast-schema-graph\">{\"@context\":\"https:\\\/\\\/schema.org\",\"@graph\":[{\"@type\":\"Article\",\"@id\":\"https:\\\/\\\/www.organisator.ch\\\/management\\\/2024-07-10\\\/mehr-als-zwei-drittel-der-schweizer-fuehrungskraefte-kennen-den-inhalt-des-eu-ai-act-nicht\\\/#article\",\"isPartOf\":{\"@id\":\"https:\\\/\\\/www.organisator.ch\\\/management\\\/2024-07-10\\\/mehr-als-zwei-drittel-der-schweizer-fuehrungskraefte-kennen-den-inhalt-des-eu-ai-act-nicht\\\/\"},\"author\":{\"name\":\"Adelisa Kalajdzini\",\"@id\":\"https:\\\/\\\/www.organisator.ch\\\/#\\\/schema\\\/person\\\/2e1314a2172123f874db408d8911d3f3\"},\"headline\":\"Mehr als zwei Drittel der Schweizer F\u00fchrungskr\u00e4fte kennen den Inhalt des EU AI Act nicht\",\"datePublished\":\"2024-07-10T06:07:02+00:00\",\"mainEntityOfPage\":{\"@id\":\"https:\\\/\\\/www.organisator.ch\\\/management\\\/2024-07-10\\\/mehr-als-zwei-drittel-der-schweizer-fuehrungskraefte-kennen-den-inhalt-des-eu-ai-act-nicht\\\/\"},\"wordCount\":622,\"publisher\":{\"@id\":\"https:\\\/\\\/www.organisator.ch\\\/#organization\"},\"image\":{\"@id\":\"https:\\\/\\\/www.organisator.ch\\\/management\\\/2024-07-10\\\/mehr-als-zwei-drittel-der-schweizer-fuehrungskraefte-kennen-den-inhalt-des-eu-ai-act-nicht\\\/#primaryimage\"},\"thumbnailUrl\":\"https:\\\/\\\/www.organisator.ch\\\/wp-content\\\/uploads\\\/2024\\\/07\\\/Adesso_Bild1_ps.jpg\",\"keywords\":[\"AI Act\",\"KI\",\"Management\",\"Umfrage\",\"Unternehmen\"],\"articleSection\":[\"MANAGEMENT\"],\"inLanguage\":\"fr-FR\"},{\"@type\":\"WebPage\",\"@id\":\"https:\\\/\\\/www.organisator.ch\\\/management\\\/2024-07-10\\\/mehr-als-zwei-drittel-der-schweizer-fuehrungskraefte-kennen-den-inhalt-des-eu-ai-act-nicht\\\/\",\"url\":\"https:\\\/\\\/www.organisator.ch\\\/management\\\/2024-07-10\\\/mehr-als-zwei-drittel-der-schweizer-fuehrungskraefte-kennen-den-inhalt-des-eu-ai-act-nicht\\\/\",\"name\":\"Mehr als zwei Drittel der Schweizer F\u00fchrungskr\u00e4fte kennen den Inhalt des EU AI Act nicht - Organisator\",\"isPartOf\":{\"@id\":\"https:\\\/\\\/www.organisator.ch\\\/#website\"},\"primaryImageOfPage\":{\"@id\":\"https:\\\/\\\/www.organisator.ch\\\/management\\\/2024-07-10\\\/mehr-als-zwei-drittel-der-schweizer-fuehrungskraefte-kennen-den-inhalt-des-eu-ai-act-nicht\\\/#primaryimage\"},\"image\":{\"@id\":\"https:\\\/\\\/www.organisator.ch\\\/management\\\/2024-07-10\\\/mehr-als-zwei-drittel-der-schweizer-fuehrungskraefte-kennen-den-inhalt-des-eu-ai-act-nicht\\\/#primaryimage\"},\"thumbnailUrl\":\"https:\\\/\\\/www.organisator.ch\\\/wp-content\\\/uploads\\\/2024\\\/07\\\/Adesso_Bild1_ps.jpg\",\"datePublished\":\"2024-07-10T06:07:02+00:00\",\"description\":\"Viele Schweizer Unternehmen sind tief in die europ\u00e4ische Wirtschaft integriert und vom KI-Gesetz der EU betroffen, doch dessen Inhalte kennen nur die wenigsten.\",\"breadcrumb\":{\"@id\":\"https:\\\/\\\/www.organisator.ch\\\/management\\\/2024-07-10\\\/mehr-als-zwei-drittel-der-schweizer-fuehrungskraefte-kennen-den-inhalt-des-eu-ai-act-nicht\\\/#breadcrumb\"},\"inLanguage\":\"fr-FR\",\"potentialAction\":[{\"@type\":\"ReadAction\",\"target\":[\"https:\\\/\\\/www.organisator.ch\\\/management\\\/2024-07-10\\\/mehr-als-zwei-drittel-der-schweizer-fuehrungskraefte-kennen-den-inhalt-des-eu-ai-act-nicht\\\/\"]}]},{\"@type\":\"ImageObject\",\"inLanguage\":\"fr-FR\",\"@id\":\"https:\\\/\\\/www.organisator.ch\\\/management\\\/2024-07-10\\\/mehr-als-zwei-drittel-der-schweizer-fuehrungskraefte-kennen-den-inhalt-des-eu-ai-act-nicht\\\/#primaryimage\",\"url\":\"https:\\\/\\\/www.organisator.ch\\\/wp-content\\\/uploads\\\/2024\\\/07\\\/Adesso_Bild1_ps.jpg\",\"contentUrl\":\"https:\\\/\\\/www.organisator.ch\\\/wp-content\\\/uploads\\\/2024\\\/07\\\/Adesso_Bild1_ps.jpg\",\"width\":680,\"height\":414,\"caption\":\"30 Prozent der Befragten aus der Schweiz geben an, die Inhalte des EU AI Act zu kennen. (Bild: www.depositphotos.com)\"},{\"@type\":\"BreadcrumbList\",\"@id\":\"https:\\\/\\\/www.organisator.ch\\\/management\\\/2024-07-10\\\/mehr-als-zwei-drittel-der-schweizer-fuehrungskraefte-kennen-den-inhalt-des-eu-ai-act-nicht\\\/#breadcrumb\",\"itemListElement\":[{\"@type\":\"ListItem\",\"position\":1,\"name\":\"Home\",\"item\":\"https:\\\/\\\/www.organisator.ch\\\/\"},{\"@type\":\"ListItem\",\"position\":2,\"name\":\"Mehr als zwei Drittel der Schweizer F\u00fchrungskr\u00e4fte kennen den Inhalt des EU AI Act nicht\"}]},{\"@type\":\"WebSite\",\"@id\":\"https:\\\/\\\/www.organisator.ch\\\/#website\",\"url\":\"https:\\\/\\\/www.organisator.ch\\\/\",\"name\":\"Organisator\",\"description\":\"Kompetent. Praxisnah. Der ORGANISATOR bereitet in 10 Ausgaben pro Jahr die wesentlichen Themen f\u00fcr F\u00fchrungskr\u00e4fte von KMU auf.\",\"publisher\":{\"@id\":\"https:\\\/\\\/www.organisator.ch\\\/#organization\"},\"potentialAction\":[{\"@type\":\"SearchAction\",\"target\":{\"@type\":\"EntryPoint\",\"urlTemplate\":\"https:\\\/\\\/www.organisator.ch\\\/?s={search_term_string}\"},\"query-input\":{\"@type\":\"PropertyValueSpecification\",\"valueRequired\":true,\"valueName\":\"search_term_string\"}}],\"inLanguage\":\"fr-FR\"},{\"@type\":\"Organization\",\"@id\":\"https:\\\/\\\/www.organisator.ch\\\/#organization\",\"name\":\"Organisator\",\"url\":\"https:\\\/\\\/www.organisator.ch\\\/\",\"logo\":{\"@type\":\"ImageObject\",\"inLanguage\":\"fr-FR\",\"@id\":\"https:\\\/\\\/www.organisator.ch\\\/#\\\/schema\\\/logo\\\/image\\\/\",\"url\":\"https:\\\/\\\/www.organisator.ch\\\/wp-content\\\/uploads\\\/2022\\\/01\\\/Logo_Organisator_Website.png\",\"contentUrl\":\"https:\\\/\\\/www.organisator.ch\\\/wp-content\\\/uploads\\\/2022\\\/01\\\/Logo_Organisator_Website.png\",\"width\":800,\"height\":77,\"caption\":\"Organisator\"},\"image\":{\"@id\":\"https:\\\/\\\/www.organisator.ch\\\/#\\\/schema\\\/logo\\\/image\\\/\"},\"sameAs\":[\"https:\\\/\\\/www.facebook.com\\\/OrganisatorFachmagazin\",\"https:\\\/\\\/www.linkedin.com\\\/showcase\\\/organisator-das-magazin-fr-kmu\",\"https:\\\/\\\/www.xing.com\\\/news\\\/pages\\\/organisator-ch-695\",\"https:\\\/\\\/www.youtube.com\\\/channel\\\/UCGP2Sq0iWaZwT3BdIAQFYpw\"]},{\"@type\":\"Person\",\"@id\":\"https:\\\/\\\/www.organisator.ch\\\/#\\\/schema\\\/person\\\/2e1314a2172123f874db408d8911d3f3\",\"name\":\"Adelisa Kalajdzini\",\"image\":{\"@type\":\"ImageObject\",\"inLanguage\":\"fr-FR\",\"@id\":\"https:\\\/\\\/secure.gravatar.com\\\/avatar\\\/09a397c22ac58cad6f160ee8306348599df9df58a8ede73696226897b9fa4b24?s=96&d=mm&r=g\",\"url\":\"https:\\\/\\\/secure.gravatar.com\\\/avatar\\\/09a397c22ac58cad6f160ee8306348599df9df58a8ede73696226897b9fa4b24?s=96&d=mm&r=g\",\"contentUrl\":\"https:\\\/\\\/secure.gravatar.com\\\/avatar\\\/09a397c22ac58cad6f160ee8306348599df9df58a8ede73696226897b9fa4b24?s=96&d=mm&r=g\",\"caption\":\"Adelisa Kalajdzini\"},\"url\":\"https:\\\/\\\/www.organisator.ch\\\/fr\\\/author\\\/adelisa-kalajdzini\\\/\"}]}<\/script>\n<!-- \/ Yoast SEO plugin. -->","yoast_head_json":{"title":"Plus de deux tiers des cadres suisses ne connaissent pas le contenu de l'EU AI Act - Organisateur","description":"De nombreuses entreprises suisses sont profond\u00e9ment int\u00e9gr\u00e9es dans l'\u00e9conomie europ\u00e9enne et concern\u00e9es par la loi sur l'IA de l'UE, mais rares sont celles qui en connaissent le contenu.","robots":{"index":"index","follow":"follow","max-snippet":"max-snippet:-1","max-image-preview":"max-image-preview:large","max-video-preview":"max-video-preview:-1"},"canonical":"https:\/\/www.organisator.ch\/fr\/gestion-2\/2024-07-10\/mehr-als-zwei-drittel-der-schweizer-fuehrungskraefte-kennen-den-inhalt-des-eu-ai-act-nicht\/","og_locale":"fr_FR","og_type":"article","og_title":"Mehr als zwei Drittel der Schweizer F\u00fchrungskr\u00e4fte kennen den Inhalt des EU AI Act nicht","og_description":"Viele Schweizer Unternehmen sind tief in die europ\u00e4ische Wirtschaft integriert und vom KI-Gesetz der EU betroffen, doch dessen Inhalte kennen nur die wenigsten.","og_url":"https:\/\/www.organisator.ch\/fr\/gestion-2\/2024-07-10\/mehr-als-zwei-drittel-der-schweizer-fuehrungskraefte-kennen-den-inhalt-des-eu-ai-act-nicht\/","og_site_name":"Organisator","article_publisher":"https:\/\/www.facebook.com\/OrganisatorFachmagazin","article_published_time":"2024-07-10T06:07:02+00:00","og_image":[{"width":680,"height":414,"url":"https:\/\/www.organisator.ch\/wp-content\/uploads\/2024\/07\/Adesso_Bild1_ps.jpg","type":"image\/jpeg"}],"author":"Adelisa Kalajdzini","twitter_card":"summary_large_image","twitter_title":"Mehr als zwei Drittel der Schweizer F\u00fchrungskr\u00e4fte kennen den Inhalt des EU AI Act nicht","twitter_description":"Viele #Schweizer #Unternehmen sind tief in die europ\u00e4ische Wirtschaft integriert und vom #KI-Gesetz der #EU betroffen, doch dessen #Inhalte kennen nur die wenigsten.","twitter_image":"https:\/\/www.organisator.ch\/wp-content\/uploads\/2024\/07\/Adesso_Bild1_ps.jpg","schema":{"@context":"https:\/\/schema.org","@graph":[{"@type":"Article","@id":"https:\/\/www.organisator.ch\/management\/2024-07-10\/mehr-als-zwei-drittel-der-schweizer-fuehrungskraefte-kennen-den-inhalt-des-eu-ai-act-nicht\/#article","isPartOf":{"@id":"https:\/\/www.organisator.ch\/management\/2024-07-10\/mehr-als-zwei-drittel-der-schweizer-fuehrungskraefte-kennen-den-inhalt-des-eu-ai-act-nicht\/"},"author":{"name":"Adelisa Kalajdzini","@id":"https:\/\/www.organisator.ch\/#\/schema\/person\/2e1314a2172123f874db408d8911d3f3"},"headline":"Mehr als zwei Drittel der Schweizer F\u00fchrungskr\u00e4fte kennen den Inhalt des EU AI Act nicht","datePublished":"2024-07-10T06:07:02+00:00","mainEntityOfPage":{"@id":"https:\/\/www.organisator.ch\/management\/2024-07-10\/mehr-als-zwei-drittel-der-schweizer-fuehrungskraefte-kennen-den-inhalt-des-eu-ai-act-nicht\/"},"wordCount":622,"publisher":{"@id":"https:\/\/www.organisator.ch\/#organization"},"image":{"@id":"https:\/\/www.organisator.ch\/management\/2024-07-10\/mehr-als-zwei-drittel-der-schweizer-fuehrungskraefte-kennen-den-inhalt-des-eu-ai-act-nicht\/#primaryimage"},"thumbnailUrl":"https:\/\/www.organisator.ch\/wp-content\/uploads\/2024\/07\/Adesso_Bild1_ps.jpg","keywords":["AI Act","KI","Management","Umfrage","Unternehmen"],"articleSection":["MANAGEMENT"],"inLanguage":"fr-FR"},{"@type":"WebPage","@id":"https:\/\/www.organisator.ch\/management\/2024-07-10\/mehr-als-zwei-drittel-der-schweizer-fuehrungskraefte-kennen-den-inhalt-des-eu-ai-act-nicht\/","url":"https:\/\/www.organisator.ch\/management\/2024-07-10\/mehr-als-zwei-drittel-der-schweizer-fuehrungskraefte-kennen-den-inhalt-des-eu-ai-act-nicht\/","name":"Plus de deux tiers des cadres suisses ne connaissent pas le contenu de l'EU AI Act - Organisateur","isPartOf":{"@id":"https:\/\/www.organisator.ch\/#website"},"primaryImageOfPage":{"@id":"https:\/\/www.organisator.ch\/management\/2024-07-10\/mehr-als-zwei-drittel-der-schweizer-fuehrungskraefte-kennen-den-inhalt-des-eu-ai-act-nicht\/#primaryimage"},"image":{"@id":"https:\/\/www.organisator.ch\/management\/2024-07-10\/mehr-als-zwei-drittel-der-schweizer-fuehrungskraefte-kennen-den-inhalt-des-eu-ai-act-nicht\/#primaryimage"},"thumbnailUrl":"https:\/\/www.organisator.ch\/wp-content\/uploads\/2024\/07\/Adesso_Bild1_ps.jpg","datePublished":"2024-07-10T06:07:02+00:00","description":"De nombreuses entreprises suisses sont profond\u00e9ment int\u00e9gr\u00e9es dans l'\u00e9conomie europ\u00e9enne et concern\u00e9es par la loi sur l'IA de l'UE, mais rares sont celles qui en connaissent le contenu.","breadcrumb":{"@id":"https:\/\/www.organisator.ch\/management\/2024-07-10\/mehr-als-zwei-drittel-der-schweizer-fuehrungskraefte-kennen-den-inhalt-des-eu-ai-act-nicht\/#breadcrumb"},"inLanguage":"fr-FR","potentialAction":[{"@type":"ReadAction","target":["https:\/\/www.organisator.ch\/management\/2024-07-10\/mehr-als-zwei-drittel-der-schweizer-fuehrungskraefte-kennen-den-inhalt-des-eu-ai-act-nicht\/"]}]},{"@type":"ImageObject","inLanguage":"fr-FR","@id":"https:\/\/www.organisator.ch\/management\/2024-07-10\/mehr-als-zwei-drittel-der-schweizer-fuehrungskraefte-kennen-den-inhalt-des-eu-ai-act-nicht\/#primaryimage","url":"https:\/\/www.organisator.ch\/wp-content\/uploads\/2024\/07\/Adesso_Bild1_ps.jpg","contentUrl":"https:\/\/www.organisator.ch\/wp-content\/uploads\/2024\/07\/Adesso_Bild1_ps.jpg","width":680,"height":414,"caption":"30 Prozent der Befragten aus der Schweiz geben an, die Inhalte des EU AI Act zu kennen. (Bild: www.depositphotos.com)"},{"@type":"BreadcrumbList","@id":"https:\/\/www.organisator.ch\/management\/2024-07-10\/mehr-als-zwei-drittel-der-schweizer-fuehrungskraefte-kennen-den-inhalt-des-eu-ai-act-nicht\/#breadcrumb","itemListElement":[{"@type":"ListItem","position":1,"name":"Home","item":"https:\/\/www.organisator.ch\/"},{"@type":"ListItem","position":2,"name":"Mehr als zwei Drittel der Schweizer F\u00fchrungskr\u00e4fte kennen den Inhalt des EU AI Act nicht"}]},{"@type":"WebSite","@id":"https:\/\/www.organisator.ch\/#website","url":"https:\/\/www.organisator.ch\/","name":"Organisateur","description":"Comp\u00e9tence et comp\u00e9tence. Proches de la pratique. L'ORGANISATEUR pr\u00e9pare 10 num\u00e9ros par an sur les th\u00e8mes essentiels pour les dirigeants de PME.","publisher":{"@id":"https:\/\/www.organisator.ch\/#organization"},"potentialAction":[{"@type":"SearchAction","target":{"@type":"EntryPoint","urlTemplate":"https:\/\/www.organisator.ch\/?s={search_term_string}"},"query-input":{"@type":"PropertyValueSpecification","valueRequired":true,"valueName":"search_term_string"}}],"inLanguage":"fr-FR"},{"@type":"Organization","@id":"https:\/\/www.organisator.ch\/#organization","name":"Organisateur","url":"https:\/\/www.organisator.ch\/","logo":{"@type":"ImageObject","inLanguage":"fr-FR","@id":"https:\/\/www.organisator.ch\/#\/schema\/logo\/image\/","url":"https:\/\/www.organisator.ch\/wp-content\/uploads\/2022\/01\/Logo_Organisator_Website.png","contentUrl":"https:\/\/www.organisator.ch\/wp-content\/uploads\/2022\/01\/Logo_Organisator_Website.png","width":800,"height":77,"caption":"Organisator"},"image":{"@id":"https:\/\/www.organisator.ch\/#\/schema\/logo\/image\/"},"sameAs":["https:\/\/www.facebook.com\/OrganisatorFachmagazin","https:\/\/www.linkedin.com\/showcase\/organisator-das-magazin-fr-kmu","https:\/\/www.xing.com\/news\/pages\/organisator-ch-695","https:\/\/www.youtube.com\/channel\/UCGP2Sq0iWaZwT3BdIAQFYpw"]},{"@type":"Person","@id":"https:\/\/www.organisator.ch\/#\/schema\/person\/2e1314a2172123f874db408d8911d3f3","name":"Adelisa Kalajdzini","image":{"@type":"ImageObject","inLanguage":"fr-FR","@id":"https:\/\/secure.gravatar.com\/avatar\/09a397c22ac58cad6f160ee8306348599df9df58a8ede73696226897b9fa4b24?s=96&d=mm&r=g","url":"https:\/\/secure.gravatar.com\/avatar\/09a397c22ac58cad6f160ee8306348599df9df58a8ede73696226897b9fa4b24?s=96&d=mm&r=g","contentUrl":"https:\/\/secure.gravatar.com\/avatar\/09a397c22ac58cad6f160ee8306348599df9df58a8ede73696226897b9fa4b24?s=96&d=mm&r=g","caption":"Adelisa Kalajdzini"},"url":"https:\/\/www.organisator.ch\/fr\/author\/adelisa-kalajdzini\/"}]}},"_links":{"self":[{"href":"https:\/\/www.organisator.ch\/fr\/wp-json\/wp\/v2\/posts\/28323","targetHints":{"allow":["GET"]}}],"collection":[{"href":"https:\/\/www.organisator.ch\/fr\/wp-json\/wp\/v2\/posts"}],"about":[{"href":"https:\/\/www.organisator.ch\/fr\/wp-json\/wp\/v2\/types\/post"}],"author":[{"embeddable":true,"href":"https:\/\/www.organisator.ch\/fr\/wp-json\/wp\/v2\/users\/58"}],"replies":[{"embeddable":true,"href":"https:\/\/www.organisator.ch\/fr\/wp-json\/wp\/v2\/comments?post=28323"}],"version-history":[{"count":5,"href":"https:\/\/www.organisator.ch\/fr\/wp-json\/wp\/v2\/posts\/28323\/revisions"}],"predecessor-version":[{"id":28358,"href":"https:\/\/www.organisator.ch\/fr\/wp-json\/wp\/v2\/posts\/28323\/revisions\/28358"}],"wp:featuredmedia":[{"embeddable":true,"href":"https:\/\/www.organisator.ch\/fr\/wp-json\/wp\/v2\/media\/28325"}],"wp:attachment":[{"href":"https:\/\/www.organisator.ch\/fr\/wp-json\/wp\/v2\/media?parent=28323"}],"wp:term":[{"taxonomy":"category","embeddable":true,"href":"https:\/\/www.organisator.ch\/fr\/wp-json\/wp\/v2\/categories?post=28323"},{"taxonomy":"post_tag","embeddable":true,"href":"https:\/\/www.organisator.ch\/fr\/wp-json\/wp\/v2\/tags?post=28323"}],"curies":[{"name":"wp","href":"https:\/\/api.w.org\/{rel}","templated":true}]}}