{"id":28327,"date":"2024-07-11T08:17:07","date_gmt":"2024-07-11T06:17:07","guid":{"rendered":"https:\/\/www.organisator.ch\/?p=28327"},"modified":"2024-07-10T09:17:29","modified_gmt":"2024-07-10T07:17:29","slug":"velopa-und-v-locker-gehen-strategische-partnerschaft-ein","status":"publish","type":"post","link":"https:\/\/www.organisator.ch\/fr\/sustainability\/2024-07-11\/velopa-und-v-locker-gehen-strategische-partnerschaft-ein\/","title":{"rendered":"Velopa et V-Locker concluent un partenariat strat\u00e9gique"},"content":{"rendered":"<figure id=\"attachment_28329\" aria-describedby=\"caption-attachment-28329\" style=\"width: 680px\" class=\"wp-caption alignnone\"><img loading=\"lazy\" decoding=\"async\" class=\"size-full wp-image-28329\" src=\"https:\/\/www.organisator.ch\/wp-content\/uploads\/2024\/07\/Velopa-Doppelstockparkierung-Velostation-Winterthur_Bild1_ps.jpg\" alt=\"\" width=\"680\" height=\"436\" srcset=\"https:\/\/www.organisator.ch\/wp-content\/uploads\/2024\/07\/Velopa-Doppelstockparkierung-Velostation-Winterthur_Bild1_ps.jpg 680w, https:\/\/www.organisator.ch\/wp-content\/uploads\/2024\/07\/Velopa-Doppelstockparkierung-Velostation-Winterthur_Bild1_ps-18x12.jpg 18w, https:\/\/www.organisator.ch\/wp-content\/uploads\/2024\/07\/Velopa-Doppelstockparkierung-Velostation-Winterthur_Bild1_ps-375x240.jpg 375w, https:\/\/www.organisator.ch\/wp-content\/uploads\/2024\/07\/Velopa-Doppelstockparkierung-Velostation-Winterthur_Bild1_ps-546x350.jpg 546w\" sizes=\"auto, (max-width: 680px) 100vw, 680px\" \/><figcaption id=\"caption-attachment-28329\" class=\"wp-caption-text\">Stationnement \u00e0 deux \u00e9tages Velopa Velostation Winterthur. (Image : www.velopa.ch)<\/figcaption><\/figure>\n<p>Gr\u00e2ce \u00e0 cette coop\u00e9ration, les deux fournisseurs compl\u00e8tent leur portefeuille de solutions adapt\u00e9es \u00e0 la situation pour les syst\u00e8mes de stationnement de v\u00e9los et pour l'infrastructure de mobilit\u00e9 durable. Cette collaboration profite aussi bien aux donneurs d'ordre publics tels que les villes, les communes, les entreprises de transport, les h\u00f4pitaux et les institutions de formation qu'aux organisations priv\u00e9es, notamment les zones a\u00e9roportuaires, les zones commerciales, les immeubles d'habitation ainsi que les d\u00e9veloppeurs de sites et d'immeubles.<\/p>\n<p>Pascale Haslauer, CEO de Velopa SA, explique \u00e0 ce sujet : \"Avec ce partenariat, nous cr\u00e9ons une condition importante pour continuer \u00e0 faire avancer le tournant durable des transports. Gr\u00e2ce \u00e0 l'\u00e9largissement mutuel et compl\u00e9mentaire de nos offres, nous sommes en mesure de planifier la solution de stationnement de v\u00e9los optimale pour chaque situation et de promouvoir ainsi la micromobilit\u00e9 urbaine\".<\/p>\n<p>Velopa, qui compte une cinquantaine de collaborateurs, est un fournisseur de produits et de solutions dans le domaine des infrastructures pour v\u00e9los. Il s'agit notamment d'installations de stationnement de v\u00e9los num\u00e9ris\u00e9es et m\u00e9caniques, de syst\u00e8mes de guidage pour les stations de v\u00e9los ainsi que de s\u00e9parateurs de pistes cyclables et de commandes d'acc\u00e8s. V-Locker est un fabricant et un exploitant de tours de stationnement pour v\u00e9los modulaires automatis\u00e9es, y compris une plateforme IoT qui simplifie l'utilisation et l'exploitation des syst\u00e8mes de stationnement.<\/p>\n<figure id=\"attachment_28330\" aria-describedby=\"caption-attachment-28330\" style=\"width: 680px\" class=\"wp-caption alignnone\"><img loading=\"lazy\" decoding=\"async\" class=\"size-full wp-image-28330\" src=\"https:\/\/www.organisator.ch\/wp-content\/uploads\/2024\/07\/V-Locker-Veloparkieranlage-Stettbach-Zuerich_Bild2_ps.jpg\" alt=\"\" width=\"680\" height=\"463\" srcset=\"https:\/\/www.organisator.ch\/wp-content\/uploads\/2024\/07\/V-Locker-Veloparkieranlage-Stettbach-Zuerich_Bild2_ps.jpg 680w, https:\/\/www.organisator.ch\/wp-content\/uploads\/2024\/07\/V-Locker-Veloparkieranlage-Stettbach-Zuerich_Bild2_ps-18x12.jpg 18w, https:\/\/www.organisator.ch\/wp-content\/uploads\/2024\/07\/V-Locker-Veloparkieranlage-Stettbach-Zuerich_Bild2_ps-375x255.jpg 375w, https:\/\/www.organisator.ch\/wp-content\/uploads\/2024\/07\/V-Locker-Veloparkieranlage-Stettbach-Zuerich_Bild2_ps-514x350.jpg 514w\" sizes=\"auto, (max-width: 680px) 100vw, 680px\" \/><figcaption id=\"caption-attachment-28330\" class=\"wp-caption-text\">V-Locker Installation de stationnement de v\u00e9los Stettbach Zurich. (Image : www.v-locker.ch)<\/figcaption><\/figure>\n<p>Jens Kirchhoff, CEO et cofondateur de V-Locker AG, ajoute : \"La coop\u00e9ration avec Velopa est pour V-Locker la prochaine \u00e9tape logique dans un monde de la mobilit\u00e9 de plus en plus interconnect\u00e9 et donc de plus en plus complexe. Les fournisseurs d'infrastructures de mobilit\u00e9 innovantes et de haute qualit\u00e9 doivent non seulement concevoir leur offre de base pour l'avenir, mais aussi cr\u00e9er des synergies afin de permettre \u00e0 l'homme mobile en Suisse une mobilit\u00e9 saine et respectueuse de l'environnement\".<\/p>\n<p><em>Source : <a href=\"http:\/\/www.velopa.ch\">www.velopa.ch<\/a> \/ <a href=\"http:\/\/www.v-locker.ch\">www.v-locker.ch<\/a><\/em><\/p>","protected":false},"excerpt":{"rendered":"<p>L'entreprise Velopa AG de Spreitenbach et la jeune entreprise V-Locker AG de D\u00fcbendorf concluent un partenariat strat\u00e9gique. Les deux entreprises proposent des syst\u00e8mes de stationnement pour v\u00e9los, des infrastructures pour pistes cyclables et des hubs de mobilit\u00e9 pour promouvoir une micromobilit\u00e9 respectueuse des ressources. Cela comprend \u00e9galement la desserte durable du premier et du dernier kilom\u00e8tre vers les transports publics.<\/p>","protected":false},"author":58,"featured_media":28329,"comment_status":"closed","ping_status":"closed","sticky":false,"template":"","format":"standard","meta":{"_acf_changed":false,"_yoast_wpseo_focuskw":"Velopa","_yoast_wpseo_metadesc":"Das Unternehmen Velopa AG aus Spreitenbach und das D\u00fcbendorfer Jungunternehmen V-Locker AG gehen eine strategische Partnerschaft ein.","articlekey":"","footnotes":""},"categories":[580],"tags":[334,1769,2246,492],"class_list":["post-28327","post","type-post","status-publish","format-standard","has-post-thumbnail","hentry","category-sustainability","tag-management","tag-nachhaltige-mobilitaet","tag-sustainability","tag-unternehmen"],"acf":[],"yoast_head":"<!-- This site is optimized with the Yoast SEO plugin v27.5 - https:\/\/yoast.com\/product\/yoast-seo-wordpress\/ -->\n<title>Velopa und V-Locker gehen strategische Partnerschaft ein - Organisator<\/title>\n<meta name=\"description\" content=\"Das Unternehmen Velopa AG aus Spreitenbach und das D\u00fcbendorfer Jungunternehmen V-Locker AG gehen eine strategische Partnerschaft ein.\" \/>\n<meta name=\"robots\" content=\"index, follow, max-snippet:-1, max-image-preview:large, max-video-preview:-1\" \/>\n<link rel=\"canonical\" href=\"https:\/\/www.organisator.ch\/fr\/sustainability\/2024-07-11\/velopa-und-v-locker-gehen-strategische-partnerschaft-ein\/\" \/>\n<meta property=\"og:locale\" content=\"fr_FR\" \/>\n<meta property=\"og:type\" content=\"article\" \/>\n<meta property=\"og:title\" content=\"Velopa und V-Locker gehen strategische Partnerschaft ein\" \/>\n<meta property=\"og:description\" content=\"Das Unternehmen Velopa AG aus Spreitenbach und das D\u00fcbendorfer Jungunternehmen V-Locker AG gehen eine strategische Partnerschaft ein.\" \/>\n<meta property=\"og:url\" content=\"https:\/\/www.organisator.ch\/fr\/sustainability\/2024-07-11\/velopa-und-v-locker-gehen-strategische-partnerschaft-ein\/\" \/>\n<meta property=\"og:site_name\" content=\"Organisator\" \/>\n<meta property=\"article:publisher\" content=\"https:\/\/www.facebook.com\/OrganisatorFachmagazin\" \/>\n<meta property=\"article:published_time\" content=\"2024-07-11T06:17:07+00:00\" \/>\n<meta property=\"og:image\" content=\"https:\/\/www.organisator.ch\/wp-content\/uploads\/2024\/07\/Velopa-Doppelstockparkierung-Velostation-Winterthur_Bild1_ps.jpg\" \/>\n\t<meta property=\"og:image:width\" content=\"680\" \/>\n\t<meta property=\"og:image:height\" content=\"436\" \/>\n\t<meta property=\"og:image:type\" content=\"image\/jpeg\" \/>\n<meta name=\"author\" content=\"Adelisa Kalajdzini\" \/>\n<meta name=\"twitter:card\" content=\"summary_large_image\" \/>\n<meta name=\"twitter:title\" content=\"Velopa und V-Locker gehen strategische Partnerschaft ein\" \/>\n<meta name=\"twitter:description\" content=\"Das Unternehmen #Velopa AG aus Spreitenbach und das D\u00fcbendorfer Jungunternehmen #V-Locker AG gehen eine strategische #Partnerschaft ein.\" \/>\n<meta name=\"twitter:image\" content=\"https:\/\/www.organisator.ch\/wp-content\/uploads\/2024\/07\/Velopa-Doppelstockparkierung-Velostation-Winterthur_Bild1_ps.jpg\" \/>\n<script type=\"application\/ld+json\" class=\"yoast-schema-graph\">{\"@context\":\"https:\\\/\\\/schema.org\",\"@graph\":[{\"@type\":\"Article\",\"@id\":\"https:\\\/\\\/www.organisator.ch\\\/sustainability\\\/2024-07-11\\\/velopa-und-v-locker-gehen-strategische-partnerschaft-ein\\\/#article\",\"isPartOf\":{\"@id\":\"https:\\\/\\\/www.organisator.ch\\\/sustainability\\\/2024-07-11\\\/velopa-und-v-locker-gehen-strategische-partnerschaft-ein\\\/\"},\"author\":{\"name\":\"Adelisa Kalajdzini\",\"@id\":\"https:\\\/\\\/www.organisator.ch\\\/#\\\/schema\\\/person\\\/2e1314a2172123f874db408d8911d3f3\"},\"headline\":\"Velopa und V-Locker gehen strategische Partnerschaft ein\",\"datePublished\":\"2024-07-11T06:17:07+00:00\",\"mainEntityOfPage\":{\"@id\":\"https:\\\/\\\/www.organisator.ch\\\/sustainability\\\/2024-07-11\\\/velopa-und-v-locker-gehen-strategische-partnerschaft-ein\\\/\"},\"wordCount\":274,\"publisher\":{\"@id\":\"https:\\\/\\\/www.organisator.ch\\\/#organization\"},\"image\":{\"@id\":\"https:\\\/\\\/www.organisator.ch\\\/sustainability\\\/2024-07-11\\\/velopa-und-v-locker-gehen-strategische-partnerschaft-ein\\\/#primaryimage\"},\"thumbnailUrl\":\"https:\\\/\\\/www.organisator.ch\\\/wp-content\\\/uploads\\\/2024\\\/07\\\/Velopa-Doppelstockparkierung-Velostation-Winterthur_Bild1_ps.jpg\",\"keywords\":[\"Management\",\"Nachhaltige Mobilit\u00e4t\",\"Sustainability\",\"Unternehmen\"],\"articleSection\":[\"SUSTAINABILITY\"],\"inLanguage\":\"fr-FR\"},{\"@type\":\"WebPage\",\"@id\":\"https:\\\/\\\/www.organisator.ch\\\/sustainability\\\/2024-07-11\\\/velopa-und-v-locker-gehen-strategische-partnerschaft-ein\\\/\",\"url\":\"https:\\\/\\\/www.organisator.ch\\\/sustainability\\\/2024-07-11\\\/velopa-und-v-locker-gehen-strategische-partnerschaft-ein\\\/\",\"name\":\"Velopa und V-Locker gehen strategische Partnerschaft ein - Organisator\",\"isPartOf\":{\"@id\":\"https:\\\/\\\/www.organisator.ch\\\/#website\"},\"primaryImageOfPage\":{\"@id\":\"https:\\\/\\\/www.organisator.ch\\\/sustainability\\\/2024-07-11\\\/velopa-und-v-locker-gehen-strategische-partnerschaft-ein\\\/#primaryimage\"},\"image\":{\"@id\":\"https:\\\/\\\/www.organisator.ch\\\/sustainability\\\/2024-07-11\\\/velopa-und-v-locker-gehen-strategische-partnerschaft-ein\\\/#primaryimage\"},\"thumbnailUrl\":\"https:\\\/\\\/www.organisator.ch\\\/wp-content\\\/uploads\\\/2024\\\/07\\\/Velopa-Doppelstockparkierung-Velostation-Winterthur_Bild1_ps.jpg\",\"datePublished\":\"2024-07-11T06:17:07+00:00\",\"description\":\"Das Unternehmen Velopa AG aus Spreitenbach und das D\u00fcbendorfer Jungunternehmen V-Locker AG gehen eine strategische Partnerschaft ein.\",\"breadcrumb\":{\"@id\":\"https:\\\/\\\/www.organisator.ch\\\/sustainability\\\/2024-07-11\\\/velopa-und-v-locker-gehen-strategische-partnerschaft-ein\\\/#breadcrumb\"},\"inLanguage\":\"fr-FR\",\"potentialAction\":[{\"@type\":\"ReadAction\",\"target\":[\"https:\\\/\\\/www.organisator.ch\\\/sustainability\\\/2024-07-11\\\/velopa-und-v-locker-gehen-strategische-partnerschaft-ein\\\/\"]}]},{\"@type\":\"ImageObject\",\"inLanguage\":\"fr-FR\",\"@id\":\"https:\\\/\\\/www.organisator.ch\\\/sustainability\\\/2024-07-11\\\/velopa-und-v-locker-gehen-strategische-partnerschaft-ein\\\/#primaryimage\",\"url\":\"https:\\\/\\\/www.organisator.ch\\\/wp-content\\\/uploads\\\/2024\\\/07\\\/Velopa-Doppelstockparkierung-Velostation-Winterthur_Bild1_ps.jpg\",\"contentUrl\":\"https:\\\/\\\/www.organisator.ch\\\/wp-content\\\/uploads\\\/2024\\\/07\\\/Velopa-Doppelstockparkierung-Velostation-Winterthur_Bild1_ps.jpg\",\"width\":680,\"height\":436,\"caption\":\"Velopa Doppelstockparkierung Velostation Winterthur. (Bild: www.velopa.ch)\"},{\"@type\":\"BreadcrumbList\",\"@id\":\"https:\\\/\\\/www.organisator.ch\\\/sustainability\\\/2024-07-11\\\/velopa-und-v-locker-gehen-strategische-partnerschaft-ein\\\/#breadcrumb\",\"itemListElement\":[{\"@type\":\"ListItem\",\"position\":1,\"name\":\"Home\",\"item\":\"https:\\\/\\\/www.organisator.ch\\\/\"},{\"@type\":\"ListItem\",\"position\":2,\"name\":\"Velopa und V-Locker gehen strategische Partnerschaft ein\"}]},{\"@type\":\"WebSite\",\"@id\":\"https:\\\/\\\/www.organisator.ch\\\/#website\",\"url\":\"https:\\\/\\\/www.organisator.ch\\\/\",\"name\":\"Organisator\",\"description\":\"Kompetent. Praxisnah. Der ORGANISATOR bereitet in 10 Ausgaben pro Jahr die wesentlichen Themen f\u00fcr F\u00fchrungskr\u00e4fte von KMU auf.\",\"publisher\":{\"@id\":\"https:\\\/\\\/www.organisator.ch\\\/#organization\"},\"potentialAction\":[{\"@type\":\"SearchAction\",\"target\":{\"@type\":\"EntryPoint\",\"urlTemplate\":\"https:\\\/\\\/www.organisator.ch\\\/?s={search_term_string}\"},\"query-input\":{\"@type\":\"PropertyValueSpecification\",\"valueRequired\":true,\"valueName\":\"search_term_string\"}}],\"inLanguage\":\"fr-FR\"},{\"@type\":\"Organization\",\"@id\":\"https:\\\/\\\/www.organisator.ch\\\/#organization\",\"name\":\"Organisator\",\"url\":\"https:\\\/\\\/www.organisator.ch\\\/\",\"logo\":{\"@type\":\"ImageObject\",\"inLanguage\":\"fr-FR\",\"@id\":\"https:\\\/\\\/www.organisator.ch\\\/#\\\/schema\\\/logo\\\/image\\\/\",\"url\":\"https:\\\/\\\/www.organisator.ch\\\/wp-content\\\/uploads\\\/2022\\\/01\\\/Logo_Organisator_Website.png\",\"contentUrl\":\"https:\\\/\\\/www.organisator.ch\\\/wp-content\\\/uploads\\\/2022\\\/01\\\/Logo_Organisator_Website.png\",\"width\":800,\"height\":77,\"caption\":\"Organisator\"},\"image\":{\"@id\":\"https:\\\/\\\/www.organisator.ch\\\/#\\\/schema\\\/logo\\\/image\\\/\"},\"sameAs\":[\"https:\\\/\\\/www.facebook.com\\\/OrganisatorFachmagazin\",\"https:\\\/\\\/www.linkedin.com\\\/showcase\\\/organisator-das-magazin-fr-kmu\",\"https:\\\/\\\/www.xing.com\\\/news\\\/pages\\\/organisator-ch-695\",\"https:\\\/\\\/www.youtube.com\\\/channel\\\/UCGP2Sq0iWaZwT3BdIAQFYpw\"]},{\"@type\":\"Person\",\"@id\":\"https:\\\/\\\/www.organisator.ch\\\/#\\\/schema\\\/person\\\/2e1314a2172123f874db408d8911d3f3\",\"name\":\"Adelisa Kalajdzini\",\"image\":{\"@type\":\"ImageObject\",\"inLanguage\":\"fr-FR\",\"@id\":\"https:\\\/\\\/secure.gravatar.com\\\/avatar\\\/09a397c22ac58cad6f160ee8306348599df9df58a8ede73696226897b9fa4b24?s=96&d=mm&r=g\",\"url\":\"https:\\\/\\\/secure.gravatar.com\\\/avatar\\\/09a397c22ac58cad6f160ee8306348599df9df58a8ede73696226897b9fa4b24?s=96&d=mm&r=g\",\"contentUrl\":\"https:\\\/\\\/secure.gravatar.com\\\/avatar\\\/09a397c22ac58cad6f160ee8306348599df9df58a8ede73696226897b9fa4b24?s=96&d=mm&r=g\",\"caption\":\"Adelisa Kalajdzini\"},\"url\":\"https:\\\/\\\/www.organisator.ch\\\/fr\\\/author\\\/adelisa-kalajdzini\\\/\"}]}<\/script>\n<!-- \/ Yoast SEO plugin. -->","yoast_head_json":{"title":"Velopa et V-Locker concluent un partenariat strat\u00e9gique - Organisateur","description":"L'entreprise Velopa AG de Spreitenbach et la jeune entreprise V-Locker AG de D\u00fcbendorf concluent un partenariat strat\u00e9gique.","robots":{"index":"index","follow":"follow","max-snippet":"max-snippet:-1","max-image-preview":"max-image-preview:large","max-video-preview":"max-video-preview:-1"},"canonical":"https:\/\/www.organisator.ch\/fr\/sustainability\/2024-07-11\/velopa-und-v-locker-gehen-strategische-partnerschaft-ein\/","og_locale":"fr_FR","og_type":"article","og_title":"Velopa und V-Locker gehen strategische Partnerschaft ein","og_description":"Das Unternehmen Velopa AG aus Spreitenbach und das D\u00fcbendorfer Jungunternehmen V-Locker AG gehen eine strategische Partnerschaft ein.","og_url":"https:\/\/www.organisator.ch\/fr\/sustainability\/2024-07-11\/velopa-und-v-locker-gehen-strategische-partnerschaft-ein\/","og_site_name":"Organisator","article_publisher":"https:\/\/www.facebook.com\/OrganisatorFachmagazin","article_published_time":"2024-07-11T06:17:07+00:00","og_image":[{"width":680,"height":436,"url":"https:\/\/www.organisator.ch\/wp-content\/uploads\/2024\/07\/Velopa-Doppelstockparkierung-Velostation-Winterthur_Bild1_ps.jpg","type":"image\/jpeg"}],"author":"Adelisa Kalajdzini","twitter_card":"summary_large_image","twitter_title":"Velopa und V-Locker gehen strategische Partnerschaft ein","twitter_description":"Das Unternehmen #Velopa AG aus Spreitenbach und das D\u00fcbendorfer Jungunternehmen #V-Locker AG gehen eine strategische #Partnerschaft ein.","twitter_image":"https:\/\/www.organisator.ch\/wp-content\/uploads\/2024\/07\/Velopa-Doppelstockparkierung-Velostation-Winterthur_Bild1_ps.jpg","schema":{"@context":"https:\/\/schema.org","@graph":[{"@type":"Article","@id":"https:\/\/www.organisator.ch\/sustainability\/2024-07-11\/velopa-und-v-locker-gehen-strategische-partnerschaft-ein\/#article","isPartOf":{"@id":"https:\/\/www.organisator.ch\/sustainability\/2024-07-11\/velopa-und-v-locker-gehen-strategische-partnerschaft-ein\/"},"author":{"name":"Adelisa Kalajdzini","@id":"https:\/\/www.organisator.ch\/#\/schema\/person\/2e1314a2172123f874db408d8911d3f3"},"headline":"Velopa und V-Locker gehen strategische Partnerschaft ein","datePublished":"2024-07-11T06:17:07+00:00","mainEntityOfPage":{"@id":"https:\/\/www.organisator.ch\/sustainability\/2024-07-11\/velopa-und-v-locker-gehen-strategische-partnerschaft-ein\/"},"wordCount":274,"publisher":{"@id":"https:\/\/www.organisator.ch\/#organization"},"image":{"@id":"https:\/\/www.organisator.ch\/sustainability\/2024-07-11\/velopa-und-v-locker-gehen-strategische-partnerschaft-ein\/#primaryimage"},"thumbnailUrl":"https:\/\/www.organisator.ch\/wp-content\/uploads\/2024\/07\/Velopa-Doppelstockparkierung-Velostation-Winterthur_Bild1_ps.jpg","keywords":["Management","Nachhaltige Mobilit\u00e4t","Sustainability","Unternehmen"],"articleSection":["SUSTAINABILITY"],"inLanguage":"fr-FR"},{"@type":"WebPage","@id":"https:\/\/www.organisator.ch\/sustainability\/2024-07-11\/velopa-und-v-locker-gehen-strategische-partnerschaft-ein\/","url":"https:\/\/www.organisator.ch\/sustainability\/2024-07-11\/velopa-und-v-locker-gehen-strategische-partnerschaft-ein\/","name":"Velopa et V-Locker concluent un partenariat strat\u00e9gique - Organisateur","isPartOf":{"@id":"https:\/\/www.organisator.ch\/#website"},"primaryImageOfPage":{"@id":"https:\/\/www.organisator.ch\/sustainability\/2024-07-11\/velopa-und-v-locker-gehen-strategische-partnerschaft-ein\/#primaryimage"},"image":{"@id":"https:\/\/www.organisator.ch\/sustainability\/2024-07-11\/velopa-und-v-locker-gehen-strategische-partnerschaft-ein\/#primaryimage"},"thumbnailUrl":"https:\/\/www.organisator.ch\/wp-content\/uploads\/2024\/07\/Velopa-Doppelstockparkierung-Velostation-Winterthur_Bild1_ps.jpg","datePublished":"2024-07-11T06:17:07+00:00","description":"L'entreprise Velopa AG de Spreitenbach et la jeune entreprise V-Locker AG de D\u00fcbendorf concluent un partenariat strat\u00e9gique.","breadcrumb":{"@id":"https:\/\/www.organisator.ch\/sustainability\/2024-07-11\/velopa-und-v-locker-gehen-strategische-partnerschaft-ein\/#breadcrumb"},"inLanguage":"fr-FR","potentialAction":[{"@type":"ReadAction","target":["https:\/\/www.organisator.ch\/sustainability\/2024-07-11\/velopa-und-v-locker-gehen-strategische-partnerschaft-ein\/"]}]},{"@type":"ImageObject","inLanguage":"fr-FR","@id":"https:\/\/www.organisator.ch\/sustainability\/2024-07-11\/velopa-und-v-locker-gehen-strategische-partnerschaft-ein\/#primaryimage","url":"https:\/\/www.organisator.ch\/wp-content\/uploads\/2024\/07\/Velopa-Doppelstockparkierung-Velostation-Winterthur_Bild1_ps.jpg","contentUrl":"https:\/\/www.organisator.ch\/wp-content\/uploads\/2024\/07\/Velopa-Doppelstockparkierung-Velostation-Winterthur_Bild1_ps.jpg","width":680,"height":436,"caption":"Velopa Doppelstockparkierung Velostation Winterthur. (Bild: www.velopa.ch)"},{"@type":"BreadcrumbList","@id":"https:\/\/www.organisator.ch\/sustainability\/2024-07-11\/velopa-und-v-locker-gehen-strategische-partnerschaft-ein\/#breadcrumb","itemListElement":[{"@type":"ListItem","position":1,"name":"Home","item":"https:\/\/www.organisator.ch\/"},{"@type":"ListItem","position":2,"name":"Velopa und V-Locker gehen strategische Partnerschaft ein"}]},{"@type":"WebSite","@id":"https:\/\/www.organisator.ch\/#website","url":"https:\/\/www.organisator.ch\/","name":"Organisateur","description":"Comp\u00e9tence et comp\u00e9tence. Proches de la pratique. L'ORGANISATEUR pr\u00e9pare 10 num\u00e9ros par an sur les th\u00e8mes essentiels pour les dirigeants de PME.","publisher":{"@id":"https:\/\/www.organisator.ch\/#organization"},"potentialAction":[{"@type":"SearchAction","target":{"@type":"EntryPoint","urlTemplate":"https:\/\/www.organisator.ch\/?s={search_term_string}"},"query-input":{"@type":"PropertyValueSpecification","valueRequired":true,"valueName":"search_term_string"}}],"inLanguage":"fr-FR"},{"@type":"Organization","@id":"https:\/\/www.organisator.ch\/#organization","name":"Organisateur","url":"https:\/\/www.organisator.ch\/","logo":{"@type":"ImageObject","inLanguage":"fr-FR","@id":"https:\/\/www.organisator.ch\/#\/schema\/logo\/image\/","url":"https:\/\/www.organisator.ch\/wp-content\/uploads\/2022\/01\/Logo_Organisator_Website.png","contentUrl":"https:\/\/www.organisator.ch\/wp-content\/uploads\/2022\/01\/Logo_Organisator_Website.png","width":800,"height":77,"caption":"Organisator"},"image":{"@id":"https:\/\/www.organisator.ch\/#\/schema\/logo\/image\/"},"sameAs":["https:\/\/www.facebook.com\/OrganisatorFachmagazin","https:\/\/www.linkedin.com\/showcase\/organisator-das-magazin-fr-kmu","https:\/\/www.xing.com\/news\/pages\/organisator-ch-695","https:\/\/www.youtube.com\/channel\/UCGP2Sq0iWaZwT3BdIAQFYpw"]},{"@type":"Person","@id":"https:\/\/www.organisator.ch\/#\/schema\/person\/2e1314a2172123f874db408d8911d3f3","name":"Adelisa Kalajdzini","image":{"@type":"ImageObject","inLanguage":"fr-FR","@id":"https:\/\/secure.gravatar.com\/avatar\/09a397c22ac58cad6f160ee8306348599df9df58a8ede73696226897b9fa4b24?s=96&d=mm&r=g","url":"https:\/\/secure.gravatar.com\/avatar\/09a397c22ac58cad6f160ee8306348599df9df58a8ede73696226897b9fa4b24?s=96&d=mm&r=g","contentUrl":"https:\/\/secure.gravatar.com\/avatar\/09a397c22ac58cad6f160ee8306348599df9df58a8ede73696226897b9fa4b24?s=96&d=mm&r=g","caption":"Adelisa Kalajdzini"},"url":"https:\/\/www.organisator.ch\/fr\/author\/adelisa-kalajdzini\/"}]}},"_links":{"self":[{"href":"https:\/\/www.organisator.ch\/fr\/wp-json\/wp\/v2\/posts\/28327","targetHints":{"allow":["GET"]}}],"collection":[{"href":"https:\/\/www.organisator.ch\/fr\/wp-json\/wp\/v2\/posts"}],"about":[{"href":"https:\/\/www.organisator.ch\/fr\/wp-json\/wp\/v2\/types\/post"}],"author":[{"embeddable":true,"href":"https:\/\/www.organisator.ch\/fr\/wp-json\/wp\/v2\/users\/58"}],"replies":[{"embeddable":true,"href":"https:\/\/www.organisator.ch\/fr\/wp-json\/wp\/v2\/comments?post=28327"}],"version-history":[{"count":4,"href":"https:\/\/www.organisator.ch\/fr\/wp-json\/wp\/v2\/posts\/28327\/revisions"}],"predecessor-version":[{"id":28376,"href":"https:\/\/www.organisator.ch\/fr\/wp-json\/wp\/v2\/posts\/28327\/revisions\/28376"}],"wp:featuredmedia":[{"embeddable":true,"href":"https:\/\/www.organisator.ch\/fr\/wp-json\/wp\/v2\/media\/28329"}],"wp:attachment":[{"href":"https:\/\/www.organisator.ch\/fr\/wp-json\/wp\/v2\/media?parent=28327"}],"wp:term":[{"taxonomy":"category","embeddable":true,"href":"https:\/\/www.organisator.ch\/fr\/wp-json\/wp\/v2\/categories?post=28327"},{"taxonomy":"post_tag","embeddable":true,"href":"https:\/\/www.organisator.ch\/fr\/wp-json\/wp\/v2\/tags?post=28327"}],"curies":[{"name":"wp","href":"https:\/\/api.w.org\/{rel}","templated":true}]}}