{"id":2834,"date":"2020-02-09T10:55:12","date_gmt":"2020-02-09T09:55:12","guid":{"rendered":"https:\/\/www.umweltperspektiven.ch\/?p=2834"},"modified":"2022-02-09T11:06:50","modified_gmt":"2022-02-09T10:06:50","slug":"treibhausgasemissionen-des-schweizer-industriesektors-hoeher-als-angenommen","status":"publish","type":"post","link":"https:\/\/www.organisator.ch\/fr\/sustainability\/2020-02-09\/treibhausgasemissionen-des-schweizer-industriesektors-hoeher-als-angenommen\/","title":{"rendered":"Les \u00e9missions de gaz \u00e0 effet de serre du secteur industriel suisse plus \u00e9lev\u00e9es que pr\u00e9vu"},"content":{"rendered":"<figure id=\"attachment_2835\" aria-describedby=\"caption-attachment-2835\" style=\"width: 680px\" class=\"wp-caption alignnone\"><img loading=\"lazy\" decoding=\"async\" class=\"size-medium wp-image-2835\" src=\"\/\/www.umweltperspektiven.ch\/wp-content\/uploads\/2020\/02\/Lonza.jpg\" alt=\"\" width=\"680\" height=\"496\" \/><figcaption id=\"caption-attachment-2835\" class=\"wp-caption-text\">La Suisse remettra des certificats \u00e9trangers afin d'atteindre malgr\u00e9 tout ses objectifs climatiques internationaux pour la p\u00e9riode 2013-2020. (Image : Tour Lonza \u00e0 B\u00e2le)<\/figcaption><\/figure>\n<p>Les \u00e9missions de protoxyde d'azote de la Lonza, qui s'\u00e9l\u00e8vent \u00e0 environ 600 000 tonnes d'\u00e9quivalents CO2 (CO2-eq) par an, repr\u00e9sentent environ 1 % des \u00e9missions annuelles de gaz \u00e0 effet de serre de la Suisse. L'entreprise les a constat\u00e9es au printemps 2018 lors d'une mesure de contr\u00f4le sur son site de production de Vi\u00e8ge (VS) et les a ensuite signal\u00e9es \u00e0 l'Office f\u00e9d\u00e9ral de l'environnement (OFEV). L'OFEV a ensuite pu prouver la source du protoxyde d'azote dans une expertise ind\u00e9pendante. Lonza est int\u00e9gr\u00e9e dans le syst\u00e8me suisse d'\u00e9change de quotas d'\u00e9mission (ETS) et doit d\u00e9sormais \u00e9galement remettre \u00e0 la Conf\u00e9d\u00e9ration les droits d'\u00e9mission n\u00e9cessaires pour ces \u00e9missions ou, dans une mesure limit\u00e9e, des certificats \u00e9trangers.<\/p>\n<p>Le protoxyde d'azote, nuisible au climat, est produit lors de la production de la vitamine niacine. L'installation de production de Lonza est en service depuis 1971. Les \u00e9missions de gaz hilarant ne sont pas r\u00e9glement\u00e9es par l'ordonnance sur la protection de l'air. C'est pourquoi Lonza ne les a pas \u00e9tudi\u00e9es dans le cadre de la production de vitamines. Lonza s'est engag\u00e9e aupr\u00e8s de l'OFEV \u00e0 installer, au plus tard fin 2021, un catalyseur qui r\u00e9duise ces \u00e9missions d'au moins 98%. L'entreprise a pris les mesures n\u00e9cessaires \u00e0 cet effet.<\/p>\n<h3>Impact sur les objectifs climatiques de la Suisse<\/h3>\n<p>Au niveau international, la Suisse s'est engag\u00e9e, dans le cadre du protocole de Kyoto, \u00e0 r\u00e9duire ses \u00e9missions de 15,8 % en moyenne entre 2013 et 2020 par rapport au niveau de 1990. En raison des r\u00e8gles internationales, la valeur de d\u00e9part de 1990 ne peut pas \u00eatre adapt\u00e9e r\u00e9troactivement. Les quelque 600 000 tonnes de CO2-eq suppl\u00e9mentaires par an doivent donc \u00eatre comptabilis\u00e9es pendant toute la p\u00e9riode d'engagement et ont un impact n\u00e9gatif sur la r\u00e9alisation des objectifs climatiques de la Suisse.<br \/>\nAfin d'atteindre malgr\u00e9 tout l'objectif du Protocole de Kyoto, la Fondation Centime Climatique va acqu\u00e9rir des certificats \u00e9trangers pour un volume de 5 millions de tonnes de CO2 et les transf\u00e9rer \u00e0 la Conf\u00e9d\u00e9ration. La Fondation utilisera \u00e0 cet effet une partie du patrimoine de la Fondation restant apr\u00e8s l'accomplissement de ses obligations contractuelles. L'objectif national de r\u00e9duction fix\u00e9 par la loi sur le CO2 est de 20% en 2020 par rapport \u00e0 1990. Cet objectif, qui doit \u00eatre atteint exclusivement par des mesures prises en Suisse, est d\u00e9sormais renforc\u00e9 de 600'000 tonnes de CO2-eq.<\/p>\n<p class=\"nsbtextkasten\"><strong>Comment l'inventaire national des gaz \u00e0 effet de serre est-il \u00e9tabli ?<\/strong><br \/>\nL'inventaire des gaz \u00e0 effet de serre est une statistique compl\u00e8te des \u00e9missions selon les directives de la convention climatique des Nations Unies. Les \u00e9missions de gaz \u00e0 effet de serre provenant de l'utilisation de sources d'\u00e9nergie fossiles (p. ex. charbon, p\u00e9trole, gaz naturel) sont calcul\u00e9es \u00e0 partir de la consommation d'\u00e9nergie selon la statistique globale de l'\u00e9nergie de l'Office f\u00e9d\u00e9ral de l'\u00e9nergie. Les \u00e9missions de gaz \u00e0 effet de serre provenant de grandes installations industrielles, comme c'est le cas pour les \u00e9missions de protoxyde d'azote de la Lonza, sont relev\u00e9es par les entreprises concern\u00e9es elles-m\u00eames et communiqu\u00e9es \u00e0 l'OFEV dans le cadre de leur rapport annuel. L'inventaire des gaz \u00e0 effet de serre pour l'ann\u00e9e 2018 sera publi\u00e9 en avril 2020.<\/p>\n<p>Gauche :<\/p>\n<div class=\"tab-content tab-border\">\n<div id=\"links\" class=\"tab-pane active\" role=\"tabpanel\" aria-hidden=\"false\" aria-labelledby=\"ui-tab-313\">\n<ul class=\"list-unstyled\">\n<li><a class=\"icon icon--after icon--external\" title=\"\" href=\"\/\/www.bafu.admin.ch\/bafu\/de\/home\/themen\/klima\/daten-indikatoren-karten\/daten\/treibhausgasinventar.html\" target=\"_blank\" rel=\"noopener\">OFEV : Inventaire des gaz \u00e0 effet de serre\u00a0<\/a><\/li>\n<li><a class=\"icon icon--after icon--external\" title=\"\" href=\"\/\/www.klimarappen.ch\/\" target=\"_blank\" rel=\"noopener\">Fondation Centime Climatique\u00a0<\/a><\/li>\n<li><a class=\"icon icon--after icon--external\" title=\"\" href=\"\/\/www.lonza.com\/news\" target=\"_blank\" rel=\"noopener\">Communiqu\u00e9 de presse de Lonza AG\u00a0<\/a><\/li>\n<\/ul>\n<\/div>\n<\/div>","protected":false},"excerpt":{"rendered":"<p>Die Lachgasemissionen der Lonza von rund 600&#8217;000 Tonnen CO2-\u00c4quivalenten (CO2-eq) pro Jahr machen rund 1 Prozent des j\u00e4hrlichen Treibhausgasausstosses der Schweiz aus. Das Unternehmen hat diese im Fr\u00fchjahr 2018 bei einer Kontrollmessung am Produktionsstandort in Visp (VS) festgestellt und anschliessend dem Bundesamt f\u00fcr Umwelt (BAFU) gemeldet. Das BAFU konnte daraufhin in einem unabh\u00e4ngigen Gutachten die [&hellip;]<\/p>\n","protected":false},"author":5,"featured_media":9681,"comment_status":"closed","ping_status":"closed","sticky":false,"template":"","format":"standard","meta":{"_acf_changed":false,"_yoast_wpseo_focuskw":"Treibhausgasemissionen","_yoast_wpseo_metadesc":"Die Treibhausgasemissionen des Schweizer Industriesektors liegen j\u00e4hrlich um rund 600'000 Tonnen CO2-\u00c4quivalente h\u00f6her als bisher angenommen.","articlekey":"","footnotes":""},"categories":[580],"tags":[1051,424,2323,2327],"class_list":["post-2834","post","type-post","status-publish","format-standard","has-post-thumbnail","hentry","category-sustainability","tag-emmisionshandel","tag-schweiz","tag-treibhausemissionen","tag-treibhausgasinventar"],"acf":[],"yoast_head":"<!-- This site is optimized with the Yoast SEO plugin v27.5 - https:\/\/yoast.com\/product\/yoast-seo-wordpress\/ -->\n<title>Treibhausgasemissionen des Schweizer Industriesektors h\u00f6her als angenommen - Organisator<\/title>\n<meta name=\"description\" content=\"Die Treibhausgasemissionen des Schweizer Industriesektors liegen j\u00e4hrlich um rund 600&#039;000 Tonnen CO2-\u00c4quivalente h\u00f6her als bisher angenommen.\" \/>\n<meta name=\"robots\" content=\"index, follow, max-snippet:-1, max-image-preview:large, max-video-preview:-1\" \/>\n<link rel=\"canonical\" href=\"https:\/\/www.organisator.ch\/fr\/sustainability\/2020-02-09\/treibhausgasemissionen-des-schweizer-industriesektors-hoeher-als-angenommen\/\" \/>\n<meta property=\"og:locale\" content=\"fr_FR\" \/>\n<meta property=\"og:type\" content=\"article\" \/>\n<meta property=\"og:title\" content=\"Treibhausgasemissionen des Schweizer Industriesektors h\u00f6her als angenommen - Organisator\" \/>\n<meta property=\"og:description\" content=\"Die Treibhausgasemissionen des Schweizer Industriesektors liegen j\u00e4hrlich um rund 600&#039;000 Tonnen CO2-\u00c4quivalente h\u00f6her als bisher angenommen.\" \/>\n<meta property=\"og:url\" content=\"https:\/\/www.organisator.ch\/fr\/sustainability\/2020-02-09\/treibhausgasemissionen-des-schweizer-industriesektors-hoeher-als-angenommen\/\" \/>\n<meta property=\"og:site_name\" content=\"Organisator\" \/>\n<meta property=\"article:publisher\" content=\"https:\/\/www.facebook.com\/OrganisatorFachmagazin\" \/>\n<meta property=\"article:published_time\" content=\"2020-02-09T09:55:12+00:00\" \/>\n<meta property=\"article:modified_time\" content=\"2022-02-09T10:06:50+00:00\" \/>\n<meta property=\"og:image\" content=\"https:\/\/www.organisator.ch\/wp-content\/uploads\/2020\/02\/Lonza-scaled.jpg\" \/>\n\t<meta property=\"og:image:width\" content=\"2560\" \/>\n\t<meta property=\"og:image:height\" content=\"1869\" \/>\n\t<meta property=\"og:image:type\" content=\"image\/jpeg\" \/>\n<meta name=\"author\" content=\"michael.merz\" \/>\n<meta name=\"twitter:card\" content=\"summary_large_image\" \/>\n<script type=\"application\/ld+json\" class=\"yoast-schema-graph\">{\"@context\":\"https:\\\/\\\/schema.org\",\"@graph\":[{\"@type\":\"Article\",\"@id\":\"https:\\\/\\\/www.organisator.ch\\\/sustainability\\\/2020-02-09\\\/treibhausgasemissionen-des-schweizer-industriesektors-hoeher-als-angenommen\\\/#article\",\"isPartOf\":{\"@id\":\"https:\\\/\\\/www.organisator.ch\\\/sustainability\\\/2020-02-09\\\/treibhausgasemissionen-des-schweizer-industriesektors-hoeher-als-angenommen\\\/\"},\"author\":{\"name\":\"michael.merz\",\"@id\":\"https:\\\/\\\/www.organisator.ch\\\/#\\\/schema\\\/person\\\/134708ca9321c57b0362cceb7948ffbd\"},\"headline\":\"Treibhausgasemissionen des Schweizer Industriesektors h\u00f6her als angenommen\",\"datePublished\":\"2020-02-09T09:55:12+00:00\",\"dateModified\":\"2022-02-09T10:06:50+00:00\",\"mainEntityOfPage\":{\"@id\":\"https:\\\/\\\/www.organisator.ch\\\/sustainability\\\/2020-02-09\\\/treibhausgasemissionen-des-schweizer-industriesektors-hoeher-als-angenommen\\\/\"},\"wordCount\":453,\"publisher\":{\"@id\":\"https:\\\/\\\/www.organisator.ch\\\/#organization\"},\"image\":{\"@id\":\"https:\\\/\\\/www.organisator.ch\\\/sustainability\\\/2020-02-09\\\/treibhausgasemissionen-des-schweizer-industriesektors-hoeher-als-angenommen\\\/#primaryimage\"},\"thumbnailUrl\":\"https:\\\/\\\/www.organisator.ch\\\/wp-content\\\/uploads\\\/2020\\\/02\\\/Lonza-scaled.jpg\",\"keywords\":[\"Emmisionshandel\",\"Schweiz\",\"Treibhausemissionen\",\"Treibhausgasinventar\"],\"articleSection\":[\"SUSTAINABILITY\"],\"inLanguage\":\"fr-FR\"},{\"@type\":\"WebPage\",\"@id\":\"https:\\\/\\\/www.organisator.ch\\\/sustainability\\\/2020-02-09\\\/treibhausgasemissionen-des-schweizer-industriesektors-hoeher-als-angenommen\\\/\",\"url\":\"https:\\\/\\\/www.organisator.ch\\\/sustainability\\\/2020-02-09\\\/treibhausgasemissionen-des-schweizer-industriesektors-hoeher-als-angenommen\\\/\",\"name\":\"Treibhausgasemissionen des Schweizer Industriesektors h\u00f6her als angenommen - Organisator\",\"isPartOf\":{\"@id\":\"https:\\\/\\\/www.organisator.ch\\\/#website\"},\"primaryImageOfPage\":{\"@id\":\"https:\\\/\\\/www.organisator.ch\\\/sustainability\\\/2020-02-09\\\/treibhausgasemissionen-des-schweizer-industriesektors-hoeher-als-angenommen\\\/#primaryimage\"},\"image\":{\"@id\":\"https:\\\/\\\/www.organisator.ch\\\/sustainability\\\/2020-02-09\\\/treibhausgasemissionen-des-schweizer-industriesektors-hoeher-als-angenommen\\\/#primaryimage\"},\"thumbnailUrl\":\"https:\\\/\\\/www.organisator.ch\\\/wp-content\\\/uploads\\\/2020\\\/02\\\/Lonza-scaled.jpg\",\"datePublished\":\"2020-02-09T09:55:12+00:00\",\"dateModified\":\"2022-02-09T10:06:50+00:00\",\"description\":\"Die Treibhausgasemissionen des Schweizer Industriesektors liegen j\u00e4hrlich um rund 600'000 Tonnen CO2-\u00c4quivalente h\u00f6her als bisher angenommen.\",\"breadcrumb\":{\"@id\":\"https:\\\/\\\/www.organisator.ch\\\/sustainability\\\/2020-02-09\\\/treibhausgasemissionen-des-schweizer-industriesektors-hoeher-als-angenommen\\\/#breadcrumb\"},\"inLanguage\":\"fr-FR\",\"potentialAction\":[{\"@type\":\"ReadAction\",\"target\":[\"https:\\\/\\\/www.organisator.ch\\\/sustainability\\\/2020-02-09\\\/treibhausgasemissionen-des-schweizer-industriesektors-hoeher-als-angenommen\\\/\"]}]},{\"@type\":\"ImageObject\",\"inLanguage\":\"fr-FR\",\"@id\":\"https:\\\/\\\/www.organisator.ch\\\/sustainability\\\/2020-02-09\\\/treibhausgasemissionen-des-schweizer-industriesektors-hoeher-als-angenommen\\\/#primaryimage\",\"url\":\"https:\\\/\\\/www.organisator.ch\\\/wp-content\\\/uploads\\\/2020\\\/02\\\/Lonza-scaled.jpg\",\"contentUrl\":\"https:\\\/\\\/www.organisator.ch\\\/wp-content\\\/uploads\\\/2020\\\/02\\\/Lonza-scaled.jpg\",\"width\":2560,\"height\":1869,\"caption\":\"Die Schweiz wird ausl\u00e4ndische Zertifikate abgeben, um ihre internationalen Klimaziele f\u00fcr den Zeitraum von 2013-2020 dennoch zu erreichen. (Bild: Lonza Hochhaus Basel)\"},{\"@type\":\"BreadcrumbList\",\"@id\":\"https:\\\/\\\/www.organisator.ch\\\/sustainability\\\/2020-02-09\\\/treibhausgasemissionen-des-schweizer-industriesektors-hoeher-als-angenommen\\\/#breadcrumb\",\"itemListElement\":[{\"@type\":\"ListItem\",\"position\":1,\"name\":\"Home\",\"item\":\"https:\\\/\\\/www.organisator.ch\\\/\"},{\"@type\":\"ListItem\",\"position\":2,\"name\":\"Treibhausgasemissionen des Schweizer Industriesektors h\u00f6her als angenommen\"}]},{\"@type\":\"WebSite\",\"@id\":\"https:\\\/\\\/www.organisator.ch\\\/#website\",\"url\":\"https:\\\/\\\/www.organisator.ch\\\/\",\"name\":\"Organisator\",\"description\":\"Kompetent. Praxisnah. Der ORGANISATOR bereitet in 10 Ausgaben pro Jahr die wesentlichen Themen f\u00fcr F\u00fchrungskr\u00e4fte von KMU auf.\",\"publisher\":{\"@id\":\"https:\\\/\\\/www.organisator.ch\\\/#organization\"},\"potentialAction\":[{\"@type\":\"SearchAction\",\"target\":{\"@type\":\"EntryPoint\",\"urlTemplate\":\"https:\\\/\\\/www.organisator.ch\\\/?s={search_term_string}\"},\"query-input\":{\"@type\":\"PropertyValueSpecification\",\"valueRequired\":true,\"valueName\":\"search_term_string\"}}],\"inLanguage\":\"fr-FR\"},{\"@type\":\"Organization\",\"@id\":\"https:\\\/\\\/www.organisator.ch\\\/#organization\",\"name\":\"Organisator\",\"url\":\"https:\\\/\\\/www.organisator.ch\\\/\",\"logo\":{\"@type\":\"ImageObject\",\"inLanguage\":\"fr-FR\",\"@id\":\"https:\\\/\\\/www.organisator.ch\\\/#\\\/schema\\\/logo\\\/image\\\/\",\"url\":\"https:\\\/\\\/www.organisator.ch\\\/wp-content\\\/uploads\\\/2022\\\/01\\\/Logo_Organisator_Website.png\",\"contentUrl\":\"https:\\\/\\\/www.organisator.ch\\\/wp-content\\\/uploads\\\/2022\\\/01\\\/Logo_Organisator_Website.png\",\"width\":800,\"height\":77,\"caption\":\"Organisator\"},\"image\":{\"@id\":\"https:\\\/\\\/www.organisator.ch\\\/#\\\/schema\\\/logo\\\/image\\\/\"},\"sameAs\":[\"https:\\\/\\\/www.facebook.com\\\/OrganisatorFachmagazin\",\"https:\\\/\\\/www.linkedin.com\\\/showcase\\\/organisator-das-magazin-fr-kmu\",\"https:\\\/\\\/www.xing.com\\\/news\\\/pages\\\/organisator-ch-695\",\"https:\\\/\\\/www.youtube.com\\\/channel\\\/UCGP2Sq0iWaZwT3BdIAQFYpw\"]},{\"@type\":\"Person\",\"@id\":\"https:\\\/\\\/www.organisator.ch\\\/#\\\/schema\\\/person\\\/134708ca9321c57b0362cceb7948ffbd\",\"name\":\"michael.merz\",\"image\":{\"@type\":\"ImageObject\",\"inLanguage\":\"fr-FR\",\"@id\":\"https:\\\/\\\/secure.gravatar.com\\\/avatar\\\/?s=96&d=mm&r=g\",\"url\":\"https:\\\/\\\/secure.gravatar.com\\\/avatar\\\/?s=96&d=mm&r=g\",\"contentUrl\":\"https:\\\/\\\/secure.gravatar.com\\\/avatar\\\/?s=96&d=mm&r=g\",\"caption\":\"michael.merz\"},\"url\":\"https:\\\/\\\/www.organisator.ch\\\/fr\\\/author\\\/michael-merz\\\/\"}]}<\/script>\n<!-- \/ Yoast SEO plugin. -->","yoast_head_json":{"title":"Les \u00e9missions de gaz \u00e0 effet de serre du secteur industriel suisse plus \u00e9lev\u00e9es que pr\u00e9vu - Organisateur","description":"Les \u00e9missions de gaz \u00e0 effet de serre du secteur industriel suisse sont chaque ann\u00e9e sup\u00e9rieures d'environ 600 000 tonnes d'\u00e9quivalents CO2 \u00e0 ce qui \u00e9tait estim\u00e9 jusqu'\u00e0 pr\u00e9sent.","robots":{"index":"index","follow":"follow","max-snippet":"max-snippet:-1","max-image-preview":"max-image-preview:large","max-video-preview":"max-video-preview:-1"},"canonical":"https:\/\/www.organisator.ch\/fr\/sustainability\/2020-02-09\/treibhausgasemissionen-des-schweizer-industriesektors-hoeher-als-angenommen\/","og_locale":"fr_FR","og_type":"article","og_title":"Treibhausgasemissionen des Schweizer Industriesektors h\u00f6her als angenommen - Organisator","og_description":"Die Treibhausgasemissionen des Schweizer Industriesektors liegen j\u00e4hrlich um rund 600'000 Tonnen CO2-\u00c4quivalente h\u00f6her als bisher angenommen.","og_url":"https:\/\/www.organisator.ch\/fr\/sustainability\/2020-02-09\/treibhausgasemissionen-des-schweizer-industriesektors-hoeher-als-angenommen\/","og_site_name":"Organisator","article_publisher":"https:\/\/www.facebook.com\/OrganisatorFachmagazin","article_published_time":"2020-02-09T09:55:12+00:00","article_modified_time":"2022-02-09T10:06:50+00:00","og_image":[{"width":2560,"height":1869,"url":"https:\/\/www.organisator.ch\/wp-content\/uploads\/2020\/02\/Lonza-scaled.jpg","type":"image\/jpeg"}],"author":"michael.merz","twitter_card":"summary_large_image","schema":{"@context":"https:\/\/schema.org","@graph":[{"@type":"Article","@id":"https:\/\/www.organisator.ch\/sustainability\/2020-02-09\/treibhausgasemissionen-des-schweizer-industriesektors-hoeher-als-angenommen\/#article","isPartOf":{"@id":"https:\/\/www.organisator.ch\/sustainability\/2020-02-09\/treibhausgasemissionen-des-schweizer-industriesektors-hoeher-als-angenommen\/"},"author":{"name":"michael.merz","@id":"https:\/\/www.organisator.ch\/#\/schema\/person\/134708ca9321c57b0362cceb7948ffbd"},"headline":"Treibhausgasemissionen des Schweizer Industriesektors h\u00f6her als angenommen","datePublished":"2020-02-09T09:55:12+00:00","dateModified":"2022-02-09T10:06:50+00:00","mainEntityOfPage":{"@id":"https:\/\/www.organisator.ch\/sustainability\/2020-02-09\/treibhausgasemissionen-des-schweizer-industriesektors-hoeher-als-angenommen\/"},"wordCount":453,"publisher":{"@id":"https:\/\/www.organisator.ch\/#organization"},"image":{"@id":"https:\/\/www.organisator.ch\/sustainability\/2020-02-09\/treibhausgasemissionen-des-schweizer-industriesektors-hoeher-als-angenommen\/#primaryimage"},"thumbnailUrl":"https:\/\/www.organisator.ch\/wp-content\/uploads\/2020\/02\/Lonza-scaled.jpg","keywords":["Emmisionshandel","Schweiz","Treibhausemissionen","Treibhausgasinventar"],"articleSection":["SUSTAINABILITY"],"inLanguage":"fr-FR"},{"@type":"WebPage","@id":"https:\/\/www.organisator.ch\/sustainability\/2020-02-09\/treibhausgasemissionen-des-schweizer-industriesektors-hoeher-als-angenommen\/","url":"https:\/\/www.organisator.ch\/sustainability\/2020-02-09\/treibhausgasemissionen-des-schweizer-industriesektors-hoeher-als-angenommen\/","name":"Les \u00e9missions de gaz \u00e0 effet de serre du secteur industriel suisse plus \u00e9lev\u00e9es que pr\u00e9vu - Organisateur","isPartOf":{"@id":"https:\/\/www.organisator.ch\/#website"},"primaryImageOfPage":{"@id":"https:\/\/www.organisator.ch\/sustainability\/2020-02-09\/treibhausgasemissionen-des-schweizer-industriesektors-hoeher-als-angenommen\/#primaryimage"},"image":{"@id":"https:\/\/www.organisator.ch\/sustainability\/2020-02-09\/treibhausgasemissionen-des-schweizer-industriesektors-hoeher-als-angenommen\/#primaryimage"},"thumbnailUrl":"https:\/\/www.organisator.ch\/wp-content\/uploads\/2020\/02\/Lonza-scaled.jpg","datePublished":"2020-02-09T09:55:12+00:00","dateModified":"2022-02-09T10:06:50+00:00","description":"Les \u00e9missions de gaz \u00e0 effet de serre du secteur industriel suisse sont chaque ann\u00e9e sup\u00e9rieures d'environ 600 000 tonnes d'\u00e9quivalents CO2 \u00e0 ce qui \u00e9tait estim\u00e9 jusqu'\u00e0 pr\u00e9sent.","breadcrumb":{"@id":"https:\/\/www.organisator.ch\/sustainability\/2020-02-09\/treibhausgasemissionen-des-schweizer-industriesektors-hoeher-als-angenommen\/#breadcrumb"},"inLanguage":"fr-FR","potentialAction":[{"@type":"ReadAction","target":["https:\/\/www.organisator.ch\/sustainability\/2020-02-09\/treibhausgasemissionen-des-schweizer-industriesektors-hoeher-als-angenommen\/"]}]},{"@type":"ImageObject","inLanguage":"fr-FR","@id":"https:\/\/www.organisator.ch\/sustainability\/2020-02-09\/treibhausgasemissionen-des-schweizer-industriesektors-hoeher-als-angenommen\/#primaryimage","url":"https:\/\/www.organisator.ch\/wp-content\/uploads\/2020\/02\/Lonza-scaled.jpg","contentUrl":"https:\/\/www.organisator.ch\/wp-content\/uploads\/2020\/02\/Lonza-scaled.jpg","width":2560,"height":1869,"caption":"Die Schweiz wird ausl\u00e4ndische Zertifikate abgeben, um ihre internationalen Klimaziele f\u00fcr den Zeitraum von 2013-2020 dennoch zu erreichen. (Bild: Lonza Hochhaus Basel)"},{"@type":"BreadcrumbList","@id":"https:\/\/www.organisator.ch\/sustainability\/2020-02-09\/treibhausgasemissionen-des-schweizer-industriesektors-hoeher-als-angenommen\/#breadcrumb","itemListElement":[{"@type":"ListItem","position":1,"name":"Home","item":"https:\/\/www.organisator.ch\/"},{"@type":"ListItem","position":2,"name":"Treibhausgasemissionen des Schweizer Industriesektors h\u00f6her als angenommen"}]},{"@type":"WebSite","@id":"https:\/\/www.organisator.ch\/#website","url":"https:\/\/www.organisator.ch\/","name":"Organisateur","description":"Comp\u00e9tence et comp\u00e9tence. Proches de la pratique. L'ORGANISATEUR pr\u00e9pare 10 num\u00e9ros par an sur les th\u00e8mes essentiels pour les dirigeants de PME.","publisher":{"@id":"https:\/\/www.organisator.ch\/#organization"},"potentialAction":[{"@type":"SearchAction","target":{"@type":"EntryPoint","urlTemplate":"https:\/\/www.organisator.ch\/?s={search_term_string}"},"query-input":{"@type":"PropertyValueSpecification","valueRequired":true,"valueName":"search_term_string"}}],"inLanguage":"fr-FR"},{"@type":"Organization","@id":"https:\/\/www.organisator.ch\/#organization","name":"Organisateur","url":"https:\/\/www.organisator.ch\/","logo":{"@type":"ImageObject","inLanguage":"fr-FR","@id":"https:\/\/www.organisator.ch\/#\/schema\/logo\/image\/","url":"https:\/\/www.organisator.ch\/wp-content\/uploads\/2022\/01\/Logo_Organisator_Website.png","contentUrl":"https:\/\/www.organisator.ch\/wp-content\/uploads\/2022\/01\/Logo_Organisator_Website.png","width":800,"height":77,"caption":"Organisator"},"image":{"@id":"https:\/\/www.organisator.ch\/#\/schema\/logo\/image\/"},"sameAs":["https:\/\/www.facebook.com\/OrganisatorFachmagazin","https:\/\/www.linkedin.com\/showcase\/organisator-das-magazin-fr-kmu","https:\/\/www.xing.com\/news\/pages\/organisator-ch-695","https:\/\/www.youtube.com\/channel\/UCGP2Sq0iWaZwT3BdIAQFYpw"]},{"@type":"Person","@id":"https:\/\/www.organisator.ch\/#\/schema\/person\/134708ca9321c57b0362cceb7948ffbd","name":"michael.merz","image":{"@type":"ImageObject","inLanguage":"fr-FR","@id":"https:\/\/secure.gravatar.com\/avatar\/?s=96&d=mm&r=g","url":"https:\/\/secure.gravatar.com\/avatar\/?s=96&d=mm&r=g","contentUrl":"https:\/\/secure.gravatar.com\/avatar\/?s=96&d=mm&r=g","caption":"michael.merz"},"url":"https:\/\/www.organisator.ch\/fr\/author\/michael-merz\/"}]}},"_links":{"self":[{"href":"https:\/\/www.organisator.ch\/fr\/wp-json\/wp\/v2\/posts\/2834","targetHints":{"allow":["GET"]}}],"collection":[{"href":"https:\/\/www.organisator.ch\/fr\/wp-json\/wp\/v2\/posts"}],"about":[{"href":"https:\/\/www.organisator.ch\/fr\/wp-json\/wp\/v2\/types\/post"}],"author":[{"embeddable":true,"href":"https:\/\/www.organisator.ch\/fr\/wp-json\/wp\/v2\/users\/5"}],"replies":[{"embeddable":true,"href":"https:\/\/www.organisator.ch\/fr\/wp-json\/wp\/v2\/comments?post=2834"}],"version-history":[{"count":1,"href":"https:\/\/www.organisator.ch\/fr\/wp-json\/wp\/v2\/posts\/2834\/revisions"}],"predecessor-version":[{"id":10683,"href":"https:\/\/www.organisator.ch\/fr\/wp-json\/wp\/v2\/posts\/2834\/revisions\/10683"}],"wp:featuredmedia":[{"embeddable":true,"href":"https:\/\/www.organisator.ch\/fr\/wp-json\/wp\/v2\/media\/9681"}],"wp:attachment":[{"href":"https:\/\/www.organisator.ch\/fr\/wp-json\/wp\/v2\/media?parent=2834"}],"wp:term":[{"taxonomy":"category","embeddable":true,"href":"https:\/\/www.organisator.ch\/fr\/wp-json\/wp\/v2\/categories?post=2834"},{"taxonomy":"post_tag","embeddable":true,"href":"https:\/\/www.organisator.ch\/fr\/wp-json\/wp\/v2\/tags?post=2834"}],"curies":[{"name":"wp","href":"https:\/\/api.w.org\/{rel}","templated":true}]}}