{"id":28401,"date":"2024-07-16T12:31:39","date_gmt":"2024-07-16T10:31:39","guid":{"rendered":"https:\/\/www.m-q.ch\/?p=20104"},"modified":"2024-11-10T03:58:09","modified_gmt":"2024-11-10T02:58:09","slug":"dr-silvio-hutterli-in-den-verwaltungsrat-der-bank-cler-gewaehlt","status":"publish","type":"post","link":"https:\/\/www.organisator.ch\/fr\/operational-excellence\/2024-07-16\/dr-silvio-hutterli-in-den-verwaltungsrat-der-bank-cler-gewaehlt\/","title":{"rendered":"Dr. Silvio Hutterli \u00e9lu au Conseil d'administration de la Banque Cler"},"content":{"rendered":"<figure id=\"attachment_20105\" class=\"wp-caption alignnone\" style=\"width: 680px\" aria-describedby=\"caption-attachment-20105\"><img class=\"alignnone wp-image-20105 size-full\" src=\"https:\/\/www.m-q.ch\/wp-content\/uploads\/2024\/07\/Cler-Bank_Bild1_ps-e1721112002807.jpg\" alt=\"Dr. Silvio Hutterli\" width=\"680\" height=\"624\" \/>\r\n<figcaption id=\"caption-attachment-20105\" class=\"wp-caption-text\">Dr Silvio Hutterli a \u00e9t\u00e9 \u00e9lu nouveau membre du Conseil d'administration de la Banque Cler. (Image : www.cler.ch)<\/figcaption>\r\n<\/figure>\r\n<h3><strong>Silvio Hutterli \u00e9lu nouveau membre du conseil d'administration et pr\u00e9sident du comit\u00e9 d'audit<\/strong><\/h3>\r\n<p>Dr. Silvio Hutterli est partenaire du cabinet d'avocats schochauer AG depuis 2019. Il se distingue par une carri\u00e8re impressionnante dans diff\u00e9rents domaines et fonctions du secteur financier. Dans le cadre de cette longue activit\u00e9, Dr Silvio Hutterli a acquis des connaissances av\u00e9r\u00e9es en mati\u00e8re de gestion des risques, de finance ainsi que dans l'environnement juridique et r\u00e9glementaire du secteur financier, de la compliance et de la gouvernance d'entreprise. Gr\u00e2ce \u00e0 sa grande exp\u00e9rience, il soutient id\u00e9alement l'orientation strat\u00e9gique de la Banque Cler.\u00a0<\/p>\r\n<h3><strong>D\u00e9part de Cornelia Gehrig du conseil d'administration<\/strong><\/h3>\r\n<p>Cornelia Gehrig a quitt\u00e9 le conseil d'administration \u00e0 la fin du mois de juin 2024. Elle souhaite se concentrer principalement sur des mandats industriels internationaux. Cornelia Gehrig \u00e9tait membre du conseil d'administration depuis mars 2021. Elle \u00e9tait \u00e9galement pr\u00e9sidente du comit\u00e9 d'audit et membre du comit\u00e9 des risques. La Banque Cler remercie Cornelia Gehrig pour sa collaboration extr\u00eamement pr\u00e9cieuse au sein de l'organe de direction supr\u00eame de la banque.\u00a0<\/p>\r\n<h3><strong>Maya Salzmann et le professeur Dr. Christian Wunderlin ne se repr\u00e9sentent pas<\/strong><\/h3>\r\n<p>Maya Salzmann et le professeur Christian Wunderlin ne se repr\u00e9senteront pas au conseil d'administration lors de la prochaine assembl\u00e9e g\u00e9n\u00e9rale ordinaire de 2025. Maya Salzmann est membre du conseil d'administration et membre du comit\u00e9 d'audit depuis juin 2019. Le professeur Christian Wunderlin est membre du conseil d'administration depuis avril 2015 et pr\u00e9sident du comit\u00e9 des risques depuis avril 2017. Il remet son mandat \u00e0 disposition apr\u00e8s dix ans d'exercice.<\/p>\r\n<p><em>Source : <a href=\"http:\/\/www.cler.ch\/\">www.cler.ch<\/a><\/em><\/p>\n<p class=\"syndicated-attribution\">Cet article est paru initialement sur m-q.ch - <a href=\"https:\/\/www.m-q.ch\/de\/dr-silvio-hutterli-in-den-verwaltungsrat-der-bank-cler-gewaehlt\/\" target=\"_blank\">https:\/\/www.m-q.ch\/de\/dr-silvio-hutterli-in-den-verwaltungsrat-der-bank-cler-gewaehlt\/<\/a><\/p>","protected":false},"excerpt":{"rendered":"<p>Lors de l'assembl\u00e9e g\u00e9n\u00e9rale extraordinaire de la Banque Cler du 15 juillet 2024, le Dr Silvio Hutterli a \u00e9t\u00e9 \u00e9lu nouveau membre du Conseil d'administration. Il assumera en outre la pr\u00e9sidence du comit\u00e9 d'audit. Gr\u00e2ce \u00e0 sa grande exp\u00e9rience dans le secteur financier, il soutient id\u00e9alement l'orientation strat\u00e9gique de la Banque Cler. Il succ\u00e8de \u00e0 Cornelia Gehrig, qui a quitt\u00e9 le Conseil d'administration fin juin 2024.<\/p>","protected":false},"author":58,"featured_media":0,"comment_status":"closed","ping_status":"closed","sticky":false,"template":"","format":"standard","meta":{"_acf_changed":false,"_yoast_wpseo_focuskw":"Dr. Silvio Hutterli","_yoast_wpseo_metadesc":"Dr. Silvio Hutterli neues Verwaltungsratsmitglied und Vorsitzender des Pr\u00fcfungsausschusses der Bank Cler. Wechsel im F\u00fchrungsteam.","articlekey":"","footnotes":""},"categories":[582],"tags":[418,492,2471],"class_list":["post-28401","post","type-post","status-publish","format-standard","hentry","category-operational-excellence","tag-risikomanagement","tag-unternehmen","tag-verwaltungsrat"],"acf":[],"yoast_head":"<!-- This site is optimized with the Yoast SEO plugin v27.5 - https:\/\/yoast.com\/product\/yoast-seo-wordpress\/ -->\n<title>Dr. Silvio Hutterli in den Verwaltungsrat der Bank Cler gew\u00e4hlt - Organisator<\/title>\n<meta name=\"description\" content=\"Dr. Silvio Hutterli neues Verwaltungsratsmitglied und Vorsitzender des Pr\u00fcfungsausschusses der Bank Cler. Wechsel im F\u00fchrungsteam.\" \/>\n<meta name=\"robots\" content=\"index, follow, max-snippet:-1, max-image-preview:large, max-video-preview:-1\" \/>\n<link rel=\"canonical\" href=\"https:\/\/www.organisator.ch\/fr\/excellence-operationnelle\/2024-07-16\/dr-silvio-hutterli-in-den-verwaltungsrat-der-bank-cler-gewaehlt\/\" \/>\n<meta property=\"og:locale\" content=\"fr_FR\" \/>\n<meta property=\"og:type\" content=\"article\" \/>\n<meta property=\"og:title\" content=\"Dr. Silvio Hutterli in den Verwaltungsrat der Bank Cler gew\u00e4hlt - Organisator\" \/>\n<meta property=\"og:description\" content=\"Dr. Silvio Hutterli neues Verwaltungsratsmitglied und Vorsitzender des Pr\u00fcfungsausschusses der Bank Cler. Wechsel im F\u00fchrungsteam.\" \/>\n<meta property=\"og:url\" content=\"https:\/\/www.organisator.ch\/fr\/excellence-operationnelle\/2024-07-16\/dr-silvio-hutterli-in-den-verwaltungsrat-der-bank-cler-gewaehlt\/\" \/>\n<meta property=\"og:site_name\" content=\"Organisator\" \/>\n<meta property=\"article:publisher\" content=\"https:\/\/www.facebook.com\/OrganisatorFachmagazin\" \/>\n<meta property=\"article:published_time\" content=\"2024-07-16T10:31:39+00:00\" \/>\n<meta property=\"article:modified_time\" content=\"2024-11-10T02:58:09+00:00\" \/>\n<meta property=\"og:image\" content=\"https:\/\/www.m-q.ch\/wp-content\/uploads\/2024\/07\/Cler-Bank_Bild1_ps-e1721112002807.jpg\" \/>\n<meta name=\"author\" content=\"Adelisa Kalajdzini\" \/>\n<meta name=\"twitter:card\" content=\"summary_large_image\" \/>\n<script type=\"application\/ld+json\" class=\"yoast-schema-graph\">{\"@context\":\"https:\\\/\\\/schema.org\",\"@graph\":[{\"@type\":\"Article\",\"@id\":\"https:\\\/\\\/www.organisator.ch\\\/operational-excellence\\\/2024-07-16\\\/dr-silvio-hutterli-in-den-verwaltungsrat-der-bank-cler-gewaehlt\\\/#article\",\"isPartOf\":{\"@id\":\"https:\\\/\\\/www.organisator.ch\\\/operational-excellence\\\/2024-07-16\\\/dr-silvio-hutterli-in-den-verwaltungsrat-der-bank-cler-gewaehlt\\\/\"},\"author\":{\"name\":\"Adelisa Kalajdzini\",\"@id\":\"https:\\\/\\\/www.organisator.ch\\\/#\\\/schema\\\/person\\\/2e1314a2172123f874db408d8911d3f3\"},\"headline\":\"Dr. Silvio Hutterli in den Verwaltungsrat der Bank Cler gew\u00e4hlt\",\"datePublished\":\"2024-07-16T10:31:39+00:00\",\"dateModified\":\"2024-11-10T02:58:09+00:00\",\"mainEntityOfPage\":{\"@id\":\"https:\\\/\\\/www.organisator.ch\\\/operational-excellence\\\/2024-07-16\\\/dr-silvio-hutterli-in-den-verwaltungsrat-der-bank-cler-gewaehlt\\\/\"},\"wordCount\":270,\"publisher\":{\"@id\":\"https:\\\/\\\/www.organisator.ch\\\/#organization\"},\"image\":{\"@id\":\"https:\\\/\\\/www.organisator.ch\\\/operational-excellence\\\/2024-07-16\\\/dr-silvio-hutterli-in-den-verwaltungsrat-der-bank-cler-gewaehlt\\\/#primaryimage\"},\"thumbnailUrl\":\"https:\\\/\\\/www.m-q.ch\\\/wp-content\\\/uploads\\\/2024\\\/07\\\/Cler-Bank_Bild1_ps-e1721112002807.jpg\",\"keywords\":[\"Risikomanagement\",\"Unternehmen\",\"Verwaltungsrat\"],\"articleSection\":[\"OPERATIONAL EXCELLENCE\"],\"inLanguage\":\"fr-FR\"},{\"@type\":\"WebPage\",\"@id\":\"https:\\\/\\\/www.organisator.ch\\\/operational-excellence\\\/2024-07-16\\\/dr-silvio-hutterli-in-den-verwaltungsrat-der-bank-cler-gewaehlt\\\/\",\"url\":\"https:\\\/\\\/www.organisator.ch\\\/operational-excellence\\\/2024-07-16\\\/dr-silvio-hutterli-in-den-verwaltungsrat-der-bank-cler-gewaehlt\\\/\",\"name\":\"Dr. Silvio Hutterli in den Verwaltungsrat der Bank Cler gew\u00e4hlt - Organisator\",\"isPartOf\":{\"@id\":\"https:\\\/\\\/www.organisator.ch\\\/#website\"},\"primaryImageOfPage\":{\"@id\":\"https:\\\/\\\/www.organisator.ch\\\/operational-excellence\\\/2024-07-16\\\/dr-silvio-hutterli-in-den-verwaltungsrat-der-bank-cler-gewaehlt\\\/#primaryimage\"},\"image\":{\"@id\":\"https:\\\/\\\/www.organisator.ch\\\/operational-excellence\\\/2024-07-16\\\/dr-silvio-hutterli-in-den-verwaltungsrat-der-bank-cler-gewaehlt\\\/#primaryimage\"},\"thumbnailUrl\":\"https:\\\/\\\/www.m-q.ch\\\/wp-content\\\/uploads\\\/2024\\\/07\\\/Cler-Bank_Bild1_ps-e1721112002807.jpg\",\"datePublished\":\"2024-07-16T10:31:39+00:00\",\"dateModified\":\"2024-11-10T02:58:09+00:00\",\"description\":\"Dr. Silvio Hutterli neues Verwaltungsratsmitglied und Vorsitzender des Pr\u00fcfungsausschusses der Bank Cler. Wechsel im F\u00fchrungsteam.\",\"breadcrumb\":{\"@id\":\"https:\\\/\\\/www.organisator.ch\\\/operational-excellence\\\/2024-07-16\\\/dr-silvio-hutterli-in-den-verwaltungsrat-der-bank-cler-gewaehlt\\\/#breadcrumb\"},\"inLanguage\":\"fr-FR\",\"potentialAction\":[{\"@type\":\"ReadAction\",\"target\":[\"https:\\\/\\\/www.organisator.ch\\\/operational-excellence\\\/2024-07-16\\\/dr-silvio-hutterli-in-den-verwaltungsrat-der-bank-cler-gewaehlt\\\/\"]}]},{\"@type\":\"ImageObject\",\"inLanguage\":\"fr-FR\",\"@id\":\"https:\\\/\\\/www.organisator.ch\\\/operational-excellence\\\/2024-07-16\\\/dr-silvio-hutterli-in-den-verwaltungsrat-der-bank-cler-gewaehlt\\\/#primaryimage\",\"url\":\"https:\\\/\\\/www.m-q.ch\\\/wp-content\\\/uploads\\\/2024\\\/07\\\/Cler-Bank_Bild1_ps-e1721112002807.jpg\",\"contentUrl\":\"https:\\\/\\\/www.m-q.ch\\\/wp-content\\\/uploads\\\/2024\\\/07\\\/Cler-Bank_Bild1_ps-e1721112002807.jpg\"},{\"@type\":\"BreadcrumbList\",\"@id\":\"https:\\\/\\\/www.organisator.ch\\\/operational-excellence\\\/2024-07-16\\\/dr-silvio-hutterli-in-den-verwaltungsrat-der-bank-cler-gewaehlt\\\/#breadcrumb\",\"itemListElement\":[{\"@type\":\"ListItem\",\"position\":1,\"name\":\"Home\",\"item\":\"https:\\\/\\\/www.organisator.ch\\\/\"},{\"@type\":\"ListItem\",\"position\":2,\"name\":\"Dr. Silvio Hutterli in den Verwaltungsrat der Bank Cler gew\u00e4hlt\"}]},{\"@type\":\"WebSite\",\"@id\":\"https:\\\/\\\/www.organisator.ch\\\/#website\",\"url\":\"https:\\\/\\\/www.organisator.ch\\\/\",\"name\":\"Organisator\",\"description\":\"Kompetent. Praxisnah. Der ORGANISATOR bereitet in 10 Ausgaben pro Jahr die wesentlichen Themen f\u00fcr F\u00fchrungskr\u00e4fte von KMU auf.\",\"publisher\":{\"@id\":\"https:\\\/\\\/www.organisator.ch\\\/#organization\"},\"potentialAction\":[{\"@type\":\"SearchAction\",\"target\":{\"@type\":\"EntryPoint\",\"urlTemplate\":\"https:\\\/\\\/www.organisator.ch\\\/?s={search_term_string}\"},\"query-input\":{\"@type\":\"PropertyValueSpecification\",\"valueRequired\":true,\"valueName\":\"search_term_string\"}}],\"inLanguage\":\"fr-FR\"},{\"@type\":\"Organization\",\"@id\":\"https:\\\/\\\/www.organisator.ch\\\/#organization\",\"name\":\"Organisator\",\"url\":\"https:\\\/\\\/www.organisator.ch\\\/\",\"logo\":{\"@type\":\"ImageObject\",\"inLanguage\":\"fr-FR\",\"@id\":\"https:\\\/\\\/www.organisator.ch\\\/#\\\/schema\\\/logo\\\/image\\\/\",\"url\":\"https:\\\/\\\/www.organisator.ch\\\/wp-content\\\/uploads\\\/2022\\\/01\\\/Logo_Organisator_Website.png\",\"contentUrl\":\"https:\\\/\\\/www.organisator.ch\\\/wp-content\\\/uploads\\\/2022\\\/01\\\/Logo_Organisator_Website.png\",\"width\":800,\"height\":77,\"caption\":\"Organisator\"},\"image\":{\"@id\":\"https:\\\/\\\/www.organisator.ch\\\/#\\\/schema\\\/logo\\\/image\\\/\"},\"sameAs\":[\"https:\\\/\\\/www.facebook.com\\\/OrganisatorFachmagazin\",\"https:\\\/\\\/www.linkedin.com\\\/showcase\\\/organisator-das-magazin-fr-kmu\",\"https:\\\/\\\/www.xing.com\\\/news\\\/pages\\\/organisator-ch-695\",\"https:\\\/\\\/www.youtube.com\\\/channel\\\/UCGP2Sq0iWaZwT3BdIAQFYpw\"]},{\"@type\":\"Person\",\"@id\":\"https:\\\/\\\/www.organisator.ch\\\/#\\\/schema\\\/person\\\/2e1314a2172123f874db408d8911d3f3\",\"name\":\"Adelisa Kalajdzini\",\"image\":{\"@type\":\"ImageObject\",\"inLanguage\":\"fr-FR\",\"@id\":\"https:\\\/\\\/secure.gravatar.com\\\/avatar\\\/09a397c22ac58cad6f160ee8306348599df9df58a8ede73696226897b9fa4b24?s=96&d=mm&r=g\",\"url\":\"https:\\\/\\\/secure.gravatar.com\\\/avatar\\\/09a397c22ac58cad6f160ee8306348599df9df58a8ede73696226897b9fa4b24?s=96&d=mm&r=g\",\"contentUrl\":\"https:\\\/\\\/secure.gravatar.com\\\/avatar\\\/09a397c22ac58cad6f160ee8306348599df9df58a8ede73696226897b9fa4b24?s=96&d=mm&r=g\",\"caption\":\"Adelisa Kalajdzini\"},\"url\":\"https:\\\/\\\/www.organisator.ch\\\/fr\\\/author\\\/adelisa-kalajdzini\\\/\"}]}<\/script>\n<!-- \/ Yoast SEO plugin. -->","yoast_head_json":{"title":"Dr. Silvio Hutterli \u00e9lu au Conseil d'administration de la Banque Cler - Organisateur","description":"Dr Silvio Hutterli, nouveau membre du Conseil d'administration et pr\u00e9sident du Comit\u00e9 d'audit de la Banque Cler. Changement au sein de l'\u00e9quipe de direction.","robots":{"index":"index","follow":"follow","max-snippet":"max-snippet:-1","max-image-preview":"max-image-preview:large","max-video-preview":"max-video-preview:-1"},"canonical":"https:\/\/www.organisator.ch\/fr\/excellence-operationnelle\/2024-07-16\/dr-silvio-hutterli-in-den-verwaltungsrat-der-bank-cler-gewaehlt\/","og_locale":"fr_FR","og_type":"article","og_title":"Dr. Silvio Hutterli in den Verwaltungsrat der Bank Cler gew\u00e4hlt - Organisator","og_description":"Dr. Silvio Hutterli neues Verwaltungsratsmitglied und Vorsitzender des Pr\u00fcfungsausschusses der Bank Cler. Wechsel im F\u00fchrungsteam.","og_url":"https:\/\/www.organisator.ch\/fr\/excellence-operationnelle\/2024-07-16\/dr-silvio-hutterli-in-den-verwaltungsrat-der-bank-cler-gewaehlt\/","og_site_name":"Organisator","article_publisher":"https:\/\/www.facebook.com\/OrganisatorFachmagazin","article_published_time":"2024-07-16T10:31:39+00:00","article_modified_time":"2024-11-10T02:58:09+00:00","og_image":[{"url":"https:\/\/www.m-q.ch\/wp-content\/uploads\/2024\/07\/Cler-Bank_Bild1_ps-e1721112002807.jpg","type":"","width":"","height":""}],"author":"Adelisa Kalajdzini","twitter_card":"summary_large_image","schema":{"@context":"https:\/\/schema.org","@graph":[{"@type":"Article","@id":"https:\/\/www.organisator.ch\/operational-excellence\/2024-07-16\/dr-silvio-hutterli-in-den-verwaltungsrat-der-bank-cler-gewaehlt\/#article","isPartOf":{"@id":"https:\/\/www.organisator.ch\/operational-excellence\/2024-07-16\/dr-silvio-hutterli-in-den-verwaltungsrat-der-bank-cler-gewaehlt\/"},"author":{"name":"Adelisa Kalajdzini","@id":"https:\/\/www.organisator.ch\/#\/schema\/person\/2e1314a2172123f874db408d8911d3f3"},"headline":"Dr. Silvio Hutterli in den Verwaltungsrat der Bank Cler gew\u00e4hlt","datePublished":"2024-07-16T10:31:39+00:00","dateModified":"2024-11-10T02:58:09+00:00","mainEntityOfPage":{"@id":"https:\/\/www.organisator.ch\/operational-excellence\/2024-07-16\/dr-silvio-hutterli-in-den-verwaltungsrat-der-bank-cler-gewaehlt\/"},"wordCount":270,"publisher":{"@id":"https:\/\/www.organisator.ch\/#organization"},"image":{"@id":"https:\/\/www.organisator.ch\/operational-excellence\/2024-07-16\/dr-silvio-hutterli-in-den-verwaltungsrat-der-bank-cler-gewaehlt\/#primaryimage"},"thumbnailUrl":"https:\/\/www.m-q.ch\/wp-content\/uploads\/2024\/07\/Cler-Bank_Bild1_ps-e1721112002807.jpg","keywords":["Risikomanagement","Unternehmen","Verwaltungsrat"],"articleSection":["OPERATIONAL EXCELLENCE"],"inLanguage":"fr-FR"},{"@type":"WebPage","@id":"https:\/\/www.organisator.ch\/operational-excellence\/2024-07-16\/dr-silvio-hutterli-in-den-verwaltungsrat-der-bank-cler-gewaehlt\/","url":"https:\/\/www.organisator.ch\/operational-excellence\/2024-07-16\/dr-silvio-hutterli-in-den-verwaltungsrat-der-bank-cler-gewaehlt\/","name":"Dr. Silvio Hutterli \u00e9lu au Conseil d'administration de la Banque Cler - Organisateur","isPartOf":{"@id":"https:\/\/www.organisator.ch\/#website"},"primaryImageOfPage":{"@id":"https:\/\/www.organisator.ch\/operational-excellence\/2024-07-16\/dr-silvio-hutterli-in-den-verwaltungsrat-der-bank-cler-gewaehlt\/#primaryimage"},"image":{"@id":"https:\/\/www.organisator.ch\/operational-excellence\/2024-07-16\/dr-silvio-hutterli-in-den-verwaltungsrat-der-bank-cler-gewaehlt\/#primaryimage"},"thumbnailUrl":"https:\/\/www.m-q.ch\/wp-content\/uploads\/2024\/07\/Cler-Bank_Bild1_ps-e1721112002807.jpg","datePublished":"2024-07-16T10:31:39+00:00","dateModified":"2024-11-10T02:58:09+00:00","description":"Dr Silvio Hutterli, nouveau membre du Conseil d'administration et pr\u00e9sident du Comit\u00e9 d'audit de la Banque Cler. Changement au sein de l'\u00e9quipe de direction.","breadcrumb":{"@id":"https:\/\/www.organisator.ch\/operational-excellence\/2024-07-16\/dr-silvio-hutterli-in-den-verwaltungsrat-der-bank-cler-gewaehlt\/#breadcrumb"},"inLanguage":"fr-FR","potentialAction":[{"@type":"ReadAction","target":["https:\/\/www.organisator.ch\/operational-excellence\/2024-07-16\/dr-silvio-hutterli-in-den-verwaltungsrat-der-bank-cler-gewaehlt\/"]}]},{"@type":"ImageObject","inLanguage":"fr-FR","@id":"https:\/\/www.organisator.ch\/operational-excellence\/2024-07-16\/dr-silvio-hutterli-in-den-verwaltungsrat-der-bank-cler-gewaehlt\/#primaryimage","url":"https:\/\/www.m-q.ch\/wp-content\/uploads\/2024\/07\/Cler-Bank_Bild1_ps-e1721112002807.jpg","contentUrl":"https:\/\/www.m-q.ch\/wp-content\/uploads\/2024\/07\/Cler-Bank_Bild1_ps-e1721112002807.jpg"},{"@type":"BreadcrumbList","@id":"https:\/\/www.organisator.ch\/operational-excellence\/2024-07-16\/dr-silvio-hutterli-in-den-verwaltungsrat-der-bank-cler-gewaehlt\/#breadcrumb","itemListElement":[{"@type":"ListItem","position":1,"name":"Home","item":"https:\/\/www.organisator.ch\/"},{"@type":"ListItem","position":2,"name":"Dr. Silvio Hutterli in den Verwaltungsrat der Bank Cler gew\u00e4hlt"}]},{"@type":"WebSite","@id":"https:\/\/www.organisator.ch\/#website","url":"https:\/\/www.organisator.ch\/","name":"Organisateur","description":"Comp\u00e9tence et comp\u00e9tence. Proches de la pratique. L'ORGANISATEUR pr\u00e9pare 10 num\u00e9ros par an sur les th\u00e8mes essentiels pour les dirigeants de PME.","publisher":{"@id":"https:\/\/www.organisator.ch\/#organization"},"potentialAction":[{"@type":"SearchAction","target":{"@type":"EntryPoint","urlTemplate":"https:\/\/www.organisator.ch\/?s={search_term_string}"},"query-input":{"@type":"PropertyValueSpecification","valueRequired":true,"valueName":"search_term_string"}}],"inLanguage":"fr-FR"},{"@type":"Organization","@id":"https:\/\/www.organisator.ch\/#organization","name":"Organisateur","url":"https:\/\/www.organisator.ch\/","logo":{"@type":"ImageObject","inLanguage":"fr-FR","@id":"https:\/\/www.organisator.ch\/#\/schema\/logo\/image\/","url":"https:\/\/www.organisator.ch\/wp-content\/uploads\/2022\/01\/Logo_Organisator_Website.png","contentUrl":"https:\/\/www.organisator.ch\/wp-content\/uploads\/2022\/01\/Logo_Organisator_Website.png","width":800,"height":77,"caption":"Organisator"},"image":{"@id":"https:\/\/www.organisator.ch\/#\/schema\/logo\/image\/"},"sameAs":["https:\/\/www.facebook.com\/OrganisatorFachmagazin","https:\/\/www.linkedin.com\/showcase\/organisator-das-magazin-fr-kmu","https:\/\/www.xing.com\/news\/pages\/organisator-ch-695","https:\/\/www.youtube.com\/channel\/UCGP2Sq0iWaZwT3BdIAQFYpw"]},{"@type":"Person","@id":"https:\/\/www.organisator.ch\/#\/schema\/person\/2e1314a2172123f874db408d8911d3f3","name":"Adelisa Kalajdzini","image":{"@type":"ImageObject","inLanguage":"fr-FR","@id":"https:\/\/secure.gravatar.com\/avatar\/09a397c22ac58cad6f160ee8306348599df9df58a8ede73696226897b9fa4b24?s=96&d=mm&r=g","url":"https:\/\/secure.gravatar.com\/avatar\/09a397c22ac58cad6f160ee8306348599df9df58a8ede73696226897b9fa4b24?s=96&d=mm&r=g","contentUrl":"https:\/\/secure.gravatar.com\/avatar\/09a397c22ac58cad6f160ee8306348599df9df58a8ede73696226897b9fa4b24?s=96&d=mm&r=g","caption":"Adelisa Kalajdzini"},"url":"https:\/\/www.organisator.ch\/fr\/author\/adelisa-kalajdzini\/"}]}},"_links":{"self":[{"href":"https:\/\/www.organisator.ch\/fr\/wp-json\/wp\/v2\/posts\/28401","targetHints":{"allow":["GET"]}}],"collection":[{"href":"https:\/\/www.organisator.ch\/fr\/wp-json\/wp\/v2\/posts"}],"about":[{"href":"https:\/\/www.organisator.ch\/fr\/wp-json\/wp\/v2\/types\/post"}],"author":[{"embeddable":true,"href":"https:\/\/www.organisator.ch\/fr\/wp-json\/wp\/v2\/users\/58"}],"replies":[{"embeddable":true,"href":"https:\/\/www.organisator.ch\/fr\/wp-json\/wp\/v2\/comments?post=28401"}],"version-history":[{"count":6,"href":"https:\/\/www.organisator.ch\/fr\/wp-json\/wp\/v2\/posts\/28401\/revisions"}],"predecessor-version":[{"id":32122,"href":"https:\/\/www.organisator.ch\/fr\/wp-json\/wp\/v2\/posts\/28401\/revisions\/32122"}],"wp:attachment":[{"href":"https:\/\/www.organisator.ch\/fr\/wp-json\/wp\/v2\/media?parent=28401"}],"wp:term":[{"taxonomy":"category","embeddable":true,"href":"https:\/\/www.organisator.ch\/fr\/wp-json\/wp\/v2\/categories?post=28401"},{"taxonomy":"post_tag","embeddable":true,"href":"https:\/\/www.organisator.ch\/fr\/wp-json\/wp\/v2\/tags?post=28401"}],"curies":[{"name":"wp","href":"https:\/\/api.w.org\/{rel}","templated":true}]}}