{"id":28452,"date":"2024-07-23T09:57:24","date_gmt":"2024-07-23T07:57:24","guid":{"rendered":"https:\/\/www.organisator.ch\/?p=28452"},"modified":"2024-07-23T09:57:24","modified_gmt":"2024-07-23T07:57:24","slug":"lohnforderungen-2025-kaufkraft-sichern-heisst-existenzen-sichern","status":"publish","type":"post","link":"https:\/\/www.organisator.ch\/fr\/management\/2024-07-23\/lohnforderungen-2025-kaufkraft-sichern-heisst-existenzen-sichern\/","title":{"rendered":"Revendications salariales 2025 : Garantir le pouvoir d'achat, c'est garantir des moyens d'existence"},"content":{"rendered":"<figure id=\"attachment_28453\" aria-describedby=\"caption-attachment-28453\" style=\"width: 680px\" class=\"wp-caption alignnone\"><img loading=\"lazy\" decoding=\"async\" class=\"size-full wp-image-28453\" src=\"https:\/\/www.organisator.ch\/wp-content\/uploads\/2024\/07\/Grafik_Reallohnverlust_Bild1_ps.jpg\" alt=\"\" width=\"680\" height=\"398\" srcset=\"https:\/\/www.organisator.ch\/wp-content\/uploads\/2024\/07\/Grafik_Reallohnverlust_Bild1_ps.jpg 680w, https:\/\/www.organisator.ch\/wp-content\/uploads\/2024\/07\/Grafik_Reallohnverlust_Bild1_ps-18x12.jpg 18w, https:\/\/www.organisator.ch\/wp-content\/uploads\/2024\/07\/Grafik_Reallohnverlust_Bild1_ps-375x219.jpg 375w, https:\/\/www.organisator.ch\/wp-content\/uploads\/2024\/07\/Grafik_Reallohnverlust_Bild1_ps-598x350.jpg 598w\" sizes=\"auto, (max-width: 680px) 100vw, 680px\" \/><figcaption id=\"caption-attachment-28453\" class=\"wp-caption-text\">(Image : Soci\u00e9t\u00e9 suisse des employ\u00e9s de commerce)<\/figcaption><\/figure>\n<p>\"Est-ce que je peux couvrir mes frais de vie ?\" est une question que de nombreuses personnes en Suisse doivent se poser entre-temps. Les modestes augmentations de salaire de ces derni\u00e8res ann\u00e9es ne compensent plus gu\u00e8re la hausse du co\u00fbt de la vie. C'est pourquoi la Soci\u00e9t\u00e9 suisse des employ\u00e9s de commerce demande jusqu'\u00e0 cinq pour cent d'augmentation de salaire. Sa revendication se d\u00e9compose comme suit :<\/p>\n<table>\n<tbody>\n<tr>\n<td width=\"80\">\n<p>\u00a0<strong>3.1% <\/strong><\/p>\n<\/td>\n<td width=\"238\">\n<p><strong>effets de rattrapage cumul\u00e9s depuis 2021 (cf. graphique) <\/strong><\/p>\n<\/td>\n<\/tr>\n<tr>\n<td width=\"80\">\n<p><strong>1.4% <\/strong><\/p>\n<\/td>\n<td width=\"238\">\n<p><strong>Rench\u00e9rissement 2024 (selon l'IPC) <\/strong><\/p>\n<\/td>\n<\/tr>\n<tr>\n<td width=\"80\">\n<p><strong>0.5% <\/strong><\/p>\n<\/td>\n<td width=\"238\">\n<p><strong>Augmentation des salaires r\u00e9els pour renforcer le pouvoir d'achat <\/strong><\/p>\n<\/td>\n<\/tr>\n<\/tbody>\n<\/table>\n<p>Les effets de rattrapage cumul\u00e9s s'appliquent aux entreprises qui n'ont pas accord\u00e9 la pleine compensation du rench\u00e9rissement \u00e0 leurs employ\u00e9s au cours des derni\u00e8res ann\u00e9es. Certes, chaque situation d'entreprise doit \u00eatre consid\u00e9r\u00e9e individuellement, mais la Soci\u00e9t\u00e9 suisse des employ\u00e9s de commerce en est fermement convaincue : les branches \u00e0 bas salaires ne doivent pas faire exception. C'est justement l\u00e0 qu'il faut absolument \u00e9viter une nouvelle perte de salaire r\u00e9el. Dans le contexte \u00e9conomique global, l'augmentation des salaires r\u00e9els de 0,5 pour cent est essentielle pour renforcer le pouvoir d'achat.<\/p>\n<h3>\u00a0<strong>Fini la politique du pav\u00e9 dans la mare <\/strong><\/h3>\n<p>\"De nombreux partenaires de n\u00e9gociation misent malheureusement sur des bons d'achat, des paiements uniques ou des adaptations salariales individuelles - plut\u00f4t que sur une politique salariale durable\", explique Michel Lang, responsable du partenariat social \u00e0 la Soci\u00e9t\u00e9 suisse des employ\u00e9s de commerce. Or, cette politique du pansement ne r\u00e9sout pas le probl\u00e8me de la baisse du pouvoir d'achat, elle ne fait que le cimenter : \"Les entreprises profitent d'une productivit\u00e9 accrue de leurs collaborateurs et font des b\u00e9n\u00e9fices. Alors que de leur c\u00f4t\u00e9, les collaborateurs doivent lutter contre l'augmentation des co\u00fbts et subissent une perte de pouvoir d'achat\", explique Lang.<\/p>\n<p>De plus, le besoin de rattrapage augmente les ann\u00e9es suivantes, ce qui est ensuite reproch\u00e9 n\u00e9gativement aux associations d'employ\u00e9s et aux syndicats lorsqu'ils exigent des revendications salariales \u00e0 hauteur des pourcentages cumul\u00e9s. \"Une politique salariale durable de tous les employeurs emp\u00eacherait une telle politique salariale n\u00e9gative\", d\u00e9clare Lang avec conviction.<\/p>\n<h3><strong>Les bases pour les n\u00e9gociations salariales individuelles sont d\u00e9sormais disponibles gratuitement<\/strong><\/h3>\n<p>En raison de l'urgence du sujet, la Soci\u00e9t\u00e9 suisse des employ\u00e9s de commerce a d\u00e9cid\u00e9 de mettre gratuitement \u00e0 la disposition de toutes les personnes int\u00e9ress\u00e9es son guide \"Recommandations salariales\". Le guide fournit aux employ\u00e9s les bases pour des revendications salariales r\u00e9alistes. Il s'adresse aux personnes travaillant dans le domaine commercial et de la gestion d'entreprise ainsi que dans le commerce de d\u00e9tail. Parall\u00e8lement, la fiche d'information gratuite \"L'entretien salarial\" fournit des conseils importants pour la pr\u00e9paration et la r\u00e9alisation de n\u00e9gociations salariales individuelles.<\/p>\n<h3><strong>Investir dans l'employabilit\u00e9 des collaborateurs <\/strong><\/h3>\n<p>En 2022 d\u00e9j\u00e0, la Soci\u00e9t\u00e9 suisse des employ\u00e9s de commerce demandait aux entreprises d'investir davantage de ressources dans l'employabilit\u00e9 de leurs collaborateurs afin de mieux les pr\u00e9parer pour l'avenir. Avec la disponibilit\u00e9 \u00e0 grande \u00e9chelle de l'intelligence artificielle, les comp\u00e9tences num\u00e9riques deviennent de plus en plus importantes. \"Nous ne pourrons maintenir notre niveau de prosp\u00e9rit\u00e9 en Suisse que si l'employabilit\u00e9 des collaborateurs est renforc\u00e9e et qu'ils sont arm\u00e9s pour r\u00e9pondre aux exigences futures du monde du travail\", a d\u00e9clar\u00e9 Lang.<\/p>\n<p>Pour la Soci\u00e9t\u00e9 suisse des employ\u00e9s de commerce, en tant que centre de comp\u00e9tences pour la formation et la profession, le renforcement de l'employabilit\u00e9 et le principe de l'apprentissage tout au long de la vie sont des pr\u00e9occupations centrales : \"Des formations et des perfectionnements cibl\u00e9s peuvent augmenter les perspectives de carri\u00e8re et de salaire. De plus, les entreprises b\u00e9n\u00e9ficient d'un avantage concurrentiel \u00e9vident lorsqu'elles permettent \u00e0 leur main-d'\u0153uvre d'acqu\u00e9rir de nouvelles comp\u00e9tences\", explique Lang.<\/p>\n<p><em>Source : <a href=\"http:\/\/www.kfmv.ch\">www.kfmv.ch<\/a> \u00a0<\/em><\/p>","protected":false},"excerpt":{"rendered":"<p>L'augmentation du co\u00fbt de la vie s'accompagne d'une perte de pouvoir d'achat pour de nombreux employ\u00e9s. Une nouvelle \u00e9volution n\u00e9gative des salaires r\u00e9els pose des probl\u00e8mes existentiels, en particulier aux collaborateurs des branches \u00e0 bas salaires, mais aussi \u00e0 ceux des segments de salaires moyens. C'est pourquoi la Soci\u00e9t\u00e9 suisse des employ\u00e9s de commerce demande une augmentation g\u00e9n\u00e9rale des salaires allant jusqu'\u00e0 cinq pour cent pour l'ann\u00e9e 2025.<\/p>","protected":false},"author":58,"featured_media":28453,"comment_status":"closed","ping_status":"closed","sticky":false,"template":"","format":"standard","meta":{"_acf_changed":false,"_yoast_wpseo_focuskw":"Lohnforderungen","_yoast_wpseo_metadesc":"Der Kaufm\u00e4nnische Verband Schweiz fordert eine allgemeine Lohnerh\u00f6hung von bis zu f\u00fcnf Prozent f\u00fcr das Jahr 2025.","articlekey":"","footnotes":""},"categories":[28],"tags":[4314,4313,334,492],"class_list":["post-28452","post","type-post","status-publish","format-standard","has-post-thumbnail","hentry","category-management","tag-kaufkraft","tag-lohnforderungen","tag-management","tag-unternehmen"],"acf":[],"yoast_head":"<!-- This site is optimized with the Yoast SEO plugin v27.5 - https:\/\/yoast.com\/product\/yoast-seo-wordpress\/ -->\n<title>Lohnforderungen 2025: Kaufkraft sichern heisst Existenzen sichern - Organisator<\/title>\n<meta name=\"description\" content=\"Der Kaufm\u00e4nnische Verband Schweiz fordert eine allgemeine Lohnerh\u00f6hung von bis zu f\u00fcnf Prozent f\u00fcr das Jahr 2025.\" \/>\n<meta name=\"robots\" content=\"index, follow, max-snippet:-1, max-image-preview:large, max-video-preview:-1\" \/>\n<link rel=\"canonical\" href=\"https:\/\/www.organisator.ch\/fr\/gestion-2\/2024-07-23\/lohnforderungen-2025-kaufkraft-sichern-heisst-existenzen-sichern\/\" \/>\n<meta property=\"og:locale\" content=\"fr_FR\" \/>\n<meta property=\"og:type\" content=\"article\" \/>\n<meta property=\"og:title\" content=\"Lohnforderungen 2025: Kaufkraft sichern heisst Existenzen sichern\" \/>\n<meta property=\"og:description\" content=\"Der Kaufm\u00e4nnische Verband Schweiz fordert eine allgemeine Lohnerh\u00f6hung von bis zu f\u00fcnf Prozent f\u00fcr das Jahr 2025.\" \/>\n<meta property=\"og:url\" content=\"https:\/\/www.organisator.ch\/fr\/gestion-2\/2024-07-23\/lohnforderungen-2025-kaufkraft-sichern-heisst-existenzen-sichern\/\" \/>\n<meta property=\"og:site_name\" content=\"Organisator\" \/>\n<meta property=\"article:publisher\" content=\"https:\/\/www.facebook.com\/OrganisatorFachmagazin\" \/>\n<meta property=\"article:published_time\" content=\"2024-07-23T07:57:24+00:00\" \/>\n<meta property=\"og:image\" content=\"https:\/\/www.organisator.ch\/wp-content\/uploads\/2024\/07\/Grafik_Reallohnverlust_Bild1_ps.jpg\" \/>\n\t<meta property=\"og:image:width\" content=\"680\" \/>\n\t<meta property=\"og:image:height\" content=\"398\" \/>\n\t<meta property=\"og:image:type\" content=\"image\/jpeg\" \/>\n<meta name=\"author\" content=\"Adelisa Kalajdzini\" \/>\n<meta name=\"twitter:card\" content=\"summary_large_image\" \/>\n<meta name=\"twitter:title\" content=\"Lohnforderungen 2025: Kaufkraft sichern heisst Existenzen sichern\" \/>\n<meta name=\"twitter:description\" content=\"Der #Kaufm\u00e4nnische #Verband #Schweiz fordert eine allgemeine #Lohnerh\u00f6hung von bis zu #f\u00fcnf #Prozent f\u00fcr das Jahr 2025.\" \/>\n<meta name=\"twitter:image\" content=\"https:\/\/www.organisator.ch\/wp-content\/uploads\/2024\/07\/Grafik_Reallohnverlust_Bild1_ps.jpg\" \/>\n<script type=\"application\/ld+json\" class=\"yoast-schema-graph\">{\"@context\":\"https:\\\/\\\/schema.org\",\"@graph\":[{\"@type\":\"Article\",\"@id\":\"https:\\\/\\\/www.organisator.ch\\\/management\\\/2024-07-23\\\/lohnforderungen-2025-kaufkraft-sichern-heisst-existenzen-sichern\\\/#article\",\"isPartOf\":{\"@id\":\"https:\\\/\\\/www.organisator.ch\\\/management\\\/2024-07-23\\\/lohnforderungen-2025-kaufkraft-sichern-heisst-existenzen-sichern\\\/\"},\"author\":{\"name\":\"Adelisa Kalajdzini\",\"@id\":\"https:\\\/\\\/www.organisator.ch\\\/#\\\/schema\\\/person\\\/2e1314a2172123f874db408d8911d3f3\"},\"headline\":\"Lohnforderungen 2025: Kaufkraft sichern heisst Existenzen sichern\",\"datePublished\":\"2024-07-23T07:57:24+00:00\",\"mainEntityOfPage\":{\"@id\":\"https:\\\/\\\/www.organisator.ch\\\/management\\\/2024-07-23\\\/lohnforderungen-2025-kaufkraft-sichern-heisst-existenzen-sichern\\\/\"},\"wordCount\":513,\"publisher\":{\"@id\":\"https:\\\/\\\/www.organisator.ch\\\/#organization\"},\"image\":{\"@id\":\"https:\\\/\\\/www.organisator.ch\\\/management\\\/2024-07-23\\\/lohnforderungen-2025-kaufkraft-sichern-heisst-existenzen-sichern\\\/#primaryimage\"},\"thumbnailUrl\":\"https:\\\/\\\/www.organisator.ch\\\/wp-content\\\/uploads\\\/2024\\\/07\\\/Grafik_Reallohnverlust_Bild1_ps.jpg\",\"keywords\":[\"Kaufkraft\",\"Lohnforderungen\",\"Management\",\"Unternehmen\"],\"articleSection\":[\"MANAGEMENT\"],\"inLanguage\":\"fr-FR\"},{\"@type\":\"WebPage\",\"@id\":\"https:\\\/\\\/www.organisator.ch\\\/management\\\/2024-07-23\\\/lohnforderungen-2025-kaufkraft-sichern-heisst-existenzen-sichern\\\/\",\"url\":\"https:\\\/\\\/www.organisator.ch\\\/management\\\/2024-07-23\\\/lohnforderungen-2025-kaufkraft-sichern-heisst-existenzen-sichern\\\/\",\"name\":\"Lohnforderungen 2025: Kaufkraft sichern heisst Existenzen sichern - Organisator\",\"isPartOf\":{\"@id\":\"https:\\\/\\\/www.organisator.ch\\\/#website\"},\"primaryImageOfPage\":{\"@id\":\"https:\\\/\\\/www.organisator.ch\\\/management\\\/2024-07-23\\\/lohnforderungen-2025-kaufkraft-sichern-heisst-existenzen-sichern\\\/#primaryimage\"},\"image\":{\"@id\":\"https:\\\/\\\/www.organisator.ch\\\/management\\\/2024-07-23\\\/lohnforderungen-2025-kaufkraft-sichern-heisst-existenzen-sichern\\\/#primaryimage\"},\"thumbnailUrl\":\"https:\\\/\\\/www.organisator.ch\\\/wp-content\\\/uploads\\\/2024\\\/07\\\/Grafik_Reallohnverlust_Bild1_ps.jpg\",\"datePublished\":\"2024-07-23T07:57:24+00:00\",\"description\":\"Der Kaufm\u00e4nnische Verband Schweiz fordert eine allgemeine Lohnerh\u00f6hung von bis zu f\u00fcnf Prozent f\u00fcr das Jahr 2025.\",\"breadcrumb\":{\"@id\":\"https:\\\/\\\/www.organisator.ch\\\/management\\\/2024-07-23\\\/lohnforderungen-2025-kaufkraft-sichern-heisst-existenzen-sichern\\\/#breadcrumb\"},\"inLanguage\":\"fr-FR\",\"potentialAction\":[{\"@type\":\"ReadAction\",\"target\":[\"https:\\\/\\\/www.organisator.ch\\\/management\\\/2024-07-23\\\/lohnforderungen-2025-kaufkraft-sichern-heisst-existenzen-sichern\\\/\"]}]},{\"@type\":\"ImageObject\",\"inLanguage\":\"fr-FR\",\"@id\":\"https:\\\/\\\/www.organisator.ch\\\/management\\\/2024-07-23\\\/lohnforderungen-2025-kaufkraft-sichern-heisst-existenzen-sichern\\\/#primaryimage\",\"url\":\"https:\\\/\\\/www.organisator.ch\\\/wp-content\\\/uploads\\\/2024\\\/07\\\/Grafik_Reallohnverlust_Bild1_ps.jpg\",\"contentUrl\":\"https:\\\/\\\/www.organisator.ch\\\/wp-content\\\/uploads\\\/2024\\\/07\\\/Grafik_Reallohnverlust_Bild1_ps.jpg\",\"width\":680,\"height\":398,\"caption\":\"(Bild: Kaufm\u00e4nnischer Verband Schweiz)\"},{\"@type\":\"BreadcrumbList\",\"@id\":\"https:\\\/\\\/www.organisator.ch\\\/management\\\/2024-07-23\\\/lohnforderungen-2025-kaufkraft-sichern-heisst-existenzen-sichern\\\/#breadcrumb\",\"itemListElement\":[{\"@type\":\"ListItem\",\"position\":1,\"name\":\"Home\",\"item\":\"https:\\\/\\\/www.organisator.ch\\\/\"},{\"@type\":\"ListItem\",\"position\":2,\"name\":\"Lohnforderungen 2025: Kaufkraft sichern heisst Existenzen sichern\"}]},{\"@type\":\"WebSite\",\"@id\":\"https:\\\/\\\/www.organisator.ch\\\/#website\",\"url\":\"https:\\\/\\\/www.organisator.ch\\\/\",\"name\":\"Organisator\",\"description\":\"Kompetent. Praxisnah. Der ORGANISATOR bereitet in 10 Ausgaben pro Jahr die wesentlichen Themen f\u00fcr F\u00fchrungskr\u00e4fte von KMU auf.\",\"publisher\":{\"@id\":\"https:\\\/\\\/www.organisator.ch\\\/#organization\"},\"potentialAction\":[{\"@type\":\"SearchAction\",\"target\":{\"@type\":\"EntryPoint\",\"urlTemplate\":\"https:\\\/\\\/www.organisator.ch\\\/?s={search_term_string}\"},\"query-input\":{\"@type\":\"PropertyValueSpecification\",\"valueRequired\":true,\"valueName\":\"search_term_string\"}}],\"inLanguage\":\"fr-FR\"},{\"@type\":\"Organization\",\"@id\":\"https:\\\/\\\/www.organisator.ch\\\/#organization\",\"name\":\"Organisator\",\"url\":\"https:\\\/\\\/www.organisator.ch\\\/\",\"logo\":{\"@type\":\"ImageObject\",\"inLanguage\":\"fr-FR\",\"@id\":\"https:\\\/\\\/www.organisator.ch\\\/#\\\/schema\\\/logo\\\/image\\\/\",\"url\":\"https:\\\/\\\/www.organisator.ch\\\/wp-content\\\/uploads\\\/2022\\\/01\\\/Logo_Organisator_Website.png\",\"contentUrl\":\"https:\\\/\\\/www.organisator.ch\\\/wp-content\\\/uploads\\\/2022\\\/01\\\/Logo_Organisator_Website.png\",\"width\":800,\"height\":77,\"caption\":\"Organisator\"},\"image\":{\"@id\":\"https:\\\/\\\/www.organisator.ch\\\/#\\\/schema\\\/logo\\\/image\\\/\"},\"sameAs\":[\"https:\\\/\\\/www.facebook.com\\\/OrganisatorFachmagazin\",\"https:\\\/\\\/www.linkedin.com\\\/showcase\\\/organisator-das-magazin-fr-kmu\",\"https:\\\/\\\/www.xing.com\\\/news\\\/pages\\\/organisator-ch-695\",\"https:\\\/\\\/www.youtube.com\\\/channel\\\/UCGP2Sq0iWaZwT3BdIAQFYpw\"]},{\"@type\":\"Person\",\"@id\":\"https:\\\/\\\/www.organisator.ch\\\/#\\\/schema\\\/person\\\/2e1314a2172123f874db408d8911d3f3\",\"name\":\"Adelisa Kalajdzini\",\"image\":{\"@type\":\"ImageObject\",\"inLanguage\":\"fr-FR\",\"@id\":\"https:\\\/\\\/secure.gravatar.com\\\/avatar\\\/09a397c22ac58cad6f160ee8306348599df9df58a8ede73696226897b9fa4b24?s=96&d=mm&r=g\",\"url\":\"https:\\\/\\\/secure.gravatar.com\\\/avatar\\\/09a397c22ac58cad6f160ee8306348599df9df58a8ede73696226897b9fa4b24?s=96&d=mm&r=g\",\"contentUrl\":\"https:\\\/\\\/secure.gravatar.com\\\/avatar\\\/09a397c22ac58cad6f160ee8306348599df9df58a8ede73696226897b9fa4b24?s=96&d=mm&r=g\",\"caption\":\"Adelisa Kalajdzini\"},\"url\":\"https:\\\/\\\/www.organisator.ch\\\/fr\\\/author\\\/adelisa-kalajdzini\\\/\"}]}<\/script>\n<!-- \/ Yoast SEO plugin. -->","yoast_head_json":{"title":"Revendications salariales 2025 : garantir le pouvoir d'achat, c'est garantir les moyens d'existence - Organisateur","description":"La Soci\u00e9t\u00e9 suisse des employ\u00e9s de commerce demande une augmentation g\u00e9n\u00e9rale des salaires allant jusqu'\u00e0 cinq pour cent pour l'ann\u00e9e 2025.","robots":{"index":"index","follow":"follow","max-snippet":"max-snippet:-1","max-image-preview":"max-image-preview:large","max-video-preview":"max-video-preview:-1"},"canonical":"https:\/\/www.organisator.ch\/fr\/gestion-2\/2024-07-23\/lohnforderungen-2025-kaufkraft-sichern-heisst-existenzen-sichern\/","og_locale":"fr_FR","og_type":"article","og_title":"Lohnforderungen 2025: Kaufkraft sichern heisst Existenzen sichern","og_description":"Der Kaufm\u00e4nnische Verband Schweiz fordert eine allgemeine Lohnerh\u00f6hung von bis zu f\u00fcnf Prozent f\u00fcr das Jahr 2025.","og_url":"https:\/\/www.organisator.ch\/fr\/gestion-2\/2024-07-23\/lohnforderungen-2025-kaufkraft-sichern-heisst-existenzen-sichern\/","og_site_name":"Organisator","article_publisher":"https:\/\/www.facebook.com\/OrganisatorFachmagazin","article_published_time":"2024-07-23T07:57:24+00:00","og_image":[{"width":680,"height":398,"url":"https:\/\/www.organisator.ch\/wp-content\/uploads\/2024\/07\/Grafik_Reallohnverlust_Bild1_ps.jpg","type":"image\/jpeg"}],"author":"Adelisa Kalajdzini","twitter_card":"summary_large_image","twitter_title":"Lohnforderungen 2025: Kaufkraft sichern heisst Existenzen sichern","twitter_description":"Der #Kaufm\u00e4nnische #Verband #Schweiz fordert eine allgemeine #Lohnerh\u00f6hung von bis zu #f\u00fcnf #Prozent f\u00fcr das Jahr 2025.","twitter_image":"https:\/\/www.organisator.ch\/wp-content\/uploads\/2024\/07\/Grafik_Reallohnverlust_Bild1_ps.jpg","schema":{"@context":"https:\/\/schema.org","@graph":[{"@type":"Article","@id":"https:\/\/www.organisator.ch\/management\/2024-07-23\/lohnforderungen-2025-kaufkraft-sichern-heisst-existenzen-sichern\/#article","isPartOf":{"@id":"https:\/\/www.organisator.ch\/management\/2024-07-23\/lohnforderungen-2025-kaufkraft-sichern-heisst-existenzen-sichern\/"},"author":{"name":"Adelisa Kalajdzini","@id":"https:\/\/www.organisator.ch\/#\/schema\/person\/2e1314a2172123f874db408d8911d3f3"},"headline":"Lohnforderungen 2025: Kaufkraft sichern heisst Existenzen sichern","datePublished":"2024-07-23T07:57:24+00:00","mainEntityOfPage":{"@id":"https:\/\/www.organisator.ch\/management\/2024-07-23\/lohnforderungen-2025-kaufkraft-sichern-heisst-existenzen-sichern\/"},"wordCount":513,"publisher":{"@id":"https:\/\/www.organisator.ch\/#organization"},"image":{"@id":"https:\/\/www.organisator.ch\/management\/2024-07-23\/lohnforderungen-2025-kaufkraft-sichern-heisst-existenzen-sichern\/#primaryimage"},"thumbnailUrl":"https:\/\/www.organisator.ch\/wp-content\/uploads\/2024\/07\/Grafik_Reallohnverlust_Bild1_ps.jpg","keywords":["Kaufkraft","Lohnforderungen","Management","Unternehmen"],"articleSection":["MANAGEMENT"],"inLanguage":"fr-FR"},{"@type":"WebPage","@id":"https:\/\/www.organisator.ch\/management\/2024-07-23\/lohnforderungen-2025-kaufkraft-sichern-heisst-existenzen-sichern\/","url":"https:\/\/www.organisator.ch\/management\/2024-07-23\/lohnforderungen-2025-kaufkraft-sichern-heisst-existenzen-sichern\/","name":"Revendications salariales 2025 : garantir le pouvoir d'achat, c'est garantir les moyens d'existence - Organisateur","isPartOf":{"@id":"https:\/\/www.organisator.ch\/#website"},"primaryImageOfPage":{"@id":"https:\/\/www.organisator.ch\/management\/2024-07-23\/lohnforderungen-2025-kaufkraft-sichern-heisst-existenzen-sichern\/#primaryimage"},"image":{"@id":"https:\/\/www.organisator.ch\/management\/2024-07-23\/lohnforderungen-2025-kaufkraft-sichern-heisst-existenzen-sichern\/#primaryimage"},"thumbnailUrl":"https:\/\/www.organisator.ch\/wp-content\/uploads\/2024\/07\/Grafik_Reallohnverlust_Bild1_ps.jpg","datePublished":"2024-07-23T07:57:24+00:00","description":"La Soci\u00e9t\u00e9 suisse des employ\u00e9s de commerce demande une augmentation g\u00e9n\u00e9rale des salaires allant jusqu'\u00e0 cinq pour cent pour l'ann\u00e9e 2025.","breadcrumb":{"@id":"https:\/\/www.organisator.ch\/management\/2024-07-23\/lohnforderungen-2025-kaufkraft-sichern-heisst-existenzen-sichern\/#breadcrumb"},"inLanguage":"fr-FR","potentialAction":[{"@type":"ReadAction","target":["https:\/\/www.organisator.ch\/management\/2024-07-23\/lohnforderungen-2025-kaufkraft-sichern-heisst-existenzen-sichern\/"]}]},{"@type":"ImageObject","inLanguage":"fr-FR","@id":"https:\/\/www.organisator.ch\/management\/2024-07-23\/lohnforderungen-2025-kaufkraft-sichern-heisst-existenzen-sichern\/#primaryimage","url":"https:\/\/www.organisator.ch\/wp-content\/uploads\/2024\/07\/Grafik_Reallohnverlust_Bild1_ps.jpg","contentUrl":"https:\/\/www.organisator.ch\/wp-content\/uploads\/2024\/07\/Grafik_Reallohnverlust_Bild1_ps.jpg","width":680,"height":398,"caption":"(Bild: Kaufm\u00e4nnischer Verband Schweiz)"},{"@type":"BreadcrumbList","@id":"https:\/\/www.organisator.ch\/management\/2024-07-23\/lohnforderungen-2025-kaufkraft-sichern-heisst-existenzen-sichern\/#breadcrumb","itemListElement":[{"@type":"ListItem","position":1,"name":"Home","item":"https:\/\/www.organisator.ch\/"},{"@type":"ListItem","position":2,"name":"Lohnforderungen 2025: Kaufkraft sichern heisst Existenzen sichern"}]},{"@type":"WebSite","@id":"https:\/\/www.organisator.ch\/#website","url":"https:\/\/www.organisator.ch\/","name":"Organisateur","description":"Comp\u00e9tence et comp\u00e9tence. Proches de la pratique. L'ORGANISATEUR pr\u00e9pare 10 num\u00e9ros par an sur les th\u00e8mes essentiels pour les dirigeants de PME.","publisher":{"@id":"https:\/\/www.organisator.ch\/#organization"},"potentialAction":[{"@type":"SearchAction","target":{"@type":"EntryPoint","urlTemplate":"https:\/\/www.organisator.ch\/?s={search_term_string}"},"query-input":{"@type":"PropertyValueSpecification","valueRequired":true,"valueName":"search_term_string"}}],"inLanguage":"fr-FR"},{"@type":"Organization","@id":"https:\/\/www.organisator.ch\/#organization","name":"Organisateur","url":"https:\/\/www.organisator.ch\/","logo":{"@type":"ImageObject","inLanguage":"fr-FR","@id":"https:\/\/www.organisator.ch\/#\/schema\/logo\/image\/","url":"https:\/\/www.organisator.ch\/wp-content\/uploads\/2022\/01\/Logo_Organisator_Website.png","contentUrl":"https:\/\/www.organisator.ch\/wp-content\/uploads\/2022\/01\/Logo_Organisator_Website.png","width":800,"height":77,"caption":"Organisator"},"image":{"@id":"https:\/\/www.organisator.ch\/#\/schema\/logo\/image\/"},"sameAs":["https:\/\/www.facebook.com\/OrganisatorFachmagazin","https:\/\/www.linkedin.com\/showcase\/organisator-das-magazin-fr-kmu","https:\/\/www.xing.com\/news\/pages\/organisator-ch-695","https:\/\/www.youtube.com\/channel\/UCGP2Sq0iWaZwT3BdIAQFYpw"]},{"@type":"Person","@id":"https:\/\/www.organisator.ch\/#\/schema\/person\/2e1314a2172123f874db408d8911d3f3","name":"Adelisa Kalajdzini","image":{"@type":"ImageObject","inLanguage":"fr-FR","@id":"https:\/\/secure.gravatar.com\/avatar\/09a397c22ac58cad6f160ee8306348599df9df58a8ede73696226897b9fa4b24?s=96&d=mm&r=g","url":"https:\/\/secure.gravatar.com\/avatar\/09a397c22ac58cad6f160ee8306348599df9df58a8ede73696226897b9fa4b24?s=96&d=mm&r=g","contentUrl":"https:\/\/secure.gravatar.com\/avatar\/09a397c22ac58cad6f160ee8306348599df9df58a8ede73696226897b9fa4b24?s=96&d=mm&r=g","caption":"Adelisa Kalajdzini"},"url":"https:\/\/www.organisator.ch\/fr\/author\/adelisa-kalajdzini\/"}]}},"_links":{"self":[{"href":"https:\/\/www.organisator.ch\/fr\/wp-json\/wp\/v2\/posts\/28452","targetHints":{"allow":["GET"]}}],"collection":[{"href":"https:\/\/www.organisator.ch\/fr\/wp-json\/wp\/v2\/posts"}],"about":[{"href":"https:\/\/www.organisator.ch\/fr\/wp-json\/wp\/v2\/types\/post"}],"author":[{"embeddable":true,"href":"https:\/\/www.organisator.ch\/fr\/wp-json\/wp\/v2\/users\/58"}],"replies":[{"embeddable":true,"href":"https:\/\/www.organisator.ch\/fr\/wp-json\/wp\/v2\/comments?post=28452"}],"version-history":[{"count":3,"href":"https:\/\/www.organisator.ch\/fr\/wp-json\/wp\/v2\/posts\/28452\/revisions"}],"predecessor-version":[{"id":28495,"href":"https:\/\/www.organisator.ch\/fr\/wp-json\/wp\/v2\/posts\/28452\/revisions\/28495"}],"wp:featuredmedia":[{"embeddable":true,"href":"https:\/\/www.organisator.ch\/fr\/wp-json\/wp\/v2\/media\/28453"}],"wp:attachment":[{"href":"https:\/\/www.organisator.ch\/fr\/wp-json\/wp\/v2\/media?parent=28452"}],"wp:term":[{"taxonomy":"category","embeddable":true,"href":"https:\/\/www.organisator.ch\/fr\/wp-json\/wp\/v2\/categories?post=28452"},{"taxonomy":"post_tag","embeddable":true,"href":"https:\/\/www.organisator.ch\/fr\/wp-json\/wp\/v2\/tags?post=28452"}],"curies":[{"name":"wp","href":"https:\/\/api.w.org\/{rel}","templated":true}]}}