{"id":285,"date":"2016-04-13T11:21:42","date_gmt":"2016-04-13T09:21:42","guid":{"rendered":"http:\/\/dev.organisator.ch\/?p=285"},"modified":"2016-04-13T11:21:42","modified_gmt":"2016-04-13T09:21:42","slug":"adp-verstaerkt-geschaeft-in-der-schweiz","status":"publish","type":"post","link":"https:\/\/www.organisator.ch\/fr\/allgemein\/2016-04-13\/adp-verstaerkt-geschaeft-in-der-schweiz\/","title":{"rendered":"ADP renforce ses activit\u00e9s en Suisse"},"content":{"rendered":"<p><img loading=\"lazy\" decoding=\"async\" class=\"alignnone size-full wp-image-286\" src=\"https:\/\/www.organisator.ch\/wp-content\/uploads\/2016\/12\/ADP-verstaerkt-Geschaeft-in-der-Schweiz-organisator.png\" alt=\"\" width=\"493\" height=\"394\" srcset=\"https:\/\/www.organisator.ch\/wp-content\/uploads\/2016\/12\/ADP-verstaerkt-Geschaeft-in-der-Schweiz-organisator.png 493w, https:\/\/www.organisator.ch\/wp-content\/uploads\/2016\/12\/ADP-verstaerkt-Geschaeft-in-der-Schweiz-organisator-16x12.png 16w, https:\/\/www.organisator.ch\/wp-content\/uploads\/2016\/12\/ADP-verstaerkt-Geschaeft-in-der-Schweiz-organisator-219x175.png 219w, https:\/\/www.organisator.ch\/wp-content\/uploads\/2016\/12\/ADP-verstaerkt-Geschaeft-in-der-Schweiz-organisator-438x350.png 438w, https:\/\/www.organisator.ch\/wp-content\/uploads\/2016\/12\/ADP-verstaerkt-Geschaeft-in-der-Schweiz-organisator-300x240.png 300w\" sizes=\"auto, (max-width: 493px) 100vw, 493px\" \/><\/p>\n<p>ADP, l'un des principaux fournisseurs de solutions de gestion du capital humain, veut continuer \u00e0 d\u00e9velopper ses activit\u00e9s en Suisse au cours des prochaines ann\u00e9es. \"La Suisse a toujours \u00e9t\u00e9 l'une des grandes nations \u00e9conomiques d'Europe, avec notamment des marques fortes dans les secteurs de la finance et de la pharmacie - deux domaines d'activit\u00e9 qui misent beaucoup sur le savoir, l'innovation et le talent\", explique Patricia Molenaar, VP Sales Spain, Switzerland &amp; Poland chez ADP.<\/p>\n<p>\"Sur un tel march\u00e9, il y a une forte demande de solutions pour g\u00e9rer efficacement ses collaborateurs et il existe donc un grand potentiel pour un fournisseur comme nous\".<\/p>\n<p>ADP propose une large palette de services d'externalisation qui couvrent tous les domaines de travail d'un d\u00e9partement RH. Le portefeuille d'ADP soutient les entreprises depuis le recrutement de nouveaux collaborateurs jusqu'\u00e0 leur d\u00e9part \u00e0 la retraite, tout en \u00e9tant directement adapt\u00e9 au march\u00e9 suisse et conforme aux normes et r\u00e9glementations locales.<\/p>\n<p>Les solutions s'adressent aux entreprises de toutes tailles, des micro-entreprises aux multinationales, et couvrent les cinq domaines cl\u00e9s de la gestion du capital humain :<\/p>\n<ol>\n<li>HR,<\/li>\n<li>fiche de paie,<\/li>\n<li>Bonus,<\/li>\n<li>Gestion des talents<\/li>\n<li>Planification de la pr\u00e9sence.<\/li>\n<\/ol>\n<p>Il s'agit d'outils simples pour la gestion des salaires et l'administration du temps, ainsi que de solutions complexes pour la gestion des talents, la planification des r\u00e9sultats et l'analyse des donn\u00e9es, le tout pour les petites entreprises locales comme pour les multinationales. R\u00e9cemment, la solution HCM modulaire DECIDIUM d'ADP a \u00e9t\u00e9 d\u00e9ploy\u00e9e sur le march\u00e9 suisse apr\u00e8s avoir \u00e9t\u00e9 adapt\u00e9e \u00e0 la l\u00e9gislation et aux meilleures pratiques locales.<\/p>\n<p><strong>Deux sites suisses<\/strong><\/p>\n<p>ADP travaille en Suisse \u00e0 partir de deux sites, l'un \u00e0 Carouge et l'autre \u00e0 Dietikon. L'entreprise soutient d\u00e9j\u00e0 320 clients suisses dans leurs besoins quotidiens en mati\u00e8re de HCM. Pour r\u00e9pondre \u00e0 la forte demande en mati\u00e8re de protection et de s\u00e9curit\u00e9 des donn\u00e9es, toutes les solutions d'ADP sont certifi\u00e9es ISO 27001, ISAE3402 et Swissdec. Les solutions multisectorielles d'ADP sont disponibles en Suisse depuis 30 ans d\u00e9j\u00e0, alors que l'entreprise a 65 ans d'exp\u00e9rience dans le monde et que ses solutions sont utilis\u00e9es par plus de 630'000 clients dans plus de 100 pays.<\/p>\n<p>Pour plus d'informations, visitez <a href=\"http:\/\/www.adp.ch\" target=\"_blank\" data-cke-saved-href=\"http:\/\/www.adp.ch\" rel=\"noopener\">www.adp.ch<\/a><\/p>","protected":false},"excerpt":{"rendered":"<p>ADP, einer der f\u00fchrenden Anbieter von Human-Capital-Management-L\u00f6sungen, will sein Gesch\u00e4ft in der Schweiz in den n\u00e4chsten Jahren weiter ausweiten. \u201eDie Schweiz ist seit jeher eine der grossen Wirtschaftsnationen in Europa, insbesondere mit starken Marken im Finanz- und Pharmaziebereich \u2013 beides Arbeitsfelder, die sehr auf Wissen, Innovation und Talent setzen\u201c, sagt Patricia Molenaar, VP Sales Spain, [&hellip;]<\/p>\n","protected":false},"author":1,"featured_media":286,"comment_status":"open","ping_status":"open","sticky":false,"template":"","format":"standard","meta":{"_acf_changed":false,"_yoast_wpseo_focuskw":"ADP","_yoast_wpseo_metadesc":"Der f\u00fchrende Anbieter im Beriech Human-Capital-Management will 2016 verst\u00e4rkt seine L\u00f6sungen auf den Schweizer Markt bringen.","articlekey":"","footnotes":""},"categories":[1],"tags":[492],"class_list":["post-285","post","type-post","status-publish","format-standard","has-post-thumbnail","hentry","category-allgemein","tag-unternehmen"],"acf":[],"yoast_head":"<!-- This site is optimized with the Yoast SEO plugin v27.4 - https:\/\/yoast.com\/product\/yoast-seo-wordpress\/ -->\n<title>ADP verst\u00e4rkt Gesch\u00e4ft in der Schweiz - Organisator<\/title>\n<meta name=\"description\" content=\"Der f\u00fchrende Anbieter im Beriech Human-Capital-Management will 2016 verst\u00e4rkt seine L\u00f6sungen auf den Schweizer Markt bringen.\" \/>\n<meta name=\"robots\" content=\"index, follow, max-snippet:-1, max-image-preview:large, max-video-preview:-1\" \/>\n<link rel=\"canonical\" href=\"https:\/\/www.organisator.ch\/fr\/general\/2016-04-13\/adp-verstaerkt-geschaeft-in-der-schweiz\/\" \/>\n<meta property=\"og:locale\" content=\"fr_FR\" \/>\n<meta property=\"og:type\" content=\"article\" \/>\n<meta property=\"og:title\" content=\"ADP verst\u00e4rkt Gesch\u00e4ft in der Schweiz\" \/>\n<meta property=\"og:description\" content=\"Der f\u00fchrende Anbieter im Beriech Human-Capital-Management will 2016 verst\u00e4rkt seine L\u00f6sungen auf den Schweizer Markt bringen und eine starke Pr\u00e4senz aufbauen.\" \/>\n<meta property=\"og:url\" content=\"https:\/\/www.organisator.ch\/fr\/general\/2016-04-13\/adp-verstaerkt-geschaeft-in-der-schweiz\/\" \/>\n<meta property=\"og:site_name\" content=\"Organisator\" \/>\n<meta property=\"article:publisher\" content=\"https:\/\/www.facebook.com\/OrganisatorFachmagazin\" \/>\n<meta property=\"article:published_time\" content=\"2016-04-13T09:21:42+00:00\" \/>\n<meta name=\"author\" content=\"admin\" \/>\n<meta name=\"twitter:card\" content=\"summary_large_image\" \/>\n<meta name=\"twitter:image\" content=\"https:\/\/www.organisator.ch\/wp-content\/uploads\/2016\/12\/ADP-verstaerkt-Geschaeft-in-der-Schweiz-organisator.png\" \/>\n<script type=\"application\/ld+json\" class=\"yoast-schema-graph\">{\"@context\":\"https:\\\/\\\/schema.org\",\"@graph\":[{\"@type\":\"Article\",\"@id\":\"https:\\\/\\\/www.organisator.ch\\\/en\\\/general\\\/2016-04-13\\\/adp-verstaerkt-geschaeft-in-der-schweiz\\\/#article\",\"isPartOf\":{\"@id\":\"https:\\\/\\\/www.organisator.ch\\\/en\\\/general\\\/2016-04-13\\\/adp-verstaerkt-geschaeft-in-der-schweiz\\\/\"},\"author\":{\"name\":\"admin\",\"@id\":\"https:\\\/\\\/www.organisator.ch\\\/#\\\/schema\\\/person\\\/aa2bace6c5c5aad60102004a50c4eb1c\"},\"headline\":\"ADP verst\u00e4rkt Gesch\u00e4ft in der Schweiz\",\"datePublished\":\"2016-04-13T09:21:42+00:00\",\"mainEntityOfPage\":{\"@id\":\"https:\\\/\\\/www.organisator.ch\\\/en\\\/general\\\/2016-04-13\\\/adp-verstaerkt-geschaeft-in-der-schweiz\\\/\"},\"wordCount\":336,\"commentCount\":0,\"publisher\":{\"@id\":\"https:\\\/\\\/www.organisator.ch\\\/#organization\"},\"image\":{\"@id\":\"https:\\\/\\\/www.organisator.ch\\\/en\\\/general\\\/2016-04-13\\\/adp-verstaerkt-geschaeft-in-der-schweiz\\\/#primaryimage\"},\"thumbnailUrl\":\"https:\\\/\\\/www.organisator.ch\\\/wp-content\\\/uploads\\\/2016\\\/12\\\/ADP-verstaerkt-Geschaeft-in-der-Schweiz-organisator.png\",\"keywords\":[\"Unternehmen\"],\"articleSection\":[\"Allgemein\"],\"inLanguage\":\"fr-FR\"},{\"@type\":\"WebPage\",\"@id\":\"https:\\\/\\\/www.organisator.ch\\\/en\\\/general\\\/2016-04-13\\\/adp-verstaerkt-geschaeft-in-der-schweiz\\\/\",\"url\":\"https:\\\/\\\/www.organisator.ch\\\/en\\\/general\\\/2016-04-13\\\/adp-verstaerkt-geschaeft-in-der-schweiz\\\/\",\"name\":\"ADP verst\u00e4rkt Gesch\u00e4ft in der Schweiz - Organisator\",\"isPartOf\":{\"@id\":\"https:\\\/\\\/www.organisator.ch\\\/#website\"},\"primaryImageOfPage\":{\"@id\":\"https:\\\/\\\/www.organisator.ch\\\/en\\\/general\\\/2016-04-13\\\/adp-verstaerkt-geschaeft-in-der-schweiz\\\/#primaryimage\"},\"image\":{\"@id\":\"https:\\\/\\\/www.organisator.ch\\\/en\\\/general\\\/2016-04-13\\\/adp-verstaerkt-geschaeft-in-der-schweiz\\\/#primaryimage\"},\"thumbnailUrl\":\"https:\\\/\\\/www.organisator.ch\\\/wp-content\\\/uploads\\\/2016\\\/12\\\/ADP-verstaerkt-Geschaeft-in-der-Schweiz-organisator.png\",\"datePublished\":\"2016-04-13T09:21:42+00:00\",\"description\":\"Der f\u00fchrende Anbieter im Beriech Human-Capital-Management will 2016 verst\u00e4rkt seine L\u00f6sungen auf den Schweizer Markt bringen.\",\"breadcrumb\":{\"@id\":\"https:\\\/\\\/www.organisator.ch\\\/en\\\/general\\\/2016-04-13\\\/adp-verstaerkt-geschaeft-in-der-schweiz\\\/#breadcrumb\"},\"inLanguage\":\"fr-FR\",\"potentialAction\":[{\"@type\":\"ReadAction\",\"target\":[\"https:\\\/\\\/www.organisator.ch\\\/en\\\/general\\\/2016-04-13\\\/adp-verstaerkt-geschaeft-in-der-schweiz\\\/\"]}]},{\"@type\":\"ImageObject\",\"inLanguage\":\"fr-FR\",\"@id\":\"https:\\\/\\\/www.organisator.ch\\\/en\\\/general\\\/2016-04-13\\\/adp-verstaerkt-geschaeft-in-der-schweiz\\\/#primaryimage\",\"url\":\"https:\\\/\\\/www.organisator.ch\\\/wp-content\\\/uploads\\\/2016\\\/12\\\/ADP-verstaerkt-Geschaeft-in-der-Schweiz-organisator.png\",\"contentUrl\":\"https:\\\/\\\/www.organisator.ch\\\/wp-content\\\/uploads\\\/2016\\\/12\\\/ADP-verstaerkt-Geschaeft-in-der-Schweiz-organisator.png\",\"width\":493,\"height\":394},{\"@type\":\"BreadcrumbList\",\"@id\":\"https:\\\/\\\/www.organisator.ch\\\/en\\\/general\\\/2016-04-13\\\/adp-verstaerkt-geschaeft-in-der-schweiz\\\/#breadcrumb\",\"itemListElement\":[{\"@type\":\"ListItem\",\"position\":1,\"name\":\"Home\",\"item\":\"https:\\\/\\\/www.organisator.ch\\\/\"},{\"@type\":\"ListItem\",\"position\":2,\"name\":\"ADP verst\u00e4rkt Gesch\u00e4ft in der Schweiz\"}]},{\"@type\":\"WebSite\",\"@id\":\"https:\\\/\\\/www.organisator.ch\\\/#website\",\"url\":\"https:\\\/\\\/www.organisator.ch\\\/\",\"name\":\"Organisator\",\"description\":\"Kompetent. Praxisnah. Der ORGANISATOR bereitet in 10 Ausgaben pro Jahr die wesentlichen Themen f\u00fcr F\u00fchrungskr\u00e4fte von KMU auf.\",\"publisher\":{\"@id\":\"https:\\\/\\\/www.organisator.ch\\\/#organization\"},\"potentialAction\":[{\"@type\":\"SearchAction\",\"target\":{\"@type\":\"EntryPoint\",\"urlTemplate\":\"https:\\\/\\\/www.organisator.ch\\\/?s={search_term_string}\"},\"query-input\":{\"@type\":\"PropertyValueSpecification\",\"valueRequired\":true,\"valueName\":\"search_term_string\"}}],\"inLanguage\":\"fr-FR\"},{\"@type\":\"Organization\",\"@id\":\"https:\\\/\\\/www.organisator.ch\\\/#organization\",\"name\":\"Organisator\",\"url\":\"https:\\\/\\\/www.organisator.ch\\\/\",\"logo\":{\"@type\":\"ImageObject\",\"inLanguage\":\"fr-FR\",\"@id\":\"https:\\\/\\\/www.organisator.ch\\\/#\\\/schema\\\/logo\\\/image\\\/\",\"url\":\"https:\\\/\\\/www.organisator.ch\\\/wp-content\\\/uploads\\\/2022\\\/01\\\/Logo_Organisator_Website.png\",\"contentUrl\":\"https:\\\/\\\/www.organisator.ch\\\/wp-content\\\/uploads\\\/2022\\\/01\\\/Logo_Organisator_Website.png\",\"width\":800,\"height\":77,\"caption\":\"Organisator\"},\"image\":{\"@id\":\"https:\\\/\\\/www.organisator.ch\\\/#\\\/schema\\\/logo\\\/image\\\/\"},\"sameAs\":[\"https:\\\/\\\/www.facebook.com\\\/OrganisatorFachmagazin\",\"https:\\\/\\\/www.linkedin.com\\\/showcase\\\/organisator-das-magazin-fr-kmu\",\"https:\\\/\\\/www.xing.com\\\/news\\\/pages\\\/organisator-ch-695\",\"https:\\\/\\\/www.youtube.com\\\/channel\\\/UCGP2Sq0iWaZwT3BdIAQFYpw\"]},{\"@type\":\"Person\",\"@id\":\"https:\\\/\\\/www.organisator.ch\\\/#\\\/schema\\\/person\\\/aa2bace6c5c5aad60102004a50c4eb1c\",\"name\":\"admin\",\"image\":{\"@type\":\"ImageObject\",\"inLanguage\":\"fr-FR\",\"@id\":\"https:\\\/\\\/secure.gravatar.com\\\/avatar\\\/ae2f4d718e6c49043e314ce431e7e645d646302a24a5ef5a8bc8e3f5a032e319?s=96&d=mm&r=g\",\"url\":\"https:\\\/\\\/secure.gravatar.com\\\/avatar\\\/ae2f4d718e6c49043e314ce431e7e645d646302a24a5ef5a8bc8e3f5a032e319?s=96&d=mm&r=g\",\"contentUrl\":\"https:\\\/\\\/secure.gravatar.com\\\/avatar\\\/ae2f4d718e6c49043e314ce431e7e645d646302a24a5ef5a8bc8e3f5a032e319?s=96&d=mm&r=g\",\"caption\":\"admin\"},\"sameAs\":[\"https:\\\/\\\/www.organisator.ch\"],\"url\":\"https:\\\/\\\/www.organisator.ch\\\/fr\\\/author\\\/admin\\\/\"}]}<\/script>\n<!-- \/ Yoast SEO plugin. -->","yoast_head_json":{"title":"ADP renforce ses activit\u00e9s en Suisse - Organisateur","description":"Le leader dans le domaine de la gestion du capital humain veut renforcer ses solutions sur le march\u00e9 suisse en 2016.","robots":{"index":"index","follow":"follow","max-snippet":"max-snippet:-1","max-image-preview":"max-image-preview:large","max-video-preview":"max-video-preview:-1"},"canonical":"https:\/\/www.organisator.ch\/fr\/general\/2016-04-13\/adp-verstaerkt-geschaeft-in-der-schweiz\/","og_locale":"fr_FR","og_type":"article","og_title":"ADP verst\u00e4rkt Gesch\u00e4ft in der Schweiz","og_description":"Der f\u00fchrende Anbieter im Beriech Human-Capital-Management will 2016 verst\u00e4rkt seine L\u00f6sungen auf den Schweizer Markt bringen und eine starke Pr\u00e4senz aufbauen.","og_url":"https:\/\/www.organisator.ch\/fr\/general\/2016-04-13\/adp-verstaerkt-geschaeft-in-der-schweiz\/","og_site_name":"Organisator","article_publisher":"https:\/\/www.facebook.com\/OrganisatorFachmagazin","article_published_time":"2016-04-13T09:21:42+00:00","author":"admin","twitter_card":"summary_large_image","twitter_image":"https:\/\/www.organisator.ch\/wp-content\/uploads\/2016\/12\/ADP-verstaerkt-Geschaeft-in-der-Schweiz-organisator.png","schema":{"@context":"https:\/\/schema.org","@graph":[{"@type":"Article","@id":"https:\/\/www.organisator.ch\/en\/general\/2016-04-13\/adp-verstaerkt-geschaeft-in-der-schweiz\/#article","isPartOf":{"@id":"https:\/\/www.organisator.ch\/en\/general\/2016-04-13\/adp-verstaerkt-geschaeft-in-der-schweiz\/"},"author":{"name":"admin","@id":"https:\/\/www.organisator.ch\/#\/schema\/person\/aa2bace6c5c5aad60102004a50c4eb1c"},"headline":"ADP verst\u00e4rkt Gesch\u00e4ft in der Schweiz","datePublished":"2016-04-13T09:21:42+00:00","mainEntityOfPage":{"@id":"https:\/\/www.organisator.ch\/en\/general\/2016-04-13\/adp-verstaerkt-geschaeft-in-der-schweiz\/"},"wordCount":336,"commentCount":0,"publisher":{"@id":"https:\/\/www.organisator.ch\/#organization"},"image":{"@id":"https:\/\/www.organisator.ch\/en\/general\/2016-04-13\/adp-verstaerkt-geschaeft-in-der-schweiz\/#primaryimage"},"thumbnailUrl":"https:\/\/www.organisator.ch\/wp-content\/uploads\/2016\/12\/ADP-verstaerkt-Geschaeft-in-der-Schweiz-organisator.png","keywords":["Unternehmen"],"articleSection":["Allgemein"],"inLanguage":"fr-FR"},{"@type":"WebPage","@id":"https:\/\/www.organisator.ch\/en\/general\/2016-04-13\/adp-verstaerkt-geschaeft-in-der-schweiz\/","url":"https:\/\/www.organisator.ch\/en\/general\/2016-04-13\/adp-verstaerkt-geschaeft-in-der-schweiz\/","name":"ADP renforce ses activit\u00e9s en Suisse - Organisateur","isPartOf":{"@id":"https:\/\/www.organisator.ch\/#website"},"primaryImageOfPage":{"@id":"https:\/\/www.organisator.ch\/en\/general\/2016-04-13\/adp-verstaerkt-geschaeft-in-der-schweiz\/#primaryimage"},"image":{"@id":"https:\/\/www.organisator.ch\/en\/general\/2016-04-13\/adp-verstaerkt-geschaeft-in-der-schweiz\/#primaryimage"},"thumbnailUrl":"https:\/\/www.organisator.ch\/wp-content\/uploads\/2016\/12\/ADP-verstaerkt-Geschaeft-in-der-Schweiz-organisator.png","datePublished":"2016-04-13T09:21:42+00:00","description":"Le leader dans le domaine de la gestion du capital humain veut renforcer ses solutions sur le march\u00e9 suisse en 2016.","breadcrumb":{"@id":"https:\/\/www.organisator.ch\/en\/general\/2016-04-13\/adp-verstaerkt-geschaeft-in-der-schweiz\/#breadcrumb"},"inLanguage":"fr-FR","potentialAction":[{"@type":"ReadAction","target":["https:\/\/www.organisator.ch\/en\/general\/2016-04-13\/adp-verstaerkt-geschaeft-in-der-schweiz\/"]}]},{"@type":"ImageObject","inLanguage":"fr-FR","@id":"https:\/\/www.organisator.ch\/en\/general\/2016-04-13\/adp-verstaerkt-geschaeft-in-der-schweiz\/#primaryimage","url":"https:\/\/www.organisator.ch\/wp-content\/uploads\/2016\/12\/ADP-verstaerkt-Geschaeft-in-der-Schweiz-organisator.png","contentUrl":"https:\/\/www.organisator.ch\/wp-content\/uploads\/2016\/12\/ADP-verstaerkt-Geschaeft-in-der-Schweiz-organisator.png","width":493,"height":394},{"@type":"BreadcrumbList","@id":"https:\/\/www.organisator.ch\/en\/general\/2016-04-13\/adp-verstaerkt-geschaeft-in-der-schweiz\/#breadcrumb","itemListElement":[{"@type":"ListItem","position":1,"name":"Home","item":"https:\/\/www.organisator.ch\/"},{"@type":"ListItem","position":2,"name":"ADP verst\u00e4rkt Gesch\u00e4ft in der Schweiz"}]},{"@type":"WebSite","@id":"https:\/\/www.organisator.ch\/#website","url":"https:\/\/www.organisator.ch\/","name":"Organisateur","description":"Comp\u00e9tence et comp\u00e9tence. Proches de la pratique. L'ORGANISATEUR pr\u00e9pare 10 num\u00e9ros par an sur les th\u00e8mes essentiels pour les dirigeants de PME.","publisher":{"@id":"https:\/\/www.organisator.ch\/#organization"},"potentialAction":[{"@type":"SearchAction","target":{"@type":"EntryPoint","urlTemplate":"https:\/\/www.organisator.ch\/?s={search_term_string}"},"query-input":{"@type":"PropertyValueSpecification","valueRequired":true,"valueName":"search_term_string"}}],"inLanguage":"fr-FR"},{"@type":"Organization","@id":"https:\/\/www.organisator.ch\/#organization","name":"Organisateur","url":"https:\/\/www.organisator.ch\/","logo":{"@type":"ImageObject","inLanguage":"fr-FR","@id":"https:\/\/www.organisator.ch\/#\/schema\/logo\/image\/","url":"https:\/\/www.organisator.ch\/wp-content\/uploads\/2022\/01\/Logo_Organisator_Website.png","contentUrl":"https:\/\/www.organisator.ch\/wp-content\/uploads\/2022\/01\/Logo_Organisator_Website.png","width":800,"height":77,"caption":"Organisator"},"image":{"@id":"https:\/\/www.organisator.ch\/#\/schema\/logo\/image\/"},"sameAs":["https:\/\/www.facebook.com\/OrganisatorFachmagazin","https:\/\/www.linkedin.com\/showcase\/organisator-das-magazin-fr-kmu","https:\/\/www.xing.com\/news\/pages\/organisator-ch-695","https:\/\/www.youtube.com\/channel\/UCGP2Sq0iWaZwT3BdIAQFYpw"]},{"@type":"Person","@id":"https:\/\/www.organisator.ch\/#\/schema\/person\/aa2bace6c5c5aad60102004a50c4eb1c","name":"admin","image":{"@type":"ImageObject","inLanguage":"fr-FR","@id":"https:\/\/secure.gravatar.com\/avatar\/ae2f4d718e6c49043e314ce431e7e645d646302a24a5ef5a8bc8e3f5a032e319?s=96&d=mm&r=g","url":"https:\/\/secure.gravatar.com\/avatar\/ae2f4d718e6c49043e314ce431e7e645d646302a24a5ef5a8bc8e3f5a032e319?s=96&d=mm&r=g","contentUrl":"https:\/\/secure.gravatar.com\/avatar\/ae2f4d718e6c49043e314ce431e7e645d646302a24a5ef5a8bc8e3f5a032e319?s=96&d=mm&r=g","caption":"admin"},"sameAs":["https:\/\/www.organisator.ch"],"url":"https:\/\/www.organisator.ch\/fr\/author\/admin\/"}]}},"_links":{"self":[{"href":"https:\/\/www.organisator.ch\/fr\/wp-json\/wp\/v2\/posts\/285","targetHints":{"allow":["GET"]}}],"collection":[{"href":"https:\/\/www.organisator.ch\/fr\/wp-json\/wp\/v2\/posts"}],"about":[{"href":"https:\/\/www.organisator.ch\/fr\/wp-json\/wp\/v2\/types\/post"}],"author":[{"embeddable":true,"href":"https:\/\/www.organisator.ch\/fr\/wp-json\/wp\/v2\/users\/1"}],"replies":[{"embeddable":true,"href":"https:\/\/www.organisator.ch\/fr\/wp-json\/wp\/v2\/comments?post=285"}],"version-history":[{"count":0,"href":"https:\/\/www.organisator.ch\/fr\/wp-json\/wp\/v2\/posts\/285\/revisions"}],"wp:featuredmedia":[{"embeddable":true,"href":"https:\/\/www.organisator.ch\/fr\/wp-json\/wp\/v2\/media\/286"}],"wp:attachment":[{"href":"https:\/\/www.organisator.ch\/fr\/wp-json\/wp\/v2\/media?parent=285"}],"wp:term":[{"taxonomy":"category","embeddable":true,"href":"https:\/\/www.organisator.ch\/fr\/wp-json\/wp\/v2\/categories?post=285"},{"taxonomy":"post_tag","embeddable":true,"href":"https:\/\/www.organisator.ch\/fr\/wp-json\/wp\/v2\/tags?post=285"}],"curies":[{"name":"wp","href":"https:\/\/api.w.org\/{rel}","templated":true}]}}