{"id":28534,"date":"2024-07-25T13:45:55","date_gmt":"2024-07-25T11:45:55","guid":{"rendered":"https:\/\/www.organisator.ch\/?p=28534"},"modified":"2024-08-20T10:04:18","modified_gmt":"2024-08-20T08:04:18","slug":"leadership-a-la-pinocchio","status":"publish","type":"post","link":"https:\/\/www.organisator.ch\/fr\/management\/2024-07-25\/leadership-a-la-pinocchio\/","title":{"rendered":"Le leadership \u00e0 la Pinocchio"},"content":{"rendered":"<figure id=\"attachment_28535\" aria-describedby=\"caption-attachment-28535\" style=\"width: 680px\" class=\"wp-caption alignnone\"><img loading=\"lazy\" decoding=\"async\" class=\"size-full wp-image-28535\" src=\"https:\/\/www.organisator.ch\/wp-content\/uploads\/2024\/07\/Leadership-a-la-Pinocchio_Organisator.jpg\" alt=\"\" width=\"680\" height=\"453\" srcset=\"https:\/\/www.organisator.ch\/wp-content\/uploads\/2024\/07\/Leadership-a-la-Pinocchio_Organisator.jpg 680w, https:\/\/www.organisator.ch\/wp-content\/uploads\/2024\/07\/Leadership-a-la-Pinocchio_Organisator-18x12.jpg 18w, https:\/\/www.organisator.ch\/wp-content\/uploads\/2024\/07\/Leadership-a-la-Pinocchio_Organisator-375x250.jpg 375w, https:\/\/www.organisator.ch\/wp-content\/uploads\/2024\/07\/Leadership-a-la-Pinocchio_Organisator-525x350.jpg 525w\" sizes=\"auto, (max-width: 680px) 100vw, 680px\" \/><figcaption id=\"caption-attachment-28535\" class=\"wp-caption-text\">Quand Pinoccio ment, son nez s'allonge. Cela signifie qu'un comportement nuisible a des cons\u00e9quences - m\u00eame dans le monde des affaires. (Image : Schwerdhoefer \/ Pixabay.com)<\/figcaption><\/figure>\n<p>L'essence de cette id\u00e9e est que nous pratiquerions moins un comportement nuisible ou inefficace si les cons\u00e9quences \u00e9taient visibles, et ce imm\u00e9diatement.<\/p>\n<p>Il en va de m\u00eame dans le monde des affaires. Une performance m\u00e9diocre ou un comportement inefficace passent souvent inaper\u00e7us parce que les effets n\u00e9gatifs ne sont pas imm\u00e9diatement visibles. Rendre l'effet imm\u00e9diatement perceptible est un grand levier pour une meilleure performance. Ce lien s'applique \u00e9galement \u00e0 chacun d'entre nous : si nous ramenions l'impact futur dans le pr\u00e9sent, nous prendrions de meilleures d\u00e9cisions et r\u00e9aliserions des actions plus judicieuses. C'est id\u00e9alis\u00e9, mais nous pouvons aller dans cette direction.<\/p>\n<p>Comment y parvenir concr\u00e8tement ?<\/p>\n<h3><strong>Astuce n\u00b0 1 : en finir avec les chiffres<\/strong><strong>fours !<\/strong><\/h3>\n<p>Dans les entreprises, il y a souvent d'\u00e9normes tableaux et des rapports que presque personne ne comprend. Imaginez que vous puissiez saisir en trois secondes ce dont il s'agit. L'objectif est d'obtenir des messages clairs et simples. Utilisez des images et des graphiques qui sont imm\u00e9diatement compr\u00e9hensibles.<\/p>\n<p>Il est ainsi plus difficile de dissimuler les liens de cause \u00e0 effet. Les effets sont plus visibles.<\/p>\n<h3><strong>Astuce n\u00b0 2 : faire entrer l'avenir dans le pr\u00e9sent !<\/strong><\/h3>\n<p>Vous connaissez les indicateurs de d\u00e9calage habituels comme l'augmentation du chiffre d'affaires ou l'EBIT. Ceux-ci ne mesurent le succ\u00e8s que lorsqu'il est trop tard pour changer quelque chose. Les indicateurs de leads sont bien plus importants, car ils indiquent tr\u00e8s t\u00f4t si vous \u00eates sur la bonne voie.<\/p>\n<p>Un exercice personnel consiste \u00e0 \u00e9crire chaque soir trois choses que vous avez r\u00e9ussies aujourd'hui. Vous d\u00e9velopperez ainsi un sens du progr\u00e8s et resterez motiv\u00e9.<\/p>\n<h3><strong>Conseil n\u00b0 3 : veillez \u00e0 la clart\u00e9 !<\/strong><\/h3>\n<p>Dans de nombreuses entreprises, il est trop facile de dissimuler les choses. Un reporting clairement structur\u00e9 et des syst\u00e8mes transparents permettent d'\u00e9viter cela.<\/p>\n<p>Imaginez que vous ayez un syst\u00e8me CRM pour g\u00e9rer vos clients. La r\u00e8gle est la suivante : ce qui n'est pas dans le syst\u00e8me n'existe pas. Cela \u00e9vite les excuses et garantit des donn\u00e9es claires et compr\u00e9hensibles. Restez simple et compr\u00e9hensible pour qu'il soit difficile de cacher de mauvaises performances.<\/p>\n<h3><strong>Conclusion<\/strong><\/h3>\n<p>Ces trois conseils peuvent vous aider \u00e0 mettre votre \u00e9quipe et vous-m\u00eame sur la voie du succ\u00e8s. Rendez les choses visibles, utilisez des indicateurs de leads et cr\u00e9ez de la clart\u00e9. Vous verrez comment la performance de votre \u00e9quipe et votre propre productivit\u00e9 s'am\u00e9lioreront.<\/p>\n<p>&nbsp;<\/p>\n<p><i><strong>Vers l'auteur :<\/strong><br \/>\n<\/i><em>Volkmar V\u00f6lzke est un maximisateur de succ\u00e8s. Auteur de livres. Conseiller et consultant. Coach de formation. Orateur.\u00a0<a href=\"http:\/\/www.volkmarvoelzke.ch\/\">www.volkmarvoelzke.ch<\/a><\/em><\/p>","protected":false},"excerpt":{"rendered":"<p>Imaginez que chaque mensonge entra\u00eene, comme pour Pinocchio, un allongement du nez. Il y aurait moins de mensonges, car chaque mensonge serait imm\u00e9diatement visible. Le m\u00eame principe s'applique \u00e0 d'autres domaines. Si le fait de fumer provoquait imm\u00e9diatement des taches noires sur le visage, moins de gens fumeraient.<\/p>","protected":false},"author":4,"featured_media":28535,"comment_status":"closed","ping_status":"closed","sticky":false,"template":"","format":"standard","meta":{"_acf_changed":false,"_yoast_wpseo_focuskw":"Pinocchio","_yoast_wpseo_metadesc":"Wenn jede L\u00fcge wie bei Pinocchio dazu f\u00fchren w\u00fcrde, dass die Nase l\u00e4nger wird, g\u00e4be es weniger L\u00fcgen. Wie sieht es in anderen Bereichen aus?","articlekey":"","footnotes":""},"categories":[28],"tags":[115,177,4209,335],"class_list":["post-28534","post","type-post","status-publish","format-standard","has-post-thumbnail","hentry","category-management","tag-checklisten","tag-erfolgs-impuls","tag-kontinuierliche-verbesserung","tag-management-und-unternehmensfuehrung"],"acf":[],"yoast_head":"<!-- This site is optimized with the Yoast SEO plugin v27.5 - https:\/\/yoast.com\/product\/yoast-seo-wordpress\/ -->\n<title>Leadership \u00e0 la Pinocchio - Organisator<\/title>\n<meta name=\"description\" content=\"Wenn jede L\u00fcge wie bei Pinocchio dazu f\u00fchren w\u00fcrde, dass die Nase l\u00e4nger wird, g\u00e4be es weniger L\u00fcgen. Wie sieht es in anderen Bereichen aus?\" \/>\n<meta name=\"robots\" content=\"index, follow, max-snippet:-1, max-image-preview:large, max-video-preview:-1\" \/>\n<link rel=\"canonical\" href=\"https:\/\/www.organisator.ch\/fr\/gestion-2\/2024-07-25\/leadership-a-la-pinocchio\/\" \/>\n<meta property=\"og:locale\" content=\"fr_FR\" \/>\n<meta property=\"og:type\" content=\"article\" \/>\n<meta property=\"og:title\" content=\"Leadership \u00e0 la Pinocchio\" \/>\n<meta property=\"og:description\" content=\"Wenn jede L\u00fcge wie bei Pinocchio dazu f\u00fchren w\u00fcrde, dass die Nase l\u00e4nger wird, g\u00e4be es weniger L\u00fcgen. Wie sieht es in anderen Bereichen aus?\" \/>\n<meta property=\"og:url\" content=\"https:\/\/www.organisator.ch\/fr\/gestion-2\/2024-07-25\/leadership-a-la-pinocchio\/\" \/>\n<meta property=\"og:site_name\" content=\"Organisator\" \/>\n<meta property=\"article:publisher\" content=\"https:\/\/www.facebook.com\/OrganisatorFachmagazin\" \/>\n<meta property=\"article:published_time\" content=\"2024-07-25T11:45:55+00:00\" \/>\n<meta property=\"article:modified_time\" content=\"2024-08-20T08:04:18+00:00\" \/>\n<meta property=\"og:image\" content=\"https:\/\/www.organisator.ch\/wp-content\/uploads\/2024\/07\/Leadership-a-la-Pinocchio_Organisator.jpg\" \/>\n\t<meta property=\"og:image:width\" content=\"680\" \/>\n\t<meta property=\"og:image:height\" content=\"453\" \/>\n\t<meta property=\"og:image:type\" content=\"image\/jpeg\" \/>\n<meta name=\"author\" content=\"thomas.berner\" \/>\n<meta name=\"twitter:card\" content=\"summary_large_image\" \/>\n<meta name=\"twitter:title\" content=\"#Leadership \u00e0 la #Pinocchio\" \/>\n<meta name=\"twitter:description\" content=\"Wenn jede L\u00fcge wie bei Pinocchio dazu f\u00fchren w\u00fcrde, dass die Nase l\u00e4nger wird, g\u00e4be es weniger L\u00fcgen. Wie sieht es in anderen Bereichen aus?\" \/>\n<meta name=\"twitter:image\" content=\"https:\/\/www.organisator.ch\/wp-content\/uploads\/2024\/07\/Leadership-a-la-Pinocchio_Organisator.jpg\" \/>\n<script type=\"application\/ld+json\" class=\"yoast-schema-graph\">{\"@context\":\"https:\\\/\\\/schema.org\",\"@graph\":[{\"@type\":\"Article\",\"@id\":\"https:\\\/\\\/www.organisator.ch\\\/management\\\/2024-07-25\\\/leadership-a-la-pinocchio\\\/#article\",\"isPartOf\":{\"@id\":\"https:\\\/\\\/www.organisator.ch\\\/management\\\/2024-07-25\\\/leadership-a-la-pinocchio\\\/\"},\"author\":{\"name\":\"thomas.berner\",\"@id\":\"https:\\\/\\\/www.organisator.ch\\\/#\\\/schema\\\/person\\\/6f650f90b2842cd4c0cc334b4e36f67e\"},\"headline\":\"Leadership \u00e0 la Pinocchio\",\"datePublished\":\"2024-07-25T11:45:55+00:00\",\"dateModified\":\"2024-08-20T08:04:18+00:00\",\"mainEntityOfPage\":{\"@id\":\"https:\\\/\\\/www.organisator.ch\\\/management\\\/2024-07-25\\\/leadership-a-la-pinocchio\\\/\"},\"wordCount\":421,\"publisher\":{\"@id\":\"https:\\\/\\\/www.organisator.ch\\\/#organization\"},\"image\":{\"@id\":\"https:\\\/\\\/www.organisator.ch\\\/management\\\/2024-07-25\\\/leadership-a-la-pinocchio\\\/#primaryimage\"},\"thumbnailUrl\":\"https:\\\/\\\/www.organisator.ch\\\/wp-content\\\/uploads\\\/2024\\\/07\\\/Leadership-a-la-Pinocchio_Organisator.jpg\",\"keywords\":[\"Checklisten\",\"Erfolgs-Impuls\",\"Kontinuierliche Verbesserung\",\"Management und Unternehmensf\u00fchrung\"],\"articleSection\":[\"MANAGEMENT\"],\"inLanguage\":\"fr-FR\"},{\"@type\":\"WebPage\",\"@id\":\"https:\\\/\\\/www.organisator.ch\\\/management\\\/2024-07-25\\\/leadership-a-la-pinocchio\\\/\",\"url\":\"https:\\\/\\\/www.organisator.ch\\\/management\\\/2024-07-25\\\/leadership-a-la-pinocchio\\\/\",\"name\":\"Leadership \u00e0 la Pinocchio - Organisator\",\"isPartOf\":{\"@id\":\"https:\\\/\\\/www.organisator.ch\\\/#website\"},\"primaryImageOfPage\":{\"@id\":\"https:\\\/\\\/www.organisator.ch\\\/management\\\/2024-07-25\\\/leadership-a-la-pinocchio\\\/#primaryimage\"},\"image\":{\"@id\":\"https:\\\/\\\/www.organisator.ch\\\/management\\\/2024-07-25\\\/leadership-a-la-pinocchio\\\/#primaryimage\"},\"thumbnailUrl\":\"https:\\\/\\\/www.organisator.ch\\\/wp-content\\\/uploads\\\/2024\\\/07\\\/Leadership-a-la-Pinocchio_Organisator.jpg\",\"datePublished\":\"2024-07-25T11:45:55+00:00\",\"dateModified\":\"2024-08-20T08:04:18+00:00\",\"description\":\"Wenn jede L\u00fcge wie bei Pinocchio dazu f\u00fchren w\u00fcrde, dass die Nase l\u00e4nger wird, g\u00e4be es weniger L\u00fcgen. Wie sieht es in anderen Bereichen aus?\",\"breadcrumb\":{\"@id\":\"https:\\\/\\\/www.organisator.ch\\\/management\\\/2024-07-25\\\/leadership-a-la-pinocchio\\\/#breadcrumb\"},\"inLanguage\":\"fr-FR\",\"potentialAction\":[{\"@type\":\"ReadAction\",\"target\":[\"https:\\\/\\\/www.organisator.ch\\\/management\\\/2024-07-25\\\/leadership-a-la-pinocchio\\\/\"]}]},{\"@type\":\"ImageObject\",\"inLanguage\":\"fr-FR\",\"@id\":\"https:\\\/\\\/www.organisator.ch\\\/management\\\/2024-07-25\\\/leadership-a-la-pinocchio\\\/#primaryimage\",\"url\":\"https:\\\/\\\/www.organisator.ch\\\/wp-content\\\/uploads\\\/2024\\\/07\\\/Leadership-a-la-Pinocchio_Organisator.jpg\",\"contentUrl\":\"https:\\\/\\\/www.organisator.ch\\\/wp-content\\\/uploads\\\/2024\\\/07\\\/Leadership-a-la-Pinocchio_Organisator.jpg\",\"width\":680,\"height\":453,\"caption\":\"Wenn Pinoccio l\u00fcgt, wird seine Nase l\u00e4nger. Bedeutet: Sch\u00e4dliches Verhalten hat Konsequenzen - auch im Gesch\u00e4ftsleben. (Bild: Schwerdhoefer \\\/ Pixabay.com)\"},{\"@type\":\"BreadcrumbList\",\"@id\":\"https:\\\/\\\/www.organisator.ch\\\/management\\\/2024-07-25\\\/leadership-a-la-pinocchio\\\/#breadcrumb\",\"itemListElement\":[{\"@type\":\"ListItem\",\"position\":1,\"name\":\"Home\",\"item\":\"https:\\\/\\\/www.organisator.ch\\\/\"},{\"@type\":\"ListItem\",\"position\":2,\"name\":\"Leadership \u00e0 la Pinocchio\"}]},{\"@type\":\"WebSite\",\"@id\":\"https:\\\/\\\/www.organisator.ch\\\/#website\",\"url\":\"https:\\\/\\\/www.organisator.ch\\\/\",\"name\":\"Organisator\",\"description\":\"Kompetent. Praxisnah. Der ORGANISATOR bereitet in 10 Ausgaben pro Jahr die wesentlichen Themen f\u00fcr F\u00fchrungskr\u00e4fte von KMU auf.\",\"publisher\":{\"@id\":\"https:\\\/\\\/www.organisator.ch\\\/#organization\"},\"potentialAction\":[{\"@type\":\"SearchAction\",\"target\":{\"@type\":\"EntryPoint\",\"urlTemplate\":\"https:\\\/\\\/www.organisator.ch\\\/?s={search_term_string}\"},\"query-input\":{\"@type\":\"PropertyValueSpecification\",\"valueRequired\":true,\"valueName\":\"search_term_string\"}}],\"inLanguage\":\"fr-FR\"},{\"@type\":\"Organization\",\"@id\":\"https:\\\/\\\/www.organisator.ch\\\/#organization\",\"name\":\"Organisator\",\"url\":\"https:\\\/\\\/www.organisator.ch\\\/\",\"logo\":{\"@type\":\"ImageObject\",\"inLanguage\":\"fr-FR\",\"@id\":\"https:\\\/\\\/www.organisator.ch\\\/#\\\/schema\\\/logo\\\/image\\\/\",\"url\":\"https:\\\/\\\/www.organisator.ch\\\/wp-content\\\/uploads\\\/2022\\\/01\\\/Logo_Organisator_Website.png\",\"contentUrl\":\"https:\\\/\\\/www.organisator.ch\\\/wp-content\\\/uploads\\\/2022\\\/01\\\/Logo_Organisator_Website.png\",\"width\":800,\"height\":77,\"caption\":\"Organisator\"},\"image\":{\"@id\":\"https:\\\/\\\/www.organisator.ch\\\/#\\\/schema\\\/logo\\\/image\\\/\"},\"sameAs\":[\"https:\\\/\\\/www.facebook.com\\\/OrganisatorFachmagazin\",\"https:\\\/\\\/www.linkedin.com\\\/showcase\\\/organisator-das-magazin-fr-kmu\",\"https:\\\/\\\/www.xing.com\\\/news\\\/pages\\\/organisator-ch-695\",\"https:\\\/\\\/www.youtube.com\\\/channel\\\/UCGP2Sq0iWaZwT3BdIAQFYpw\"]},{\"@type\":\"Person\",\"@id\":\"https:\\\/\\\/www.organisator.ch\\\/#\\\/schema\\\/person\\\/6f650f90b2842cd4c0cc334b4e36f67e\",\"name\":\"thomas.berner\",\"image\":{\"@type\":\"ImageObject\",\"inLanguage\":\"fr-FR\",\"@id\":\"https:\\\/\\\/secure.gravatar.com\\\/avatar\\\/ac5001d2a36cb6c6cd3e50789007ffca834b477b74a2144564522e944eabff61?s=96&d=mm&r=g\",\"url\":\"https:\\\/\\\/secure.gravatar.com\\\/avatar\\\/ac5001d2a36cb6c6cd3e50789007ffca834b477b74a2144564522e944eabff61?s=96&d=mm&r=g\",\"contentUrl\":\"https:\\\/\\\/secure.gravatar.com\\\/avatar\\\/ac5001d2a36cb6c6cd3e50789007ffca834b477b74a2144564522e944eabff61?s=96&d=mm&r=g\",\"caption\":\"thomas.berner\"},\"url\":\"https:\\\/\\\/www.organisator.ch\\\/fr\\\/author\\\/thomas-berner\\\/\"}]}<\/script>\n<!-- \/ Yoast SEO plugin. -->","yoast_head_json":{"title":"Leadership \u00e0 la Pinocchio - Organisateur","description":"Si chaque mensonge, comme celui de Pinocchio, avait pour cons\u00e9quence d'allonger le nez, il y aurait moins de mensonges. Qu'en est-il dans d'autres domaines ?","robots":{"index":"index","follow":"follow","max-snippet":"max-snippet:-1","max-image-preview":"max-image-preview:large","max-video-preview":"max-video-preview:-1"},"canonical":"https:\/\/www.organisator.ch\/fr\/gestion-2\/2024-07-25\/leadership-a-la-pinocchio\/","og_locale":"fr_FR","og_type":"article","og_title":"Leadership \u00e0 la Pinocchio","og_description":"Wenn jede L\u00fcge wie bei Pinocchio dazu f\u00fchren w\u00fcrde, dass die Nase l\u00e4nger wird, g\u00e4be es weniger L\u00fcgen. Wie sieht es in anderen Bereichen aus?","og_url":"https:\/\/www.organisator.ch\/fr\/gestion-2\/2024-07-25\/leadership-a-la-pinocchio\/","og_site_name":"Organisator","article_publisher":"https:\/\/www.facebook.com\/OrganisatorFachmagazin","article_published_time":"2024-07-25T11:45:55+00:00","article_modified_time":"2024-08-20T08:04:18+00:00","og_image":[{"width":680,"height":453,"url":"https:\/\/www.organisator.ch\/wp-content\/uploads\/2024\/07\/Leadership-a-la-Pinocchio_Organisator.jpg","type":"image\/jpeg"}],"author":"thomas.berner","twitter_card":"summary_large_image","twitter_title":"#Leadership \u00e0 la #Pinocchio","twitter_description":"Wenn jede L\u00fcge wie bei Pinocchio dazu f\u00fchren w\u00fcrde, dass die Nase l\u00e4nger wird, g\u00e4be es weniger L\u00fcgen. Wie sieht es in anderen Bereichen aus?","twitter_image":"https:\/\/www.organisator.ch\/wp-content\/uploads\/2024\/07\/Leadership-a-la-Pinocchio_Organisator.jpg","schema":{"@context":"https:\/\/schema.org","@graph":[{"@type":"Article","@id":"https:\/\/www.organisator.ch\/management\/2024-07-25\/leadership-a-la-pinocchio\/#article","isPartOf":{"@id":"https:\/\/www.organisator.ch\/management\/2024-07-25\/leadership-a-la-pinocchio\/"},"author":{"name":"thomas.berner","@id":"https:\/\/www.organisator.ch\/#\/schema\/person\/6f650f90b2842cd4c0cc334b4e36f67e"},"headline":"Leadership \u00e0 la Pinocchio","datePublished":"2024-07-25T11:45:55+00:00","dateModified":"2024-08-20T08:04:18+00:00","mainEntityOfPage":{"@id":"https:\/\/www.organisator.ch\/management\/2024-07-25\/leadership-a-la-pinocchio\/"},"wordCount":421,"publisher":{"@id":"https:\/\/www.organisator.ch\/#organization"},"image":{"@id":"https:\/\/www.organisator.ch\/management\/2024-07-25\/leadership-a-la-pinocchio\/#primaryimage"},"thumbnailUrl":"https:\/\/www.organisator.ch\/wp-content\/uploads\/2024\/07\/Leadership-a-la-Pinocchio_Organisator.jpg","keywords":["Checklisten","Erfolgs-Impuls","Kontinuierliche Verbesserung","Management und Unternehmensf\u00fchrung"],"articleSection":["MANAGEMENT"],"inLanguage":"fr-FR"},{"@type":"WebPage","@id":"https:\/\/www.organisator.ch\/management\/2024-07-25\/leadership-a-la-pinocchio\/","url":"https:\/\/www.organisator.ch\/management\/2024-07-25\/leadership-a-la-pinocchio\/","name":"Leadership \u00e0 la Pinocchio - Organisateur","isPartOf":{"@id":"https:\/\/www.organisator.ch\/#website"},"primaryImageOfPage":{"@id":"https:\/\/www.organisator.ch\/management\/2024-07-25\/leadership-a-la-pinocchio\/#primaryimage"},"image":{"@id":"https:\/\/www.organisator.ch\/management\/2024-07-25\/leadership-a-la-pinocchio\/#primaryimage"},"thumbnailUrl":"https:\/\/www.organisator.ch\/wp-content\/uploads\/2024\/07\/Leadership-a-la-Pinocchio_Organisator.jpg","datePublished":"2024-07-25T11:45:55+00:00","dateModified":"2024-08-20T08:04:18+00:00","description":"Si chaque mensonge, comme celui de Pinocchio, avait pour cons\u00e9quence d'allonger le nez, il y aurait moins de mensonges. Qu'en est-il dans d'autres domaines ?","breadcrumb":{"@id":"https:\/\/www.organisator.ch\/management\/2024-07-25\/leadership-a-la-pinocchio\/#breadcrumb"},"inLanguage":"fr-FR","potentialAction":[{"@type":"ReadAction","target":["https:\/\/www.organisator.ch\/management\/2024-07-25\/leadership-a-la-pinocchio\/"]}]},{"@type":"ImageObject","inLanguage":"fr-FR","@id":"https:\/\/www.organisator.ch\/management\/2024-07-25\/leadership-a-la-pinocchio\/#primaryimage","url":"https:\/\/www.organisator.ch\/wp-content\/uploads\/2024\/07\/Leadership-a-la-Pinocchio_Organisator.jpg","contentUrl":"https:\/\/www.organisator.ch\/wp-content\/uploads\/2024\/07\/Leadership-a-la-Pinocchio_Organisator.jpg","width":680,"height":453,"caption":"Wenn Pinoccio l\u00fcgt, wird seine Nase l\u00e4nger. Bedeutet: Sch\u00e4dliches Verhalten hat Konsequenzen - auch im Gesch\u00e4ftsleben. (Bild: Schwerdhoefer \/ Pixabay.com)"},{"@type":"BreadcrumbList","@id":"https:\/\/www.organisator.ch\/management\/2024-07-25\/leadership-a-la-pinocchio\/#breadcrumb","itemListElement":[{"@type":"ListItem","position":1,"name":"Home","item":"https:\/\/www.organisator.ch\/"},{"@type":"ListItem","position":2,"name":"Leadership \u00e0 la Pinocchio"}]},{"@type":"WebSite","@id":"https:\/\/www.organisator.ch\/#website","url":"https:\/\/www.organisator.ch\/","name":"Organisateur","description":"Comp\u00e9tence et comp\u00e9tence. Proches de la pratique. L'ORGANISATEUR pr\u00e9pare 10 num\u00e9ros par an sur les th\u00e8mes essentiels pour les dirigeants de PME.","publisher":{"@id":"https:\/\/www.organisator.ch\/#organization"},"potentialAction":[{"@type":"SearchAction","target":{"@type":"EntryPoint","urlTemplate":"https:\/\/www.organisator.ch\/?s={search_term_string}"},"query-input":{"@type":"PropertyValueSpecification","valueRequired":true,"valueName":"search_term_string"}}],"inLanguage":"fr-FR"},{"@type":"Organization","@id":"https:\/\/www.organisator.ch\/#organization","name":"Organisateur","url":"https:\/\/www.organisator.ch\/","logo":{"@type":"ImageObject","inLanguage":"fr-FR","@id":"https:\/\/www.organisator.ch\/#\/schema\/logo\/image\/","url":"https:\/\/www.organisator.ch\/wp-content\/uploads\/2022\/01\/Logo_Organisator_Website.png","contentUrl":"https:\/\/www.organisator.ch\/wp-content\/uploads\/2022\/01\/Logo_Organisator_Website.png","width":800,"height":77,"caption":"Organisator"},"image":{"@id":"https:\/\/www.organisator.ch\/#\/schema\/logo\/image\/"},"sameAs":["https:\/\/www.facebook.com\/OrganisatorFachmagazin","https:\/\/www.linkedin.com\/showcase\/organisator-das-magazin-fr-kmu","https:\/\/www.xing.com\/news\/pages\/organisator-ch-695","https:\/\/www.youtube.com\/channel\/UCGP2Sq0iWaZwT3BdIAQFYpw"]},{"@type":"Person","@id":"https:\/\/www.organisator.ch\/#\/schema\/person\/6f650f90b2842cd4c0cc334b4e36f67e","name":"thomas.berner","image":{"@type":"ImageObject","inLanguage":"fr-FR","@id":"https:\/\/secure.gravatar.com\/avatar\/ac5001d2a36cb6c6cd3e50789007ffca834b477b74a2144564522e944eabff61?s=96&d=mm&r=g","url":"https:\/\/secure.gravatar.com\/avatar\/ac5001d2a36cb6c6cd3e50789007ffca834b477b74a2144564522e944eabff61?s=96&d=mm&r=g","contentUrl":"https:\/\/secure.gravatar.com\/avatar\/ac5001d2a36cb6c6cd3e50789007ffca834b477b74a2144564522e944eabff61?s=96&d=mm&r=g","caption":"thomas.berner"},"url":"https:\/\/www.organisator.ch\/fr\/author\/thomas-berner\/"}]}},"_links":{"self":[{"href":"https:\/\/www.organisator.ch\/fr\/wp-json\/wp\/v2\/posts\/28534","targetHints":{"allow":["GET"]}}],"collection":[{"href":"https:\/\/www.organisator.ch\/fr\/wp-json\/wp\/v2\/posts"}],"about":[{"href":"https:\/\/www.organisator.ch\/fr\/wp-json\/wp\/v2\/types\/post"}],"author":[{"embeddable":true,"href":"https:\/\/www.organisator.ch\/fr\/wp-json\/wp\/v2\/users\/4"}],"replies":[{"embeddable":true,"href":"https:\/\/www.organisator.ch\/fr\/wp-json\/wp\/v2\/comments?post=28534"}],"version-history":[{"count":5,"href":"https:\/\/www.organisator.ch\/fr\/wp-json\/wp\/v2\/posts\/28534\/revisions"}],"predecessor-version":[{"id":29133,"href":"https:\/\/www.organisator.ch\/fr\/wp-json\/wp\/v2\/posts\/28534\/revisions\/29133"}],"wp:featuredmedia":[{"embeddable":true,"href":"https:\/\/www.organisator.ch\/fr\/wp-json\/wp\/v2\/media\/28535"}],"wp:attachment":[{"href":"https:\/\/www.organisator.ch\/fr\/wp-json\/wp\/v2\/media?parent=28534"}],"wp:term":[{"taxonomy":"category","embeddable":true,"href":"https:\/\/www.organisator.ch\/fr\/wp-json\/wp\/v2\/categories?post=28534"},{"taxonomy":"post_tag","embeddable":true,"href":"https:\/\/www.organisator.ch\/fr\/wp-json\/wp\/v2\/tags?post=28534"}],"curies":[{"name":"wp","href":"https:\/\/api.w.org\/{rel}","templated":true}]}}