{"id":2855,"date":"2017-12-08T15:54:21","date_gmt":"2017-12-08T14:54:21","guid":{"rendered":"https:\/\/www.organisator.ch\/?p=2855"},"modified":"2017-12-08T15:54:21","modified_gmt":"2017-12-08T14:54:21","slug":"menschen-und-kuenstliche-intelligenz-ist-kooperation-moeglich","status":"publish","type":"post","link":"https:\/\/www.organisator.ch\/fr\/management\/it\/2017-12-08\/menschen-und-kuenstliche-intelligenz-ist-kooperation-moeglich\/","title":{"rendered":"Les humains et l'intelligence artificielle : la coop\u00e9ration est-elle possible ?"},"content":{"rendered":"<figure id=\"attachment_2856\" aria-describedby=\"caption-attachment-2856\" style=\"width: 640px\" class=\"wp-caption alignnone\"><img loading=\"lazy\" decoding=\"async\" class=\"size-full wp-image-2856\" src=\"https:\/\/www.organisator.ch\/wp-content\/uploads\/2017\/12\/Menschen-und-Kuenstliche-Intelligenz-Ist-Kooperation-moeglich_Organisator.jpg\" alt=\"\" width=\"640\" height=\"480\" srcset=\"https:\/\/www.organisator.ch\/wp-content\/uploads\/2017\/12\/Menschen-und-Kuenstliche-Intelligenz-Ist-Kooperation-moeglich_Organisator.jpg 640w, https:\/\/www.organisator.ch\/wp-content\/uploads\/2017\/12\/Menschen-und-Kuenstliche-Intelligenz-Ist-Kooperation-moeglich_Organisator-16x12.jpg 16w, https:\/\/www.organisator.ch\/wp-content\/uploads\/2017\/12\/Menschen-und-Kuenstliche-Intelligenz-Ist-Kooperation-moeglich_Organisator-233x175.jpg 233w, https:\/\/www.organisator.ch\/wp-content\/uploads\/2017\/12\/Menschen-und-Kuenstliche-Intelligenz-Ist-Kooperation-moeglich_Organisator-467x350.jpg 467w, https:\/\/www.organisator.ch\/wp-content\/uploads\/2017\/12\/Menschen-und-Kuenstliche-Intelligenz-Ist-Kooperation-moeglich_Organisator-300x225.jpg 300w\" sizes=\"auto, (max-width: 640px) 100vw, 640px\" \/><figcaption id=\"caption-attachment-2856\" class=\"wp-caption-text\">Ceux qui craignent l'intelligence artificielle : Dans chaque robot se trouvent des programmes faits par l'homme. (Image : Dieter Sch\u00fctz \/ pixelio.de)<\/figcaption><\/figure>\n<p>Dois-je jouer moi-m\u00eame de mon instrument ou plut\u00f4t mettre un CD ? Qui ne s'est pas d\u00e9j\u00e0 pos\u00e9 cette question ? En principe, les deux ont leur place. Chaque d\u00e9cision conduit \u00e0 une exp\u00e9rience diff\u00e9rente. L'une conduit \u00e0 un plaisir pour les oreilles, l'autre \u00e0 une exp\u00e9rience haptique aux chances de succ\u00e8s ind\u00e9termin\u00e9es. Mais il est fort probable que l'on joue de mieux en mieux \u00e0 chaque fois. Ceux qui aiment le karaok\u00e9 peuvent m\u00eame faire cause commune avec la musique de conserve.<\/p>\n<h2>O\u00f9 l'intelligence artificielle nous d\u00e9passe<\/h2>\n<p>\"Allons-nous encore jouer une partie d'\u00e9checs, se demandent certains. L'ordinateur nous a pourtant prouv\u00e9 depuis longtemps qu'il pouvait le faire mieux que chacun d'entre nous\". Celui qui, aujourd'hui encore, joue aux \u00e9checs avec une autre personne, passe ensemble un moment agr\u00e9able, charg\u00e9 d'une l\u00e9g\u00e8re tension. Rien que les mimiques et les gestes de l'adversaire sont souvent une exp\u00e9rience. M\u00eame avec les pokerfaces. O-Ton Edith Karl : \"J'ai r\u00e9ussi \u00e0 arracher au moins une grimace \u00e0 presque tout le monde, g\u00e9n\u00e9ralement plusieurs\". Jouer contre l'ordinateur d'\u00e9checs conf\u00e8re en revanche l'ind\u00e9pendance par rapport \u00e0 l'emploi du temps des autres. De plus, cela permet de s'entra\u00eener patiemment et de s'am\u00e9liorer de plus en plus. On ne pourra toutefois jamais vaincre cette machine. Le facteur plaisir dispara\u00eet \u00e9galement.<\/p>\n<p>Il existe d'autres exemples o\u00f9 l'intelligence artificielle nous d\u00e9passe largement. Le Dr Watson d'IBM diagnostique rapidement et avec un taux de r\u00e9ussite maximal. Ce n'est qu'un exemple parmi tant d'autres. Mais certaines personnes ne veulent ou ne peuvent pas appr\u00e9cier l'aide ainsi obtenue et le gain de temps qui en r\u00e9sulte. Cela leur d\u00e9pla\u00eet d'\u00eatre quasiment vaincues. Qui plus est par une machine. Leur comportement rappelle alors celui des attaquants de machines au d\u00e9but du 19e si\u00e8cle. Eux aussi avaient peur de perdre leur prestige et leur importance. Bien s\u00fbr, il y avait aussi \u00e0 l'\u00e9poque de la fiert\u00e9 professionnelle. On trouvait finalement un sens \u00e0 son travail manuel. Les journ\u00e9es de travail excessivement longues avec un travail physique p\u00e9nible \u00e9taient entre-temps devenues une habitude. On ne connaissait rien d'autre. On les acceptait donc comme in\u00e9vitables.<\/p>\n<h2>Un niveau de vie plus \u00e9lev\u00e9 - notamment gr\u00e2ce \u00e0 la num\u00e9risation<\/h2>\n<p>Les gens se portent beaucoup mieux depuis lors, malgr\u00e9 le recours aux machines. Le travail physique p\u00e9nible a diminu\u00e9, leur niveau de vie est plus \u00e9lev\u00e9 et ils peuvent profiter de plus de temps libre qu'\u00e0 l'\u00e9poque. Ceux qui trouvent aujourd'hui leur sens dans l'artisanat, la petite agriculture ou d'autres branches professionnelles similaires peuvent se passer de la num\u00e9risation sur de longues distances. On n'en a besoin que pour garder une vue d'ensemble, lorsque la mise en r\u00e9seau avec les autres devient plus importante. En outre, il est possible d'automatiser presque partout et d'\u00e9conomiser ainsi du temps et de l'\u00e9nergie. Il s'agit donc d'apprendre et de se perfectionner dans ce domaine.<\/p>\n<p>L'intelligence artificielle est capable de saisir et de traiter d'\u00e9normes quantit\u00e9s de donn\u00e9es et de reconna\u00eetre tr\u00e8s rapidement les mod\u00e8les qui s'y trouvent. Cela permet de tirer des conclusions claires, et pas seulement dans le domaine m\u00e9dical. Celui qui veut se mesurer \u00e0 de telles machines est in\u00e9vitablement perdant. Toute personne int\u00e9ress\u00e9e peut toutefois les utiliser. Profitons et organisons la libert\u00e9 acquise. Sur la base des donn\u00e9es fournies par les machines, nous pouvons explorer beaucoup plus, faire des comparaisons, tirer des conclusions et prendre ensuite les mesures qui s'imposent.<\/p>\n<p>Certains craignent que les intelligences artificielles nous d\u00e9passent bient\u00f4t en tout et nous causent du tort. Il y a plusieurs opinions \u00e0 ce sujet.<\/p>\n<h2>Qui \u00e9labore les programmes pour les robots ?<\/h2>\n<p>La premi\u00e8re experte europ\u00e9enne en mati\u00e8re de mutations, Edith Karl, s'exprime \u00e0 ce sujet : La nouvelle d\u00e9sagr\u00e9able d'abord : oui, on travaille effectivement sur ce qu'on appelle des robots tueurs pour une utilisation guerri\u00e8re et criminelle. Ces robots pourraient alors poursuivre leurs cibles ou personnes cibles et accomplir leur \u0153uvre funeste avec pr\u00e9cision. Mais, s'il vous pla\u00eet, qui \u00e9labore les programmes pour cela ? Les humains, bien s\u00fbr. Et puis, il y a aussi des tueurs \u00e0 gages humains. Cette v\u00e9rit\u00e9 ne sonne pas tr\u00e8s bien, n'est-ce pas ? Qu'il s'agisse de tueurs \u00e0 gages ou de robots tueurs, il y a toujours un \u00eatre humain derri\u00e8re. Ne l'oublions jamais, s'il vous pla\u00eet. Dans chaque robot, il y a des programmes cr\u00e9\u00e9s par l'homme.<\/p>\n<p>Le message agr\u00e9able est le suivant : les hommes peuvent collaborer avec les intelligences artificielles de mani\u00e8re utile et salutaire. Un trajet en voiture autonome permet de gagner du temps. Un regard cibl\u00e9 sur la diversit\u00e9 des donn\u00e9es r\u00e9v\u00e8le de nouveaux points de vue que l'on aurait probablement n\u00e9glig\u00e9s autrement.<\/p>\n<p>Pouvons-nous \u00e9galement fixer des limites au flux de donn\u00e9es afin de ne pas \u00eatre submerg\u00e9s ou trop transparents ? Chacun doit commencer par lui-m\u00eame. Quelles informations les gens mettent-ils volontairement sur les m\u00e9dias sociaux ? Quelles sont les demandes de contact auxquelles nous r\u00e9pondons positivement ? Il convient ici de faire preuve de discernement, conseille la pilote d'entreprise Karl.<\/p>\n<h2>Donner du sens \u00e0 l'intelligence artificielle<\/h2>\n<p>Elle r\u00e9sume ainsi : Toute personne, qu'il s'agisse d'un entrepreneur, d'un cadre ou d'un employ\u00e9, serait bien avis\u00e9e de s'informer sur les acquis de la num\u00e9risation et des intelligences artificielles et de les utiliser \u00e0 bon escient.<\/p>\n<p><em><strong>Plus d'informations :<\/strong><\/em><\/p>\n<p><span lang=\"DE\"><em>Edith Karl est l'associ\u00e9e g\u00e9rante de PowerManagement GmbH, une conf\u00e9renci\u00e8re motivante et une partenaire d'interview inspirante. Ses podcasts sont d\u00e9j\u00e0 \u00e9cout\u00e9s dans 106 pays. La th\u00e8se d'Edith Karl, premi\u00e8re experte en sourdine d'Europe, est la suivante : \"On ne peut plus continuer ainsi. L'homme et l'\u00e9conomie doivent \u00e0 nouveau se rapprocher en donnant plus de sens\" ! Au cours de trois d\u00e9cennies et demie de pilotage d'entreprise, elle a d\u00e9velopp\u00e9 les \"nouvelles r\u00e8gles du jeu pour l'homme et l'\u00e9conomie aujourd'hui\".<\/em> <\/span><\/p>\n<p><em><a href=\"http:\/\/www.edithkarl.com\/live-vortrag\/\">Ici<\/a> pour assister \u00e0 une conf\u00e9rence en direct d'Edith Karl<\/em><\/p>\n<p>&nbsp;<\/p>","protected":false},"excerpt":{"rendered":"<p>Soll ich selbst mein Instrument spielen oder lieber eine CD einlegen? Wer hat sich nicht schon diese Frage gestellt. Im Prinzip hat beides Platz. Jede Entscheidung f\u00fchrt zu einem anderen Erlebnis. Die eine zu einem Ohrenschmaus, die andere zu einem haptischen Erlebnis mit unbestimmter Aussicht auf Erfolg. Man spielt aber mit hoher Wahrscheinlichkeit von Mal [&hellip;]<\/p>\n","protected":false},"author":4,"featured_media":2856,"comment_status":"open","ping_status":"open","sticky":false,"template":"","format":"standard","meta":{"_acf_changed":false,"_yoast_wpseo_focuskw":"Roboter","_yoast_wpseo_metadesc":"Viele Menschen f\u00fchlen sich von der K\u00fcnstlichen Intelligenz bedroht. Wie bedrohlich ist sie wirklich und welche Stellung kommt dem Menschen dabei zu?","articlekey":"","footnotes":""},"categories":[27],"tags":[156,286,319,420,508],"class_list":["post-2855","post","type-post","status-publish","format-standard","has-post-thumbnail","hentry","category-it","tag-digitalisierung","tag-it","tag-kuenstliche-intelligenz","tag-robotik","tag-vermischtes"],"acf":[],"yoast_head":"<!-- This site is optimized with the Yoast SEO plugin v27.5 - https:\/\/yoast.com\/product\/yoast-seo-wordpress\/ -->\n<title>Menschen und K\u00fcnstliche Intelligenz: Ist Kooperation m\u00f6glich? - Organisator<\/title>\n<meta name=\"description\" content=\"Viele Menschen f\u00fchlen sich von der K\u00fcnstlichen Intelligenz bedroht. Wie bedrohlich ist sie wirklich und welche Stellung kommt dem Menschen dabei zu?\" \/>\n<meta name=\"robots\" content=\"index, follow, max-snippet:-1, max-image-preview:large, max-video-preview:-1\" \/>\n<link rel=\"canonical\" href=\"https:\/\/www.organisator.ch\/fr\/gestion-2\/it\/2017-12-08\/menschen-und-kuenstliche-intelligenz-ist-kooperation-moeglich\/\" \/>\n<meta property=\"og:locale\" content=\"fr_FR\" \/>\n<meta property=\"og:type\" content=\"article\" \/>\n<meta property=\"og:title\" content=\"Menschen und K\u00fcnstliche Intelligenz: Ist Kooperation m\u00f6glich?\" \/>\n<meta property=\"og:description\" content=\"Viele Menschen f\u00fchlen sich von der K\u00fcnstlichen Intelligenz bedroht. Wie bedrohlich ist sie wirklich und welche Stellung kommt dem Menschen dabei zu?\" \/>\n<meta property=\"og:url\" content=\"https:\/\/www.organisator.ch\/fr\/gestion-2\/it\/2017-12-08\/menschen-und-kuenstliche-intelligenz-ist-kooperation-moeglich\/\" \/>\n<meta property=\"og:site_name\" content=\"Organisator\" \/>\n<meta property=\"article:publisher\" content=\"https:\/\/www.facebook.com\/OrganisatorFachmagazin\" \/>\n<meta property=\"article:published_time\" content=\"2017-12-08T14:54:21+00:00\" \/>\n<meta property=\"og:image\" content=\"https:\/\/www.organisator.ch\/wp-content\/uploads\/2017\/12\/Menschen-und-Kuenstliche-Intelligenz-Ist-Kooperation-moeglich_Organisator.jpg\" \/>\n\t<meta property=\"og:image:width\" content=\"640\" \/>\n\t<meta property=\"og:image:height\" content=\"480\" \/>\n\t<meta property=\"og:image:type\" content=\"image\/jpeg\" \/>\n<meta name=\"author\" content=\"thomas.berner\" \/>\n<meta name=\"twitter:card\" content=\"summary_large_image\" \/>\n<meta name=\"twitter:title\" content=\"Menschen und #K\u00fcnstlicheIntelligenz: Ist Kooperation m\u00f6glich?\" \/>\n<meta name=\"twitter:description\" content=\"Viele Menschen f\u00fchlen sich von der K\u00fcnstlichen Intelligenz bedroht. Wie bedrohlich ist #K\u00fcnstlicheIntelligenz wirklich und welche Stellung kommt dem Menschen dabei zu?\" \/>\n<meta name=\"twitter:image\" content=\"https:\/\/www.organisator.ch\/wp-content\/uploads\/2017\/12\/Menschen-und-K\u00fcnstliche-Intelligenz-Ist-Kooperation-m\u00f6glich_Organisator.jpg\" \/>\n<script type=\"application\/ld+json\" class=\"yoast-schema-graph\">{\"@context\":\"https:\\\/\\\/schema.org\",\"@graph\":[{\"@type\":\"Article\",\"@id\":\"https:\\\/\\\/www.organisator.ch\\\/management\\\/it\\\/2017-12-08\\\/menschen-und-kuenstliche-intelligenz-ist-kooperation-moeglich\\\/#article\",\"isPartOf\":{\"@id\":\"https:\\\/\\\/www.organisator.ch\\\/management\\\/it\\\/2017-12-08\\\/menschen-und-kuenstliche-intelligenz-ist-kooperation-moeglich\\\/\"},\"author\":{\"name\":\"thomas.berner\",\"@id\":\"https:\\\/\\\/www.organisator.ch\\\/#\\\/schema\\\/person\\\/6f650f90b2842cd4c0cc334b4e36f67e\"},\"headline\":\"Menschen und K\u00fcnstliche Intelligenz: Ist Kooperation m\u00f6glich?\",\"datePublished\":\"2017-12-08T14:54:21+00:00\",\"mainEntityOfPage\":{\"@id\":\"https:\\\/\\\/www.organisator.ch\\\/management\\\/it\\\/2017-12-08\\\/menschen-und-kuenstliche-intelligenz-ist-kooperation-moeglich\\\/\"},\"wordCount\":876,\"commentCount\":0,\"publisher\":{\"@id\":\"https:\\\/\\\/www.organisator.ch\\\/#organization\"},\"image\":{\"@id\":\"https:\\\/\\\/www.organisator.ch\\\/management\\\/it\\\/2017-12-08\\\/menschen-und-kuenstliche-intelligenz-ist-kooperation-moeglich\\\/#primaryimage\"},\"thumbnailUrl\":\"https:\\\/\\\/www.organisator.ch\\\/wp-content\\\/uploads\\\/2017\\\/12\\\/Menschen-und-Kuenstliche-Intelligenz-Ist-Kooperation-moeglich_Organisator.jpg\",\"keywords\":[\"Digitalisierung\",\"IT\",\"K\u00fcnstliche Intelligenz\",\"Robotik\",\"Vermischtes\"],\"articleSection\":[\"IT\"],\"inLanguage\":\"fr-FR\"},{\"@type\":\"WebPage\",\"@id\":\"https:\\\/\\\/www.organisator.ch\\\/management\\\/it\\\/2017-12-08\\\/menschen-und-kuenstliche-intelligenz-ist-kooperation-moeglich\\\/\",\"url\":\"https:\\\/\\\/www.organisator.ch\\\/management\\\/it\\\/2017-12-08\\\/menschen-und-kuenstliche-intelligenz-ist-kooperation-moeglich\\\/\",\"name\":\"Menschen und K\u00fcnstliche Intelligenz: Ist Kooperation m\u00f6glich? - Organisator\",\"isPartOf\":{\"@id\":\"https:\\\/\\\/www.organisator.ch\\\/#website\"},\"primaryImageOfPage\":{\"@id\":\"https:\\\/\\\/www.organisator.ch\\\/management\\\/it\\\/2017-12-08\\\/menschen-und-kuenstliche-intelligenz-ist-kooperation-moeglich\\\/#primaryimage\"},\"image\":{\"@id\":\"https:\\\/\\\/www.organisator.ch\\\/management\\\/it\\\/2017-12-08\\\/menschen-und-kuenstliche-intelligenz-ist-kooperation-moeglich\\\/#primaryimage\"},\"thumbnailUrl\":\"https:\\\/\\\/www.organisator.ch\\\/wp-content\\\/uploads\\\/2017\\\/12\\\/Menschen-und-Kuenstliche-Intelligenz-Ist-Kooperation-moeglich_Organisator.jpg\",\"datePublished\":\"2017-12-08T14:54:21+00:00\",\"description\":\"Viele Menschen f\u00fchlen sich von der K\u00fcnstlichen Intelligenz bedroht. Wie bedrohlich ist sie wirklich und welche Stellung kommt dem Menschen dabei zu?\",\"breadcrumb\":{\"@id\":\"https:\\\/\\\/www.organisator.ch\\\/management\\\/it\\\/2017-12-08\\\/menschen-und-kuenstliche-intelligenz-ist-kooperation-moeglich\\\/#breadcrumb\"},\"inLanguage\":\"fr-FR\",\"potentialAction\":[{\"@type\":\"ReadAction\",\"target\":[\"https:\\\/\\\/www.organisator.ch\\\/management\\\/it\\\/2017-12-08\\\/menschen-und-kuenstliche-intelligenz-ist-kooperation-moeglich\\\/\"]}]},{\"@type\":\"ImageObject\",\"inLanguage\":\"fr-FR\",\"@id\":\"https:\\\/\\\/www.organisator.ch\\\/management\\\/it\\\/2017-12-08\\\/menschen-und-kuenstliche-intelligenz-ist-kooperation-moeglich\\\/#primaryimage\",\"url\":\"https:\\\/\\\/www.organisator.ch\\\/wp-content\\\/uploads\\\/2017\\\/12\\\/Menschen-und-Kuenstliche-Intelligenz-Ist-Kooperation-moeglich_Organisator.jpg\",\"contentUrl\":\"https:\\\/\\\/www.organisator.ch\\\/wp-content\\\/uploads\\\/2017\\\/12\\\/Menschen-und-Kuenstliche-Intelligenz-Ist-Kooperation-moeglich_Organisator.jpg\",\"width\":640,\"height\":480,\"caption\":\"Wer auch immer die K\u00fcnstliche Intelligenz f\u00fcrchtet: In jedem Roboter stecken von Menschen gemachte Programme. (Bild: Dieter Sch\u00fctz \\\/ pixelio.de)\"},{\"@type\":\"BreadcrumbList\",\"@id\":\"https:\\\/\\\/www.organisator.ch\\\/management\\\/it\\\/2017-12-08\\\/menschen-und-kuenstliche-intelligenz-ist-kooperation-moeglich\\\/#breadcrumb\",\"itemListElement\":[{\"@type\":\"ListItem\",\"position\":1,\"name\":\"Home\",\"item\":\"https:\\\/\\\/www.organisator.ch\\\/\"},{\"@type\":\"ListItem\",\"position\":2,\"name\":\"Menschen und K\u00fcnstliche Intelligenz: Ist Kooperation m\u00f6glich?\"}]},{\"@type\":\"WebSite\",\"@id\":\"https:\\\/\\\/www.organisator.ch\\\/#website\",\"url\":\"https:\\\/\\\/www.organisator.ch\\\/\",\"name\":\"Organisator\",\"description\":\"Kompetent. Praxisnah. Der ORGANISATOR bereitet in 10 Ausgaben pro Jahr die wesentlichen Themen f\u00fcr F\u00fchrungskr\u00e4fte von KMU auf.\",\"publisher\":{\"@id\":\"https:\\\/\\\/www.organisator.ch\\\/#organization\"},\"potentialAction\":[{\"@type\":\"SearchAction\",\"target\":{\"@type\":\"EntryPoint\",\"urlTemplate\":\"https:\\\/\\\/www.organisator.ch\\\/?s={search_term_string}\"},\"query-input\":{\"@type\":\"PropertyValueSpecification\",\"valueRequired\":true,\"valueName\":\"search_term_string\"}}],\"inLanguage\":\"fr-FR\"},{\"@type\":\"Organization\",\"@id\":\"https:\\\/\\\/www.organisator.ch\\\/#organization\",\"name\":\"Organisator\",\"url\":\"https:\\\/\\\/www.organisator.ch\\\/\",\"logo\":{\"@type\":\"ImageObject\",\"inLanguage\":\"fr-FR\",\"@id\":\"https:\\\/\\\/www.organisator.ch\\\/#\\\/schema\\\/logo\\\/image\\\/\",\"url\":\"https:\\\/\\\/www.organisator.ch\\\/wp-content\\\/uploads\\\/2022\\\/01\\\/Logo_Organisator_Website.png\",\"contentUrl\":\"https:\\\/\\\/www.organisator.ch\\\/wp-content\\\/uploads\\\/2022\\\/01\\\/Logo_Organisator_Website.png\",\"width\":800,\"height\":77,\"caption\":\"Organisator\"},\"image\":{\"@id\":\"https:\\\/\\\/www.organisator.ch\\\/#\\\/schema\\\/logo\\\/image\\\/\"},\"sameAs\":[\"https:\\\/\\\/www.facebook.com\\\/OrganisatorFachmagazin\",\"https:\\\/\\\/www.linkedin.com\\\/showcase\\\/organisator-das-magazin-fr-kmu\",\"https:\\\/\\\/www.xing.com\\\/news\\\/pages\\\/organisator-ch-695\",\"https:\\\/\\\/www.youtube.com\\\/channel\\\/UCGP2Sq0iWaZwT3BdIAQFYpw\"]},{\"@type\":\"Person\",\"@id\":\"https:\\\/\\\/www.organisator.ch\\\/#\\\/schema\\\/person\\\/6f650f90b2842cd4c0cc334b4e36f67e\",\"name\":\"thomas.berner\",\"image\":{\"@type\":\"ImageObject\",\"inLanguage\":\"fr-FR\",\"@id\":\"https:\\\/\\\/secure.gravatar.com\\\/avatar\\\/ac5001d2a36cb6c6cd3e50789007ffca834b477b74a2144564522e944eabff61?s=96&d=mm&r=g\",\"url\":\"https:\\\/\\\/secure.gravatar.com\\\/avatar\\\/ac5001d2a36cb6c6cd3e50789007ffca834b477b74a2144564522e944eabff61?s=96&d=mm&r=g\",\"contentUrl\":\"https:\\\/\\\/secure.gravatar.com\\\/avatar\\\/ac5001d2a36cb6c6cd3e50789007ffca834b477b74a2144564522e944eabff61?s=96&d=mm&r=g\",\"caption\":\"thomas.berner\"},\"url\":\"https:\\\/\\\/www.organisator.ch\\\/fr\\\/author\\\/thomas-berner\\\/\"}]}<\/script>\n<!-- \/ Yoast SEO plugin. -->","yoast_head_json":{"title":"Les humains et l'intelligence artificielle : la coop\u00e9ration est-elle possible ? - Organisateur","description":"De nombreuses personnes se sentent menac\u00e9es par l'intelligence artificielle. Dans quelle mesure est-elle r\u00e9ellement mena\u00e7ante et quelle est la place de l'homme dans ce contexte ?","robots":{"index":"index","follow":"follow","max-snippet":"max-snippet:-1","max-image-preview":"max-image-preview:large","max-video-preview":"max-video-preview:-1"},"canonical":"https:\/\/www.organisator.ch\/fr\/gestion-2\/it\/2017-12-08\/menschen-und-kuenstliche-intelligenz-ist-kooperation-moeglich\/","og_locale":"fr_FR","og_type":"article","og_title":"Menschen und K\u00fcnstliche Intelligenz: Ist Kooperation m\u00f6glich?","og_description":"Viele Menschen f\u00fchlen sich von der K\u00fcnstlichen Intelligenz bedroht. Wie bedrohlich ist sie wirklich und welche Stellung kommt dem Menschen dabei zu?","og_url":"https:\/\/www.organisator.ch\/fr\/gestion-2\/it\/2017-12-08\/menschen-und-kuenstliche-intelligenz-ist-kooperation-moeglich\/","og_site_name":"Organisator","article_publisher":"https:\/\/www.facebook.com\/OrganisatorFachmagazin","article_published_time":"2017-12-08T14:54:21+00:00","og_image":[{"width":640,"height":480,"url":"https:\/\/www.organisator.ch\/wp-content\/uploads\/2017\/12\/Menschen-und-Kuenstliche-Intelligenz-Ist-Kooperation-moeglich_Organisator.jpg","type":"image\/jpeg"}],"author":"thomas.berner","twitter_card":"summary_large_image","twitter_title":"Menschen und #K\u00fcnstlicheIntelligenz: Ist Kooperation m\u00f6glich?","twitter_description":"Viele Menschen f\u00fchlen sich von der K\u00fcnstlichen Intelligenz bedroht. Wie bedrohlich ist #K\u00fcnstlicheIntelligenz wirklich und welche Stellung kommt dem Menschen dabei zu?","twitter_image":"https:\/\/www.organisator.ch\/wp-content\/uploads\/2017\/12\/Menschen-und-K\u00fcnstliche-Intelligenz-Ist-Kooperation-m\u00f6glich_Organisator.jpg","schema":{"@context":"https:\/\/schema.org","@graph":[{"@type":"Article","@id":"https:\/\/www.organisator.ch\/management\/it\/2017-12-08\/menschen-und-kuenstliche-intelligenz-ist-kooperation-moeglich\/#article","isPartOf":{"@id":"https:\/\/www.organisator.ch\/management\/it\/2017-12-08\/menschen-und-kuenstliche-intelligenz-ist-kooperation-moeglich\/"},"author":{"name":"thomas.berner","@id":"https:\/\/www.organisator.ch\/#\/schema\/person\/6f650f90b2842cd4c0cc334b4e36f67e"},"headline":"Menschen und K\u00fcnstliche Intelligenz: Ist Kooperation m\u00f6glich?","datePublished":"2017-12-08T14:54:21+00:00","mainEntityOfPage":{"@id":"https:\/\/www.organisator.ch\/management\/it\/2017-12-08\/menschen-und-kuenstliche-intelligenz-ist-kooperation-moeglich\/"},"wordCount":876,"commentCount":0,"publisher":{"@id":"https:\/\/www.organisator.ch\/#organization"},"image":{"@id":"https:\/\/www.organisator.ch\/management\/it\/2017-12-08\/menschen-und-kuenstliche-intelligenz-ist-kooperation-moeglich\/#primaryimage"},"thumbnailUrl":"https:\/\/www.organisator.ch\/wp-content\/uploads\/2017\/12\/Menschen-und-Kuenstliche-Intelligenz-Ist-Kooperation-moeglich_Organisator.jpg","keywords":["Digitalisierung","IT","K\u00fcnstliche Intelligenz","Robotik","Vermischtes"],"articleSection":["IT"],"inLanguage":"fr-FR"},{"@type":"WebPage","@id":"https:\/\/www.organisator.ch\/management\/it\/2017-12-08\/menschen-und-kuenstliche-intelligenz-ist-kooperation-moeglich\/","url":"https:\/\/www.organisator.ch\/management\/it\/2017-12-08\/menschen-und-kuenstliche-intelligenz-ist-kooperation-moeglich\/","name":"Les humains et l'intelligence artificielle : la coop\u00e9ration est-elle possible ? - Organisateur","isPartOf":{"@id":"https:\/\/www.organisator.ch\/#website"},"primaryImageOfPage":{"@id":"https:\/\/www.organisator.ch\/management\/it\/2017-12-08\/menschen-und-kuenstliche-intelligenz-ist-kooperation-moeglich\/#primaryimage"},"image":{"@id":"https:\/\/www.organisator.ch\/management\/it\/2017-12-08\/menschen-und-kuenstliche-intelligenz-ist-kooperation-moeglich\/#primaryimage"},"thumbnailUrl":"https:\/\/www.organisator.ch\/wp-content\/uploads\/2017\/12\/Menschen-und-Kuenstliche-Intelligenz-Ist-Kooperation-moeglich_Organisator.jpg","datePublished":"2017-12-08T14:54:21+00:00","description":"De nombreuses personnes se sentent menac\u00e9es par l'intelligence artificielle. Dans quelle mesure est-elle r\u00e9ellement mena\u00e7ante et quelle est la place de l'homme dans ce contexte ?","breadcrumb":{"@id":"https:\/\/www.organisator.ch\/management\/it\/2017-12-08\/menschen-und-kuenstliche-intelligenz-ist-kooperation-moeglich\/#breadcrumb"},"inLanguage":"fr-FR","potentialAction":[{"@type":"ReadAction","target":["https:\/\/www.organisator.ch\/management\/it\/2017-12-08\/menschen-und-kuenstliche-intelligenz-ist-kooperation-moeglich\/"]}]},{"@type":"ImageObject","inLanguage":"fr-FR","@id":"https:\/\/www.organisator.ch\/management\/it\/2017-12-08\/menschen-und-kuenstliche-intelligenz-ist-kooperation-moeglich\/#primaryimage","url":"https:\/\/www.organisator.ch\/wp-content\/uploads\/2017\/12\/Menschen-und-Kuenstliche-Intelligenz-Ist-Kooperation-moeglich_Organisator.jpg","contentUrl":"https:\/\/www.organisator.ch\/wp-content\/uploads\/2017\/12\/Menschen-und-Kuenstliche-Intelligenz-Ist-Kooperation-moeglich_Organisator.jpg","width":640,"height":480,"caption":"Wer auch immer die K\u00fcnstliche Intelligenz f\u00fcrchtet: In jedem Roboter stecken von Menschen gemachte Programme. (Bild: Dieter Sch\u00fctz \/ pixelio.de)"},{"@type":"BreadcrumbList","@id":"https:\/\/www.organisator.ch\/management\/it\/2017-12-08\/menschen-und-kuenstliche-intelligenz-ist-kooperation-moeglich\/#breadcrumb","itemListElement":[{"@type":"ListItem","position":1,"name":"Home","item":"https:\/\/www.organisator.ch\/"},{"@type":"ListItem","position":2,"name":"Menschen und K\u00fcnstliche Intelligenz: Ist Kooperation m\u00f6glich?"}]},{"@type":"WebSite","@id":"https:\/\/www.organisator.ch\/#website","url":"https:\/\/www.organisator.ch\/","name":"Organisateur","description":"Comp\u00e9tence et comp\u00e9tence. Proches de la pratique. L'ORGANISATEUR pr\u00e9pare 10 num\u00e9ros par an sur les th\u00e8mes essentiels pour les dirigeants de PME.","publisher":{"@id":"https:\/\/www.organisator.ch\/#organization"},"potentialAction":[{"@type":"SearchAction","target":{"@type":"EntryPoint","urlTemplate":"https:\/\/www.organisator.ch\/?s={search_term_string}"},"query-input":{"@type":"PropertyValueSpecification","valueRequired":true,"valueName":"search_term_string"}}],"inLanguage":"fr-FR"},{"@type":"Organization","@id":"https:\/\/www.organisator.ch\/#organization","name":"Organisateur","url":"https:\/\/www.organisator.ch\/","logo":{"@type":"ImageObject","inLanguage":"fr-FR","@id":"https:\/\/www.organisator.ch\/#\/schema\/logo\/image\/","url":"https:\/\/www.organisator.ch\/wp-content\/uploads\/2022\/01\/Logo_Organisator_Website.png","contentUrl":"https:\/\/www.organisator.ch\/wp-content\/uploads\/2022\/01\/Logo_Organisator_Website.png","width":800,"height":77,"caption":"Organisator"},"image":{"@id":"https:\/\/www.organisator.ch\/#\/schema\/logo\/image\/"},"sameAs":["https:\/\/www.facebook.com\/OrganisatorFachmagazin","https:\/\/www.linkedin.com\/showcase\/organisator-das-magazin-fr-kmu","https:\/\/www.xing.com\/news\/pages\/organisator-ch-695","https:\/\/www.youtube.com\/channel\/UCGP2Sq0iWaZwT3BdIAQFYpw"]},{"@type":"Person","@id":"https:\/\/www.organisator.ch\/#\/schema\/person\/6f650f90b2842cd4c0cc334b4e36f67e","name":"thomas.berner","image":{"@type":"ImageObject","inLanguage":"fr-FR","@id":"https:\/\/secure.gravatar.com\/avatar\/ac5001d2a36cb6c6cd3e50789007ffca834b477b74a2144564522e944eabff61?s=96&d=mm&r=g","url":"https:\/\/secure.gravatar.com\/avatar\/ac5001d2a36cb6c6cd3e50789007ffca834b477b74a2144564522e944eabff61?s=96&d=mm&r=g","contentUrl":"https:\/\/secure.gravatar.com\/avatar\/ac5001d2a36cb6c6cd3e50789007ffca834b477b74a2144564522e944eabff61?s=96&d=mm&r=g","caption":"thomas.berner"},"url":"https:\/\/www.organisator.ch\/fr\/author\/thomas-berner\/"}]}},"_links":{"self":[{"href":"https:\/\/www.organisator.ch\/fr\/wp-json\/wp\/v2\/posts\/2855","targetHints":{"allow":["GET"]}}],"collection":[{"href":"https:\/\/www.organisator.ch\/fr\/wp-json\/wp\/v2\/posts"}],"about":[{"href":"https:\/\/www.organisator.ch\/fr\/wp-json\/wp\/v2\/types\/post"}],"author":[{"embeddable":true,"href":"https:\/\/www.organisator.ch\/fr\/wp-json\/wp\/v2\/users\/4"}],"replies":[{"embeddable":true,"href":"https:\/\/www.organisator.ch\/fr\/wp-json\/wp\/v2\/comments?post=2855"}],"version-history":[{"count":0,"href":"https:\/\/www.organisator.ch\/fr\/wp-json\/wp\/v2\/posts\/2855\/revisions"}],"wp:featuredmedia":[{"embeddable":true,"href":"https:\/\/www.organisator.ch\/fr\/wp-json\/wp\/v2\/media\/2856"}],"wp:attachment":[{"href":"https:\/\/www.organisator.ch\/fr\/wp-json\/wp\/v2\/media?parent=2855"}],"wp:term":[{"taxonomy":"category","embeddable":true,"href":"https:\/\/www.organisator.ch\/fr\/wp-json\/wp\/v2\/categories?post=2855"},{"taxonomy":"post_tag","embeddable":true,"href":"https:\/\/www.organisator.ch\/fr\/wp-json\/wp\/v2\/tags?post=2855"}],"curies":[{"name":"wp","href":"https:\/\/api.w.org\/{rel}","templated":true}]}}