{"id":2858,"date":"2017-12-11T08:19:07","date_gmt":"2017-12-11T07:19:07","guid":{"rendered":"https:\/\/www.organisator.ch\/?p=2858"},"modified":"2017-12-11T08:19:07","modified_gmt":"2017-12-11T07:19:07","slug":"der-fehler-dein-freund-und-helfer-erfahrungen-sammeln-und-daraus-lernen","status":"publish","type":"post","link":"https:\/\/www.organisator.ch\/fr\/human-resources\/fit_im_job\/2017-12-11\/der-fehler-dein-freund-und-helfer-erfahrungen-sammeln-und-daraus-lernen\/","title":{"rendered":"L'erreur - ton amie et ton aide. Faire des exp\u00e9riences et en tirer des le\u00e7ons"},"content":{"rendered":"<figure id=\"attachment_2860\" aria-describedby=\"caption-attachment-2860\" style=\"width: 640px\" class=\"wp-caption alignnone\"><img loading=\"lazy\" decoding=\"async\" class=\"size-full wp-image-2860\" src=\"https:\/\/www.organisator.ch\/wp-content\/uploads\/2017\/12\/Der-Fehler-dein-Freund-und-Helfer-Erfahrungen-sammeln-und-daraus-lernen_Organisator.jpg\" alt=\"\" width=\"640\" height=\"229\" srcset=\"https:\/\/www.organisator.ch\/wp-content\/uploads\/2017\/12\/Der-Fehler-dein-Freund-und-Helfer-Erfahrungen-sammeln-und-daraus-lernen_Organisator.jpg 640w, https:\/\/www.organisator.ch\/wp-content\/uploads\/2017\/12\/Der-Fehler-dein-Freund-und-Helfer-Erfahrungen-sammeln-und-daraus-lernen_Organisator-16x6.jpg 16w, https:\/\/www.organisator.ch\/wp-content\/uploads\/2017\/12\/Der-Fehler-dein-Freund-und-Helfer-Erfahrungen-sammeln-und-daraus-lernen_Organisator-375x134.jpg 375w, https:\/\/www.organisator.ch\/wp-content\/uploads\/2017\/12\/Der-Fehler-dein-Freund-und-Helfer-Erfahrungen-sammeln-und-daraus-lernen_Organisator-300x107.jpg 300w\" sizes=\"auto, (max-width: 640px) 100vw, 640px\" \/><figcaption id=\"caption-attachment-2860\" class=\"wp-caption-text\">\"Les grandes vertus rendent un homme admirable, les petits d\u00e9fauts le rendent attachant\". (Pearl S. Buck) (Image : pathdoc - Fotolia.com)<\/figcaption><\/figure>\n<p>\u00c0 l'\u00e9cole, les erreurs ont la f\u00e2cheuse tendance \u00e0 \u00eatre peintes en rouge, ce qui les rend clairement visibles. Il en va de m\u00eame pour les assiettes ou les tasses lorsqu'elles sont soumises au contr\u00f4le qualit\u00e9 en usine : Les petites \u00e9gratignures ou les d\u00e9fauts de vitrage sont impitoyablement marqu\u00e9s, les pi\u00e8ces sont class\u00e9es dans la cat\u00e9gorie des produits d\u00e9fectueux et \u00e9limin\u00e9es. Si quelque chose ne fonctionne pas correctement sur l'ordinateur, le mot \"error\" clignote impitoyablement. Si l'ordinateur doit \u00e0 nouveau fonctionner, il faut trouver les causes du message d'erreur, les \u00e9liminer et les \u00e9viter \u00e0 l'avenir.<\/p>\n<h2><strong>ERREUR = AIDE<\/strong><\/h2>\n<p>Les erreurs sont omnipr\u00e9sentes. Nous devons vivre avec elles. Pour qu'elles remplissent leur r\u00f4le et ne prennent pas le dessus, la cons\u00e9quence est d'en tirer des le\u00e7ons. Selon le principe de cause \u00e0 effet, chaque erreur a \u00e9galement un impact. La cons\u00e9quence : essayer de faire mieux en utilisant les erreurs comme des aides. C'est tr\u00e8s facile \u00e0 faire visuellement. Si, comme dans le jeu de Scrabble, les six lettres E E F H L R sont assembl\u00e9es pour former des mots, il peut en r\u00e9sulter aussi bien une ERREUR qu'une AIDE, une anagramme. Une petite erreur de lettre transforme le pr\u00e9tendu mal en bien. L'erreur devient une aide.<\/p>\n<p><em>\"La plus grande erreur que l'on puisse faire dans la vie, c'est d'avoir toujours peur de faire une erreur\". (<\/em><strong><em>Dietrich Bonhoeffer)<\/em><\/strong><\/p>\n<h2><strong>Faire des erreurs signifie acqu\u00e9rir de l'exp\u00e9rience<\/strong><\/h2>\n<p>Il n'est pas n\u00e9cessaire de commettre soi-m\u00eame toutes les erreurs, il est \u00e9galement possible d'apprendre des erreurs d'autrui en faisant ressortir ce qui est juste de ce qui est faux. Le savoir n\u00e9gatif m\u00e9moris\u00e9, c'est-\u00e0-dire la mani\u00e8re dont quelque chose n'est pas, ne fonctionne pas, quelle strat\u00e9gie ne m\u00e8ne pas \u00e0 une solution, quel concept est inad\u00e9quat parce qu'il donne les mauvais r\u00e9sultats, agit comme une sorte de syst\u00e8me immunitaire. Si nous nous retrouvons dans une situation similaire, cette information de base sur les obstacles nous permet d'orienter nos actions de mani\u00e8re \u00e0 ne pas r\u00e9p\u00e9ter la m\u00eame erreur. Le souvenir d\u00e9clenche une sorte de syst\u00e8me d'alarme et rappelle en m\u00eame temps une norme \u00e0 la conscience, ce qui peut provoquer un questionnement critique d'une part, mais aussi une transparence de la norme d'autre part. Cela devient \u00e9vident chaque fois que quelqu'un commet une erreur sans se rendre compte qu'il s'agit d'une erreur. De m\u00eame, lorsque nous faisons quelque chose de mal dans un pays \u00e9tranger, nous ne r\u00e9alisons souvent que plus tard pourquoi les gens ont r\u00e9agi de mani\u00e8re si \u00e9trange.<\/p>\n<p><em>\"Partout, un pressentiment pr\u00e9coce pr\u00e9c\u00e8de une connaissance tardive...\"<\/em><strong><em>\u00a0(Alexander von Humboldt)<\/em><\/strong><\/p>\n<h2><strong>Reconna\u00eetre ses erreurs<\/strong><\/h2>\n<p>Personne n'est infaillible et l'erreur est humaine. Lorsqu'une erreur s'est produite et a \u00e9t\u00e9 reconnue comme telle, la tentation est grande d'en rendre quelqu'un d'autre ou les circonstances d\u00e9favorables responsables, c'est-\u00e0-dire de rejeter la faute. Qui ne conna\u00eet pas la situation de l'enfance o\u00f9 une fen\u00eatre a \u00e9t\u00e9 bris\u00e9e en jouant au ballon. Personne ne veut \u00eatre responsable, m\u00eame si la vitre bris\u00e9e est une preuve \u00e9vidente. La r\u00e9action : partir rapidement pour ne pas \u00eatre tenu pour responsable. Ou, si l'on se fait prendre, rejeter la faute sur les autres. Ce n'est pas \u00e9tonnant, car pendant longtemps, il \u00e9tait d'usage de punir les erreurs. Et m\u00eame dans la (non)-hi\u00e9rarchie bureautique moderne, on ne cherche que trop volontiers \u00e0 se couvrir le plus largement possible au cas o\u00f9 une erreur se produirait. Il faut du courage pour avouer une erreur \u00e0 soi-m\u00eame et aux autres. D'un autre c\u00f4t\u00e9, l'aveu d'une erreur est g\u00e9n\u00e9ralement honor\u00e9 avec respect.<\/p>\n<p><em>\"Toute erreur comporte trois \u00e9tapes : Au premier, on lui donne vie, au deuxi\u00e8me, on ne veut pas l'admettre, au troisi\u00e8me, rien ne l'efface\". (<\/em><strong><em>Franz Grillparzer)<\/em><\/strong><\/p>\n<h2><em>\u00a0<\/em><strong>Transformer le n\u00e9gatif en positif<\/strong><\/h2>\n<p>Les erreurs sont rarement commises par calcul. Rares sont ceux qui agissent sciemment dans le but de nuire \u00e0 autrui. Derri\u00e8re chaque comportement se cache d'abord une intention positive (par exemple, tirer le ballon encore plus loin), m\u00eame si celle-ci n'est pas toujours visible au premier abord. Pour g\u00e9rer les erreurs, il est utile de partir d'une intention positive. En reconnaissant ce qui s'est mal pass\u00e9, on commence d\u00e9j\u00e0 \u00e0 passer du n\u00e9gatif au positif. Comme on sait maintenant ce qui n'allait pas, cet aspect, cette conclusion, cette \u00e9tape peut \u00eatre \u00e9vit\u00e9e ou organis\u00e9e diff\u00e9remment \u00e0 l'avenir. Si le d\u00e9clencheur n'est plus un inconnu, il perd de sa force. Son \u00e9nergie r\u00e9siduelle peut \u00eatre (r\u00e9)orient\u00e9e. Parce qu'elle conduirait dans la mauvaise direction, on peut sans crainte lui attribuer une place sur la voie de garage. Le potentiel r\u00e9side dans une \u00e9volution sans peur. Avec de la cr\u00e9ativit\u00e9 et du courage, une nouvelle force est lib\u00e9r\u00e9e pour emprunter une nouvelle voie, trouver une nouvelle solution.<\/p>\n<p><em>\"Couvrir une erreur par un mensonge, c'est remplacer une tache par un trou\".  (<\/em><strong><em>Aristote)<\/em><\/strong><\/p>\n<h2><strong>Autoriser les sentiments<\/strong><\/h2>\n<p>La prochaine fois, tout ira mieux. C'est une bonne r\u00e9solution, mais elle est vite remise en question si elle ne sert que de diversion ou d'excuse. Pour que cela se passe vraiment mieux la prochaine fois, il faut aussi changer de comportement. Si la volont\u00e9 est l\u00e0, c'est d\u00e9j\u00e0 un premier pas. Ce n'est pas pour rien que ce que nous faisons est tr\u00e8s \u00e9troitement li\u00e9 \u00e0 notre propre perception. Qui peut pr\u00e9tendre \u00eatre la meilleure version de lui-m\u00eame ? Il y a toujours de la marge. M\u00eame dans la confrontation avec les erreurs commises, nous sommes confront\u00e9s au choix de la mani\u00e8re dont nous voulons r\u00e9agir aux informations re\u00e7ues. Enerv\u00e9, dubitatif ou curieux ?<\/p>\n<p><em>\"Il faut transformer en vertus les d\u00e9fauts dont on ne peut se d\u00e9faire\".\u00a0<\/em><strong><em>\u00a0(Cesare Pavese)<\/em><\/strong><\/p>\n<h2>Regarder vers l'avant<\/h2>\n<p>Il n'est possible d'\u00e9valuer correctement une erreur et ses cons\u00e9quences qu'en regardant en arri\u00e8re. L'erreur est d\u00e9j\u00e0 pass\u00e9e. Mais la suite de la vie se d\u00e9roule dans le pr\u00e9sent et l'avenir. Malgr\u00e9 les mauvaises exp\u00e9riences, il faut aller de l'avant. C'est la seule fa\u00e7on de transformer les \u00e9checs. Ce n'est qu'en \u00e9voluant que l'on reste dans l'air du temps, que l'on reste comp\u00e9titif et que l'on r\u00e9ussit - et ce dans tous les domaines de la vie.<\/p>\n<p><strong><em>Vers l'auteur :<\/em><\/strong><\/p>\n<p><em>En tant que formateur \u00e0 la r\u00e9ussite et expert en psychologie de la vente, Marc M. Galal est convaincu que \"le grand secret de la r\u00e9ussite ou de l'\u00e9chec r\u00e9side dans l'attitude personnelle\" ! En s'appuyant sur des formations approfondies, il a d\u00e9velopp\u00e9 la strat\u00e9gie nls\u00ae. Au total, 1,6 million de personnes ont lu, entendu et vu Marc M. Galal en direct. De nombreuses entreprises comme Toyota, Bang &amp; Olufsen et Renault misent sur nls\u00ae depuis des ann\u00e9es. Dans ses s\u00e9minaires, Marc M. Galal lib\u00e8re les croyances inhibitrices et permet aux participants de prendre un nouveau d\u00e9part dans la vie de leurs r\u00eaves. Plus d'informations sur <a href=\"http:\/\/www.marcgalal.com\/nolimits\">www.marcgalal.com\/nolimits<\/a>.<\/em><\/p>","protected":false},"excerpt":{"rendered":"<p>In der Schule haben Fehler die unangenehme Eigenschaft, rot angestrichen zu werden und dadurch deutlich sichtbar zu sein. Nicht viel anders ergeht es Tellern oder Tassen, wenn sie in der Fabrik die Qualit\u00e4tskontrolle durchlaufen: Kleine Kratzer oder Glasurfehler werden unbarmherzig markiert, die Teile zur Fehlware abgestuft und aussortiert. L\u00e4uft beim Computer etwas falsch, blinkt gnadenlos [&hellip;]<\/p>\n","protected":false},"author":4,"featured_media":2860,"comment_status":"open","ping_status":"open","sticky":false,"template":"","format":"standard","meta":{"_acf_changed":false,"_yoast_wpseo_focuskw":"Fehler","_yoast_wpseo_metadesc":"Fehler haben ein negatives Image. Zu Unrecht. Denn Fehler k\u00f6nnen ein Leben lang bei der Weiterentwicklung helfen.","articlekey":"","footnotes":""},"categories":[25],"tags":[103,208,400,508],"class_list":["post-2858","post","type-post","status-publish","format-standard","has-post-thumbnail","hentry","category-fit_im_job","tag-business-excellence","tag-fit-im-job","tag-psychische-gesundheit","tag-vermischtes"],"acf":[],"yoast_head":"<!-- This site is optimized with the Yoast SEO plugin v27.5 - https:\/\/yoast.com\/product\/yoast-seo-wordpress\/ -->\n<title>Der Fehler \u2013 dein Freund und Helfer. Erfahrungen sammeln und daraus lernen - Organisator<\/title>\n<meta name=\"description\" content=\"Fehler haben ein negatives Image. Zu Unrecht. Denn Fehler k\u00f6nnen ein Leben lang bei der Weiterentwicklung helfen.\" \/>\n<meta name=\"robots\" content=\"index, follow, max-snippet:-1, max-image-preview:large, max-video-preview:-1\" \/>\n<link rel=\"canonical\" href=\"https:\/\/www.organisator.ch\/fr\/ressources-humaines\/fit_im_job\/2017-12-11\/der-fehler-dein-freund-und-helfer-erfahrungen-sammeln-und-daraus-lernen\/\" \/>\n<meta property=\"og:locale\" content=\"fr_FR\" \/>\n<meta property=\"og:type\" content=\"article\" \/>\n<meta property=\"og:title\" content=\"Der Fehler \u2013 dein Freund und Helfer. Erfahrungen sammeln und daraus lernen\" \/>\n<meta property=\"og:description\" content=\"Fehler haben ein negatives Image. Zu Unrecht. Denn Fehler k\u00f6nnen ein Leben lang bei der Weiterentwicklung helfen.\" \/>\n<meta property=\"og:url\" content=\"https:\/\/www.organisator.ch\/fr\/ressources-humaines\/fit_im_job\/2017-12-11\/der-fehler-dein-freund-und-helfer-erfahrungen-sammeln-und-daraus-lernen\/\" \/>\n<meta property=\"og:site_name\" content=\"Organisator\" \/>\n<meta property=\"article:publisher\" content=\"https:\/\/www.facebook.com\/OrganisatorFachmagazin\" \/>\n<meta property=\"article:published_time\" content=\"2017-12-11T07:19:07+00:00\" \/>\n<meta property=\"og:image\" content=\"https:\/\/www.organisator.ch\/wp-content\/uploads\/2017\/12\/Der-Fehler-dein-Freund-und-Helfer-Erfahrungen-sammeln-und-daraus-lernen_Organisator.jpg\" \/>\n\t<meta property=\"og:image:width\" content=\"640\" \/>\n\t<meta property=\"og:image:height\" content=\"229\" \/>\n\t<meta property=\"og:image:type\" content=\"image\/jpeg\" \/>\n<meta name=\"author\" content=\"thomas.berner\" \/>\n<meta name=\"twitter:card\" content=\"summary_large_image\" \/>\n<meta name=\"twitter:title\" content=\"Der #Fehler \u2013 dein #Freund und #Helfer. Erfahrungen sammeln und daraus lernen\" \/>\n<meta name=\"twitter:description\" content=\"#Fehler haben ein negatives Image. Zu Unrecht. Denn Fehler k\u00f6nnen ein Leben lang bei der #Weiterentwicklung helfen.\" \/>\n<meta name=\"twitter:image\" content=\"https:\/\/www.organisator.ch\/wp-content\/uploads\/2017\/12\/Der-Fehler-dein-Freund-und-Helfer-Erfahrungen-sammeln-und-daraus-lernen_Organisator.jpg\" \/>\n<script type=\"application\/ld+json\" class=\"yoast-schema-graph\">{\"@context\":\"https:\\\/\\\/schema.org\",\"@graph\":[{\"@type\":\"Article\",\"@id\":\"https:\\\/\\\/www.organisator.ch\\\/human-resources\\\/fit_im_job\\\/2017-12-11\\\/der-fehler-dein-freund-und-helfer-erfahrungen-sammeln-und-daraus-lernen\\\/#article\",\"isPartOf\":{\"@id\":\"https:\\\/\\\/www.organisator.ch\\\/human-resources\\\/fit_im_job\\\/2017-12-11\\\/der-fehler-dein-freund-und-helfer-erfahrungen-sammeln-und-daraus-lernen\\\/\"},\"author\":{\"name\":\"thomas.berner\",\"@id\":\"https:\\\/\\\/www.organisator.ch\\\/#\\\/schema\\\/person\\\/6f650f90b2842cd4c0cc334b4e36f67e\"},\"headline\":\"Der Fehler \u2013 dein Freund und Helfer. Erfahrungen sammeln und daraus lernen\",\"datePublished\":\"2017-12-11T07:19:07+00:00\",\"mainEntityOfPage\":{\"@id\":\"https:\\\/\\\/www.organisator.ch\\\/human-resources\\\/fit_im_job\\\/2017-12-11\\\/der-fehler-dein-freund-und-helfer-erfahrungen-sammeln-und-daraus-lernen\\\/\"},\"wordCount\":1093,\"commentCount\":0,\"publisher\":{\"@id\":\"https:\\\/\\\/www.organisator.ch\\\/#organization\"},\"image\":{\"@id\":\"https:\\\/\\\/www.organisator.ch\\\/human-resources\\\/fit_im_job\\\/2017-12-11\\\/der-fehler-dein-freund-und-helfer-erfahrungen-sammeln-und-daraus-lernen\\\/#primaryimage\"},\"thumbnailUrl\":\"https:\\\/\\\/www.organisator.ch\\\/wp-content\\\/uploads\\\/2017\\\/12\\\/Der-Fehler-dein-Freund-und-Helfer-Erfahrungen-sammeln-und-daraus-lernen_Organisator.jpg\",\"keywords\":[\"Business Excellence\",\"Fit im Job\",\"Psychische Gesundheit\",\"Vermischtes\"],\"articleSection\":[\"FIT IM JOB\"],\"inLanguage\":\"fr-FR\"},{\"@type\":\"WebPage\",\"@id\":\"https:\\\/\\\/www.organisator.ch\\\/human-resources\\\/fit_im_job\\\/2017-12-11\\\/der-fehler-dein-freund-und-helfer-erfahrungen-sammeln-und-daraus-lernen\\\/\",\"url\":\"https:\\\/\\\/www.organisator.ch\\\/human-resources\\\/fit_im_job\\\/2017-12-11\\\/der-fehler-dein-freund-und-helfer-erfahrungen-sammeln-und-daraus-lernen\\\/\",\"name\":\"Der Fehler \u2013 dein Freund und Helfer. Erfahrungen sammeln und daraus lernen - Organisator\",\"isPartOf\":{\"@id\":\"https:\\\/\\\/www.organisator.ch\\\/#website\"},\"primaryImageOfPage\":{\"@id\":\"https:\\\/\\\/www.organisator.ch\\\/human-resources\\\/fit_im_job\\\/2017-12-11\\\/der-fehler-dein-freund-und-helfer-erfahrungen-sammeln-und-daraus-lernen\\\/#primaryimage\"},\"image\":{\"@id\":\"https:\\\/\\\/www.organisator.ch\\\/human-resources\\\/fit_im_job\\\/2017-12-11\\\/der-fehler-dein-freund-und-helfer-erfahrungen-sammeln-und-daraus-lernen\\\/#primaryimage\"},\"thumbnailUrl\":\"https:\\\/\\\/www.organisator.ch\\\/wp-content\\\/uploads\\\/2017\\\/12\\\/Der-Fehler-dein-Freund-und-Helfer-Erfahrungen-sammeln-und-daraus-lernen_Organisator.jpg\",\"datePublished\":\"2017-12-11T07:19:07+00:00\",\"description\":\"Fehler haben ein negatives Image. Zu Unrecht. Denn Fehler k\u00f6nnen ein Leben lang bei der Weiterentwicklung helfen.\",\"breadcrumb\":{\"@id\":\"https:\\\/\\\/www.organisator.ch\\\/human-resources\\\/fit_im_job\\\/2017-12-11\\\/der-fehler-dein-freund-und-helfer-erfahrungen-sammeln-und-daraus-lernen\\\/#breadcrumb\"},\"inLanguage\":\"fr-FR\",\"potentialAction\":[{\"@type\":\"ReadAction\",\"target\":[\"https:\\\/\\\/www.organisator.ch\\\/human-resources\\\/fit_im_job\\\/2017-12-11\\\/der-fehler-dein-freund-und-helfer-erfahrungen-sammeln-und-daraus-lernen\\\/\"]}]},{\"@type\":\"ImageObject\",\"inLanguage\":\"fr-FR\",\"@id\":\"https:\\\/\\\/www.organisator.ch\\\/human-resources\\\/fit_im_job\\\/2017-12-11\\\/der-fehler-dein-freund-und-helfer-erfahrungen-sammeln-und-daraus-lernen\\\/#primaryimage\",\"url\":\"https:\\\/\\\/www.organisator.ch\\\/wp-content\\\/uploads\\\/2017\\\/12\\\/Der-Fehler-dein-Freund-und-Helfer-Erfahrungen-sammeln-und-daraus-lernen_Organisator.jpg\",\"contentUrl\":\"https:\\\/\\\/www.organisator.ch\\\/wp-content\\\/uploads\\\/2017\\\/12\\\/Der-Fehler-dein-Freund-und-Helfer-Erfahrungen-sammeln-und-daraus-lernen_Organisator.jpg\",\"width\":640,\"height\":229,\"caption\":\"\u201eDie gro\u00dfen Tugenden machen einen Menschen bewundernswert, die kleinen Fehler machen ihn liebenswert.\u201c (Pearl S. Buck) (Bild: pathdoc - Fotolia.com)\"},{\"@type\":\"BreadcrumbList\",\"@id\":\"https:\\\/\\\/www.organisator.ch\\\/human-resources\\\/fit_im_job\\\/2017-12-11\\\/der-fehler-dein-freund-und-helfer-erfahrungen-sammeln-und-daraus-lernen\\\/#breadcrumb\",\"itemListElement\":[{\"@type\":\"ListItem\",\"position\":1,\"name\":\"Home\",\"item\":\"https:\\\/\\\/www.organisator.ch\\\/\"},{\"@type\":\"ListItem\",\"position\":2,\"name\":\"Der Fehler \u2013 dein Freund und Helfer. Erfahrungen sammeln und daraus lernen\"}]},{\"@type\":\"WebSite\",\"@id\":\"https:\\\/\\\/www.organisator.ch\\\/#website\",\"url\":\"https:\\\/\\\/www.organisator.ch\\\/\",\"name\":\"Organisator\",\"description\":\"Kompetent. Praxisnah. Der ORGANISATOR bereitet in 10 Ausgaben pro Jahr die wesentlichen Themen f\u00fcr F\u00fchrungskr\u00e4fte von KMU auf.\",\"publisher\":{\"@id\":\"https:\\\/\\\/www.organisator.ch\\\/#organization\"},\"potentialAction\":[{\"@type\":\"SearchAction\",\"target\":{\"@type\":\"EntryPoint\",\"urlTemplate\":\"https:\\\/\\\/www.organisator.ch\\\/?s={search_term_string}\"},\"query-input\":{\"@type\":\"PropertyValueSpecification\",\"valueRequired\":true,\"valueName\":\"search_term_string\"}}],\"inLanguage\":\"fr-FR\"},{\"@type\":\"Organization\",\"@id\":\"https:\\\/\\\/www.organisator.ch\\\/#organization\",\"name\":\"Organisator\",\"url\":\"https:\\\/\\\/www.organisator.ch\\\/\",\"logo\":{\"@type\":\"ImageObject\",\"inLanguage\":\"fr-FR\",\"@id\":\"https:\\\/\\\/www.organisator.ch\\\/#\\\/schema\\\/logo\\\/image\\\/\",\"url\":\"https:\\\/\\\/www.organisator.ch\\\/wp-content\\\/uploads\\\/2022\\\/01\\\/Logo_Organisator_Website.png\",\"contentUrl\":\"https:\\\/\\\/www.organisator.ch\\\/wp-content\\\/uploads\\\/2022\\\/01\\\/Logo_Organisator_Website.png\",\"width\":800,\"height\":77,\"caption\":\"Organisator\"},\"image\":{\"@id\":\"https:\\\/\\\/www.organisator.ch\\\/#\\\/schema\\\/logo\\\/image\\\/\"},\"sameAs\":[\"https:\\\/\\\/www.facebook.com\\\/OrganisatorFachmagazin\",\"https:\\\/\\\/www.linkedin.com\\\/showcase\\\/organisator-das-magazin-fr-kmu\",\"https:\\\/\\\/www.xing.com\\\/news\\\/pages\\\/organisator-ch-695\",\"https:\\\/\\\/www.youtube.com\\\/channel\\\/UCGP2Sq0iWaZwT3BdIAQFYpw\"]},{\"@type\":\"Person\",\"@id\":\"https:\\\/\\\/www.organisator.ch\\\/#\\\/schema\\\/person\\\/6f650f90b2842cd4c0cc334b4e36f67e\",\"name\":\"thomas.berner\",\"image\":{\"@type\":\"ImageObject\",\"inLanguage\":\"fr-FR\",\"@id\":\"https:\\\/\\\/secure.gravatar.com\\\/avatar\\\/ac5001d2a36cb6c6cd3e50789007ffca834b477b74a2144564522e944eabff61?s=96&d=mm&r=g\",\"url\":\"https:\\\/\\\/secure.gravatar.com\\\/avatar\\\/ac5001d2a36cb6c6cd3e50789007ffca834b477b74a2144564522e944eabff61?s=96&d=mm&r=g\",\"contentUrl\":\"https:\\\/\\\/secure.gravatar.com\\\/avatar\\\/ac5001d2a36cb6c6cd3e50789007ffca834b477b74a2144564522e944eabff61?s=96&d=mm&r=g\",\"caption\":\"thomas.berner\"},\"url\":\"https:\\\/\\\/www.organisator.ch\\\/fr\\\/author\\\/thomas-berner\\\/\"}]}<\/script>\n<!-- \/ Yoast SEO plugin. -->","yoast_head_json":{"title":"L'erreur - ton amie et ton aide. Acqu\u00e9rir de l'exp\u00e9rience et en tirer des le\u00e7ons - Organisateur","description":"Les erreurs ont une image n\u00e9gative. A tort, d'ailleurs. Car les erreurs peuvent aider \u00e0 progresser tout au long de la vie.","robots":{"index":"index","follow":"follow","max-snippet":"max-snippet:-1","max-image-preview":"max-image-preview:large","max-video-preview":"max-video-preview:-1"},"canonical":"https:\/\/www.organisator.ch\/fr\/ressources-humaines\/fit_im_job\/2017-12-11\/der-fehler-dein-freund-und-helfer-erfahrungen-sammeln-und-daraus-lernen\/","og_locale":"fr_FR","og_type":"article","og_title":"Der Fehler \u2013 dein Freund und Helfer. Erfahrungen sammeln und daraus lernen","og_description":"Fehler haben ein negatives Image. Zu Unrecht. Denn Fehler k\u00f6nnen ein Leben lang bei der Weiterentwicklung helfen.","og_url":"https:\/\/www.organisator.ch\/fr\/ressources-humaines\/fit_im_job\/2017-12-11\/der-fehler-dein-freund-und-helfer-erfahrungen-sammeln-und-daraus-lernen\/","og_site_name":"Organisator","article_publisher":"https:\/\/www.facebook.com\/OrganisatorFachmagazin","article_published_time":"2017-12-11T07:19:07+00:00","og_image":[{"width":640,"height":229,"url":"https:\/\/www.organisator.ch\/wp-content\/uploads\/2017\/12\/Der-Fehler-dein-Freund-und-Helfer-Erfahrungen-sammeln-und-daraus-lernen_Organisator.jpg","type":"image\/jpeg"}],"author":"thomas.berner","twitter_card":"summary_large_image","twitter_title":"Der #Fehler \u2013 dein #Freund und #Helfer. Erfahrungen sammeln und daraus lernen","twitter_description":"#Fehler haben ein negatives Image. Zu Unrecht. Denn Fehler k\u00f6nnen ein Leben lang bei der #Weiterentwicklung helfen.","twitter_image":"https:\/\/www.organisator.ch\/wp-content\/uploads\/2017\/12\/Der-Fehler-dein-Freund-und-Helfer-Erfahrungen-sammeln-und-daraus-lernen_Organisator.jpg","schema":{"@context":"https:\/\/schema.org","@graph":[{"@type":"Article","@id":"https:\/\/www.organisator.ch\/human-resources\/fit_im_job\/2017-12-11\/der-fehler-dein-freund-und-helfer-erfahrungen-sammeln-und-daraus-lernen\/#article","isPartOf":{"@id":"https:\/\/www.organisator.ch\/human-resources\/fit_im_job\/2017-12-11\/der-fehler-dein-freund-und-helfer-erfahrungen-sammeln-und-daraus-lernen\/"},"author":{"name":"thomas.berner","@id":"https:\/\/www.organisator.ch\/#\/schema\/person\/6f650f90b2842cd4c0cc334b4e36f67e"},"headline":"Der Fehler \u2013 dein Freund und Helfer. Erfahrungen sammeln und daraus lernen","datePublished":"2017-12-11T07:19:07+00:00","mainEntityOfPage":{"@id":"https:\/\/www.organisator.ch\/human-resources\/fit_im_job\/2017-12-11\/der-fehler-dein-freund-und-helfer-erfahrungen-sammeln-und-daraus-lernen\/"},"wordCount":1093,"commentCount":0,"publisher":{"@id":"https:\/\/www.organisator.ch\/#organization"},"image":{"@id":"https:\/\/www.organisator.ch\/human-resources\/fit_im_job\/2017-12-11\/der-fehler-dein-freund-und-helfer-erfahrungen-sammeln-und-daraus-lernen\/#primaryimage"},"thumbnailUrl":"https:\/\/www.organisator.ch\/wp-content\/uploads\/2017\/12\/Der-Fehler-dein-Freund-und-Helfer-Erfahrungen-sammeln-und-daraus-lernen_Organisator.jpg","keywords":["Business Excellence","Fit im Job","Psychische Gesundheit","Vermischtes"],"articleSection":["FIT IM JOB"],"inLanguage":"fr-FR"},{"@type":"WebPage","@id":"https:\/\/www.organisator.ch\/human-resources\/fit_im_job\/2017-12-11\/der-fehler-dein-freund-und-helfer-erfahrungen-sammeln-und-daraus-lernen\/","url":"https:\/\/www.organisator.ch\/human-resources\/fit_im_job\/2017-12-11\/der-fehler-dein-freund-und-helfer-erfahrungen-sammeln-und-daraus-lernen\/","name":"L'erreur - ton amie et ton aide. Acqu\u00e9rir de l'exp\u00e9rience et en tirer des le\u00e7ons - Organisateur","isPartOf":{"@id":"https:\/\/www.organisator.ch\/#website"},"primaryImageOfPage":{"@id":"https:\/\/www.organisator.ch\/human-resources\/fit_im_job\/2017-12-11\/der-fehler-dein-freund-und-helfer-erfahrungen-sammeln-und-daraus-lernen\/#primaryimage"},"image":{"@id":"https:\/\/www.organisator.ch\/human-resources\/fit_im_job\/2017-12-11\/der-fehler-dein-freund-und-helfer-erfahrungen-sammeln-und-daraus-lernen\/#primaryimage"},"thumbnailUrl":"https:\/\/www.organisator.ch\/wp-content\/uploads\/2017\/12\/Der-Fehler-dein-Freund-und-Helfer-Erfahrungen-sammeln-und-daraus-lernen_Organisator.jpg","datePublished":"2017-12-11T07:19:07+00:00","description":"Les erreurs ont une image n\u00e9gative. A tort, d'ailleurs. Car les erreurs peuvent aider \u00e0 progresser tout au long de la vie.","breadcrumb":{"@id":"https:\/\/www.organisator.ch\/human-resources\/fit_im_job\/2017-12-11\/der-fehler-dein-freund-und-helfer-erfahrungen-sammeln-und-daraus-lernen\/#breadcrumb"},"inLanguage":"fr-FR","potentialAction":[{"@type":"ReadAction","target":["https:\/\/www.organisator.ch\/human-resources\/fit_im_job\/2017-12-11\/der-fehler-dein-freund-und-helfer-erfahrungen-sammeln-und-daraus-lernen\/"]}]},{"@type":"ImageObject","inLanguage":"fr-FR","@id":"https:\/\/www.organisator.ch\/human-resources\/fit_im_job\/2017-12-11\/der-fehler-dein-freund-und-helfer-erfahrungen-sammeln-und-daraus-lernen\/#primaryimage","url":"https:\/\/www.organisator.ch\/wp-content\/uploads\/2017\/12\/Der-Fehler-dein-Freund-und-Helfer-Erfahrungen-sammeln-und-daraus-lernen_Organisator.jpg","contentUrl":"https:\/\/www.organisator.ch\/wp-content\/uploads\/2017\/12\/Der-Fehler-dein-Freund-und-Helfer-Erfahrungen-sammeln-und-daraus-lernen_Organisator.jpg","width":640,"height":229,"caption":"\u201eDie gro\u00dfen Tugenden machen einen Menschen bewundernswert, die kleinen Fehler machen ihn liebenswert.\u201c (Pearl S. Buck) (Bild: pathdoc - Fotolia.com)"},{"@type":"BreadcrumbList","@id":"https:\/\/www.organisator.ch\/human-resources\/fit_im_job\/2017-12-11\/der-fehler-dein-freund-und-helfer-erfahrungen-sammeln-und-daraus-lernen\/#breadcrumb","itemListElement":[{"@type":"ListItem","position":1,"name":"Home","item":"https:\/\/www.organisator.ch\/"},{"@type":"ListItem","position":2,"name":"Der Fehler \u2013 dein Freund und Helfer. Erfahrungen sammeln und daraus lernen"}]},{"@type":"WebSite","@id":"https:\/\/www.organisator.ch\/#website","url":"https:\/\/www.organisator.ch\/","name":"Organisateur","description":"Comp\u00e9tence et comp\u00e9tence. Proches de la pratique. L'ORGANISATEUR pr\u00e9pare 10 num\u00e9ros par an sur les th\u00e8mes essentiels pour les dirigeants de PME.","publisher":{"@id":"https:\/\/www.organisator.ch\/#organization"},"potentialAction":[{"@type":"SearchAction","target":{"@type":"EntryPoint","urlTemplate":"https:\/\/www.organisator.ch\/?s={search_term_string}"},"query-input":{"@type":"PropertyValueSpecification","valueRequired":true,"valueName":"search_term_string"}}],"inLanguage":"fr-FR"},{"@type":"Organization","@id":"https:\/\/www.organisator.ch\/#organization","name":"Organisateur","url":"https:\/\/www.organisator.ch\/","logo":{"@type":"ImageObject","inLanguage":"fr-FR","@id":"https:\/\/www.organisator.ch\/#\/schema\/logo\/image\/","url":"https:\/\/www.organisator.ch\/wp-content\/uploads\/2022\/01\/Logo_Organisator_Website.png","contentUrl":"https:\/\/www.organisator.ch\/wp-content\/uploads\/2022\/01\/Logo_Organisator_Website.png","width":800,"height":77,"caption":"Organisator"},"image":{"@id":"https:\/\/www.organisator.ch\/#\/schema\/logo\/image\/"},"sameAs":["https:\/\/www.facebook.com\/OrganisatorFachmagazin","https:\/\/www.linkedin.com\/showcase\/organisator-das-magazin-fr-kmu","https:\/\/www.xing.com\/news\/pages\/organisator-ch-695","https:\/\/www.youtube.com\/channel\/UCGP2Sq0iWaZwT3BdIAQFYpw"]},{"@type":"Person","@id":"https:\/\/www.organisator.ch\/#\/schema\/person\/6f650f90b2842cd4c0cc334b4e36f67e","name":"thomas.berner","image":{"@type":"ImageObject","inLanguage":"fr-FR","@id":"https:\/\/secure.gravatar.com\/avatar\/ac5001d2a36cb6c6cd3e50789007ffca834b477b74a2144564522e944eabff61?s=96&d=mm&r=g","url":"https:\/\/secure.gravatar.com\/avatar\/ac5001d2a36cb6c6cd3e50789007ffca834b477b74a2144564522e944eabff61?s=96&d=mm&r=g","contentUrl":"https:\/\/secure.gravatar.com\/avatar\/ac5001d2a36cb6c6cd3e50789007ffca834b477b74a2144564522e944eabff61?s=96&d=mm&r=g","caption":"thomas.berner"},"url":"https:\/\/www.organisator.ch\/fr\/author\/thomas-berner\/"}]}},"_links":{"self":[{"href":"https:\/\/www.organisator.ch\/fr\/wp-json\/wp\/v2\/posts\/2858","targetHints":{"allow":["GET"]}}],"collection":[{"href":"https:\/\/www.organisator.ch\/fr\/wp-json\/wp\/v2\/posts"}],"about":[{"href":"https:\/\/www.organisator.ch\/fr\/wp-json\/wp\/v2\/types\/post"}],"author":[{"embeddable":true,"href":"https:\/\/www.organisator.ch\/fr\/wp-json\/wp\/v2\/users\/4"}],"replies":[{"embeddable":true,"href":"https:\/\/www.organisator.ch\/fr\/wp-json\/wp\/v2\/comments?post=2858"}],"version-history":[{"count":0,"href":"https:\/\/www.organisator.ch\/fr\/wp-json\/wp\/v2\/posts\/2858\/revisions"}],"wp:featuredmedia":[{"embeddable":true,"href":"https:\/\/www.organisator.ch\/fr\/wp-json\/wp\/v2\/media\/2860"}],"wp:attachment":[{"href":"https:\/\/www.organisator.ch\/fr\/wp-json\/wp\/v2\/media?parent=2858"}],"wp:term":[{"taxonomy":"category","embeddable":true,"href":"https:\/\/www.organisator.ch\/fr\/wp-json\/wp\/v2\/categories?post=2858"},{"taxonomy":"post_tag","embeddable":true,"href":"https:\/\/www.organisator.ch\/fr\/wp-json\/wp\/v2\/tags?post=2858"}],"curies":[{"name":"wp","href":"https:\/\/api.w.org\/{rel}","templated":true}]}}