{"id":28581,"date":"2024-07-30T09:46:22","date_gmt":"2024-07-30T07:46:22","guid":{"rendered":"https:\/\/www.organisator.ch\/?p=28581"},"modified":"2024-07-30T09:46:22","modified_gmt":"2024-07-30T07:46:22","slug":"kmu-swiss-symposium-in-brugg-feiert-jubilaeum","status":"publish","type":"post","link":"https:\/\/www.organisator.ch\/fr\/management\/2024-07-30\/kmu-swiss-symposium-in-brugg-feiert-jubilaeum\/","title":{"rendered":"Le KMU Swiss Symposium de Brugg f\u00eate son anniversaire"},"content":{"rendered":"<figure id=\"attachment_28584\" aria-describedby=\"caption-attachment-28584\" style=\"width: 680px\" class=\"wp-caption alignnone\"><img loading=\"lazy\" decoding=\"async\" class=\"wp-image-28584 size-full\" src=\"https:\/\/www.organisator.ch\/wp-content\/uploads\/2024\/07\/KMU-Swiss-Symposium-Brugg_Bild1_ps.jpg\" alt=\"\" width=\"680\" height=\"416\" srcset=\"https:\/\/www.organisator.ch\/wp-content\/uploads\/2024\/07\/KMU-Swiss-Symposium-Brugg_Bild1_ps.jpg 680w, https:\/\/www.organisator.ch\/wp-content\/uploads\/2024\/07\/KMU-Swiss-Symposium-Brugg_Bild1_ps-18x12.jpg 18w, https:\/\/www.organisator.ch\/wp-content\/uploads\/2024\/07\/KMU-Swiss-Symposium-Brugg_Bild1_ps-375x229.jpg 375w, https:\/\/www.organisator.ch\/wp-content\/uploads\/2024\/07\/KMU-Swiss-Symposium-Brugg_Bild1_ps-572x350.jpg 572w\" sizes=\"auto, (max-width: 680px) 100vw, 680px\" \/><figcaption id=\"caption-attachment-28584\" class=\"wp-caption-text\">Le KMU Swiss Symposium Brugg est consacr\u00e9 aux questions actuelles concernant le lieu de travail en Suisse. (Image : www.kmuswiss.ch)<\/figcaption><\/figure>\n<p>Le 15e KMU Swiss Symposium Brugg aura lieu le jeudi 5 septembre 2024 dans la salle du campus de Brugg. En amont (12h00-12h45), le prologue \"Innovation action num\u00e9rique\" pr\u00e9sentera une alternative \u00e0 la lev\u00e9e de fonds et\/ou \u00e0 la solution de succession. Alors que le symposium du th\u00e8me de la conf\u00e9rence montre entre autres que les bases de l'emploi sont une \u00e9conomie nationale saine, qui soutient l'entrepreneuriat, et le travail en soi. Une quote-part de l'\u00c9tat qui prend des proportions d\u00e9mesur\u00e9es, des contraintes croissantes et des lois de plus en plus nombreuses, des comportements narcissiques et autres emp\u00eachent de s'adapter rapidement \u00e0 de nouvelles circonstances pour cr\u00e9er du travail avec des emplois correspondants.<\/p>\n<p>Une \u00e9conomie nationale saine dispose d'un secteur \u00e9conomique fort (industrie et artisanat), mais il semble qu'il y ait actuellement un manque d'int\u00e9r\u00eat de la part des jeunes pour les m\u00e9tiers manuels. Les familles nombreuses sont li\u00e9es par 26 syst\u00e8mes scolaires diff\u00e9rents, ce qui est plut\u00f4t contre-productif pour les parents qui travaillent. - En bref, les potentiels des ind\u00e9pendants et des salari\u00e9s existent, mais ils sont occup\u00e9s par d'autres t\u00e2ches ; en revanche, les moulins politiques sont trop lourds et trop lents et, en raison d'une id\u00e9ologie souvent pure, ils vont malheureusement souvent \u00e0 l'encontre d'une \u00e9conomie florissante.<\/p>\n<p>Quelques anciens intervenants et d'illustres personnalit\u00e9s de l'\u00e9conomie et de la politique sont \u00e9galement attendus \u00e0 cette manifestation anniversaire. \"Les participants appr\u00e9cient non seulement l'ambiance familiale, mais aussi le lien \u00e9troit entre les expos\u00e9s et la pratique\", comme ne manquera pas de le souligner Armin Baumann, l'initiateur de PME Swiss. De plus, le symposium permet \u00e0 de nombreux exposants de se pr\u00e9senter sur un stand pendant les pauses de r\u00e9seautage.\u00a0\u00a0<\/p>\n<h3><strong>Personnalit\u00e9s de renom<\/strong><\/h3>\n<p>En plus de quelques surprises, les personnalit\u00e9s entreprenantes suivantes laisseront des impressions durables :<\/p>\n<ul>\n<li>Patrizia Laeri, ellexx<\/li>\n<li>Sigrun Gudjonsdottir, Sigrun GmbH<\/li>\n<li>Regina Kuratle, Centre de formation continue et de didactique (ZWW)<\/li>\n<li>Stephanie Z\u00fcllig, entrepreneuse et administratrice professionnelle<\/li>\n<li>Chris Oeuvray, coach et auteur<\/li>\n<li>Hans-Peter Strebe, entrepreneur<\/li>\n<li>Markus Dieth, Landammann d'Argovie<\/li>\n<li>Mod\u00e9rateur : Michael Sokol<\/li>\n<\/ul>\n<h3><strong>Remise du Swiss Entrepreneur Award<\/strong><\/h3>\n<p>Le \"Swiss Entrepreneur Award\" r\u00e9compense une fois par an une entreprise suisse et\/ou un(e) entrepreneur(e) qui, avec courage et engagement, assure le succ\u00e8s de l'entreprise pour la g\u00e9n\u00e9ration suivante. L'entreprise gagnante se distingue par sa force d'innovation, son action clairvoyante et ses valeurs durables, qui caract\u00e9risent l'entrepreneuriat et garantissent ainsi un succ\u00e8s durable. L'ann\u00e9e derni\u00e8re, c'est Guido Bardelli, propri\u00e9taire de Bourquin SA, qui a re\u00e7u le prix.<\/p>\n<p>Le 5 septembre 2024, une PME connue recevra le prix \u00e0 l'issue du symposium : Laissez-vous surprendre !<\/p>\n<p><em>Source : <a href=\"http:\/\/www.kmuswiss.ch\">www.kmuswiss.ch<\/a><\/em><\/p>","protected":false},"excerpt":{"rendered":"<p>Jubil\u00e9 apr\u00e8s jubil\u00e9 - Apr\u00e8s le 20e anniversaire du KMU Swiss Symposium Baden au printemps dernier, le 15e KMU Swiss Symposium Brugg sera f\u00eat\u00e9 le 5 septembre 2012. Le KMU Swiss Symposium offre des solutions aux d\u00e9fis de l'entreprise et des opportunit\u00e9s de r\u00e9seautage. Ainsi, le prochain symposium sera consacr\u00e9 \u00e0 des questions d'actualit\u00e9 concernant le lieu de travail en Suisse, avec pour devise \"Lieu de travail versus \u00c9tat social - des mod\u00e8les de travail \u00e0 adapter !\".<\/p>","protected":false},"author":58,"featured_media":28584,"comment_status":"closed","ping_status":"closed","sticky":false,"template":"","format":"standard","meta":{"_acf_changed":false,"_yoast_wpseo_focuskw":"KMU","_yoast_wpseo_metadesc":"Das KMU Swiss Symposium Brugg widmet sich den aktuellen Fragen rund um den Arbeitsplatz Schweiz mit dem Motto \u00abArbeitsplatz versus Sozialstaat \u2013 Arbeitsmodelle zum Anpassen!?\u00bb","articlekey":"","footnotes":""},"categories":[579,28],"tags":[292,301,424,2276,492],"class_list":["post-28581","post","type-post","status-publish","format-standard","has-post-thumbnail","hentry","category-human-resources","category-management","tag-jubilaeum","tag-kmu","tag-schweiz","tag-symposium","tag-unternehmen"],"acf":[],"yoast_head":"<!-- This site is optimized with the Yoast SEO plugin v27.5 - https:\/\/yoast.com\/product\/yoast-seo-wordpress\/ -->\n<title>KMU Swiss Symposium in Brugg feiert Jubil\u00e4um - Organisator<\/title>\n<meta name=\"description\" content=\"Das KMU Swiss Symposium Brugg widmet sich den aktuellen Fragen rund um den Arbeitsplatz Schweiz mit dem Motto \u00abArbeitsplatz versus Sozialstaat \u2013 Arbeitsmodelle zum Anpassen!?\u00bb\" \/>\n<meta name=\"robots\" content=\"index, follow, max-snippet:-1, max-image-preview:large, max-video-preview:-1\" \/>\n<link rel=\"canonical\" href=\"https:\/\/www.organisator.ch\/fr\/gestion-2\/2024-07-30\/kmu-swiss-symposium-in-brugg-feiert-jubilaeum\/\" \/>\n<meta property=\"og:locale\" content=\"fr_FR\" \/>\n<meta property=\"og:type\" content=\"article\" \/>\n<meta property=\"og:title\" content=\"KMU Swiss Symposium in Brugg feiert Jubil\u00e4um\" \/>\n<meta property=\"og:description\" content=\"Das KMU Swiss Symposium Brugg widmet sich den aktuellen Fragen rund um den Arbeitsplatz Schweiz mit dem Motto \u00abArbeitsplatz versus Sozialstaat \u2013 Arbeitsmodelle zum Anpassen!?\u00bb\" \/>\n<meta property=\"og:url\" content=\"https:\/\/www.organisator.ch\/fr\/gestion-2\/2024-07-30\/kmu-swiss-symposium-in-brugg-feiert-jubilaeum\/\" \/>\n<meta property=\"og:site_name\" content=\"Organisator\" \/>\n<meta property=\"article:publisher\" content=\"https:\/\/www.facebook.com\/OrganisatorFachmagazin\" \/>\n<meta property=\"article:published_time\" content=\"2024-07-30T07:46:22+00:00\" \/>\n<meta property=\"og:image\" content=\"https:\/\/www.organisator.ch\/wp-content\/uploads\/2024\/07\/KMU-Swiss-Symposium-Brugg_Bild1_ps.jpg\" \/>\n\t<meta property=\"og:image:width\" content=\"680\" \/>\n\t<meta property=\"og:image:height\" content=\"416\" \/>\n\t<meta property=\"og:image:type\" content=\"image\/jpeg\" \/>\n<meta name=\"author\" content=\"Adelisa Kalajdzini\" \/>\n<meta name=\"twitter:card\" content=\"summary_large_image\" \/>\n<meta name=\"twitter:title\" content=\"KMU Swiss Symposium in Brugg feiert Jubil\u00e4um\" \/>\n<meta name=\"twitter:description\" content=\"Das #KMU #Swiss #Symposium #Brugg widmet sich den aktuellen Fragen rund um den #Arbeitsplatz #Schweiz mit dem Motto \u00abArbeitsplatz versus Sozialstaat \u2013 Arbeitsmodelle zum Anpassen!?\u00bb\" \/>\n<meta name=\"twitter:image\" content=\"https:\/\/www.organisator.ch\/wp-content\/uploads\/2024\/07\/KMU-Swiss-Symposium-Brugg_Bild1_ps.jpg\" \/>\n<script type=\"application\/ld+json\" class=\"yoast-schema-graph\">{\"@context\":\"https:\\\/\\\/schema.org\",\"@graph\":[{\"@type\":\"Article\",\"@id\":\"https:\\\/\\\/www.organisator.ch\\\/management\\\/2024-07-30\\\/kmu-swiss-symposium-in-brugg-feiert-jubilaeum\\\/#article\",\"isPartOf\":{\"@id\":\"https:\\\/\\\/www.organisator.ch\\\/management\\\/2024-07-30\\\/kmu-swiss-symposium-in-brugg-feiert-jubilaeum\\\/\"},\"author\":{\"name\":\"Adelisa Kalajdzini\",\"@id\":\"https:\\\/\\\/www.organisator.ch\\\/#\\\/schema\\\/person\\\/2e1314a2172123f874db408d8911d3f3\"},\"headline\":\"KMU Swiss Symposium in Brugg feiert Jubil\u00e4um\",\"datePublished\":\"2024-07-30T07:46:22+00:00\",\"mainEntityOfPage\":{\"@id\":\"https:\\\/\\\/www.organisator.ch\\\/management\\\/2024-07-30\\\/kmu-swiss-symposium-in-brugg-feiert-jubilaeum\\\/\"},\"wordCount\":429,\"publisher\":{\"@id\":\"https:\\\/\\\/www.organisator.ch\\\/#organization\"},\"image\":{\"@id\":\"https:\\\/\\\/www.organisator.ch\\\/management\\\/2024-07-30\\\/kmu-swiss-symposium-in-brugg-feiert-jubilaeum\\\/#primaryimage\"},\"thumbnailUrl\":\"https:\\\/\\\/www.organisator.ch\\\/wp-content\\\/uploads\\\/2024\\\/07\\\/KMU-Swiss-Symposium-Brugg_Bild1_ps.jpg\",\"keywords\":[\"Jubil\u00e4um\",\"KMU\",\"Schweiz\",\"Symposium\",\"Unternehmen\"],\"articleSection\":[\"HUMAN RESOURCES\",\"MANAGEMENT\"],\"inLanguage\":\"fr-FR\"},{\"@type\":\"WebPage\",\"@id\":\"https:\\\/\\\/www.organisator.ch\\\/management\\\/2024-07-30\\\/kmu-swiss-symposium-in-brugg-feiert-jubilaeum\\\/\",\"url\":\"https:\\\/\\\/www.organisator.ch\\\/management\\\/2024-07-30\\\/kmu-swiss-symposium-in-brugg-feiert-jubilaeum\\\/\",\"name\":\"KMU Swiss Symposium in Brugg feiert Jubil\u00e4um - Organisator\",\"isPartOf\":{\"@id\":\"https:\\\/\\\/www.organisator.ch\\\/#website\"},\"primaryImageOfPage\":{\"@id\":\"https:\\\/\\\/www.organisator.ch\\\/management\\\/2024-07-30\\\/kmu-swiss-symposium-in-brugg-feiert-jubilaeum\\\/#primaryimage\"},\"image\":{\"@id\":\"https:\\\/\\\/www.organisator.ch\\\/management\\\/2024-07-30\\\/kmu-swiss-symposium-in-brugg-feiert-jubilaeum\\\/#primaryimage\"},\"thumbnailUrl\":\"https:\\\/\\\/www.organisator.ch\\\/wp-content\\\/uploads\\\/2024\\\/07\\\/KMU-Swiss-Symposium-Brugg_Bild1_ps.jpg\",\"datePublished\":\"2024-07-30T07:46:22+00:00\",\"description\":\"Das KMU Swiss Symposium Brugg widmet sich den aktuellen Fragen rund um den Arbeitsplatz Schweiz mit dem Motto \u00abArbeitsplatz versus Sozialstaat \u2013 Arbeitsmodelle zum Anpassen!?\u00bb\",\"breadcrumb\":{\"@id\":\"https:\\\/\\\/www.organisator.ch\\\/management\\\/2024-07-30\\\/kmu-swiss-symposium-in-brugg-feiert-jubilaeum\\\/#breadcrumb\"},\"inLanguage\":\"fr-FR\",\"potentialAction\":[{\"@type\":\"ReadAction\",\"target\":[\"https:\\\/\\\/www.organisator.ch\\\/management\\\/2024-07-30\\\/kmu-swiss-symposium-in-brugg-feiert-jubilaeum\\\/\"]}]},{\"@type\":\"ImageObject\",\"inLanguage\":\"fr-FR\",\"@id\":\"https:\\\/\\\/www.organisator.ch\\\/management\\\/2024-07-30\\\/kmu-swiss-symposium-in-brugg-feiert-jubilaeum\\\/#primaryimage\",\"url\":\"https:\\\/\\\/www.organisator.ch\\\/wp-content\\\/uploads\\\/2024\\\/07\\\/KMU-Swiss-Symposium-Brugg_Bild1_ps.jpg\",\"contentUrl\":\"https:\\\/\\\/www.organisator.ch\\\/wp-content\\\/uploads\\\/2024\\\/07\\\/KMU-Swiss-Symposium-Brugg_Bild1_ps.jpg\",\"width\":680,\"height\":416,\"caption\":\": Das KMU Swiss Symposium Brugg widmet sich den aktuellen Fragen rund um den Arbeitsplatz Schweiz. (Bild: www.kmuswiss.ch)\"},{\"@type\":\"BreadcrumbList\",\"@id\":\"https:\\\/\\\/www.organisator.ch\\\/management\\\/2024-07-30\\\/kmu-swiss-symposium-in-brugg-feiert-jubilaeum\\\/#breadcrumb\",\"itemListElement\":[{\"@type\":\"ListItem\",\"position\":1,\"name\":\"Home\",\"item\":\"https:\\\/\\\/www.organisator.ch\\\/\"},{\"@type\":\"ListItem\",\"position\":2,\"name\":\"KMU Swiss Symposium in Brugg feiert Jubil\u00e4um\"}]},{\"@type\":\"WebSite\",\"@id\":\"https:\\\/\\\/www.organisator.ch\\\/#website\",\"url\":\"https:\\\/\\\/www.organisator.ch\\\/\",\"name\":\"Organisator\",\"description\":\"Kompetent. Praxisnah. Der ORGANISATOR bereitet in 10 Ausgaben pro Jahr die wesentlichen Themen f\u00fcr F\u00fchrungskr\u00e4fte von KMU auf.\",\"publisher\":{\"@id\":\"https:\\\/\\\/www.organisator.ch\\\/#organization\"},\"potentialAction\":[{\"@type\":\"SearchAction\",\"target\":{\"@type\":\"EntryPoint\",\"urlTemplate\":\"https:\\\/\\\/www.organisator.ch\\\/?s={search_term_string}\"},\"query-input\":{\"@type\":\"PropertyValueSpecification\",\"valueRequired\":true,\"valueName\":\"search_term_string\"}}],\"inLanguage\":\"fr-FR\"},{\"@type\":\"Organization\",\"@id\":\"https:\\\/\\\/www.organisator.ch\\\/#organization\",\"name\":\"Organisator\",\"url\":\"https:\\\/\\\/www.organisator.ch\\\/\",\"logo\":{\"@type\":\"ImageObject\",\"inLanguage\":\"fr-FR\",\"@id\":\"https:\\\/\\\/www.organisator.ch\\\/#\\\/schema\\\/logo\\\/image\\\/\",\"url\":\"https:\\\/\\\/www.organisator.ch\\\/wp-content\\\/uploads\\\/2022\\\/01\\\/Logo_Organisator_Website.png\",\"contentUrl\":\"https:\\\/\\\/www.organisator.ch\\\/wp-content\\\/uploads\\\/2022\\\/01\\\/Logo_Organisator_Website.png\",\"width\":800,\"height\":77,\"caption\":\"Organisator\"},\"image\":{\"@id\":\"https:\\\/\\\/www.organisator.ch\\\/#\\\/schema\\\/logo\\\/image\\\/\"},\"sameAs\":[\"https:\\\/\\\/www.facebook.com\\\/OrganisatorFachmagazin\",\"https:\\\/\\\/www.linkedin.com\\\/showcase\\\/organisator-das-magazin-fr-kmu\",\"https:\\\/\\\/www.xing.com\\\/news\\\/pages\\\/organisator-ch-695\",\"https:\\\/\\\/www.youtube.com\\\/channel\\\/UCGP2Sq0iWaZwT3BdIAQFYpw\"]},{\"@type\":\"Person\",\"@id\":\"https:\\\/\\\/www.organisator.ch\\\/#\\\/schema\\\/person\\\/2e1314a2172123f874db408d8911d3f3\",\"name\":\"Adelisa Kalajdzini\",\"image\":{\"@type\":\"ImageObject\",\"inLanguage\":\"fr-FR\",\"@id\":\"https:\\\/\\\/secure.gravatar.com\\\/avatar\\\/09a397c22ac58cad6f160ee8306348599df9df58a8ede73696226897b9fa4b24?s=96&d=mm&r=g\",\"url\":\"https:\\\/\\\/secure.gravatar.com\\\/avatar\\\/09a397c22ac58cad6f160ee8306348599df9df58a8ede73696226897b9fa4b24?s=96&d=mm&r=g\",\"contentUrl\":\"https:\\\/\\\/secure.gravatar.com\\\/avatar\\\/09a397c22ac58cad6f160ee8306348599df9df58a8ede73696226897b9fa4b24?s=96&d=mm&r=g\",\"caption\":\"Adelisa Kalajdzini\"},\"url\":\"https:\\\/\\\/www.organisator.ch\\\/fr\\\/author\\\/adelisa-kalajdzini\\\/\"}]}<\/script>\n<!-- \/ Yoast SEO plugin. -->","yoast_head_json":{"title":"Le KMU Swiss Symposium de Brugg f\u00eate son anniversaire - Organisateur","description":"Le KMU Swiss Symposium Brugg est consacr\u00e9 aux questions actuelles concernant le lieu de travail en Suisse, avec pour devise \"Lieu de travail versus \u00c9tat social - des mod\u00e8les de travail \u00e0 adapter !\"","robots":{"index":"index","follow":"follow","max-snippet":"max-snippet:-1","max-image-preview":"max-image-preview:large","max-video-preview":"max-video-preview:-1"},"canonical":"https:\/\/www.organisator.ch\/fr\/gestion-2\/2024-07-30\/kmu-swiss-symposium-in-brugg-feiert-jubilaeum\/","og_locale":"fr_FR","og_type":"article","og_title":"KMU Swiss Symposium in Brugg feiert Jubil\u00e4um","og_description":"Das KMU Swiss Symposium Brugg widmet sich den aktuellen Fragen rund um den Arbeitsplatz Schweiz mit dem Motto \u00abArbeitsplatz versus Sozialstaat \u2013 Arbeitsmodelle zum Anpassen!?\u00bb","og_url":"https:\/\/www.organisator.ch\/fr\/gestion-2\/2024-07-30\/kmu-swiss-symposium-in-brugg-feiert-jubilaeum\/","og_site_name":"Organisator","article_publisher":"https:\/\/www.facebook.com\/OrganisatorFachmagazin","article_published_time":"2024-07-30T07:46:22+00:00","og_image":[{"width":680,"height":416,"url":"https:\/\/www.organisator.ch\/wp-content\/uploads\/2024\/07\/KMU-Swiss-Symposium-Brugg_Bild1_ps.jpg","type":"image\/jpeg"}],"author":"Adelisa Kalajdzini","twitter_card":"summary_large_image","twitter_title":"KMU Swiss Symposium in Brugg feiert Jubil\u00e4um","twitter_description":"Das #KMU #Swiss #Symposium #Brugg widmet sich den aktuellen Fragen rund um den #Arbeitsplatz #Schweiz mit dem Motto \u00abArbeitsplatz versus Sozialstaat \u2013 Arbeitsmodelle zum Anpassen!?\u00bb","twitter_image":"https:\/\/www.organisator.ch\/wp-content\/uploads\/2024\/07\/KMU-Swiss-Symposium-Brugg_Bild1_ps.jpg","schema":{"@context":"https:\/\/schema.org","@graph":[{"@type":"Article","@id":"https:\/\/www.organisator.ch\/management\/2024-07-30\/kmu-swiss-symposium-in-brugg-feiert-jubilaeum\/#article","isPartOf":{"@id":"https:\/\/www.organisator.ch\/management\/2024-07-30\/kmu-swiss-symposium-in-brugg-feiert-jubilaeum\/"},"author":{"name":"Adelisa Kalajdzini","@id":"https:\/\/www.organisator.ch\/#\/schema\/person\/2e1314a2172123f874db408d8911d3f3"},"headline":"KMU Swiss Symposium in Brugg feiert Jubil\u00e4um","datePublished":"2024-07-30T07:46:22+00:00","mainEntityOfPage":{"@id":"https:\/\/www.organisator.ch\/management\/2024-07-30\/kmu-swiss-symposium-in-brugg-feiert-jubilaeum\/"},"wordCount":429,"publisher":{"@id":"https:\/\/www.organisator.ch\/#organization"},"image":{"@id":"https:\/\/www.organisator.ch\/management\/2024-07-30\/kmu-swiss-symposium-in-brugg-feiert-jubilaeum\/#primaryimage"},"thumbnailUrl":"https:\/\/www.organisator.ch\/wp-content\/uploads\/2024\/07\/KMU-Swiss-Symposium-Brugg_Bild1_ps.jpg","keywords":["Jubil\u00e4um","KMU","Schweiz","Symposium","Unternehmen"],"articleSection":["HUMAN RESOURCES","MANAGEMENT"],"inLanguage":"fr-FR"},{"@type":"WebPage","@id":"https:\/\/www.organisator.ch\/management\/2024-07-30\/kmu-swiss-symposium-in-brugg-feiert-jubilaeum\/","url":"https:\/\/www.organisator.ch\/management\/2024-07-30\/kmu-swiss-symposium-in-brugg-feiert-jubilaeum\/","name":"Le KMU Swiss Symposium de Brugg f\u00eate son anniversaire - Organisateur","isPartOf":{"@id":"https:\/\/www.organisator.ch\/#website"},"primaryImageOfPage":{"@id":"https:\/\/www.organisator.ch\/management\/2024-07-30\/kmu-swiss-symposium-in-brugg-feiert-jubilaeum\/#primaryimage"},"image":{"@id":"https:\/\/www.organisator.ch\/management\/2024-07-30\/kmu-swiss-symposium-in-brugg-feiert-jubilaeum\/#primaryimage"},"thumbnailUrl":"https:\/\/www.organisator.ch\/wp-content\/uploads\/2024\/07\/KMU-Swiss-Symposium-Brugg_Bild1_ps.jpg","datePublished":"2024-07-30T07:46:22+00:00","description":"Le KMU Swiss Symposium Brugg est consacr\u00e9 aux questions actuelles concernant le lieu de travail en Suisse, avec pour devise \"Lieu de travail versus \u00c9tat social - des mod\u00e8les de travail \u00e0 adapter !\"","breadcrumb":{"@id":"https:\/\/www.organisator.ch\/management\/2024-07-30\/kmu-swiss-symposium-in-brugg-feiert-jubilaeum\/#breadcrumb"},"inLanguage":"fr-FR","potentialAction":[{"@type":"ReadAction","target":["https:\/\/www.organisator.ch\/management\/2024-07-30\/kmu-swiss-symposium-in-brugg-feiert-jubilaeum\/"]}]},{"@type":"ImageObject","inLanguage":"fr-FR","@id":"https:\/\/www.organisator.ch\/management\/2024-07-30\/kmu-swiss-symposium-in-brugg-feiert-jubilaeum\/#primaryimage","url":"https:\/\/www.organisator.ch\/wp-content\/uploads\/2024\/07\/KMU-Swiss-Symposium-Brugg_Bild1_ps.jpg","contentUrl":"https:\/\/www.organisator.ch\/wp-content\/uploads\/2024\/07\/KMU-Swiss-Symposium-Brugg_Bild1_ps.jpg","width":680,"height":416,"caption":": Das KMU Swiss Symposium Brugg widmet sich den aktuellen Fragen rund um den Arbeitsplatz Schweiz. (Bild: www.kmuswiss.ch)"},{"@type":"BreadcrumbList","@id":"https:\/\/www.organisator.ch\/management\/2024-07-30\/kmu-swiss-symposium-in-brugg-feiert-jubilaeum\/#breadcrumb","itemListElement":[{"@type":"ListItem","position":1,"name":"Home","item":"https:\/\/www.organisator.ch\/"},{"@type":"ListItem","position":2,"name":"KMU Swiss Symposium in Brugg feiert Jubil\u00e4um"}]},{"@type":"WebSite","@id":"https:\/\/www.organisator.ch\/#website","url":"https:\/\/www.organisator.ch\/","name":"Organisateur","description":"Comp\u00e9tence et comp\u00e9tence. Proches de la pratique. L'ORGANISATEUR pr\u00e9pare 10 num\u00e9ros par an sur les th\u00e8mes essentiels pour les dirigeants de PME.","publisher":{"@id":"https:\/\/www.organisator.ch\/#organization"},"potentialAction":[{"@type":"SearchAction","target":{"@type":"EntryPoint","urlTemplate":"https:\/\/www.organisator.ch\/?s={search_term_string}"},"query-input":{"@type":"PropertyValueSpecification","valueRequired":true,"valueName":"search_term_string"}}],"inLanguage":"fr-FR"},{"@type":"Organization","@id":"https:\/\/www.organisator.ch\/#organization","name":"Organisateur","url":"https:\/\/www.organisator.ch\/","logo":{"@type":"ImageObject","inLanguage":"fr-FR","@id":"https:\/\/www.organisator.ch\/#\/schema\/logo\/image\/","url":"https:\/\/www.organisator.ch\/wp-content\/uploads\/2022\/01\/Logo_Organisator_Website.png","contentUrl":"https:\/\/www.organisator.ch\/wp-content\/uploads\/2022\/01\/Logo_Organisator_Website.png","width":800,"height":77,"caption":"Organisator"},"image":{"@id":"https:\/\/www.organisator.ch\/#\/schema\/logo\/image\/"},"sameAs":["https:\/\/www.facebook.com\/OrganisatorFachmagazin","https:\/\/www.linkedin.com\/showcase\/organisator-das-magazin-fr-kmu","https:\/\/www.xing.com\/news\/pages\/organisator-ch-695","https:\/\/www.youtube.com\/channel\/UCGP2Sq0iWaZwT3BdIAQFYpw"]},{"@type":"Person","@id":"https:\/\/www.organisator.ch\/#\/schema\/person\/2e1314a2172123f874db408d8911d3f3","name":"Adelisa Kalajdzini","image":{"@type":"ImageObject","inLanguage":"fr-FR","@id":"https:\/\/secure.gravatar.com\/avatar\/09a397c22ac58cad6f160ee8306348599df9df58a8ede73696226897b9fa4b24?s=96&d=mm&r=g","url":"https:\/\/secure.gravatar.com\/avatar\/09a397c22ac58cad6f160ee8306348599df9df58a8ede73696226897b9fa4b24?s=96&d=mm&r=g","contentUrl":"https:\/\/secure.gravatar.com\/avatar\/09a397c22ac58cad6f160ee8306348599df9df58a8ede73696226897b9fa4b24?s=96&d=mm&r=g","caption":"Adelisa Kalajdzini"},"url":"https:\/\/www.organisator.ch\/fr\/author\/adelisa-kalajdzini\/"}]}},"_links":{"self":[{"href":"https:\/\/www.organisator.ch\/fr\/wp-json\/wp\/v2\/posts\/28581","targetHints":{"allow":["GET"]}}],"collection":[{"href":"https:\/\/www.organisator.ch\/fr\/wp-json\/wp\/v2\/posts"}],"about":[{"href":"https:\/\/www.organisator.ch\/fr\/wp-json\/wp\/v2\/types\/post"}],"author":[{"embeddable":true,"href":"https:\/\/www.organisator.ch\/fr\/wp-json\/wp\/v2\/users\/58"}],"replies":[{"embeddable":true,"href":"https:\/\/www.organisator.ch\/fr\/wp-json\/wp\/v2\/comments?post=28581"}],"version-history":[{"count":5,"href":"https:\/\/www.organisator.ch\/fr\/wp-json\/wp\/v2\/posts\/28581\/revisions"}],"predecessor-version":[{"id":28607,"href":"https:\/\/www.organisator.ch\/fr\/wp-json\/wp\/v2\/posts\/28581\/revisions\/28607"}],"wp:featuredmedia":[{"embeddable":true,"href":"https:\/\/www.organisator.ch\/fr\/wp-json\/wp\/v2\/media\/28584"}],"wp:attachment":[{"href":"https:\/\/www.organisator.ch\/fr\/wp-json\/wp\/v2\/media?parent=28581"}],"wp:term":[{"taxonomy":"category","embeddable":true,"href":"https:\/\/www.organisator.ch\/fr\/wp-json\/wp\/v2\/categories?post=28581"},{"taxonomy":"post_tag","embeddable":true,"href":"https:\/\/www.organisator.ch\/fr\/wp-json\/wp\/v2\/tags?post=28581"}],"curies":[{"name":"wp","href":"https:\/\/api.w.org\/{rel}","templated":true}]}}