{"id":28597,"date":"2024-07-31T04:09:23","date_gmt":"2024-07-31T02:09:23","guid":{"rendered":"https:\/\/www.organisator.ch\/?p=28597"},"modified":"2024-07-30T14:11:25","modified_gmt":"2024-07-30T12:11:25","slug":"steigende-realloehne-trotz-durchzogener-konjunktur","status":"publish","type":"post","link":"https:\/\/www.organisator.ch\/fr\/management\/2024-07-31\/steigende-realloehne-trotz-durchzogener-konjunktur\/","title":{"rendered":"Des salaires r\u00e9els en hausse malgr\u00e9 une conjoncture mitig\u00e9e"},"content":{"rendered":"<figure id=\"attachment_28598\" aria-describedby=\"caption-attachment-28598\" style=\"width: 680px\" class=\"wp-caption alignnone\"><img loading=\"lazy\" decoding=\"async\" class=\"size-full wp-image-28598\" src=\"https:\/\/www.organisator.ch\/wp-content\/uploads\/2024\/07\/Arbeitgeberverband_Bild1_ps.jpg\" alt=\"\" width=\"680\" height=\"454\" srcset=\"https:\/\/www.organisator.ch\/wp-content\/uploads\/2024\/07\/Arbeitgeberverband_Bild1_ps.jpg 680w, https:\/\/www.organisator.ch\/wp-content\/uploads\/2024\/07\/Arbeitgeberverband_Bild1_ps-18x12.jpg 18w, https:\/\/www.organisator.ch\/wp-content\/uploads\/2024\/07\/Arbeitgeberverband_Bild1_ps-375x250.jpg 375w, https:\/\/www.organisator.ch\/wp-content\/uploads\/2024\/07\/Arbeitgeberverband_Bild1_ps-524x350.jpg 524w\" sizes=\"auto, (max-width: 680px) 100vw, 680px\" \/><figcaption id=\"caption-attachment-28598\" class=\"wp-caption-text\">La Suisse a \u00e9t\u00e9 touch\u00e9e par une inflation nettement plus \u00e9lev\u00e9e que les ann\u00e9es pr\u00e9c\u00e9dentes, majoritairement import\u00e9e, qui a fortement r\u00e9duit la marge de man\u0153uvre des entreprises pour les augmentations de salaires. (Image : www.depositphotos.com)<\/figcaption><\/figure>\n<p>La croissance de l'\u00e9conomie suisse s'affaiblit depuis le d\u00e9but de l'ann\u00e9e 2024. Cette \u00e9volution conjoncturelle serait principalement due \u00e0 l'affaiblissement de la demande \u00e9trang\u00e8re et notamment \u00e0 des d\u00e9bouch\u00e9s en crise en Europe. Les entr\u00e9es de commandes en provenance d'Allemagne ont connu une \u00e9volution fortement n\u00e9gative, ce qui a \u00e9t\u00e9 particuli\u00e8rement ressenti par l'\u00e9conomie orient\u00e9e vers l'exportation. En cons\u00e9quence, l'\u00e9conomie orient\u00e9e vers l'exportation a connu jusqu'\u00e0 pr\u00e9sent une \u00e9volution presque toujours plus n\u00e9gative que l'\u00e9conomie int\u00e9rieure orient\u00e9e vers les services. Depuis le d\u00e9but de l'ann\u00e9e 2023, les entreprises locales ont tendance \u00e0 \u00eatre plus pessimistes quant \u00e0 la situation future de leurs affaires. Dans l'ensemble, la situation des affaires reste toutefois jug\u00e9e positive. Le Centre de recherches conjoncturelles de l'EPF (KOF) s'attend en outre \u00e0 une embellie au second semestre, tant pour les branches orient\u00e9es vers le march\u00e9 int\u00e9rieur que pour celles orient\u00e9es vers l'exportation. L'Union patronale suisse pr\u00e9sente ces r\u00e9sultats et d'autres, ainsi que leurs r\u00e9percussions sur les salaires. <a href=\"https:\/\/arbeitgeber.us9.list-manage.com\/track\/click?u=56a31f9dc26f472dc5cbdbe11&amp;id=47dd4c7316&amp;e=10cd0a79ea\">dans un nouveau document salarial<\/a> pour la Suisse.<\/p>\n<h3><strong>Phase d'hyperinflation surmont\u00e9e<\/strong><\/h3>\n<p>Au cours des trois derni\u00e8res ann\u00e9es, les salaires r\u00e9els ont baiss\u00e9 en Suisse, alors que la productivit\u00e9 continuait \u00e0 \u00e9voluer positivement. Ces ann\u00e9es exceptionnelles ont \u00e9t\u00e9 marqu\u00e9es par la pand\u00e9mie et la guerre d'Ukraine, l'augmentation des co\u00fbts des intrants ayant exerc\u00e9 une forte pression sur les marges des entreprises et les hausses de co\u00fbts n'ayant pas pu \u00eatre enti\u00e8rement compens\u00e9es par des augmentations de salaires nominaux. De ce fait, les courbes d'\u00e9volution des salaires et de la productivit\u00e9 se seraient progressivement \u00e9loign\u00e9es.<\/p>\n<p>La Suisse a \u00e9t\u00e9 touch\u00e9e par une inflation nettement plus \u00e9lev\u00e9e que les ann\u00e9es pr\u00e9c\u00e9dentes, majoritairement import\u00e9e, qui a fortement limit\u00e9 la marge de man\u0153uvre des entreprises pour les augmentations de salaires. Les entreprises ont toutefois contribu\u00e9, par des augmentations de salaires nominaux parfois substantielles, \u00e0 att\u00e9nuer la perte de pouvoir d'achat et parfois m\u00eame \u00e0 la compenser enti\u00e8rement. Elles n'ont pas l\u00e9sin\u00e9 sur les moyens : la part des salaires, c'est-\u00e0-dire la part de la r\u00e9mun\u00e9ration des salari\u00e9s dans le produit int\u00e9rieur brut (PIB), a sensiblement augment\u00e9 ces derni\u00e8res ann\u00e9es et s'\u00e9levait \u00e0 59,6 pour cent \u00e0 la fin du 1er trimestre 2024. Cela apr\u00e8s avoir oscill\u00e9 autour de la valeur de 56 pour cent pendant plusieurs ann\u00e9es.<\/p>\n<h3><strong>Hausse probable des salaires r\u00e9els<\/strong><\/h3>\n<p>Depuis lors, l'inflation aurait nettement diminu\u00e9 et devrait continuer \u00e0 baisser, raison pour laquelle les deux voies de croissance de l'\u00e9volution des salaires r\u00e9els et de la productivit\u00e9 convergent \u00e0 nouveau davantage. Apr\u00e8s une \u00e9volution \u00e9conomique mitig\u00e9e au premier semestre 2024, la conjoncture devrait en outre s'\u00e9claircir quelque peu au second semestre. Si l'on ajoute \u00e0 cela la baisse du rench\u00e9rissement, les signes sont donc bons pour que le pouvoir d'achat augmente non seulement cette ann\u00e9e, mais aussi l'ann\u00e9e prochaine.\u00a0<\/p>\n<p><em>Source : <a href=\"http:\/\/www.arbeitgeber.ch\">www.arbeitgeber.ch<\/a><\/em><\/p>","protected":false},"excerpt":{"rendered":"<p>Une nouvelle analyse de l'Union patronale suisse conclut \u00e0 la probabilit\u00e9 d'une hausse du pouvoir d'achat dans le cadre des n\u00e9gociations salariales 2024. Et ce, bien que la situation conjoncturelle soit fragile et que les estimations des entreprises concernant la situation des affaires aient tendance \u00e0 s'assombrir l\u00e9g\u00e8rement. Le recul du rench\u00e9rissement est un facteur de d\u00e9tente. <\/p>","protected":false},"author":58,"featured_media":28598,"comment_status":"closed","ping_status":"closed","sticky":false,"template":"","format":"standard","meta":{"_acf_changed":false,"_yoast_wpseo_focuskw":"Reall\u00f6hne","_yoast_wpseo_metadesc":"Eine neue Analyse des Schweizerischen Arbeitgeberverbands kommt zum Schluss, dass im Rahmen der Lohnrunde 2024 ein Kaufkraftanstieg wahrscheinlich ist.","articlekey":"","footnotes":""},"categories":[28],"tags":[3826,310,424,492,2576],"class_list":["post-28597","post","type-post","status-publish","format-standard","has-post-thumbnail","hentry","category-management","tag-inflation","tag-konjunktur","tag-schweiz","tag-unternehmen","tag-wirtschaft"],"acf":[],"yoast_head":"<!-- This site is optimized with the Yoast SEO plugin v27.5 - https:\/\/yoast.com\/product\/yoast-seo-wordpress\/ -->\n<title>Steigende Reall\u00f6hne trotz durchzogener Konjunktur - Organisator<\/title>\n<meta name=\"description\" content=\"Eine neue Analyse des Schweizerischen Arbeitgeberverbands kommt zum Schluss, dass im Rahmen der Lohnrunde 2024 ein Kaufkraftanstieg wahrscheinlich ist.\" \/>\n<meta name=\"robots\" content=\"index, follow, max-snippet:-1, max-image-preview:large, max-video-preview:-1\" \/>\n<link rel=\"canonical\" href=\"https:\/\/www.organisator.ch\/fr\/gestion-2\/2024-07-31\/steigende-realloehne-trotz-durchzogener-konjunktur\/\" \/>\n<meta property=\"og:locale\" content=\"fr_FR\" \/>\n<meta property=\"og:type\" content=\"article\" \/>\n<meta property=\"og:title\" content=\"Steigende Reall\u00f6hne trotz durchzogener Konjunktur\" \/>\n<meta property=\"og:description\" content=\"Eine neue Analyse des Schweizerischen Arbeitgeberverbands kommt zum Schluss, dass im Rahmen der Lohnrunde 2024 ein Kaufkraftanstieg wahrscheinlich ist.\" \/>\n<meta property=\"og:url\" content=\"https:\/\/www.organisator.ch\/fr\/gestion-2\/2024-07-31\/steigende-realloehne-trotz-durchzogener-konjunktur\/\" \/>\n<meta property=\"og:site_name\" content=\"Organisator\" \/>\n<meta property=\"article:publisher\" content=\"https:\/\/www.facebook.com\/OrganisatorFachmagazin\" \/>\n<meta property=\"article:published_time\" content=\"2024-07-31T02:09:23+00:00\" \/>\n<meta property=\"og:image\" content=\"https:\/\/www.organisator.ch\/wp-content\/uploads\/2024\/07\/Arbeitgeberverband_Bild1_ps.jpg\" \/>\n\t<meta property=\"og:image:width\" content=\"680\" \/>\n\t<meta property=\"og:image:height\" content=\"454\" \/>\n\t<meta property=\"og:image:type\" content=\"image\/jpeg\" \/>\n<meta name=\"author\" content=\"Adelisa Kalajdzini\" \/>\n<meta name=\"twitter:card\" content=\"summary_large_image\" \/>\n<meta name=\"twitter:title\" content=\"Steigende Reall\u00f6hne trotz durchzogener Konjunktur\" \/>\n<meta name=\"twitter:description\" content=\"Eine neue #Analyse des #Schweizerischen #Arbeitgeberverbands kommt zum Schluss, dass im Rahmen der #Lohnrunde 2024 ein #Kaufkraftanstieg wahrscheinlich ist.\" \/>\n<meta name=\"twitter:image\" content=\"https:\/\/www.organisator.ch\/wp-content\/uploads\/2024\/07\/Arbeitgeberverband_Bild1_ps.jpg\" \/>\n<script type=\"application\/ld+json\" class=\"yoast-schema-graph\">{\"@context\":\"https:\\\/\\\/schema.org\",\"@graph\":[{\"@type\":\"Article\",\"@id\":\"https:\\\/\\\/www.organisator.ch\\\/management\\\/2024-07-31\\\/steigende-realloehne-trotz-durchzogener-konjunktur\\\/#article\",\"isPartOf\":{\"@id\":\"https:\\\/\\\/www.organisator.ch\\\/management\\\/2024-07-31\\\/steigende-realloehne-trotz-durchzogener-konjunktur\\\/\"},\"author\":{\"name\":\"Adelisa Kalajdzini\",\"@id\":\"https:\\\/\\\/www.organisator.ch\\\/#\\\/schema\\\/person\\\/2e1314a2172123f874db408d8911d3f3\"},\"headline\":\"Steigende Reall\u00f6hne trotz durchzogener Konjunktur\",\"datePublished\":\"2024-07-31T02:09:23+00:00\",\"mainEntityOfPage\":{\"@id\":\"https:\\\/\\\/www.organisator.ch\\\/management\\\/2024-07-31\\\/steigende-realloehne-trotz-durchzogener-konjunktur\\\/\"},\"wordCount\":437,\"publisher\":{\"@id\":\"https:\\\/\\\/www.organisator.ch\\\/#organization\"},\"image\":{\"@id\":\"https:\\\/\\\/www.organisator.ch\\\/management\\\/2024-07-31\\\/steigende-realloehne-trotz-durchzogener-konjunktur\\\/#primaryimage\"},\"thumbnailUrl\":\"https:\\\/\\\/www.organisator.ch\\\/wp-content\\\/uploads\\\/2024\\\/07\\\/Arbeitgeberverband_Bild1_ps.jpg\",\"keywords\":[\"Inflation\",\"Konjunktur\",\"Schweiz\",\"Unternehmen\",\"Wirtschaft\"],\"articleSection\":[\"MANAGEMENT\"],\"inLanguage\":\"fr-FR\"},{\"@type\":\"WebPage\",\"@id\":\"https:\\\/\\\/www.organisator.ch\\\/management\\\/2024-07-31\\\/steigende-realloehne-trotz-durchzogener-konjunktur\\\/\",\"url\":\"https:\\\/\\\/www.organisator.ch\\\/management\\\/2024-07-31\\\/steigende-realloehne-trotz-durchzogener-konjunktur\\\/\",\"name\":\"Steigende Reall\u00f6hne trotz durchzogener Konjunktur - Organisator\",\"isPartOf\":{\"@id\":\"https:\\\/\\\/www.organisator.ch\\\/#website\"},\"primaryImageOfPage\":{\"@id\":\"https:\\\/\\\/www.organisator.ch\\\/management\\\/2024-07-31\\\/steigende-realloehne-trotz-durchzogener-konjunktur\\\/#primaryimage\"},\"image\":{\"@id\":\"https:\\\/\\\/www.organisator.ch\\\/management\\\/2024-07-31\\\/steigende-realloehne-trotz-durchzogener-konjunktur\\\/#primaryimage\"},\"thumbnailUrl\":\"https:\\\/\\\/www.organisator.ch\\\/wp-content\\\/uploads\\\/2024\\\/07\\\/Arbeitgeberverband_Bild1_ps.jpg\",\"datePublished\":\"2024-07-31T02:09:23+00:00\",\"description\":\"Eine neue Analyse des Schweizerischen Arbeitgeberverbands kommt zum Schluss, dass im Rahmen der Lohnrunde 2024 ein Kaufkraftanstieg wahrscheinlich ist.\",\"breadcrumb\":{\"@id\":\"https:\\\/\\\/www.organisator.ch\\\/management\\\/2024-07-31\\\/steigende-realloehne-trotz-durchzogener-konjunktur\\\/#breadcrumb\"},\"inLanguage\":\"fr-FR\",\"potentialAction\":[{\"@type\":\"ReadAction\",\"target\":[\"https:\\\/\\\/www.organisator.ch\\\/management\\\/2024-07-31\\\/steigende-realloehne-trotz-durchzogener-konjunktur\\\/\"]}]},{\"@type\":\"ImageObject\",\"inLanguage\":\"fr-FR\",\"@id\":\"https:\\\/\\\/www.organisator.ch\\\/management\\\/2024-07-31\\\/steigende-realloehne-trotz-durchzogener-konjunktur\\\/#primaryimage\",\"url\":\"https:\\\/\\\/www.organisator.ch\\\/wp-content\\\/uploads\\\/2024\\\/07\\\/Arbeitgeberverband_Bild1_ps.jpg\",\"contentUrl\":\"https:\\\/\\\/www.organisator.ch\\\/wp-content\\\/uploads\\\/2024\\\/07\\\/Arbeitgeberverband_Bild1_ps.jpg\",\"width\":680,\"height\":454,\"caption\":\"Die Schweiz war betroffen von einer im Vergleich mit den Vorjahren deutlich erh\u00f6hten Inflation, die mehrheitlich importiert wurde, und die den Spielraum der Unternehmen f\u00fcr Lohnerh\u00f6hungen stark einschr\u00e4nkte. (Bild: www.depositphotos.com)\"},{\"@type\":\"BreadcrumbList\",\"@id\":\"https:\\\/\\\/www.organisator.ch\\\/management\\\/2024-07-31\\\/steigende-realloehne-trotz-durchzogener-konjunktur\\\/#breadcrumb\",\"itemListElement\":[{\"@type\":\"ListItem\",\"position\":1,\"name\":\"Home\",\"item\":\"https:\\\/\\\/www.organisator.ch\\\/\"},{\"@type\":\"ListItem\",\"position\":2,\"name\":\"Steigende Reall\u00f6hne trotz durchzogener Konjunktur\"}]},{\"@type\":\"WebSite\",\"@id\":\"https:\\\/\\\/www.organisator.ch\\\/#website\",\"url\":\"https:\\\/\\\/www.organisator.ch\\\/\",\"name\":\"Organisator\",\"description\":\"Kompetent. Praxisnah. Der ORGANISATOR bereitet in 10 Ausgaben pro Jahr die wesentlichen Themen f\u00fcr F\u00fchrungskr\u00e4fte von KMU auf.\",\"publisher\":{\"@id\":\"https:\\\/\\\/www.organisator.ch\\\/#organization\"},\"potentialAction\":[{\"@type\":\"SearchAction\",\"target\":{\"@type\":\"EntryPoint\",\"urlTemplate\":\"https:\\\/\\\/www.organisator.ch\\\/?s={search_term_string}\"},\"query-input\":{\"@type\":\"PropertyValueSpecification\",\"valueRequired\":true,\"valueName\":\"search_term_string\"}}],\"inLanguage\":\"fr-FR\"},{\"@type\":\"Organization\",\"@id\":\"https:\\\/\\\/www.organisator.ch\\\/#organization\",\"name\":\"Organisator\",\"url\":\"https:\\\/\\\/www.organisator.ch\\\/\",\"logo\":{\"@type\":\"ImageObject\",\"inLanguage\":\"fr-FR\",\"@id\":\"https:\\\/\\\/www.organisator.ch\\\/#\\\/schema\\\/logo\\\/image\\\/\",\"url\":\"https:\\\/\\\/www.organisator.ch\\\/wp-content\\\/uploads\\\/2022\\\/01\\\/Logo_Organisator_Website.png\",\"contentUrl\":\"https:\\\/\\\/www.organisator.ch\\\/wp-content\\\/uploads\\\/2022\\\/01\\\/Logo_Organisator_Website.png\",\"width\":800,\"height\":77,\"caption\":\"Organisator\"},\"image\":{\"@id\":\"https:\\\/\\\/www.organisator.ch\\\/#\\\/schema\\\/logo\\\/image\\\/\"},\"sameAs\":[\"https:\\\/\\\/www.facebook.com\\\/OrganisatorFachmagazin\",\"https:\\\/\\\/www.linkedin.com\\\/showcase\\\/organisator-das-magazin-fr-kmu\",\"https:\\\/\\\/www.xing.com\\\/news\\\/pages\\\/organisator-ch-695\",\"https:\\\/\\\/www.youtube.com\\\/channel\\\/UCGP2Sq0iWaZwT3BdIAQFYpw\"]},{\"@type\":\"Person\",\"@id\":\"https:\\\/\\\/www.organisator.ch\\\/#\\\/schema\\\/person\\\/2e1314a2172123f874db408d8911d3f3\",\"name\":\"Adelisa Kalajdzini\",\"image\":{\"@type\":\"ImageObject\",\"inLanguage\":\"fr-FR\",\"@id\":\"https:\\\/\\\/secure.gravatar.com\\\/avatar\\\/09a397c22ac58cad6f160ee8306348599df9df58a8ede73696226897b9fa4b24?s=96&d=mm&r=g\",\"url\":\"https:\\\/\\\/secure.gravatar.com\\\/avatar\\\/09a397c22ac58cad6f160ee8306348599df9df58a8ede73696226897b9fa4b24?s=96&d=mm&r=g\",\"contentUrl\":\"https:\\\/\\\/secure.gravatar.com\\\/avatar\\\/09a397c22ac58cad6f160ee8306348599df9df58a8ede73696226897b9fa4b24?s=96&d=mm&r=g\",\"caption\":\"Adelisa Kalajdzini\"},\"url\":\"https:\\\/\\\/www.organisator.ch\\\/fr\\\/author\\\/adelisa-kalajdzini\\\/\"}]}<\/script>\n<!-- \/ Yoast SEO plugin. -->","yoast_head_json":{"title":"Des salaires r\u00e9els en hausse malgr\u00e9 une conjoncture mitig\u00e9e - Organisateur","description":"Une nouvelle analyse de l'Union patronale suisse conclut qu'une hausse du pouvoir d'achat est probable dans le cadre des n\u00e9gociations salariales 2024.","robots":{"index":"index","follow":"follow","max-snippet":"max-snippet:-1","max-image-preview":"max-image-preview:large","max-video-preview":"max-video-preview:-1"},"canonical":"https:\/\/www.organisator.ch\/fr\/gestion-2\/2024-07-31\/steigende-realloehne-trotz-durchzogener-konjunktur\/","og_locale":"fr_FR","og_type":"article","og_title":"Steigende Reall\u00f6hne trotz durchzogener Konjunktur","og_description":"Eine neue Analyse des Schweizerischen Arbeitgeberverbands kommt zum Schluss, dass im Rahmen der Lohnrunde 2024 ein Kaufkraftanstieg wahrscheinlich ist.","og_url":"https:\/\/www.organisator.ch\/fr\/gestion-2\/2024-07-31\/steigende-realloehne-trotz-durchzogener-konjunktur\/","og_site_name":"Organisator","article_publisher":"https:\/\/www.facebook.com\/OrganisatorFachmagazin","article_published_time":"2024-07-31T02:09:23+00:00","og_image":[{"width":680,"height":454,"url":"https:\/\/www.organisator.ch\/wp-content\/uploads\/2024\/07\/Arbeitgeberverband_Bild1_ps.jpg","type":"image\/jpeg"}],"author":"Adelisa Kalajdzini","twitter_card":"summary_large_image","twitter_title":"Steigende Reall\u00f6hne trotz durchzogener Konjunktur","twitter_description":"Eine neue #Analyse des #Schweizerischen #Arbeitgeberverbands kommt zum Schluss, dass im Rahmen der #Lohnrunde 2024 ein #Kaufkraftanstieg wahrscheinlich ist.","twitter_image":"https:\/\/www.organisator.ch\/wp-content\/uploads\/2024\/07\/Arbeitgeberverband_Bild1_ps.jpg","schema":{"@context":"https:\/\/schema.org","@graph":[{"@type":"Article","@id":"https:\/\/www.organisator.ch\/management\/2024-07-31\/steigende-realloehne-trotz-durchzogener-konjunktur\/#article","isPartOf":{"@id":"https:\/\/www.organisator.ch\/management\/2024-07-31\/steigende-realloehne-trotz-durchzogener-konjunktur\/"},"author":{"name":"Adelisa Kalajdzini","@id":"https:\/\/www.organisator.ch\/#\/schema\/person\/2e1314a2172123f874db408d8911d3f3"},"headline":"Steigende Reall\u00f6hne trotz durchzogener Konjunktur","datePublished":"2024-07-31T02:09:23+00:00","mainEntityOfPage":{"@id":"https:\/\/www.organisator.ch\/management\/2024-07-31\/steigende-realloehne-trotz-durchzogener-konjunktur\/"},"wordCount":437,"publisher":{"@id":"https:\/\/www.organisator.ch\/#organization"},"image":{"@id":"https:\/\/www.organisator.ch\/management\/2024-07-31\/steigende-realloehne-trotz-durchzogener-konjunktur\/#primaryimage"},"thumbnailUrl":"https:\/\/www.organisator.ch\/wp-content\/uploads\/2024\/07\/Arbeitgeberverband_Bild1_ps.jpg","keywords":["Inflation","Konjunktur","Schweiz","Unternehmen","Wirtschaft"],"articleSection":["MANAGEMENT"],"inLanguage":"fr-FR"},{"@type":"WebPage","@id":"https:\/\/www.organisator.ch\/management\/2024-07-31\/steigende-realloehne-trotz-durchzogener-konjunktur\/","url":"https:\/\/www.organisator.ch\/management\/2024-07-31\/steigende-realloehne-trotz-durchzogener-konjunktur\/","name":"Des salaires r\u00e9els en hausse malgr\u00e9 une conjoncture mitig\u00e9e - Organisateur","isPartOf":{"@id":"https:\/\/www.organisator.ch\/#website"},"primaryImageOfPage":{"@id":"https:\/\/www.organisator.ch\/management\/2024-07-31\/steigende-realloehne-trotz-durchzogener-konjunktur\/#primaryimage"},"image":{"@id":"https:\/\/www.organisator.ch\/management\/2024-07-31\/steigende-realloehne-trotz-durchzogener-konjunktur\/#primaryimage"},"thumbnailUrl":"https:\/\/www.organisator.ch\/wp-content\/uploads\/2024\/07\/Arbeitgeberverband_Bild1_ps.jpg","datePublished":"2024-07-31T02:09:23+00:00","description":"Une nouvelle analyse de l'Union patronale suisse conclut qu'une hausse du pouvoir d'achat est probable dans le cadre des n\u00e9gociations salariales 2024.","breadcrumb":{"@id":"https:\/\/www.organisator.ch\/management\/2024-07-31\/steigende-realloehne-trotz-durchzogener-konjunktur\/#breadcrumb"},"inLanguage":"fr-FR","potentialAction":[{"@type":"ReadAction","target":["https:\/\/www.organisator.ch\/management\/2024-07-31\/steigende-realloehne-trotz-durchzogener-konjunktur\/"]}]},{"@type":"ImageObject","inLanguage":"fr-FR","@id":"https:\/\/www.organisator.ch\/management\/2024-07-31\/steigende-realloehne-trotz-durchzogener-konjunktur\/#primaryimage","url":"https:\/\/www.organisator.ch\/wp-content\/uploads\/2024\/07\/Arbeitgeberverband_Bild1_ps.jpg","contentUrl":"https:\/\/www.organisator.ch\/wp-content\/uploads\/2024\/07\/Arbeitgeberverband_Bild1_ps.jpg","width":680,"height":454,"caption":"Die Schweiz war betroffen von einer im Vergleich mit den Vorjahren deutlich erh\u00f6hten Inflation, die mehrheitlich importiert wurde, und die den Spielraum der Unternehmen f\u00fcr Lohnerh\u00f6hungen stark einschr\u00e4nkte. (Bild: www.depositphotos.com)"},{"@type":"BreadcrumbList","@id":"https:\/\/www.organisator.ch\/management\/2024-07-31\/steigende-realloehne-trotz-durchzogener-konjunktur\/#breadcrumb","itemListElement":[{"@type":"ListItem","position":1,"name":"Home","item":"https:\/\/www.organisator.ch\/"},{"@type":"ListItem","position":2,"name":"Steigende Reall\u00f6hne trotz durchzogener Konjunktur"}]},{"@type":"WebSite","@id":"https:\/\/www.organisator.ch\/#website","url":"https:\/\/www.organisator.ch\/","name":"Organisateur","description":"Comp\u00e9tence et comp\u00e9tence. Proches de la pratique. L'ORGANISATEUR pr\u00e9pare 10 num\u00e9ros par an sur les th\u00e8mes essentiels pour les dirigeants de PME.","publisher":{"@id":"https:\/\/www.organisator.ch\/#organization"},"potentialAction":[{"@type":"SearchAction","target":{"@type":"EntryPoint","urlTemplate":"https:\/\/www.organisator.ch\/?s={search_term_string}"},"query-input":{"@type":"PropertyValueSpecification","valueRequired":true,"valueName":"search_term_string"}}],"inLanguage":"fr-FR"},{"@type":"Organization","@id":"https:\/\/www.organisator.ch\/#organization","name":"Organisateur","url":"https:\/\/www.organisator.ch\/","logo":{"@type":"ImageObject","inLanguage":"fr-FR","@id":"https:\/\/www.organisator.ch\/#\/schema\/logo\/image\/","url":"https:\/\/www.organisator.ch\/wp-content\/uploads\/2022\/01\/Logo_Organisator_Website.png","contentUrl":"https:\/\/www.organisator.ch\/wp-content\/uploads\/2022\/01\/Logo_Organisator_Website.png","width":800,"height":77,"caption":"Organisator"},"image":{"@id":"https:\/\/www.organisator.ch\/#\/schema\/logo\/image\/"},"sameAs":["https:\/\/www.facebook.com\/OrganisatorFachmagazin","https:\/\/www.linkedin.com\/showcase\/organisator-das-magazin-fr-kmu","https:\/\/www.xing.com\/news\/pages\/organisator-ch-695","https:\/\/www.youtube.com\/channel\/UCGP2Sq0iWaZwT3BdIAQFYpw"]},{"@type":"Person","@id":"https:\/\/www.organisator.ch\/#\/schema\/person\/2e1314a2172123f874db408d8911d3f3","name":"Adelisa Kalajdzini","image":{"@type":"ImageObject","inLanguage":"fr-FR","@id":"https:\/\/secure.gravatar.com\/avatar\/09a397c22ac58cad6f160ee8306348599df9df58a8ede73696226897b9fa4b24?s=96&d=mm&r=g","url":"https:\/\/secure.gravatar.com\/avatar\/09a397c22ac58cad6f160ee8306348599df9df58a8ede73696226897b9fa4b24?s=96&d=mm&r=g","contentUrl":"https:\/\/secure.gravatar.com\/avatar\/09a397c22ac58cad6f160ee8306348599df9df58a8ede73696226897b9fa4b24?s=96&d=mm&r=g","caption":"Adelisa Kalajdzini"},"url":"https:\/\/www.organisator.ch\/fr\/author\/adelisa-kalajdzini\/"}]}},"_links":{"self":[{"href":"https:\/\/www.organisator.ch\/fr\/wp-json\/wp\/v2\/posts\/28597","targetHints":{"allow":["GET"]}}],"collection":[{"href":"https:\/\/www.organisator.ch\/fr\/wp-json\/wp\/v2\/posts"}],"about":[{"href":"https:\/\/www.organisator.ch\/fr\/wp-json\/wp\/v2\/types\/post"}],"author":[{"embeddable":true,"href":"https:\/\/www.organisator.ch\/fr\/wp-json\/wp\/v2\/users\/58"}],"replies":[{"embeddable":true,"href":"https:\/\/www.organisator.ch\/fr\/wp-json\/wp\/v2\/comments?post=28597"}],"version-history":[{"count":3,"href":"https:\/\/www.organisator.ch\/fr\/wp-json\/wp\/v2\/posts\/28597\/revisions"}],"predecessor-version":[{"id":28612,"href":"https:\/\/www.organisator.ch\/fr\/wp-json\/wp\/v2\/posts\/28597\/revisions\/28612"}],"wp:featuredmedia":[{"embeddable":true,"href":"https:\/\/www.organisator.ch\/fr\/wp-json\/wp\/v2\/media\/28598"}],"wp:attachment":[{"href":"https:\/\/www.organisator.ch\/fr\/wp-json\/wp\/v2\/media?parent=28597"}],"wp:term":[{"taxonomy":"category","embeddable":true,"href":"https:\/\/www.organisator.ch\/fr\/wp-json\/wp\/v2\/categories?post=28597"},{"taxonomy":"post_tag","embeddable":true,"href":"https:\/\/www.organisator.ch\/fr\/wp-json\/wp\/v2\/tags?post=28597"}],"curies":[{"name":"wp","href":"https:\/\/api.w.org\/{rel}","templated":true}]}}