{"id":28614,"date":"2024-07-31T10:20:50","date_gmt":"2024-07-31T08:20:50","guid":{"rendered":"https:\/\/www.m-q.ch\/?p=20162"},"modified":"2024-11-09T10:31:50","modified_gmt":"2024-11-09T09:31:50","slug":"backup-dient-auch-dem-schutz-vor-internen-gefahren","status":"publish","type":"post","link":"https:\/\/www.organisator.ch\/fr\/operational-excellence\/2024-07-31\/backup-dient-auch-dem-schutz-vor-internen-gefahren\/","title":{"rendered":"La sauvegarde sert aussi \u00e0 se prot\u00e9ger des menaces internes"},"content":{"rendered":"<figure id=\"attachment_20163\" class=\"wp-caption alignnone\" style=\"width: 680px\" aria-describedby=\"caption-attachment-20163\"><img class=\"alignnone wp-image-20163 size-full\" src=\"https:\/\/www.m-q.ch\/wp-content\/uploads\/2024\/07\/Arcserve-2_Bild1_ps.jpg\" alt=\"Dangers internes \" width=\"680\" height=\"453\" \/>\r\n<figcaption id=\"caption-attachment-20163\" class=\"wp-caption-text\">Des donn\u00e9es importantes et critiques pour l'entreprise peuvent tr\u00e8s facilement \u00eatre compromises ou d\u00e9truites, intentionnellement ou par inadvertance. (Image : www.depositphotos.com)<\/figcaption>\r\n<\/figure>\r\n<p>Le fait est que les menaces internes li\u00e9es aux employ\u00e9s, \u00e0 l'espionnage ou \u00e0 la simple mauvaise conduite existent toujours et que les entreprises ne devraient pas les n\u00e9gliger en plus des cyber-risques. Dans le \"Verizon Data Breach Investigations Report (DBIR) 2023\", par exemple, il a \u00e9t\u00e9 constat\u00e9 que pas moins de 19 % des violations de s\u00e9curit\u00e9 \u00e9taient imputables \u00e0 des acteurs internes. Le BSI compte \u00e9galement les risques internes parmi les sources de danger importantes et conseille une analyse minutieuse afin d'\u00e9viter autant que possible une d\u00e9faillance des processus commerciaux.<\/p>\r\n<h3><strong>Le danger vient de l'int\u00e9rieur<\/strong><\/h3>\r\n<p>Des donn\u00e9es importantes et critiques pour l'entreprise peuvent tr\u00e8s facilement \u00eatre compromises ou d\u00e9truites, intentionnellement ou par inadvertance, comme le montre l'un des exemples les plus r\u00e9cents dans une entreprise fournissant des technologies de l'information et de la communication. En juin 2024, un cas a \u00e9t\u00e9 r\u00e9v\u00e9l\u00e9 dans lequel un employ\u00e9 d\u00e9\u00e7u par son licenciement a voulu se venger de son ancien employeur. Frustr\u00e9, l'employ\u00e9 avait supprim\u00e9 180 serveurs virtuels dans le syst\u00e8me de test de son ex-employeur, causant ainsi un pr\u00e9judice de plus de 620 000 euros ; l'ancien employ\u00e9 avait toujours un acc\u00e8s admin aux syst\u00e8mes, m\u00eame apr\u00e8s avoir \u00e9t\u00e9 licenci\u00e9. Cet exemple montre \u00e0 quel point les syst\u00e8mes informatiques sont fragiles et vuln\u00e9rables lorsque les entreprises ne prennent pas les mesures de protection n\u00e9cessaires et n'appliquent pas strictement le principe des droits les plus faibles possibles.<\/p>\r\n<p>Toutefois, les dommages caus\u00e9s par des acteurs internes ne sont pas n\u00e9cessairement dus \u00e0 une motivation malveillante. Des erreurs des administrateurs ou des utilisateurs sont \u00e9galement envisageables. Trop de droits, un mauvais clic et il peut arriver que des donn\u00e9es et des syst\u00e8mes critiques pour l'entreprise soient irr\u00e9m\u00e9diablement supprim\u00e9s.<\/p>\r\n<h3><strong>Apr\u00e8s le d\u00e9sastre, la r\u00e9cup\u00e9ration<\/strong><\/h3>\r\n<p>Selon la taille de l'entreprise, le co\u00fbt de tels incidents n'est peut-\u00eatre pas le probl\u00e8me le plus important. Il est bien plus important de pouvoir restaurer rapidement les donn\u00e9es et les syst\u00e8mes, et si possible dans l'\u00e9tat o\u00f9 ils se trouvaient juste avant d'\u00eatre compromis ou supprim\u00e9s. C'est l\u00e0 qu'une bonne strat\u00e9gie de sauvegarde et de r\u00e9cup\u00e9ration apr\u00e8s sinistre, et surtout une strat\u00e9gie qui a fait ses preuves, est utile. Et les jeux de sauvegarde de donn\u00e9es qui ne peuvent \u00eatre ni manipul\u00e9s ni supprim\u00e9s sont d'une grande aide. Pour l'exemple cit\u00e9 pr\u00e9c\u00e9demment, cela signifie que les sauvegardes des syst\u00e8mes de test doivent \u00eatre effectu\u00e9es le plus pr\u00e8s possible de la suppression et qu'elles doivent \u00eatre stock\u00e9es sur une m\u00e9moire non effa\u00e7able et non modifiable. Ce n'est qu'\u00e0 ce moment-l\u00e0 que l'on peut garantir que les donn\u00e9es et les syst\u00e8mes de test pourront \u00eatre restaur\u00e9s dans leur int\u00e9gralit\u00e9 et que l'entreprise ne perdra que peu de temps productif, voire des r\u00e9sultats de tests datant de plusieurs mois ou ann\u00e9es.<\/p>\r\n<p>Dans ces cas, il faut des solutions de sauvegarde qui, gr\u00e2ce \u00e0 une restauration orchestr\u00e9e, r\u00e9duisent les temps et les points de restauration (RTO \/ RPO) \u00e0 quelques minutes et valident les accords de niveau de service (SLA) souhait\u00e9s avec Assured Recovery. Pour y parvenir, une plateforme unifi\u00e9e de protection des donn\u00e9es, telle qu'Arcserve UDP, est appropri\u00e9e. Avec une plate-forme int\u00e9gr\u00e9e, les entreprises disposent d'une solution compl\u00e8te qui r\u00e9unit la sauvegarde, la reprise apr\u00e8s sinistre et la gestion des donn\u00e9es. De telles solutions sont \u00e9galement en mesure de pr\u00e9venir efficacement les effets d'une compromission ou m\u00eame d'une destruction des donn\u00e9es, qu'elle soit caus\u00e9e par une cyberattaque externe, par des acteurs internes ou par une erreur de manipulation. Il est essentiel d'appliquer et de tester r\u00e9guli\u00e8rement la r\u00e8gle 3-2-1-1 pour les sauvegardes. Celle-ci part du principe qu'il existe au total trois copies des donn\u00e9es de sauvegarde, deux sauvegardes devant \u00eatre enregistr\u00e9es sur deux supports diff\u00e9rents et une en externe. Le dernier 1 correspond \u00e0 l'enregistrement d'une copie sur un support de stockage inalt\u00e9rable. Les sauvegardes inalt\u00e9rables sont sauvegard\u00e9es dans un format inscriptible une fois et lisible plusieurs fois, qui ne peut \u00eatre ni modifi\u00e9 ni effac\u00e9 - m\u00eame par des pirates, des acteurs internes ou des administrateurs. Les entreprises qui combinent cette r\u00e8gle avec une solution de sauvegarde et de reprise apr\u00e8s sinistre adapt\u00e9e peuvent compter sur une restauration s\u00e9curis\u00e9e de toutes les donn\u00e9es et de tous les syst\u00e8mes en cas d'urgence.<\/p>\r\n<p><em>Source : <a href=\"http:\/\/www.arcserve.com\/\">www.arcserve.com<\/a><\/em><\/p>\n<p class=\"syndicated-attribution\">Cet article est paru initialement sur m-q.ch - <a href=\"https:\/\/www.m-q.ch\/de\/backup-dient-auch-dem-schutz-vor-internen-gefahren\/\" target=\"_blank\">https:\/\/www.m-q.ch\/de\/backup-dient-auch-dem-schutz-vor-internen-gefahren\/<\/a><\/p>","protected":false},"excerpt":{"rendered":"<p>Il ne fait aucun doute que les cybermenaces sont devenues l'un des risques les plus importants pour les entreprises. Mais qu'en est-il des menaces internes et des risques domestiques pour les donn\u00e9es et les syst\u00e8mes, auxquels les entreprises sont confront\u00e9es aujourd'hui tout autant qu'hier ?<\/p>","protected":false},"author":58,"featured_media":0,"comment_status":"closed","ping_status":"closed","sticky":false,"template":"","format":"standard","meta":{"_acf_changed":false,"_yoast_wpseo_focuskw":"Interne Gefahren","_yoast_wpseo_metadesc":"Interne Gefahren f\u00fcr Cybersicherheit: Wichtige Daten k\u00f6nnen durch Mitarbeitende leicht kompromittiert oder zerst\u00f6rt werden.","articlekey":"","footnotes":""},"categories":[582],"tags":[3500,3806,418,492],"class_list":["post-28614","post","type-post","status-publish","format-standard","hentry","category-operational-excellence","tag-backup","tag-cyber-risiken","tag-risikomanagement","tag-unternehmen"],"acf":[],"yoast_head":"<!-- This site is optimized with the Yoast SEO plugin v27.4 - https:\/\/yoast.com\/product\/yoast-seo-wordpress\/ -->\n<title>Backup dient auch dem Schutz vor internen Gefahren - Organisator<\/title>\n<meta name=\"description\" content=\"Interne Gefahren f\u00fcr Cybersicherheit: Wichtige Daten k\u00f6nnen durch Mitarbeitende leicht kompromittiert oder zerst\u00f6rt werden.\" \/>\n<meta name=\"robots\" content=\"index, follow, max-snippet:-1, max-image-preview:large, max-video-preview:-1\" \/>\n<link rel=\"canonical\" href=\"https:\/\/www.organisator.ch\/fr\/excellence-operationnelle\/2024-07-31\/backup-dient-auch-dem-schutz-vor-internen-gefahren\/\" \/>\n<meta property=\"og:locale\" content=\"fr_FR\" \/>\n<meta property=\"og:type\" content=\"article\" \/>\n<meta property=\"og:title\" content=\"Backup dient auch dem Schutz vor internen Gefahren - Organisator\" \/>\n<meta property=\"og:description\" content=\"Interne Gefahren f\u00fcr Cybersicherheit: Wichtige Daten k\u00f6nnen durch Mitarbeitende leicht kompromittiert oder zerst\u00f6rt werden.\" \/>\n<meta property=\"og:url\" content=\"https:\/\/www.organisator.ch\/fr\/excellence-operationnelle\/2024-07-31\/backup-dient-auch-dem-schutz-vor-internen-gefahren\/\" \/>\n<meta property=\"og:site_name\" content=\"Organisator\" \/>\n<meta property=\"article:publisher\" content=\"https:\/\/www.facebook.com\/OrganisatorFachmagazin\" \/>\n<meta property=\"article:published_time\" content=\"2024-07-31T08:20:50+00:00\" \/>\n<meta property=\"article:modified_time\" content=\"2024-11-09T09:31:50+00:00\" \/>\n<meta property=\"og:image\" content=\"https:\/\/www.m-q.ch\/wp-content\/uploads\/2024\/07\/Arcserve-2_Bild1_ps.jpg\" \/>\n<meta name=\"author\" content=\"Adelisa Kalajdzini\" \/>\n<meta name=\"twitter:card\" content=\"summary_large_image\" \/>\n<script type=\"application\/ld+json\" class=\"yoast-schema-graph\">{\"@context\":\"https:\\\/\\\/schema.org\",\"@graph\":[{\"@type\":\"Article\",\"@id\":\"https:\\\/\\\/www.organisator.ch\\\/operational-excellence\\\/2024-07-31\\\/backup-dient-auch-dem-schutz-vor-internen-gefahren\\\/#article\",\"isPartOf\":{\"@id\":\"https:\\\/\\\/www.organisator.ch\\\/operational-excellence\\\/2024-07-31\\\/backup-dient-auch-dem-schutz-vor-internen-gefahren\\\/\"},\"author\":{\"name\":\"Adelisa Kalajdzini\",\"@id\":\"https:\\\/\\\/www.organisator.ch\\\/#\\\/schema\\\/person\\\/2e1314a2172123f874db408d8911d3f3\"},\"headline\":\"Backup dient auch dem Schutz vor internen Gefahren\",\"datePublished\":\"2024-07-31T08:20:50+00:00\",\"dateModified\":\"2024-11-09T09:31:50+00:00\",\"mainEntityOfPage\":{\"@id\":\"https:\\\/\\\/www.organisator.ch\\\/operational-excellence\\\/2024-07-31\\\/backup-dient-auch-dem-schutz-vor-internen-gefahren\\\/\"},\"wordCount\":644,\"publisher\":{\"@id\":\"https:\\\/\\\/www.organisator.ch\\\/#organization\"},\"image\":{\"@id\":\"https:\\\/\\\/www.organisator.ch\\\/operational-excellence\\\/2024-07-31\\\/backup-dient-auch-dem-schutz-vor-internen-gefahren\\\/#primaryimage\"},\"thumbnailUrl\":\"https:\\\/\\\/www.m-q.ch\\\/wp-content\\\/uploads\\\/2024\\\/07\\\/Arcserve-2_Bild1_ps.jpg\",\"keywords\":[\"Backup\",\"Cyber Risiken\",\"Risikomanagement\",\"Unternehmen\"],\"articleSection\":[\"OPERATIONAL EXCELLENCE\"],\"inLanguage\":\"fr-FR\"},{\"@type\":\"WebPage\",\"@id\":\"https:\\\/\\\/www.organisator.ch\\\/operational-excellence\\\/2024-07-31\\\/backup-dient-auch-dem-schutz-vor-internen-gefahren\\\/\",\"url\":\"https:\\\/\\\/www.organisator.ch\\\/operational-excellence\\\/2024-07-31\\\/backup-dient-auch-dem-schutz-vor-internen-gefahren\\\/\",\"name\":\"Backup dient auch dem Schutz vor internen Gefahren - Organisator\",\"isPartOf\":{\"@id\":\"https:\\\/\\\/www.organisator.ch\\\/#website\"},\"primaryImageOfPage\":{\"@id\":\"https:\\\/\\\/www.organisator.ch\\\/operational-excellence\\\/2024-07-31\\\/backup-dient-auch-dem-schutz-vor-internen-gefahren\\\/#primaryimage\"},\"image\":{\"@id\":\"https:\\\/\\\/www.organisator.ch\\\/operational-excellence\\\/2024-07-31\\\/backup-dient-auch-dem-schutz-vor-internen-gefahren\\\/#primaryimage\"},\"thumbnailUrl\":\"https:\\\/\\\/www.m-q.ch\\\/wp-content\\\/uploads\\\/2024\\\/07\\\/Arcserve-2_Bild1_ps.jpg\",\"datePublished\":\"2024-07-31T08:20:50+00:00\",\"dateModified\":\"2024-11-09T09:31:50+00:00\",\"description\":\"Interne Gefahren f\u00fcr Cybersicherheit: Wichtige Daten k\u00f6nnen durch Mitarbeitende leicht kompromittiert oder zerst\u00f6rt werden.\",\"breadcrumb\":{\"@id\":\"https:\\\/\\\/www.organisator.ch\\\/operational-excellence\\\/2024-07-31\\\/backup-dient-auch-dem-schutz-vor-internen-gefahren\\\/#breadcrumb\"},\"inLanguage\":\"fr-FR\",\"potentialAction\":[{\"@type\":\"ReadAction\",\"target\":[\"https:\\\/\\\/www.organisator.ch\\\/operational-excellence\\\/2024-07-31\\\/backup-dient-auch-dem-schutz-vor-internen-gefahren\\\/\"]}]},{\"@type\":\"ImageObject\",\"inLanguage\":\"fr-FR\",\"@id\":\"https:\\\/\\\/www.organisator.ch\\\/operational-excellence\\\/2024-07-31\\\/backup-dient-auch-dem-schutz-vor-internen-gefahren\\\/#primaryimage\",\"url\":\"https:\\\/\\\/www.m-q.ch\\\/wp-content\\\/uploads\\\/2024\\\/07\\\/Arcserve-2_Bild1_ps.jpg\",\"contentUrl\":\"https:\\\/\\\/www.m-q.ch\\\/wp-content\\\/uploads\\\/2024\\\/07\\\/Arcserve-2_Bild1_ps.jpg\"},{\"@type\":\"BreadcrumbList\",\"@id\":\"https:\\\/\\\/www.organisator.ch\\\/operational-excellence\\\/2024-07-31\\\/backup-dient-auch-dem-schutz-vor-internen-gefahren\\\/#breadcrumb\",\"itemListElement\":[{\"@type\":\"ListItem\",\"position\":1,\"name\":\"Home\",\"item\":\"https:\\\/\\\/www.organisator.ch\\\/\"},{\"@type\":\"ListItem\",\"position\":2,\"name\":\"Backup dient auch dem Schutz vor internen Gefahren\"}]},{\"@type\":\"WebSite\",\"@id\":\"https:\\\/\\\/www.organisator.ch\\\/#website\",\"url\":\"https:\\\/\\\/www.organisator.ch\\\/\",\"name\":\"Organisator\",\"description\":\"Kompetent. Praxisnah. Der ORGANISATOR bereitet in 10 Ausgaben pro Jahr die wesentlichen Themen f\u00fcr F\u00fchrungskr\u00e4fte von KMU auf.\",\"publisher\":{\"@id\":\"https:\\\/\\\/www.organisator.ch\\\/#organization\"},\"potentialAction\":[{\"@type\":\"SearchAction\",\"target\":{\"@type\":\"EntryPoint\",\"urlTemplate\":\"https:\\\/\\\/www.organisator.ch\\\/?s={search_term_string}\"},\"query-input\":{\"@type\":\"PropertyValueSpecification\",\"valueRequired\":true,\"valueName\":\"search_term_string\"}}],\"inLanguage\":\"fr-FR\"},{\"@type\":\"Organization\",\"@id\":\"https:\\\/\\\/www.organisator.ch\\\/#organization\",\"name\":\"Organisator\",\"url\":\"https:\\\/\\\/www.organisator.ch\\\/\",\"logo\":{\"@type\":\"ImageObject\",\"inLanguage\":\"fr-FR\",\"@id\":\"https:\\\/\\\/www.organisator.ch\\\/#\\\/schema\\\/logo\\\/image\\\/\",\"url\":\"https:\\\/\\\/www.organisator.ch\\\/wp-content\\\/uploads\\\/2022\\\/01\\\/Logo_Organisator_Website.png\",\"contentUrl\":\"https:\\\/\\\/www.organisator.ch\\\/wp-content\\\/uploads\\\/2022\\\/01\\\/Logo_Organisator_Website.png\",\"width\":800,\"height\":77,\"caption\":\"Organisator\"},\"image\":{\"@id\":\"https:\\\/\\\/www.organisator.ch\\\/#\\\/schema\\\/logo\\\/image\\\/\"},\"sameAs\":[\"https:\\\/\\\/www.facebook.com\\\/OrganisatorFachmagazin\",\"https:\\\/\\\/www.linkedin.com\\\/showcase\\\/organisator-das-magazin-fr-kmu\",\"https:\\\/\\\/www.xing.com\\\/news\\\/pages\\\/organisator-ch-695\",\"https:\\\/\\\/www.youtube.com\\\/channel\\\/UCGP2Sq0iWaZwT3BdIAQFYpw\"]},{\"@type\":\"Person\",\"@id\":\"https:\\\/\\\/www.organisator.ch\\\/#\\\/schema\\\/person\\\/2e1314a2172123f874db408d8911d3f3\",\"name\":\"Adelisa Kalajdzini\",\"image\":{\"@type\":\"ImageObject\",\"inLanguage\":\"fr-FR\",\"@id\":\"https:\\\/\\\/secure.gravatar.com\\\/avatar\\\/09a397c22ac58cad6f160ee8306348599df9df58a8ede73696226897b9fa4b24?s=96&d=mm&r=g\",\"url\":\"https:\\\/\\\/secure.gravatar.com\\\/avatar\\\/09a397c22ac58cad6f160ee8306348599df9df58a8ede73696226897b9fa4b24?s=96&d=mm&r=g\",\"contentUrl\":\"https:\\\/\\\/secure.gravatar.com\\\/avatar\\\/09a397c22ac58cad6f160ee8306348599df9df58a8ede73696226897b9fa4b24?s=96&d=mm&r=g\",\"caption\":\"Adelisa Kalajdzini\"},\"url\":\"https:\\\/\\\/www.organisator.ch\\\/fr\\\/author\\\/adelisa-kalajdzini\\\/\"}]}<\/script>\n<!-- \/ Yoast SEO plugin. -->","yoast_head_json":{"title":"La sauvegarde sert aussi \u00e0 se prot\u00e9ger des menaces internes - Organisateur","description":"Dangers internes pour la cybers\u00e9curit\u00e9 : les donn\u00e9es importantes peuvent facilement \u00eatre compromises ou d\u00e9truites par les collaborateurs.","robots":{"index":"index","follow":"follow","max-snippet":"max-snippet:-1","max-image-preview":"max-image-preview:large","max-video-preview":"max-video-preview:-1"},"canonical":"https:\/\/www.organisator.ch\/fr\/excellence-operationnelle\/2024-07-31\/backup-dient-auch-dem-schutz-vor-internen-gefahren\/","og_locale":"fr_FR","og_type":"article","og_title":"Backup dient auch dem Schutz vor internen Gefahren - Organisator","og_description":"Interne Gefahren f\u00fcr Cybersicherheit: Wichtige Daten k\u00f6nnen durch Mitarbeitende leicht kompromittiert oder zerst\u00f6rt werden.","og_url":"https:\/\/www.organisator.ch\/fr\/excellence-operationnelle\/2024-07-31\/backup-dient-auch-dem-schutz-vor-internen-gefahren\/","og_site_name":"Organisator","article_publisher":"https:\/\/www.facebook.com\/OrganisatorFachmagazin","article_published_time":"2024-07-31T08:20:50+00:00","article_modified_time":"2024-11-09T09:31:50+00:00","og_image":[{"url":"https:\/\/www.m-q.ch\/wp-content\/uploads\/2024\/07\/Arcserve-2_Bild1_ps.jpg","type":"","width":"","height":""}],"author":"Adelisa Kalajdzini","twitter_card":"summary_large_image","schema":{"@context":"https:\/\/schema.org","@graph":[{"@type":"Article","@id":"https:\/\/www.organisator.ch\/operational-excellence\/2024-07-31\/backup-dient-auch-dem-schutz-vor-internen-gefahren\/#article","isPartOf":{"@id":"https:\/\/www.organisator.ch\/operational-excellence\/2024-07-31\/backup-dient-auch-dem-schutz-vor-internen-gefahren\/"},"author":{"name":"Adelisa Kalajdzini","@id":"https:\/\/www.organisator.ch\/#\/schema\/person\/2e1314a2172123f874db408d8911d3f3"},"headline":"Backup dient auch dem Schutz vor internen Gefahren","datePublished":"2024-07-31T08:20:50+00:00","dateModified":"2024-11-09T09:31:50+00:00","mainEntityOfPage":{"@id":"https:\/\/www.organisator.ch\/operational-excellence\/2024-07-31\/backup-dient-auch-dem-schutz-vor-internen-gefahren\/"},"wordCount":644,"publisher":{"@id":"https:\/\/www.organisator.ch\/#organization"},"image":{"@id":"https:\/\/www.organisator.ch\/operational-excellence\/2024-07-31\/backup-dient-auch-dem-schutz-vor-internen-gefahren\/#primaryimage"},"thumbnailUrl":"https:\/\/www.m-q.ch\/wp-content\/uploads\/2024\/07\/Arcserve-2_Bild1_ps.jpg","keywords":["Backup","Cyber Risiken","Risikomanagement","Unternehmen"],"articleSection":["OPERATIONAL EXCELLENCE"],"inLanguage":"fr-FR"},{"@type":"WebPage","@id":"https:\/\/www.organisator.ch\/operational-excellence\/2024-07-31\/backup-dient-auch-dem-schutz-vor-internen-gefahren\/","url":"https:\/\/www.organisator.ch\/operational-excellence\/2024-07-31\/backup-dient-auch-dem-schutz-vor-internen-gefahren\/","name":"La sauvegarde sert aussi \u00e0 se prot\u00e9ger des menaces internes - Organisateur","isPartOf":{"@id":"https:\/\/www.organisator.ch\/#website"},"primaryImageOfPage":{"@id":"https:\/\/www.organisator.ch\/operational-excellence\/2024-07-31\/backup-dient-auch-dem-schutz-vor-internen-gefahren\/#primaryimage"},"image":{"@id":"https:\/\/www.organisator.ch\/operational-excellence\/2024-07-31\/backup-dient-auch-dem-schutz-vor-internen-gefahren\/#primaryimage"},"thumbnailUrl":"https:\/\/www.m-q.ch\/wp-content\/uploads\/2024\/07\/Arcserve-2_Bild1_ps.jpg","datePublished":"2024-07-31T08:20:50+00:00","dateModified":"2024-11-09T09:31:50+00:00","description":"Dangers internes pour la cybers\u00e9curit\u00e9 : les donn\u00e9es importantes peuvent facilement \u00eatre compromises ou d\u00e9truites par les collaborateurs.","breadcrumb":{"@id":"https:\/\/www.organisator.ch\/operational-excellence\/2024-07-31\/backup-dient-auch-dem-schutz-vor-internen-gefahren\/#breadcrumb"},"inLanguage":"fr-FR","potentialAction":[{"@type":"ReadAction","target":["https:\/\/www.organisator.ch\/operational-excellence\/2024-07-31\/backup-dient-auch-dem-schutz-vor-internen-gefahren\/"]}]},{"@type":"ImageObject","inLanguage":"fr-FR","@id":"https:\/\/www.organisator.ch\/operational-excellence\/2024-07-31\/backup-dient-auch-dem-schutz-vor-internen-gefahren\/#primaryimage","url":"https:\/\/www.m-q.ch\/wp-content\/uploads\/2024\/07\/Arcserve-2_Bild1_ps.jpg","contentUrl":"https:\/\/www.m-q.ch\/wp-content\/uploads\/2024\/07\/Arcserve-2_Bild1_ps.jpg"},{"@type":"BreadcrumbList","@id":"https:\/\/www.organisator.ch\/operational-excellence\/2024-07-31\/backup-dient-auch-dem-schutz-vor-internen-gefahren\/#breadcrumb","itemListElement":[{"@type":"ListItem","position":1,"name":"Home","item":"https:\/\/www.organisator.ch\/"},{"@type":"ListItem","position":2,"name":"Backup dient auch dem Schutz vor internen Gefahren"}]},{"@type":"WebSite","@id":"https:\/\/www.organisator.ch\/#website","url":"https:\/\/www.organisator.ch\/","name":"Organisateur","description":"Comp\u00e9tence et comp\u00e9tence. Proches de la pratique. L'ORGANISATEUR pr\u00e9pare 10 num\u00e9ros par an sur les th\u00e8mes essentiels pour les dirigeants de PME.","publisher":{"@id":"https:\/\/www.organisator.ch\/#organization"},"potentialAction":[{"@type":"SearchAction","target":{"@type":"EntryPoint","urlTemplate":"https:\/\/www.organisator.ch\/?s={search_term_string}"},"query-input":{"@type":"PropertyValueSpecification","valueRequired":true,"valueName":"search_term_string"}}],"inLanguage":"fr-FR"},{"@type":"Organization","@id":"https:\/\/www.organisator.ch\/#organization","name":"Organisateur","url":"https:\/\/www.organisator.ch\/","logo":{"@type":"ImageObject","inLanguage":"fr-FR","@id":"https:\/\/www.organisator.ch\/#\/schema\/logo\/image\/","url":"https:\/\/www.organisator.ch\/wp-content\/uploads\/2022\/01\/Logo_Organisator_Website.png","contentUrl":"https:\/\/www.organisator.ch\/wp-content\/uploads\/2022\/01\/Logo_Organisator_Website.png","width":800,"height":77,"caption":"Organisator"},"image":{"@id":"https:\/\/www.organisator.ch\/#\/schema\/logo\/image\/"},"sameAs":["https:\/\/www.facebook.com\/OrganisatorFachmagazin","https:\/\/www.linkedin.com\/showcase\/organisator-das-magazin-fr-kmu","https:\/\/www.xing.com\/news\/pages\/organisator-ch-695","https:\/\/www.youtube.com\/channel\/UCGP2Sq0iWaZwT3BdIAQFYpw"]},{"@type":"Person","@id":"https:\/\/www.organisator.ch\/#\/schema\/person\/2e1314a2172123f874db408d8911d3f3","name":"Adelisa Kalajdzini","image":{"@type":"ImageObject","inLanguage":"fr-FR","@id":"https:\/\/secure.gravatar.com\/avatar\/09a397c22ac58cad6f160ee8306348599df9df58a8ede73696226897b9fa4b24?s=96&d=mm&r=g","url":"https:\/\/secure.gravatar.com\/avatar\/09a397c22ac58cad6f160ee8306348599df9df58a8ede73696226897b9fa4b24?s=96&d=mm&r=g","contentUrl":"https:\/\/secure.gravatar.com\/avatar\/09a397c22ac58cad6f160ee8306348599df9df58a8ede73696226897b9fa4b24?s=96&d=mm&r=g","caption":"Adelisa Kalajdzini"},"url":"https:\/\/www.organisator.ch\/fr\/author\/adelisa-kalajdzini\/"}]}},"_links":{"self":[{"href":"https:\/\/www.organisator.ch\/fr\/wp-json\/wp\/v2\/posts\/28614","targetHints":{"allow":["GET"]}}],"collection":[{"href":"https:\/\/www.organisator.ch\/fr\/wp-json\/wp\/v2\/posts"}],"about":[{"href":"https:\/\/www.organisator.ch\/fr\/wp-json\/wp\/v2\/types\/post"}],"author":[{"embeddable":true,"href":"https:\/\/www.organisator.ch\/fr\/wp-json\/wp\/v2\/users\/58"}],"replies":[{"embeddable":true,"href":"https:\/\/www.organisator.ch\/fr\/wp-json\/wp\/v2\/comments?post=28614"}],"version-history":[{"count":7,"href":"https:\/\/www.organisator.ch\/fr\/wp-json\/wp\/v2\/posts\/28614\/revisions"}],"predecessor-version":[{"id":32105,"href":"https:\/\/www.organisator.ch\/fr\/wp-json\/wp\/v2\/posts\/28614\/revisions\/32105"}],"wp:attachment":[{"href":"https:\/\/www.organisator.ch\/fr\/wp-json\/wp\/v2\/media?parent=28614"}],"wp:term":[{"taxonomy":"category","embeddable":true,"href":"https:\/\/www.organisator.ch\/fr\/wp-json\/wp\/v2\/categories?post=28614"},{"taxonomy":"post_tag","embeddable":true,"href":"https:\/\/www.organisator.ch\/fr\/wp-json\/wp\/v2\/tags?post=28614"}],"curies":[{"name":"wp","href":"https:\/\/api.w.org\/{rel}","templated":true}]}}