{"id":28627,"date":"2024-08-05T08:37:50","date_gmt":"2024-08-05T06:37:50","guid":{"rendered":"https:\/\/www.m-q.ch\/?p=20165"},"modified":"2024-11-09T10:28:39","modified_gmt":"2024-11-09T09:28:39","slug":"schweizer-spitaeler-rutschen-von-der-schief-in-die-notlage","status":"publish","type":"post","link":"https:\/\/www.organisator.ch\/fr\/operational-excellence\/2024-08-05\/schweizer-spitaeler-rutschen-von-der-schief-in-die-notlage\/","title":{"rendered":"Les h\u00f4pitaux suisses passent de l'orni\u00e8re \u00e0 l'urgence"},"content":{"rendered":"<figure id=\"attachment_20166\" class=\"wp-caption alignnone\" style=\"width: 680px\" aria-describedby=\"caption-attachment-20166\"><img class=\"alignnone wp-image-20166 size-full\" src=\"https:\/\/www.m-q.ch\/wp-content\/uploads\/2024\/08\/Schweizer-Spitaeler-rutschen-von-der-Schief-in-die-Notlage_MQ.jpg\" alt=\"H\u00f4pitaux suisses Situation financi\u00e8re 2023\" width=\"680\" height=\"397\" \/>\r\n<figcaption id=\"caption-attachment-20166\" class=\"wp-caption-text\">Les groupements hospitaliers du canton de Saint-Gall - ici l'h\u00f4pital cantonal de Saint-Gall - ont \u00e9galement r\u00e9alis\u00e9 une perte en 2023, \u00e0 savoir 58,9 millions de francs, malgr\u00e9 un chiffre d'affaires en hausse. Cela correspond au tableau g\u00e9n\u00e9ral de la situation financi\u00e8re \"alarmante\" des h\u00f4pitaux suisses selon PwC. (Image : H\u00f4pital cantonal de Saint-Gall)<\/figcaption>\r\n<\/figure>\r\n<p>L'\u00e9tude de PwC Suisse \"H\u00f4pitaux suisses : la sant\u00e9 financi\u00e8re en 2023\" de cette ann\u00e9e est claire : la situation financi\u00e8re des h\u00f4pitaux suisses est alarmante. Certains cantons ont d\u00e9j\u00e0 mis en place des plans de sauvetage, d'autres devraient suivre. La question se pose donc de savoir quels \u00e9tablissements sont encore n\u00e9cessaires et supportables et lesquels ne le sont pas. Compte tenu des lacunes et des aides d\u00e9j\u00e0 accord\u00e9es, les paquets pr\u00e9vus devraient co\u00fbter plus d'un milliard de CHF par an aux contribuables suisses, selon les calculs de l'\u00e9tude. L'\u00e9tude a \u00e9t\u00e9 r\u00e9alis\u00e9e en juillet 2024 sur la base des comptes annuels publi\u00e9s de 44 h\u00f4pitaux de soins aigus et de 12 h\u00f4pitaux psychiatriques. Afin de refl\u00e9ter la r\u00e9alit\u00e9 dans la pratique, l'\u00e9tude contient des digressions sur divers th\u00e8mes prioritaires et trois interviews sur les meilleures pratiques avec des personnalit\u00e9s renomm\u00e9es du secteur.<\/p>\r\n<h3>La m\u00e9decine somatique aigu\u00eb en danger existentiel<\/h3>\r\n<p>Selon PwC, l'exercice financier 2023 pr\u00e9sente des valeurs sanitaires inqui\u00e9tantes pour les h\u00f4pitaux de soins aigus : \u00e9rosion des marges, baisse des liquidit\u00e9s, recul des ratios de fonds propres. Les ajustements tarifaires n'ayant pas suivi l'inflation, la marge EBITDAR m\u00e9diane s'est r\u00e9duite \u00e0 un niveau inqui\u00e9tant de 3,6 %, ce qui est significativement inf\u00e9rieur \u00e0 l'objectif sectoriel de 10 % d\u00e9fini par PwC et marque \u00e9galement le niveau le plus bas depuis l'introduction du syst\u00e8me tarifaire SwissDRG en 2012.<\/p>\r\n<p>En 2023, les h\u00f4pitaux sont encore plus nombreux \u00e0 enregistrer des pertes que l'ann\u00e9e pr\u00e9c\u00e9dente. Au vu des r\u00e9sultats financiers actuels, pratiquement aucun des h\u00f4pitaux d'\u00e9tude ne pourrait survivre \u00e0 long terme par ses propres moyens financiers. Cela place les cantons, en tant que planificateurs des soins de sant\u00e9, devant des d\u00e9cisions difficiles aux cons\u00e9quences importantes pour le syst\u00e8me de sant\u00e9 suisse. Patrick Schwendener, responsable Deals Sant\u00e9 chez PwC Suisse : \"Bien que de nombreux h\u00f4pitaux et leurs propri\u00e9taires visent une marge EBITDAR de 8 % \u00e0 10 %, ils ne g\u00e8rent pas leurs activit\u00e9s dans un but lucratif. Cette attitude envoie de mauvais signaux et met finalement en danger l'existence des \u00e9tablissements\".\u00a0<\/p>\r\n<h3>Les h\u00f4pitaux psychiatriques poursuivent leur croissance<\/h3>\r\n<p>En 2023, les psychiatres ont augment\u00e9 leur chiffre d'affaires total de 4,8 % en moyenne, ce qui constitue un nouveau record. Les moteurs de cette croissance ont \u00e9t\u00e9 une augmentation substantielle des patients hospitalis\u00e9s et des recettes ambulatoires. Ces derniers ont augment\u00e9 de 11,6 % en moyenne par rapport \u00e0 l'ann\u00e9e pr\u00e9c\u00e9dente. La marge EBITDAR a grimp\u00e9 \u00e0 8,1 % en moyenne. Les h\u00f4pitaux psychiatriques sont donc suffisamment liquides pour faire face \u00e0 leurs obligations de paiement \u00e0 court terme. Le taux d'occupation \u00e9lev\u00e9, les volumes d'investissement n\u00e9cessaires et la p\u00e9nurie croissante de personnel qualifi\u00e9 restent des d\u00e9fis cl\u00e9s pour ce segment.\u00a0<\/p>\r\n<h3>Les premiers secours, oui, mais<\/h3>\r\n<p>Depuis d\u00e9but 2022, l'assainissement structurel du paysage hospitalier suisse s'acc\u00e9l\u00e8re en raison des d\u00e9fis financiers et du manque de personnel qualifi\u00e9. Les consolidations li\u00e9es au syst\u00e8me sont certes utiles, mais une proc\u00e9dure non coordonn\u00e9e peut fausser la concurrence et emp\u00eacher des adaptations structurelles judicieuses. Les mesures de premier secours pr\u00e9vues par les cantons devraient co\u00fbter aux contribuables suisses plus d'un milliard de CHF par an en cumul\u00e9. Philip Sommer, responsable du conseil en mati\u00e8re de sant\u00e9 chez PwC Suisse, commente ce fait comme suit : \"Les plans de sauvetage ne sont pas une solution durable. Des r\u00e9formes sont n\u00e9cessaires \u00e0 long terme pour garantir l'efficacit\u00e9 et la stabilit\u00e9 des soins de sant\u00e9\".<\/p>\r\n<h3>L'importance syst\u00e9mique comme crit\u00e8re cl\u00e9<\/h3>\r\n<p>Comme argument cl\u00e9 pour un sauvetage cibl\u00e9 des h\u00f4pitaux, PwC recommande de s'orienter sur l'importance syst\u00e9mique des diff\u00e9rents \u00e9tablissements. Un \u00e9tablissement est d'importance syst\u00e9mique lorsque sa fermeture affecte fondamentalement la r\u00e9gion sanitaire. Qu'il s'agisse d'aides en fonds propres ou en fonds de tiers, de cautionnements, d'indemnisations de prestations d'int\u00e9r\u00eat g\u00e9n\u00e9ral, de reprises ou de soci\u00e9t\u00e9s de d\u00e9faisance : Dans le processus de d\u00e9cision concernant les restructurations, les cantons doivent d\u00e9finir un instrument appropri\u00e9 pour chaque h\u00f4pital, de mani\u00e8re objective et neutre vis-\u00e0-vis des propri\u00e9taires, et le communiquer ouvertement. Stefanie Schneuwly, Senior Manager Conseil Sant\u00e9 chez PwC Suisse : \"Les h\u00f4pitaux qui re\u00e7oivent un soutien financier de la part des cantons doivent \u00eatre \u00e9valu\u00e9s selon des crit\u00e8res et des exigences clairs. Cela devrait \u00eatre fait de mani\u00e8re transparente\".<\/p>\r\n<h3>Emp\u00eacher politiquement l'effondrement<\/h3>\r\n<p>La crise actuelle est de nature structurelle et s'est d\u00e9velopp\u00e9e au fil des ann\u00e9es. La pression sur les co\u00fbts, la p\u00e9nurie de main-d'\u0153uvre, l'ambulatoire mal financ\u00e9, l'absence d'investissements n\u00e9cessaires dans la transformation num\u00e9rique ou la modernisation des infrastructures ainsi que le manque de mise en r\u00e9seau des structures hospitali\u00e8res mettent les h\u00f4pitaux \u00e0 rude \u00e9preuve sur le plan financier. Afin d'\u00e9viter un effondrement du syst\u00e8me de sant\u00e9 suisse de haute qualit\u00e9 et de cr\u00e9er des incitations pour des soins int\u00e9gr\u00e9s et en r\u00e9seau, PwC estime que des adaptations politiques des conditions-cadres sont n\u00e9cessaires. Les instances de r\u00e9gulation devraient cr\u00e9er de meilleures conditions-cadres, par exemple en utilisant directement le financement uniforme des prestations ambulatoires et stationnaires pour cr\u00e9er des incitations correctes dans les syst\u00e8mes tarifaires, en adaptant plus rapidement les syst\u00e8mes tarifaires \u00e0 la r\u00e9alit\u00e9 des co\u00fbts par le biais de compensations de l'inflation, en r\u00e9duisant les contraintes r\u00e9glementaires afin d'encourager les mod\u00e8les de soins innovants et en mettant l'accent sur la qualit\u00e9 \u00e0 long terme.<\/p>\r\n<p><em>Source : <a href=\"http:\/\/www.pwc.ch\/\">PwC<\/a><\/em><\/p>\n<p class=\"syndicated-attribution\">Cet article est paru initialement sur m-q.ch - <a href=\"https:\/\/www.m-q.ch\/de\/schweizer-spitaeler-rutschen-von-der-schief-in-die-notlage\/\" target=\"_blank\">https:\/\/www.m-q.ch\/de\/schweizer-spitaeler-rutschen-von-der-schief-in-die-notlage\/<\/a><\/p>","protected":false},"excerpt":{"rendered":"<p>Une nouvelle \u00e9tude du cabinet d'audit PwC r\u00e9v\u00e8le un sous-financement chronique dans un nombre croissant d'h\u00f4pitaux suisses. Des plans de sauvetage sont n\u00e9cessaires, mais ils devraient co\u00fbter plus d'un milliard de CHF par an aux contribuables. Selon PwC, les solutions r\u00e9sident dans l'adaptation des syst\u00e8mes tarifaires, la r\u00e9duction des obligations, le renforcement de la concurrence et, surtout, l'am\u00e9lioration de la qualit\u00e9.<\/p>","protected":false},"author":8,"featured_media":0,"comment_status":"closed","ping_status":"closed","sticky":false,"template":"","format":"standard","meta":{"_acf_changed":false,"_yoast_wpseo_focuskw":"Schweizer Spit\u00e4ler Finanzlage 2023","_yoast_wpseo_metadesc":"PwC-Studie 2023: Finanzlage der Schweizer Spit\u00e4ler alarmierend. Kantone greifen zu Rettungspaketen, Strukturreformen gefordert.","articlekey":"","footnotes":""},"categories":[582],"tags":[586,2732,605,4326,2576],"class_list":["post-28627","post","type-post","status-publish","format-standard","hentry","category-operational-excellence","tag-allgemein","tag-gesundheitswesen","tag-qualitaetsmanagement","tag-schweizer-spitaeler","tag-wirtschaft"],"acf":[],"yoast_head":"<!-- This site is optimized with the Yoast SEO plugin v27.5 - https:\/\/yoast.com\/product\/yoast-seo-wordpress\/ -->\n<title>Schweizer Spit\u00e4ler rutschen von der Schief- in die Notlage - Organisator<\/title>\n<meta name=\"description\" content=\"PwC-Studie 2023: Finanzlage der Schweizer Spit\u00e4ler alarmierend. Kantone greifen zu Rettungspaketen, Strukturreformen gefordert.\" \/>\n<meta name=\"robots\" content=\"index, follow, max-snippet:-1, max-image-preview:large, max-video-preview:-1\" \/>\n<link rel=\"canonical\" href=\"https:\/\/www.organisator.ch\/fr\/excellence-operationnelle\/2024-08-05\/schweizer-spitaeler-rutschen-von-der-schief-in-die-notlage\/\" \/>\n<meta property=\"og:locale\" content=\"fr_FR\" \/>\n<meta property=\"og:type\" content=\"article\" \/>\n<meta property=\"og:title\" content=\"Schweizer Spit\u00e4ler rutschen von der Schief- in die Notlage - Organisator\" \/>\n<meta property=\"og:description\" content=\"PwC-Studie 2023: Finanzlage der Schweizer Spit\u00e4ler alarmierend. Kantone greifen zu Rettungspaketen, Strukturreformen gefordert.\" \/>\n<meta property=\"og:url\" content=\"https:\/\/www.organisator.ch\/fr\/excellence-operationnelle\/2024-08-05\/schweizer-spitaeler-rutschen-von-der-schief-in-die-notlage\/\" \/>\n<meta property=\"og:site_name\" content=\"Organisator\" \/>\n<meta property=\"article:publisher\" content=\"https:\/\/www.facebook.com\/OrganisatorFachmagazin\" \/>\n<meta property=\"article:published_time\" content=\"2024-08-05T06:37:50+00:00\" \/>\n<meta property=\"article:modified_time\" content=\"2024-11-09T09:28:39+00:00\" \/>\n<meta property=\"og:image\" content=\"https:\/\/www.m-q.ch\/wp-content\/uploads\/2024\/08\/Schweizer-Spitaeler-rutschen-von-der-Schief-in-die-Notlage_MQ.jpg\" \/>\n<meta name=\"author\" content=\"galledia\" \/>\n<meta name=\"twitter:card\" content=\"summary_large_image\" \/>\n<meta name=\"twitter:creator\" content=\"@admin\" \/>\n<script type=\"application\/ld+json\" class=\"yoast-schema-graph\">{\"@context\":\"https:\\\/\\\/schema.org\",\"@graph\":[{\"@type\":\"Article\",\"@id\":\"https:\\\/\\\/www.organisator.ch\\\/operational-excellence\\\/2024-08-05\\\/schweizer-spitaeler-rutschen-von-der-schief-in-die-notlage\\\/#article\",\"isPartOf\":{\"@id\":\"https:\\\/\\\/www.organisator.ch\\\/operational-excellence\\\/2024-08-05\\\/schweizer-spitaeler-rutschen-von-der-schief-in-die-notlage\\\/\"},\"author\":{\"name\":\"galledia\",\"@id\":\"https:\\\/\\\/www.organisator.ch\\\/#\\\/schema\\\/person\\\/4e51799071cd2dd1232ac003643ef5f0\"},\"headline\":\"Schweizer Spit\u00e4ler rutschen von der Schief- in die Notlage\",\"datePublished\":\"2024-08-05T06:37:50+00:00\",\"dateModified\":\"2024-11-09T09:28:39+00:00\",\"mainEntityOfPage\":{\"@id\":\"https:\\\/\\\/www.organisator.ch\\\/operational-excellence\\\/2024-08-05\\\/schweizer-spitaeler-rutschen-von-der-schief-in-die-notlage\\\/\"},\"wordCount\":720,\"publisher\":{\"@id\":\"https:\\\/\\\/www.organisator.ch\\\/#organization\"},\"image\":{\"@id\":\"https:\\\/\\\/www.organisator.ch\\\/operational-excellence\\\/2024-08-05\\\/schweizer-spitaeler-rutschen-von-der-schief-in-die-notlage\\\/#primaryimage\"},\"thumbnailUrl\":\"https:\\\/\\\/www.m-q.ch\\\/wp-content\\\/uploads\\\/2024\\\/08\\\/Schweizer-Spitaeler-rutschen-von-der-Schief-in-die-Notlage_MQ.jpg\",\"keywords\":[\"Allgemein\",\"Gesundheitswesen\",\"Qualit\u00e4tsmanagement\",\"Schweizer Spit\u00e4ler\",\"Wirtschaft\"],\"articleSection\":[\"OPERATIONAL EXCELLENCE\"],\"inLanguage\":\"fr-FR\"},{\"@type\":\"WebPage\",\"@id\":\"https:\\\/\\\/www.organisator.ch\\\/operational-excellence\\\/2024-08-05\\\/schweizer-spitaeler-rutschen-von-der-schief-in-die-notlage\\\/\",\"url\":\"https:\\\/\\\/www.organisator.ch\\\/operational-excellence\\\/2024-08-05\\\/schweizer-spitaeler-rutschen-von-der-schief-in-die-notlage\\\/\",\"name\":\"Schweizer Spit\u00e4ler rutschen von der Schief- in die Notlage - Organisator\",\"isPartOf\":{\"@id\":\"https:\\\/\\\/www.organisator.ch\\\/#website\"},\"primaryImageOfPage\":{\"@id\":\"https:\\\/\\\/www.organisator.ch\\\/operational-excellence\\\/2024-08-05\\\/schweizer-spitaeler-rutschen-von-der-schief-in-die-notlage\\\/#primaryimage\"},\"image\":{\"@id\":\"https:\\\/\\\/www.organisator.ch\\\/operational-excellence\\\/2024-08-05\\\/schweizer-spitaeler-rutschen-von-der-schief-in-die-notlage\\\/#primaryimage\"},\"thumbnailUrl\":\"https:\\\/\\\/www.m-q.ch\\\/wp-content\\\/uploads\\\/2024\\\/08\\\/Schweizer-Spitaeler-rutschen-von-der-Schief-in-die-Notlage_MQ.jpg\",\"datePublished\":\"2024-08-05T06:37:50+00:00\",\"dateModified\":\"2024-11-09T09:28:39+00:00\",\"description\":\"PwC-Studie 2023: Finanzlage der Schweizer Spit\u00e4ler alarmierend. Kantone greifen zu Rettungspaketen, Strukturreformen gefordert.\",\"breadcrumb\":{\"@id\":\"https:\\\/\\\/www.organisator.ch\\\/operational-excellence\\\/2024-08-05\\\/schweizer-spitaeler-rutschen-von-der-schief-in-die-notlage\\\/#breadcrumb\"},\"inLanguage\":\"fr-FR\",\"potentialAction\":[{\"@type\":\"ReadAction\",\"target\":[\"https:\\\/\\\/www.organisator.ch\\\/operational-excellence\\\/2024-08-05\\\/schweizer-spitaeler-rutschen-von-der-schief-in-die-notlage\\\/\"]}]},{\"@type\":\"ImageObject\",\"inLanguage\":\"fr-FR\",\"@id\":\"https:\\\/\\\/www.organisator.ch\\\/operational-excellence\\\/2024-08-05\\\/schweizer-spitaeler-rutschen-von-der-schief-in-die-notlage\\\/#primaryimage\",\"url\":\"https:\\\/\\\/www.m-q.ch\\\/wp-content\\\/uploads\\\/2024\\\/08\\\/Schweizer-Spitaeler-rutschen-von-der-Schief-in-die-Notlage_MQ.jpg\",\"contentUrl\":\"https:\\\/\\\/www.m-q.ch\\\/wp-content\\\/uploads\\\/2024\\\/08\\\/Schweizer-Spitaeler-rutschen-von-der-Schief-in-die-Notlage_MQ.jpg\"},{\"@type\":\"BreadcrumbList\",\"@id\":\"https:\\\/\\\/www.organisator.ch\\\/operational-excellence\\\/2024-08-05\\\/schweizer-spitaeler-rutschen-von-der-schief-in-die-notlage\\\/#breadcrumb\",\"itemListElement\":[{\"@type\":\"ListItem\",\"position\":1,\"name\":\"Home\",\"item\":\"https:\\\/\\\/www.organisator.ch\\\/\"},{\"@type\":\"ListItem\",\"position\":2,\"name\":\"Schweizer Spit\u00e4ler rutschen von der Schief- in die Notlage\"}]},{\"@type\":\"WebSite\",\"@id\":\"https:\\\/\\\/www.organisator.ch\\\/#website\",\"url\":\"https:\\\/\\\/www.organisator.ch\\\/\",\"name\":\"Organisator\",\"description\":\"Kompetent. Praxisnah. Der ORGANISATOR bereitet in 10 Ausgaben pro Jahr die wesentlichen Themen f\u00fcr F\u00fchrungskr\u00e4fte von KMU auf.\",\"publisher\":{\"@id\":\"https:\\\/\\\/www.organisator.ch\\\/#organization\"},\"potentialAction\":[{\"@type\":\"SearchAction\",\"target\":{\"@type\":\"EntryPoint\",\"urlTemplate\":\"https:\\\/\\\/www.organisator.ch\\\/?s={search_term_string}\"},\"query-input\":{\"@type\":\"PropertyValueSpecification\",\"valueRequired\":true,\"valueName\":\"search_term_string\"}}],\"inLanguage\":\"fr-FR\"},{\"@type\":\"Organization\",\"@id\":\"https:\\\/\\\/www.organisator.ch\\\/#organization\",\"name\":\"Organisator\",\"url\":\"https:\\\/\\\/www.organisator.ch\\\/\",\"logo\":{\"@type\":\"ImageObject\",\"inLanguage\":\"fr-FR\",\"@id\":\"https:\\\/\\\/www.organisator.ch\\\/#\\\/schema\\\/logo\\\/image\\\/\",\"url\":\"https:\\\/\\\/www.organisator.ch\\\/wp-content\\\/uploads\\\/2022\\\/01\\\/Logo_Organisator_Website.png\",\"contentUrl\":\"https:\\\/\\\/www.organisator.ch\\\/wp-content\\\/uploads\\\/2022\\\/01\\\/Logo_Organisator_Website.png\",\"width\":800,\"height\":77,\"caption\":\"Organisator\"},\"image\":{\"@id\":\"https:\\\/\\\/www.organisator.ch\\\/#\\\/schema\\\/logo\\\/image\\\/\"},\"sameAs\":[\"https:\\\/\\\/www.facebook.com\\\/OrganisatorFachmagazin\",\"https:\\\/\\\/www.linkedin.com\\\/showcase\\\/organisator-das-magazin-fr-kmu\",\"https:\\\/\\\/www.xing.com\\\/news\\\/pages\\\/organisator-ch-695\",\"https:\\\/\\\/www.youtube.com\\\/channel\\\/UCGP2Sq0iWaZwT3BdIAQFYpw\"]},{\"@type\":\"Person\",\"@id\":\"https:\\\/\\\/www.organisator.ch\\\/#\\\/schema\\\/person\\\/4e51799071cd2dd1232ac003643ef5f0\",\"name\":\"galledia\",\"image\":{\"@type\":\"ImageObject\",\"inLanguage\":\"fr-FR\",\"@id\":\"https:\\\/\\\/secure.gravatar.com\\\/avatar\\\/78a7f90c01fc2bfc875782a0d4922b37cde2cf184ce347b91316d23cd7f69a36?s=96&d=mm&r=g\",\"url\":\"https:\\\/\\\/secure.gravatar.com\\\/avatar\\\/78a7f90c01fc2bfc875782a0d4922b37cde2cf184ce347b91316d23cd7f69a36?s=96&d=mm&r=g\",\"contentUrl\":\"https:\\\/\\\/secure.gravatar.com\\\/avatar\\\/78a7f90c01fc2bfc875782a0d4922b37cde2cf184ce347b91316d23cd7f69a36?s=96&d=mm&r=g\",\"caption\":\"galledia\"},\"sameAs\":[\"https:\\\/\\\/x.com\\\/admin\"],\"url\":\"https:\\\/\\\/www.organisator.ch\\\/fr\\\/author\\\/galledia\\\/\"}]}<\/script>\n<!-- \/ Yoast SEO plugin. -->","yoast_head_json":{"title":"Les h\u00f4pitaux suisses passent de l'orni\u00e8re \u00e0 l'urgence - Organisateur","description":"\u00c9tude PwC 2023 : La situation financi\u00e8re des h\u00f4pitaux suisses est alarmante. Les cantons ont recours \u00e0 des plans de sauvetage, des r\u00e9formes structurelles sont exig\u00e9es.","robots":{"index":"index","follow":"follow","max-snippet":"max-snippet:-1","max-image-preview":"max-image-preview:large","max-video-preview":"max-video-preview:-1"},"canonical":"https:\/\/www.organisator.ch\/fr\/excellence-operationnelle\/2024-08-05\/schweizer-spitaeler-rutschen-von-der-schief-in-die-notlage\/","og_locale":"fr_FR","og_type":"article","og_title":"Schweizer Spit\u00e4ler rutschen von der Schief- in die Notlage - Organisator","og_description":"PwC-Studie 2023: Finanzlage der Schweizer Spit\u00e4ler alarmierend. Kantone greifen zu Rettungspaketen, Strukturreformen gefordert.","og_url":"https:\/\/www.organisator.ch\/fr\/excellence-operationnelle\/2024-08-05\/schweizer-spitaeler-rutschen-von-der-schief-in-die-notlage\/","og_site_name":"Organisator","article_publisher":"https:\/\/www.facebook.com\/OrganisatorFachmagazin","article_published_time":"2024-08-05T06:37:50+00:00","article_modified_time":"2024-11-09T09:28:39+00:00","og_image":[{"url":"https:\/\/www.m-q.ch\/wp-content\/uploads\/2024\/08\/Schweizer-Spitaeler-rutschen-von-der-Schief-in-die-Notlage_MQ.jpg","type":"","width":"","height":""}],"author":"galledia","twitter_card":"summary_large_image","twitter_creator":"@admin","schema":{"@context":"https:\/\/schema.org","@graph":[{"@type":"Article","@id":"https:\/\/www.organisator.ch\/operational-excellence\/2024-08-05\/schweizer-spitaeler-rutschen-von-der-schief-in-die-notlage\/#article","isPartOf":{"@id":"https:\/\/www.organisator.ch\/operational-excellence\/2024-08-05\/schweizer-spitaeler-rutschen-von-der-schief-in-die-notlage\/"},"author":{"name":"galledia","@id":"https:\/\/www.organisator.ch\/#\/schema\/person\/4e51799071cd2dd1232ac003643ef5f0"},"headline":"Schweizer Spit\u00e4ler rutschen von der Schief- in die Notlage","datePublished":"2024-08-05T06:37:50+00:00","dateModified":"2024-11-09T09:28:39+00:00","mainEntityOfPage":{"@id":"https:\/\/www.organisator.ch\/operational-excellence\/2024-08-05\/schweizer-spitaeler-rutschen-von-der-schief-in-die-notlage\/"},"wordCount":720,"publisher":{"@id":"https:\/\/www.organisator.ch\/#organization"},"image":{"@id":"https:\/\/www.organisator.ch\/operational-excellence\/2024-08-05\/schweizer-spitaeler-rutschen-von-der-schief-in-die-notlage\/#primaryimage"},"thumbnailUrl":"https:\/\/www.m-q.ch\/wp-content\/uploads\/2024\/08\/Schweizer-Spitaeler-rutschen-von-der-Schief-in-die-Notlage_MQ.jpg","keywords":["Allgemein","Gesundheitswesen","Qualit\u00e4tsmanagement","Schweizer Spit\u00e4ler","Wirtschaft"],"articleSection":["OPERATIONAL EXCELLENCE"],"inLanguage":"fr-FR"},{"@type":"WebPage","@id":"https:\/\/www.organisator.ch\/operational-excellence\/2024-08-05\/schweizer-spitaeler-rutschen-von-der-schief-in-die-notlage\/","url":"https:\/\/www.organisator.ch\/operational-excellence\/2024-08-05\/schweizer-spitaeler-rutschen-von-der-schief-in-die-notlage\/","name":"Les h\u00f4pitaux suisses passent de l'orni\u00e8re \u00e0 l'urgence - Organisateur","isPartOf":{"@id":"https:\/\/www.organisator.ch\/#website"},"primaryImageOfPage":{"@id":"https:\/\/www.organisator.ch\/operational-excellence\/2024-08-05\/schweizer-spitaeler-rutschen-von-der-schief-in-die-notlage\/#primaryimage"},"image":{"@id":"https:\/\/www.organisator.ch\/operational-excellence\/2024-08-05\/schweizer-spitaeler-rutschen-von-der-schief-in-die-notlage\/#primaryimage"},"thumbnailUrl":"https:\/\/www.m-q.ch\/wp-content\/uploads\/2024\/08\/Schweizer-Spitaeler-rutschen-von-der-Schief-in-die-Notlage_MQ.jpg","datePublished":"2024-08-05T06:37:50+00:00","dateModified":"2024-11-09T09:28:39+00:00","description":"\u00c9tude PwC 2023 : La situation financi\u00e8re des h\u00f4pitaux suisses est alarmante. Les cantons ont recours \u00e0 des plans de sauvetage, des r\u00e9formes structurelles sont exig\u00e9es.","breadcrumb":{"@id":"https:\/\/www.organisator.ch\/operational-excellence\/2024-08-05\/schweizer-spitaeler-rutschen-von-der-schief-in-die-notlage\/#breadcrumb"},"inLanguage":"fr-FR","potentialAction":[{"@type":"ReadAction","target":["https:\/\/www.organisator.ch\/operational-excellence\/2024-08-05\/schweizer-spitaeler-rutschen-von-der-schief-in-die-notlage\/"]}]},{"@type":"ImageObject","inLanguage":"fr-FR","@id":"https:\/\/www.organisator.ch\/operational-excellence\/2024-08-05\/schweizer-spitaeler-rutschen-von-der-schief-in-die-notlage\/#primaryimage","url":"https:\/\/www.m-q.ch\/wp-content\/uploads\/2024\/08\/Schweizer-Spitaeler-rutschen-von-der-Schief-in-die-Notlage_MQ.jpg","contentUrl":"https:\/\/www.m-q.ch\/wp-content\/uploads\/2024\/08\/Schweizer-Spitaeler-rutschen-von-der-Schief-in-die-Notlage_MQ.jpg"},{"@type":"BreadcrumbList","@id":"https:\/\/www.organisator.ch\/operational-excellence\/2024-08-05\/schweizer-spitaeler-rutschen-von-der-schief-in-die-notlage\/#breadcrumb","itemListElement":[{"@type":"ListItem","position":1,"name":"Home","item":"https:\/\/www.organisator.ch\/"},{"@type":"ListItem","position":2,"name":"Schweizer Spit\u00e4ler rutschen von der Schief- in die Notlage"}]},{"@type":"WebSite","@id":"https:\/\/www.organisator.ch\/#website","url":"https:\/\/www.organisator.ch\/","name":"Organisateur","description":"Comp\u00e9tence et comp\u00e9tence. Proches de la pratique. L'ORGANISATEUR pr\u00e9pare 10 num\u00e9ros par an sur les th\u00e8mes essentiels pour les dirigeants de PME.","publisher":{"@id":"https:\/\/www.organisator.ch\/#organization"},"potentialAction":[{"@type":"SearchAction","target":{"@type":"EntryPoint","urlTemplate":"https:\/\/www.organisator.ch\/?s={search_term_string}"},"query-input":{"@type":"PropertyValueSpecification","valueRequired":true,"valueName":"search_term_string"}}],"inLanguage":"fr-FR"},{"@type":"Organization","@id":"https:\/\/www.organisator.ch\/#organization","name":"Organisateur","url":"https:\/\/www.organisator.ch\/","logo":{"@type":"ImageObject","inLanguage":"fr-FR","@id":"https:\/\/www.organisator.ch\/#\/schema\/logo\/image\/","url":"https:\/\/www.organisator.ch\/wp-content\/uploads\/2022\/01\/Logo_Organisator_Website.png","contentUrl":"https:\/\/www.organisator.ch\/wp-content\/uploads\/2022\/01\/Logo_Organisator_Website.png","width":800,"height":77,"caption":"Organisator"},"image":{"@id":"https:\/\/www.organisator.ch\/#\/schema\/logo\/image\/"},"sameAs":["https:\/\/www.facebook.com\/OrganisatorFachmagazin","https:\/\/www.linkedin.com\/showcase\/organisator-das-magazin-fr-kmu","https:\/\/www.xing.com\/news\/pages\/organisator-ch-695","https:\/\/www.youtube.com\/channel\/UCGP2Sq0iWaZwT3BdIAQFYpw"]},{"@type":"Person","@id":"https:\/\/www.organisator.ch\/#\/schema\/person\/4e51799071cd2dd1232ac003643ef5f0","name":"galledia","image":{"@type":"ImageObject","inLanguage":"fr-FR","@id":"https:\/\/secure.gravatar.com\/avatar\/78a7f90c01fc2bfc875782a0d4922b37cde2cf184ce347b91316d23cd7f69a36?s=96&d=mm&r=g","url":"https:\/\/secure.gravatar.com\/avatar\/78a7f90c01fc2bfc875782a0d4922b37cde2cf184ce347b91316d23cd7f69a36?s=96&d=mm&r=g","contentUrl":"https:\/\/secure.gravatar.com\/avatar\/78a7f90c01fc2bfc875782a0d4922b37cde2cf184ce347b91316d23cd7f69a36?s=96&d=mm&r=g","caption":"galledia"},"sameAs":["https:\/\/x.com\/admin"],"url":"https:\/\/www.organisator.ch\/fr\/author\/galledia\/"}]}},"_links":{"self":[{"href":"https:\/\/www.organisator.ch\/fr\/wp-json\/wp\/v2\/posts\/28627","targetHints":{"allow":["GET"]}}],"collection":[{"href":"https:\/\/www.organisator.ch\/fr\/wp-json\/wp\/v2\/posts"}],"about":[{"href":"https:\/\/www.organisator.ch\/fr\/wp-json\/wp\/v2\/types\/post"}],"author":[{"embeddable":true,"href":"https:\/\/www.organisator.ch\/fr\/wp-json\/wp\/v2\/users\/8"}],"replies":[{"embeddable":true,"href":"https:\/\/www.organisator.ch\/fr\/wp-json\/wp\/v2\/comments?post=28627"}],"version-history":[{"count":3,"href":"https:\/\/www.organisator.ch\/fr\/wp-json\/wp\/v2\/posts\/28627\/revisions"}],"predecessor-version":[{"id":32102,"href":"https:\/\/www.organisator.ch\/fr\/wp-json\/wp\/v2\/posts\/28627\/revisions\/32102"}],"wp:attachment":[{"href":"https:\/\/www.organisator.ch\/fr\/wp-json\/wp\/v2\/media?parent=28627"}],"wp:term":[{"taxonomy":"category","embeddable":true,"href":"https:\/\/www.organisator.ch\/fr\/wp-json\/wp\/v2\/categories?post=28627"},{"taxonomy":"post_tag","embeddable":true,"href":"https:\/\/www.organisator.ch\/fr\/wp-json\/wp\/v2\/tags?post=28627"}],"curies":[{"name":"wp","href":"https:\/\/api.w.org\/{rel}","templated":true}]}}