{"id":2865,"date":"2017-12-12T15:57:40","date_gmt":"2017-12-12T14:57:40","guid":{"rendered":"https:\/\/www.organisator.ch\/?p=2865"},"modified":"2017-12-12T15:57:40","modified_gmt":"2017-12-12T14:57:40","slug":"cyberattacken-schweizer-kmu-wiegen-sich-in-falscher-sicherheit","status":"publish","type":"post","link":"https:\/\/www.organisator.ch\/fr\/management\/it\/2017-12-12\/cyberattacken-schweizer-kmu-wiegen-sich-in-falscher-sicherheit\/","title":{"rendered":"Cyberattaques : les PME suisses se bercent d'une fausse s\u00e9curit\u00e9"},"content":{"rendered":"<figure id=\"attachment_2868\" aria-describedby=\"caption-attachment-2868\" style=\"width: 640px\" class=\"wp-caption alignnone\"><img loading=\"lazy\" decoding=\"async\" class=\"size-full wp-image-2868\" src=\"https:\/\/www.organisator.ch\/wp-content\/uploads\/2017\/12\/Cyberattacken-Schweizer-KMU-wiegen-sich-in-falscher-Sicherheit-1_Organisator.jpg\" alt=\"\" width=\"640\" height=\"320\" srcset=\"https:\/\/www.organisator.ch\/wp-content\/uploads\/2017\/12\/Cyberattacken-Schweizer-KMU-wiegen-sich-in-falscher-Sicherheit-1_Organisator.jpg 640w, https:\/\/www.organisator.ch\/wp-content\/uploads\/2017\/12\/Cyberattacken-Schweizer-KMU-wiegen-sich-in-falscher-Sicherheit-1_Organisator-16x8.jpg 16w, https:\/\/www.organisator.ch\/wp-content\/uploads\/2017\/12\/Cyberattacken-Schweizer-KMU-wiegen-sich-in-falscher-Sicherheit-1_Organisator-350x175.jpg 350w, https:\/\/www.organisator.ch\/wp-content\/uploads\/2017\/12\/Cyberattacken-Schweizer-KMU-wiegen-sich-in-falscher-Sicherheit-1_Organisator-300x150.jpg 300w\" sizes=\"auto, (max-width: 640px) 100vw, 640px\" \/><figcaption id=\"caption-attachment-2868\" class=\"wp-caption-text\">Bien qu'une PME suisse sur trois ait d\u00e9j\u00e0 \u00e9t\u00e9 touch\u00e9e par des cyberattaques, la majorit\u00e9 des PME ne se sentent pas menac\u00e9es dans leur s\u00e9curit\u00e9. (Image : itcraftsman - Fotolia.com)<\/figcaption><\/figure>\n<p>On ne cesse de lire et d'entendre parler de cyberattaques en tout genre. Il semble que leur nombre ne cesse d'augmenter. Mais les PME sont-elles bien prot\u00e9g\u00e9es contre de telles attaques du cyberespace ? C'est ce qu'a tent\u00e9 de d\u00e9terminer l'institut d'\u00e9tudes de march\u00e9 et de recherche sociale gfs-z\u00fcrich dans le cadre d'une enqu\u00eate repr\u00e9sentative men\u00e9e en septembre 2011 aupr\u00e8s de 300 directeurs de PME. L'\u00e9tude a \u00e9t\u00e9 command\u00e9e entre autres par ICTswitzerland, l'Unit\u00e9 de pilotage informatique de la Conf\u00e9d\u00e9ration (UPIC), l'Information Security Society Switzerland (ISSS), l'Association suisse pour les syst\u00e8mes de qualit\u00e9 et de management (SQS) et l'Association suisse d'assurances (ASA). La s\u00e9lection des PME, effectu\u00e9e selon des m\u00e9thodes scientifiques, permet d'extrapoler les r\u00e9sultats \u00e0 l'ensemble des PME suisses (2015 : 580'000).<\/p>\n<h2>Apparemment, seules quelques PME sont touch\u00e9es par les cyberattaques<\/h2>\n<p>Les PME ont d'abord \u00e9t\u00e9 interrog\u00e9es sur leur propre \u00e9valuation des facteurs de risque. Environ deux tiers des personnes interrog\u00e9es (62%) estiment que le fonctionnement continu de l'informatique est tr\u00e8s important pour leur entreprise. Cela signifie qu'une cyberattaque r\u00e9ussie et une panne d'exploitation qui en d\u00e9coulerait causeraient d\u00e9j\u00e0 un certain dommage. Les PME consid\u00e8rent \u00e9galement comme un facteur de risque le fait que des donn\u00e9es sensibles, telles que des secrets commerciaux ou des donn\u00e9es personnelles, puissent \u00eatre vol\u00e9es. Environ trois quarts des personnes interrog\u00e9es stockent de telles informations en interne. Dans plus de la moiti\u00e9 des PME, la direction est elle-m\u00eame responsable de la s\u00e9curit\u00e9 informatique. Mais seule la moiti\u00e9 d'entre elles s'estime bien ou tr\u00e8s bien inform\u00e9e sur les cyberrisques. Selon les auteurs de l'\u00e9tude, il s'agit l\u00e0 d'un autre facteur de risque.<\/p>\n<figure id=\"attachment_2869\" aria-describedby=\"caption-attachment-2869\" style=\"width: 640px\" class=\"wp-caption alignnone\"><img loading=\"lazy\" decoding=\"async\" class=\"size-full wp-image-2869\" src=\"https:\/\/www.organisator.ch\/wp-content\/uploads\/2017\/12\/Cyberattacken-Schweizer-KMU-wiegen-sich-in-falscher-Sicherheit-2_Organisator.jpg\" alt=\"\" width=\"640\" height=\"282\" srcset=\"https:\/\/www.organisator.ch\/wp-content\/uploads\/2017\/12\/Cyberattacken-Schweizer-KMU-wiegen-sich-in-falscher-Sicherheit-2_Organisator.jpg 640w, https:\/\/www.organisator.ch\/wp-content\/uploads\/2017\/12\/Cyberattacken-Schweizer-KMU-wiegen-sich-in-falscher-Sicherheit-2_Organisator-16x7.jpg 16w, https:\/\/www.organisator.ch\/wp-content\/uploads\/2017\/12\/Cyberattacken-Schweizer-KMU-wiegen-sich-in-falscher-Sicherheit-2_Organisator-375x165.jpg 375w, https:\/\/www.organisator.ch\/wp-content\/uploads\/2017\/12\/Cyberattacken-Schweizer-KMU-wiegen-sich-in-falscher-Sicherheit-2_Organisator-300x132.jpg 300w\" sizes=\"auto, (max-width: 640px) 100vw, 640px\" \/><figcaption id=\"caption-attachment-2869\" class=\"wp-caption-text\">Les pourcentages sont trompeurs : En chiffres absolus, 23'000 PME ont par exemple d\u00e9j\u00e0 \u00e9t\u00e9 victimes d'extorsion. (Graphique : gfs-Zurich)<\/figcaption><\/figure>\n<p>Le risque de cyberattaques est fortement sous-estim\u00e9 par les PME, comme le montrent les r\u00e9sultats suivants de l'enqu\u00eate : Seuls 10 % et 4 % consid\u00e8rent comme un grand ou tr\u00e8s grand danger le fait d'\u00eatre mis hors d'\u00e9tat de nuire pendant une journ\u00e9e ou m\u00eame de voir leur existence menac\u00e9e. Plus de la moiti\u00e9 des directeurs\/trices interrog\u00e9s (56 %) se sentent bien ou tr\u00e8s bien prot\u00e9g\u00e9s contre les cyberattaques. Toutefois, 36 % disent avoir d\u00e9j\u00e0 \u00e9t\u00e9 touch\u00e9s par des logiciels malveillants (virus, chevaux de Troie), 6 % par des pertes de donn\u00e9es, 4 % par du chantage, 3 % par des attaques DDoS et 2 % par des vols de donn\u00e9es. Tout cela semble peu : sur la base des 301 PME interrog\u00e9es, on peut par exemple estimer le nombre d'entreprises touch\u00e9es par le chantage \u00e0 23'000 (4 pour cent), et les 36 pour cent d'entreprises touch\u00e9es par des logiciels malveillants correspondraient en chiffres absolus \u00e0 209'000 entreprises. N\u00e9anmoins, plus de la moiti\u00e9 des directeurs\/trices interrog\u00e9s (56 %) se sentent bien ou tr\u00e8s bien prot\u00e9g\u00e9s contre les cyberattaques.<\/p>\n<h2>La protection technique existe, mais le risque \"employ\u00e9\" demeure<\/h2>\n<p>Toutefois, selon les auteurs de l'\u00e9tude, cette protection contre les cyberattaques est loin d'\u00eatre suffisante. En effet, seules 60 % des personnes interrog\u00e9es indiquent avoir enti\u00e8rement mis en \u0153uvre des mesures de protection de base telles que la protection contre les logiciels malveillants, le pare-feu, la gestion des correctifs et la sauvegarde. Les syst\u00e8mes de d\u00e9tection des cyberincidents n'ont \u00e9t\u00e9 enti\u00e8rement mis en place que par une entreprise sur cinq. Les processus de traitement des cyberincidents ne sont plus appliqu\u00e9s que par 18 % des entreprises interrog\u00e9es, et les formations des collaborateurs sur l'utilisation s\u00fbre des TI par seulement 15 %. Simon Dejung de l'Association Suisse d'Assurances s'inqui\u00e8te en cons\u00e9quence : \"Plus de 98 % des entreprises suisses sont des PME et constituent l'\u00e9pine dorsale de l'\u00e9conomie suisse. Il est donc d'une importance strat\u00e9gique pour la Suisse que ces entreprises se prot\u00e8gent mieux contre les cyber-risques\".<\/p>\n<p>Sous forme d'assurance par exemple ? 12 pour cent des PME interrog\u00e9es ont indiqu\u00e9 disposer d'une cyberassurance. Selon les estimations de Simon Dejung, il ne devrait toutefois pas s'agir dans la plupart des cas d'une cyberassurance pure, mais au mieux d'une couverture partielle au sein d'un autre produit d'assurance. Il met en garde : \"En cas de sinistre, il pourrait s'av\u00e9rer que l'assurance entend par sinistre quelque chose de totalement diff\u00e9rent du preneur d'assurance\". Il est d'autant plus important de v\u00e9rifier pr\u00e9cis\u00e9ment la couverture face aux nouveaux paysages de risques qu'apportent la mise en r\u00e9seau, la num\u00e9risation et l'automatisation. Il s'agit de d\u00e9terminer les sc\u00e9narios de menace correspondants et d'\u00e9valuer son propre paysage de risques avant de choisir un produit d'assurance.<\/p>\n<h2>L'\u00e9ducation et la coordination en mati\u00e8re de s\u00e9curit\u00e9 informatique sont n\u00e9cessaires<\/h2>\n<p>Or, de nombreuses PME semblent justement \u00e9chouer dans ce domaine. Les normes de cybers\u00e9curit\u00e9 reconnues leur sont g\u00e9n\u00e9ralement inconnues. Et se faire certifier selon des normes comme ISO 27001, par exemple, d\u00e9passe les ressources de la plupart des PME. Une commission d'experts compos\u00e9e de repr\u00e9sentants de la Conf\u00e9d\u00e9ration et de l'\u00e9conomie travaille donc \u00e0 l'\u00e9laboration de normes \u00e0 la bonne hauteur de vol pour les PME. \"Nous adoptons une approche tr\u00e8s pragmatique\", assure Ari\u00e9 Malz, membre dirigeant de cette commission. Outre la cr\u00e9ation de telles normes de s\u00e9curit\u00e9 reconnues, il existe d'autres objectifs \u00e0 poursuivre en priorit\u00e9, comme l'explique Andreas K\u00e4lin, directeur d'ICTswitzerland. Ainsi, les collaborateurs devraient \u00eatre syst\u00e9matiquement sensibilis\u00e9s \u00e0 l'utilisation s\u00fbre de l'informatique. En outre, les PME devraient \u00eatre soutenues par des organisations appropri\u00e9es dans la gestion des cyberrisques et un syst\u00e8me d'alerte pr\u00e9coce devrait \u00eatre mis en place pour l'ensemble de l'\u00e9conomie afin d'informer des nouveaux cyberrisques. Il faut en outre examiner si et comment une obligation d'annoncer les cyberattaques peut \u00eatre mise en \u0153uvre. Des campagnes d'information sur l'identification des cyber-risques sont \u00e9galement annonc\u00e9es \u00e0 l'\u00e9chelle nationale.<\/p>\n<p><em>Source : <a href=\"https:\/\/ictswitzerland.ch\/\">ICTSwitzerland<\/a><\/em><\/p>","protected":false},"excerpt":{"rendered":"<p>Immer wieder ist von Cyberattacken aller Art zu lesen und zu h\u00f6ren.\u00a0Es scheint, dass deren Anzahl laufend zunimmt. Doch wie\u00a0gut gesch\u00fctzt sind KMU vor solchen Angriffen aus dem Cyberspace? Dies\u00a0versuchte eine im September\u00a02o17 durchgef\u00fchrte repr\u00e4sentative\u00a0Befragung von 300 Gesch\u00e4ftsf\u00fchrern von KMU durch das Markt- und Sozialforschungsinstitut gfs-z\u00fcrich\u00a0herauszufinden. Auftraggeber der Studie waren u.a. ICTswitzerland, das ISB Informatiksteuerungsorgan [&hellip;]<\/p>\n","protected":false},"author":4,"featured_media":2868,"comment_status":"open","ping_status":"open","sticky":false,"template":"","format":"standard","meta":{"_acf_changed":false,"_yoast_wpseo_focuskw":"Cyberattacken","_yoast_wpseo_metadesc":"Mehr als ein Drittel der Schweizer KMU sind von Cyberattacken betroffen. Trotzdem f\u00fchlt sich die Mehrheit weiterhin gut bis sehr gut gesch\u00fctzt.","articlekey":"","footnotes":""},"categories":[27],"tags":[142,156,260,459],"class_list":["post-2865","post","type-post","status-publish","format-standard","has-post-thumbnail","hentry","category-it","tag-cyber-crime","tag-digitalisierung","tag-ict-sicherheit","tag-studie"],"acf":[],"yoast_head":"<!-- This site is optimized with the Yoast SEO plugin v27.5 - https:\/\/yoast.com\/product\/yoast-seo-wordpress\/ -->\n<title>Cyberattacken: Schweizer KMU wiegen sich in falscher Sicherheit - Organisator<\/title>\n<meta name=\"description\" content=\"Mehr als ein Drittel der Schweizer KMU sind von Cyberattacken betroffen. Trotzdem f\u00fchlt sich die Mehrheit weiterhin gut bis sehr gut gesch\u00fctzt.\" \/>\n<meta name=\"robots\" content=\"index, follow, max-snippet:-1, max-image-preview:large, max-video-preview:-1\" \/>\n<link rel=\"canonical\" href=\"https:\/\/www.organisator.ch\/fr\/gestion-2\/it\/2017-12-12\/cyberattacken-schweizer-kmu-wiegen-sich-in-falscher-sicherheit\/\" \/>\n<meta property=\"og:locale\" content=\"fr_FR\" \/>\n<meta property=\"og:type\" content=\"article\" \/>\n<meta property=\"og:title\" content=\"Cyberattacken: Schweizer KMU wiegen sich in falscher Sicherheit\" \/>\n<meta property=\"og:description\" content=\"Mehr als ein Drittel der Schweizer KMU sind von #Cyberattacken betroffen. Trotzdem f\u00fchlt sich die Mehrheit weiterhin gut bis sehr gut gesch\u00fctzt.\" \/>\n<meta property=\"og:url\" content=\"https:\/\/www.organisator.ch\/fr\/gestion-2\/it\/2017-12-12\/cyberattacken-schweizer-kmu-wiegen-sich-in-falscher-sicherheit\/\" \/>\n<meta property=\"og:site_name\" content=\"Organisator\" \/>\n<meta property=\"article:publisher\" content=\"https:\/\/www.facebook.com\/OrganisatorFachmagazin\" \/>\n<meta property=\"article:published_time\" content=\"2017-12-12T14:57:40+00:00\" \/>\n<meta property=\"og:image\" content=\"https:\/\/www.organisator.ch\/wp-content\/uploads\/2017\/12\/Cyberattacken-Schweizer-KMU-wiegen-sich-in-falscher-Sicherheit-1_Organisator.jpg\" \/>\n\t<meta property=\"og:image:width\" content=\"640\" \/>\n\t<meta property=\"og:image:height\" content=\"320\" \/>\n\t<meta property=\"og:image:type\" content=\"image\/jpeg\" \/>\n<meta name=\"author\" content=\"thomas.berner\" \/>\n<meta name=\"twitter:card\" content=\"summary_large_image\" \/>\n<meta name=\"twitter:title\" content=\"#Cyberattacken: Schweizer #KMU wiegen sich in falscher #Sicherheit\" \/>\n<meta name=\"twitter:description\" content=\"Mehr als ein Drittel der Schweizer #KMU sind von #Cyberattacken betroffen. Trotzdem f\u00fchlt sich die Mehrheit weiterhin gut bis sehr gut gesch\u00fctzt.\" \/>\n<meta name=\"twitter:image\" content=\"https:\/\/www.organisator.ch\/wp-content\/uploads\/2017\/12\/Cyberattacken-Schweizer-KMU-wiegen-sich-in-falscher-Sicherheit-1_Organisator.jpg\" \/>\n<script type=\"application\/ld+json\" class=\"yoast-schema-graph\">{\"@context\":\"https:\\\/\\\/schema.org\",\"@graph\":[{\"@type\":\"Article\",\"@id\":\"https:\\\/\\\/www.organisator.ch\\\/management\\\/it\\\/2017-12-12\\\/cyberattacken-schweizer-kmu-wiegen-sich-in-falscher-sicherheit\\\/#article\",\"isPartOf\":{\"@id\":\"https:\\\/\\\/www.organisator.ch\\\/management\\\/it\\\/2017-12-12\\\/cyberattacken-schweizer-kmu-wiegen-sich-in-falscher-sicherheit\\\/\"},\"author\":{\"name\":\"thomas.berner\",\"@id\":\"https:\\\/\\\/www.organisator.ch\\\/#\\\/schema\\\/person\\\/6f650f90b2842cd4c0cc334b4e36f67e\"},\"headline\":\"Cyberattacken: Schweizer KMU wiegen sich in falscher Sicherheit\",\"datePublished\":\"2017-12-12T14:57:40+00:00\",\"mainEntityOfPage\":{\"@id\":\"https:\\\/\\\/www.organisator.ch\\\/management\\\/it\\\/2017-12-12\\\/cyberattacken-schweizer-kmu-wiegen-sich-in-falscher-sicherheit\\\/\"},\"wordCount\":862,\"commentCount\":0,\"publisher\":{\"@id\":\"https:\\\/\\\/www.organisator.ch\\\/#organization\"},\"image\":{\"@id\":\"https:\\\/\\\/www.organisator.ch\\\/management\\\/it\\\/2017-12-12\\\/cyberattacken-schweizer-kmu-wiegen-sich-in-falscher-sicherheit\\\/#primaryimage\"},\"thumbnailUrl\":\"https:\\\/\\\/www.organisator.ch\\\/wp-content\\\/uploads\\\/2017\\\/12\\\/Cyberattacken-Schweizer-KMU-wiegen-sich-in-falscher-Sicherheit-1_Organisator.jpg\",\"keywords\":[\"Cyber-Crime\",\"Digitalisierung\",\"ICT-Sicherheit\",\"Studie\"],\"articleSection\":[\"IT\"],\"inLanguage\":\"fr-FR\"},{\"@type\":\"WebPage\",\"@id\":\"https:\\\/\\\/www.organisator.ch\\\/management\\\/it\\\/2017-12-12\\\/cyberattacken-schweizer-kmu-wiegen-sich-in-falscher-sicherheit\\\/\",\"url\":\"https:\\\/\\\/www.organisator.ch\\\/management\\\/it\\\/2017-12-12\\\/cyberattacken-schweizer-kmu-wiegen-sich-in-falscher-sicherheit\\\/\",\"name\":\"Cyberattacken: Schweizer KMU wiegen sich in falscher Sicherheit - Organisator\",\"isPartOf\":{\"@id\":\"https:\\\/\\\/www.organisator.ch\\\/#website\"},\"primaryImageOfPage\":{\"@id\":\"https:\\\/\\\/www.organisator.ch\\\/management\\\/it\\\/2017-12-12\\\/cyberattacken-schweizer-kmu-wiegen-sich-in-falscher-sicherheit\\\/#primaryimage\"},\"image\":{\"@id\":\"https:\\\/\\\/www.organisator.ch\\\/management\\\/it\\\/2017-12-12\\\/cyberattacken-schweizer-kmu-wiegen-sich-in-falscher-sicherheit\\\/#primaryimage\"},\"thumbnailUrl\":\"https:\\\/\\\/www.organisator.ch\\\/wp-content\\\/uploads\\\/2017\\\/12\\\/Cyberattacken-Schweizer-KMU-wiegen-sich-in-falscher-Sicherheit-1_Organisator.jpg\",\"datePublished\":\"2017-12-12T14:57:40+00:00\",\"description\":\"Mehr als ein Drittel der Schweizer KMU sind von Cyberattacken betroffen. Trotzdem f\u00fchlt sich die Mehrheit weiterhin gut bis sehr gut gesch\u00fctzt.\",\"breadcrumb\":{\"@id\":\"https:\\\/\\\/www.organisator.ch\\\/management\\\/it\\\/2017-12-12\\\/cyberattacken-schweizer-kmu-wiegen-sich-in-falscher-sicherheit\\\/#breadcrumb\"},\"inLanguage\":\"fr-FR\",\"potentialAction\":[{\"@type\":\"ReadAction\",\"target\":[\"https:\\\/\\\/www.organisator.ch\\\/management\\\/it\\\/2017-12-12\\\/cyberattacken-schweizer-kmu-wiegen-sich-in-falscher-sicherheit\\\/\"]}]},{\"@type\":\"ImageObject\",\"inLanguage\":\"fr-FR\",\"@id\":\"https:\\\/\\\/www.organisator.ch\\\/management\\\/it\\\/2017-12-12\\\/cyberattacken-schweizer-kmu-wiegen-sich-in-falscher-sicherheit\\\/#primaryimage\",\"url\":\"https:\\\/\\\/www.organisator.ch\\\/wp-content\\\/uploads\\\/2017\\\/12\\\/Cyberattacken-Schweizer-KMU-wiegen-sich-in-falscher-Sicherheit-1_Organisator.jpg\",\"contentUrl\":\"https:\\\/\\\/www.organisator.ch\\\/wp-content\\\/uploads\\\/2017\\\/12\\\/Cyberattacken-Schweizer-KMU-wiegen-sich-in-falscher-Sicherheit-1_Organisator.jpg\",\"width\":640,\"height\":320,\"caption\":\"Obwohl jedes dritte Schweizer KMU bereits von Cyberattacken betroffen war, f\u00fchlt sich die Mehrheit der KMU nicht in ihrer Sicherheit bedroht. (Bild: itcraftsman - Fotolia.com)\"},{\"@type\":\"BreadcrumbList\",\"@id\":\"https:\\\/\\\/www.organisator.ch\\\/management\\\/it\\\/2017-12-12\\\/cyberattacken-schweizer-kmu-wiegen-sich-in-falscher-sicherheit\\\/#breadcrumb\",\"itemListElement\":[{\"@type\":\"ListItem\",\"position\":1,\"name\":\"Home\",\"item\":\"https:\\\/\\\/www.organisator.ch\\\/\"},{\"@type\":\"ListItem\",\"position\":2,\"name\":\"Cyberattacken: Schweizer KMU wiegen sich in falscher Sicherheit\"}]},{\"@type\":\"WebSite\",\"@id\":\"https:\\\/\\\/www.organisator.ch\\\/#website\",\"url\":\"https:\\\/\\\/www.organisator.ch\\\/\",\"name\":\"Organisator\",\"description\":\"Kompetent. Praxisnah. Der ORGANISATOR bereitet in 10 Ausgaben pro Jahr die wesentlichen Themen f\u00fcr F\u00fchrungskr\u00e4fte von KMU auf.\",\"publisher\":{\"@id\":\"https:\\\/\\\/www.organisator.ch\\\/#organization\"},\"potentialAction\":[{\"@type\":\"SearchAction\",\"target\":{\"@type\":\"EntryPoint\",\"urlTemplate\":\"https:\\\/\\\/www.organisator.ch\\\/?s={search_term_string}\"},\"query-input\":{\"@type\":\"PropertyValueSpecification\",\"valueRequired\":true,\"valueName\":\"search_term_string\"}}],\"inLanguage\":\"fr-FR\"},{\"@type\":\"Organization\",\"@id\":\"https:\\\/\\\/www.organisator.ch\\\/#organization\",\"name\":\"Organisator\",\"url\":\"https:\\\/\\\/www.organisator.ch\\\/\",\"logo\":{\"@type\":\"ImageObject\",\"inLanguage\":\"fr-FR\",\"@id\":\"https:\\\/\\\/www.organisator.ch\\\/#\\\/schema\\\/logo\\\/image\\\/\",\"url\":\"https:\\\/\\\/www.organisator.ch\\\/wp-content\\\/uploads\\\/2022\\\/01\\\/Logo_Organisator_Website.png\",\"contentUrl\":\"https:\\\/\\\/www.organisator.ch\\\/wp-content\\\/uploads\\\/2022\\\/01\\\/Logo_Organisator_Website.png\",\"width\":800,\"height\":77,\"caption\":\"Organisator\"},\"image\":{\"@id\":\"https:\\\/\\\/www.organisator.ch\\\/#\\\/schema\\\/logo\\\/image\\\/\"},\"sameAs\":[\"https:\\\/\\\/www.facebook.com\\\/OrganisatorFachmagazin\",\"https:\\\/\\\/www.linkedin.com\\\/showcase\\\/organisator-das-magazin-fr-kmu\",\"https:\\\/\\\/www.xing.com\\\/news\\\/pages\\\/organisator-ch-695\",\"https:\\\/\\\/www.youtube.com\\\/channel\\\/UCGP2Sq0iWaZwT3BdIAQFYpw\"]},{\"@type\":\"Person\",\"@id\":\"https:\\\/\\\/www.organisator.ch\\\/#\\\/schema\\\/person\\\/6f650f90b2842cd4c0cc334b4e36f67e\",\"name\":\"thomas.berner\",\"image\":{\"@type\":\"ImageObject\",\"inLanguage\":\"fr-FR\",\"@id\":\"https:\\\/\\\/secure.gravatar.com\\\/avatar\\\/ac5001d2a36cb6c6cd3e50789007ffca834b477b74a2144564522e944eabff61?s=96&d=mm&r=g\",\"url\":\"https:\\\/\\\/secure.gravatar.com\\\/avatar\\\/ac5001d2a36cb6c6cd3e50789007ffca834b477b74a2144564522e944eabff61?s=96&d=mm&r=g\",\"contentUrl\":\"https:\\\/\\\/secure.gravatar.com\\\/avatar\\\/ac5001d2a36cb6c6cd3e50789007ffca834b477b74a2144564522e944eabff61?s=96&d=mm&r=g\",\"caption\":\"thomas.berner\"},\"url\":\"https:\\\/\\\/www.organisator.ch\\\/fr\\\/author\\\/thomas-berner\\\/\"}]}<\/script>\n<!-- \/ Yoast SEO plugin. -->","yoast_head_json":{"title":"Cyberattaques : les PME suisses se bercent d'une fausse s\u00e9curit\u00e9 - Organisator","description":"Plus d'un tiers des PME suisses sont touch\u00e9es par des cyberattaques. Malgr\u00e9 cela, la majorit\u00e9 d'entre elles se sentent toujours bien, voire tr\u00e8s bien prot\u00e9g\u00e9es.","robots":{"index":"index","follow":"follow","max-snippet":"max-snippet:-1","max-image-preview":"max-image-preview:large","max-video-preview":"max-video-preview:-1"},"canonical":"https:\/\/www.organisator.ch\/fr\/gestion-2\/it\/2017-12-12\/cyberattacken-schweizer-kmu-wiegen-sich-in-falscher-sicherheit\/","og_locale":"fr_FR","og_type":"article","og_title":"Cyberattacken: Schweizer KMU wiegen sich in falscher Sicherheit","og_description":"Mehr als ein Drittel der Schweizer KMU sind von #Cyberattacken betroffen. Trotzdem f\u00fchlt sich die Mehrheit weiterhin gut bis sehr gut gesch\u00fctzt.","og_url":"https:\/\/www.organisator.ch\/fr\/gestion-2\/it\/2017-12-12\/cyberattacken-schweizer-kmu-wiegen-sich-in-falscher-sicherheit\/","og_site_name":"Organisator","article_publisher":"https:\/\/www.facebook.com\/OrganisatorFachmagazin","article_published_time":"2017-12-12T14:57:40+00:00","og_image":[{"width":640,"height":320,"url":"https:\/\/www.organisator.ch\/wp-content\/uploads\/2017\/12\/Cyberattacken-Schweizer-KMU-wiegen-sich-in-falscher-Sicherheit-1_Organisator.jpg","type":"image\/jpeg"}],"author":"thomas.berner","twitter_card":"summary_large_image","twitter_title":"#Cyberattacken: Schweizer #KMU wiegen sich in falscher #Sicherheit","twitter_description":"Mehr als ein Drittel der Schweizer #KMU sind von #Cyberattacken betroffen. Trotzdem f\u00fchlt sich die Mehrheit weiterhin gut bis sehr gut gesch\u00fctzt.","twitter_image":"https:\/\/www.organisator.ch\/wp-content\/uploads\/2017\/12\/Cyberattacken-Schweizer-KMU-wiegen-sich-in-falscher-Sicherheit-1_Organisator.jpg","schema":{"@context":"https:\/\/schema.org","@graph":[{"@type":"Article","@id":"https:\/\/www.organisator.ch\/management\/it\/2017-12-12\/cyberattacken-schweizer-kmu-wiegen-sich-in-falscher-sicherheit\/#article","isPartOf":{"@id":"https:\/\/www.organisator.ch\/management\/it\/2017-12-12\/cyberattacken-schweizer-kmu-wiegen-sich-in-falscher-sicherheit\/"},"author":{"name":"thomas.berner","@id":"https:\/\/www.organisator.ch\/#\/schema\/person\/6f650f90b2842cd4c0cc334b4e36f67e"},"headline":"Cyberattacken: Schweizer KMU wiegen sich in falscher Sicherheit","datePublished":"2017-12-12T14:57:40+00:00","mainEntityOfPage":{"@id":"https:\/\/www.organisator.ch\/management\/it\/2017-12-12\/cyberattacken-schweizer-kmu-wiegen-sich-in-falscher-sicherheit\/"},"wordCount":862,"commentCount":0,"publisher":{"@id":"https:\/\/www.organisator.ch\/#organization"},"image":{"@id":"https:\/\/www.organisator.ch\/management\/it\/2017-12-12\/cyberattacken-schweizer-kmu-wiegen-sich-in-falscher-sicherheit\/#primaryimage"},"thumbnailUrl":"https:\/\/www.organisator.ch\/wp-content\/uploads\/2017\/12\/Cyberattacken-Schweizer-KMU-wiegen-sich-in-falscher-Sicherheit-1_Organisator.jpg","keywords":["Cyber-Crime","Digitalisierung","ICT-Sicherheit","Studie"],"articleSection":["IT"],"inLanguage":"fr-FR"},{"@type":"WebPage","@id":"https:\/\/www.organisator.ch\/management\/it\/2017-12-12\/cyberattacken-schweizer-kmu-wiegen-sich-in-falscher-sicherheit\/","url":"https:\/\/www.organisator.ch\/management\/it\/2017-12-12\/cyberattacken-schweizer-kmu-wiegen-sich-in-falscher-sicherheit\/","name":"Cyberattaques : les PME suisses se bercent d'une fausse s\u00e9curit\u00e9 - Organisator","isPartOf":{"@id":"https:\/\/www.organisator.ch\/#website"},"primaryImageOfPage":{"@id":"https:\/\/www.organisator.ch\/management\/it\/2017-12-12\/cyberattacken-schweizer-kmu-wiegen-sich-in-falscher-sicherheit\/#primaryimage"},"image":{"@id":"https:\/\/www.organisator.ch\/management\/it\/2017-12-12\/cyberattacken-schweizer-kmu-wiegen-sich-in-falscher-sicherheit\/#primaryimage"},"thumbnailUrl":"https:\/\/www.organisator.ch\/wp-content\/uploads\/2017\/12\/Cyberattacken-Schweizer-KMU-wiegen-sich-in-falscher-Sicherheit-1_Organisator.jpg","datePublished":"2017-12-12T14:57:40+00:00","description":"Plus d'un tiers des PME suisses sont touch\u00e9es par des cyberattaques. Malgr\u00e9 cela, la majorit\u00e9 d'entre elles se sentent toujours bien, voire tr\u00e8s bien prot\u00e9g\u00e9es.","breadcrumb":{"@id":"https:\/\/www.organisator.ch\/management\/it\/2017-12-12\/cyberattacken-schweizer-kmu-wiegen-sich-in-falscher-sicherheit\/#breadcrumb"},"inLanguage":"fr-FR","potentialAction":[{"@type":"ReadAction","target":["https:\/\/www.organisator.ch\/management\/it\/2017-12-12\/cyberattacken-schweizer-kmu-wiegen-sich-in-falscher-sicherheit\/"]}]},{"@type":"ImageObject","inLanguage":"fr-FR","@id":"https:\/\/www.organisator.ch\/management\/it\/2017-12-12\/cyberattacken-schweizer-kmu-wiegen-sich-in-falscher-sicherheit\/#primaryimage","url":"https:\/\/www.organisator.ch\/wp-content\/uploads\/2017\/12\/Cyberattacken-Schweizer-KMU-wiegen-sich-in-falscher-Sicherheit-1_Organisator.jpg","contentUrl":"https:\/\/www.organisator.ch\/wp-content\/uploads\/2017\/12\/Cyberattacken-Schweizer-KMU-wiegen-sich-in-falscher-Sicherheit-1_Organisator.jpg","width":640,"height":320,"caption":"Obwohl jedes dritte Schweizer KMU bereits von Cyberattacken betroffen war, f\u00fchlt sich die Mehrheit der KMU nicht in ihrer Sicherheit bedroht. (Bild: itcraftsman - Fotolia.com)"},{"@type":"BreadcrumbList","@id":"https:\/\/www.organisator.ch\/management\/it\/2017-12-12\/cyberattacken-schweizer-kmu-wiegen-sich-in-falscher-sicherheit\/#breadcrumb","itemListElement":[{"@type":"ListItem","position":1,"name":"Home","item":"https:\/\/www.organisator.ch\/"},{"@type":"ListItem","position":2,"name":"Cyberattacken: Schweizer KMU wiegen sich in falscher Sicherheit"}]},{"@type":"WebSite","@id":"https:\/\/www.organisator.ch\/#website","url":"https:\/\/www.organisator.ch\/","name":"Organisateur","description":"Comp\u00e9tence et comp\u00e9tence. Proches de la pratique. L'ORGANISATEUR pr\u00e9pare 10 num\u00e9ros par an sur les th\u00e8mes essentiels pour les dirigeants de PME.","publisher":{"@id":"https:\/\/www.organisator.ch\/#organization"},"potentialAction":[{"@type":"SearchAction","target":{"@type":"EntryPoint","urlTemplate":"https:\/\/www.organisator.ch\/?s={search_term_string}"},"query-input":{"@type":"PropertyValueSpecification","valueRequired":true,"valueName":"search_term_string"}}],"inLanguage":"fr-FR"},{"@type":"Organization","@id":"https:\/\/www.organisator.ch\/#organization","name":"Organisateur","url":"https:\/\/www.organisator.ch\/","logo":{"@type":"ImageObject","inLanguage":"fr-FR","@id":"https:\/\/www.organisator.ch\/#\/schema\/logo\/image\/","url":"https:\/\/www.organisator.ch\/wp-content\/uploads\/2022\/01\/Logo_Organisator_Website.png","contentUrl":"https:\/\/www.organisator.ch\/wp-content\/uploads\/2022\/01\/Logo_Organisator_Website.png","width":800,"height":77,"caption":"Organisator"},"image":{"@id":"https:\/\/www.organisator.ch\/#\/schema\/logo\/image\/"},"sameAs":["https:\/\/www.facebook.com\/OrganisatorFachmagazin","https:\/\/www.linkedin.com\/showcase\/organisator-das-magazin-fr-kmu","https:\/\/www.xing.com\/news\/pages\/organisator-ch-695","https:\/\/www.youtube.com\/channel\/UCGP2Sq0iWaZwT3BdIAQFYpw"]},{"@type":"Person","@id":"https:\/\/www.organisator.ch\/#\/schema\/person\/6f650f90b2842cd4c0cc334b4e36f67e","name":"thomas.berner","image":{"@type":"ImageObject","inLanguage":"fr-FR","@id":"https:\/\/secure.gravatar.com\/avatar\/ac5001d2a36cb6c6cd3e50789007ffca834b477b74a2144564522e944eabff61?s=96&d=mm&r=g","url":"https:\/\/secure.gravatar.com\/avatar\/ac5001d2a36cb6c6cd3e50789007ffca834b477b74a2144564522e944eabff61?s=96&d=mm&r=g","contentUrl":"https:\/\/secure.gravatar.com\/avatar\/ac5001d2a36cb6c6cd3e50789007ffca834b477b74a2144564522e944eabff61?s=96&d=mm&r=g","caption":"thomas.berner"},"url":"https:\/\/www.organisator.ch\/fr\/author\/thomas-berner\/"}]}},"_links":{"self":[{"href":"https:\/\/www.organisator.ch\/fr\/wp-json\/wp\/v2\/posts\/2865","targetHints":{"allow":["GET"]}}],"collection":[{"href":"https:\/\/www.organisator.ch\/fr\/wp-json\/wp\/v2\/posts"}],"about":[{"href":"https:\/\/www.organisator.ch\/fr\/wp-json\/wp\/v2\/types\/post"}],"author":[{"embeddable":true,"href":"https:\/\/www.organisator.ch\/fr\/wp-json\/wp\/v2\/users\/4"}],"replies":[{"embeddable":true,"href":"https:\/\/www.organisator.ch\/fr\/wp-json\/wp\/v2\/comments?post=2865"}],"version-history":[{"count":0,"href":"https:\/\/www.organisator.ch\/fr\/wp-json\/wp\/v2\/posts\/2865\/revisions"}],"wp:featuredmedia":[{"embeddable":true,"href":"https:\/\/www.organisator.ch\/fr\/wp-json\/wp\/v2\/media\/2868"}],"wp:attachment":[{"href":"https:\/\/www.organisator.ch\/fr\/wp-json\/wp\/v2\/media?parent=2865"}],"wp:term":[{"taxonomy":"category","embeddable":true,"href":"https:\/\/www.organisator.ch\/fr\/wp-json\/wp\/v2\/categories?post=2865"},{"taxonomy":"post_tag","embeddable":true,"href":"https:\/\/www.organisator.ch\/fr\/wp-json\/wp\/v2\/tags?post=2865"}],"curies":[{"name":"wp","href":"https:\/\/api.w.org\/{rel}","templated":true}]}}