{"id":28735,"date":"2024-08-09T14:22:12","date_gmt":"2024-08-09T12:22:12","guid":{"rendered":"https:\/\/www.markt-kom.com\/?p=221495"},"modified":"2024-11-09T08:04:39","modified_gmt":"2024-11-09T07:04:39","slug":"schulanfaenger-werden-mit-comic-und-orden-fuers-zu-fuss-gehen-ermuntert","status":"publish","type":"post","link":"https:\/\/www.organisator.ch\/fr\/marketing\/2024-08-09\/schulanfaenger-werden-mit-comic-und-orden-fuers-zu-fuss-gehen-ermuntert\/","title":{"rendered":"Les \u00e9coliers d\u00e9butants sont encourag\u00e9s \u00e0 se d\u00e9placer \u00e0 pied par une bande dessin\u00e9e et des m\u00e9dailles"},"content":{"rendered":"<figure id=\"attachment_221496\" class=\"wp-caption aligncenter\" style=\"width: 1400px\" aria-describedby=\"caption-attachment-221496\"><img class=\"aligncenter wp-image-221496 size-full\" src=\"https:\/\/www.markt-kom.com\/wp-content\/uploads\/2024\/08\/Schulwegcomic.jpg\" alt=\"BD sur le chemin de l&#039;\u00e9cole Argovie 2024\" width=\"1400\" height=\"1050\" \/>\r\n<figcaption id=\"caption-attachment-221496\" class=\"wp-caption-text\">La bande dessin\u00e9e sur le chemin de l'\u00e9cole que les enfants et les parents re\u00e7oivent avant le d\u00e9but du jardin d'enfants a \u00e9t\u00e9 dessin\u00e9e par l'illustrateur de Globi Samuel Gl\u00e4ttli. (Image : Ichkanndas.ch\/BadenMobil)<\/figcaption>\r\n<\/figure>\r\n<p>Lundi, la nouvelle ann\u00e9e scolaire d\u00e9bute dans la plupart des districts d'Argovie. Un grand pas non seulement pour les \u00e9l\u00e8ves de premi\u00e8re ann\u00e9e, mais aussi pour les enfants de l'\u00e9cole maternelle. Apr\u00e8s une certaine p\u00e9riode d'introduction, ils doivent relever le d\u00e9fi de parcourir seuls le chemin de la maison \u00e0 l'\u00e9cole maternelle.<\/p>\r\n<p>Pour y parvenir, ils sont soutenus par des policiers. Des collaborateurs des polices r\u00e9gionales argoviennes se rendent r\u00e9guli\u00e8rement dans les \u00e9coles et les jardins d'enfants. Ils leur montrent comment traverser la rue en toute s\u00e9curit\u00e9. \"Attendez, regardez, l\u00e2chez, courez\", explique Roger Schneider de la Repol Zurzibiet.<\/p>\r\n<h3><strong>Bande dessin\u00e9e de l'illustrateur Globi<\/strong><\/h3>\r\n<p>Dans la plupart des 50 communes participantes, les enfants et les parents ont re\u00e7u avant les vacances d'\u00e9t\u00e9 - en m\u00eame temps que l'emploi du temps - une bande dessin\u00e9e sur le chemin de l'\u00e9cole, r\u00e9alis\u00e9e par l'illustrateur zurichois de Globi, Samuel Gl\u00e4ttli. \"On y explique par exemple qu'il faut choisir le chemin le plus s\u00fbr et non le plus rapide\", explique Schneider.<\/p>\r\n<p>Lorsque les \u00e9l\u00e8ves de l'\u00e9cole enfantine ont termin\u00e9 leur cours de circulation - apr\u00e8s le d\u00e9but de l'ann\u00e9e scolaire - un autre moment fort suit : ils re\u00e7oivent des instructeurs de la circulation une m\u00e9daille lumineuse magn\u00e9tique avec l'impression \"Je peux le faire. Je vais \u00e0 pied\".<\/p>\r\n<p>\"Celui-ci peut \u00eatre fix\u00e9 sur le bandeau ou le gilet fluorescent\", explique Schneider. Le but est de motiver les enfants \u00e0 prendre le chemin de l'\u00e9cole \u00e0 pied.<\/p>\r\n<h3><strong>20'000 enfants touch\u00e9s chaque ann\u00e9e<\/strong><\/h3>\r\n<p>Apr\u00e8s le lancement dans la r\u00e9gion de Baden, les communes du district limitrophe de Zurzach participent \u00e9galement \u00e0 l'action depuis quelque temps. Avec la commune de K\u00f6niz BE et trois communes du canton de St-Gall, selon le site Internet <a href=\"http:\/\/www.ichkanndas.ch\/\" rel=\"noopener\">Jepeuxlefaire.ch<\/a> la campagne touche environ 20 000 enfants par an. <em>(SDA\/swi)<\/em><\/p>","protected":false},"excerpt":{"rendered":"<p>La campagne \"Je vais \u00e0 pied ! Ich kann das\" encourage les enfants \u00e0 se rendre seuls \u00e0 l'\u00e9cole maternelle. Lanc\u00e9e en 2019 dans la r\u00e9gion de Baden AG, elle est d\u00e9sormais men\u00e9e dans une bonne cinquantaine de communes, y compris en dehors du canton d'Argovie.<\/p>","protected":false},"author":8,"featured_media":0,"comment_status":"closed","ping_status":"closed","sticky":false,"template":"","format":"standard","meta":{"_acf_changed":false,"_yoast_wpseo_focuskw":"Schulwegcomic Aargau 2024","_yoast_wpseo_metadesc":"Aargauer Schulwegcomic von Globi-Illustrator: 20\u2019000 Kinder lernen sichere Schulwege. Magnetische Leuchtorden als Belohnung.","articlekey":"","footnotes":""},"categories":[29],"tags":[4344,4343,4205],"class_list":["post-28735","post","type-post","status-publish","format-standard","hentry","category-marketing","tag-kinder-und-jugendliche","tag-markom","tag-sensibilisierung"],"acf":[],"yoast_head":"<!-- This site is optimized with the Yoast SEO plugin v27.5 - https:\/\/yoast.com\/product\/yoast-seo-wordpress\/ -->\n<title>Schulanf\u00e4nger werden mit Comic und Orden f\u00fcrs zu Fuss gehen ermuntert - Organisator<\/title>\n<meta name=\"description\" content=\"Aargauer Schulwegcomic von Globi-Illustrator: 20\u2019000 Kinder lernen sichere Schulwege. Magnetische Leuchtorden als Belohnung.\" \/>\n<meta name=\"robots\" content=\"index, follow, max-snippet:-1, max-image-preview:large, max-video-preview:-1\" \/>\n<link rel=\"canonical\" href=\"https:\/\/www.organisator.ch\/fr\/marketing\/2024-08-09\/schulanfaenger-werden-mit-comic-und-orden-fuers-zu-fuss-gehen-ermuntert\/\" \/>\n<meta property=\"og:locale\" content=\"fr_FR\" \/>\n<meta property=\"og:type\" content=\"article\" \/>\n<meta property=\"og:title\" content=\"Schulanf\u00e4nger werden mit Comic und Orden f\u00fcrs zu Fuss gehen ermuntert - Organisator\" \/>\n<meta property=\"og:description\" content=\"Aargauer Schulwegcomic von Globi-Illustrator: 20\u2019000 Kinder lernen sichere Schulwege. Magnetische Leuchtorden als Belohnung.\" \/>\n<meta property=\"og:url\" content=\"https:\/\/www.organisator.ch\/fr\/marketing\/2024-08-09\/schulanfaenger-werden-mit-comic-und-orden-fuers-zu-fuss-gehen-ermuntert\/\" \/>\n<meta property=\"og:site_name\" content=\"Organisator\" \/>\n<meta property=\"article:publisher\" content=\"https:\/\/www.facebook.com\/OrganisatorFachmagazin\" \/>\n<meta property=\"article:published_time\" content=\"2024-08-09T12:22:12+00:00\" \/>\n<meta property=\"article:modified_time\" content=\"2024-11-09T07:04:39+00:00\" \/>\n<meta property=\"og:image\" content=\"https:\/\/www.markt-kom.com\/wp-content\/uploads\/2024\/08\/Schulwegcomic.jpg\" \/>\n<meta name=\"author\" content=\"galledia\" \/>\n<meta name=\"twitter:card\" content=\"summary_large_image\" \/>\n<meta name=\"twitter:creator\" content=\"@admin\" \/>\n<script type=\"application\/ld+json\" class=\"yoast-schema-graph\">{\"@context\":\"https:\\\/\\\/schema.org\",\"@graph\":[{\"@type\":\"Article\",\"@id\":\"https:\\\/\\\/www.organisator.ch\\\/marketing\\\/2024-08-09\\\/schulanfaenger-werden-mit-comic-und-orden-fuers-zu-fuss-gehen-ermuntert\\\/#article\",\"isPartOf\":{\"@id\":\"https:\\\/\\\/www.organisator.ch\\\/marketing\\\/2024-08-09\\\/schulanfaenger-werden-mit-comic-und-orden-fuers-zu-fuss-gehen-ermuntert\\\/\"},\"author\":{\"name\":\"galledia\",\"@id\":\"https:\\\/\\\/www.organisator.ch\\\/#\\\/schema\\\/person\\\/4e51799071cd2dd1232ac003643ef5f0\"},\"headline\":\"Schulanf\u00e4nger werden mit Comic und Orden f\u00fcrs zu Fuss gehen ermuntert\",\"datePublished\":\"2024-08-09T12:22:12+00:00\",\"dateModified\":\"2024-11-09T07:04:39+00:00\",\"mainEntityOfPage\":{\"@id\":\"https:\\\/\\\/www.organisator.ch\\\/marketing\\\/2024-08-09\\\/schulanfaenger-werden-mit-comic-und-orden-fuers-zu-fuss-gehen-ermuntert\\\/\"},\"wordCount\":306,\"publisher\":{\"@id\":\"https:\\\/\\\/www.organisator.ch\\\/#organization\"},\"image\":{\"@id\":\"https:\\\/\\\/www.organisator.ch\\\/marketing\\\/2024-08-09\\\/schulanfaenger-werden-mit-comic-und-orden-fuers-zu-fuss-gehen-ermuntert\\\/#primaryimage\"},\"thumbnailUrl\":\"https:\\\/\\\/www.markt-kom.com\\\/wp-content\\\/uploads\\\/2024\\\/08\\\/Schulwegcomic.jpg\",\"keywords\":[\"Kinder und Jugendliche\",\"MarKom\",\"Sensibilisierung\"],\"articleSection\":[\"MARKETING\"],\"inLanguage\":\"fr-FR\"},{\"@type\":\"WebPage\",\"@id\":\"https:\\\/\\\/www.organisator.ch\\\/marketing\\\/2024-08-09\\\/schulanfaenger-werden-mit-comic-und-orden-fuers-zu-fuss-gehen-ermuntert\\\/\",\"url\":\"https:\\\/\\\/www.organisator.ch\\\/marketing\\\/2024-08-09\\\/schulanfaenger-werden-mit-comic-und-orden-fuers-zu-fuss-gehen-ermuntert\\\/\",\"name\":\"Schulanf\u00e4nger werden mit Comic und Orden f\u00fcrs zu Fuss gehen ermuntert - Organisator\",\"isPartOf\":{\"@id\":\"https:\\\/\\\/www.organisator.ch\\\/#website\"},\"primaryImageOfPage\":{\"@id\":\"https:\\\/\\\/www.organisator.ch\\\/marketing\\\/2024-08-09\\\/schulanfaenger-werden-mit-comic-und-orden-fuers-zu-fuss-gehen-ermuntert\\\/#primaryimage\"},\"image\":{\"@id\":\"https:\\\/\\\/www.organisator.ch\\\/marketing\\\/2024-08-09\\\/schulanfaenger-werden-mit-comic-und-orden-fuers-zu-fuss-gehen-ermuntert\\\/#primaryimage\"},\"thumbnailUrl\":\"https:\\\/\\\/www.markt-kom.com\\\/wp-content\\\/uploads\\\/2024\\\/08\\\/Schulwegcomic.jpg\",\"datePublished\":\"2024-08-09T12:22:12+00:00\",\"dateModified\":\"2024-11-09T07:04:39+00:00\",\"description\":\"Aargauer Schulwegcomic von Globi-Illustrator: 20\u2019000 Kinder lernen sichere Schulwege. Magnetische Leuchtorden als Belohnung.\",\"breadcrumb\":{\"@id\":\"https:\\\/\\\/www.organisator.ch\\\/marketing\\\/2024-08-09\\\/schulanfaenger-werden-mit-comic-und-orden-fuers-zu-fuss-gehen-ermuntert\\\/#breadcrumb\"},\"inLanguage\":\"fr-FR\",\"potentialAction\":[{\"@type\":\"ReadAction\",\"target\":[\"https:\\\/\\\/www.organisator.ch\\\/marketing\\\/2024-08-09\\\/schulanfaenger-werden-mit-comic-und-orden-fuers-zu-fuss-gehen-ermuntert\\\/\"]}]},{\"@type\":\"ImageObject\",\"inLanguage\":\"fr-FR\",\"@id\":\"https:\\\/\\\/www.organisator.ch\\\/marketing\\\/2024-08-09\\\/schulanfaenger-werden-mit-comic-und-orden-fuers-zu-fuss-gehen-ermuntert\\\/#primaryimage\",\"url\":\"https:\\\/\\\/www.markt-kom.com\\\/wp-content\\\/uploads\\\/2024\\\/08\\\/Schulwegcomic.jpg\",\"contentUrl\":\"https:\\\/\\\/www.markt-kom.com\\\/wp-content\\\/uploads\\\/2024\\\/08\\\/Schulwegcomic.jpg\"},{\"@type\":\"BreadcrumbList\",\"@id\":\"https:\\\/\\\/www.organisator.ch\\\/marketing\\\/2024-08-09\\\/schulanfaenger-werden-mit-comic-und-orden-fuers-zu-fuss-gehen-ermuntert\\\/#breadcrumb\",\"itemListElement\":[{\"@type\":\"ListItem\",\"position\":1,\"name\":\"Home\",\"item\":\"https:\\\/\\\/www.organisator.ch\\\/\"},{\"@type\":\"ListItem\",\"position\":2,\"name\":\"Schulanf\u00e4nger werden mit Comic und Orden f\u00fcrs zu Fuss gehen ermuntert\"}]},{\"@type\":\"WebSite\",\"@id\":\"https:\\\/\\\/www.organisator.ch\\\/#website\",\"url\":\"https:\\\/\\\/www.organisator.ch\\\/\",\"name\":\"Organisator\",\"description\":\"Kompetent. Praxisnah. Der ORGANISATOR bereitet in 10 Ausgaben pro Jahr die wesentlichen Themen f\u00fcr F\u00fchrungskr\u00e4fte von KMU auf.\",\"publisher\":{\"@id\":\"https:\\\/\\\/www.organisator.ch\\\/#organization\"},\"potentialAction\":[{\"@type\":\"SearchAction\",\"target\":{\"@type\":\"EntryPoint\",\"urlTemplate\":\"https:\\\/\\\/www.organisator.ch\\\/?s={search_term_string}\"},\"query-input\":{\"@type\":\"PropertyValueSpecification\",\"valueRequired\":true,\"valueName\":\"search_term_string\"}}],\"inLanguage\":\"fr-FR\"},{\"@type\":\"Organization\",\"@id\":\"https:\\\/\\\/www.organisator.ch\\\/#organization\",\"name\":\"Organisator\",\"url\":\"https:\\\/\\\/www.organisator.ch\\\/\",\"logo\":{\"@type\":\"ImageObject\",\"inLanguage\":\"fr-FR\",\"@id\":\"https:\\\/\\\/www.organisator.ch\\\/#\\\/schema\\\/logo\\\/image\\\/\",\"url\":\"https:\\\/\\\/www.organisator.ch\\\/wp-content\\\/uploads\\\/2022\\\/01\\\/Logo_Organisator_Website.png\",\"contentUrl\":\"https:\\\/\\\/www.organisator.ch\\\/wp-content\\\/uploads\\\/2022\\\/01\\\/Logo_Organisator_Website.png\",\"width\":800,\"height\":77,\"caption\":\"Organisator\"},\"image\":{\"@id\":\"https:\\\/\\\/www.organisator.ch\\\/#\\\/schema\\\/logo\\\/image\\\/\"},\"sameAs\":[\"https:\\\/\\\/www.facebook.com\\\/OrganisatorFachmagazin\",\"https:\\\/\\\/www.linkedin.com\\\/showcase\\\/organisator-das-magazin-fr-kmu\",\"https:\\\/\\\/www.xing.com\\\/news\\\/pages\\\/organisator-ch-695\",\"https:\\\/\\\/www.youtube.com\\\/channel\\\/UCGP2Sq0iWaZwT3BdIAQFYpw\"]},{\"@type\":\"Person\",\"@id\":\"https:\\\/\\\/www.organisator.ch\\\/#\\\/schema\\\/person\\\/4e51799071cd2dd1232ac003643ef5f0\",\"name\":\"galledia\",\"image\":{\"@type\":\"ImageObject\",\"inLanguage\":\"fr-FR\",\"@id\":\"https:\\\/\\\/secure.gravatar.com\\\/avatar\\\/78a7f90c01fc2bfc875782a0d4922b37cde2cf184ce347b91316d23cd7f69a36?s=96&d=mm&r=g\",\"url\":\"https:\\\/\\\/secure.gravatar.com\\\/avatar\\\/78a7f90c01fc2bfc875782a0d4922b37cde2cf184ce347b91316d23cd7f69a36?s=96&d=mm&r=g\",\"contentUrl\":\"https:\\\/\\\/secure.gravatar.com\\\/avatar\\\/78a7f90c01fc2bfc875782a0d4922b37cde2cf184ce347b91316d23cd7f69a36?s=96&d=mm&r=g\",\"caption\":\"galledia\"},\"sameAs\":[\"https:\\\/\\\/x.com\\\/admin\"],\"url\":\"https:\\\/\\\/www.organisator.ch\\\/fr\\\/author\\\/galledia\\\/\"}]}<\/script>\n<!-- \/ Yoast SEO plugin. -->","yoast_head_json":{"title":"Les nouveaux \u00e9coliers sont encourag\u00e9s \u00e0 marcher avec une bande dessin\u00e9e et des m\u00e9dailles - Organisateur","description":"BD argovienne sur le chemin de l'\u00e9cole par l'illustrateur Globi : 20'000 enfants apprennent \u00e0 se rendre \u00e0 l'\u00e9cole en toute s\u00e9curit\u00e9. Des ordres lumineux magn\u00e9tiques en guise de r\u00e9compense.","robots":{"index":"index","follow":"follow","max-snippet":"max-snippet:-1","max-image-preview":"max-image-preview:large","max-video-preview":"max-video-preview:-1"},"canonical":"https:\/\/www.organisator.ch\/fr\/marketing\/2024-08-09\/schulanfaenger-werden-mit-comic-und-orden-fuers-zu-fuss-gehen-ermuntert\/","og_locale":"fr_FR","og_type":"article","og_title":"Schulanf\u00e4nger werden mit Comic und Orden f\u00fcrs zu Fuss gehen ermuntert - Organisator","og_description":"Aargauer Schulwegcomic von Globi-Illustrator: 20\u2019000 Kinder lernen sichere Schulwege. Magnetische Leuchtorden als Belohnung.","og_url":"https:\/\/www.organisator.ch\/fr\/marketing\/2024-08-09\/schulanfaenger-werden-mit-comic-und-orden-fuers-zu-fuss-gehen-ermuntert\/","og_site_name":"Organisator","article_publisher":"https:\/\/www.facebook.com\/OrganisatorFachmagazin","article_published_time":"2024-08-09T12:22:12+00:00","article_modified_time":"2024-11-09T07:04:39+00:00","og_image":[{"url":"https:\/\/www.markt-kom.com\/wp-content\/uploads\/2024\/08\/Schulwegcomic.jpg","type":"","width":"","height":""}],"author":"galledia","twitter_card":"summary_large_image","twitter_creator":"@admin","schema":{"@context":"https:\/\/schema.org","@graph":[{"@type":"Article","@id":"https:\/\/www.organisator.ch\/marketing\/2024-08-09\/schulanfaenger-werden-mit-comic-und-orden-fuers-zu-fuss-gehen-ermuntert\/#article","isPartOf":{"@id":"https:\/\/www.organisator.ch\/marketing\/2024-08-09\/schulanfaenger-werden-mit-comic-und-orden-fuers-zu-fuss-gehen-ermuntert\/"},"author":{"name":"galledia","@id":"https:\/\/www.organisator.ch\/#\/schema\/person\/4e51799071cd2dd1232ac003643ef5f0"},"headline":"Schulanf\u00e4nger werden mit Comic und Orden f\u00fcrs zu Fuss gehen ermuntert","datePublished":"2024-08-09T12:22:12+00:00","dateModified":"2024-11-09T07:04:39+00:00","mainEntityOfPage":{"@id":"https:\/\/www.organisator.ch\/marketing\/2024-08-09\/schulanfaenger-werden-mit-comic-und-orden-fuers-zu-fuss-gehen-ermuntert\/"},"wordCount":306,"publisher":{"@id":"https:\/\/www.organisator.ch\/#organization"},"image":{"@id":"https:\/\/www.organisator.ch\/marketing\/2024-08-09\/schulanfaenger-werden-mit-comic-und-orden-fuers-zu-fuss-gehen-ermuntert\/#primaryimage"},"thumbnailUrl":"https:\/\/www.markt-kom.com\/wp-content\/uploads\/2024\/08\/Schulwegcomic.jpg","keywords":["Kinder und Jugendliche","MarKom","Sensibilisierung"],"articleSection":["MARKETING"],"inLanguage":"fr-FR"},{"@type":"WebPage","@id":"https:\/\/www.organisator.ch\/marketing\/2024-08-09\/schulanfaenger-werden-mit-comic-und-orden-fuers-zu-fuss-gehen-ermuntert\/","url":"https:\/\/www.organisator.ch\/marketing\/2024-08-09\/schulanfaenger-werden-mit-comic-und-orden-fuers-zu-fuss-gehen-ermuntert\/","name":"Les nouveaux \u00e9coliers sont encourag\u00e9s \u00e0 marcher avec une bande dessin\u00e9e et des m\u00e9dailles - Organisateur","isPartOf":{"@id":"https:\/\/www.organisator.ch\/#website"},"primaryImageOfPage":{"@id":"https:\/\/www.organisator.ch\/marketing\/2024-08-09\/schulanfaenger-werden-mit-comic-und-orden-fuers-zu-fuss-gehen-ermuntert\/#primaryimage"},"image":{"@id":"https:\/\/www.organisator.ch\/marketing\/2024-08-09\/schulanfaenger-werden-mit-comic-und-orden-fuers-zu-fuss-gehen-ermuntert\/#primaryimage"},"thumbnailUrl":"https:\/\/www.markt-kom.com\/wp-content\/uploads\/2024\/08\/Schulwegcomic.jpg","datePublished":"2024-08-09T12:22:12+00:00","dateModified":"2024-11-09T07:04:39+00:00","description":"BD argovienne sur le chemin de l'\u00e9cole par l'illustrateur Globi : 20'000 enfants apprennent \u00e0 se rendre \u00e0 l'\u00e9cole en toute s\u00e9curit\u00e9. Des ordres lumineux magn\u00e9tiques en guise de r\u00e9compense.","breadcrumb":{"@id":"https:\/\/www.organisator.ch\/marketing\/2024-08-09\/schulanfaenger-werden-mit-comic-und-orden-fuers-zu-fuss-gehen-ermuntert\/#breadcrumb"},"inLanguage":"fr-FR","potentialAction":[{"@type":"ReadAction","target":["https:\/\/www.organisator.ch\/marketing\/2024-08-09\/schulanfaenger-werden-mit-comic-und-orden-fuers-zu-fuss-gehen-ermuntert\/"]}]},{"@type":"ImageObject","inLanguage":"fr-FR","@id":"https:\/\/www.organisator.ch\/marketing\/2024-08-09\/schulanfaenger-werden-mit-comic-und-orden-fuers-zu-fuss-gehen-ermuntert\/#primaryimage","url":"https:\/\/www.markt-kom.com\/wp-content\/uploads\/2024\/08\/Schulwegcomic.jpg","contentUrl":"https:\/\/www.markt-kom.com\/wp-content\/uploads\/2024\/08\/Schulwegcomic.jpg"},{"@type":"BreadcrumbList","@id":"https:\/\/www.organisator.ch\/marketing\/2024-08-09\/schulanfaenger-werden-mit-comic-und-orden-fuers-zu-fuss-gehen-ermuntert\/#breadcrumb","itemListElement":[{"@type":"ListItem","position":1,"name":"Home","item":"https:\/\/www.organisator.ch\/"},{"@type":"ListItem","position":2,"name":"Schulanf\u00e4nger werden mit Comic und Orden f\u00fcrs zu Fuss gehen ermuntert"}]},{"@type":"WebSite","@id":"https:\/\/www.organisator.ch\/#website","url":"https:\/\/www.organisator.ch\/","name":"Organisateur","description":"Comp\u00e9tence et comp\u00e9tence. Proches de la pratique. L'ORGANISATEUR pr\u00e9pare 10 num\u00e9ros par an sur les th\u00e8mes essentiels pour les dirigeants de PME.","publisher":{"@id":"https:\/\/www.organisator.ch\/#organization"},"potentialAction":[{"@type":"SearchAction","target":{"@type":"EntryPoint","urlTemplate":"https:\/\/www.organisator.ch\/?s={search_term_string}"},"query-input":{"@type":"PropertyValueSpecification","valueRequired":true,"valueName":"search_term_string"}}],"inLanguage":"fr-FR"},{"@type":"Organization","@id":"https:\/\/www.organisator.ch\/#organization","name":"Organisateur","url":"https:\/\/www.organisator.ch\/","logo":{"@type":"ImageObject","inLanguage":"fr-FR","@id":"https:\/\/www.organisator.ch\/#\/schema\/logo\/image\/","url":"https:\/\/www.organisator.ch\/wp-content\/uploads\/2022\/01\/Logo_Organisator_Website.png","contentUrl":"https:\/\/www.organisator.ch\/wp-content\/uploads\/2022\/01\/Logo_Organisator_Website.png","width":800,"height":77,"caption":"Organisator"},"image":{"@id":"https:\/\/www.organisator.ch\/#\/schema\/logo\/image\/"},"sameAs":["https:\/\/www.facebook.com\/OrganisatorFachmagazin","https:\/\/www.linkedin.com\/showcase\/organisator-das-magazin-fr-kmu","https:\/\/www.xing.com\/news\/pages\/organisator-ch-695","https:\/\/www.youtube.com\/channel\/UCGP2Sq0iWaZwT3BdIAQFYpw"]},{"@type":"Person","@id":"https:\/\/www.organisator.ch\/#\/schema\/person\/4e51799071cd2dd1232ac003643ef5f0","name":"galledia","image":{"@type":"ImageObject","inLanguage":"fr-FR","@id":"https:\/\/secure.gravatar.com\/avatar\/78a7f90c01fc2bfc875782a0d4922b37cde2cf184ce347b91316d23cd7f69a36?s=96&d=mm&r=g","url":"https:\/\/secure.gravatar.com\/avatar\/78a7f90c01fc2bfc875782a0d4922b37cde2cf184ce347b91316d23cd7f69a36?s=96&d=mm&r=g","contentUrl":"https:\/\/secure.gravatar.com\/avatar\/78a7f90c01fc2bfc875782a0d4922b37cde2cf184ce347b91316d23cd7f69a36?s=96&d=mm&r=g","caption":"galledia"},"sameAs":["https:\/\/x.com\/admin"],"url":"https:\/\/www.organisator.ch\/fr\/author\/galledia\/"}]}},"_links":{"self":[{"href":"https:\/\/www.organisator.ch\/fr\/wp-json\/wp\/v2\/posts\/28735","targetHints":{"allow":["GET"]}}],"collection":[{"href":"https:\/\/www.organisator.ch\/fr\/wp-json\/wp\/v2\/posts"}],"about":[{"href":"https:\/\/www.organisator.ch\/fr\/wp-json\/wp\/v2\/types\/post"}],"author":[{"embeddable":true,"href":"https:\/\/www.organisator.ch\/fr\/wp-json\/wp\/v2\/users\/8"}],"replies":[{"embeddable":true,"href":"https:\/\/www.organisator.ch\/fr\/wp-json\/wp\/v2\/comments?post=28735"}],"version-history":[{"count":7,"href":"https:\/\/www.organisator.ch\/fr\/wp-json\/wp\/v2\/posts\/28735\/revisions"}],"predecessor-version":[{"id":32073,"href":"https:\/\/www.organisator.ch\/fr\/wp-json\/wp\/v2\/posts\/28735\/revisions\/32073"}],"wp:attachment":[{"href":"https:\/\/www.organisator.ch\/fr\/wp-json\/wp\/v2\/media?parent=28735"}],"wp:term":[{"taxonomy":"category","embeddable":true,"href":"https:\/\/www.organisator.ch\/fr\/wp-json\/wp\/v2\/categories?post=28735"},{"taxonomy":"post_tag","embeddable":true,"href":"https:\/\/www.organisator.ch\/fr\/wp-json\/wp\/v2\/tags?post=28735"}],"curies":[{"name":"wp","href":"https:\/\/api.w.org\/{rel}","templated":true}]}}